{"id":70432,"date":"2025-06-25T15:52:59","date_gmt":"2025-06-25T15:52:59","guid":{"rendered":"https:\/\/blog.primor.eu\/?p=70432"},"modified":"2026-04-24T09:56:10","modified_gmt":"2026-04-24T09:56:10","slug":"pasos-disenas-tus-cejas-paso-a-paso","status":"publish","type":"post","link":"https:\/\/www.primor.eu\/blog\/pasos-disenas-tus-cejas-paso-a-paso\/","title":{"rendered":"Dise\u00f1o de cejas: paso a paso con los mejores consejos de experto"},"content":{"rendered":"\n<p>Dise\u00f1ar y <strong><a href=\"https:\/\/www.primor.eu\/blog\/paso-a-paso-maquillar-cejas\/\" data-type=\"link\" data-id=\"https:\/\/www.primor.eu\/blog\/paso-a-paso-maquillar-cejas\/\">perfilar nuestras cejas <\/a><\/strong>puede marcar una gran diferencia en la apariencia de nuestro rostro, <strong>enmarcando nuestros ojos<\/strong> y resaltando nuestra belleza natural. Hoy te guiaremos paso a paso sobre c\u00f3mo <strong>dise\u00f1ar y perfilar tus <a href=\"https:\/\/www.primor.eu\/es_es\/productos-para-cejas-lujo\" data-type=\"link\" data-id=\"https:\/\/www.primor.eu\/es_es\/productos-para-cejas-lujo\">cejas<\/a><\/strong> para lograr el look perfecto.<\/p>\n\n\n\n<h2 class=\"wp-block-heading\">Paso a paso para definir tus cejas<\/h2>\n\n\n\n<p><strong>Paso 1<\/strong>: Determina la forma adecuada para tus cejas. Observa la forma natural de tus cejas y determina qu\u00e9 \u00e1reas necesitan ser llenadas o corregidas. Utiliza un l\u00e1piz o un pincel fino para medir el punto de inicio, el arco y el final de tus cejas. Esto te ayudar\u00e1 a lograr <strong>una apariencia equilibrada<\/strong> y armoniosa.<\/p>\n\n\n\n<p><strong>Paso 2<\/strong>: Elimina los <strong>vellos no deseados<\/strong>. Depila los vellos sueltos y aquellos que se encuentran fuera de la forma deseada. Puedes hacerlo utilizando pinzas o cera caliente. Si eres principiante, es recomendable acudir a un profesional para asegurarte de obtener la forma correcta.<\/p>\n\n\n\n<p><strong>Paso 3<\/strong>: <strong>Rellena las cejas<\/strong>. Utiliza un l\u00e1piz, un polvo o un gel para rellenar las \u00e1reas con menos densidad o donde quieras definir m\u00e1s tus cejas. Elige un tono similar al color de tus cejas naturales para obtener un aspecto m\u00e1s natural. Aplica el producto con trazos suaves y ligeros, rellenando los espacios vac\u00edos. Si tus cejas son muy claras, puedes optar por un tono ligeramente m\u00e1s oscuro para resaltarlas.<\/p>\n\n\n\n<p><strong>Paso 4<\/strong>: Define el arco. Para lograr un aspecto m\u00e1s definido, utiliza un l\u00e1piz o una sombra de cejas un tono m\u00e1s oscuro que el color natural de tus cejas para crear un arco m\u00e1s pronunciado. Dibuja l\u00edneas suaves y ascendentes en el \u00e1rea del arco y difumina el producto con un cepillo de cejas para obtener un aspecto m\u00e1s suave y natural.<\/p>\n\n\n\n<p><strong>Paso 5<\/strong>: <strong>Fija tus cejas<\/strong>. Utiliza un gel transparente o un r\u00edmel de cejas para fijar y mantener tus cejas en su lugar durante todo el d\u00eda. Peina las cejas en la direcci\u00f3n deseada para lograr un aspecto pulido y definido.<\/p>\n\n\n\n<p><strong>Paso 6<\/strong>: Retoca seg\u00fan sea necesario. A medida que tus cejas crecen, es importante mantener su forma y limpiar los vellos rebeldes. <strong>Retoca tus cejas <\/strong>cada dos o tres semanas para mantenerlas en su mejor forma.<\/p>\n\n\n\n<h2 class=\"wp-block-heading\">Los mejores productos para definir tus cejas<\/h2>\n\n\n        <product-table class=\"pr-slider\">\r\n            <product-headers class=\"grid-table-rows\">\r\n                <div>Foto<\/div>\r\n                <div>Producto<\/div>\r\n                <div>Marca<\/div>\r\n                <div>Valoraciones<\/div>\r\n                <div>Precio<\/div>\r\n            <\/product-headers>\r\n\r\n            <product-list>\r\n                                    <a href=\"https:\/\/www.primor.eu\/es_es\/beter-pinza-de-cejas-recta-20325.html\" class=\"product-item grid-table-rows\" target=\"_blank\">\r\n                        <div>\r\n                            <img decoding=\"async\" class=\"product-img\" width=\"80px\" height=\"80px\" src=\"https:\/\/cdn2.primor.eu\/media\/catalog\/product\/cache\/8d3aba296f7a18b5251ee30fa5db42b2\/6\/V\/6VA00159_1_96e8.jpg\" alt=\"Pinza de Cejas Recta\">\r\n                        <\/div>\r\n\r\n                        <!-- Contenido de producto  -->\r\n                        <div>\r\n                            <div class=\"product-position\">\r\n                                #1 Top Ventas                            <\/div>\r\n\r\n                            <h2>\r\n                                Pinza de Cejas Recta                            <\/h2>\r\n                        <\/div>\r\n\r\n                        <!-- Imagen y\/o nombre de la marca -->\r\n                        <div>\r\n                                                            <img decoding=\"async\" width=\"70\" src=\"https:\/\/www.primor.eu\/media\/catalog\/category\/BETER.jpg\" alt=\"\">\r\n                                                    <\/div>\r\n\r\n                        <!-- Puntuaci\u00f3n del producto  -->\r\n                        <div class=\"rating\">\r\n                                                            <div class=\"rate\" style=\"--p:92;\"><\/div>\r\n                                <b>4.6\/5<\/b>\r\n                                <div class=\"rate-stars\">\r\n                                                                            <div\r\n                                            class=\"rate-star  \">\r\n                                        <\/div>\r\n                                                                            <div\r\n                                            class=\"rate-star  \">\r\n                                        <\/div>\r\n                                                                            <div\r\n                                            class=\"rate-star  \">\r\n                                        <\/div>\r\n                                                                            <div\r\n                                            class=\"rate-star  \">\r\n                                        <\/div>\r\n                                                                            <div\r\n                                            class=\"rate-star  \">\r\n                                        <\/div>\r\n                                                                    <\/div>\r\n                                                    <\/div>\r\n\r\n                        <!-- Bot\u00f3n de producto  -->\r\n                        <div>\r\n                            <span class=\"price-claim\">\r\n                                VER PRECIO                            <\/span>\r\n                        <\/div>\r\n                    <\/a>\r\n                                    <a href=\"https:\/\/www.primor.eu\/es_es\/wibo-brow-lapiz-perfilador-de-cejas-109926.html?#803=47155\" class=\"product-item grid-table-rows\" target=\"_blank\">\r\n                        <div>\r\n                            <img decoding=\"async\" class=\"product-img\" width=\"80px\" height=\"80px\" src=\"https:\/\/cdn2.primor.eu\/media\/catalog\/product\/cache\/8d3aba296f7a18b5251ee30fa5db42b2\/O\/C\/OC743N1_5905309904170_f386.png\" alt=\"Brow Lapiz Perfilador de Cejas\">\r\n                        <\/div>\r\n\r\n                        <!-- Contenido de producto  -->\r\n                        <div>\r\n                            <div class=\"product-position\">\r\n                                #2                            <\/div>\r\n\r\n                            <h2>\r\n                                Brow Lapiz Perfilador de Cejas                            <\/h2>\r\n                        <\/div>\r\n\r\n                        <!-- Imagen y\/o nombre de la marca -->\r\n                        <div>\r\n                                                            <img decoding=\"async\" width=\"70\" src=\"https:\/\/www.primor.eu\/media\/catalog\/category\/Wibo.jpg\" alt=\"Wibo\">\r\n                                                    <\/div>\r\n\r\n                        <!-- Puntuaci\u00f3n del producto  -->\r\n                        <div class=\"rating\">\r\n                                                            <p>No hay valoraciones disponibles<\/p>\r\n                                                    <\/div>\r\n\r\n                        <!-- Bot\u00f3n de producto  -->\r\n                        <div>\r\n                            <span class=\"price-claim\">\r\n                                VER PRECIO                            <\/span>\r\n                        <\/div>\r\n                    <\/a>\r\n                                    <a href=\"https:\/\/www.primor.eu\/es_es\/revlon-colorstay-brow-creator-perfilador-de-cejas-109408.html?#803=52347\" class=\"product-item grid-table-rows\" target=\"_blank\">\r\n                        <div>\r\n                            <img decoding=\"async\" class=\"product-img\" width=\"80px\" height=\"80px\" src=\"https:\/\/cdn2.primor.eu\/media\/catalog\/product\/cache\/8d3aba296f7a18b5251ee30fa5db42b2\/0\/M\/0MO19117_1_b82b.jpg\" alt=\"Colorstay Brow Creator Perfilador de Cejas\">\r\n                        <\/div>\r\n\r\n                        <!-- Contenido de producto  -->\r\n                        <div>\r\n                            <div class=\"product-position\">\r\n                                #3                            <\/div>\r\n\r\n                            <h2>\r\n                                Colorstay Brow Creator Perfilador de Cejas                            <\/h2>\r\n                        <\/div>\r\n\r\n                        <!-- Imagen y\/o nombre de la marca -->\r\n                        <div>\r\n                                                            <img decoding=\"async\" width=\"70\" src=\"https:\/\/www.primor.eu\/media\/catalog\/category\/403.jpg\" alt=\"Revlon\">\r\n                                                    <\/div>\r\n\r\n                        <!-- Puntuaci\u00f3n del producto  -->\r\n                        <div class=\"rating\">\r\n                                                            <p>No hay valoraciones disponibles<\/p>\r\n                                                    <\/div>\r\n\r\n                        <!-- Bot\u00f3n de producto  -->\r\n                        <div>\r\n                            <span class=\"price-claim\">\r\n                                VER PRECIO                            <\/span>\r\n                        <\/div>\r\n                    <\/a>\r\n                                    <a href=\"https:\/\/www.primor.eu\/es_es\/uklash-serum-para-cejas-142168.html\" class=\"product-item grid-table-rows\" target=\"_blank\">\r\n                        <div>\r\n                            <img decoding=\"async\" class=\"product-img\" width=\"80px\" height=\"80px\" src=\"https:\/\/cdn2.primor.eu\/media\/catalog\/product\/cache\/8d3aba296f7a18b5251ee30fa5db42b2\/M\/O\/MO_PDP_Asset_OGBrowSerum_CGI_9a22.png\" alt=\"S\u00e9rum para Cejas\">\r\n                        <\/div>\r\n\r\n                        <!-- Contenido de producto  -->\r\n                        <div>\r\n                            <div class=\"product-position\">\r\n                                #4                            <\/div>\r\n\r\n                            <h2>\r\n                                S\u00e9rum para Cejas                            <\/h2>\r\n                        <\/div>\r\n\r\n                        <!-- Imagen y\/o nombre de la marca -->\r\n                        <div>\r\n                                                            <p class=\"brand-name\"><b><\/b><\/p>\r\n                                                    <\/div>\r\n\r\n                        <!-- Puntuaci\u00f3n del producto  -->\r\n                        <div class=\"rating\">\r\n                                                            <p>No hay valoraciones disponibles<\/p>\r\n                                                    <\/div>\r\n\r\n                        <!-- Bot\u00f3n de producto  -->\r\n                        <div>\r\n                            <span class=\"price-claim\">\r\n                                VER PRECIO                            <\/span>\r\n                        <\/div>\r\n                    <\/a>\r\n                                    <a href=\"https:\/\/www.primor.eu\/es_es\/sisley-disenador-de-cejas-phyto-sourcils-design-109317.html?#803=57578\" class=\"product-item grid-table-rows\" target=\"_blank\">\r\n                        <div>\r\n                            <img decoding=\"async\" class=\"product-img\" width=\"80px\" height=\"80px\" src=\"https:\/\/cdn2.primor.eu\/media\/catalog\/product\/cache\/8d3aba296f7a18b5251ee30fa5db42b2\/0\/M\/0MO20382_1_8c5b.jpg\" alt=\"Dise\u00f1ador de Cejas Phyto-Sourcils Design\">\r\n                        <\/div>\r\n\r\n                        <!-- Contenido de producto  -->\r\n                        <div>\r\n                            <div class=\"product-position\">\r\n                                #5                            <\/div>\r\n\r\n                            <h2>\r\n                                Dise\u00f1ador de Cejas Phyto-Sourcils Design                            <\/h2>\r\n                        <\/div>\r\n\r\n                        <!-- Imagen y\/o nombre de la marca -->\r\n                        <div>\r\n                                                            <img decoding=\"async\" width=\"70\" src=\"https:\/\/www.primor.eu\/media\/catalog\/category\/sisley.png\" alt=\"Sisley\">\r\n                                                    <\/div>\r\n\r\n                        <!-- Puntuaci\u00f3n del producto  -->\r\n                        <div class=\"rating\">\r\n                                                            <div class=\"rate\" style=\"--p:100;\"><\/div>\r\n                                <b>5\/5<\/b>\r\n                                <div class=\"rate-stars\">\r\n                                                                            <div\r\n                                            class=\"rate-star  \">\r\n                                        <\/div>\r\n                                                                            <div\r\n                                            class=\"rate-star  \">\r\n                                        <\/div>\r\n                                                                            <div\r\n                                            class=\"rate-star  \">\r\n                                        <\/div>\r\n                                                                            <div\r\n                                            class=\"rate-star  \">\r\n                                        <\/div>\r\n                                                                            <div\r\n                                            class=\"rate-star  \">\r\n                                        <\/div>\r\n                                                                    <\/div>\r\n                                                    <\/div>\r\n\r\n                        <!-- Bot\u00f3n de producto  -->\r\n                        <div>\r\n                            <span class=\"price-claim\">\r\n                                VER PRECIO                            <\/span>\r\n                        <\/div>\r\n                    <\/a>\r\n                            <\/product-list>\r\n        <\/product-table>\r\n\r\n        \n\n\n\n<h3 class=\"wp-block-heading\">Pinza de Cejas Recta de Beter<\/h3>\n\n\n\n<p>Esta pinza de cejas es \u00fanica e inimitable en su estilo. Gracias a su punta recta, ofrece una sujeci\u00f3n f\u00e1cil y firme del pelo a retirar, lo que la convierte en una aliada indispensable para tu rutina de cuidado personal.<\/p>\n\n\n    <a class='product' target='_blank' href='https:\/\/www.primor.eu\/es_es\/beter-pinza-de-cejas-recta-20325.html'>\r\n        <img loading='async' src='https:\/\/cdn2.primor.eu\/media\/catalog\/product\/cache\/8d3aba296f7a18b5251ee30fa5db42b2\/6\/V\/6VA00159_1_96e8.jpg' alt='COMPRAR AHORA'>\r\n            <div class=\"claim\">\r\n                COMPRAR AHORA            <\/div>\r\n        <\/a>\r\n    \n\n\n<h3 class=\"wp-block-heading\">Brow L\u00e1piz Perfilador de Cejas de Wibo<\/h3>\n\n\n\n<p>Delineador de cejas con peine que garantiza la precisi\u00f3n. Perfecto para modelar y rellenar las cejas. La consistencia del perfilador de cejas garantiza una aplicaci\u00f3n c\u00f3moda para proporcionarles el color adecuado. El peine incluido da el toque perfecto al acabado de tus cejas.<\/p>\n\n\n    <a class='product' target='_blank' href='https:\/\/www.primor.eu\/es_es\/wibo-brow-lapiz-perfilador-de-cejas-109926.html?#803=47155'>\r\n        <img loading='async' src='https:\/\/cdn2.primor.eu\/media\/catalog\/product\/cache\/8d3aba296f7a18b5251ee30fa5db42b2\/O\/C\/OC743N1_5905309904170_f386.png' alt='COMPRAR AHORA'>\r\n            <div class=\"claim\">\r\n                COMPRAR AHORA            <\/div>\r\n        <\/a>\r\n    \n\n\n<h3 class=\"wp-block-heading\">Colorstay Brow Creator Perfilador de Cejas de Revlon<\/h3>\n\n\n\n<p>El l\u00e1piz de cejas Colorstay Brow Creator Perfilador de Cejas, ultra preciso se desliza sin esfuerzo, mezcl\u00e1ndose con tu color natural de cejas, a la vez que agrega definici\u00f3n detallada y rellena \u00e1reas dispersas. El polvo aterciopelado y suave forma las cejas. El cepillo, experto en moldeo, combina, forma, prepara y difunde el color. Ayuda a personalizar el aspecto de tus cejas de natural a audaz.<\/p>\n\n\n    <a class='product' target='_blank' href='https:\/\/www.primor.eu\/es_es\/revlon-colorstay-brow-creator-perfilador-de-cejas-109408.html?#803=52347'>\r\n        <img loading='async' src='https:\/\/cdn2.primor.eu\/media\/catalog\/product\/cache\/8d3aba296f7a18b5251ee30fa5db42b2\/0\/M\/0MO19117_1_b82b.jpg' alt='COMPRAR AHORA'>\r\n            <div class=\"claim\">\r\n                COMPRAR AHORA            <\/div>\r\n        <\/a>\r\n    \n\n\n<h3 class=\"wp-block-heading\">S\u00e9rum para Cejas de Uklash<\/h3>\n\n\n\n<p>Es una f\u00f3rmula cl\u00ednicamente probada que proporciona unas cejas visiblemente m\u00e1s densas y saludables en 6 semanas<em>. Testado y aprobado dermatol\u00f3gica y oftalmol\u00f3gicamente. Formulado con vitamina B5, extracto de t\u00e9 verde y miristoil pentap\u00e9ptido-17. De UKLASH, la marca n.\u00ba 1 en s\u00e9rums para pesta\u00f1as<\/em>*.<\/p>\n\n\n\n<p>El s\u00e9rum para cejas UKLASH ha sido sometido a pruebas de seguridad y eficacia. En un estudio realizado con consumidores durante 6 semanas:<\/p>\n\n\n    <a class='product' target='_blank' href='https:\/\/www.primor.eu\/es_es\/uklash-serum-para-cejas-142168.html'>\r\n        <img loading='async' src='https:\/\/cdn2.primor.eu\/media\/catalog\/product\/cache\/8d3aba296f7a18b5251ee30fa5db42b2\/M\/O\/MO_PDP_Asset_OGBrowSerum_CGI_9a22.png' alt='COMPRAR AHORA'>\r\n            <div class=\"claim\">\r\n                COMPRAR AHORA            <\/div>\r\n        <\/a>\r\n    \n\n\n<h3 class=\"wp-block-heading\">Dise\u00f1ador de Cejas Phyto-Sourcils Design de Sisley<\/h3>\n\n\n\n<p>Descubre el l\u00e1piz de cejas 3 en 1,&nbsp;<strong>Phyto-Sourcils Design<\/strong>&nbsp;de&nbsp;<strong>SISLEY<\/strong>, que garantiza color, tratamiento y precisi\u00f3n para lograr un maquillaje profesional en tres sencillos pasos.<\/p>\n\n\n\n<p>Este l\u00e1piz multifuncional es esencial para dar forma y definir tus cejas de manera f\u00e1cil y precisa.<\/p>\n\n\n\n<p>Los tres pasos de&nbsp;<strong>Phyto-Sourcils Design<\/strong>&nbsp;son los siguientes:<\/p>\n\n\n\n<p>1.&nbsp;<strong>Cepillo disciplinante:<\/strong>&nbsp;Peina las cejas y difumina el maquillaje.<\/p>\n\n\n\n<p>2.&nbsp;<strong>Mina triangular:<\/strong>&nbsp;Dibuja, rellena y redefine la l\u00ednea de las cejas.<\/p>\n\n\n\n<p>3.&nbsp;<strong>Iluminador:<\/strong>&nbsp;Realza el resplandor de la mirada.<\/p>\n\n\n\n<p>La textura colada de la mina es suave y empolvada, logrando una l\u00ednea con un acabado mate y seco que no se acartona.<\/p>\n\n\n\n<p>Con cada aplicaci\u00f3n, las cejas se vuelven m\u00e1s flexibles y suaves. La esponja impregnada de polvo iluminador proporciona la dosis justa debajo del arco ciliar, iluminando la mirada.<\/p>\n\n\n    <a class='product' target='_blank' href='https:\/\/www.primor.eu\/es_es\/sisley-disenador-de-cejas-phyto-sourcils-design-109317.html?#803=57578'>\r\n        <img loading='async' src='https:\/\/cdn2.primor.eu\/media\/catalog\/product\/cache\/8d3aba296f7a18b5251ee30fa5db42b2\/0\/M\/0MO20382_1_8c5b.jpg' alt='COMPRAR AHORA'>\r\n            <div class=\"claim\">\r\n                COMPRAR AHORA            <\/div>\r\n        <\/a>\r\n    \n\n<div class=\"kk-star-ratings kksr-auto kksr-align-center kksr-valign-bottom\"\n    data-payload='{&quot;align&quot;:&quot;center&quot;,&quot;id&quot;:&quot;70432&quot;,&quot;slug&quot;:&quot;default&quot;,&quot;valign&quot;:&quot;bottom&quot;,&quot;ignore&quot;:&quot;&quot;,&quot;reference&quot;:&quot;auto&quot;,&quot;class&quot;:&quot;&quot;,&quot;count&quot;:&quot;1&quot;,&quot;legendonly&quot;:&quot;&quot;,&quot;readonly&quot;:&quot;&quot;,&quot;score&quot;:&quot;5&quot;,&quot;starsonly&quot;:&quot;&quot;,&quot;best&quot;:&quot;5&quot;,&quot;gap&quot;:&quot;5&quot;,&quot;greet&quot;:&quot;Valora este art\u00edculo&quot;,&quot;legend&quot;:&quot;5\\\/5 - (1 voto)&quot;,&quot;size&quot;:&quot;24&quot;,&quot;title&quot;:&quot;Dise\u00f1o de cejas: paso a paso con los mejores consejos de experto&quot;,&quot;width&quot;:&quot;142.5&quot;,&quot;_legend&quot;:&quot;{score}\\\/{best} - ({count} {votes})&quot;,&quot;font_factor&quot;:&quot;1.25&quot;}'>\n            \n<div class=\"kksr-stars\">\n    \n<div class=\"kksr-stars-inactive\">\n            <div class=\"kksr-star\" data-star=\"1\" style=\"padding-right: 5px\">\n            \n\n<div class=\"kksr-icon\" style=\"width: 24px; height: 24px;\"><\/div>\n        <\/div>\n            <div class=\"kksr-star\" data-star=\"2\" style=\"padding-right: 5px\">\n            \n\n<div class=\"kksr-icon\" style=\"width: 24px; height: 24px;\"><\/div>\n        <\/div>\n            <div class=\"kksr-star\" data-star=\"3\" style=\"padding-right: 5px\">\n            \n\n<div class=\"kksr-icon\" style=\"width: 24px; height: 24px;\"><\/div>\n        <\/div>\n            <div class=\"kksr-star\" data-star=\"4\" style=\"padding-right: 5px\">\n            \n\n<div class=\"kksr-icon\" style=\"width: 24px; height: 24px;\"><\/div>\n        <\/div>\n            <div class=\"kksr-star\" data-star=\"5\" style=\"padding-right: 5px\">\n            \n\n<div class=\"kksr-icon\" style=\"width: 24px; height: 24px;\"><\/div>\n        <\/div>\n    <\/div>\n    \n<div class=\"kksr-stars-active\" style=\"width: 142.5px;\">\n            <div class=\"kksr-star\" style=\"padding-right: 5px\">\n            \n\n<div class=\"kksr-icon\" style=\"width: 24px; height: 24px;\"><\/div>\n        <\/div>\n            <div class=\"kksr-star\" style=\"padding-right: 5px\">\n            \n\n<div class=\"kksr-icon\" style=\"width: 24px; height: 24px;\"><\/div>\n        <\/div>\n            <div class=\"kksr-star\" style=\"padding-right: 5px\">\n            \n\n<div class=\"kksr-icon\" style=\"width: 24px; height: 24px;\"><\/div>\n        <\/div>\n            <div class=\"kksr-star\" style=\"padding-right: 5px\">\n            \n\n<div class=\"kksr-icon\" style=\"width: 24px; height: 24px;\"><\/div>\n        <\/div>\n            <div class=\"kksr-star\" style=\"padding-right: 5px\">\n            \n\n<div class=\"kksr-icon\" style=\"width: 24px; height: 24px;\"><\/div>\n        <\/div>\n    <\/div>\n<\/div>\n                \n\n<div class=\"kksr-legend\" style=\"font-size: 19.2px;\">\n            5\/5 - (1 voto)    <\/div>\n    <\/div>\n","protected":false},"excerpt":{"rendered":"<p>Dise\u00f1ar y perfilar nuestras cejas puede marcar una gran diferencia en la apariencia de nuestro rostro, enmarcando nuestros ojos y resaltando nuestra belleza natural. Hoy te guiaremos paso a paso sobre c\u00f3mo dise\u00f1ar y perfilar tus cejas para lograr el look perfecto. Paso a paso para definir tus cejas Paso 1: Determina la forma adecuada [&hellip;]<\/p>\n","protected":false},"author":14,"featured_media":107059,"comment_status":"open","ping_status":"open","sticky":false,"template":"","format":"standard","meta":{"jnews-multi-image_gallery":[],"jnews_single_post":{"subtitle":"","format":"standard","video":"","gallery":"","source_name":"","source_url":"","via_name":"","via_url":"","override_template":"0","override":[{"template":"1","single_blog_custom":"","parallax":"1","fullscreen":"1","layout":"right-sidebar","sidebar":"home-2","second_sidebar":"default-sidebar","sticky_sidebar":"0","share_position":"float","share_float_style":"share-monocrhome","show_share_counter":"1","show_view_counter":"1","show_featured":"1","show_post_meta":"1","show_post_author":"0","show_post_author_image":"1","show_post_date":"1","post_date_format":"default","post_date_format_custom":"Y\/m\/d","show_post_category":"1","show_post_reading_time":"0","post_reading_time_wpm":"300","show_zoom_button":"0","zoom_button_out_step":"2","zoom_button_in_step":"3","show_post_tag":"0","show_prev_next_post":"1","show_popup_post":"1","number_popup_post":"2","show_author_box":"0","show_post_related":"0","show_inline_post_related":"0"}],"override_image_size":"0","image_override":[{"single_post_thumbnail_size":"crop-500","single_post_gallery_size":"crop-500"}],"trending_post":"0","trending_post_position":"meta","trending_post_label":"Trending","sponsored_post":"0","sponsored_post_label":"Sponsored by","sponsored_post_name":"","sponsored_post_url":"","sponsored_post_logo_enable":"0","sponsored_post_logo":"","sponsored_post_desc":"","disable_ad":"0"},"jnews_primary_category":{"id":"","hide":""},"jnews_social_meta":{"fb_title":"","fb_description":"","fb_image":"","twitter_title":"","twitter_description":"","twitter_image":""},"jnews_override_counter":{"override_view_counter":"0","view_counter_number":"0","override_share_counter":"0","share_counter_number":"0","override_like_counter":"0","like_counter_number":"0","override_dislike_counter":"0","dislike_counter_number":"0"},"footnotes":""},"categories":[41],"tags":[],"class_list":["post-70432","post","type-post","status-publish","format-standard","has-post-thumbnail","hentry","category-maquillaje"],"_links":{"self":[{"href":"https:\/\/www.primor.eu\/blog\/wp-json\/wp\/v2\/posts\/70432","targetHints":{"allow":["GET"]}}],"collection":[{"href":"https:\/\/www.primor.eu\/blog\/wp-json\/wp\/v2\/posts"}],"about":[{"href":"https:\/\/www.primor.eu\/blog\/wp-json\/wp\/v2\/types\/post"}],"author":[{"embeddable":true,"href":"https:\/\/www.primor.eu\/blog\/wp-json\/wp\/v2\/users\/14"}],"replies":[{"embeddable":true,"href":"https:\/\/www.primor.eu\/blog\/wp-json\/wp\/v2\/comments?post=70432"}],"version-history":[{"count":6,"href":"https:\/\/www.primor.eu\/blog\/wp-json\/wp\/v2\/posts\/70432\/revisions"}],"predecessor-version":[{"id":141758,"href":"https:\/\/www.primor.eu\/blog\/wp-json\/wp\/v2\/posts\/70432\/revisions\/141758"}],"wp:featuredmedia":[{"embeddable":true,"href":"https:\/\/www.primor.eu\/blog\/wp-json\/wp\/v2\/media\/107059"}],"wp:attachment":[{"href":"https:\/\/www.primor.eu\/blog\/wp-json\/wp\/v2\/media?parent=70432"}],"wp:term":[{"taxonomy":"category","embeddable":true,"href":"https:\/\/www.primor.eu\/blog\/wp-json\/wp\/v2\/categories?post=70432"},{"taxonomy":"post_tag","embeddable":true,"href":"https:\/\/www.primor.eu\/blog\/wp-json\/wp\/v2\/tags?post=70432"}],"curies":[{"name":"wp","href":"https:\/\/api.w.org\/{rel}","templated":true}]}}