{"id":66794,"date":"2023-05-20T09:00:00","date_gmt":"2023-06-08T15:27:53","guid":{"rendered":"https:\/\/blog.primor.eu\/?p=32134"},"modified":"2026-07-17T15:06:20","modified_gmt":"2026-07-17T15:06:20","slug":"corte-pelo-bob","status":"publish","type":"post","link":"https:\/\/www.primor.eu\/blog\/corte-pelo-bob\/","title":{"rendered":"Dime qu\u00e9 corte bob quieres y te dir\u00e9 que producto necesitas"},"content":{"rendered":"\n<p class=\"wp-block-paragraph\">Emma Roberts, Dua Lipa, Hailey Bieber, Irina Shayk, Emma Stone, Gigi Hadid, Jennifer L\u00f3pez, Rita Ora y un largu\u00edsimo etc\u00e9tera son algunas de las <em>celebrities<\/em> que han ca\u00eddo rendidas antes uno de los <a href=\"https:\/\/www.primor.eu\/blog\/bixie\/\">cortes de pelo<\/a> del momento: el<strong> corte de pelo bob.<\/strong> Tiene como precursora a Victoria Beckham, quien se hizo abanderada de una primera versi\u00f3n de este corte de pelo bob. Sin embargo, su reinado comenz\u00f3 en 2018, cuando se puso de moda tanto en famosos como en la poblaci\u00f3n general. Desde entonces, el corte bob,&nbsp;se ha convertido en uno de los cortes de pelo <strong>m\u00e1s populares<\/strong> debido a <strong>su versatilidad <\/strong>y la facilidad para poder personalizarlo.<\/p>\n\n\n\n<p class=\"wp-block-paragraph\">\u00bfLa clave de su \u00e9xito? Es perfecto para <strong>todo tipo de rostros <\/strong>y para casi cualquier tipo de pelo. Adem\u00e1s, es muy f\u00e1cil de versionar y adaptar, por lo que <strong>reinventarlo y adecuarlo <\/strong>a las necesidades de cada persona es tremendamente sencillo.<\/p>\n\n\n\n<h2 class=\"wp-block-heading\">\u00bfC\u00f3mo es el corte de pelo bob?<\/h2>\n\n\n\n<p class=\"wp-block-paragraph\">El corte de pelo bob reinventa la <strong>melenita francesa<\/strong>, con un largo variable que puede ir desde debajo de la oreja hasta por encima de los hombres. Esa es la clave: siempre por encima de los hombros. Como decimos, en funci\u00f3n del tipo de bob se dar\u00e1 un largo u otro: desde el mini bob al long bob Se trata de <strong>un corte recto<\/strong>, sin capas. Aunque se puede cortar desfilado para aportar m\u00e1s movimiento y textura al cabello.<\/p>\n\n\n\n<h2 class=\"wp-block-heading\">Puntos a favor del corte bob<\/h2>\n\n\n\n<p class=\"wp-block-paragraph\">Son muchos, y por eso se ha puesto tan de moda:<\/p>\n\n\n\n<ul class=\"wp-block-list\">\n<li>Favorece a todo tipo de cabellos<\/li>\n\n\n\n<li>Compatible con cualquier forma de cara<\/li>\n\n\n\n<li>Da cuerpo al cabello fino<\/li>\n\n\n\n<li>Moldea las melenas abundantes<\/li>\n\n\n\n<li>Puede versionarse en cabello rizado<\/li>\n\n\n\n<li>Es muy vers\u00e1til y personalizable<\/li>\n\n\n\n<li>Puede llevarse con y sin flequillo<\/li>\n\n\n\n<li>De un mismo corte de pelo, surgen distintos peinados<\/li>\n<\/ul>\n\n\n\n<p class=\"wp-block-paragraph\">Y este \u00faltimo punto es, sin duda, uno de sus mayores ventajas.<\/p>\n\n\n\n<h2 class=\"wp-block-heading\">Un mismo corte: muchos peinados<\/h2>\n\n\n\n<p class=\"wp-block-paragraph\">Una de las principales ventajas de este corte de pelo es que se pueden crear muchos peinados de distintos estilos teniendo como base un mismo corte de pelo. Para ello, solo se necesitan los productos adecuados para crear uno u otro estilo. Dime qu\u00e9 corte bob quieres y te dir\u00e9 que producto necesitas:<\/p>\n\n\n\n<h2 class=\"wp-block-heading\">Los mejores productos para tu corte de pelo bob<\/h2>\n\n\n        <product-table class=\"pr-slider\">\r\n            <product-headers class=\"grid-table-rows\">\r\n                <div>Foto<\/div>\r\n                <div>Producto<\/div>\r\n                <div>Marca<\/div>\r\n                <div>Valoraciones<\/div>\r\n                <div>Precio<\/div>\r\n            <\/product-headers>\r\n\r\n            <product-list>\r\n                                    <a href=\"https:\/\/www.primor.eu\/es_es\/rene-furterer-sublime-karite-crema-de-peinado-profesional-alisadora-116498.html\" class=\"product-item grid-table-rows\" target=\"_blank\">\r\n                        <div>\r\n                            <img decoding=\"async\" class=\"product-img\" width=\"80px\" height=\"80px\" src=\"https:\/\/cdn2.primor.eu\/media\/catalog\/product\/cache\/8d3aba296f7a18b5251ee30fa5db42b2\/3\/2\/3282770391749_RENE_FURTERER_KARITE_SUBLIME_CREMA_PROF.NUTRI_ALISANTE_100ML_1502.png\" alt=\"Sublime Karit\u00e9 Crema de Peinado Profesional Alisadora\">\r\n                        <\/div>\r\n\r\n                        <!-- Contenido de producto  -->\r\n                        <div>\r\n                            <div class=\"product-position\">\r\n                                #1 Top Ventas                            <\/div>\r\n\r\n                            <h2>\r\n                                Sublime Karit\u00e9 Crema de Peinado Profesional Alisadora                            <\/h2>\r\n                        <\/div>\r\n\r\n                        <!-- Imagen y\/o nombre de la marca -->\r\n                        <div class=\"brand-image-name\">\r\n                                                            <img decoding=\"async\" class=\"brand-image\" src=\"https:\/\/www.primor.eu\/media\/catalog\/category\/rf_logo_green_web_24.png\" alt=\"\">\r\n                                                    <\/div>\r\n\r\n                        <!-- Puntuaci\u00f3n del producto  -->\r\n                        <div class=\"rating\">\r\n                                                            <div class=\"rate\" style=\"--p:80;\"><\/div>\r\n                                <b>4\/5<\/b>\r\n                                <div class=\"rate-stars\">\r\n                                                                            <div\r\n                                            class=\"rate-star  \">\r\n                                        <\/div>\r\n                                                                            <div\r\n                                            class=\"rate-star  \">\r\n                                        <\/div>\r\n                                                                            <div\r\n                                            class=\"rate-star  \">\r\n                                        <\/div>\r\n                                                                            <div\r\n                                            class=\"rate-star  \">\r\n                                        <\/div>\r\n                                                                            <div\r\n                                            class=\"rate-star disable \">\r\n                                        <\/div>\r\n                                                                    <\/div>\r\n                                                    <\/div>\r\n\r\n                        <!-- Bot\u00f3n de producto  -->\r\n                        <div>\r\n                            <span class=\"price-claim\">\r\n                                VER PRECIO                            <\/span>\r\n                        <\/div>\r\n                    <\/a>\r\n                                    <a href=\"https:\/\/www.primor.eu\/es_es\/ziaja-spray-moldeador-antioxidante-sea-salt-94785.html\" class=\"product-item grid-table-rows\" target=\"_blank\">\r\n                        <div>\r\n                            <img decoding=\"async\" class=\"product-img\" width=\"80px\" height=\"80px\" src=\"https:\/\/cdn2.primor.eu\/media\/catalog\/product\/cache\/8d3aba296f7a18b5251ee30fa5db42b2\/5\/9\/5901887057178_89cd.jpg\" alt=\"Spray Moldeador Antioxidante Sea Salt\">\r\n                        <\/div>\r\n\r\n                        <!-- Contenido de producto  -->\r\n                        <div>\r\n                            <div class=\"product-position\">\r\n                                #2                            <\/div>\r\n\r\n                            <h2>\r\n                                Spray Moldeador Antioxidante Sea Salt                            <\/h2>\r\n                        <\/div>\r\n\r\n                        <!-- Imagen y\/o nombre de la marca -->\r\n                        <div class=\"brand-image-name\">\r\n                                                            <img decoding=\"async\" class=\"brand-image\" src=\"https:\/\/www.primor.eu\/media\/catalog\/category\/logo_ZIAJA.png\" alt=\"\">\r\n                                                    <\/div>\r\n\r\n                        <!-- Puntuaci\u00f3n del producto  -->\r\n                        <div class=\"rating\">\r\n                                                            <div class=\"rate\" style=\"--p:92;\"><\/div>\r\n                                <b>4.6\/5<\/b>\r\n                                <div class=\"rate-stars\">\r\n                                                                            <div\r\n                                            class=\"rate-star  \">\r\n                                        <\/div>\r\n                                                                            <div\r\n                                            class=\"rate-star  \">\r\n                                        <\/div>\r\n                                                                            <div\r\n                                            class=\"rate-star  \">\r\n                                        <\/div>\r\n                                                                            <div\r\n                                            class=\"rate-star  \">\r\n                                        <\/div>\r\n                                                                            <div\r\n                                            class=\"rate-star  \">\r\n                                        <\/div>\r\n                                                                    <\/div>\r\n                                                    <\/div>\r\n\r\n                        <!-- Bot\u00f3n de producto  -->\r\n                        <div>\r\n                            <span class=\"price-claim\">\r\n                                VER PRECIO                            <\/span>\r\n                        <\/div>\r\n                    <\/a>\r\n                                    <a href=\"https:\/\/www.primor.eu\/es_es\/pantene-crema-de-peinado-ama-tus-rizos-9600.html\" class=\"product-item grid-table-rows\" target=\"_blank\">\r\n                        <div>\r\n                            <img decoding=\"async\" class=\"product-img\" width=\"80px\" height=\"80px\" src=\"https:\/\/cdn2.primor.eu\/media\/catalog\/product\/cache\/8d3aba296f7a18b5251ee30fa5db42b2\/8\/0\/8001841240640_MAIN_9f49.jpg\" alt=\"Crema de Peinado Ama tus Rizos\">\r\n                        <\/div>\r\n\r\n                        <!-- Contenido de producto  -->\r\n                        <div>\r\n                            <div class=\"product-position\">\r\n                                #3                            <\/div>\r\n\r\n                            <h2>\r\n                                Crema de Peinado Ama tus Rizos                            <\/h2>\r\n                        <\/div>\r\n\r\n                        <!-- Imagen y\/o nombre de la marca -->\r\n                        <div class=\"brand-image-name\">\r\n                                                            <img decoding=\"async\" class=\"brand-image\" src=\"https:\/\/www.primor.eu\/media\/catalog\/category\/Pantene.jpg\" alt=\"\">\r\n                                                    <\/div>\r\n\r\n                        <!-- Puntuaci\u00f3n del producto  -->\r\n                        <div class=\"rating\">\r\n                                                            <div class=\"rate\" style=\"--p:96;\"><\/div>\r\n                                <b>4.8\/5<\/b>\r\n                                <div class=\"rate-stars\">\r\n                                                                            <div\r\n                                            class=\"rate-star  \">\r\n                                        <\/div>\r\n                                                                            <div\r\n                                            class=\"rate-star  \">\r\n                                        <\/div>\r\n                                                                            <div\r\n                                            class=\"rate-star  \">\r\n                                        <\/div>\r\n                                                                            <div\r\n                                            class=\"rate-star  \">\r\n                                        <\/div>\r\n                                                                            <div\r\n                                            class=\"rate-star  \">\r\n                                        <\/div>\r\n                                                                    <\/div>\r\n                                                    <\/div>\r\n\r\n                        <!-- Bot\u00f3n de producto  -->\r\n                        <div>\r\n                            <span class=\"price-claim\">\r\n                                VER PRECIO                            <\/span>\r\n                        <\/div>\r\n                    <\/a>\r\n                            <\/product-list>\r\n        <\/product-table>\r\n\r\n        \n\n\n\n<h3 class=\"wp-block-heading\">1. Extra liso<\/h3>\n\n\n\n<p class=\"wp-block-paragraph\">Un corte bob&nbsp;liso, con un acabado muy pulido, perfecto para llevar con una marcada raya en medio o con flequillo. La clave aqu\u00ed es conseguir un pelo libre de encrespamiento y sin mechones rebeldes. \u00bfQu\u00e9 producto necesitamos?<\/p>\n\n\n\n<h3 class=\"wp-block-heading has-text-align-left\">Sublime Karit\u00e9 Crema de Peinado Profesional Alisadora de Rene Furterer<\/h3>\n\n\n\n<p class=\"wp-block-paragraph\">Tambi\u00e9n refuerza la barrera protectora del cabello gracias a su tecnolog\u00eda de ceramidas, lo que permite obtener suavidad y flexibilidad, facilitando un peinado controlado y duradero. Su textura cremosa y su agradable fragancia ayudan a proteger el cabello del calor, soportando temperaturas de hasta 230 \u00b0C, lo que resulta en un acabado sedoso y mechones perfectamente alisados. Adem\u00e1s, esta crema de peinado alisadora es ideal para domar el cabello seco y rebelde, garantizando nutrici\u00f3n y protecci\u00f3n para un alisado prolongado y manejable.<\/p>\n\n\n    <a class='product' target='_blank' href='https:\/\/www.primor.eu\/es_es\/rene-furterer-sublime-karite-crema-de-peinado-profesional-alisadora-116498.html'>\r\n        <img loading='async' src='https:\/\/cdn2.primor.eu\/media\/catalog\/product\/cache\/8d3aba296f7a18b5251ee30fa5db42b2\/3\/2\/3282770391749_RENE_FURTERER_KARITE_SUBLIME_CREMA_PROF.NUTRI_ALISANTE_100ML_1502.png' alt='COMPRAR AHORA'>\r\n            <div class=\"claim\">\r\n                COMPRAR AHORA            <\/div>\r\n        <\/a>\r\n    \n\n\n<h3 class=\"wp-block-heading\">2. Shaggy<\/h3>\n\n\n\n<p class=\"wp-block-paragraph\">Si buscas un bob desenfadado y c\u00f3modo de este corte de pelo, el estilo shaggy es el tuyo. Con una clara inspiraci\u00f3n setentera, es ideal para cabellos ondulados o muy lisos y finos (si se utilizan los productos adecuados). Lo importante aqu\u00ed es crear texturas para dar movimiento al cabello. Por ello, buscaremos productos que nos aporten esa textura, queriendo ganar volumen.<\/p>\n\n\n\n<h3 class=\"wp-block-heading has-text-align-left\">Spray Moldeador Antioxidante Sea Salt de Ziaja<\/h3>\n\n\n\n<p class=\"wp-block-paragraph\">Experimenta la magia del Spray de Agua de Sal para el cabello, enriquecido con sales, minerales y extractos marinos para lograr el efecto refrescante del agua del mar. Este producto te permite esculpir el cabello, logrando un look natural y desenfadado, como si acabaras de salir del agua.<\/p>\n\n\n    <a class='product' target='_blank' href='https:\/\/www.primor.eu\/es_es\/ziaja-spray-moldeador-antioxidante-sea-salt-94785.html'>\r\n        <img loading='async' src='https:\/\/cdn2.primor.eu\/media\/catalog\/product\/cache\/8d3aba296f7a18b5251ee30fa5db42b2\/5\/9\/5901887057178_89cd.jpg' alt='COMPRAR AHORA'>\r\n            <div class=\"claim\">\r\n                COMPRAR AHORA            <\/div>\r\n        <\/a>\r\n    \n\n\n\n<h3 class=\"wp-block-heading\">3. Ondas definidas<\/h3>\n\n\n\n<p class=\"wp-block-paragraph\">Ya sean ondas&nbsp;<em>glam<\/em>&nbsp;o un bob con rizos, esta versi\u00f3n es tambi\u00e9n compatible con el bob. La clave es trabajar bien las ondas para que se mantengan con cuerpo. En el caso de las ondas glam, son una opci\u00f3n estupenda para eventos y momentos especiales.<\/p>\n\n\n\n<h3 class=\"wp-block-heading has-text-align-left\">Crema de Peinado Ama tus Rizos de Pantene<\/h3>\n\n\n\n<p class=\"wp-block-paragraph\">Te ayudar\u00e1 a lucir unos bucles definidos e hidratados gracias a&nbsp;la f\u00f3rmula avanzada Pantene Pro-V&nbsp;con micro-moldeadores. Controlando el encrespamiento hasta 24 horas despu\u00e9s de su aplicaci\u00f3n. La Crema de Peinado Ama tus Rizos de Pantene no necesita aclarado. Puedes aplicarla en tu pelo por largos y dejarla secar al aire o con un secador. Tus rizos se ver\u00e1n marcados y saludables.<\/p>\n\n\n    <a class='product' target='_blank' href='https:\/\/www.primor.eu\/es_es\/pantene-crema-de-peinado-ama-tus-rizos-9600.html'>\r\n        <img loading='async' src='https:\/\/cdn2.primor.eu\/media\/catalog\/product\/cache\/8d3aba296f7a18b5251ee30fa5db42b2\/8\/0\/8001841240640_MAIN_9f49.jpg' alt='COMPRAR AHORA'>\r\n            <div class=\"claim\">\r\n                COMPRAR AHORA            <\/div>\r\n        <\/a>\r\n    \n\n\n\n<h3 class=\"wp-block-heading\">4. Efecto mojado<\/h3>\n\n\n\n<p class=\"wp-block-paragraph\">El efecto mojado se lleva y es totalmente compatible con el corte bob. De hecho, esta combinaci\u00f3n ha arrasado en la semana de la Alta Costura de Par\u00eds. Todo indica que debes tener muy en cuenta esta opci\u00f3n si quieres estar a la \u00faltima.<\/p>\n\n\n\n<h3 class=\"wp-block-heading has-text-align-left\">Studio Line Gel Pure Wet de L'or\u00e9al<\/h3>\n\n\n\n<p class=\"wp-block-paragraph\">Se trata de un gel fijador fuerte que aporta un efecto mojado durante 24 horas gracias a su tecnolog\u00eda Water Guard de Pure Wet. Es ideal para crear un efecto h\u00famedo y mantener tu peinado a raya.<\/p>\n\n\n    <a class='product' target='_blank' href='https:\/\/www.primor.eu\/es_es\/l-oreal-paris-studio-line-gel-pure-wet-19805.html'>\r\n        <img loading='async' src='https:\/\/cdn2.primor.eu\/media\/catalog\/product\/cache\/8d3aba296f7a18b5251ee30fa5db42b2\/2\/C\/2CF00067_1_99c2.jpg' alt='COMPRAR AHORA'>\r\n            <div class=\"claim\">\r\n                COMPRAR AHORA            <\/div>\r\n        <\/a>\r\n    \n\n\n<div class=\"kk-star-ratings kksr-auto kksr-align-center kksr-valign-bottom\"\n    data-payload='{&quot;align&quot;:&quot;center&quot;,&quot;id&quot;:&quot;66794&quot;,&quot;slug&quot;:&quot;default&quot;,&quot;valign&quot;:&quot;bottom&quot;,&quot;ignore&quot;:&quot;&quot;,&quot;reference&quot;:&quot;auto&quot;,&quot;class&quot;:&quot;&quot;,&quot;count&quot;:&quot;0&quot;,&quot;legendonly&quot;:&quot;&quot;,&quot;readonly&quot;:&quot;&quot;,&quot;score&quot;:&quot;0&quot;,&quot;starsonly&quot;:&quot;&quot;,&quot;best&quot;:&quot;5&quot;,&quot;gap&quot;:&quot;5&quot;,&quot;greet&quot;:&quot;Valora este art\u00edculo&quot;,&quot;legend&quot;:&quot;0\\\/5 - (0 votos)&quot;,&quot;size&quot;:&quot;24&quot;,&quot;title&quot;:&quot;Dime qu\u00e9 corte bob quieres y te dir\u00e9 que producto necesitas&quot;,&quot;width&quot;:&quot;0&quot;,&quot;_legend&quot;:&quot;{score}\\\/{best} - ({count} {votes})&quot;,&quot;font_factor&quot;:&quot;1.25&quot;}'>\n            \n<div class=\"kksr-stars\">\n    \n<div class=\"kksr-stars-inactive\">\n            <div class=\"kksr-star\" data-star=\"1\" style=\"padding-right: 5px\">\n            \n\n<div class=\"kksr-icon\" style=\"width: 24px; height: 24px;\"><\/div>\n        <\/div>\n            <div class=\"kksr-star\" data-star=\"2\" style=\"padding-right: 5px\">\n            \n\n<div class=\"kksr-icon\" style=\"width: 24px; height: 24px;\"><\/div>\n        <\/div>\n            <div class=\"kksr-star\" data-star=\"3\" style=\"padding-right: 5px\">\n            \n\n<div class=\"kksr-icon\" style=\"width: 24px; height: 24px;\"><\/div>\n        <\/div>\n            <div class=\"kksr-star\" data-star=\"4\" style=\"padding-right: 5px\">\n            \n\n<div class=\"kksr-icon\" style=\"width: 24px; height: 24px;\"><\/div>\n        <\/div>\n            <div class=\"kksr-star\" data-star=\"5\" style=\"padding-right: 5px\">\n            \n\n<div class=\"kksr-icon\" style=\"width: 24px; height: 24px;\"><\/div>\n        <\/div>\n    <\/div>\n    \n<div class=\"kksr-stars-active\" style=\"width: 0px;\">\n            <div class=\"kksr-star\" style=\"padding-right: 5px\">\n            \n\n<div class=\"kksr-icon\" style=\"width: 24px; height: 24px;\"><\/div>\n        <\/div>\n            <div class=\"kksr-star\" style=\"padding-right: 5px\">\n            \n\n<div class=\"kksr-icon\" style=\"width: 24px; height: 24px;\"><\/div>\n        <\/div>\n            <div class=\"kksr-star\" style=\"padding-right: 5px\">\n            \n\n<div class=\"kksr-icon\" style=\"width: 24px; height: 24px;\"><\/div>\n        <\/div>\n            <div class=\"kksr-star\" style=\"padding-right: 5px\">\n            \n\n<div class=\"kksr-icon\" style=\"width: 24px; height: 24px;\"><\/div>\n        <\/div>\n            <div class=\"kksr-star\" style=\"padding-right: 5px\">\n            \n\n<div class=\"kksr-icon\" style=\"width: 24px; height: 24px;\"><\/div>\n        <\/div>\n    <\/div>\n<\/div>\n                \n\n<div class=\"kksr-legend\" style=\"font-size: 19.2px;\">\n            <span class=\"kksr-muted\">Valora este art\u00edculo<\/span>\n    <\/div>\n    <\/div>\n","protected":false},"excerpt":{"rendered":"<p>Emma Roberts, Dua Lipa, Hailey Bieber, Irina Shayk, Emma Stone, Gigi Hadid, Jennifer L\u00f3pez, Rita Ora y un largu\u00edsimo etc\u00e9tera son algunas de las celebrities que han ca\u00eddo rendidas antes uno de los cortes de pelo del momento: el corte de pelo bob. Tiene como precursora a Victoria Beckham, quien se hizo abanderada de una [&hellip;]<\/p>\n","protected":false},"author":4,"featured_media":107153,"comment_status":"open","ping_status":"open","sticky":false,"template":"","format":"standard","meta":{"jnews-multi-image_gallery":[],"jnews_single_post":{"subtitle":"","format":"standard","video":"","gallery":"","source_name":"","source_url":"","via_name":"","via_url":"","override_template":"0","override":[{"template":"1","single_blog_custom":"","parallax":"1","fullscreen":"1","layout":"right-sidebar","sidebar":"home-2","second_sidebar":"default-sidebar","sticky_sidebar":"0","share_position":"float","share_float_style":"share-monocrhome","show_share_counter":"0","show_view_counter":"0","show_featured":"1","show_post_meta":"1","show_post_author":"0","show_post_author_image":"1","show_post_date":"1","post_date_format":"default","post_date_format_custom":"Y\/m\/d","show_post_category":"1","show_post_reading_time":"0","post_reading_time_wpm":"300","show_zoom_button":"0","zoom_button_out_step":"2","zoom_button_in_step":"3","show_post_tag":"0","show_prev_next_post":"0","show_popup_post":"0","number_popup_post":"2","show_author_box":"0","show_post_related":"0","show_inline_post_related":"1"}],"override_image_size":"0","image_override":[{"single_post_thumbnail_size":"no-crop","single_post_gallery_size":"crop-500"}],"trending_post":"0","trending_post_position":"meta","trending_post_label":"Trending","sponsored_post":"0","sponsored_post_label":"Sponsored by","sponsored_post_name":"","sponsored_post_url":"","sponsored_post_logo_enable":"0","sponsored_post_logo":"","sponsored_post_desc":"","disable_ad":"0"},"jnews_primary_category":{"id":"","hide":""},"jnews_social_meta":{"fb_title":"","fb_description":"","fb_image":"","twitter_title":"","twitter_description":"","twitter_image":""},"jnews_override_counter":{"override_view_counter":"0","view_counter_number":"0","override_share_counter":"0","share_counter_number":"0","override_like_counter":"0","like_counter_number":"0","override_dislike_counter":"0","dislike_counter_number":"0"},"footnotes":""},"categories":[35],"tags":[],"class_list":["post-66794","post","type-post","status-publish","format-standard","has-post-thumbnail","hentry","category-cabello"],"_links":{"self":[{"href":"https:\/\/www.primor.eu\/blog\/wp-json\/wp\/v2\/posts\/66794","targetHints":{"allow":["GET"]}}],"collection":[{"href":"https:\/\/www.primor.eu\/blog\/wp-json\/wp\/v2\/posts"}],"about":[{"href":"https:\/\/www.primor.eu\/blog\/wp-json\/wp\/v2\/types\/post"}],"author":[{"embeddable":true,"href":"https:\/\/www.primor.eu\/blog\/wp-json\/wp\/v2\/users\/4"}],"replies":[{"embeddable":true,"href":"https:\/\/www.primor.eu\/blog\/wp-json\/wp\/v2\/comments?post=66794"}],"version-history":[{"count":11,"href":"https:\/\/www.primor.eu\/blog\/wp-json\/wp\/v2\/posts\/66794\/revisions"}],"predecessor-version":[{"id":145742,"href":"https:\/\/www.primor.eu\/blog\/wp-json\/wp\/v2\/posts\/66794\/revisions\/145742"}],"wp:featuredmedia":[{"embeddable":true,"href":"https:\/\/www.primor.eu\/blog\/wp-json\/wp\/v2\/media\/107153"}],"wp:attachment":[{"href":"https:\/\/www.primor.eu\/blog\/wp-json\/wp\/v2\/media?parent=66794"}],"wp:term":[{"taxonomy":"category","embeddable":true,"href":"https:\/\/www.primor.eu\/blog\/wp-json\/wp\/v2\/categories?post=66794"},{"taxonomy":"post_tag","embeddable":true,"href":"https:\/\/www.primor.eu\/blog\/wp-json\/wp\/v2\/tags?post=66794"}],"curies":[{"name":"wp","href":"https:\/\/api.w.org\/{rel}","templated":true}]}}