{"id":66792,"date":"2025-04-14T06:23:07","date_gmt":"2025-04-14T06:23:07","guid":{"rendered":"https:\/\/blog.primor.eu\/?p=29551"},"modified":"2025-11-18T12:13:44","modified_gmt":"2025-11-18T12:13:44","slug":"acido-kojico","status":"publish","type":"post","link":"https:\/\/www.primor.eu\/blog\/acido-kojico\/","title":{"rendered":"\u00bfPara qu\u00e9 sirve el \u00e1cido k\u00f3jico? Beneficios y usos para una piel bonita seg\u00fan expertos"},"content":{"rendered":"\n<p>\u00bfHas o\u00eddo hablar de \u00e9l? No me extra\u00f1a, porque gracias a sus innumerables beneficios y a su f\u00f3rmula regeneradora, el <strong>\u00e1cido k\u00f3jico<\/strong> se va a convertir en el 'must have' de tu rutina de belleza. Al igual que otros activos como el <strong><a href=\"https:\/\/www.primor.eu\/blog\/acido-hialuronico-que-es-para-que-sirve\/?srsltid=AfmBOopCZyowsSl1huC0Wj0LHDNtsRrSQoUu5pEhjjaoW9BaqcBaocHB\" data-type=\"link\" data-id=\"https:\/\/www.primor.eu\/blog\/acido-hialuronico-que-es-para-que-sirve\/?srsltid=AfmBOopCZyowsSl1huC0Wj0LHDNtsRrSQoUu5pEhjjaoW9BaqcBaocHB\">\u00e1cido hialur\u00f3nico<\/a><\/strong>, la <strong>vitamina C<\/strong> o el famoso <strong>retinol<\/strong>, este ingrediente milagroso puede hacer mucho por tu piel. Aunque lo m\u00e1s importante es aprender a usarlo. <strong>Te contamos todo lo que necesitas saber.<\/strong><\/p>\n\n\n\n<h2 class=\"wp-block-heading\">\u00bfQu\u00e9 es y para qu\u00e9 sirve el <span data-sheets-value=\"{&quot;1&quot;:2,&quot;2&quot;:&quot;\u00c1cido K\u00f3jico&quot;}\" data-sheets-userformat=\"{&quot;2&quot;:1326019,&quot;3&quot;:{&quot;1&quot;:0},&quot;4&quot;:{&quot;1&quot;:2,&quot;2&quot;:15856628},&quot;9&quot;:1,&quot;10&quot;:1,&quot;11&quot;:4,&quot;12&quot;:0,&quot;14&quot;:{&quot;1&quot;:2,&quot;2&quot;:0},&quot;15&quot;:&quot;Helvetica Neue&quot;,&quot;16&quot;:11,&quot;21&quot;:0,&quot;23&quot;:2}\">\u00c1cido K\u00f3jico?<\/span><\/h2>\n\n\n\n<p>El <strong>\u00e1cido k\u00f3jico<\/strong> es una sustancia qu\u00edmica que proviene de unos hongos de Jap\u00f3n. Es de color blanquecino y su composici\u00f3n se basa a partir de peque\u00f1os cristales que lo hacen muy eficaz contra la hiperpigmentaci\u00f3n. Por tanto, <strong>su principal funci\u00f3n es disminuir, y de forma eficaz, las manchas de&nbsp; la piel, incluida las m\u00e1s oscuras.<\/strong><\/p>\n\n\n\n<p>Adem\u00e1s, eso no es todo, porque funciona como antioxidante y antibacteriano. Estas potentes propiedades lo han llevado a convertirse en uno de los ingredientes m\u00e1s usados en cosm\u00e9tica y dermocosm\u00e9tica.<\/p>\n\n\n\n<h2 class=\"wp-block-heading\">Principales  beneficios del <span data-sheets-value=\"{&quot;1&quot;:2,&quot;2&quot;:&quot;\u00c1cido K\u00f3jico&quot;}\" data-sheets-userformat=\"{&quot;2&quot;:1326019,&quot;3&quot;:{&quot;1&quot;:0},&quot;4&quot;:{&quot;1&quot;:2,&quot;2&quot;:15856628},&quot;9&quot;:1,&quot;10&quot;:1,&quot;11&quot;:4,&quot;12&quot;:0,&quot;14&quot;:{&quot;1&quot;:2,&quot;2&quot;:0},&quot;15&quot;:&quot;Helvetica Neue&quot;,&quot;16&quot;:11,&quot;21&quot;:0,&quot;23&quot;:2}\">\u00c1cido K\u00f3jico<\/span><\/h2>\n\n\n\n<p>Como ya hemos visto,<strong> la principal funci\u00f3n del \u00e1cido k\u00f3jico es eliminar las manchas de la piel<\/strong>. No obstante, posee otras caracter\u00edsticas que han convertido a este ingrediente en un activo \u00fanico.<\/p>\n\n\n\n<ul class=\"wp-block-list\">\n<li><strong>Propiedades antienvejecimiento y antimanchas. <\/strong>Al disminuir las manchas de la piel, mejora visiblemente su aspecto, aclarando la hiperpigmentaci\u00f3n de las marcas de la edad y de la exposici\u00f3n al sol. Por tanto, es un activo que ataca directamente a la melanina (responsable de oscurecer la dermis), reduciendo el tama\u00f1o de manchas y cicatrices.<\/li>\n\n\n\n<li><strong>Mujeres embarazadas.<\/strong> En este caso, el <strong>\u00e1cido k\u00f3jico<\/strong> puede reducir el oscurecimiento de la piel producido por los desniveles hormonales, fruto de la gestaci\u00f3n o melasma.<\/li>\n\n\n\n<li><strong>Propiedades antimic\u00f3ticas y antioxidantes.&nbsp;<\/strong>Sus beneficios antimic\u00f3ticos lo han llevado a ser uno de los ingredientes m\u00e1s usados en para prevenir y tratar algunas infecciones f\u00fangicas, como el pie de atleta y otras infecciones causadas por los hongos.<\/li>\n\n\n\n<li><strong>Propiedades antibacterianas y antiacn\u00e9.<\/strong> De todos, puede que sea su uso m\u00e1s sorprendente, pero igual de eficaz. El \u00e1cido k\u00f3jico limpia los poros, previniendo la aparici\u00f3n de espinillas y granos, a la vez que previene algunas infecciones antibacterianas.<\/li>\n<\/ul>\n\n\n\n<h2 class=\"wp-block-heading\">Riesgos y posibles efectos secundarios del \u00c1cido K\u00f3jico<\/h2>\n\n\n\n<p>Antes de nada, debes saber que la utilizaci\u00f3n de cualquier activo en cosm\u00e9tica tiene sus m\u00e1s y sus menos. Y el \u00e1cido k\u00f3jico, al igual que el retinol, no es para todo el mundo, ya que su efectividad es tan potente que deber\u00edas tener en cuenta ciertos posibles efectos secundarios. Esto no quiere decir que te vaya a pasar, sino que debes tener cuidado en c\u00f3mo utilizarlo para evitar:<\/p>\n\n\n\n<ul class=\"wp-block-list\">\n<li><strong>Irritaciones<\/strong>. Pieles sensibles, cuidado con \u00e9l. El \u00e1cido k\u00f3jico es un ingrediente agresivo que puede causar sarpullido, picaz\u00f3n y sequedad en la piel y, en casos severos, pueden desarrollarse dolor y ampollas. Por tanto, antes de usarlo, pru\u00e9balo en una zona peque\u00f1a del cuello o dorso de la mano.<\/li>\n\n\n\n<li><strong>Quemaduras solares.<\/strong> Esto se debe a que es un activo que combate directamente la melanina, ingrediente que protege de las quemaduras solares. Por tanto, hace que la piel sea m\u00e1s vulnerable a los rayos UV. \u00bfLa soluci\u00f3n? <a href=\"https:\/\/www.primor.eu\/es_es\/proteccion-solar\"><strong>Uso OBLIGATORIO del protector solar.<\/strong><\/a><\/li>\n<\/ul>\n\n\n\n<h2 class=\"wp-block-heading\">Los mejores cosm\u00e9ticos con <span data-sheets-value=\"{&quot;1&quot;:2,&quot;2&quot;:&quot;\u00c1cido K\u00f3jico&quot;}\" data-sheets-userformat=\"{&quot;2&quot;:1326019,&quot;3&quot;:{&quot;1&quot;:0},&quot;4&quot;:{&quot;1&quot;:2,&quot;2&quot;:15856628},&quot;9&quot;:1,&quot;10&quot;:1,&quot;11&quot;:4,&quot;12&quot;:0,&quot;14&quot;:{&quot;1&quot;:2,&quot;2&quot;:0},&quot;15&quot;:&quot;Helvetica Neue&quot;,&quot;16&quot;:11,&quot;21&quot;:0,&quot;23&quot;:2}\">\u00c1cido K\u00f3jico est\u00e1 en Primor<\/span><\/h2>\n\n\n\n<p>Lo sabemos, ahora que sabes todo lo que este pedazo de activo puede hacer por tu piel, sientes la necesidad de incluirlo en tu rutina de belleza. \u00a1Y no nos extra\u00f1a! Aqu\u00ed te dejamos una lista de los productos m\u00e1s top que incluyen en su f\u00f3rmula \u00e1cido k\u00f3jico. \u00a1No te arrepentir\u00e1s!<\/p>\n\n\n        <product-table class=\"pr-slider\">\r\n            <product-headers class=\"grid-table-rows\">\r\n                <div>Foto<\/div>\r\n                <div>Producto<\/div>\r\n                <div>Marca<\/div>\r\n                <div>Valoraciones<\/div>\r\n                <div>Precio<\/div>\r\n            <\/product-headers>\r\n\r\n            <product-list>\r\n                                    <a href=\"https:\/\/www.primor.eu\/es_es\/the-ordinary-acido-azelaico-en-suspension-10-106602.html?#854=66334\" class=\"product-item grid-table-rows\" target=\"_blank\">\r\n                        <div>\r\n                            <img decoding=\"async\" class=\"product-img\" width=\"80px\" height=\"80px\" src=\"https:\/\/cdn2.primor.eu\/media\/catalog\/product\/cache\/8d3aba296f7a18b5251ee30fa5db42b2\/i\/m\/img_6XS08955_1_09f8.jpg\" alt=\"\u00c1cido Azelaico en suspensi\u00f3n 10%\">\r\n                        <\/div>\r\n\r\n                        <!-- Contenido de producto  -->\r\n                        <div>\r\n                            <div class=\"product-position\">\r\n                                #1 Top Ventas                            <\/div>\r\n\r\n                            <h2>\r\n                                \u00c1cido Azelaico en suspensi\u00f3n 10%                            <\/h2>\r\n                        <\/div>\r\n\r\n                        <!-- Imagen y\/o nombre de la marca -->\r\n                        <div>\r\n                                                            <img decoding=\"async\" width=\"70\" src=\"https:\/\/www.primor.eu\/media\/catalog\/category\/The_Ordinary.png\" alt=\"The Ordinary\">\r\n                                                    <\/div>\r\n\r\n                        <!-- Puntuaci\u00f3n del producto  -->\r\n                        <div class=\"rating\">\r\n                                                            <div class=\"rate\" style=\"--p:92;\"><\/div>\r\n                                <b>4.6\/5<\/b>\r\n                                <div class=\"rate-stars\">\r\n                                                                            <div\r\n                                            class=\"rate-star  \">\r\n                                        <\/div>\r\n                                                                            <div\r\n                                            class=\"rate-star  \">\r\n                                        <\/div>\r\n                                                                            <div\r\n                                            class=\"rate-star  \">\r\n                                        <\/div>\r\n                                                                            <div\r\n                                            class=\"rate-star  \">\r\n                                        <\/div>\r\n                                                                            <div\r\n                                            class=\"rate-star  \">\r\n                                        <\/div>\r\n                                                                    <\/div>\r\n                                                    <\/div>\r\n\r\n                        <!-- Bot\u00f3n de producto  -->\r\n                        <div>\r\n                            <span class=\"price-claim\">\r\n                                VER PRECIO                            <\/span>\r\n                        <\/div>\r\n                    <\/a>\r\n                                    <a href=\"https:\/\/www.primor.eu\/es_es\/martiderm-pigment-zero-dsp-mask-mascarilla-despigmentante-15073.html\" class=\"product-item grid-table-rows\" target=\"_blank\">\r\n                        <div>\r\n                            <img decoding=\"async\" class=\"product-img\" width=\"80px\" height=\"80px\" src=\"https:\/\/cdn2.primor.eu\/media\/catalog\/product\/cache\/8d3aba296f7a18b5251ee30fa5db42b2\/6\/X\/6XS06235_1_bc99.jpg\" alt=\"Pigment Zero DSP-Mask Mascarilla Despigmentante\">\r\n                        <\/div>\r\n\r\n                        <!-- Contenido de producto  -->\r\n                        <div>\r\n                            <div class=\"product-position\">\r\n                                #2                            <\/div>\r\n\r\n                            <h2>\r\n                                Pigment Zero DSP-Mask Mascarilla Despigmentante                            <\/h2>\r\n                        <\/div>\r\n\r\n                        <!-- Imagen y\/o nombre de la marca -->\r\n                        <div>\r\n                                                            <img decoding=\"async\" width=\"70\" src=\"https:\/\/www.primor.eu\/media\/catalog\/category\/marti-derm.png\" alt=\"\">\r\n                                                    <\/div>\r\n\r\n                        <!-- Puntuaci\u00f3n del producto  -->\r\n                        <div class=\"rating\">\r\n                                                            <div class=\"rate\" style=\"--p:82;\"><\/div>\r\n                                <b>4.1\/5<\/b>\r\n                                <div class=\"rate-stars\">\r\n                                                                            <div\r\n                                            class=\"rate-star  \">\r\n                                        <\/div>\r\n                                                                            <div\r\n                                            class=\"rate-star  \">\r\n                                        <\/div>\r\n                                                                            <div\r\n                                            class=\"rate-star  \">\r\n                                        <\/div>\r\n                                                                            <div\r\n                                            class=\"rate-star  \">\r\n                                        <\/div>\r\n                                                                            <div\r\n                                            class=\"rate-star  \">\r\n                                        <\/div>\r\n                                                                    <\/div>\r\n                                                    <\/div>\r\n\r\n                        <!-- Bot\u00f3n de producto  -->\r\n                        <div>\r\n                            <span class=\"price-claim\">\r\n                                VER PRECIO                            <\/span>\r\n                        <\/div>\r\n                    <\/a>\r\n                                    <a href=\"https:\/\/www.primor.eu\/es_es\/beauty-drops-acido-kojico-niacinamida-serum-iluminador-122022.html\" class=\"product-item grid-table-rows\" target=\"_blank\">\r\n                        <div>\r\n                            <img decoding=\"async\" class=\"product-img\" width=\"80px\" height=\"80px\" src=\"https:\/\/cdn2.primor.eu\/media\/catalog\/product\/cache\/8d3aba296f7a18b5251ee30fa5db42b2\/B\/D\/BD_43560_ACIDO_KOJICO_2____NIACINAMIDA_60ml_eb20.jpg\" alt=\"\u00c1cido Kojico + Niacinamida S\u00e9rum Iluminador\">\r\n                        <\/div>\r\n\r\n                        <!-- Contenido de producto  -->\r\n                        <div>\r\n                            <div class=\"product-position\">\r\n                                #3                            <\/div>\r\n\r\n                            <h2>\r\n                                \u00c1cido Kojico + Niacinamida S\u00e9rum Iluminador                            <\/h2>\r\n                        <\/div>\r\n\r\n                        <!-- Imagen y\/o nombre de la marca -->\r\n                        <div>\r\n                                                            <img decoding=\"async\" width=\"70\" src=\"https:\/\/www.primor.eu\/media\/catalog\/category\/beauty_Drops.png\" alt=\"\">\r\n                                                    <\/div>\r\n\r\n                        <!-- Puntuaci\u00f3n del producto  -->\r\n                        <div class=\"rating\">\r\n                                                            <div class=\"rate\" style=\"--p:80;\"><\/div>\r\n                                <b>4\/5<\/b>\r\n                                <div class=\"rate-stars\">\r\n                                                                            <div\r\n                                            class=\"rate-star  \">\r\n                                        <\/div>\r\n                                                                            <div\r\n                                            class=\"rate-star  \">\r\n                                        <\/div>\r\n                                                                            <div\r\n                                            class=\"rate-star  \">\r\n                                        <\/div>\r\n                                                                            <div\r\n                                            class=\"rate-star  \">\r\n                                        <\/div>\r\n                                                                            <div\r\n                                            class=\"rate-star disable \">\r\n                                        <\/div>\r\n                                                                    <\/div>\r\n                                                    <\/div>\r\n\r\n                        <!-- Bot\u00f3n de producto  -->\r\n                        <div>\r\n                            <span class=\"price-claim\">\r\n                                VER PRECIO                            <\/span>\r\n                        <\/div>\r\n                    <\/a>\r\n                            <\/product-list>\r\n        <\/product-table>\r\n\r\n        \n\n\n\n<h3 class=\"wp-block-heading\">\u00c1cido Azelaico en suspensi\u00f3n 10% de The Ordinary<\/h3>\n\n\n\n<p>El \u00c1cido Azelaico en suspensi\u00f3n 10% de The Ordinary es una crema con textura fluida apta para todo tipo de pieles que proporciona luminosidad a la piel, mientras mejora de forma visible la uniformidad de \u00e9sta y reduce la aparici\u00f3n de las manchas. Adem\u00e1s, trabaja sobre la piel acneica, los granos y la piel propensa a la ros\u00e1cea. En pocas semanas, notar\u00e1s tu piel lisa y sin imperfecciones marcadas.<\/p>\n\n\n    <a class='product' target='_blank' href='https:\/\/www.primor.eu\/es_es\/the-ordinary-acido-azelaico-en-suspension-10-106602.html?#854=66334'>\r\n        <img loading='async' src='https:\/\/cdn2.primor.eu\/media\/catalog\/product\/cache\/8d3aba296f7a18b5251ee30fa5db42b2\/i\/m\/img_6XS08955_1_09f8.jpg' alt='COMPRAR AHORA'>\r\n            <div class=\"claim\">\r\n                COMPRAR AHORA            <\/div>\r\n        <\/a>\r\n    \n\n\n\n<h3 class=\"wp-block-heading\">Mascarilla Pigment Zero DSP-Mask Despigmentante de Martiderm<\/h3>\n\n\n\n<p>Esta&nbsp;mascarilla posee una gran concentraci\u00f3n de activos como la arbutina, el \u00e1cido k\u00f3jico y el \u00e1cido salic\u00edlico que act\u00faa reduciendo las manchas de manera muy significativa. Todo esto conlleva a que sea el producto m\u00e1s potente de toda la gama y uno de los m\u00e1s recomendados por los expertos.<\/p>\n\n\n    <a class='product' target='_blank' href='https:\/\/www.primor.eu\/es_es\/martiderm-pigment-zero-dsp-mask-mascarilla-despigmentante-15073.html'>\r\n        <img loading='async' src='https:\/\/cdn2.primor.eu\/media\/catalog\/product\/cache\/8d3aba296f7a18b5251ee30fa5db42b2\/6\/X\/6XS06235_1_bc99.jpg' alt='COMPRAR AHORA'>\r\n            <div class=\"claim\">\r\n                COMPRAR AHORA            <\/div>\r\n        <\/a>\r\n    \n\n\n\n<h3 class=\"wp-block-heading\">\u00c1cido Kojico + Niacinamida S\u00e9rum Iluminador de Beauty Drops<\/h3>\n\n\n\n<p>El <strong>\u00c1cido K\u00f3jico <\/strong>es conocido por su potente acci\u00f3n antimanchas, ayudando a aclarar la piel, suavizar pecas y mejorar la apariencia de manchas solares. La <strong>Niacinamida<\/strong>, adem\u00e1s de mejorar la hidrataci\u00f3n y elasticidad de la piel, contribuye a difuminar arrugas, regular la producci\u00f3n de sebo y reducir la hiperpigmentaci\u00f3n.<\/p>\n\n\n    <a class='product' target='_blank' href='https:\/\/www.primor.eu\/es_es\/beauty-drops-acido-kojico-niacinamida-serum-iluminador-122022.html'>\r\n        <img loading='async' src='https:\/\/cdn2.primor.eu\/media\/catalog\/product\/cache\/8d3aba296f7a18b5251ee30fa5db42b2\/B\/D\/BD_43560_ACIDO_KOJICO_2____NIACINAMIDA_60ml_eb20.jpg' alt='COMPRAR AHORA'>\r\n            <div class=\"claim\">\r\n                COMPRAR AHORA            <\/div>\r\n        <\/a>\r\n    \n\n\n\n<h3 class=\"wp-block-heading\">Super C Night Crema de Strivectin<\/h3>\n\n\n\n<p>Est\u00e1 dise\u00f1ada para revitalizar y reiniciar tu piel mientras duermes. Esta crema de noche est\u00e1 formulada con un tr\u00edo potente de antioxidantes que potencia el proceso natural de recuperaci\u00f3n de la piel. La Super C Night Cream proporciona defensa continua contra la decoloraci\u00f3n gracias a su Vitamina C de liberaci\u00f3n lenta, que tambi\u00e9n aporta un efecto tensor a la piel. Adem\u00e1s, el \u00c1cido Fer\u00falico potencia la eficacia de la Vitamina C y el \u00c1cido K\u00f3jico mejora la textura de la piel.<\/p>\n\n\n    <a class='product' target='_blank' href='https:\/\/www.primor.eu\/es_es\/strivectin-super-c-night-crema-116017.html'>\r\n        <img loading='async' src='https:\/\/cdn2.primor.eu\/media\/catalog\/product\/cache\/8d3aba296f7a18b5251ee30fa5db42b2\/S\/H\/SH05_50ml_Super_C_Night_PDP_1078_NO_CAP_R2_8c38.jpg' alt='COMPRAR AHORA'>\r\n            <div class=\"claim\">\r\n                COMPRAR AHORA            <\/div>\r\n        <\/a>\r\n    \n\n\n<div class=\"kk-star-ratings kksr-auto kksr-align-center kksr-valign-bottom\"\n    data-payload='{&quot;align&quot;:&quot;center&quot;,&quot;id&quot;:&quot;66792&quot;,&quot;slug&quot;:&quot;default&quot;,&quot;valign&quot;:&quot;bottom&quot;,&quot;ignore&quot;:&quot;&quot;,&quot;reference&quot;:&quot;auto&quot;,&quot;class&quot;:&quot;&quot;,&quot;count&quot;:&quot;17&quot;,&quot;legendonly&quot;:&quot;&quot;,&quot;readonly&quot;:&quot;&quot;,&quot;score&quot;:&quot;3&quot;,&quot;starsonly&quot;:&quot;&quot;,&quot;best&quot;:&quot;5&quot;,&quot;gap&quot;:&quot;5&quot;,&quot;greet&quot;:&quot;Valora este art\u00edculo&quot;,&quot;legend&quot;:&quot;3\\\/5 - (17 votos)&quot;,&quot;size&quot;:&quot;24&quot;,&quot;title&quot;:&quot;\u00bfPara qu\u00e9 sirve el \u00e1cido k\u00f3jico? Beneficios y usos para una piel bonita seg\u00fan expertos&quot;,&quot;width&quot;:&quot;84.5&quot;,&quot;_legend&quot;:&quot;{score}\\\/{best} - ({count} {votes})&quot;,&quot;font_factor&quot;:&quot;1.25&quot;}'>\n            \n<div class=\"kksr-stars\">\n    \n<div class=\"kksr-stars-inactive\">\n            <div class=\"kksr-star\" data-star=\"1\" style=\"padding-right: 5px\">\n            \n\n<div class=\"kksr-icon\" style=\"width: 24px; height: 24px;\"><\/div>\n        <\/div>\n            <div class=\"kksr-star\" data-star=\"2\" style=\"padding-right: 5px\">\n            \n\n<div class=\"kksr-icon\" style=\"width: 24px; height: 24px;\"><\/div>\n        <\/div>\n            <div class=\"kksr-star\" data-star=\"3\" style=\"padding-right: 5px\">\n            \n\n<div class=\"kksr-icon\" style=\"width: 24px; height: 24px;\"><\/div>\n        <\/div>\n            <div class=\"kksr-star\" data-star=\"4\" style=\"padding-right: 5px\">\n            \n\n<div class=\"kksr-icon\" style=\"width: 24px; height: 24px;\"><\/div>\n        <\/div>\n            <div class=\"kksr-star\" data-star=\"5\" style=\"padding-right: 5px\">\n            \n\n<div class=\"kksr-icon\" style=\"width: 24px; height: 24px;\"><\/div>\n        <\/div>\n    <\/div>\n    \n<div class=\"kksr-stars-active\" style=\"width: 84.5px;\">\n            <div class=\"kksr-star\" style=\"padding-right: 5px\">\n            \n\n<div class=\"kksr-icon\" style=\"width: 24px; height: 24px;\"><\/div>\n        <\/div>\n            <div class=\"kksr-star\" style=\"padding-right: 5px\">\n            \n\n<div class=\"kksr-icon\" style=\"width: 24px; height: 24px;\"><\/div>\n        <\/div>\n            <div class=\"kksr-star\" style=\"padding-right: 5px\">\n            \n\n<div class=\"kksr-icon\" style=\"width: 24px; height: 24px;\"><\/div>\n        <\/div>\n            <div class=\"kksr-star\" style=\"padding-right: 5px\">\n            \n\n<div class=\"kksr-icon\" style=\"width: 24px; height: 24px;\"><\/div>\n        <\/div>\n            <div class=\"kksr-star\" style=\"padding-right: 5px\">\n            \n\n<div class=\"kksr-icon\" style=\"width: 24px; height: 24px;\"><\/div>\n        <\/div>\n    <\/div>\n<\/div>\n                \n\n<div class=\"kksr-legend\" style=\"font-size: 19.2px;\">\n            3\/5 - (17 votos)    <\/div>\n    <\/div>\n","protected":false},"excerpt":{"rendered":"<p>\u00bfHas o\u00eddo hablar de \u00e9l? No me extra\u00f1a, porque gracias a sus innumerables beneficios y a su f\u00f3rmula regeneradora, el \u00e1cido k\u00f3jico se va a convertir en el &#8216;must have&#8217; de tu rutina de belleza. Al igual que otros activos como el \u00e1cido hialur\u00f3nico, la vitamina C o el famoso retinol, este ingrediente milagroso puede [&hellip;]<\/p>\n","protected":false},"author":14,"featured_media":91942,"comment_status":"open","ping_status":"open","sticky":false,"template":"","format":"standard","meta":{"jnews-multi-image_gallery":[],"jnews_single_post":{"subtitle":"","format":"standard","video":"","gallery":"","source_name":"","source_url":"","via_name":"","via_url":"","override_template":"0","override":[{"template":"1","single_blog_custom":"","parallax":"1","fullscreen":"0","layout":"right-sidebar-narrow","sidebar":"home-2","second_sidebar":"default-sidebar","sticky_sidebar":"0","share_position":"float","share_float_style":"share-monocrhome","show_share_counter":"1","show_view_counter":"1","show_featured":"1","show_post_meta":"1","show_post_author":"0","show_post_author_image":"1","show_post_date":"1","post_date_format":"default","post_date_format_custom":"Y\/m\/d","show_post_category":"1","show_post_reading_time":"0","post_reading_time_wpm":"300","show_zoom_button":"0","zoom_button_out_step":"2","zoom_button_in_step":"3","show_post_tag":"0","show_prev_next_post":"1","show_popup_post":"1","number_popup_post":"2","show_author_box":"0","show_post_related":"0","show_inline_post_related":"0"}],"override_image_size":"0","image_override":[{"single_post_thumbnail_size":"crop-500","single_post_gallery_size":"crop-500"}],"trending_post":"0","trending_post_position":"meta","trending_post_label":"Trending","sponsored_post":"0","sponsored_post_label":"Sponsored by","sponsored_post_name":"","sponsored_post_url":"","sponsored_post_logo_enable":"0","sponsored_post_logo":"","sponsored_post_desc":"","disable_ad":"0"},"jnews_primary_category":{"id":"","hide":""},"jnews_social_meta":{"fb_title":"","fb_description":"","fb_image":"","twitter_title":"","twitter_description":"","twitter_image":""},"jnews_override_counter":{"override_view_counter":"0","view_counter_number":"0","override_share_counter":"0","share_counter_number":"0","override_like_counter":"0","like_counter_number":"0","override_dislike_counter":"0","dislike_counter_number":"0"},"footnotes":""},"categories":[29,4950],"tags":[],"class_list":["post-66792","post","type-post","status-publish","format-standard","has-post-thumbnail","hentry","category-cosmetica","category-principios-activos"],"_links":{"self":[{"href":"https:\/\/www.primor.eu\/blog\/wp-json\/wp\/v2\/posts\/66792","targetHints":{"allow":["GET"]}}],"collection":[{"href":"https:\/\/www.primor.eu\/blog\/wp-json\/wp\/v2\/posts"}],"about":[{"href":"https:\/\/www.primor.eu\/blog\/wp-json\/wp\/v2\/types\/post"}],"author":[{"embeddable":true,"href":"https:\/\/www.primor.eu\/blog\/wp-json\/wp\/v2\/users\/14"}],"replies":[{"embeddable":true,"href":"https:\/\/www.primor.eu\/blog\/wp-json\/wp\/v2\/comments?post=66792"}],"version-history":[{"count":16,"href":"https:\/\/www.primor.eu\/blog\/wp-json\/wp\/v2\/posts\/66792\/revisions"}],"predecessor-version":[{"id":134941,"href":"https:\/\/www.primor.eu\/blog\/wp-json\/wp\/v2\/posts\/66792\/revisions\/134941"}],"wp:featuredmedia":[{"embeddable":true,"href":"https:\/\/www.primor.eu\/blog\/wp-json\/wp\/v2\/media\/91942"}],"wp:attachment":[{"href":"https:\/\/www.primor.eu\/blog\/wp-json\/wp\/v2\/media?parent=66792"}],"wp:term":[{"taxonomy":"category","embeddable":true,"href":"https:\/\/www.primor.eu\/blog\/wp-json\/wp\/v2\/categories?post=66792"},{"taxonomy":"post_tag","embeddable":true,"href":"https:\/\/www.primor.eu\/blog\/wp-json\/wp\/v2\/tags?post=66792"}],"curies":[{"name":"wp","href":"https:\/\/api.w.org\/{rel}","templated":true}]}}