{"id":66768,"date":"2025-06-25T15:50:44","date_gmt":"2025-06-25T15:50:44","guid":{"rendered":"https:\/\/blog.primor.eu\/?p=53187"},"modified":"2025-12-22T17:13:06","modified_gmt":"2025-12-22T17:13:06","slug":"tenirse-las-cejas","status":"publish","type":"post","link":"https:\/\/www.primor.eu\/blog\/tenirse-las-cejas\/","title":{"rendered":"Te\u00f1irse las cejas: c\u00f3mo hacerlo correctamente en casa con consejos de expertos"},"content":{"rendered":"\n<p>Las cejas son una <strong>parte fundamental <\/strong>del rostro y es que tienen un efecto que puede cambiar por completo la percepci\u00f3n del mismo. Esto es algo que se nota solo con una depilaci\u00f3n err\u00f3nea o, por el contrario, con un <strong>buen dise\u00f1o de cejas<\/strong>. Desde <a href=\"https:\/\/www.primor.eu\/blog\/cejas-decoloradas\/\">te\u00f1irse las cejas<\/a> hasta el maquillaje, son algunos de los trucos para conseguir<strong> enmarcar la mirada.<\/strong><\/p>\n\n\n\n<p>Son realmente el centro de <strong>todas las miradas <\/strong>y es que todo el mundo se fija cuando hay algo nuevo en ellas. Una de las <strong>\u00faltimas tendencias <\/strong>que hemos visto en las pasarelas ha sido la de te\u00f1irse las <a href=\"https:\/\/www.primor.eu\/blog\/powder-brows\/\">cejas<\/a>. Aunque no es necesario hacerlo en otro tono al tuyo, de hecho puedes aplicar t\u00fa mismo color para fortalecer el efecto. Pero antes debes conocer todos los datos necesarios para ponerte manos a la obra.<\/p>\n\n\n\n<h2 class=\"wp-block-heading\">\u00bfPara qu\u00e9 sirven los tintes de cejas?<\/h2>\n\n\n\n<p>Si lo que quieres es lucir unas cejas definidas y marcadas, entonces las cejas te\u00f1idas son lo tuyo. Pero antes vamos a conocer todo sobre este proceso que cambiar\u00e1 por completo la forma de tu rostro. A la hora de te\u00f1irse las cejas, el tinte hace que las fibras capilares se definan con un color semipermanente a tu gusto para aportarle una <strong>mayor densidad<\/strong> a la misma.&nbsp;<\/p>\n\n\n\n<p>Tanto si quieres potenciar tu color para una ceja m\u00e1s vistosa como si quieres experimentar con un sinf\u00edn de colores que son tendencia. Los tintes de cejas son lo \u00fanico que necesitas ya que le aportar\u00e1n al conjunto de vellos el color que m\u00e1s te guste. Tambi\u00e9n debes tener en cuenta que el tinte <strong>no es permanente<\/strong> por lo que en unas semanas deber\u00e1s volver a realizarlo si quieres mantener el resultado de este.&nbsp;<\/p>\n\n\n\n<h2 class=\"wp-block-heading\">C\u00f3mo te\u00f1ir las cejas paso a paso en casa<\/h2>\n\n\n\n<p>Si est\u00e1s pensando en <strong>te\u00f1ir tus cejas <\/strong>desde casa para resaltar y definir tu mirada, recuerda que es importante tener en cuenta que el proceso puede variar dependiendo del producto que utilices. Por lo que, siempre es recomendable seguir las instrucciones espec\u00edficas proporcionadas por el fabricante. Antes de comenzar, aseg\u00farate de tener todos los materiales necesarios. Necesitar\u00e1s un <strong>kit de tinte para cejas<\/strong>, que generalmente incluye el tinte, el revelador, un aplicador y un removedor de manchas. Adem\u00e1s, ten a mano hisopos de algod\u00f3n y vaselina para proteger la piel alrededor de tus cejas. Dicho esto, vamos con el <strong>paso a paso<\/strong>:<\/p>\n\n\n\n<ol class=\"wp-block-list\">\n<li><strong>Prepara el \u00e1rea<\/strong>. Limpia y seca bien tus cejas para asegurarte de que no haya maquillaje, aceite o suciedad que puedan afectar la adhesi\u00f3n del tinte.<\/li>\n\n\n\n<li><strong>Protege la piel. <\/strong>Aplica una capa delgada de vaselina alrededor de tus cejas para evitar que la piel se manche durante el proceso de te\u00f1ido.<\/li>\n\n\n\n<li><strong>Mezcla el tinte<\/strong>. Sigue las instrucciones del kit para mezclar el tinte y el revelador en el recipiente proporcionado. Mezcla bien hasta obtener una consistencia homog\u00e9nea.<\/li>\n\n\n\n<li><strong>Aplica el tinte<\/strong>. Usa el aplicador incluido en el kit o un hisopo de algod\u00f3n para aplicar el tinte a tus cejas. Aseg\u00farate de cubrir todas las \u00e1reas que deseas te\u00f1ir. Evita que el tinte entre en contacto con los ojos.<\/li>\n\n\n\n<li><strong>Tiempo de espera<\/strong>. Deja que el tinte act\u00fae durante el tiempo recomendado en las instrucciones del producto. Esto suele ser entre 5 y 15 minutos, dependiendo del producto y del tono deseado. No excedas el tiempo, ya que podr\u00eda causar irritaci\u00f3n.<\/li>\n\n\n\n<li><strong>Retira el tinte<\/strong>. Una vez que haya pasado el tiempo de espera, utiliza hisopos de algod\u00f3n humedecidos en agua tibia para retirar cuidadosamente el tinte de tus cejas. Realiza movimientos suaves y aseg\u00farate de eliminar todo el exceso de tinte.<\/li>\n\n\n\n<li><strong>Limpia y eval\u00faa el resultado. <\/strong>Limpia el \u00e1rea alrededor de tus cejas para eliminar cualquier mancha de tinte. Una vez que tus cejas est\u00e9n secas, eval\u00faa el resultado. Si deseas un tono m\u00e1s oscuro, puedes repetir el proceso de te\u00f1ido siguiendo nuevamente los pasos anteriores.<\/li>\n<\/ol>\n\n\n\n<h2 class=\"wp-block-heading\">Los mejores tintes de cejas<\/h2>\n\n\n        <product-table class=\"pr-slider\">\r\n            <product-headers class=\"grid-table-rows\">\r\n                <div>Foto<\/div>\r\n                <div>Producto<\/div>\r\n                <div>Marca<\/div>\r\n                <div>Valoraciones<\/div>\r\n                <div>Precio<\/div>\r\n            <\/product-headers>\r\n\r\n            <product-list>\r\n                                    <a href=\"https:\/\/www.primor.eu\/es_es\/beter-tinte-de-cejas-rapido-109237.html?#803=54667\" class=\"product-item grid-table-rows\" target=\"_blank\">\r\n                        <div>\r\n                            <img decoding=\"async\" class=\"product-img\" width=\"80px\" height=\"80px\" src=\"https:\/\/cdn2.primor.eu\/media\/catalog\/product\/cache\/8d3aba296f7a18b5251ee30fa5db42b2\/8\/4\/8412122442514_57b3.jpg\" alt=\"Tinte de Cejas R\u00e1pido\">\r\n                        <\/div>\r\n\r\n                        <!-- Contenido de producto  -->\r\n                        <div>\r\n                            <div class=\"product-position\">\r\n                                #1 Top Ventas                            <\/div>\r\n\r\n                            <h2>\r\n                                Tinte de Cejas R\u00e1pido                            <\/h2>\r\n                        <\/div>\r\n\r\n                        <!-- Imagen y\/o nombre de la marca -->\r\n                        <div>\r\n                                                            <img decoding=\"async\" width=\"70\" src=\"https:\/\/www.primor.eu\/media\/catalog\/category\/BETER.jpg\" alt=\"Beter\">\r\n                                                    <\/div>\r\n\r\n                        <!-- Puntuaci\u00f3n del producto  -->\r\n                        <div class=\"rating\">\r\n                                                            <div class=\"rate\" style=\"--p:80;\"><\/div>\r\n                                <b>4\/5<\/b>\r\n                                <div class=\"rate-stars\">\r\n                                                                            <div\r\n                                            class=\"rate-star  \">\r\n                                        <\/div>\r\n                                                                            <div\r\n                                            class=\"rate-star  \">\r\n                                        <\/div>\r\n                                                                            <div\r\n                                            class=\"rate-star  \">\r\n                                        <\/div>\r\n                                                                            <div\r\n                                            class=\"rate-star  \">\r\n                                        <\/div>\r\n                                                                            <div\r\n                                            class=\"rate-star disable \">\r\n                                        <\/div>\r\n                                                                    <\/div>\r\n                                                    <\/div>\r\n\r\n                        <!-- Bot\u00f3n de producto  -->\r\n                        <div>\r\n                            <span class=\"price-claim\">\r\n                                VER PRECIO                            <\/span>\r\n                        <\/div>\r\n                    <\/a>\r\n                                    <a href=\"https:\/\/www.primor.eu\/es_es\/cameleo-tinte-en-crema-para-cejas-110160.html?#803=49876\" class=\"product-item grid-table-rows\" target=\"_blank\">\r\n                        <div>\r\n                            <img decoding=\"async\" class=\"product-img\" width=\"80px\" height=\"80px\" src=\"https:\/\/cdn2.primor.eu\/media\/catalog\/product\/cache\/8d3aba296f7a18b5251ee30fa5db42b2\/0\/M\/0MO14541_1_e07b.jpg\" alt=\"Tinte en Crema para Cejas\">\r\n                        <\/div>\r\n\r\n                        <!-- Contenido de producto  -->\r\n                        <div>\r\n                            <div class=\"product-position\">\r\n                                #2                            <\/div>\r\n\r\n                            <h2>\r\n                                Tinte en Crema para Cejas                            <\/h2>\r\n                        <\/div>\r\n\r\n                        <!-- Imagen y\/o nombre de la marca -->\r\n                        <div>\r\n                                                            <img decoding=\"async\" width=\"70\" src=\"https:\/\/www.primor.eu\/media\/catalog\/category\/cameleo.jpg\" alt=\"Cameleo\">\r\n                                                    <\/div>\r\n\r\n                        <!-- Puntuaci\u00f3n del producto  -->\r\n                        <div class=\"rating\">\r\n                                                            <div class=\"rate\" style=\"--p:88;\"><\/div>\r\n                                <b>4.4\/5<\/b>\r\n                                <div class=\"rate-stars\">\r\n                                                                            <div\r\n                                            class=\"rate-star  \">\r\n                                        <\/div>\r\n                                                                            <div\r\n                                            class=\"rate-star  \">\r\n                                        <\/div>\r\n                                                                            <div\r\n                                            class=\"rate-star  \">\r\n                                        <\/div>\r\n                                                                            <div\r\n                                            class=\"rate-star  \">\r\n                                        <\/div>\r\n                                                                            <div\r\n                                            class=\"rate-star  \">\r\n                                        <\/div>\r\n                                                                    <\/div>\r\n                                                    <\/div>\r\n\r\n                        <!-- Bot\u00f3n de producto  -->\r\n                        <div>\r\n                            <span class=\"price-claim\">\r\n                                VER PRECIO                            <\/span>\r\n                        <\/div>\r\n                    <\/a>\r\n                                    <a href=\"https:\/\/www.primor.eu\/es_es\/maybelline-new-york-brow-tattoo-tinte-para-cejas-semipermanente-109174.html?#803=57406\" class=\"product-item grid-table-rows\" target=\"_blank\">\r\n                        <div>\r\n                            <img decoding=\"async\" class=\"product-img\" width=\"80px\" height=\"80px\" src=\"https:\/\/cdn2.primor.eu\/media\/catalog\/product\/cache\/8d3aba296f7a18b5251ee30fa5db42b2\/3\/6\/3600531417758_1_fc35.jpg\" alt=\"Brow Tattoo Tinte para Cejas Semipermanente\">\r\n                        <\/div>\r\n\r\n                        <!-- Contenido de producto  -->\r\n                        <div>\r\n                            <div class=\"product-position\">\r\n                                #3                            <\/div>\r\n\r\n                            <h2>\r\n                                Brow Tattoo Tinte para Cejas Semipermanente                            <\/h2>\r\n                        <\/div>\r\n\r\n                        <!-- Imagen y\/o nombre de la marca -->\r\n                        <div>\r\n                                                            <img decoding=\"async\" width=\"70\" src=\"https:\/\/www.primor.eu\/media\/catalog\/category\/maybelline-new-york_1.png\" alt=\"Maybelline New York\">\r\n                                                    <\/div>\r\n\r\n                        <!-- Puntuaci\u00f3n del producto  -->\r\n                        <div class=\"rating\">\r\n                                                            <div class=\"rate\" style=\"--p:82;\"><\/div>\r\n                                <b>4.1\/5<\/b>\r\n                                <div class=\"rate-stars\">\r\n                                                                            <div\r\n                                            class=\"rate-star  \">\r\n                                        <\/div>\r\n                                                                            <div\r\n                                            class=\"rate-star  \">\r\n                                        <\/div>\r\n                                                                            <div\r\n                                            class=\"rate-star  \">\r\n                                        <\/div>\r\n                                                                            <div\r\n                                            class=\"rate-star  \">\r\n                                        <\/div>\r\n                                                                            <div\r\n                                            class=\"rate-star  \">\r\n                                        <\/div>\r\n                                                                    <\/div>\r\n                                                    <\/div>\r\n\r\n                        <!-- Bot\u00f3n de producto  -->\r\n                        <div>\r\n                            <span class=\"price-claim\">\r\n                                VER PRECIO                            <\/span>\r\n                        <\/div>\r\n                    <\/a>\r\n                                    <a href=\"https:\/\/www.primor.eu\/es_es\/rimmel-wonder-last-brows-for-days-tinte-para-cejas-111146.html?#803=43269\" class=\"product-item grid-table-rows\" target=\"_blank\">\r\n                        <div>\r\n                            <img decoding=\"async\" class=\"product-img\" width=\"80px\" height=\"80px\" src=\"https:\/\/cdn2.primor.eu\/media\/catalog\/product\/cache\/8d3aba296f7a18b5251ee30fa5db42b2\/0\/M\/0MO20680_1_db20.jpg\" alt=\"Wonder\u2019last Brows For Days Tinte para Cejas\">\r\n                        <\/div>\r\n\r\n                        <!-- Contenido de producto  -->\r\n                        <div>\r\n                            <div class=\"product-position\">\r\n                                #4                            <\/div>\r\n\r\n                            <h2>\r\n                                Wonder\u2019last Brows For Days Tinte para Cejas                            <\/h2>\r\n                        <\/div>\r\n\r\n                        <!-- Imagen y\/o nombre de la marca -->\r\n                        <div>\r\n                                                            <img decoding=\"async\" width=\"70\" src=\"https:\/\/www.primor.eu\/media\/catalog\/category\/rimmel.jpg\" alt=\"Rimmel\">\r\n                                                    <\/div>\r\n\r\n                        <!-- Puntuaci\u00f3n del producto  -->\r\n                        <div class=\"rating\">\r\n                                                            <div class=\"rate\" style=\"--p:66;\"><\/div>\r\n                                <b>3.3\/5<\/b>\r\n                                <div class=\"rate-stars\">\r\n                                                                            <div\r\n                                            class=\"rate-star  \">\r\n                                        <\/div>\r\n                                                                            <div\r\n                                            class=\"rate-star  \">\r\n                                        <\/div>\r\n                                                                            <div\r\n                                            class=\"rate-star  \">\r\n                                        <\/div>\r\n                                                                            <div\r\n                                            class=\"rate-star  \">\r\n                                        <\/div>\r\n                                                                            <div\r\n                                            class=\"rate-star disable \">\r\n                                        <\/div>\r\n                                                                    <\/div>\r\n                                                    <\/div>\r\n\r\n                        <!-- Bot\u00f3n de producto  -->\r\n                        <div>\r\n                            <span class=\"price-claim\">\r\n                                VER PRECIO                            <\/span>\r\n                        <\/div>\r\n                    <\/a>\r\n                                    <a href=\"https:\/\/www.primor.eu\/es_es\/delia-tinte-para-cejas-aceite-de-argan-36221.html\" class=\"product-item grid-table-rows\" target=\"_blank\">\r\n                        <div>\r\n                            <img decoding=\"async\" class=\"product-img\" width=\"80px\" height=\"80px\" src=\"https:\/\/cdn2.primor.eu\/media\/catalog\/product\/cache\/8d3aba296f7a18b5251ee30fa5db42b2\/0\/M\/0MO16254_1_dd44.jpg\" alt=\"Tinte para Cejas Aceite de Arg\u00e1n\">\r\n                        <\/div>\r\n\r\n                        <!-- Contenido de producto  -->\r\n                        <div>\r\n                            <div class=\"product-position\">\r\n                                #5                            <\/div>\r\n\r\n                            <h2>\r\n                                Tinte para Cejas Aceite de Arg\u00e1n                            <\/h2>\r\n                        <\/div>\r\n\r\n                        <!-- Imagen y\/o nombre de la marca -->\r\n                        <div>\r\n                                                            <img decoding=\"async\" width=\"70\" src=\"https:\/\/www.primor.eu\/media\/catalog\/category\/Delia_767_413.jpg\" alt=\"\">\r\n                                                    <\/div>\r\n\r\n                        <!-- Puntuaci\u00f3n del producto  -->\r\n                        <div class=\"rating\">\r\n                                                            <div class=\"rate\" style=\"--p:82;\"><\/div>\r\n                                <b>4.1\/5<\/b>\r\n                                <div class=\"rate-stars\">\r\n                                                                            <div\r\n                                            class=\"rate-star  \">\r\n                                        <\/div>\r\n                                                                            <div\r\n                                            class=\"rate-star  \">\r\n                                        <\/div>\r\n                                                                            <div\r\n                                            class=\"rate-star  \">\r\n                                        <\/div>\r\n                                                                            <div\r\n                                            class=\"rate-star  \">\r\n                                        <\/div>\r\n                                                                            <div\r\n                                            class=\"rate-star  \">\r\n                                        <\/div>\r\n                                                                    <\/div>\r\n                                                    <\/div>\r\n\r\n                        <!-- Bot\u00f3n de producto  -->\r\n                        <div>\r\n                            <span class=\"price-claim\">\r\n                                VER PRECIO                            <\/span>\r\n                        <\/div>\r\n                    <\/a>\r\n                            <\/product-list>\r\n        <\/product-table>\r\n\r\n        \n\n\n\n<h3 class=\"wp-block-heading has-text-align-left\">Brow &amp; Lashes Tinte de cejas r\u00e1pido de Beter<\/h3>\n\n\n\n<p>El tinte de cejas r\u00e1pido Brow &amp; Lashes de Beter est\u00e1 especialmente dise\u00f1ado para aportar intensidad a las cejas. Vi\u00e9ndose m\u00e1s tupidas y definidas durante 40 d\u00edas. Este tinte de cejas r\u00e1pido es de f\u00e1cil y segura aplicaci\u00f3n, con un resultado muy natural y resistente al agua. Contiene todo lo necesario para una aplicaci\u00f3n sin salir de casa.<\/p>\n\n\n    <a class='product' target='_blank' href='https:\/\/www.primor.eu\/es_es\/beter-tinte-de-cejas-rapido-109237.html?#803=54667'>\r\n        <img loading='async' src='https:\/\/cdn2.primor.eu\/media\/catalog\/product\/cache\/8d3aba296f7a18b5251ee30fa5db42b2\/8\/4\/8412122442514_57b3.jpg' alt='COMPRAR AHORA'>\r\n            <div class=\"claim\">\r\n                COMPRAR AHORA            <\/div>\r\n        <\/a>\r\n    \n\n\n\n<h3 class=\"wp-block-heading has-text-align-left\">Tinte en crema para cejas de Cameleo<\/h3>\n\n\n\n<p>Un tinte con olor suave que adem\u00e1s de tintar, hidrata y protege los da\u00f1os de tus cejas. Disponible en varios tonos de negro y marr\u00f3n. Aunque podemos aumentar estos tonos a m\u00e1s suaves o intensos seg\u00fan el tiempo que lo dejemos actuando. Su f\u00f3rmula de alta duraci\u00f3n permitir\u00e1 que tus cejas tengan un color radiante durante mucho m\u00e1s tiempo.<\/p>\n\n\n    <a class='product' target='_blank' href='https:\/\/www.primor.eu\/es_es\/cameleo-tinte-en-crema-para-cejas-110160.html?#803=49876'>\r\n        <img loading='async' src='https:\/\/cdn2.primor.eu\/media\/catalog\/product\/cache\/8d3aba296f7a18b5251ee30fa5db42b2\/0\/M\/0MO14541_1_e07b.jpg' alt='COMPRAR AHORA'>\r\n            <div class=\"claim\">\r\n                COMPRAR AHORA            <\/div>\r\n        <\/a>\r\n    \n\n\n\n<h3 class=\"wp-block-heading has-text-align-left\">Brow Tattoo de Maybelline New York&nbsp;<\/h3>\n\n\n\n<p>El tinte para cejas Brow Tattoo de Maybelline New York es el primer tinte peel-off de cejas semipermanente. Con \u00e9l conseguir\u00e1s unas cejas naturales, uniformes y sin huecos durante 3 d\u00edas. La f\u00f3rmula se seca creando una pel\u00edcula con tecnolog\u00eda peel-off. Se retira f\u00e1cilmente de la ceja, ti\u00f1endo la piel y cubriendo todos los huecos.<\/p>\n\n\n    <a class='product' target='_blank' href='https:\/\/www.primor.eu\/es_es\/maybelline-new-york-brow-tattoo-tinte-para-cejas-semipermanente-109174.html?#803=57406'>\r\n        <img loading='async' src='https:\/\/cdn2.primor.eu\/media\/catalog\/product\/cache\/8d3aba296f7a18b5251ee30fa5db42b2\/3\/6\/3600531417758_1_fc35.jpg' alt='COMPRAR AHORA'>\r\n            <div class=\"claim\">\r\n                COMPRAR AHORA            <\/div>\r\n        <\/a>\r\n    \n\n\n\n<h3 class=\"wp-block-heading\">Wonder\u2019last Brows For Days Tinte para Cejas de Rimmel<\/h3>\n\n\n\n<p>Permite obtener un efecto duradero y natural de cejas gruesas hasta por 2 d\u00edas. Su dise\u00f1o cuenta con un aplicador con punta precisa que asegura una cobertura completa del pelo y un cepillo incorporado que asegura una distribuci\u00f3n perfecta.<\/p>\n\n\n    <a class='product' target='_blank' href='https:\/\/www.primor.eu\/es_es\/rimmel-wonder-last-brows-for-days-tinte-para-cejas-111146.html?#803=43269'>\r\n        <img loading='async' src='https:\/\/cdn2.primor.eu\/media\/catalog\/product\/cache\/8d3aba296f7a18b5251ee30fa5db42b2\/0\/M\/0MO20680_1_db20.jpg' alt='COMPRAR AHORA'>\r\n            <div class=\"claim\">\r\n                COMPRAR AHORA            <\/div>\r\n        <\/a>\r\n    \n\n\n\n<h3 class=\"wp-block-heading\">Tinte para Cejas Aceite de Arg\u00e1n de Delia<\/h3>\n\n\n\n<p>Es una crema de color que ti\u00f1e progresivamente las cejas con una f\u00f3rmula innovadora, cuidadosa, r\u00e1pida y eficiente, para un dise\u00f1o y mantenimiento del color hasta 14 d\u00eda. Contiene aceite de arg\u00e1n para proteger la piel y el vello de la zona, as\u00ed como mantenerlo hidratado para un \u00f3ptimo resultado.<\/p>\n\n\n    <a class='product' target='_blank' href='https:\/\/www.primor.eu\/es_es\/delia-tinte-para-cejas-aceite-de-argan-36221.html'>\r\n        <img loading='async' src='https:\/\/cdn2.primor.eu\/media\/catalog\/product\/cache\/8d3aba296f7a18b5251ee30fa5db42b2\/0\/M\/0MO16254_1_dd44.jpg' alt='COMPRAR AHORA'>\r\n            <div class=\"claim\">\r\n                COMPRAR AHORA            <\/div>\r\n        <\/a>\r\n    \n\n\n\n<h3 class=\"wp-block-heading\">Brow Tinte Permanente de Cejas de Syoss<\/h3>\n\n\n\n<p>Se aplica f\u00e1cilmente gracias a su cepillo compacto, permitiendo precisi\u00f3n y resultados profesionales desde casa. Con una duraci\u00f3n de hasta 40 d\u00edas, este tinte permanente de cejas garantiza un aspecto definido y natural. Si buscas un tinte permanente de cejas confiable y efectivo, el tinte permanente de cejas Brow de SYOSS es la elecci\u00f3n ideal para mantener tus cejas perfectamente te\u00f1idas y definidas durante semanas.<\/p>\n\n\n    <a class='product' target='_blank' href='https:\/\/www.primor.eu\/es_es\/syoss-tinte-de-cejas-syoss-brow-tint-123274.html?#803=57890'>\r\n        <img loading='async' src='https:\/\/cdn2.primor.eu\/media\/catalog\/product\/cache\/8d3aba296f7a18b5251ee30fa5db42b2\/8\/4\/8410436482080_BT_Negro_Front_f02b.jpg' alt='COMPRAR AHORA'>\r\n            <div class=\"claim\">\r\n                COMPRAR AHORA            <\/div>\r\n        <\/a>\r\n    \n\n\n<div class=\"kk-star-ratings kksr-auto kksr-align-center kksr-valign-bottom\"\n    data-payload='{&quot;align&quot;:&quot;center&quot;,&quot;id&quot;:&quot;66768&quot;,&quot;slug&quot;:&quot;default&quot;,&quot;valign&quot;:&quot;bottom&quot;,&quot;ignore&quot;:&quot;&quot;,&quot;reference&quot;:&quot;auto&quot;,&quot;class&quot;:&quot;&quot;,&quot;count&quot;:&quot;1&quot;,&quot;legendonly&quot;:&quot;&quot;,&quot;readonly&quot;:&quot;&quot;,&quot;score&quot;:&quot;5&quot;,&quot;starsonly&quot;:&quot;&quot;,&quot;best&quot;:&quot;5&quot;,&quot;gap&quot;:&quot;5&quot;,&quot;greet&quot;:&quot;Valora este art\u00edculo&quot;,&quot;legend&quot;:&quot;5\\\/5 - (1 voto)&quot;,&quot;size&quot;:&quot;24&quot;,&quot;title&quot;:&quot;Te\u00f1irse las cejas: c\u00f3mo hacerlo correctamente en casa con consejos de expertos&quot;,&quot;width&quot;:&quot;142.5&quot;,&quot;_legend&quot;:&quot;{score}\\\/{best} - ({count} {votes})&quot;,&quot;font_factor&quot;:&quot;1.25&quot;}'>\n            \n<div class=\"kksr-stars\">\n    \n<div class=\"kksr-stars-inactive\">\n            <div class=\"kksr-star\" data-star=\"1\" style=\"padding-right: 5px\">\n            \n\n<div class=\"kksr-icon\" style=\"width: 24px; height: 24px;\"><\/div>\n        <\/div>\n            <div class=\"kksr-star\" data-star=\"2\" style=\"padding-right: 5px\">\n            \n\n<div class=\"kksr-icon\" style=\"width: 24px; height: 24px;\"><\/div>\n        <\/div>\n            <div class=\"kksr-star\" data-star=\"3\" style=\"padding-right: 5px\">\n            \n\n<div class=\"kksr-icon\" style=\"width: 24px; height: 24px;\"><\/div>\n        <\/div>\n            <div class=\"kksr-star\" data-star=\"4\" style=\"padding-right: 5px\">\n            \n\n<div class=\"kksr-icon\" style=\"width: 24px; height: 24px;\"><\/div>\n        <\/div>\n            <div class=\"kksr-star\" data-star=\"5\" style=\"padding-right: 5px\">\n            \n\n<div class=\"kksr-icon\" style=\"width: 24px; height: 24px;\"><\/div>\n        <\/div>\n    <\/div>\n    \n<div class=\"kksr-stars-active\" style=\"width: 142.5px;\">\n            <div class=\"kksr-star\" style=\"padding-right: 5px\">\n            \n\n<div class=\"kksr-icon\" style=\"width: 24px; height: 24px;\"><\/div>\n        <\/div>\n            <div class=\"kksr-star\" style=\"padding-right: 5px\">\n            \n\n<div class=\"kksr-icon\" style=\"width: 24px; height: 24px;\"><\/div>\n        <\/div>\n            <div class=\"kksr-star\" style=\"padding-right: 5px\">\n            \n\n<div class=\"kksr-icon\" style=\"width: 24px; height: 24px;\"><\/div>\n        <\/div>\n            <div class=\"kksr-star\" style=\"padding-right: 5px\">\n            \n\n<div class=\"kksr-icon\" style=\"width: 24px; height: 24px;\"><\/div>\n        <\/div>\n            <div class=\"kksr-star\" style=\"padding-right: 5px\">\n            \n\n<div class=\"kksr-icon\" style=\"width: 24px; height: 24px;\"><\/div>\n        <\/div>\n    <\/div>\n<\/div>\n                \n\n<div class=\"kksr-legend\" style=\"font-size: 19.2px;\">\n            5\/5 - (1 voto)    <\/div>\n    <\/div>\n","protected":false},"excerpt":{"rendered":"<p>Las cejas son una parte fundamental del rostro y es que tienen un efecto que puede cambiar por completo la percepci\u00f3n del mismo. Esto es algo que se nota solo con una depilaci\u00f3n err\u00f3nea o, por el contrario, con un buen dise\u00f1o de cejas. Desde te\u00f1irse las cejas hasta el maquillaje, son algunos de los [&hellip;]<\/p>\n","protected":false},"author":14,"featured_media":90792,"comment_status":"open","ping_status":"open","sticky":false,"template":"","format":"standard","meta":{"jnews-multi-image_gallery":[],"jnews_single_post":{"subtitle":"","format":"standard","video":"","gallery":"","source_name":"","source_url":"","via_name":"","via_url":"","override_template":"0","override":[{"template":"1","single_blog_custom":"","parallax":"1","fullscreen":"1","layout":"right-sidebar","sidebar":"home-2","second_sidebar":"default-sidebar","sticky_sidebar":"0","share_position":"float","share_float_style":"share-monocrhome","show_share_counter":"1","show_view_counter":"1","show_featured":"1","show_post_meta":"1","show_post_author":"0","show_post_author_image":"1","show_post_date":"1","post_date_format":"default","post_date_format_custom":"Y\/m\/d","show_post_category":"1","show_post_reading_time":"0","post_reading_time_wpm":"300","show_zoom_button":"0","zoom_button_out_step":"2","zoom_button_in_step":"3","show_post_tag":"0","show_prev_next_post":"1","show_popup_post":"1","number_popup_post":"2","show_author_box":"0","show_post_related":"0","show_inline_post_related":"0"}],"override_image_size":"0","image_override":[{"single_post_thumbnail_size":"crop-500","single_post_gallery_size":"crop-500"}],"trending_post":"0","trending_post_position":"meta","trending_post_label":"Trending","sponsored_post":"0","sponsored_post_label":"Sponsored by","sponsored_post_name":"","sponsored_post_url":"","sponsored_post_logo_enable":"0","sponsored_post_logo":"","sponsored_post_desc":"","disable_ad":"0"},"jnews_primary_category":{"id":"","hide":""},"jnews_social_meta":{"fb_title":"","fb_description":"","fb_image":"","twitter_title":"","twitter_description":"","twitter_image":""},"jnews_override_counter":{"override_view_counter":"0","view_counter_number":"0","override_share_counter":"0","share_counter_number":"0","override_like_counter":"0","like_counter_number":"0","override_dislike_counter":"0","dislike_counter_number":"0"},"footnotes":""},"categories":[35],"tags":[],"class_list":["post-66768","post","type-post","status-publish","format-standard","has-post-thumbnail","hentry","category-cabello"],"_links":{"self":[{"href":"https:\/\/www.primor.eu\/blog\/wp-json\/wp\/v2\/posts\/66768","targetHints":{"allow":["GET"]}}],"collection":[{"href":"https:\/\/www.primor.eu\/blog\/wp-json\/wp\/v2\/posts"}],"about":[{"href":"https:\/\/www.primor.eu\/blog\/wp-json\/wp\/v2\/types\/post"}],"author":[{"embeddable":true,"href":"https:\/\/www.primor.eu\/blog\/wp-json\/wp\/v2\/users\/14"}],"replies":[{"embeddable":true,"href":"https:\/\/www.primor.eu\/blog\/wp-json\/wp\/v2\/comments?post=66768"}],"version-history":[{"count":9,"href":"https:\/\/www.primor.eu\/blog\/wp-json\/wp\/v2\/posts\/66768\/revisions"}],"predecessor-version":[{"id":136510,"href":"https:\/\/www.primor.eu\/blog\/wp-json\/wp\/v2\/posts\/66768\/revisions\/136510"}],"wp:featuredmedia":[{"embeddable":true,"href":"https:\/\/www.primor.eu\/blog\/wp-json\/wp\/v2\/media\/90792"}],"wp:attachment":[{"href":"https:\/\/www.primor.eu\/blog\/wp-json\/wp\/v2\/media?parent=66768"}],"wp:term":[{"taxonomy":"category","embeddable":true,"href":"https:\/\/www.primor.eu\/blog\/wp-json\/wp\/v2\/categories?post=66768"},{"taxonomy":"post_tag","embeddable":true,"href":"https:\/\/www.primor.eu\/blog\/wp-json\/wp\/v2\/tags?post=66768"}],"curies":[{"name":"wp","href":"https:\/\/api.w.org\/{rel}","templated":true}]}}