{"id":66751,"date":"2023-08-18T08:31:33","date_gmt":"2023-08-18T08:31:33","guid":{"rendered":"https:\/\/blog.primor.eu\/?p=16400"},"modified":"2025-11-09T09:07:13","modified_gmt":"2025-11-09T09:07:13","slug":"yoga-facial-ejercicios-cara","status":"publish","type":"post","link":"https:\/\/www.primor.eu\/blog\/yoga-facial-ejercicios-cara\/","title":{"rendered":"Ejercicios de yoga facial para un rostro tonificado"},"content":{"rendered":"\n<p>Ejercitar los m\u00fasculos de tu cara tiene beneficios incre\u00edbles com por ejemplo combatir el envejecimiento. Empieza con el yoga facial con estos ejercicios. No hace mucho, en este <a href=\"https:\/\/www.primor.eu\/es_es\/primor-fit?utm_source=organic&amp;utm_medium=blog&amp;utm_campaign=es-blog-post-66751-page-primor-fit\">mismo blog<\/a> lanz\u00e1bamos la siguiente pregunta: \u00bfsab\u00edais que hay <strong>57 m\u00fasculos<\/strong> en nuestro rostro y que, por ejemplo, necesitamos activar m\u00e1s de 40 para enfadarnos? Con ella quer\u00edamos poner sobre la mesa una verdad evidente. Y es que la cara tiene muchos m\u00fasculos y que estos tambi\u00e9n merecen ser ejercitados y entrenados. La disciplina m\u00e1s efectiva para hacerlo est\u00e1 clara: el <strong>yoga facial<\/strong>.<\/p>\n\n\n\n<p>Entre los m\u00faltiples <strong>beneficios<\/strong> de estas sesiones de entrenamiento est\u00e1n: que combate la flacidez, que mejora la flexibilidad de la piel del rostro. Adem\u00e1s, estimula la circulaci\u00f3n sangu\u00ednea, que fortalece la musculatura facial (y la del cuello) y que ayuda al bienestar emocional.<\/p>\n\n\n\n<h2 class=\"wp-block-heading\">\u00bfQu\u00e9 es el yoga facial?<\/h2>\n\n\n\n<p>El yoga es una pr\u00e1ctica milenaria que lleva ya d\u00e9cadas instalada en la cultura occidental. Instalada ya como una disciplina con la que cuerpo y mente se benefician de m\u00faltiples maneras. Sin embargo, ha sido en los \u00faltimos meses cuando una de sus variantes m\u00e1s especializadas ha empezado a sonar con fuerza: el <a href=\"https:\/\/www.primor.eu\/blog\/yoga-facial-ejercicios-para-principiantes\/\"><strong>yoga facial<\/strong>.<\/a>&nbsp;<\/p>\n\n\n\n<p>En la primera edici\u00f3n de 1983 de \u201cEl libro completo del Yoga\u201d de James Hewitt ya se habla del yoga facial. Y tambi\u00e9n se encuentran ejercicios para relajar los m\u00fasculos de la cara. Sin embargo, no ha sido hasta ahora, un momento en el que hay una especial dedicaci\u00f3n a cuidarse por dentro y por fuera, cuando esta pr\u00e1ctica ha despegado.<\/p>\n\n\n\n<p>El yoga facial se basa en que nuestra cara est\u00e1 <strong>formada por decenas de m\u00fasculos<\/strong>. Al igual que hacemos con los del resto del cuerpo, deber\u00edamos de ejercitar para mantenerlos fuertes y tonificados. Si tenemos un rostro \u201centrenado\u201d, estar\u00e1 m\u00e1s firme, tonificado y se reducir\u00e1n notablemente los signos de la edad.&nbsp;<\/p>\n\n\n\n<p>Los m\u00fasculos de la cara, no son diferentes a los del resto del cuerpo, simplemente son m\u00e1s peque\u00f1os. Si no <a href=\"https:\/\/www.primor.eu\/blog\/yoga-facial-ejercicios\/\">ejercitas<\/a> tu cuerpo, este se va tornando fl\u00e1cido y d\u00e9bil. Lo mismo sucede con los m\u00fasculos de la cara. Lo interesante de la musculatura facial es que est\u00e1 conectada entre s\u00ed de forma que los distintos ejercicios act\u00faan en sinergia unos con otros<\/p>\n\n\n\n<h2 class=\"wp-block-heading\">Cualquiera puede realizar esta pr\u00e1ctica<\/h2>\n\n\n\n<p>La edad ser\u00e1 determinante a la hora de empezar a ver resultados, y <strong>cuanto m\u00e1s joven se empiece mejor.<\/strong> Si empezamos con 30 a\u00f1os, lo que haremos ser\u00e1 mantener nuestro tono muscular tonificado, (congelado en el tiempo). Si comenzamos con 45 y ya notamos los efectos de la flacidez, con la pr\u00e1ctica y siendo constante empezaremos a recuperar el tono muscular. Adem\u00e1s, eso nos ayudar\u00e1 a suavizar las l\u00edneas de expresi\u00f3n y recuperar la firmeza de nuestra piel.<\/p>\n\n\n\n<p>As\u00ed, en resumidas cuentas, el yoga facial es un m\u00e9todo que estimula los tejidos, fortalece los anclajes naturales del rostro y mejora las arrugas de expresi\u00f3n.<\/p>\n\n\n\n<h2 class=\"wp-block-heading\">De la teor\u00eda del yoga facial a la pr\u00e1ctica<\/h2>\n\n\n\n<p>Qu\u00e9 es y qu\u00e9 puede aportar a nuestra vida el <strong>yoga facial<\/strong> es algo que tenemos, a estas alturas, bastante claro. Eso s\u00ed, nos cuenta traducir esos conocimientos a la pr\u00e1ctica. Y es que, \u00bfqu\u00e9 <strong>ejercicios<\/strong> hay que realizar para iniciarse en esta disciplina? Para hacerlo de forma correcta y efectiva, hemos recurrido a un v\u00eddeo que la experta en yoga <a href=\"https:\/\/www.instagram.com\/xuanlanyoga\/\" target=\"_blank\" rel=\"noopener\"><strong>Xuan Lan<\/strong><\/a> grab\u00f3 ense\u00f1ando una rutina de entrenamiento para principiantes. <strong>Estos son sus ejercicios.<\/strong><\/p>\n\n\n\n<ol class=\"wp-block-list\">\n<li>Apoyar los dedos de las manos en la frente y presionar hacia arriba a la vez que elevamos la mirada. Intentamos cerrar los p\u00e1rpados y estar muy pendientes de la respiraci\u00f3n.<\/li>\n\n\n\n<li>Situar los dedos al lado de las aletas de la nariz y presionar mientras inhalamos y exhalamos. En cada respiraci\u00f3n, la instructora recomienda ir desplazando la presi\u00f3n de los dedos hacia los p\u00f3mulos y orejas.<\/li>\n\n\n\n<li>Colocar el dedo medio en el p\u00e1rpado contrario a la vez que apoyamos el \u00edndice en el borde exterior del ojo. Sin dejar de hace presi\u00f3n, llevamos la cabeza al hombro. Repetir con el lado opuesto y respirar profundamente en cada intercambio.<\/li>\n\n\n\n<li>Cerramos los ojos con fuerza, inhalamos e \u2018hinchamos\u2019 las mejillas. Exhalamos con fuerza y relajamos los m\u00fasculos. Repetir varias veces para trabajar las l\u00edneas de expresi\u00f3n.<\/li>\n\n\n\n<li>Apoyamos las yemas de los dedos en la frente, justo al lado de la ra\u00edz del cabello y presionamos mientras inhalamos y exhalamos. En cada respiraci\u00f3n, vamos deslizando la presi\u00f3n de los dedos hacia las orejas.<\/li>\n<\/ol>\n\n\n\n<p>Una vez terminada esta rutina y en cada cambio de ejercicio, la profesora de yoga recuerda que hay que respirar consciente y pausadamente. Eso ayudar\u00e1 a la relajaci\u00f3n y al bienestar. Seg\u00fan <strong>Xuan Lan<\/strong>, realizando con constancia estos ejercicios faciales ayudaremos a nuestra piel a lucir m\u00e1s fuerte. Tambi\u00e9n m\u00e1s joven y a tener menos estr\u00e9s y menos arrugas. \u00bfQui\u00e9n no ha deseado eso alguna vez?<\/p>\n\n\n\n<p>\u00a1Namaste!<\/p>\n\n\n\n<h2 class=\"wp-block-heading\">Complementos para tu yoga facial<\/h2>\n\n\n\n<h3 class=\"wp-block-heading\">Masajeador Facial Cuarzo Rosa de Cosmetic Club<\/h3>\n\n\n\n<p>Cuidar tu piel con este rodillo de masaje de Cuarzo Rosa.<\/p>\n\n\n\n<p>Efecto relajante y tonificante.<\/p>\n\n\n\n<p>Para todo tipo de piel.<\/p>\n\n\n    <a class=\"product\" target=\"_blank\" href=\"https:\/\/www.primor.eu\/es_es\/cosmetic-club-masajeador-facial-cuarzo-rosa-17563.html\">\r\n        <img loading='async' src='https:\/\/cdn2.primor.eu\/media\/catalog\/product\/cache\/8d3aba296f7a18b5251ee30fa5db42b2\/6\/V\/6VA28245_1_a838.jpg' alt='COMPRAR AHORA'>\r\n            <div class=\"claim\">\r\n                COMPRAR AHORA            <\/div>\r\n        <\/a>\r\n    \n\n\n<h3 class=\"wp-block-heading\">Limpiador y Masajeador Facial El\u00e9ctrico de Sys Cosm\u00e9tica Natural y Aromas<\/h3>\n\n\n\n<p>Cinco velocidades de hasta 8.000 pulsaciones por minuto, que ayuda a eliminar a fondo el 99,5% de la suciedad, grasa acumulada, poluci\u00f3n, toxinas, impurezas, piel muerta, acn\u00e9 y restos de maquillaje. Se puede utilizar con jab\u00f3n limpiador facial, ya que este limpiador es resistente al agua, pudi\u00e9ndose utilizar tranquila y c\u00f3modamente bajo el grifo o en la ducha, lo que asegura una limpieza m\u00e1s f\u00e1cil y r\u00e1pida.<\/p>\n\n\n    <a class=\"product\" target=\"_blank\" href=\"https:\/\/www.primor.eu\/es_es\/sys-cosmetica-natural-y-aromas-limpiador-y-masajeador-facial-electrico-28382.html\">\r\n        <img loading='async' src='https:\/\/cdn2.primor.eu\/media\/catalog\/product\/cache\/8d3aba296f7a18b5251ee30fa5db42b2\/6\/V\/6VA28211_1_1182.jpg' alt='COMPRAR AHORA'>\r\n            <div class=\"claim\">\r\n                COMPRAR AHORA            <\/div>\r\n        <\/a>\r\n    \n\n<div class=\"kk-star-ratings kksr-auto kksr-align-center kksr-valign-bottom\"\n    data-payload='{&quot;align&quot;:&quot;center&quot;,&quot;id&quot;:&quot;66751&quot;,&quot;slug&quot;:&quot;default&quot;,&quot;valign&quot;:&quot;bottom&quot;,&quot;ignore&quot;:&quot;&quot;,&quot;reference&quot;:&quot;auto&quot;,&quot;class&quot;:&quot;&quot;,&quot;count&quot;:&quot;0&quot;,&quot;legendonly&quot;:&quot;&quot;,&quot;readonly&quot;:&quot;&quot;,&quot;score&quot;:&quot;0&quot;,&quot;starsonly&quot;:&quot;&quot;,&quot;best&quot;:&quot;5&quot;,&quot;gap&quot;:&quot;5&quot;,&quot;greet&quot;:&quot;Valora este art\u00edculo&quot;,&quot;legend&quot;:&quot;0\\\/5 - (0 votos)&quot;,&quot;size&quot;:&quot;24&quot;,&quot;title&quot;:&quot;Ejercicios de yoga facial para un rostro tonificado&quot;,&quot;width&quot;:&quot;0&quot;,&quot;_legend&quot;:&quot;{score}\\\/{best} - ({count} {votes})&quot;,&quot;font_factor&quot;:&quot;1.25&quot;}'>\n            \n<div class=\"kksr-stars\">\n    \n<div class=\"kksr-stars-inactive\">\n            <div class=\"kksr-star\" data-star=\"1\" style=\"padding-right: 5px\">\n            \n\n<div class=\"kksr-icon\" style=\"width: 24px; height: 24px;\"><\/div>\n        <\/div>\n            <div class=\"kksr-star\" data-star=\"2\" style=\"padding-right: 5px\">\n            \n\n<div class=\"kksr-icon\" style=\"width: 24px; height: 24px;\"><\/div>\n        <\/div>\n            <div class=\"kksr-star\" data-star=\"3\" style=\"padding-right: 5px\">\n            \n\n<div class=\"kksr-icon\" style=\"width: 24px; height: 24px;\"><\/div>\n        <\/div>\n            <div class=\"kksr-star\" data-star=\"4\" style=\"padding-right: 5px\">\n            \n\n<div class=\"kksr-icon\" style=\"width: 24px; height: 24px;\"><\/div>\n        <\/div>\n            <div class=\"kksr-star\" data-star=\"5\" style=\"padding-right: 5px\">\n            \n\n<div class=\"kksr-icon\" style=\"width: 24px; height: 24px;\"><\/div>\n        <\/div>\n    <\/div>\n    \n<div class=\"kksr-stars-active\" style=\"width: 0px;\">\n            <div class=\"kksr-star\" style=\"padding-right: 5px\">\n            \n\n<div class=\"kksr-icon\" style=\"width: 24px; height: 24px;\"><\/div>\n        <\/div>\n            <div class=\"kksr-star\" style=\"padding-right: 5px\">\n            \n\n<div class=\"kksr-icon\" style=\"width: 24px; height: 24px;\"><\/div>\n        <\/div>\n            <div class=\"kksr-star\" style=\"padding-right: 5px\">\n            \n\n<div class=\"kksr-icon\" style=\"width: 24px; height: 24px;\"><\/div>\n        <\/div>\n            <div class=\"kksr-star\" style=\"padding-right: 5px\">\n            \n\n<div class=\"kksr-icon\" style=\"width: 24px; height: 24px;\"><\/div>\n        <\/div>\n            <div class=\"kksr-star\" style=\"padding-right: 5px\">\n            \n\n<div class=\"kksr-icon\" style=\"width: 24px; height: 24px;\"><\/div>\n        <\/div>\n    <\/div>\n<\/div>\n                \n\n<div class=\"kksr-legend\" style=\"font-size: 19.2px;\">\n            <span class=\"kksr-muted\">Valora este art\u00edculo<\/span>\n    <\/div>\n    <\/div>\n","protected":false},"excerpt":{"rendered":"<p>Ejercitar los m\u00fasculos de tu cara tiene beneficios incre\u00edbles com por ejemplo combatir el envejecimiento. Empieza con el yoga facial con estos ejercicios. No hace mucho, en este mismo blog lanz\u00e1bamos la siguiente pregunta: \u00bfsab\u00edais que hay 57 m\u00fasculos en nuestro rostro y que, por ejemplo, necesitamos activar m\u00e1s de 40 para enfadarnos? Con ella [&hellip;]<\/p>\n","protected":false},"author":14,"featured_media":83889,"comment_status":"open","ping_status":"open","sticky":false,"template":"","format":"standard","meta":{"jnews-multi-image_gallery":[],"jnews_single_post":{"subtitle":"","format":"standard","video":"","gallery":"","source_name":"","source_url":"","via_name":"","via_url":"","override_template":"0","override":[{"template":"1","single_blog_custom":"","parallax":"1","fullscreen":"1","layout":"right-sidebar","sidebar":"home-2","second_sidebar":"default-sidebar","sticky_sidebar":"0","share_position":"float","share_float_style":"share-monocrhome","show_share_counter":"1","show_view_counter":"1","show_featured":"1","show_post_meta":"1","show_post_author":"0","show_post_author_image":"1","show_post_date":"1","post_date_format":"default","post_date_format_custom":"Y\/m\/d","show_post_category":"1","show_post_reading_time":"0","post_reading_time_wpm":"300","show_zoom_button":"0","zoom_button_out_step":"2","zoom_button_in_step":"3","show_post_tag":"0","show_prev_next_post":"1","show_popup_post":"1","number_popup_post":"2","show_author_box":"0","show_post_related":"0","show_inline_post_related":"0"}],"override_image_size":"0","image_override":[{"single_post_thumbnail_size":"crop-500","single_post_gallery_size":"crop-500"}],"trending_post":"0","trending_post_position":"meta","trending_post_label":"Trending","sponsored_post":"0","sponsored_post_label":"Sponsored by","sponsored_post_name":"","sponsored_post_url":"","sponsored_post_logo_enable":"0","sponsored_post_logo":"","sponsored_post_desc":"","disable_ad":"0"},"jnews_primary_category":{"id":"","hide":""},"jnews_social_meta":{"fb_title":"","fb_description":"","fb_image":"","twitter_title":"","twitter_description":"","twitter_image":""},"jnews_override_counter":{"override_view_counter":"0","view_counter_number":"0","override_share_counter":"0","share_counter_number":"0","override_like_counter":"0","like_counter_number":"0","override_dislike_counter":"0","dislike_counter_number":"0"},"footnotes":""},"categories":[6299],"tags":[],"class_list":["post-66751","post","type-post","status-publish","format-standard","has-post-thumbnail","hentry","category-bienestar"],"_links":{"self":[{"href":"https:\/\/www.primor.eu\/blog\/wp-json\/wp\/v2\/posts\/66751","targetHints":{"allow":["GET"]}}],"collection":[{"href":"https:\/\/www.primor.eu\/blog\/wp-json\/wp\/v2\/posts"}],"about":[{"href":"https:\/\/www.primor.eu\/blog\/wp-json\/wp\/v2\/types\/post"}],"author":[{"embeddable":true,"href":"https:\/\/www.primor.eu\/blog\/wp-json\/wp\/v2\/users\/14"}],"replies":[{"embeddable":true,"href":"https:\/\/www.primor.eu\/blog\/wp-json\/wp\/v2\/comments?post=66751"}],"version-history":[{"count":4,"href":"https:\/\/www.primor.eu\/blog\/wp-json\/wp\/v2\/posts\/66751\/revisions"}],"predecessor-version":[{"id":134458,"href":"https:\/\/www.primor.eu\/blog\/wp-json\/wp\/v2\/posts\/66751\/revisions\/134458"}],"wp:featuredmedia":[{"embeddable":true,"href":"https:\/\/www.primor.eu\/blog\/wp-json\/wp\/v2\/media\/83889"}],"wp:attachment":[{"href":"https:\/\/www.primor.eu\/blog\/wp-json\/wp\/v2\/media?parent=66751"}],"wp:term":[{"taxonomy":"category","embeddable":true,"href":"https:\/\/www.primor.eu\/blog\/wp-json\/wp\/v2\/categories?post=66751"},{"taxonomy":"post_tag","embeddable":true,"href":"https:\/\/www.primor.eu\/blog\/wp-json\/wp\/v2\/tags?post=66751"}],"curies":[{"name":"wp","href":"https:\/\/api.w.org\/{rel}","templated":true}]}}