{"id":66734,"date":"2025-10-27T07:06:29","date_gmt":"2025-10-27T07:06:29","guid":{"rendered":"https:\/\/blog.primor.eu\/?p=33097"},"modified":"2026-01-29T08:55:41","modified_gmt":"2026-01-29T08:55:41","slug":"tratamiento-de-keratina","status":"publish","type":"post","link":"https:\/\/www.primor.eu\/blog\/tratamiento-de-keratina\/","title":{"rendered":"Tratamiento de keratina: qu\u00e9 es y cu\u00e1l es el mejor para tu pelo en 2026"},"content":{"rendered":"\n<p>Quiz\u00e1s busques que tu <a href=\"https:\/\/www.primor.eu\/es_es\/aceites-para-el-pelo-y-tratamientos\">tratamiento de cabello<\/a> luzca brillante, fuerte y como reci\u00e9n salido de la peluquer\u00eda. \u00a1Es el sue\u00f1o de cualquiera! Aunque factores como la poluci\u00f3n o el clima pueden afectar al aspecto de nuestro cabello, encrespado y debilitando su estructura capilar. Por eso, es posible que hayas pensado en el <strong><a href=\"https:\/\/www.primor.eu\/blog\/keratina-que-es-usos\/\" data-type=\"link\" data-id=\"https:\/\/www.primor.eu\/blog\/keratina-que-es-usos\/?srsltid=AfmBOoqtgqhzoOi3zlC_-83aaP21GscZr1kG6NUMzm8mNYsexlk8EBcW\">tratamiento de keratina<\/a>.<\/strong> Pero \u00bfQu\u00e9 es exactamente? Y lo m\u00e1s importante, \u00bfes o no es para m\u00ed? Sigue leyendo, porque te explicamos todo lo que deber\u00edas saber.\u00a0<\/p>\n\n\n\n<h2 class=\"wp-block-heading\">\u00bfQu\u00e9 es el tratamiento de keratina?<\/h2>\n\n\n\n<p>La <strong>keratina<\/strong> es una prote\u00edna que genera nuestro cuerpo. Sin embargo, produce muy poca cantidad. Es un activo que nuestro cabello necesita para lucir sano, fuerte y brillante; por lo que al usar productos o tratamientos que tengan este ingrediente como el principal en su base, ayudar\u00e1 a tu cabello a lucir reparado y nutrido de la ra\u00edz a las puntas.&nbsp;<\/p>\n\n\n\n<p>Por otro lado, la principal funci\u00f3n del tratamiento de keratina es <strong>reparar las fibras del cabello y nutrirlo desde la ra\u00edz<\/strong> d\u00e1ndole un aspecto regenerado. Adem\u00e1s lo<strong> protege de los agentes externos<\/strong>, como planchas, secadores, el cloro de las piscinas, la sal marina o la exposici\u00f3n al sol.&nbsp;<\/p>\n\n\n\n<h2 class=\"wp-block-heading\">\u00bfQu\u00e9 tipos de keratina existen?<\/h2>\n\n\n\n<p>Existen varios tipos de keratina que puedes elegir como tratamiento dependiendo del tipo de cabello. Los m\u00e1s habituales son los que te ense\u00f1amos a continuaci\u00f3n. \u00a1Toma nota!<\/p>\n\n\n\n<ul class=\"wp-block-list\">\n<li><strong>Keratina alfa<\/strong>. Es la m\u00e1s habitual de todos los tratamientos. Contiene ciste\u00edna, un amino\u00e1cido que act\u00faa sobre la prote\u00edna de la keratina y consigue que el cabello sea m\u00e1s resistente y r\u00edgido, se elimine el rizo y se suavice la melena.<\/li>\n\n\n\n<li><strong>Keratina beta<\/strong>. Es un tipo de keratina que da un efecto alisador menos r\u00edgido y dura menos tiempo que la alfa-queratina. Al dejar el pelo m\u00e1s manejable, el acabado suele ser m\u00e1s natural y no tan recto.&nbsp;&nbsp;<\/li>\n\n\n\n<li><strong>Keratina hidrolizada<\/strong>. Funciona como tratamiento regenerante y restaurador de las fibras capilares al suavizarlas, penetrar directamente en la cut\u00edcula y reducir la apariencia de puntas abiertas.<\/li>\n\n\n\n<li><strong>Alisado brasile\u00f1o con keratina<\/strong>. El alisado brasile\u00f1o tambi\u00e9n es muy conocido. Es ideal para esos cabellos m\u00e1s rebeldes y rizados, consiguiendo con este tratamiento una melena mucho m\u00e1s suave, nutrida y lisa.<\/li>\n\n\n\n<li><strong>Keratina sin formol<\/strong>. Este tipo de keratina es <strong>100% natural <\/strong>al prescindir del formol, una sustancia t\u00f3xica prohibida en multitud de tratamientos de est\u00e9tica. Con este tipo de keratina el cabello estar\u00e1 mucho m\u00e1s saludable.<\/li>\n<\/ul>\n\n\n\n<h2 class=\"wp-block-heading\">\u00bfEs compatible la keratina con el tinte?<\/h2>\n\n\n\n<p>S\u00ed que es compatible, pero tambi\u00e9n <strong>depender\u00e1 del tipo de keratina que escojamos<\/strong>. En el caso de que te hayas hecho mechas o decolorado el cabello, lo ideal es esperar 4 semanas como m\u00ednimo para hacerte el tratamiento de keratina. En los casos donde los tonos del tinte o mechas son intensos como rojos o cobrizos, se aconseja hacer la keratina varios d\u00edas despu\u00e9s.<\/p>\n\n\n\n<h2 class=\"wp-block-heading\">Los mejores tratamientos de keratina y productos complementarios est\u00e1n en Primor<\/h2>\n\n\n        <product-table class=\"pr-slider\">\r\n            <product-headers class=\"grid-table-rows\">\r\n                <div>Foto<\/div>\r\n                <div>Producto<\/div>\r\n                <div>Marca<\/div>\r\n                <div>Valoraciones<\/div>\r\n                <div>Precio<\/div>\r\n            <\/product-headers>\r\n\r\n            <product-list>\r\n                                    <a href=\"https:\/\/www.primor.eu\/es_es\/rene-furterer-absolue-keratine-tratamiento-regenerador-9628.html\" class=\"product-item grid-table-rows\" target=\"_blank\">\r\n                        <div>\r\n                            <img decoding=\"async\" class=\"product-img\" width=\"80px\" height=\"80px\" src=\"https:\/\/cdn2.primor.eu\/media\/catalog\/product\/cache\/8d3aba296f7a18b5251ee30fa5db42b2\/6\/X\/6XS11166_1_b8ca.jpg\" alt=\"Absolue K\u00e9ratine Tratamiento Regenerador\">\r\n                        <\/div>\r\n\r\n                        <!-- Contenido de producto  -->\r\n                        <div>\r\n                            <div class=\"product-position\">\r\n                                #1 Top Ventas                            <\/div>\r\n\r\n                            <h2>\r\n                                Absolue K\u00e9ratine Tratamiento Regenerador                            <\/h2>\r\n                        <\/div>\r\n\r\n                        <!-- Imagen y\/o nombre de la marca -->\r\n                        <div>\r\n                                                            <img decoding=\"async\" width=\"70\" src=\"https:\/\/www.primor.eu\/media\/catalog\/category\/rf_logo_green_web_24.png\" alt=\"\">\r\n                                                    <\/div>\r\n\r\n                        <!-- Puntuaci\u00f3n del producto  -->\r\n                        <div class=\"rating\">\r\n                                                            <div class=\"rate\" style=\"--p:74;\"><\/div>\r\n                                <b>3.7\/5<\/b>\r\n                                <div class=\"rate-stars\">\r\n                                                                            <div\r\n                                            class=\"rate-star  \">\r\n                                        <\/div>\r\n                                                                            <div\r\n                                            class=\"rate-star  \">\r\n                                        <\/div>\r\n                                                                            <div\r\n                                            class=\"rate-star  \">\r\n                                        <\/div>\r\n                                                                            <div\r\n                                            class=\"rate-star  \">\r\n                                        <\/div>\r\n                                                                            <div\r\n                                            class=\"rate-star disable \">\r\n                                        <\/div>\r\n                                                                    <\/div>\r\n                                                    <\/div>\r\n\r\n                        <!-- Bot\u00f3n de producto  -->\r\n                        <div>\r\n                            <span class=\"price-claim\">\r\n                                VER PRECIO                            <\/span>\r\n                        <\/div>\r\n                    <\/a>\r\n                                    <a href=\"https:\/\/www.primor.eu\/es_es\/be-natural-pack-alisado-brasileno-sin-formol-9147.html\" class=\"product-item grid-table-rows\" target=\"_blank\">\r\n                        <div>\r\n                            <img decoding=\"async\" class=\"product-img\" width=\"80px\" height=\"80px\" src=\"https:\/\/cdn2.primor.eu\/media\/catalog\/product\/cache\/8d3aba296f7a18b5251ee30fa5db42b2\/2\/C\/2CA03253_1_50c9.jpg\" alt=\"Pack Alisado Brasile\u00f1o sin Formol\">\r\n                        <\/div>\r\n\r\n                        <!-- Contenido de producto  -->\r\n                        <div>\r\n                            <div class=\"product-position\">\r\n                                #2                            <\/div>\r\n\r\n                            <h2>\r\n                                Pack Alisado Brasile\u00f1o sin Formol                            <\/h2>\r\n                        <\/div>\r\n\r\n                        <!-- Imagen y\/o nombre de la marca -->\r\n                        <div>\r\n                                                            <img decoding=\"async\" width=\"70\" src=\"https:\/\/www.primor.eu\/media\/catalog\/category\/Be_Natural.png\" alt=\"\">\r\n                                                    <\/div>\r\n\r\n                        <!-- Puntuaci\u00f3n del producto  -->\r\n                        <div class=\"rating\">\r\n                                                            <div class=\"rate\" style=\"--p:90;\"><\/div>\r\n                                <b>4.5\/5<\/b>\r\n                                <div class=\"rate-stars\">\r\n                                                                            <div\r\n                                            class=\"rate-star  \">\r\n                                        <\/div>\r\n                                                                            <div\r\n                                            class=\"rate-star  \">\r\n                                        <\/div>\r\n                                                                            <div\r\n                                            class=\"rate-star  \">\r\n                                        <\/div>\r\n                                                                            <div\r\n                                            class=\"rate-star  \">\r\n                                        <\/div>\r\n                                                                            <div\r\n                                            class=\"rate-star  middle\">\r\n                                        <\/div>\r\n                                                                    <\/div>\r\n                                                    <\/div>\r\n\r\n                        <!-- Bot\u00f3n de producto  -->\r\n                        <div>\r\n                            <span class=\"price-claim\">\r\n                                VER PRECIO                            <\/span>\r\n                        <\/div>\r\n                    <\/a>\r\n                                    <a href=\"https:\/\/www.primor.eu\/es_es\/ogx-brazilian-keratin-smooth-mascarilla-capilar-81431.html\" class=\"product-item grid-table-rows\" target=\"_blank\">\r\n                        <div>\r\n                            <img decoding=\"async\" class=\"product-img\" width=\"80px\" height=\"80px\" src=\"https:\/\/cdn2.primor.eu\/media\/catalog\/product\/cache\/8d3aba296f7a18b5251ee30fa5db42b2\/P\/I\/PI_01_f6cf.jpeg\" alt=\"Brazilian Keratin Smooth Mascarilla Capilar\">\r\n                        <\/div>\r\n\r\n                        <!-- Contenido de producto  -->\r\n                        <div>\r\n                            <div class=\"product-position\">\r\n                                #3                            <\/div>\r\n\r\n                            <h2>\r\n                                Brazilian Keratin Smooth Mascarilla Capilar                            <\/h2>\r\n                        <\/div>\r\n\r\n                        <!-- Imagen y\/o nombre de la marca -->\r\n                        <div>\r\n                                                            <img decoding=\"async\" width=\"70\" src=\"https:\/\/www.primor.eu\/media\/catalog\/category\/OGX_Logo_CMYK_011124_1_.png\" alt=\"\">\r\n                                                    <\/div>\r\n\r\n                        <!-- Puntuaci\u00f3n del producto  -->\r\n                        <div class=\"rating\">\r\n                                                            <div class=\"rate\" style=\"--p:94;\"><\/div>\r\n                                <b>4.7\/5<\/b>\r\n                                <div class=\"rate-stars\">\r\n                                                                            <div\r\n                                            class=\"rate-star  \">\r\n                                        <\/div>\r\n                                                                            <div\r\n                                            class=\"rate-star  \">\r\n                                        <\/div>\r\n                                                                            <div\r\n                                            class=\"rate-star  \">\r\n                                        <\/div>\r\n                                                                            <div\r\n                                            class=\"rate-star  \">\r\n                                        <\/div>\r\n                                                                            <div\r\n                                            class=\"rate-star  \">\r\n                                        <\/div>\r\n                                                                    <\/div>\r\n                                                    <\/div>\r\n\r\n                        <!-- Bot\u00f3n de producto  -->\r\n                        <div>\r\n                            <span class=\"price-claim\">\r\n                                VER PRECIO                            <\/span>\r\n                        <\/div>\r\n                    <\/a>\r\n                                    <a href=\"https:\/\/www.primor.eu\/es_es\/kativa-keratina-liquida-8708.html\" class=\"product-item grid-table-rows\" target=\"_blank\">\r\n                        <div>\r\n                            <img decoding=\"async\" class=\"product-img\" width=\"80px\" height=\"80px\" src=\"https:\/\/cdn2.primor.eu\/media\/catalog\/product\/cache\/8d3aba296f7a18b5251ee30fa5db42b2\/2\/C\/2CA01529_1_c76a.jpg\" alt=\"Keratina L\u00edquida\">\r\n                        <\/div>\r\n\r\n                        <!-- Contenido de producto  -->\r\n                        <div>\r\n                            <div class=\"product-position\">\r\n                                #4                            <\/div>\r\n\r\n                            <h2>\r\n                                Keratina L\u00edquida                            <\/h2>\r\n                        <\/div>\r\n\r\n                        <!-- Imagen y\/o nombre de la marca -->\r\n                        <div>\r\n                                                            <img decoding=\"async\" width=\"70\" src=\"https:\/\/www.primor.eu\/media\/catalog\/category\/logo_kativa_1.jpg\" alt=\"\">\r\n                                                    <\/div>\r\n\r\n                        <!-- Puntuaci\u00f3n del producto  -->\r\n                        <div class=\"rating\">\r\n                                                            <div class=\"rate\" style=\"--p:92;\"><\/div>\r\n                                <b>4.6\/5<\/b>\r\n                                <div class=\"rate-stars\">\r\n                                                                            <div\r\n                                            class=\"rate-star  \">\r\n                                        <\/div>\r\n                                                                            <div\r\n                                            class=\"rate-star  \">\r\n                                        <\/div>\r\n                                                                            <div\r\n                                            class=\"rate-star  \">\r\n                                        <\/div>\r\n                                                                            <div\r\n                                            class=\"rate-star  \">\r\n                                        <\/div>\r\n                                                                            <div\r\n                                            class=\"rate-star  \">\r\n                                        <\/div>\r\n                                                                    <\/div>\r\n                                                    <\/div>\r\n\r\n                        <!-- Bot\u00f3n de producto  -->\r\n                        <div>\r\n                            <span class=\"price-claim\">\r\n                                VER PRECIO                            <\/span>\r\n                        <\/div>\r\n                    <\/a>\r\n                            <\/product-list>\r\n        <\/product-table>\r\n\r\n        \n\n\n\n<h3 class=\"wp-block-heading\">Absolue K\u00e9ratine Tratamiento Regenerador de Rene Furterer<\/h3>\n\n\n\n<p>A nosotros nos apasiona, porque es un tratamiento de regeneraci\u00f3n, sin aclarado, que sublima el pelo d\u00e9bil y quebradizo para facilitar el peinado. El cabello queda mucho m\u00e1s suave, flexible, sano y resistente.<\/p>\n\n\n    <a class='product' target='_blank' href='https:\/\/www.primor.eu\/es_es\/rene-furterer-absolue-keratine-tratamiento-regenerador-9628.html'>\r\n        <img loading='async' src='https:\/\/cdn2.primor.eu\/media\/catalog\/product\/cache\/8d3aba296f7a18b5251ee30fa5db42b2\/6\/X\/6XS11166_1_b8ca.jpg' alt='COMPRAR AHORA'>\r\n            <div class=\"claim\">\r\n                COMPRAR AHORA            <\/div>\r\n        <\/a>\r\n    \n\n\n\n<h3 class=\"wp-block-heading\">Pack Alisado Brasile\u00f1o sin Formol de Be Natural<\/h3>\n\n\n\n<p>Con \u00e1cido hialur\u00f3nico que hidrata las diferentes capas del cuero cabelludo aportando firmeza. Mantiene la forma recta y evita el encrespamiento del cabello al mismo tiempo que la keratina reestructura el cabello y acondiciona la fibra capilar. Adem\u00e1s de alisar y cauterizar, brinda vitalidad y brillo.<\/p>\n\n\n    <a class='product' target='_blank' href='https:\/\/www.primor.eu\/es_es\/be-natural-pack-alisado-brasileno-sin-formol-9147.html'>\r\n        <img loading='async' src='https:\/\/cdn2.primor.eu\/media\/catalog\/product\/cache\/8d3aba296f7a18b5251ee30fa5db42b2\/2\/C\/2CA03253_1_50c9.jpg' alt='COMPRAR AHORA'>\r\n            <div class=\"claim\">\r\n                COMPRAR AHORA            <\/div>\r\n        <\/a>\r\n    \n\n\n\n<h3 class=\"wp-block-heading\">Brazilian Keratin Smooth Mascarilla Capilar de OGX<\/h3>\n\n\n\n<p>Es un paso imprescindible en tu ritual de cuidado del cabello. Su f\u00f3rmula exclusiva, enriquecida con aceite de coco, prote\u00ednas de queratina, aceite de aguacate y manteca de cacao, fortalece y suaviza el cabello, ayudando a alisar la cut\u00edcula para una melena fuerte y brillante.<\/p>\n\n\n    <a class='product' target='_blank' href='https:\/\/www.primor.eu\/es_es\/ogx-brazilian-keratin-smooth-mascarilla-capilar-81431.html'>\r\n        <img loading='async' src='https:\/\/cdn2.primor.eu\/media\/catalog\/product\/cache\/8d3aba296f7a18b5251ee30fa5db42b2\/P\/I\/PI_01_f6cf.jpeg' alt='COMPRAR AHORA'>\r\n            <div class=\"claim\">\r\n                COMPRAR AHORA            <\/div>\r\n        <\/a>\r\n    \n\n\n\n<h3 class=\"wp-block-heading\">Keratina L\u00edquida de Kativa<\/h3>\n\n\n\n<p>Aceite nutritivo de textura ligera, suave y no graso que aporta brillo y protecci\u00f3n a todo tipo de cabellos, especialmente a cabellos con procesos de alisados, cepillados o planchados.<\/p>\n\n\n    <a class='product' target='_blank' href='https:\/\/www.primor.eu\/es_es\/kativa-keratina-liquida-8708.html'>\r\n        <img loading='async' src='https:\/\/cdn2.primor.eu\/media\/catalog\/product\/cache\/8d3aba296f7a18b5251ee30fa5db42b2\/2\/C\/2CA01529_1_c76a.jpg' alt='COMPRAR AHORA'>\r\n            <div class=\"claim\">\r\n                COMPRAR AHORA            <\/div>\r\n        <\/a>\r\n    \n\n\n\n<h3 class=\"wp-block-heading\"><\/h3>\n\n\n<div class=\"kk-star-ratings kksr-auto kksr-align-center kksr-valign-bottom\"\n    data-payload='{&quot;align&quot;:&quot;center&quot;,&quot;id&quot;:&quot;66734&quot;,&quot;slug&quot;:&quot;default&quot;,&quot;valign&quot;:&quot;bottom&quot;,&quot;ignore&quot;:&quot;&quot;,&quot;reference&quot;:&quot;auto&quot;,&quot;class&quot;:&quot;&quot;,&quot;count&quot;:&quot;0&quot;,&quot;legendonly&quot;:&quot;&quot;,&quot;readonly&quot;:&quot;&quot;,&quot;score&quot;:&quot;0&quot;,&quot;starsonly&quot;:&quot;&quot;,&quot;best&quot;:&quot;5&quot;,&quot;gap&quot;:&quot;5&quot;,&quot;greet&quot;:&quot;Valora este art\u00edculo&quot;,&quot;legend&quot;:&quot;0\\\/5 - (0 votos)&quot;,&quot;size&quot;:&quot;24&quot;,&quot;title&quot;:&quot;Tratamiento de keratina: qu\u00e9 es y cu\u00e1l es el mejor para tu pelo en 2026&quot;,&quot;width&quot;:&quot;0&quot;,&quot;_legend&quot;:&quot;{score}\\\/{best} - ({count} {votes})&quot;,&quot;font_factor&quot;:&quot;1.25&quot;}'>\n            \n<div class=\"kksr-stars\">\n    \n<div class=\"kksr-stars-inactive\">\n            <div class=\"kksr-star\" data-star=\"1\" style=\"padding-right: 5px\">\n            \n\n<div class=\"kksr-icon\" style=\"width: 24px; height: 24px;\"><\/div>\n        <\/div>\n            <div class=\"kksr-star\" data-star=\"2\" style=\"padding-right: 5px\">\n            \n\n<div class=\"kksr-icon\" style=\"width: 24px; height: 24px;\"><\/div>\n        <\/div>\n            <div class=\"kksr-star\" data-star=\"3\" style=\"padding-right: 5px\">\n            \n\n<div class=\"kksr-icon\" style=\"width: 24px; height: 24px;\"><\/div>\n        <\/div>\n            <div class=\"kksr-star\" data-star=\"4\" style=\"padding-right: 5px\">\n            \n\n<div class=\"kksr-icon\" style=\"width: 24px; height: 24px;\"><\/div>\n        <\/div>\n            <div class=\"kksr-star\" data-star=\"5\" style=\"padding-right: 5px\">\n            \n\n<div class=\"kksr-icon\" style=\"width: 24px; height: 24px;\"><\/div>\n        <\/div>\n    <\/div>\n    \n<div class=\"kksr-stars-active\" style=\"width: 0px;\">\n            <div class=\"kksr-star\" style=\"padding-right: 5px\">\n            \n\n<div class=\"kksr-icon\" style=\"width: 24px; height: 24px;\"><\/div>\n        <\/div>\n            <div class=\"kksr-star\" style=\"padding-right: 5px\">\n            \n\n<div class=\"kksr-icon\" style=\"width: 24px; height: 24px;\"><\/div>\n        <\/div>\n            <div class=\"kksr-star\" style=\"padding-right: 5px\">\n            \n\n<div class=\"kksr-icon\" style=\"width: 24px; height: 24px;\"><\/div>\n        <\/div>\n            <div class=\"kksr-star\" style=\"padding-right: 5px\">\n            \n\n<div class=\"kksr-icon\" style=\"width: 24px; height: 24px;\"><\/div>\n        <\/div>\n            <div class=\"kksr-star\" style=\"padding-right: 5px\">\n            \n\n<div class=\"kksr-icon\" style=\"width: 24px; height: 24px;\"><\/div>\n        <\/div>\n    <\/div>\n<\/div>\n                \n\n<div class=\"kksr-legend\" style=\"font-size: 19.2px;\">\n            <span class=\"kksr-muted\">Valora este art\u00edculo<\/span>\n    <\/div>\n    <\/div>\n","protected":false},"excerpt":{"rendered":"<p>Quiz\u00e1s busques que tu tratamiento de cabello luzca brillante, fuerte y como reci\u00e9n salido de la peluquer\u00eda. \u00a1Es el sue\u00f1o de cualquiera! Aunque factores como la poluci\u00f3n o el clima pueden afectar al aspecto de nuestro cabello, encrespado y debilitando su estructura capilar. Por eso, es posible que hayas pensado en el tratamiento de keratina. [&hellip;]<\/p>\n","protected":false},"author":28,"featured_media":105808,"comment_status":"open","ping_status":"open","sticky":false,"template":"","format":"standard","meta":{"jnews-multi-image_gallery":[],"jnews_single_post":{"subtitle":"","format":"standard","video":"","gallery":"","source_name":"","source_url":"","via_name":"","via_url":"","override_template":"0","override":[{"template":"1","single_blog_custom":"","parallax":"1","fullscreen":"1","layout":"right-sidebar","sidebar":"home-2","second_sidebar":"default-sidebar","sticky_sidebar":"0","share_position":"float","share_float_style":"share-monocrhome","show_share_counter":"1","show_view_counter":"1","show_featured":"1","show_post_meta":"1","show_post_author":"0","show_post_author_image":"1","show_post_date":"1","post_date_format":"default","post_date_format_custom":"Y\/m\/d","show_post_category":"1","show_post_reading_time":"0","post_reading_time_wpm":"300","show_zoom_button":"0","zoom_button_out_step":"2","zoom_button_in_step":"3","show_post_tag":"0","show_prev_next_post":"1","show_popup_post":"1","number_popup_post":"2","show_author_box":"0","show_post_related":"0","show_inline_post_related":"0"}],"override_image_size":"0","image_override":[{"single_post_thumbnail_size":"crop-500","single_post_gallery_size":"crop-500"}],"trending_post":"0","trending_post_position":"meta","trending_post_label":"Trending","sponsored_post":"0","sponsored_post_label":"Sponsored by","sponsored_post_name":"","sponsored_post_url":"","sponsored_post_logo_enable":"0","sponsored_post_logo":"","sponsored_post_desc":"","disable_ad":"0"},"jnews_primary_category":{"id":"","hide":""},"jnews_social_meta":{"fb_title":"","fb_description":"","fb_image":"","twitter_title":"","twitter_description":"","twitter_image":""},"jnews_override_counter":{"override_view_counter":"0","view_counter_number":"0","override_share_counter":"0","share_counter_number":"0","override_like_counter":"0","like_counter_number":"0","override_dislike_counter":"0","dislike_counter_number":"0"},"footnotes":""},"categories":[35,36],"tags":[],"class_list":["post-66734","post","type-post","status-publish","format-standard","has-post-thumbnail","hentry","category-cabello","category-consejos-belleza"],"_links":{"self":[{"href":"https:\/\/www.primor.eu\/blog\/wp-json\/wp\/v2\/posts\/66734","targetHints":{"allow":["GET"]}}],"collection":[{"href":"https:\/\/www.primor.eu\/blog\/wp-json\/wp\/v2\/posts"}],"about":[{"href":"https:\/\/www.primor.eu\/blog\/wp-json\/wp\/v2\/types\/post"}],"author":[{"embeddable":true,"href":"https:\/\/www.primor.eu\/blog\/wp-json\/wp\/v2\/users\/28"}],"replies":[{"embeddable":true,"href":"https:\/\/www.primor.eu\/blog\/wp-json\/wp\/v2\/comments?post=66734"}],"version-history":[{"count":26,"href":"https:\/\/www.primor.eu\/blog\/wp-json\/wp\/v2\/posts\/66734\/revisions"}],"predecessor-version":[{"id":138307,"href":"https:\/\/www.primor.eu\/blog\/wp-json\/wp\/v2\/posts\/66734\/revisions\/138307"}],"wp:featuredmedia":[{"embeddable":true,"href":"https:\/\/www.primor.eu\/blog\/wp-json\/wp\/v2\/media\/105808"}],"wp:attachment":[{"href":"https:\/\/www.primor.eu\/blog\/wp-json\/wp\/v2\/media?parent=66734"}],"wp:term":[{"taxonomy":"category","embeddable":true,"href":"https:\/\/www.primor.eu\/blog\/wp-json\/wp\/v2\/categories?post=66734"},{"taxonomy":"post_tag","embeddable":true,"href":"https:\/\/www.primor.eu\/blog\/wp-json\/wp\/v2\/tags?post=66734"}],"curies":[{"name":"wp","href":"https:\/\/api.w.org\/{rel}","templated":true}]}}