{"id":66729,"date":"2025-05-21T08:54:42","date_gmt":"2025-05-21T08:54:42","guid":{"rendered":"https:\/\/blog.primor.eu\/?p=15784"},"modified":"2026-01-29T08:53:05","modified_gmt":"2026-01-29T08:53:05","slug":"protectores-solares-cara-verano","status":"publish","type":"post","link":"https:\/\/www.primor.eu\/blog\/protectores-solares-cara-verano\/","title":{"rendered":"Los 10 mejores protectores solares para la cara del 2026"},"content":{"rendered":"\n<p>El verano se acerca a la vez que aumenta la intensidad del sol. Ahora m\u00e1s que nunca: no deber\u00edas salir de casa sin antes aplicarte alguno de estos <strong><a href=\"https:\/\/www.primor.eu\/es_es\/proteccion-facial\">protectores solares<\/a> para la cara.<\/strong> Con el cambio de estaci\u00f3n no solamente cambiamos el armario sino que tambi\u00e9n viran nuestras <strong>rutinas<\/strong> de <a href=\"https:\/\/www.primor.eu\/blog\/layering\/\">cuidado de la <strong>piel<\/strong><\/a>. Si en invierno buscamos<a href=\"https:\/\/www.primor.eu\/blog\/crema-hidratante-para-pieles-con-acne\/\"> cremas hidratantes <\/a>que reviertan los efectos del fr\u00edo y la sequedad, en verano nuestra prioridad absoluta es hallar un protector solar que funcione. <\/p>\n\n\n\n<h2 class=\"wp-block-heading\">\u00bfCu\u00e1l es la funci\u00f3n del protector solar?<\/h2>\n\n\n\n<ul class=\"wp-block-list\">\n<li>Nos protege de los rayos da\u00f1inos del sol: los UVA y los UVB.<\/li>\n\n\n\n<li>Tiene un poder <a href=\"https:\/\/www.primor.eu\/blog\/mejores-cremas-antimanchas\/\">antimanchas<\/a>.<\/li>\n\n\n\n<li>Es calmante con la piel irritada (o quemada).<\/li>\n\n\n\n<li>Contiene principios antioxidantes.<\/li>\n\n\n\n<li>Mantiene la piel hidratada.<\/li>\n\n\n\n<li>Tiene una funci\u00f3n de 'barrera' con los efectos da\u00f1inos del sol.<\/li>\n\n\n\n<li>Es agradable en su aplicaci\u00f3n. Es decir, que no sea pegajosa o deje marcas blancas en la piel.<\/li>\n<\/ul>\n\n\n\n<h2 class=\"wp-block-heading\">\u00bfPor qu\u00e9 es vital escoger un buen fotoprotector solar? <\/h2>\n\n\n\n<p>Como afirma la dermat\u00f3loga <strong>Andrea Combalia<\/strong>, el fotoprotector es el mejor tratamiento antienvejecimiento. \"Lo que todos conocemos como <strong>envejecimiento cut\u00e1neo<\/strong> en realidad se llama fotoenvejecimiento\", sentencia la dermat\u00f3loga antes de avisar que el abuso del sol es perjudicial y es la principal causa de la aparici\u00f3n de los signos de la edad. Estamos a tiempo de hacernos con uno de los <strong>mejores protectores solares para la cara<\/strong> y encarar el verano bien protegidas.<\/p>\n\n\n\n<p>Ahora bien, la realidad es evidente: hay muchos <strong>protectores solares para la cara<\/strong> y es dif\u00edcil encontrar los mejores. Sin embargo, lo hemos intentado y aqu\u00ed te proponemos una lista con <strong>siete productos<\/strong> para que escojas el que m\u00e1s se adapta a tus necesidades y a tu relaci\u00f3n con el sol.<\/p>\n\n\n\n<h2 class=\"wp-block-heading\">Los mejores protectores solares para la cara de venta en Perfumer\u00edas Primor<\/h2>\n\n\n        <product-table class=\"pr-slider\">\r\n            <product-headers class=\"grid-table-rows\">\r\n                <div>Foto<\/div>\r\n                <div>Producto<\/div>\r\n                <div>Marca<\/div>\r\n                <div>Valoraciones<\/div>\r\n                <div>Precio<\/div>\r\n            <\/product-headers>\r\n\r\n            <product-list>\r\n                                    <a href=\"https:\/\/www.primor.eu\/es_es\/sisley-protector-facial-super-solaire-spf30-54825.html\" class=\"product-item grid-table-rows\" target=\"_blank\">\r\n                        <div>\r\n                            <img decoding=\"async\" class=\"product-img\" width=\"80px\" height=\"80px\" src=\"https:\/\/cdn2.primor.eu\/media\/catalog\/product\/cache\/8d3aba296f7a18b5251ee30fa5db42b2\/0\/T\/0TS02379_1_ec58.jpg\" alt=\"Protector Facial Super Solaire SPF30\">\r\n                        <\/div>\r\n\r\n                        <!-- Contenido de producto  -->\r\n                        <div>\r\n                            <div class=\"product-position\">\r\n                                #1 Top Ventas                            <\/div>\r\n\r\n                            <h2>\r\n                                Protector Facial Super Solaire SPF30                            <\/h2>\r\n                        <\/div>\r\n\r\n                        <!-- Imagen y\/o nombre de la marca -->\r\n                        <div>\r\n                                                            <img decoding=\"async\" width=\"70\" src=\"https:\/\/www.primor.eu\/media\/catalog\/category\/sisley.png\" alt=\"\">\r\n                                                    <\/div>\r\n\r\n                        <!-- Puntuaci\u00f3n del producto  -->\r\n                        <div class=\"rating\">\r\n                                                            <p>No hay valoraciones disponibles<\/p>\r\n                                                    <\/div>\r\n\r\n                        <!-- Bot\u00f3n de producto  -->\r\n                        <div>\r\n                            <span class=\"price-claim\">\r\n                                VER PRECIO                            <\/span>\r\n                        <\/div>\r\n                    <\/a>\r\n                                    <a href=\"https:\/\/www.primor.eu\/es_es\/anne-moller-sun-non-stop-sunstick-spf50-55185.html\" class=\"product-item grid-table-rows\" target=\"_blank\">\r\n                        <div>\r\n                            <img decoding=\"async\" class=\"product-img\" width=\"80px\" height=\"80px\" src=\"https:\/\/cdn2.primor.eu\/media\/catalog\/product\/cache\/8d3aba296f7a18b5251ee30fa5db42b2\/0\/T\/0TS03164_1_a5ee.jpg\" alt=\"Sun Non Stop Sunstick SPF50\">\r\n                        <\/div>\r\n\r\n                        <!-- Contenido de producto  -->\r\n                        <div>\r\n                            <div class=\"product-position\">\r\n                                #2                            <\/div>\r\n\r\n                            <h2>\r\n                                Sun Non Stop Sunstick SPF50                            <\/h2>\r\n                        <\/div>\r\n\r\n                        <!-- Imagen y\/o nombre de la marca -->\r\n                        <div>\r\n                                                            <img decoding=\"async\" width=\"70\" src=\"https:\/\/www.primor.eu\/media\/catalog\/category\/AnneMoller_1.png\" alt=\"\">\r\n                                                    <\/div>\r\n\r\n                        <!-- Puntuaci\u00f3n del producto  -->\r\n                        <div class=\"rating\">\r\n                                                            <div class=\"rate\" style=\"--p:92;\"><\/div>\r\n                                <b>4.6\/5<\/b>\r\n                                <div class=\"rate-stars\">\r\n                                                                            <div\r\n                                            class=\"rate-star  \">\r\n                                        <\/div>\r\n                                                                            <div\r\n                                            class=\"rate-star  \">\r\n                                        <\/div>\r\n                                                                            <div\r\n                                            class=\"rate-star  \">\r\n                                        <\/div>\r\n                                                                            <div\r\n                                            class=\"rate-star  \">\r\n                                        <\/div>\r\n                                                                            <div\r\n                                            class=\"rate-star  \">\r\n                                        <\/div>\r\n                                                                    <\/div>\r\n                                                    <\/div>\r\n\r\n                        <!-- Bot\u00f3n de producto  -->\r\n                        <div>\r\n                            <span class=\"price-claim\">\r\n                                VER PRECIO                            <\/span>\r\n                        <\/div>\r\n                    <\/a>\r\n                                    <a href=\"https:\/\/www.primor.eu\/es_es\/la-roche-posay-anthelios-gel-crema-tacto-seco-113015.html?#811=61778\" class=\"product-item grid-table-rows\" target=\"_blank\">\r\n                        <div>\r\n                            <img decoding=\"async\" class=\"product-img\" width=\"80px\" height=\"80px\" src=\"https:\/\/cdn2.primor.eu\/media\/catalog\/product\/cache\/8d3aba296f7a18b5251ee30fa5db42b2\/6\/X\/6XS03656_1_e85b.jpg\" alt=\"Anthelios Gel Crema Tacto Seco\">\r\n                        <\/div>\r\n\r\n                        <!-- Contenido de producto  -->\r\n                        <div>\r\n                            <div class=\"product-position\">\r\n                                #3                            <\/div>\r\n\r\n                            <h2>\r\n                                Anthelios Gel Crema Tacto Seco                            <\/h2>\r\n                        <\/div>\r\n\r\n                        <!-- Imagen y\/o nombre de la marca -->\r\n                        <div>\r\n                                                            <img decoding=\"async\" width=\"70\" src=\"https:\/\/www.primor.eu\/media\/catalog\/category\/la-roche-posay.png\" alt=\"La Roche-Posay\">\r\n                                                    <\/div>\r\n\r\n                        <!-- Puntuaci\u00f3n del producto  -->\r\n                        <div class=\"rating\">\r\n                                                            <div class=\"rate\" style=\"--p:94;\"><\/div>\r\n                                <b>4.7\/5<\/b>\r\n                                <div class=\"rate-stars\">\r\n                                                                            <div\r\n                                            class=\"rate-star  \">\r\n                                        <\/div>\r\n                                                                            <div\r\n                                            class=\"rate-star  \">\r\n                                        <\/div>\r\n                                                                            <div\r\n                                            class=\"rate-star  \">\r\n                                        <\/div>\r\n                                                                            <div\r\n                                            class=\"rate-star  \">\r\n                                        <\/div>\r\n                                                                            <div\r\n                                            class=\"rate-star  \">\r\n                                        <\/div>\r\n                                                                    <\/div>\r\n                                                    <\/div>\r\n\r\n                        <!-- Bot\u00f3n de producto  -->\r\n                        <div>\r\n                            <span class=\"price-claim\">\r\n                                VER PRECIO                            <\/span>\r\n                        <\/div>\r\n                    <\/a>\r\n                                    <a href=\"https:\/\/www.primor.eu\/es_es\/eucerin-sun-face-oil-control-dry-touch-gel-crema-fps30-54925.html\" class=\"product-item grid-table-rows\" target=\"_blank\">\r\n                        <div>\r\n                            <img decoding=\"async\" class=\"product-img\" width=\"80px\" height=\"80px\" src=\"https:\/\/cdn2.primor.eu\/media\/catalog\/product\/cache\/8d3aba296f7a18b5251ee30fa5db42b2\/5\/1\/51839960833_284afcc9c2_o_0e98.jpg\" alt=\"Sun Face Oil Control Dry Touch Gel Crema FPS30\">\r\n                        <\/div>\r\n\r\n                        <!-- Contenido de producto  -->\r\n                        <div>\r\n                            <div class=\"product-position\">\r\n                                #4                            <\/div>\r\n\r\n                            <h2>\r\n                                Sun Face Oil Control Dry Touch Gel Crema FPS30                            <\/h2>\r\n                        <\/div>\r\n\r\n                        <!-- Imagen y\/o nombre de la marca -->\r\n                        <div>\r\n                                                            <img decoding=\"async\" width=\"70\" src=\"https:\/\/www.primor.eu\/media\/catalog\/category\/Eucerin_Logo_RGB-eCom515x515_72dpi.jpg\" alt=\"\">\r\n                                                    <\/div>\r\n\r\n                        <!-- Puntuaci\u00f3n del producto  -->\r\n                        <div class=\"rating\">\r\n                                                            <div class=\"rate\" style=\"--p:96;\"><\/div>\r\n                                <b>4.8\/5<\/b>\r\n                                <div class=\"rate-stars\">\r\n                                                                            <div\r\n                                            class=\"rate-star  \">\r\n                                        <\/div>\r\n                                                                            <div\r\n                                            class=\"rate-star  \">\r\n                                        <\/div>\r\n                                                                            <div\r\n                                            class=\"rate-star  \">\r\n                                        <\/div>\r\n                                                                            <div\r\n                                            class=\"rate-star  \">\r\n                                        <\/div>\r\n                                                                            <div\r\n                                            class=\"rate-star  \">\r\n                                        <\/div>\r\n                                                                    <\/div>\r\n                                                    <\/div>\r\n\r\n                        <!-- Bot\u00f3n de producto  -->\r\n                        <div>\r\n                            <span class=\"price-claim\">\r\n                                VER PRECIO                            <\/span>\r\n                        <\/div>\r\n                    <\/a>\r\n                                    <a href=\"https:\/\/www.primor.eu\/es_es\/ecran-fluido-protector-con-color-antimanchas-54838.html\" class=\"product-item grid-table-rows\" target=\"_blank\">\r\n                        <div>\r\n                            <img decoding=\"async\" class=\"product-img\" width=\"80px\" height=\"80px\" src=\"https:\/\/cdn2.primor.eu\/media\/catalog\/product\/cache\/8d3aba296f7a18b5251ee30fa5db42b2\/8\/4\/8411135484030_a66e.jpg\" alt=\"Fluido Protector con Color Antimanchas\">\r\n                        <\/div>\r\n\r\n                        <!-- Contenido de producto  -->\r\n                        <div>\r\n                            <div class=\"product-position\">\r\n                                #5                            <\/div>\r\n\r\n                            <h2>\r\n                                Fluido Protector con Color Antimanchas                            <\/h2>\r\n                        <\/div>\r\n\r\n                        <!-- Imagen y\/o nombre de la marca -->\r\n                        <div>\r\n                                                            <img decoding=\"async\" width=\"70\" src=\"https:\/\/www.primor.eu\/media\/catalog\/category\/logo_ecran.png\" alt=\"\">\r\n                                                    <\/div>\r\n\r\n                        <!-- Puntuaci\u00f3n del producto  -->\r\n                        <div class=\"rating\">\r\n                                                            <div class=\"rate\" style=\"--p:88;\"><\/div>\r\n                                <b>4.4\/5<\/b>\r\n                                <div class=\"rate-stars\">\r\n                                                                            <div\r\n                                            class=\"rate-star  \">\r\n                                        <\/div>\r\n                                                                            <div\r\n                                            class=\"rate-star  \">\r\n                                        <\/div>\r\n                                                                            <div\r\n                                            class=\"rate-star  \">\r\n                                        <\/div>\r\n                                                                            <div\r\n                                            class=\"rate-star  \">\r\n                                        <\/div>\r\n                                                                            <div\r\n                                            class=\"rate-star  \">\r\n                                        <\/div>\r\n                                                                    <\/div>\r\n                                                    <\/div>\r\n\r\n                        <!-- Bot\u00f3n de producto  -->\r\n                        <div>\r\n                            <span class=\"price-claim\">\r\n                                VER PRECIO                            <\/span>\r\n                        <\/div>\r\n                    <\/a>\r\n                            <\/product-list>\r\n        <\/product-table>\r\n\r\n        \n\n\n\n<h3 class=\"wp-block-heading has-text-align-left\">Protector Facial Super Solaire SPF30 de Sisley<\/h3>\n\n\n\n<p>Una crema facial con un f\u00f3rmula integral que protege frente a las primeras exposiciones al sol, ideal para las pieles m\u00e1s claras y sensibles que requieren de una mayor protecci\u00f3n. Eficaz frente al envejecimiento gracias a la combinaci\u00f3n de filtros solares UVA y UVB.<\/p>\n\n\n    <a class='product' target='_blank' href='https:\/\/www.primor.eu\/es_es\/sisley-protector-facial-super-solaire-spf30-54825.html'>\r\n        <img loading='async' src='https:\/\/cdn2.primor.eu\/media\/catalog\/product\/cache\/8d3aba296f7a18b5251ee30fa5db42b2\/0\/T\/0TS02379_1_ec58.jpg' alt='COMPRAR AHORA'>\r\n            <div class=\"claim\">\r\n                COMPRAR AHORA            <\/div>\r\n        <\/a>\r\n    \n\n\n\n<h3 class=\"wp-block-heading has-text-align-left\">Protector solar SPF 50 en stick de Anne Moller<\/h3>\n\n\n\n<p>Una f\u00f3rmula s\u00f3lida invisible extremadamente ligera, sin efecto blanco ni residuo graso, que aporta sensaci\u00f3n de hidrataci\u00f3n al instante gracias al aceite de Coco. Especialmente indicado para proteger zonas espec\u00edficas como tatuajes o zonas sensibles. Pantalla antipoluci\u00f3n y muy alta protecci\u00f3n frente a la radiaci\u00f3n UVA, UVB, infrarroja y la luz azul proveniente de dispositivos digitales.<\/p>\n\n\n    <a class='product' target='_blank' href='https:\/\/www.primor.eu\/es_es\/anne-moller-sun-non-stop-sunstick-spf50-55185.html'>\r\n        <img loading='async' src='https:\/\/cdn2.primor.eu\/media\/catalog\/product\/cache\/8d3aba296f7a18b5251ee30fa5db42b2\/0\/T\/0TS03164_1_a5ee.jpg' alt='COMPRAR AHORA'>\r\n            <div class=\"claim\">\r\n                COMPRAR AHORA            <\/div>\r\n        <\/a>\r\n    \n\n\n\n<h3 class=\"wp-block-heading has-text-align-left\">Anthelios Gel-Crema Toque Seco de La Roche-Posay<\/h3>\n\n\n\n<p>Este gel crema de La Roche Posay Anthelios Toque Seco es ideal para pieles mixtas y grasas. Su novedosa textura de toque seco contiene propiedades antibrillo y acabado ultraseco que no deja trazas blancas. Adem\u00e1s, se absorbe de inmediato y es resistente al agua. No comedog\u00e9nico.<\/p>\n\n\n    <a class='product' target='_blank' href='https:\/\/www.primor.eu\/es_es\/la-roche-posay-anthelios-gel-crema-tacto-seco-113015.html?#811=61778'>\r\n        <img loading='async' src='https:\/\/cdn2.primor.eu\/media\/catalog\/product\/cache\/8d3aba296f7a18b5251ee30fa5db42b2\/6\/X\/6XS03656_1_e85b.jpg' alt='COMPRAR AHORA'>\r\n            <div class=\"claim\">\r\n                COMPRAR AHORA            <\/div>\r\n        <\/a>\r\n    \n\n\n\n<h3 class=\"wp-block-heading\">Sun Protection Oil Control Toque seco SPF30+ de Eucerin<\/h3>\n\n\n\n<p>Es el producto ideal de protecci\u00f3n diaria para pieles grasas y\/o tendencia acn\u00e9ica. Protecci\u00f3n muy alta UVA\/UVB, seg\u00fan normativa UE. Con acabado mate seco de larga duraci\u00f3n, este protector deja un efecto anti-brillos. Es un producto no comedog\u00e9nico y sin perfumes.<\/p>\n\n\n    <a class='product' target='_blank' href='https:\/\/www.primor.eu\/es_es\/eucerin-sun-face-oil-control-dry-touch-gel-crema-fps30-54925.html'>\r\n        <img loading='async' src='https:\/\/cdn2.primor.eu\/media\/catalog\/product\/cache\/8d3aba296f7a18b5251ee30fa5db42b2\/5\/1\/51839960833_284afcc9c2_o_0e98.jpg' alt='COMPRAR AHORA'>\r\n            <div class=\"claim\">\r\n                COMPRAR AHORA            <\/div>\r\n        <\/a>\r\n    \n\n\n\n<h3 class=\"wp-block-heading\">Fluido Protector con Color Antimanchas de Ecran<\/h3>\n\n\n\n<p>El protector de Ecran previene la aparici\u00f3n de manchas en la piel y protege de las quemaduras solares gracias al Cellular Defense, que tambi\u00e9n fortalece las defensas antioxidantes de la piel. Un \u00fanico tono que se adapta a cada tipo de piel y que es perfecto para usar durante todo el a\u00f1o.<\/p>\n\n\n    <a class='product' target='_blank' href='https:\/\/www.primor.eu\/es_es\/ecran-fluido-protector-con-color-antimanchas-54838.html'>\r\n        <img loading='async' src='https:\/\/cdn2.primor.eu\/media\/catalog\/product\/cache\/8d3aba296f7a18b5251ee30fa5db42b2\/8\/4\/8411135484030_a66e.jpg' alt='COMPRAR AHORA'>\r\n            <div class=\"claim\">\r\n                COMPRAR AHORA            <\/div>\r\n        <\/a>\r\n    \n\n\n\n<h3 class=\"wp-block-heading\">Fluido Solar Mineral con Color de Avene<\/h3>\n\n\n\n<p>Un protector solar de larga duraci\u00f3n con color. Su textura ligera y fluida hidrata la piel con un acabado mate y sin manchas blancas. Es apto para las pieles sensibles y adem\u00e1s act\u00faa como calmante y antiirritante.<\/p>\n\n\n    <a class='product' target='_blank' href='https:\/\/www.primor.eu\/es_es\/avene-fluido-solar-mineral-con-color-55006.html'>\r\n        <img loading='async' src='https:\/\/cdn2.primor.eu\/media\/catalog\/product\/cache\/8d3aba296f7a18b5251ee30fa5db42b2\/6\/X\/6XS08637_1_fc1e.jpg' alt='COMPRAR AHORA'>\r\n            <div class=\"claim\">\r\n                COMPRAR AHORA            <\/div>\r\n        <\/a>\r\n    \n\n\n\n<h3 class=\"wp-block-heading\">Capital Soleil Emulsi\u00f3n Facial Acabado Seco de Vichy<\/h3>\n\n\n\n<p>Una crema solar para el rostro con filtro SPF 50+ que protege a las pieles m\u00e1s sensibles y delicadas. Indicado para pieles mixtas o grasas, est\u00e1 enriquecida con Agua Termal de Vichy, con propiedades calmantes, fortalecedoras y regeneradoras. Adem\u00e1s, no contiene parabenos y es no comedog\u00e9nico.<\/p>\n\n\n    <a class='product' target='_blank' href='https:\/\/www.primor.eu\/es_es\/vichy-capital-soleil-emulsion-facial-acabado-seco-126117.html'>\r\n        <img loading='async' src='https:\/\/cdn2.primor.eu\/media\/catalog\/product\/cache\/8d3aba296f7a18b5251ee30fa5db42b2\/3\/3\/3337871323622_2fad.jpg' alt='COMPRAR AHORA'>\r\n            <div class=\"claim\">\r\n                COMPRAR AHORA            <\/div>\r\n        <\/a>\r\n    \n\n\n\n<h3 class=\"wp-block-heading\">Cellular Protective Cream Face de Sensai<\/h3>\n\n\n\n<p>La crema facial Silky Bronze Cellular Protective de Sensai es un lujoso protector solar antienvejecimiento con un factor de protecci\u00f3n SPF50+ para brindar la mejor protecci\u00f3n a tu rostro. Su f\u00f3rmula resistente al agua y sus ricos ingredientes activos combaten los signos del envejecimiento, aportando hidrataci\u00f3n, firmeza, y prevenci\u00f3n en la aparici\u00f3n de arrugas. Su textura suave y ligera deja tu piel suave, atractivamente bronceada y protegida.<\/p>\n\n\n    <a class='product' target='_blank' href='https:\/\/www.primor.eu\/es_es\/sensai-cellular-protective-cream-for-face-protector-solar-facial-112903.html?#811=61777'>\r\n        <img loading='async' src='https:\/\/cdn2.primor.eu\/media\/catalog\/product\/cache\/8d3aba296f7a18b5251ee30fa5db42b2\/4\/9\/4973167525470_1_e92b.jpg' alt='COMPRAR AHORA'>\r\n            <div class=\"claim\">\r\n                COMPRAR AHORA            <\/div>\r\n        <\/a>\r\n    \n\n\n\n<h3 class=\"wp-block-heading\">Sun Perfecting Fluid Protector Solar Facial SPF 50 de Lancaster<\/h3>\n\n\n\n<p>Protege ampliamente la piel contra los rayos UVB, UVA, luz visible e infrarrojos, defendi\u00e9ndola de los da\u00f1os solares y reforzando su resistencia ante futuros da\u00f1os. Su f\u00f3rmula previene y corrige arrugas, l\u00edneas de expresi\u00f3n y manchas oscuras, mejorando la hidrataci\u00f3n, textura y luminosidad natural de la piel. Con una aplicaci\u00f3n que proporciona un resplandor natural inmediato durante todo el a\u00f1o.<br><\/p>\n\n\n    <a class='product' target='_blank' href='https:\/\/www.primor.eu\/es_es\/lancaster-sun-perfecting-fluid-protector-solar-facial-spf-50-75070.html'>\r\n        <img loading='async' src='https:\/\/cdn2.primor.eu\/media\/catalog\/product\/cache\/8d3aba296f7a18b5251ee30fa5db42b2\/M\/A\/MAIN_3616303450144_affd.jpg' alt='COMPRAR AHORA'>\r\n            <div class=\"claim\">\r\n                COMPRAR AHORA            <\/div>\r\n        <\/a>\r\n    \n\n\n\n<h3 class=\"wp-block-heading\">Organic Sun Ultra Fluid Protector Solar Facial con Color SPF50 de Beauty Drops<\/h3>\n\n\n\n<p>Con un\u00a0<strong>toque de color\u00a0<\/strong>que se adapta al tono de piel, ayuda a\u00a0<strong>unificar la tez\u00a0<\/strong>y a disimular peque\u00f1as imperfecciones, dejando un\u00a0<strong>acabado natural, sin brillos y sin sensaci\u00f3n grasa.\u00a0<\/strong>Perfecto para el\u00a0<strong>uso diario<\/strong>, incluso en pieles sensibles, es el aliado ideal para quienes buscan proteger y embellecer su piel en un solo gesto.<br><\/p>\n\n\n    <a class='product' target='_blank' href='https:\/\/www.primor.eu\/es_es\/beauty-drops-organic-sun-ultra-fluid-protector-solar-facial-con-color-spf50-129406.html'>\r\n        <img loading='async' src='https:\/\/cdn2.primor.eu\/media\/catalog\/product\/cache\/8d3aba296f7a18b5251ee30fa5db42b2\/B\/D\/BD_43695_OS_ULTRAFLUID50TINTED_ce99.jpg' alt='COMPRAR AHORA'>\r\n            <div class=\"claim\">\r\n                COMPRAR AHORA            <\/div>\r\n        <\/a>\r\n    \n\n\n<div class=\"kk-star-ratings kksr-auto kksr-align-center kksr-valign-bottom\"\n    data-payload='{&quot;align&quot;:&quot;center&quot;,&quot;id&quot;:&quot;66729&quot;,&quot;slug&quot;:&quot;default&quot;,&quot;valign&quot;:&quot;bottom&quot;,&quot;ignore&quot;:&quot;&quot;,&quot;reference&quot;:&quot;auto&quot;,&quot;class&quot;:&quot;&quot;,&quot;count&quot;:&quot;13&quot;,&quot;legendonly&quot;:&quot;&quot;,&quot;readonly&quot;:&quot;&quot;,&quot;score&quot;:&quot;4.4&quot;,&quot;starsonly&quot;:&quot;&quot;,&quot;best&quot;:&quot;5&quot;,&quot;gap&quot;:&quot;5&quot;,&quot;greet&quot;:&quot;Valora este art\u00edculo&quot;,&quot;legend&quot;:&quot;4.4\\\/5 - (13 votos)&quot;,&quot;size&quot;:&quot;24&quot;,&quot;title&quot;:&quot;Los 10 mejores protectores solares para la cara del 2026&quot;,&quot;width&quot;:&quot;125.1&quot;,&quot;_legend&quot;:&quot;{score}\\\/{best} - ({count} {votes})&quot;,&quot;font_factor&quot;:&quot;1.25&quot;}'>\n            \n<div class=\"kksr-stars\">\n    \n<div class=\"kksr-stars-inactive\">\n            <div class=\"kksr-star\" data-star=\"1\" style=\"padding-right: 5px\">\n            \n\n<div class=\"kksr-icon\" style=\"width: 24px; height: 24px;\"><\/div>\n        <\/div>\n            <div class=\"kksr-star\" data-star=\"2\" style=\"padding-right: 5px\">\n            \n\n<div class=\"kksr-icon\" style=\"width: 24px; height: 24px;\"><\/div>\n        <\/div>\n            <div class=\"kksr-star\" data-star=\"3\" style=\"padding-right: 5px\">\n            \n\n<div class=\"kksr-icon\" style=\"width: 24px; height: 24px;\"><\/div>\n        <\/div>\n            <div class=\"kksr-star\" data-star=\"4\" style=\"padding-right: 5px\">\n            \n\n<div class=\"kksr-icon\" style=\"width: 24px; height: 24px;\"><\/div>\n        <\/div>\n            <div class=\"kksr-star\" data-star=\"5\" style=\"padding-right: 5px\">\n            \n\n<div class=\"kksr-icon\" style=\"width: 24px; height: 24px;\"><\/div>\n        <\/div>\n    <\/div>\n    \n<div class=\"kksr-stars-active\" style=\"width: 125.1px;\">\n            <div class=\"kksr-star\" style=\"padding-right: 5px\">\n            \n\n<div class=\"kksr-icon\" style=\"width: 24px; height: 24px;\"><\/div>\n        <\/div>\n            <div class=\"kksr-star\" style=\"padding-right: 5px\">\n            \n\n<div class=\"kksr-icon\" style=\"width: 24px; height: 24px;\"><\/div>\n        <\/div>\n            <div class=\"kksr-star\" style=\"padding-right: 5px\">\n            \n\n<div class=\"kksr-icon\" style=\"width: 24px; height: 24px;\"><\/div>\n        <\/div>\n            <div class=\"kksr-star\" style=\"padding-right: 5px\">\n            \n\n<div class=\"kksr-icon\" style=\"width: 24px; height: 24px;\"><\/div>\n        <\/div>\n            <div class=\"kksr-star\" style=\"padding-right: 5px\">\n            \n\n<div class=\"kksr-icon\" style=\"width: 24px; height: 24px;\"><\/div>\n        <\/div>\n    <\/div>\n<\/div>\n                \n\n<div class=\"kksr-legend\" style=\"font-size: 19.2px;\">\n            4.4\/5 - (13 votos)    <\/div>\n    <\/div>\n","protected":false},"excerpt":{"rendered":"<p>El verano se acerca a la vez que aumenta la intensidad del sol. Ahora m\u00e1s que nunca: no deber\u00edas salir de casa sin antes aplicarte alguno de estos protectores solares para la cara. Con el cambio de estaci\u00f3n no solamente cambiamos el armario sino que tambi\u00e9n viran nuestras rutinas de cuidado de la piel. Si [&hellip;]<\/p>\n","protected":false},"author":14,"featured_media":109137,"comment_status":"open","ping_status":"open","sticky":false,"template":"","format":"standard","meta":{"jnews-multi-image_gallery":[],"jnews_single_post":{"subtitle":"","format":"standard","video":"","gallery":"","source_name":"","source_url":"","via_name":"","via_url":"","override_template":"0","override":[{"template":"1","single_blog_custom":"","parallax":"1","fullscreen":"1","layout":"right-sidebar","sidebar":"home-2","second_sidebar":"default-sidebar","sticky_sidebar":"0","share_position":"float","share_float_style":"share-monocrhome","show_share_counter":"0","show_view_counter":"0","show_featured":"1","show_post_meta":"1","show_post_author":"0","show_post_author_image":"1","show_post_date":"1","post_date_format":"default","post_date_format_custom":"Y\/m\/d","show_post_category":"1","show_post_reading_time":"0","post_reading_time_wpm":"300","show_zoom_button":"0","zoom_button_out_step":"2","zoom_button_in_step":"3","show_post_tag":"0","show_prev_next_post":"0","show_popup_post":"0","number_popup_post":"2","show_author_box":"0","show_post_related":"0","show_inline_post_related":"1"}],"override_image_size":"0","image_override":[{"single_post_thumbnail_size":"no-crop","single_post_gallery_size":"crop-500"}],"trending_post":"0","trending_post_position":"meta","trending_post_label":"Trending","sponsored_post":"0","sponsored_post_label":"Sponsored by","sponsored_post_name":"","sponsored_post_url":"","sponsored_post_logo_enable":"0","sponsored_post_logo":"","sponsored_post_desc":"","disable_ad":"0"},"jnews_primary_category":{"id":"","hide":""},"jnews_social_meta":{"fb_title":"","fb_description":"","fb_image":"","twitter_title":"","twitter_description":"","twitter_image":""},"jnews_override_counter":{"override_view_counter":"0","view_counter_number":"0","override_share_counter":"0","share_counter_number":"0","override_like_counter":"0","like_counter_number":"0","override_dislike_counter":"0","dislike_counter_number":"0"},"footnotes":""},"categories":[6302],"tags":[],"class_list":["post-66729","post","type-post","status-publish","format-standard","has-post-thumbnail","hentry","category-solares"],"_links":{"self":[{"href":"https:\/\/www.primor.eu\/blog\/wp-json\/wp\/v2\/posts\/66729","targetHints":{"allow":["GET"]}}],"collection":[{"href":"https:\/\/www.primor.eu\/blog\/wp-json\/wp\/v2\/posts"}],"about":[{"href":"https:\/\/www.primor.eu\/blog\/wp-json\/wp\/v2\/types\/post"}],"author":[{"embeddable":true,"href":"https:\/\/www.primor.eu\/blog\/wp-json\/wp\/v2\/users\/14"}],"replies":[{"embeddable":true,"href":"https:\/\/www.primor.eu\/blog\/wp-json\/wp\/v2\/comments?post=66729"}],"version-history":[{"count":34,"href":"https:\/\/www.primor.eu\/blog\/wp-json\/wp\/v2\/posts\/66729\/revisions"}],"predecessor-version":[{"id":138191,"href":"https:\/\/www.primor.eu\/blog\/wp-json\/wp\/v2\/posts\/66729\/revisions\/138191"}],"wp:featuredmedia":[{"embeddable":true,"href":"https:\/\/www.primor.eu\/blog\/wp-json\/wp\/v2\/media\/109137"}],"wp:attachment":[{"href":"https:\/\/www.primor.eu\/blog\/wp-json\/wp\/v2\/media?parent=66729"}],"wp:term":[{"taxonomy":"category","embeddable":true,"href":"https:\/\/www.primor.eu\/blog\/wp-json\/wp\/v2\/categories?post=66729"},{"taxonomy":"post_tag","embeddable":true,"href":"https:\/\/www.primor.eu\/blog\/wp-json\/wp\/v2\/tags?post=66729"}],"curies":[{"name":"wp","href":"https:\/\/api.w.org\/{rel}","templated":true}]}}