{"id":66703,"date":"2023-05-04T09:44:46","date_gmt":"2023-05-04T09:44:46","guid":{"rendered":"https:\/\/blog.primor.eu\/?p=52607"},"modified":"2026-01-29T08:48:21","modified_gmt":"2026-01-29T08:48:21","slug":"ofertas-mid-season-sale-primor","status":"publish","type":"post","link":"https:\/\/www.primor.eu\/blog\/ofertas-mid-season-sale-primor\/","title":{"rendered":"Las mejores ofertas de la Mid Season Sale de Primor 2026"},"content":{"rendered":"\n<p>\u00a1Han llegado! Las ofertas de las <strong>Mid Season Sale<\/strong> han llegado a <strong>Perfumer\u00edas Primor,<\/strong> y tenemos <strong>miles de descuentos<\/strong> esper\u00e1ndote. Estas <strong><a href=\"https:\/\/www.primor.eu\/blog\/rebajas-de-enero\/\">rebajas<\/a><\/strong> te permitir\u00e1n encontrar los mejores productos de las mejores marcas a precios pr\u00e1cticamente irresistibles.<\/p>\n\n\n\n<p>Desde <a href=\"https:\/\/www.primor.eu\/es_es\/perfumes\">perfumes<\/a> ic\u00f3nicos para todos que son perfectos para la primera (y el verano), hasta los b\u00e1sicos de <a href=\"https:\/\/www.primor.eu\/es_es\/antiarrugas-y-antiedad-lujo\">cosm\u00e9tica antiedad<\/a> mejor valorados, <a href=\"https:\/\/www.primor.eu\/es_es\/maquillaje-de-lujo\">maquillaje<\/a>, <a href=\"https:\/\/www.primor.eu\/es_es\/proteccion-solar\">protectores solares<\/a> para incluir en tu maleta de vacaciones, tratamientos para el <a href=\"https:\/\/www.primor.eu\/es_es\/hair-saloon\">cabello<\/a>, \u00a1y mucho m\u00e1s!<\/p>\n\n\n\n<h2 class=\"wp-block-heading\">Mis Season Sales: qu\u00e9 son<\/h2>\n\n\n\n<p>Las<strong> Mid Season Sale o tambi\u00e9n llamadas Rebajas de mitad de temporada<\/strong>, son un periodo de descuento y promociones especiales celebrado entre los meses de abril y mayo para evitar la larga espera hasta las rebajas de verano. Aunque muchos comercios incluso llegan a adelantar las fechas celebr\u00e1ndolas un poco antes.&nbsp;<\/p>\n\n\n\n<h2 class=\"wp-block-heading\">\u00bfCu\u00e1ndo empiezan las Mid Season Sale 2025?<\/h2>\n\n\n\n<p>Las <strong>Mid Season Sale<\/strong> o tambi\u00e9n llamadas <strong>Rebajas de mitad de temporada<\/strong>, son un periodo promocional que suele celebrarse entre los meses de abril y mayo. Gracias a estos descuentos, evitamos la larga espera hasta las esperadas rebajas de verano y conseguimos ampliar nuestro arsenal beauty al mejor precio.<\/p>\n\n\n\n<h2 class=\"wp-block-heading\">Ventajas de comprar en Primor durante las Mid Season Sale<\/h2>\n\n\n\n<p>Durante las Mid Season Sale de Perfumer\u00edas Primor podr\u00e1s disfrutar de miles de ofertas y descuentos. Sin embargo, tambi\u00e9n cuentan con otras ventajas como:<\/p>\n\n\n\n<ol class=\"wp-block-list\">\n<li><strong>Acceso a ediciones limitadas<\/strong>. Durante las mid season sales, podr\u00e1s encontrar alguna de las ediciones limitadas de tus marcas favoritas, ya estemos hablando de <a href=\"https:\/\/www.primor.eu\/es_es\/perfumes\">perfumes<\/a>, <a href=\"https:\/\/www.primor.eu\/es_es\/cosmetica-de-lujo\">cosm\u00e9tica<\/a> o productos de <a href=\"https:\/\/www.primor.eu\/es_es\/maquillaje-de-lujo\">maquillaje<\/a>. Estos productos suelen ser dif\u00edciles de conseguir, pero en las Mid Season Sales podr\u00e1s encontrar los m\u00e1s exclusivos de tus marcas favoritas.<\/li>\n\n\n\n<li>Es una <strong>oportunidad incre\u00edble para hacer un regalo<\/strong>. Bien porque se acerque una fecha se\u00f1alada, bien porque te acuerdes de alguien especial o bien porque quieras darte un capricho, o dos.&nbsp;<\/li>\n\n\n\n<li>Es una oportunidad incre\u00edble para <strong>experimentar. <\/strong>\u00bfLlevas tiempo queriendo probar un nuevo producto del que has o\u00eddo hablar maravillas? Ya sea en cuanto a marcas o <a href=\"https:\/\/www.primor.eu\/es_es\/productos-virales-de-tik-tok\">productos virales de TikTok<\/a>, las ofertas de mid season sales es la oportunidad que buscabas.<\/li>\n\n\n\n<li>Descuento en <strong>productos de alta calidad<\/strong>. Podr\u00e1s aprovechar para comprar b\u00e1sicos exclusivos a precios irresistibles, y eso siempre es de agradecer.&nbsp;<\/li>\n<\/ol>\n\n\n\n<h2 class=\"wp-block-heading\">Algunos de nuestros productos favoritos que podr\u00e1s encontrar en las rebajas Mid Season Sale&nbsp;<\/h2>\n\n\n\n<h3 class=\"wp-block-heading\"><a href=\"https:\/\/www.primor.eu\/es_es\/yves-saint-laurent-yves-saint-laurent-perfume-mujer-black-opium-eau-de-parfum-53793.html\">Black Opium de Yves Saint Laurent<\/a><\/h3>\n\n\n\n<p>Es uno de los perfumes m\u00e1s vendidos de mujer porque es un aroma sensual, elegante y ultrafemenino que deja huella all\u00e1 donde va.&nbsp;<\/p>\n\n\n<div class=\"wp-block-image\">\n<figure class=\"aligncenter size-full\"><img decoding=\"async\" src=\"\/wp-content\/uploads\/2022\/02\/ofertas-mid-season-sale-primorblack-opium-edp.jpeg\" alt=\"\" class=\"wp-image-52623\"\/><\/figure>\n<\/div>\n\n\n<div class=\"wp-block-buttons is-content-justification-center is-layout-flex wp-container-core-buttons-is-layout-16018d1d wp-block-buttons-is-layout-flex\">\n<div class=\"wp-block-button\"><a class=\"wp-block-button__link has-white-color has-vivid-red-background-color has-text-color has-background wp-element-button\" href=\"https:\/\/www.primor.eu\/es_es\/yves-saint-laurent-yves-saint-laurent-perfume-mujer-black-opium-eau-de-parfum-53793.html\">comprar producto<\/a><\/div>\n<\/div>\n\n\n\n<h3 class=\"wp-block-heading\"><a href=\"https:\/\/www.primor.eu\/es_es\/hugo-boss-boss-bottled-edt-53528.html\">Boss Bottle EDT de Hugo Boss<\/a><\/h3>\n\n\n\n<p>Perfecto para los hombres elegantes que quieren un rastro irresistible a su paso, es un perfume con car\u00e1cter y personalidad. Para aquellos que lo tienen claro.<\/p>\n\n\n<div class=\"wp-block-image\">\n<figure class=\"aligncenter size-full\"><img decoding=\"async\" src=\"\/wp-content\/uploads\/2022\/02\/ofertas-mid-season-sale-primor-boss-bottled.jpeg\" alt=\"\" class=\"wp-image-52624\"\/><\/figure>\n<\/div>\n\n\n<div class=\"wp-block-buttons is-content-justification-center is-layout-flex wp-container-core-buttons-is-layout-16018d1d wp-block-buttons-is-layout-flex\">\n<div class=\"wp-block-button\"><a class=\"wp-block-button__link has-white-color has-vivid-red-background-color has-text-color has-background wp-element-button\" href=\"https:\/\/www.primor.eu\/es_es\/hugo-boss-boss-bottled-edt-53528.html\">comprar producto<\/a><\/div>\n<\/div>\n\n\n\n<h3 class=\"wp-block-heading\"><a href=\"https:\/\/www.primor.eu\/es_es\/collistar-leche-proteccion-activa-piel-hipersensible-spray-55498.html\">Leche Protecci\u00f3n Activa Piel Hipersensible de Collistar<\/a><\/h3>\n\n\n\n<p>Protege tu piel de las radiaciones solares y de otros agentes externos con esta leche protectora perfecta para pieles muy sensibles.<\/p>\n\n\n<div class=\"wp-block-image\">\n<figure class=\"aligncenter size-full\"><img decoding=\"async\" src=\"\/wp-content\/uploads\/2022\/02\/ofertas-mid-season-sale-primor-leche-proteccion-activa-piel-hipersensible-spray.jpeg\" alt=\"\" class=\"wp-image-52625\"\/><\/figure>\n<\/div>\n\n\n<div class=\"wp-block-buttons is-content-justification-center is-layout-flex wp-container-core-buttons-is-layout-16018d1d wp-block-buttons-is-layout-flex\">\n<div class=\"wp-block-button\"><a class=\"wp-block-button__link has-white-color has-vivid-red-background-color has-text-color has-background wp-element-button\" href=\"https:\/\/www.primor.eu\/es_es\/collistar-leche-proteccion-activa-piel-hipersensible-spray-55498.html\">comprar producto<\/a><\/div>\n<\/div>\n\n\n\n<h3 class=\"wp-block-heading\"><a href=\"https:\/\/www.primor.eu\/es_es\/biotherm-lait-corporal-solaire-55602.html\">Lait Corporal Solaire de Biotherm<\/a><\/h3>\n\n\n\n<p>Con el verano a la vuelta de la esquina, tu piel necesita que la protejas con un protector que est\u00e9 a la altura.<\/p>\n\n\n<div class=\"wp-block-image\">\n<figure class=\"aligncenter size-full\"><img decoding=\"async\" src=\"\/wp-content\/uploads\/2022\/02\/ofertas-mid-season-sale-primor-lait-corporal-solaire.jpeg\" alt=\"\" class=\"wp-image-52622\"\/><\/figure>\n<\/div>\n\n\n<div class=\"wp-block-buttons is-content-justification-center is-layout-flex wp-container-core-buttons-is-layout-16018d1d wp-block-buttons-is-layout-flex\">\n<div class=\"wp-block-button\"><a class=\"wp-block-button__link has-white-color has-vivid-red-background-color has-text-color has-background wp-element-button\" href=\"https:\/\/www.primor.eu\/es_es\/biotherm-lait-corporal-solaire-55602.html\">comprar producto<\/a><\/div>\n<\/div>\n\n\n\n<h3 class=\"wp-block-heading\"><a href=\"https:\/\/www.primor.eu\/es_es\/vichy-aqualia-thermal-13411.html\">Aqualia Thermal de Vichy&nbsp;<\/a><\/h3>\n\n\n\n<p>Ideal para hidratar la piel en profundidad, su f\u00f3rmula sorprende por su capacidad para renovar la piel y prevenir la sequedad.<\/p>\n\n\n<div class=\"wp-block-image\">\n<figure class=\"aligncenter size-full\"><img decoding=\"async\" src=\"\/wp-content\/uploads\/2022\/02\/ofertas-mid-season-sale-primor-aqualia-thermal-tarro.jpeg\" alt=\"\" class=\"wp-image-52621\"\/><\/figure>\n<\/div>\n\n\n<div class=\"wp-block-buttons is-content-justification-center is-layout-flex wp-container-core-buttons-is-layout-16018d1d wp-block-buttons-is-layout-flex\">\n<div class=\"wp-block-button\"><a class=\"wp-block-button__link has-white-color has-vivid-red-background-color has-text-color has-background wp-element-button\" href=\"https:\/\/www.primor.eu\/es_es\/vichy-aqualia-thermal-13411.html\">comprar producto<\/a><\/div>\n<\/div>\n\n\n\n<h3 class=\"wp-block-heading\"><a href=\"https:\/\/www.primor.eu\/es_es\/guerlain-rouge-g-velvet-metal-barra-de-labios-personalizable-61054.html\">Rouge G Velvet Metal Barra de Labios Personalizable de Guerlain<\/a><\/h3>\n\n\n\n<p>Sin\u00f3nimo de lujo, este es el labial favorito de aquellas que saben lo que quieren. Llama la atenci\u00f3n de todo tu alrededor con su f\u00f3rmula cremosa.<\/p>\n\n\n<div class=\"wp-block-image\">\n<figure class=\"aligncenter size-full\"><img decoding=\"async\" src=\"\/wp-content\/uploads\/2022\/02\/ofertas-mid-season-sale-primorrouge-g-velvet-metal-barra-de-labios-personalizable.jpeg\" alt=\"\" class=\"wp-image-52620\"\/><\/figure>\n<\/div>\n\n\n<div class=\"wp-block-buttons is-content-justification-center is-layout-flex wp-container-core-buttons-is-layout-16018d1d wp-block-buttons-is-layout-flex\">\n<div class=\"wp-block-button\"><a class=\"wp-block-button__link has-white-color has-vivid-red-background-color has-text-color has-background wp-element-button\" href=\"https:\/\/www.primor.eu\/es_es\/guerlain-rouge-g-velvet-metal-barra-de-labios-personalizable-61054.html\">comprar producto<\/a><\/div>\n<\/div>\n\n\n\n<h3 class=\"wp-block-heading\"><a href=\"https:\/\/www.primor.eu\/es_es\/yves-saint-laurent-yves-saint-laurent-barra-de-labios-rouge-pur-couture-the-slim-48788.html\">Yves Saint Laurent Barra de Labios Rouge Pur Couture The Slim<\/a><\/h3>\n\n\n\n<p>Ultrapigmentado, mate y con una f\u00f3rmula de larga duraci\u00f3n, es el labial que todas buscan por su capacidad para cautivar.<\/p>\n\n\n<div class=\"wp-block-image\">\n<figure class=\"aligncenter size-full\"><img decoding=\"async\" src=\"\/wp-content\/uploads\/2022\/02\/ofertas-mid-season-sale-primor-rouge-pur-couture-the-slim-barra-de-labios.jpeg\" alt=\"\" class=\"wp-image-52619\"\/><\/figure>\n<\/div>\n\n\n<div class=\"wp-block-buttons is-content-justification-center is-layout-flex wp-container-core-buttons-is-layout-16018d1d wp-block-buttons-is-layout-flex\">\n<div class=\"wp-block-button\"><a class=\"wp-block-button__link has-white-color has-vivid-red-background-color has-text-color has-background wp-element-button\" href=\"https:\/\/www.primor.eu\/es_es\/yves-saint-laurent-yves-saint-laurent-barra-de-labios-rouge-pur-couture-the-slim-48788.html\">comprar producto<\/a><\/div>\n<\/div>\n\n\n\n<h3 class=\"wp-block-heading\">R\u00e9nergie Multi-Lift Ultra Crema Fluida Spf25 De <a href=\"https:\/\/www.primor.eu\/es_es\/lancome\" data-type=\"link\" data-id=\"https:\/\/www.primor.eu\/es_es\/lancome\">Lanc\u00f4me<\/a><\/h3>\n\n\n\n<p>Formulada con Extracto de Lino, conocido por su capacidad para crecer incluso en las condiciones m\u00e1s extremas, mejora la elasticidad de la piel, aumenta la luminosidad y ayuda a reducir la apariencia de las manchas gracias a su alto factor de protecci\u00f3n SPF 25.<\/p>\n\n\n<div class=\"wp-block-image\">\n<figure class=\"aligncenter size-full\"><img decoding=\"async\" src=\"\/wp-content\/uploads\/2022\/02\/ofertas-mid-season-sale-primor-renergie-multi-lift-ultra-crema-fluida-anti-edad.jpeg\" alt=\"\" class=\"wp-image-52618\"\/><\/figure>\n<\/div>\n\n\n<h3 class=\"wp-block-heading\"><a href=\"https:\/\/www.primor.eu\/es_es\/mac-studio-fix-every-wear-corrector-base-2-en-1-80644.html\" data-type=\"link\" data-id=\"https:\/\/www.primor.eu\/es_es\/mac-studio-fix-every-wear-corrector-base-2-en-1-80644.html\">Mac Studio Fix Every-Wear Corrector<\/a><\/h3>\n\n\n\n<p>Quien lo prueba, repite, por ser un corrector que no transfiere y que no genera sequedad, pliegues o arrugas.&nbsp;<\/p>\n\n\n<div class=\"wp-block-image\">\n<figure class=\"aligncenter size-full\"><img decoding=\"async\" src=\"\/wp-content\/uploads\/2022\/02\/ofertas-mid-season-sale-primor-studio-fix-every-wear-corrector-base-2-en-1.jpeg\" alt=\"\" class=\"wp-image-52617\"\/><\/figure>\n<\/div>\n\n\n<div class=\"wp-block-buttons is-content-justification-center is-layout-flex wp-container-core-buttons-is-layout-16018d1d wp-block-buttons-is-layout-flex\">\n<div class=\"wp-block-button\"><a class=\"wp-block-button__link has-white-color has-vivid-red-background-color has-text-color has-background wp-element-button\" href=\"https:\/\/www.primor.eu\/es_es\/mac-studio-fix-every-wear-corrector-base-2-en-1-80644.html\">comprar producto<\/a><\/div>\n<\/div>\n\n\n\n<h3 class=\"wp-block-heading\"><a href=\"https:\/\/www.primor.eu\/es_es\/kativa-kit-alisado-brasile-o-8794.html\">Kit Alisado de Keratina Kativa<\/a><\/h3>\n\n\n\n<p>Es el tratamiento que necesitas para mantener tu melena lisa y sedosa durante 10 semanas. Gracias a su f\u00f3rmula exclusiva sin formol, podr\u00e1s conseguir un cabello alisado y bonito sin da\u00f1ar su estructura capilar interna y externa. Adem\u00e1s, la hidratar\u00e1s en profundidad de forma inmediata y prolongada.<\/p>\n\n\n<div class=\"wp-block-image\">\n<figure class=\"aligncenter size-full\"><img decoding=\"async\" src=\"\/wp-content\/uploads\/2022\/02\/ofertas-mid-season-sale-primorkit-alisado-brasileno.jpeg\" alt=\"\" class=\"wp-image-52616\"\/><\/figure>\n<\/div>\n\n\n<div class=\"wp-block-buttons is-content-justification-center is-layout-flex wp-container-core-buttons-is-layout-16018d1d wp-block-buttons-is-layout-flex\">\n<div class=\"wp-block-button\"><a class=\"wp-block-button__link has-white-color has-vivid-red-background-color has-text-color has-background wp-element-button\" href=\"https:\/\/www.primor.eu\/es_es\/kativa-kit-alisado-brasile-o-8794.html\">comprar producto<\/a><\/div>\n<\/div>\n\n\n\n<h3 class=\"wp-block-heading\"><a href=\"https:\/\/www.primor.eu\/es_es\/nuggela-sule-champu-de-cebolla-11315.html\">Champ\u00fa de Cebolla de Nuggela &amp; Sul\u00e9<\/a><\/h3>\n\n\n\n<p>Es un tratamiento capilar de \u00faltima generaci\u00f3n potenciado con Extracto de Cebolla Roja, Gluc\u00f3geno Marino y Sales del Mar Muerto. Su f\u00f3rmula totalmente innovadora combina t\u00e9cnicas de \u00faltima generaci\u00f3n y remedios tradicionales como es el uso de la cebolla como remedio capilar.<\/p>\n\n\n<div class=\"wp-block-image\">\n<figure class=\"aligncenter size-full\"><img decoding=\"async\" src=\"\/wp-content\/uploads\/2022\/02\/ofertas-mid-season-sale-primorchampu-de-cebolla.jpeg\" alt=\"\" class=\"wp-image-52615\"\/><\/figure>\n<\/div>\n\n\n<div class=\"wp-block-buttons is-content-justification-center is-layout-flex wp-container-core-buttons-is-layout-16018d1d wp-block-buttons-is-layout-flex\">\n<div class=\"wp-block-button\"><a class=\"wp-block-button__link has-white-color has-vivid-red-background-color has-text-color has-background wp-element-button\" href=\"https:\/\/www.primor.eu\/es_es\/nuggela-sule-champu-de-cebolla-11315.html\">comprar producto<\/a><\/div>\n<\/div>\n\n\n<div class=\"kk-star-ratings kksr-auto kksr-align-center kksr-valign-bottom\"\n    data-payload='{&quot;align&quot;:&quot;center&quot;,&quot;id&quot;:&quot;66703&quot;,&quot;slug&quot;:&quot;default&quot;,&quot;valign&quot;:&quot;bottom&quot;,&quot;ignore&quot;:&quot;&quot;,&quot;reference&quot;:&quot;auto&quot;,&quot;class&quot;:&quot;&quot;,&quot;count&quot;:&quot;0&quot;,&quot;legendonly&quot;:&quot;&quot;,&quot;readonly&quot;:&quot;&quot;,&quot;score&quot;:&quot;0&quot;,&quot;starsonly&quot;:&quot;&quot;,&quot;best&quot;:&quot;5&quot;,&quot;gap&quot;:&quot;5&quot;,&quot;greet&quot;:&quot;Valora este art\u00edculo&quot;,&quot;legend&quot;:&quot;0\\\/5 - (0 votos)&quot;,&quot;size&quot;:&quot;24&quot;,&quot;title&quot;:&quot;Las mejores ofertas de la Mid Season Sale de Primor 2026&quot;,&quot;width&quot;:&quot;0&quot;,&quot;_legend&quot;:&quot;{score}\\\/{best} - ({count} {votes})&quot;,&quot;font_factor&quot;:&quot;1.25&quot;}'>\n            \n<div class=\"kksr-stars\">\n    \n<div class=\"kksr-stars-inactive\">\n            <div class=\"kksr-star\" data-star=\"1\" style=\"padding-right: 5px\">\n            \n\n<div class=\"kksr-icon\" style=\"width: 24px; height: 24px;\"><\/div>\n        <\/div>\n            <div class=\"kksr-star\" data-star=\"2\" style=\"padding-right: 5px\">\n            \n\n<div class=\"kksr-icon\" style=\"width: 24px; height: 24px;\"><\/div>\n        <\/div>\n            <div class=\"kksr-star\" data-star=\"3\" style=\"padding-right: 5px\">\n            \n\n<div class=\"kksr-icon\" style=\"width: 24px; height: 24px;\"><\/div>\n        <\/div>\n            <div class=\"kksr-star\" data-star=\"4\" style=\"padding-right: 5px\">\n            \n\n<div class=\"kksr-icon\" style=\"width: 24px; height: 24px;\"><\/div>\n        <\/div>\n            <div class=\"kksr-star\" data-star=\"5\" style=\"padding-right: 5px\">\n            \n\n<div class=\"kksr-icon\" style=\"width: 24px; height: 24px;\"><\/div>\n        <\/div>\n    <\/div>\n    \n<div class=\"kksr-stars-active\" style=\"width: 0px;\">\n            <div class=\"kksr-star\" style=\"padding-right: 5px\">\n            \n\n<div class=\"kksr-icon\" style=\"width: 24px; height: 24px;\"><\/div>\n        <\/div>\n            <div class=\"kksr-star\" style=\"padding-right: 5px\">\n            \n\n<div class=\"kksr-icon\" style=\"width: 24px; height: 24px;\"><\/div>\n        <\/div>\n            <div class=\"kksr-star\" style=\"padding-right: 5px\">\n            \n\n<div class=\"kksr-icon\" style=\"width: 24px; height: 24px;\"><\/div>\n        <\/div>\n            <div class=\"kksr-star\" style=\"padding-right: 5px\">\n            \n\n<div class=\"kksr-icon\" style=\"width: 24px; height: 24px;\"><\/div>\n        <\/div>\n            <div class=\"kksr-star\" style=\"padding-right: 5px\">\n            \n\n<div class=\"kksr-icon\" style=\"width: 24px; height: 24px;\"><\/div>\n        <\/div>\n    <\/div>\n<\/div>\n                \n\n<div class=\"kksr-legend\" style=\"font-size: 19.2px;\">\n            <span class=\"kksr-muted\">Valora este art\u00edculo<\/span>\n    <\/div>\n    <\/div>\n","protected":false},"excerpt":{"rendered":"<p>\u00a1Han llegado! Las ofertas de las Mid Season Sale han llegado a Perfumer\u00edas Primor, y tenemos miles de descuentos esper\u00e1ndote. Estas rebajas te permitir\u00e1n encontrar los mejores productos de las mejores marcas a precios pr\u00e1cticamente irresistibles. Desde perfumes ic\u00f3nicos para todos que son perfectos para la primera (y el verano), hasta los b\u00e1sicos de cosm\u00e9tica [&hellip;]<\/p>\n","protected":false},"author":4,"featured_media":136334,"comment_status":"open","ping_status":"open","sticky":false,"template":"","format":"standard","meta":{"jnews-multi-image_gallery":[],"jnews_single_post":{"subtitle":"","format":"standard","video":"","gallery":"","source_name":"","source_url":"","via_name":"","via_url":"","override_template":"0","override":[{"template":"1","single_blog_custom":"","parallax":"1","fullscreen":"1","layout":"right-sidebar","sidebar":"home-2","second_sidebar":"default-sidebar","sticky_sidebar":"0","share_position":"float","share_float_style":"share-monocrhome","show_share_counter":"0","show_view_counter":"0","show_featured":"1","show_post_meta":"1","show_post_author":"0","show_post_author_image":"1","show_post_date":"1","post_date_format":"default","post_date_format_custom":"Y\/m\/d","show_post_category":"1","show_post_reading_time":"0","post_reading_time_wpm":"300","show_zoom_button":"0","zoom_button_out_step":"2","zoom_button_in_step":"3","show_post_tag":"0","show_prev_next_post":"0","show_popup_post":"0","number_popup_post":"2","show_author_box":"0","show_post_related":"0","show_inline_post_related":"1"}],"override_image_size":"0","image_override":[{"single_post_thumbnail_size":"no-crop","single_post_gallery_size":"crop-500"}],"trending_post":"0","trending_post_position":"meta","trending_post_label":"Trending","sponsored_post":"0","sponsored_post_label":"Sponsored by","sponsored_post_name":"","sponsored_post_url":"","sponsored_post_logo_enable":"0","sponsored_post_logo":"","sponsored_post_desc":"","disable_ad":"0"},"jnews_primary_category":{"id":"","hide":""},"jnews_social_meta":{"fb_title":"","fb_description":"","fb_image":"","twitter_title":"","twitter_description":"","twitter_image":""},"jnews_override_counter":{"override_view_counter":"0","view_counter_number":"0","override_share_counter":"0","share_counter_number":"0","override_like_counter":"0","like_counter_number":"0","override_dislike_counter":"0","dislike_counter_number":"0"},"footnotes":""},"categories":[36],"tags":[],"class_list":["post-66703","post","type-post","status-publish","format-standard","has-post-thumbnail","hentry","category-consejos-belleza"],"_links":{"self":[{"href":"https:\/\/www.primor.eu\/blog\/wp-json\/wp\/v2\/posts\/66703","targetHints":{"allow":["GET"]}}],"collection":[{"href":"https:\/\/www.primor.eu\/blog\/wp-json\/wp\/v2\/posts"}],"about":[{"href":"https:\/\/www.primor.eu\/blog\/wp-json\/wp\/v2\/types\/post"}],"author":[{"embeddable":true,"href":"https:\/\/www.primor.eu\/blog\/wp-json\/wp\/v2\/users\/4"}],"replies":[{"embeddable":true,"href":"https:\/\/www.primor.eu\/blog\/wp-json\/wp\/v2\/comments?post=66703"}],"version-history":[{"count":50,"href":"https:\/\/www.primor.eu\/blog\/wp-json\/wp\/v2\/posts\/66703\/revisions"}],"predecessor-version":[{"id":137961,"href":"https:\/\/www.primor.eu\/blog\/wp-json\/wp\/v2\/posts\/66703\/revisions\/137961"}],"wp:featuredmedia":[{"embeddable":true,"href":"https:\/\/www.primor.eu\/blog\/wp-json\/wp\/v2\/media\/136334"}],"wp:attachment":[{"href":"https:\/\/www.primor.eu\/blog\/wp-json\/wp\/v2\/media?parent=66703"}],"wp:term":[{"taxonomy":"category","embeddable":true,"href":"https:\/\/www.primor.eu\/blog\/wp-json\/wp\/v2\/categories?post=66703"},{"taxonomy":"post_tag","embeddable":true,"href":"https:\/\/www.primor.eu\/blog\/wp-json\/wp\/v2\/tags?post=66703"}],"curies":[{"name":"wp","href":"https:\/\/api.w.org\/{rel}","templated":true}]}}