{"id":66686,"date":"2023-11-09T12:41:26","date_gmt":"2023-11-09T12:41:26","guid":{"rendered":"https:\/\/blog.primor.eu\/?p=52452"},"modified":"2025-02-06T13:43:23","modified_gmt":"2025-02-06T13:43:23","slug":"estrias-en-unas","status":"publish","type":"post","link":"https:\/\/www.primor.eu\/blog\/estrias-en-unas\/","title":{"rendered":"Estr\u00edas en las u\u00f1as, \u00bfpor qu\u00e9 aparecen y c\u00f3mo puedo prevenirlas?\u00a0"},"content":{"rendered":"\n<p>Hay muchas cosas que a\u00fan desconocemos del mundo de la belleza, desde problemas hasta infinidad de <a href=\"https:\/\/www.primor.eu\/es_es\/cuidado-de-unas\">soluciones<\/a> para estas. Una de ellas est\u00e1, sin ir m\u00e1s lejos, en las u\u00f1as y es que, \u00bfsab\u00edas que tenemos <strong>estr\u00edas en las u\u00f1as<\/strong>? As\u00ed es, esto no es cosa solo de la piel y tambi\u00e9n aparecen en las <a href=\"https:\/\/www.primor.eu\/blog\/unas-decoradas-sencillas-y-elegantes\/\">u\u00f1as<\/a>.<\/p>\n\n\n\n<p>Si alguna vez has notado en la u\u00f1a una especie de <strong>grietas o desnivel<\/strong>, entonces es que has tenido (o tienes) estr\u00edas en las u\u00f1as. Pueden ser tanto horizontales como verticales. Incluso con<strong> formas m\u00e1s irregulares<\/strong> pero son mucho m\u00e1s sencillas de eliminar que las del <a href=\"https:\/\/www.primor.eu\/blog\/crema-antiestrias-embarazo\/\">cuerpo<\/a>. Sigue leyendo y conoce todo lo que tienes que saber sobre ese problema que afecta a las u\u00f1as.<\/p>\n\n\n\n<h2 class=\"wp-block-heading\">\u00bfPor qu\u00e9 aparecen las estr\u00edas en las u\u00f1as?<\/h2>\n\n\n\n<p>Cabe destacar que, aunque no lo parezca o pasen desapercibidas, las u\u00f1as son una de las zonas m\u00e1s importantes del cuerpo. Tanto en cuanto a sensibilidad como en cuanto a significado. Las estr\u00edas, sin ir m\u00e1s lejos, suelen ser la <strong>respuesta del organismo<\/strong> ante un d\u00e9ficit o a la agresi\u00f3n de agentes externos.<\/p>\n\n\n\n<p>Aqu\u00ed te dejamos una lista con las <strong>causas m\u00e1s frecuentes por las que aparecen las estr\u00edas en las u\u00f1as:<\/strong><\/p>\n\n\n\n<ul class=\"wp-block-list\">\n<li><strong>D\u00e9ficits alimentarios<\/strong> como falta de calcio, hierro y vitaminas, especialmente del grupo B.<\/li>\n\n\n\n<li>El <strong>envejecimiento<\/strong> de la u\u00f1a.&nbsp;<\/li>\n\n\n\n<li>Un <strong>golpe <\/strong>o una contusi\u00f3n.<\/li>\n\n\n\n<li>Un exceso de<strong> sequedad<\/strong> en la u\u00f1a.&nbsp;<\/li>\n\n\n\n<li>Una infecci\u00f3n por <strong>hongos.<\/strong><\/li>\n\n\n\n<li>El contacto directo con <strong>compuestos qu\u00edmicos<\/strong> como los presentes en los productos de limpieza.&nbsp;<\/li>\n\n\n\n<li><strong>Morderse las u\u00f1as <\/strong>con frecuencia.&nbsp;<\/li>\n\n\n\n<li>El <strong>estr\u00e9s.<\/strong>&nbsp;<\/li>\n\n\n\n<li>La herencia<strong> gen\u00e9rica.<\/strong><\/li>\n<\/ul>\n\n\n\n<h2 class=\"wp-block-heading\">\u00bfC\u00f3mo prevenir las estr\u00edas en las u\u00f1as?<\/h2>\n\n\n\n<p>Adem\u00e1s de curarlas, tambi\u00e9n es importante aprender a <strong>prevenir su aparici\u00f3n <\/strong>y es que, por mucho que hayas conseguido eliminarlas, tambi\u00e9n necesitar\u00e1s cuidarlas de ahora en adelante, sobre todo si esta aparici\u00f3n es gen\u00e9tica. . Aqu\u00ed te dejamos una lista de consejos con los que prevenir la aparici\u00f3n de estr\u00edas en las u\u00f1as:<\/p>\n\n\n\n<ul class=\"wp-block-list\">\n<li>Mantener las u\u00f1as siempre <strong>hidratadas<\/strong>. Puedes usar cremas de manos o aceites para u\u00f1as para evitar la sequedad.&nbsp;<\/li>\n\n\n\n<li><strong>Cuidar la higiene.<\/strong> Es fundamental para evitar la aparici\u00f3n de hongos tanto en las u\u00f1as de las manos como de los pies.<\/li>\n\n\n\n<li>Utiliza<strong> guantes<\/strong> a la hora de manejar productos qu\u00edmicos para la limpieza del hogar.&nbsp;<\/li>\n\n\n\n<li>Evita <strong>morder las u\u00f1as<\/strong>.<\/li>\n\n\n\n<li><strong>Cuida tu alimentaci\u00f3n<\/strong> y procura consumir alimentos ricos en hierro, calcio y \u00e1cidos grasos esenciales.<\/li>\n\n\n\n<li>Evita las <strong>limas de hierro<\/strong> a la hora de hacer tu manicura.&nbsp;<\/li>\n\n\n\n<li>No abuses de los <strong>esmaltes de u\u00f1as permanentes<\/strong> ya que debilitan la u\u00f1a al retirarlos.&nbsp;<\/li>\n<\/ul>\n\n\n\n<h2 class=\"wp-block-heading\">As\u00ed puedes tratar y eliminar las estr\u00edas en las u\u00f1as<\/h2>\n\n\n\n<p>S\u00ed, eliminar las estr\u00edas de las u\u00f1as es posible, para ello necesitar\u00e1s una buena rutina de cuidado de las mismas, desde <strong>una buena alimentaci\u00f3n<\/strong>, un buen cuidado diario y la ayuda de ciertas herramientas y productos que har\u00e1n que luzcas unas u\u00f1as perfectas d\u00eda tras d\u00eda. Adem\u00e1s, tambi\u00e9n hay que tener en cuenta la edad. Si la u\u00f1a nace ya con estr\u00edas, no desaparecer\u00e1 como tal pero s\u00ed que se puede mitigar el problema para que no sean tan profundas.<\/p>\n\n\n\n<ul class=\"wp-block-list\">\n<li>Limpieza y <strong>cuidado diario<\/strong>. Un buen cuidado de u\u00f1as va desde una buena rutina de limpieza e hidrataci\u00f3n como a la hora de cortarlas y arreglarlas. L\u00e1valas cada d\u00eda con agua tibia y jab\u00f3n, c\u00f3rtalas con cortau\u00f1as y l\u00edmalas bien. Aplica productos como aceites y cremas para mantener la hidrataci\u00f3n de estas.&nbsp;<\/li>\n<\/ul>\n\n\n\n<ul class=\"wp-block-list\">\n<li><strong>Aplica protectores<\/strong>. Los esmaltes protectores son esenciales tanto si quieres aplicar encima cualquier color como si sencillamente quieres mantenerlas cuidadas a diario y dejarlas descansar por un tiempo. Productos que ayuden a endurecerlas por dentro y por fuera, fortalecerlas, y evitar la rotura de las mismas.&nbsp;<\/li>\n<\/ul>\n\n\n\n<ul class=\"wp-block-list\">\n<li><strong>Pulirlas<\/strong>, otra de las opciones. A la hora de encontrar una soluci\u00f3n r\u00e1pida, la opci\u00f3n de pulirlas es perfecta para ello. Con una lima que puedes alisar la textura de estas y hacer que la manicura quede m\u00e1s lisa. De todas formas, es importante combinarla con todo lo anterior para as\u00ed conseguir un resultado a largo plazo.<\/li>\n<\/ul>\n\n\n\n<h2 class=\"wp-block-heading\">Esmaltes para tratar las estr\u00edas en las u\u00f1as<\/h2>\n\n\n        <product-table class=\"pr-slider\">\r\n            <product-headers class=\"grid-table-rows\">\r\n                <div>Foto<\/div>\r\n                <div>Producto<\/div>\r\n                <div>Marca<\/div>\r\n                <div>Valoraciones<\/div>\r\n                <div>Precio<\/div>\r\n            <\/product-headers>\r\n\r\n            <product-list>\r\n                                    <a href=\"https:\/\/www.primor.eu\/es_es\/unglax-esmalte-antiestrias-base-antiedad-13505.html\" class=\"product-item grid-table-rows\" target=\"_blank\">\r\n                        <div>\r\n                            <img decoding=\"async\" class=\"product-img\" width=\"80px\" height=\"80px\" src=\"https:\/\/cdn2.primor.eu\/media\/catalog\/product\/cache\/8d3aba296f7a18b5251ee30fa5db42b2\/8\/4\/8470003299954_preview_rev_1_8cea.png\" alt=\"Esmalte Antiestr\u00edas Base Antiedad\">\r\n                        <\/div>\r\n\r\n                        <!-- Contenido de producto  -->\r\n                        <div>\r\n                            <div class=\"product-position\">\r\n                                #1 Top Ventas                            <\/div>\r\n\r\n                            <h2>\r\n                                Esmalte Antiestr\u00edas Base Antiedad                            <\/h2>\r\n                        <\/div>\r\n\r\n                        <!-- Imagen y\/o nombre de la marca -->\r\n                        <div>\r\n                                                            <img decoding=\"async\" width=\"70\" src=\"https:\/\/www.primor.eu\/media\/catalog\/category\/UNGLAX.jpg\" alt=\"\">\r\n                                                    <\/div>\r\n\r\n                        <!-- Puntuaci\u00f3n del producto  -->\r\n                        <div class=\"rating\">\r\n                                                            <div class=\"rate\" style=\"--p:88;\"><\/div>\r\n                                <b>4.4\/5<\/b>\r\n                                <div class=\"rate-stars\">\r\n                                                                            <div\r\n                                            class=\"rate-star  \">\r\n                                        <\/div>\r\n                                                                            <div\r\n                                            class=\"rate-star  \">\r\n                                        <\/div>\r\n                                                                            <div\r\n                                            class=\"rate-star  \">\r\n                                        <\/div>\r\n                                                                            <div\r\n                                            class=\"rate-star  \">\r\n                                        <\/div>\r\n                                                                            <div\r\n                                            class=\"rate-star  \">\r\n                                        <\/div>\r\n                                                                    <\/div>\r\n                                                    <\/div>\r\n\r\n                        <!-- Bot\u00f3n de producto  -->\r\n                        <div>\r\n                            <span class=\"price-claim\">\r\n                                VER PRECIO                            <\/span>\r\n                        <\/div>\r\n                    <\/a>\r\n                                    <a href=\"https:\/\/www.primor.eu\/es_es\/beter-nail-care-base-alisadora-de-estrias-35822.html\" class=\"product-item grid-table-rows\" target=\"_blank\">\r\n                        <div>\r\n                            <img decoding=\"async\" class=\"product-img\" width=\"80px\" height=\"80px\" src=\"https:\/\/cdn2.primor.eu\/media\/catalog\/product\/cache\/8d3aba296f7a18b5251ee30fa5db42b2\/8\/4\/8412122400545_aa87.png\" alt=\"Nail Care Base Alisadora de Estr\u00edas\">\r\n                        <\/div>\r\n\r\n                        <!-- Contenido de producto  -->\r\n                        <div>\r\n                            <div class=\"product-position\">\r\n                                #2                            <\/div>\r\n\r\n                            <h2>\r\n                                Nail Care Base Alisadora de Estr\u00edas                            <\/h2>\r\n                        <\/div>\r\n\r\n                        <!-- Imagen y\/o nombre de la marca -->\r\n                        <div>\r\n                                                            <img decoding=\"async\" width=\"70\" src=\"https:\/\/www.primor.eu\/media\/catalog\/category\/BETER.jpg\" alt=\"\">\r\n                                                    <\/div>\r\n\r\n                        <!-- Puntuaci\u00f3n del producto  -->\r\n                        <div class=\"rating\">\r\n                                                            <div class=\"rate\" style=\"--p:94;\"><\/div>\r\n                                <b>4.7\/5<\/b>\r\n                                <div class=\"rate-stars\">\r\n                                                                            <div\r\n                                            class=\"rate-star  \">\r\n                                        <\/div>\r\n                                                                            <div\r\n                                            class=\"rate-star  \">\r\n                                        <\/div>\r\n                                                                            <div\r\n                                            class=\"rate-star  \">\r\n                                        <\/div>\r\n                                                                            <div\r\n                                            class=\"rate-star  \">\r\n                                        <\/div>\r\n                                                                            <div\r\n                                            class=\"rate-star  \">\r\n                                        <\/div>\r\n                                                                    <\/div>\r\n                                                    <\/div>\r\n\r\n                        <!-- Bot\u00f3n de producto  -->\r\n                        <div>\r\n                            <span class=\"price-claim\">\r\n                                VER PRECIO                            <\/span>\r\n                        <\/div>\r\n                    <\/a>\r\n                                    <a href=\"https:\/\/www.primor.eu\/es_es\/sally-hansen-vitamina-e-aceite-para-u-as-y-cuticulas-39538.html\" class=\"product-item grid-table-rows\" target=\"_blank\">\r\n                        <div>\r\n                            <img decoding=\"async\" class=\"product-img\" width=\"80px\" height=\"80px\" src=\"https:\/\/cdn2.primor.eu\/media\/catalog\/product\/cache\/8d3aba296f7a18b5251ee30fa5db42b2\/0\/M\/0MM15116_1_6abd.jpg\" alt=\"Vitamina E Aceite para U\u00f1as y Cut\u00edculas\">\r\n                        <\/div>\r\n\r\n                        <!-- Contenido de producto  -->\r\n                        <div>\r\n                            <div class=\"product-position\">\r\n                                #3                            <\/div>\r\n\r\n                            <h2>\r\n                                Vitamina E Aceite para U\u00f1as y Cut\u00edculas                            <\/h2>\r\n                        <\/div>\r\n\r\n                        <!-- Imagen y\/o nombre de la marca -->\r\n                        <div>\r\n                                                            <img decoding=\"async\" width=\"70\" src=\"https:\/\/www.primor.eu\/media\/catalog\/category\/Sally_Hansen.jpg\" alt=\"\">\r\n                                                    <\/div>\r\n\r\n                        <!-- Puntuaci\u00f3n del producto  -->\r\n                        <div class=\"rating\">\r\n                                                            <p>No hay valoraciones disponibles<\/p>\r\n                                                    <\/div>\r\n\r\n                        <!-- Bot\u00f3n de producto  -->\r\n                        <div>\r\n                            <span class=\"price-claim\">\r\n                                VER PRECIO                            <\/span>\r\n                        <\/div>\r\n                    <\/a>\r\n                                    <a href=\"https:\/\/www.primor.eu\/es_es\/essence-the-extreme-nail-hardener-78290.html\" class=\"product-item grid-table-rows\" target=\"_blank\">\r\n                        <div>\r\n                            <img decoding=\"async\" class=\"product-img\" width=\"80px\" height=\"80px\" src=\"https:\/\/cdn2.primor.eu\/media\/catalog\/product\/cache\/8d3aba296f7a18b5251ee30fa5db42b2\/4\/0\/4059729408860_1essence_THE_EXTREME_NAIL_HARDENER_b3cb.jpg\" alt=\"The Extreme Nail Hardener\">\r\n                        <\/div>\r\n\r\n                        <!-- Contenido de producto  -->\r\n                        <div>\r\n                            <div class=\"product-position\">\r\n                                #4                            <\/div>\r\n\r\n                            <h2>\r\n                                The Extreme Nail Hardener                            <\/h2>\r\n                        <\/div>\r\n\r\n                        <!-- Imagen y\/o nombre de la marca -->\r\n                        <div>\r\n                                                            <img decoding=\"async\" width=\"70\" src=\"https:\/\/www.primor.eu\/media\/catalog\/category\/essence.png\" alt=\"\">\r\n                                                    <\/div>\r\n\r\n                        <!-- Puntuaci\u00f3n del producto  -->\r\n                        <div class=\"rating\">\r\n                                                            <div class=\"rate\" style=\"--p:82;\"><\/div>\r\n                                <b>4.1\/5<\/b>\r\n                                <div class=\"rate-stars\">\r\n                                                                            <div\r\n                                            class=\"rate-star  \">\r\n                                        <\/div>\r\n                                                                            <div\r\n                                            class=\"rate-star  \">\r\n                                        <\/div>\r\n                                                                            <div\r\n                                            class=\"rate-star  \">\r\n                                        <\/div>\r\n                                                                            <div\r\n                                            class=\"rate-star  \">\r\n                                        <\/div>\r\n                                                                            <div\r\n                                            class=\"rate-star  \">\r\n                                        <\/div>\r\n                                                                    <\/div>\r\n                                                    <\/div>\r\n\r\n                        <!-- Bot\u00f3n de producto  -->\r\n                        <div>\r\n                            <span class=\"price-claim\">\r\n                                VER PRECIO                            <\/span>\r\n                        <\/div>\r\n                    <\/a>\r\n                                    <a href=\"https:\/\/www.primor.eu\/es_es\/revuele-complejo-vitaminico-fortalecedor-de-unas-42937.html\" class=\"product-item grid-table-rows\" target=\"_blank\">\r\n                        <div>\r\n                            <img decoding=\"async\" class=\"product-img\" width=\"80px\" height=\"80px\" src=\"https:\/\/cdn2.primor.eu\/media\/catalog\/product\/cache\/8d3aba296f7a18b5251ee30fa5db42b2\/0\/T\/0TF21182_1_82b9.jpg\" alt=\"Complejo Vitam\u00ednico Fortalecedor de U\u00f1as\">\r\n                        <\/div>\r\n\r\n                        <!-- Contenido de producto  -->\r\n                        <div>\r\n                            <div class=\"product-position\">\r\n                                #5                            <\/div>\r\n\r\n                            <h2>\r\n                                Complejo Vitam\u00ednico Fortalecedor de U\u00f1as                            <\/h2>\r\n                        <\/div>\r\n\r\n                        <!-- Imagen y\/o nombre de la marca -->\r\n                        <div>\r\n                                                            <img decoding=\"async\" width=\"70\" src=\"https:\/\/www.primor.eu\/media\/catalog\/category\/989_revuele_1.png\" alt=\"\">\r\n                                                    <\/div>\r\n\r\n                        <!-- Puntuaci\u00f3n del producto  -->\r\n                        <div class=\"rating\">\r\n                                                            <div class=\"rate\" style=\"--p:92;\"><\/div>\r\n                                <b>4.6\/5<\/b>\r\n                                <div class=\"rate-stars\">\r\n                                                                            <div\r\n                                            class=\"rate-star  \">\r\n                                        <\/div>\r\n                                                                            <div\r\n                                            class=\"rate-star  \">\r\n                                        <\/div>\r\n                                                                            <div\r\n                                            class=\"rate-star  \">\r\n                                        <\/div>\r\n                                                                            <div\r\n                                            class=\"rate-star  \">\r\n                                        <\/div>\r\n                                                                            <div\r\n                                            class=\"rate-star  \">\r\n                                        <\/div>\r\n                                                                    <\/div>\r\n                                                    <\/div>\r\n\r\n                        <!-- Bot\u00f3n de producto  -->\r\n                        <div>\r\n                            <span class=\"price-claim\">\r\n                                VER PRECIO                            <\/span>\r\n                        <\/div>\r\n                    <\/a>\r\n                            <\/product-list>\r\n        <\/product-table>\r\n\r\n        \n\n\n\n<h3 class=\"wp-block-heading has-text-align-left\">Esmalte Antiestr\u00edas y U\u00f1as Amarillentas de Unglax<\/h3>\n\n\n\n<p>Para las u\u00f1as estriadas y amarillentas este esmalte mejroa el aspecto de nuestras u\u00f1as y disimula el paso del tiempo. Un esmalte alisador que ayuda a combatir la falta de brillo, las estr\u00edas o el color amarillento. Formulado con vitamina E, para nutrir las u\u00f1as en profundidad y con una tecnolog\u00eda luminiscente azul que ayuda a eliminar el color amarillento de las u\u00f1as.<\/p>\n\n\n    <a class='product' target='_blank' href='https:\/\/www.primor.eu\/es_es\/unglax-esmalte-antiestrias-base-antiedad-13505.html'>\r\n        <img loading='async' src='https:\/\/cdn2.primor.eu\/media\/catalog\/product\/cache\/8d3aba296f7a18b5251ee30fa5db42b2\/8\/4\/8470003299954_preview_rev_1_8cea.png' alt='COMPRAR AHORA'>\r\n            <div class=\"claim\">\r\n                COMPRAR AHORA            <\/div>\r\n        <\/a>\r\n    \n\n\n\n<h3 class=\"wp-block-heading has-text-align-left\">Nail Care Base Alisadora de Estr\u00edas de Better<\/h3>\n\n\n\n<p>La base alisadora de estr\u00edas de la gama Nail Care de Beter unifica la superficie de la u\u00f1a al instante. Esta base alisadora contiene una alta concentraci\u00f3n de minerales que rellenan las estr\u00edas y las peque\u00f1as imperfecciones. Su uso regular fortalece e hidrata las u\u00f1as, combatiendo las causas que provocan las estr\u00edas.<\/p>\n\n\n    <a class='product' target='_blank' href='https:\/\/www.primor.eu\/es_es\/beter-nail-care-base-alisadora-de-estrias-35822.html'>\r\n        <img loading='async' src='https:\/\/cdn2.primor.eu\/media\/catalog\/product\/cache\/8d3aba296f7a18b5251ee30fa5db42b2\/8\/4\/8412122400545_aa87.png' alt='COMPRAR AHORA'>\r\n            <div class=\"claim\">\r\n                COMPRAR AHORA            <\/div>\r\n        <\/a>\r\n    \n\n\n\n<h3 class=\"wp-block-heading has-text-align-left\">Vitamina E Aceite para U\u00f1as y Cut\u00edculas de Sally Hansen<\/h3>\n\n\n\n<p>F\u00f3rmula con esencia natural de vitamina E, germen de trigo, semilla de albaricoque, aloe y Pantenol. Hidrata y acondiciona las cut\u00edculas, ayuda a prevenir las estr\u00edas mientras incrementa la flexibilidad en las u\u00f1as.&nbsp;<\/p>\n\n\n    <a class='product' target='_blank' href='https:\/\/www.primor.eu\/es_es\/sally-hansen-vitamina-e-aceite-para-u-as-y-cuticulas-39538.html'>\r\n        <img loading='async' src='https:\/\/cdn2.primor.eu\/media\/catalog\/product\/cache\/8d3aba296f7a18b5251ee30fa5db42b2\/0\/M\/0MM15116_1_6abd.jpg' alt='COMPRAR AHORA'>\r\n            <div class=\"claim\">\r\n                COMPRAR AHORA            <\/div>\r\n        <\/a>\r\n    \n\n\n\n<h3 class=\"wp-block-heading\">The Extreme Nail Hardener de The Essence<\/h3>\n\n\n\n<p>Se puede utilizar como capa base o como esmalte de u\u00f1as transparente y tiene un acabado ultra brillante. La f\u00f3rmula consigue unas u\u00f1as notablemente m\u00e1s fuertes y duras: El esmalte se puede aplicar dos veces por semana como tratamiento para las u\u00f1as blandas que son propensas a astillarse.<\/p>\n\n\n    <a class='product' target='_blank' href='https:\/\/www.primor.eu\/es_es\/essence-the-extreme-nail-hardener-78290.html'>\r\n        <img loading='async' src='https:\/\/cdn2.primor.eu\/media\/catalog\/product\/cache\/8d3aba296f7a18b5251ee30fa5db42b2\/4\/0\/4059729408860_1essence_THE_EXTREME_NAIL_HARDENER_b3cb.jpg' alt='COMPRAR AHORA'>\r\n            <div class=\"claim\">\r\n                COMPRAR AHORA            <\/div>\r\n        <\/a>\r\n    \n\n\n\n<h3 class=\"wp-block-heading\">Complejo Vitam\u00ednico Fortalecedor de U\u00f1as de Revuele<\/h3>\n\n\n\n<p>Su ingrediente activo Kera Force, una f\u00f3rmula a base de agua altamente concentrada, contiene un complejo estimulante (extracto de lupino cistina), que fortalece y mejora la queratina en la placa de la u\u00f1a. El Pantenol y Glicerina contenido en su formulaci\u00f3n, aportan una hidrataci\u00f3n intensa y profunda. Combina las Vitaminas A y E, en microc\u00e1psulas, para la liberaci\u00f3n inmediata de propiedades nutricionales y antioxidantes.<\/p>\n\n\n    <a class='product' target='_blank' href='https:\/\/www.primor.eu\/es_es\/revuele-complejo-vitaminico-fortalecedor-de-unas-42937.html'>\r\n        <img loading='async' src='https:\/\/cdn2.primor.eu\/media\/catalog\/product\/cache\/8d3aba296f7a18b5251ee30fa5db42b2\/0\/T\/0TF21182_1_82b9.jpg' alt='COMPRAR AHORA'>\r\n            <div class=\"claim\">\r\n                COMPRAR AHORA            <\/div>\r\n        <\/a>\r\n    \n\n\n\n<h3 class=\"wp-block-heading\">Repair Mode Bond Building Serum Para U\u00f1as de Opi<\/h3>\n\n\n\n<p>Desde la primera aplicaci\u00f3n, notar\u00e1s mejoras significativas en la apariencia de tus u\u00f1as. Con un uso continuado, se volver\u00e1n m\u00e1s suaves, fuertes y resistentes a la rotura. Adem\u00e1s, notar\u00e1s una mejora notable en la apariencia de las irregularidades y el color de tus u\u00f1as. Descubre la transformaci\u00f3n que este producto puede brindar a tus u\u00f1as. Con su f\u00f3rmula avanzada y tecnolog\u00eda innovadora, este reparador de u\u00f1as es la elecci\u00f3n ideal para mantener tus u\u00f1as saludables y con un aspecto impecable.<\/p>\n\n\n    <a class='product' target='_blank' href='https:\/\/www.primor.eu\/es_es\/opi-repair-mode-bond-building-serum-para-unas-86709.html'>\r\n        <img loading='async' src='https:\/\/cdn2.primor.eu\/media\/catalog\/product\/cache\/8d3aba296f7a18b5251ee30fa5db42b2\/4\/0\/4064665202625_1_8de1.jpg' alt='COMPRAR AHORA'>\r\n            <div class=\"claim\">\r\n                COMPRAR AHORA            <\/div>\r\n        <\/a>\r\n    \n\n\n<div class=\"kk-star-ratings kksr-auto kksr-align-center kksr-valign-bottom\"\n    data-payload='{&quot;align&quot;:&quot;center&quot;,&quot;id&quot;:&quot;66686&quot;,&quot;slug&quot;:&quot;default&quot;,&quot;valign&quot;:&quot;bottom&quot;,&quot;ignore&quot;:&quot;&quot;,&quot;reference&quot;:&quot;auto&quot;,&quot;class&quot;:&quot;&quot;,&quot;count&quot;:&quot;6&quot;,&quot;legendonly&quot;:&quot;&quot;,&quot;readonly&quot;:&quot;&quot;,&quot;score&quot;:&quot;2.7&quot;,&quot;starsonly&quot;:&quot;&quot;,&quot;best&quot;:&quot;5&quot;,&quot;gap&quot;:&quot;5&quot;,&quot;greet&quot;:&quot;Valora este art\u00edculo&quot;,&quot;legend&quot;:&quot;2.7\\\/5 - (6 votos)&quot;,&quot;size&quot;:&quot;24&quot;,&quot;title&quot;:&quot;Estr\u00edas en las u\u00f1as, \u00bfpor qu\u00e9 aparecen y c\u00f3mo puedo prevenirlas?\u00a0&quot;,&quot;width&quot;:&quot;75.8&quot;,&quot;_legend&quot;:&quot;{score}\\\/{best} - ({count} {votes})&quot;,&quot;font_factor&quot;:&quot;1.25&quot;}'>\n            \n<div class=\"kksr-stars\">\n    \n<div class=\"kksr-stars-inactive\">\n            <div class=\"kksr-star\" data-star=\"1\" style=\"padding-right: 5px\">\n            \n\n<div class=\"kksr-icon\" style=\"width: 24px; height: 24px;\"><\/div>\n        <\/div>\n            <div class=\"kksr-star\" data-star=\"2\" style=\"padding-right: 5px\">\n            \n\n<div class=\"kksr-icon\" style=\"width: 24px; height: 24px;\"><\/div>\n        <\/div>\n            <div class=\"kksr-star\" data-star=\"3\" style=\"padding-right: 5px\">\n            \n\n<div class=\"kksr-icon\" style=\"width: 24px; height: 24px;\"><\/div>\n        <\/div>\n            <div class=\"kksr-star\" data-star=\"4\" style=\"padding-right: 5px\">\n            \n\n<div class=\"kksr-icon\" style=\"width: 24px; height: 24px;\"><\/div>\n        <\/div>\n            <div class=\"kksr-star\" data-star=\"5\" style=\"padding-right: 5px\">\n            \n\n<div class=\"kksr-icon\" style=\"width: 24px; height: 24px;\"><\/div>\n        <\/div>\n    <\/div>\n    \n<div class=\"kksr-stars-active\" style=\"width: 75.8px;\">\n            <div class=\"kksr-star\" style=\"padding-right: 5px\">\n            \n\n<div class=\"kksr-icon\" style=\"width: 24px; height: 24px;\"><\/div>\n        <\/div>\n            <div class=\"kksr-star\" style=\"padding-right: 5px\">\n            \n\n<div class=\"kksr-icon\" style=\"width: 24px; height: 24px;\"><\/div>\n        <\/div>\n            <div class=\"kksr-star\" style=\"padding-right: 5px\">\n            \n\n<div class=\"kksr-icon\" style=\"width: 24px; height: 24px;\"><\/div>\n        <\/div>\n            <div class=\"kksr-star\" style=\"padding-right: 5px\">\n            \n\n<div class=\"kksr-icon\" style=\"width: 24px; height: 24px;\"><\/div>\n        <\/div>\n            <div class=\"kksr-star\" style=\"padding-right: 5px\">\n            \n\n<div class=\"kksr-icon\" style=\"width: 24px; height: 24px;\"><\/div>\n        <\/div>\n    <\/div>\n<\/div>\n                \n\n<div class=\"kksr-legend\" style=\"font-size: 19.2px;\">\n            2.7\/5 - (6 votos)    <\/div>\n    <\/div>\n","protected":false},"excerpt":{"rendered":"<p>Hay muchas cosas que a\u00fan desconocemos del mundo de la belleza, desde problemas hasta infinidad de soluciones para estas. Una de ellas est\u00e1, sin ir m\u00e1s lejos, en las u\u00f1as y es que, \u00bfsab\u00edas que tenemos estr\u00edas en las u\u00f1as? As\u00ed es, esto no es cosa solo de la piel y tambi\u00e9n aparecen en las [&hellip;]<\/p>\n","protected":false},"author":4,"featured_media":121595,"comment_status":"open","ping_status":"open","sticky":false,"template":"","format":"standard","meta":{"jnews-multi-image_gallery":[],"jnews_single_post":{"subtitle":"","format":"standard","video":"","gallery":"","source_name":"","source_url":"","via_name":"","via_url":"","override_template":"0","override":[{"template":"1","single_blog_custom":"","parallax":"1","fullscreen":"1","layout":"right-sidebar","sidebar":"home-2","second_sidebar":"default-sidebar","sticky_sidebar":"0","share_position":"float","share_float_style":"share-monocrhome","show_share_counter":"0","show_view_counter":"0","show_featured":"1","show_post_meta":"1","show_post_author":"0","show_post_author_image":"1","show_post_date":"1","post_date_format":"default","post_date_format_custom":"Y\/m\/d","show_post_category":"1","show_post_reading_time":"0","post_reading_time_wpm":"300","show_zoom_button":"0","zoom_button_out_step":"2","zoom_button_in_step":"3","show_post_tag":"0","show_prev_next_post":"0","show_popup_post":"0","number_popup_post":"2","show_author_box":"0","show_post_related":"0","show_inline_post_related":"1"}],"override_image_size":"0","image_override":[{"single_post_thumbnail_size":"no-crop","single_post_gallery_size":"crop-500"}],"trending_post":"0","trending_post_position":"meta","trending_post_label":"Trending","sponsored_post":"0","sponsored_post_label":"Sponsored by","sponsored_post_name":"","sponsored_post_url":"","sponsored_post_logo_enable":"0","sponsored_post_logo":"","sponsored_post_desc":"","disable_ad":"0"},"jnews_primary_category":{"id":"","hide":""},"jnews_social_meta":{"fb_title":"","fb_description":"","fb_image":"","twitter_title":"","twitter_description":"","twitter_image":""},"jnews_override_counter":{"override_view_counter":"0","view_counter_number":"0","override_share_counter":"0","share_counter_number":"0","override_like_counter":"0","like_counter_number":"0","override_dislike_counter":"0","dislike_counter_number":"0"},"footnotes":""},"categories":[36],"tags":[],"class_list":["post-66686","post","type-post","status-publish","format-standard","has-post-thumbnail","hentry","category-consejos-belleza"],"_links":{"self":[{"href":"https:\/\/www.primor.eu\/blog\/wp-json\/wp\/v2\/posts\/66686","targetHints":{"allow":["GET"]}}],"collection":[{"href":"https:\/\/www.primor.eu\/blog\/wp-json\/wp\/v2\/posts"}],"about":[{"href":"https:\/\/www.primor.eu\/blog\/wp-json\/wp\/v2\/types\/post"}],"author":[{"embeddable":true,"href":"https:\/\/www.primor.eu\/blog\/wp-json\/wp\/v2\/users\/4"}],"replies":[{"embeddable":true,"href":"https:\/\/www.primor.eu\/blog\/wp-json\/wp\/v2\/comments?post=66686"}],"version-history":[{"count":11,"href":"https:\/\/www.primor.eu\/blog\/wp-json\/wp\/v2\/posts\/66686\/revisions"}],"predecessor-version":[{"id":121602,"href":"https:\/\/www.primor.eu\/blog\/wp-json\/wp\/v2\/posts\/66686\/revisions\/121602"}],"wp:featuredmedia":[{"embeddable":true,"href":"https:\/\/www.primor.eu\/blog\/wp-json\/wp\/v2\/media\/121595"}],"wp:attachment":[{"href":"https:\/\/www.primor.eu\/blog\/wp-json\/wp\/v2\/media?parent=66686"}],"wp:term":[{"taxonomy":"category","embeddable":true,"href":"https:\/\/www.primor.eu\/blog\/wp-json\/wp\/v2\/categories?post=66686"},{"taxonomy":"post_tag","embeddable":true,"href":"https:\/\/www.primor.eu\/blog\/wp-json\/wp\/v2\/tags?post=66686"}],"curies":[{"name":"wp","href":"https:\/\/api.w.org\/{rel}","templated":true}]}}