{"id":66669,"date":"2023-05-03T10:57:55","date_gmt":"2023-06-08T15:29:40","guid":{"rendered":"https:\/\/blog.primor.eu\/?p=16371"},"modified":"2026-01-29T08:48:16","modified_gmt":"2026-01-29T08:48:16","slug":"exfoliantes-para-la-cara-faciales-primor","status":"publish","type":"post","link":"https:\/\/www.primor.eu\/blog\/exfoliantes-para-la-cara-faciales-primor\/","title":{"rendered":"Los 9 mejores exfoliantes para la cara de 2026"},"content":{"rendered":"\n<p>No es ning\u00fan secreto para (casi) nadie que una <a href=\"https:\/\/www.primor.eu\/blog\/limpieza-facial-en-casa\/\">correcta limpieza<\/a> y <a href=\"https:\/\/www.primor.eu\/es_es\/exfoliantes-faciales-de-parafarmacia\">exfoliaci\u00f3n en la piel<\/a> logran que el efecto de la cosm\u00e9tica en nuestra piel se optimice. Es decir, que una piel limpia de impurezas acoger\u00e1 mejor los activos de un s\u00e9rum o la hidrataci\u00f3n de una crema, por ejemplo. Conclusi\u00f3n: que utilizar <strong>exfoliantes para la cara<\/strong> deber\u00eda ser uno de los pasos m\u00e1s primordiales en cualquier rutina de belleza facial porque puede determinar todo lo dem\u00e1s.<\/p>\n\n\n\n<p>Exfoliar la piel del rostro es un h\u00e1bito excelente que te ayudar\u00e1 a tener un rostro m\u00e1s <strong>suave y luminoso<\/strong>, pero con condiciones. Los expertos insisten en evitar las exfoliaciones muy frecuentes (diarias o casi diarias) y agresivas. No importa que tu piel sea m\u00e1s o menos sensible, <strong>la clave es hacerlo de forma controlada<\/strong> (de una a tres veces a la semana, en funci\u00f3n del tipo de piel) y siempre <strong>escogiendo muy bien el producto<\/strong>, que sea suave y que no irrite ni resulte abrasivo.<\/p>\n\n\n\n<p>Estos productos \u2013<strong>los exfoliantes faciales<\/strong>\u2013 cobran m\u00e1s relevancia si cabe ahora que el verano se acerca y las horas de exposici\u00f3n al sol han aumentado considerablemente. Para preparar la piel del rostro, <strong>nada mejor que este cosm\u00e9tico<\/strong>.<\/p>\n\n\n\n<h2 class=\"wp-block-heading\">\u00bfCu\u00e1l es la funci\u00f3n de los exfoliantes para la cara?<\/h2>\n\n\n\n<p>B\u00e1sicamente, estos eliminan las c\u00e9lulas muertas y los residuos de nuestra piel de una forma m\u00e1s profunda que un desmaquillante o t\u00f3nico. La principal diferencia es que incluyen micropart\u00edculas naturales que \u2018arrastran\u2019 la suciedad. El resultado es siempre una piel limpia, saneada y nutrida. Eso s\u00ed, hay que fijarse bien en que el exfoliante sea delicado si queremos evitar irritaciones. Es por ello que hoy te traemos una selecci\u00f3n de exfoliantes para la cara suaves a la venta en Primor.<\/p>\n\n\n\n<h2 class=\"wp-block-heading\">Los mejores exfoliantes para la cara est\u00e1n en Primor<\/h2>\n\n\n    <div class=\"table-error\">\r\n        ERROR AL MOSTRAR LA TABLA    <\/div>\r\n    \n\n\n\n<h3 class=\"wp-block-heading\">Insta Magic Beauty Mascarilla Exfoliante de Revuele&nbsp;<\/h3>\n\n\n\n<p>Limpia profundamente la piel y tiene efecto matificante. Contiene arcilla rosa, que ayuda a extraer las impurezas de la piel; \u00f3xido de zinc, que ayuda a la renovaci\u00f3n de la piel; mentol, que reduce el tama\u00f1o de los poros y vitamina E para una nutrici\u00f3n superior. Es recomendable para pieles mixtas y grasas.<\/p>\n\n\n    <a class='product' target='_blank' href='https:\/\/www.primor.eu\/es_es\/revuele-insta-magic-beauty-mascarilla-exfoliante-15760.html'>\r\n        <img loading='async' src='https:\/\/cdn2.primor.eu\/media\/catalog\/product\/cache\/8d3aba296f7a18b5251ee30fa5db42b2\/0\/T\/0TF16984_1_0366.jpg' alt='COMPRAR AHORA'>\r\n            <div class=\"claim\">\r\n                COMPRAR AHORA            <\/div>\r\n        <\/a>\r\n    \n\n\n\n<h3 class=\"wp-block-heading\">Limpiador Exfoliante Suave Expr\u00e9s de Clarins<\/h3>\n\n\n\n<p>Enriquecido con extractos de saponaria bio y kiwi bio, deja la piel limpia, fresca y radiante. El [Gentle Complex] de Clarins con extractos de genciana amarilla bio* y melisa bio* calma y suaviza la piel. Ce gel frais enrichi de micro-billes d'origine v\u00e9g\u00e9tales se transforme en mousse fine et onctueuse.<\/p>\n\n\n    <a class='product' target='_blank' href='https:\/\/www.primor.eu\/es_es\/clarins-limpiador-exfoliante-suave-expres-104227.html'>\r\n        <img loading='async' src='https:\/\/cdn2.primor.eu\/media\/catalog\/product\/cache\/8d3aba296f7a18b5251ee30fa5db42b2\/3\/6\/3666057216671_1_8469.jpg' alt='COMPRAR AHORA'>\r\n            <div class=\"claim\">\r\n                COMPRAR AHORA            <\/div>\r\n        <\/a>\r\n    \n\n\n\n<h3 class=\"wp-block-heading\">Detox &amp; Luminosidad Limpieza Diaria de Olay<\/h3>\n\n\n\n<p>Apto para todo tipo de pieles, con Vitamina E Y Pro-Vitamina B5.<\/p>\n\n\n\n<p>Suave con la piel, adecuado para uso diario.<\/p>\n\n\n\n<p>El limpiador Olay Cleanse Detox &amp; Luminosidad para todo tipo de pieles:<\/p>\n\n\n\n<p>-Exfolia suavemente, purifica, mejora la textura de la piel y reduce la apariencia de los poros.<\/p>\n\n\n\n<p>-Ayuda a eliminar las c\u00e9lulas muertas, consiguiendo una piel m\u00e1s luminosa y un cutis radiante.<\/p>\n\n\n\n<p>F\u00f3rmula suave con part\u00edculas exfoliantes que se activan por contacto. Enriquecida con vitamina E y pro-vitamina B5.<\/p>\n\n\n\n<p>Suave con la piel, adecuada para uso diario.<\/p>\n\n\n       \r\n        \n\n\n\n<h3 class=\"wp-block-heading\">Espuma Facial Exfoliante de Neostrata<\/h3>\n\n\n\n<p>Es un exfoliante facial con SynerG Technology 8.5 que combina exclusivos activos antiaging de \u00faltima generaci\u00f3n que aportan una higiene activa ayudando a la renovaci\u00f3n celular y mejora de la textura de la piel.<\/p>\n\n\n    <a class='product' target='_blank' href='https:\/\/www.primor.eu\/es_es\/neostrata-espuma-facial-exfoliante-13763.html'>\r\n        <img loading='async' src='https:\/\/cdn2.primor.eu\/media\/catalog\/product\/cache\/8d3aba296f7a18b5251ee30fa5db42b2\/8\/4\/8470001638311_2_a0be.png' alt='COMPRAR AHORA'>\r\n            <div class=\"claim\">\r\n                COMPRAR AHORA            <\/div>\r\n        <\/a>\r\n    \n\n\n\n<h3 class=\"wp-block-heading\">Exfoliating Scrub Exfoliante Facial\u00a0de Clinque<\/h3>\n\n\n\n<p>El exfoliante facial Exfoliating Scrub de Clinique es perfecto para las pieles grasas. Los copos de la crema refinan y suavizan las peque\u00f1as l\u00edneas de expresi\u00f3n.<\/p>\n\n\n    <a class='product' target='_blank' href='https:\/\/www.primor.eu\/es_es\/clinique-exfoliating-scrub-exfoliante-facial-14204.html'>\r\n        <img loading='async' src='https:\/\/cdn2.primor.eu\/media\/catalog\/product\/cache\/8d3aba296f7a18b5251ee30fa5db42b2\/0\/T\/0TF00097_1_eb5d.jpg' alt='COMPRAR AHORA'>\r\n            <div class=\"claim\">\r\n                COMPRAR AHORA            <\/div>\r\n        <\/a>\r\n    \n\n\n\n<h3 class=\"wp-block-heading\">Effaclar Gel Purificante Microexfoliante de La Roche-Posay<\/h3>\n\n\n\n<p>La textura en gel espumoso suave de este limpiador facilita su aplicaci\u00f3n, sin dejar una sensaci\u00f3n pegajosa en la piel. Act\u00faa de manera efectiva en la eliminaci\u00f3n de c\u00e9lulas muertas e impurezas, ayudando a reducir la visibilidad de los molestos puntos negros y controlando el brillo facial.<\/p>\n\n\n\n<p>Este gel est\u00e1 respaldado por la ciencia de La Roche-Posay y ha sido formulado con agentes micro-exfoliantes y purificantes para abordar los problemas de la piel grasa y con tendencia acneica. Adem\u00e1s, es hipoalerg\u00e9nico y ha sido testado dermatol\u00f3gicamente, lo que lo convierte en una opci\u00f3n segura y efectiva para el cuidado de la piel propensa al acn\u00e9.<\/p>\n\n\n    <a class='product' target='_blank' href='https:\/\/www.primor.eu\/es_es\/la-roche-posay-effaclar-gel-purificante-microexfoliante-106633.html?#854=66459'>\r\n        <img loading='async' src='https:\/\/cdn2.primor.eu\/media\/catalog\/product\/cache\/8d3aba296f7a18b5251ee30fa5db42b2\/3\/3\/3337875708289_aa9f.jpg' alt='COMPRAR AHORA'>\r\n            <div class=\"claim\">\r\n                COMPRAR AHORA            <\/div>\r\n        <\/a>\r\n    \n\n\n\n<h3 class=\"wp-block-heading\">T\u00f3nico Exfoliante Saccharomyces Ferment 30% Milky Toner de The Ordinary<\/h3>\n\n\n\n<p>Exfolia suavemente para conseguir una piel m\u00e1s suave, hidratada y radiante. Con una exfoliaci\u00f3n suave, ayuda a reducir las irregularidades y a alisar la textura de la piel, adem\u00e1s de disminuir el aspecto de las manchas oscuras, lo que se traduce en una piel m\u00e1s luminosa.<\/p>\n\n\n    <a class='product' target='_blank' href='https:\/\/www.primor.eu\/es_es\/the-ordinary-tonico-exfoliante-saccharomyces-ferment-30-milky-toner-102602.html'>\r\n        <img loading='async' src='https:\/\/cdn2.primor.eu\/media\/catalog\/product\/cache\/8d3aba296f7a18b5251ee30fa5db42b2\/o\/r\/ordinary_99a5.JPG' alt='COMPRAR AHORA'>\r\n            <div class=\"claim\">\r\n                COMPRAR AHORA            <\/div>\r\n        <\/a>\r\n    \n\n\n\n<h3 class=\"wp-block-heading\">DermoPure Oil Control Exfoliante de Eucerin<\/h3>\n\n\n\n<p>Poderosa f\u00f3rmula sin aceites, enriquecida con \u00e1cido l\u00e1ctico y micropart\u00edculas naturales. Dise\u00f1ado para pieles grasas con imperfecciones, este peeling facial y corporal no solo elimina las impurezas y maquillaje, sino que tambi\u00e9n desbloquea los poros, reduciendo los puntos negros y mejorando la textura de la piel.<\/p>\n\n\n    <a class='product' target='_blank' href='https:\/\/www.primor.eu\/es_es\/eucerin-dermopure-oil-control-exfoliante-12343.html'>\r\n        <img loading='async' src='https:\/\/cdn2.primor.eu\/media\/catalog\/product\/cache\/8d3aba296f7a18b5251ee30fa5db42b2\/4\/0\/4005800182372_93af.jpg' alt='COMPRAR AHORA'>\r\n            <div class=\"claim\">\r\n                COMPRAR AHORA            <\/div>\r\n        <\/a>\r\n    \n\n\n\n<h3 class=\"wp-block-heading\">Spot Controlling Exfoliante Facial de Neutrogena<\/h3>\n\n\n\n<p>Su f\u00f3rmula \u00fanica, con part\u00edculas exfoliantes de celulosa natural, realiza una limpieza profunda de los poros, ayudando a eliminar imperfecciones sin comprometer la barrera natural de la piel. Enriquecido con \u00c1cido Salic\u00edlico Purificante, este exfoliante ofrece una soluci\u00f3n completa para abordar las preocupaciones relacionadas con los granos,\u00a0brindando una experiencia de cuidado facial que promueve una piel m\u00e1s clara y saludable.<\/p>\n\n\n       \r\n        \n\n\n<div class=\"kk-star-ratings kksr-auto kksr-align-center kksr-valign-bottom\"\n    data-payload='{&quot;align&quot;:&quot;center&quot;,&quot;id&quot;:&quot;66669&quot;,&quot;slug&quot;:&quot;default&quot;,&quot;valign&quot;:&quot;bottom&quot;,&quot;ignore&quot;:&quot;&quot;,&quot;reference&quot;:&quot;auto&quot;,&quot;class&quot;:&quot;&quot;,&quot;count&quot;:&quot;0&quot;,&quot;legendonly&quot;:&quot;&quot;,&quot;readonly&quot;:&quot;&quot;,&quot;score&quot;:&quot;0&quot;,&quot;starsonly&quot;:&quot;&quot;,&quot;best&quot;:&quot;5&quot;,&quot;gap&quot;:&quot;5&quot;,&quot;greet&quot;:&quot;Valora este art\u00edculo&quot;,&quot;legend&quot;:&quot;0\\\/5 - (0 votos)&quot;,&quot;size&quot;:&quot;24&quot;,&quot;title&quot;:&quot;Los 9 mejores exfoliantes para la cara de 2026&quot;,&quot;width&quot;:&quot;0&quot;,&quot;_legend&quot;:&quot;{score}\\\/{best} - ({count} {votes})&quot;,&quot;font_factor&quot;:&quot;1.25&quot;}'>\n            \n<div class=\"kksr-stars\">\n    \n<div class=\"kksr-stars-inactive\">\n            <div class=\"kksr-star\" data-star=\"1\" style=\"padding-right: 5px\">\n            \n\n<div class=\"kksr-icon\" style=\"width: 24px; height: 24px;\"><\/div>\n        <\/div>\n            <div class=\"kksr-star\" data-star=\"2\" style=\"padding-right: 5px\">\n            \n\n<div class=\"kksr-icon\" style=\"width: 24px; height: 24px;\"><\/div>\n        <\/div>\n            <div class=\"kksr-star\" data-star=\"3\" style=\"padding-right: 5px\">\n            \n\n<div class=\"kksr-icon\" style=\"width: 24px; height: 24px;\"><\/div>\n        <\/div>\n            <div class=\"kksr-star\" data-star=\"4\" style=\"padding-right: 5px\">\n            \n\n<div class=\"kksr-icon\" style=\"width: 24px; height: 24px;\"><\/div>\n        <\/div>\n            <div class=\"kksr-star\" data-star=\"5\" style=\"padding-right: 5px\">\n            \n\n<div class=\"kksr-icon\" style=\"width: 24px; height: 24px;\"><\/div>\n        <\/div>\n    <\/div>\n    \n<div class=\"kksr-stars-active\" style=\"width: 0px;\">\n            <div class=\"kksr-star\" style=\"padding-right: 5px\">\n            \n\n<div class=\"kksr-icon\" style=\"width: 24px; height: 24px;\"><\/div>\n        <\/div>\n            <div class=\"kksr-star\" style=\"padding-right: 5px\">\n            \n\n<div class=\"kksr-icon\" style=\"width: 24px; height: 24px;\"><\/div>\n        <\/div>\n            <div class=\"kksr-star\" style=\"padding-right: 5px\">\n            \n\n<div class=\"kksr-icon\" style=\"width: 24px; height: 24px;\"><\/div>\n        <\/div>\n            <div class=\"kksr-star\" style=\"padding-right: 5px\">\n            \n\n<div class=\"kksr-icon\" style=\"width: 24px; height: 24px;\"><\/div>\n        <\/div>\n            <div class=\"kksr-star\" style=\"padding-right: 5px\">\n            \n\n<div class=\"kksr-icon\" style=\"width: 24px; height: 24px;\"><\/div>\n        <\/div>\n    <\/div>\n<\/div>\n                \n\n<div class=\"kksr-legend\" style=\"font-size: 19.2px;\">\n            <span class=\"kksr-muted\">Valora este art\u00edculo<\/span>\n    <\/div>\n    <\/div>\n","protected":false},"excerpt":{"rendered":"<p>No es ning\u00fan secreto para (casi) nadie que una correcta limpieza y exfoliaci\u00f3n en la piel logran que el efecto de la cosm\u00e9tica en nuestra piel se optimice. Es decir, que una piel limpia de impurezas acoger\u00e1 mejor los activos de un s\u00e9rum o la hidrataci\u00f3n de una crema, por ejemplo. Conclusi\u00f3n: que utilizar exfoliantes [&hellip;]<\/p>\n","protected":false},"author":4,"featured_media":120836,"comment_status":"open","ping_status":"open","sticky":false,"template":"","format":"standard","meta":{"jnews-multi-image_gallery":[],"jnews_single_post":{"subtitle":"","format":"standard","video":"","gallery":"","source_name":"","source_url":"","via_name":"","via_url":"","override_template":"0","override":[{"template":"1","single_blog_custom":"","parallax":"1","fullscreen":"1","layout":"right-sidebar","sidebar":"home-2","second_sidebar":"default-sidebar","sticky_sidebar":"0","share_position":"float","share_float_style":"share-monocrhome","show_share_counter":"0","show_view_counter":"0","show_featured":"1","show_post_meta":"1","show_post_author":"0","show_post_author_image":"1","show_post_date":"1","post_date_format":"default","post_date_format_custom":"Y\/m\/d","show_post_category":"1","show_post_reading_time":"0","post_reading_time_wpm":"300","show_zoom_button":"0","zoom_button_out_step":"2","zoom_button_in_step":"3","show_post_tag":"0","show_prev_next_post":"0","show_popup_post":"0","number_popup_post":"2","show_author_box":"0","show_post_related":"0","show_inline_post_related":"1"}],"override_image_size":"0","image_override":[{"single_post_thumbnail_size":"no-crop","single_post_gallery_size":"crop-500"}],"trending_post":"0","trending_post_position":"meta","trending_post_label":"Trending","sponsored_post":"0","sponsored_post_label":"Sponsored by","sponsored_post_name":"","sponsored_post_url":"","sponsored_post_logo_enable":"0","sponsored_post_logo":"","sponsored_post_desc":"","disable_ad":"0"},"jnews_primary_category":{"id":"","hide":""},"jnews_social_meta":{"fb_title":"","fb_description":"","fb_image":"","twitter_title":"","twitter_description":"","twitter_image":""},"jnews_override_counter":{"override_view_counter":"0","view_counter_number":"0","override_share_counter":"0","share_counter_number":"0","override_like_counter":"0","like_counter_number":"0","override_dislike_counter":"0","dislike_counter_number":"0"},"footnotes":""},"categories":[29,39],"tags":[],"class_list":["post-66669","post","type-post","status-publish","format-standard","has-post-thumbnail","hentry","category-cosmetica","category-limpieza-facial"],"_links":{"self":[{"href":"https:\/\/www.primor.eu\/blog\/wp-json\/wp\/v2\/posts\/66669","targetHints":{"allow":["GET"]}}],"collection":[{"href":"https:\/\/www.primor.eu\/blog\/wp-json\/wp\/v2\/posts"}],"about":[{"href":"https:\/\/www.primor.eu\/blog\/wp-json\/wp\/v2\/types\/post"}],"author":[{"embeddable":true,"href":"https:\/\/www.primor.eu\/blog\/wp-json\/wp\/v2\/users\/4"}],"replies":[{"embeddable":true,"href":"https:\/\/www.primor.eu\/blog\/wp-json\/wp\/v2\/comments?post=66669"}],"version-history":[{"count":23,"href":"https:\/\/www.primor.eu\/blog\/wp-json\/wp\/v2\/posts\/66669\/revisions"}],"predecessor-version":[{"id":137960,"href":"https:\/\/www.primor.eu\/blog\/wp-json\/wp\/v2\/posts\/66669\/revisions\/137960"}],"wp:featuredmedia":[{"embeddable":true,"href":"https:\/\/www.primor.eu\/blog\/wp-json\/wp\/v2\/media\/120836"}],"wp:attachment":[{"href":"https:\/\/www.primor.eu\/blog\/wp-json\/wp\/v2\/media?parent=66669"}],"wp:term":[{"taxonomy":"category","embeddable":true,"href":"https:\/\/www.primor.eu\/blog\/wp-json\/wp\/v2\/categories?post=66669"},{"taxonomy":"post_tag","embeddable":true,"href":"https:\/\/www.primor.eu\/blog\/wp-json\/wp\/v2\/tags?post=66669"}],"curies":[{"name":"wp","href":"https:\/\/api.w.org\/{rel}","templated":true}]}}