{"id":6002,"date":"2018-08-06T14:53:25","date_gmt":"2018-08-06T12:53:25","guid":{"rendered":"http:\/\/blog.primor.eu:\/?p=6002"},"modified":"2023-07-14T10:21:14","modified_gmt":"2023-07-14T10:21:14","slug":"evento-vivienne-sabo-con-porporaporpita","status":"publish","type":"post","link":"https:\/\/www.primor.eu\/blog\/evento-vivienne-sabo-con-porporaporpita\/","title":{"rendered":"Evento Vivienne Sab\u00f3 con Porporaporpita"},"content":{"rendered":"<p>\u00a1Hola primores!<\/p>\n<p>El jueves pasado tuvimos el placer de conocer de primera mano la marca de maquillaje <a href=\"https:\/\/www.primor.eu\/es_es\/vivienne-sabo\"><strong>Vivienne Sab\u00f3<\/strong><\/a> con <a href=\"http:\/\/www.porporaporpita.com\" target=\"_blank\" rel=\"noopener\"><strong>Porporaporpita<\/strong><\/a>\u00a0(Mar\u00eda) en la tienda <strong>Primor Calle Nueva de M\u00e1laga<\/strong>\u00a0?<\/p>\n<p><img decoding=\"async\" class=\"aligncenter wp-image-6003\" src=\"http:\/\/blog.primor.eu\/wp-content\/uploads\/2024\/08\/WhatsApp-Image-2018-08-03-at-09.03.25.jpeg\" alt=\"\" width=\"488\" height=\"650\" \/><\/p>\n<p>Y... Ni la ola de calor ni el solecito impidi\u00f3 que un mont\u00f3n de primores os acercarais a saludar a Mar\u00eda\u00a0?? \u263a\ufe0f y a conocer m\u00e1s a fondo los productos de\u00a0<strong>Vivienne Sab\u00f3<\/strong>.<\/p>\n<p><img decoding=\"async\" class=\"alignleft wp-image-6009\" src=\"http:\/\/blog.primor.eu\/wp-content\/uploads\/2024\/08\/WhatsApp-Image-2018-08-03-at-09.04.32-1.jpeg\" alt=\"\" width=\"350\" height=\"467\" \/><\/p>\n<p><img decoding=\"async\" class=\"alignright wp-image-6010\" src=\"http:\/\/blog.primor.eu\/wp-content\/uploads\/2024\/08\/WhatsApp-Image-2018-08-03-at-09.04.311.jpeg\" alt=\"\" width=\"350\" height=\"436\" \/><\/p>\n<p>&nbsp;<\/p>\n<p>&nbsp;<\/p>\n<p>&nbsp;<\/p>\n<p>&nbsp;<\/p>\n<p>&nbsp;<\/p>\n<p>&nbsp;<\/p>\n<p>&nbsp;<\/p>\n<p>&nbsp;<\/p>\n<p>&nbsp;<\/p>\n<p>&nbsp;<\/p>\n<p>&nbsp;<\/p>\n<p>&nbsp;<\/p>\n<p>&nbsp;<\/p>\n<p><img decoding=\"async\" class=\"aligncenter wp-image-6006\" src=\"http:\/\/blog.primor.eu\/wp-content\/uploads\/2024\/08\/WhatsApp-Image-2018-08-03-at-09.03.00.jpeg\" alt=\"\" width=\"650\" height=\"692\" \/><\/p>\n<p>&nbsp;<\/p>\n<p><img decoding=\"async\" class=\"alignleft wp-image-6007\" src=\"http:\/\/blog.primor.eu\/wp-content\/uploads\/2024\/08\/WhatsApp-Image-2018-08-03-at-09.04.31.jpeg\" alt=\"\" width=\"340\" height=\"453\" \/><\/p>\n<p><img decoding=\"async\" class=\"alignright wp-image-6008\" src=\"http:\/\/blog.primor.eu\/wp-content\/uploads\/2024\/08\/WhatsApp-Image-2018-08-03-at-09.04.32.jpeg\" alt=\"\" width=\"340\" height=\"453\" \/><\/p>\n<p>&nbsp;<\/p>\n<p>&nbsp;<\/p>\n<p>&nbsp;<\/p>\n<p>&nbsp;<\/p>\n<p>&nbsp;<\/p>\n<p>&nbsp;<\/p>\n<p>&nbsp;<\/p>\n<p>&nbsp;<\/p>\n<p>&nbsp;<\/p>\n<p>&nbsp;<\/p>\n<p>&nbsp;<\/p>\n<p>&nbsp;<\/p>\n<p>A las primeras personas en llegar <strong>la marca les obsequi\u00f3 con un neceser con una m\u00e1scara de pesta\u00f1as y un eye-liner Vivienne Sab\u00f3<\/strong>, y adem\u00e1s, durante el evento todas las <strong>compras<\/strong> de productos Vivienne Sab\u00f3 <strong>\u00a1ten\u00edan un eye-liner de regalo!<\/strong>\u00a0?<\/p>\n<p><img decoding=\"async\" class=\"alignleft wp-image-6011\" src=\"http:\/\/blog.primor.eu\/wp-content\/uploads\/2024\/08\/WhatsApp-Image-2018-08-03-at-09.02.591.jpeg\" alt=\"\" width=\"366\" height=\"400\" \/><img decoding=\"async\" class=\"alignright wp-image-6012\" src=\"http:\/\/blog.primor.eu\/wp-content\/uploads\/2024\/08\/WhatsApp-Image-2018-08-03-at-09.04.30.jpeg\" alt=\"\" width=\"300\" height=\"400\" \/><\/p>\n<p>&nbsp;<\/p>\n<p>&nbsp;<\/p>\n<p>&nbsp;<\/p>\n<p>&nbsp;<\/p>\n<p>&nbsp;<\/p>\n<p>&nbsp;<\/p>\n<p>&nbsp;<\/p>\n<p>&nbsp;<\/p>\n<p>&nbsp;<\/p>\n<p>&nbsp;<\/p>\n<p>&nbsp;<\/p>\n<p>Si a\u00fan no conoc\u00e9is la marca <a href=\"https:\/\/www.primor.eu\/es_es\/vivienne-sabo\"><strong>Vivienne Sab\u00f3<\/strong><\/a>\u00a0os recomendamos <strong>visitar nuestra web<\/strong>\u00a0\u263a\ufe0f<\/p>\n<p>Seguro que os encantar\u00e1n un mont\u00f3n de productos, pero os dejamos de gu\u00eda los tres productos\u00a0<strong>preferidos Vivienne Sab\u00f3<\/strong><strong>\u00a0de Porporaporpita<\/strong>:<\/p>\n<p>\u2764\ufe0f <a href=\"https:\/\/www.primor.eu\/es_es\/vivienne-sabo-cabaret-premiere-mascara-de-pesta-as-47437.html\">Cabaret Premier M\u00e1scara de Pesta\u00f1as Vivienne Sab\u00f3<\/a>.<\/p>\n<p>\u2764\ufe0f <a href=\"https:\/\/www.primor.eu\/vivienne-sabo\/45163-ton-constance-base-de-maquillaje.html\">Ton Constance Base de Maquillaje Vivienne Sab\u00f3<\/a>.<\/p>\n<p>\u2764\ufe0f <a href=\"https:\/\/www.primor.eu\/vivienne-sabo\/45164-mariniere-face-contouring-palette.html?search_query=Vivienne+Sabopaleta&amp;results=44\">Mariniere Face Contouring Palette Vivienne Sab\u00f3<\/a> (02).<\/p>\n<h3 style=\"text-align: center;\">\u00a1Nos vemos en el pr\u00f3ximo evento!<\/h3>\n<p>&nbsp;<\/p>\n<p>&nbsp;<\/p>\n\n\n<div class=\"kk-star-ratings kksr-auto kksr-align-center kksr-valign-bottom\"\n    data-payload='{&quot;align&quot;:&quot;center&quot;,&quot;id&quot;:&quot;6002&quot;,&quot;slug&quot;:&quot;default&quot;,&quot;valign&quot;:&quot;bottom&quot;,&quot;ignore&quot;:&quot;&quot;,&quot;reference&quot;:&quot;auto&quot;,&quot;class&quot;:&quot;&quot;,&quot;count&quot;:&quot;0&quot;,&quot;legendonly&quot;:&quot;&quot;,&quot;readonly&quot;:&quot;&quot;,&quot;score&quot;:&quot;0&quot;,&quot;starsonly&quot;:&quot;&quot;,&quot;best&quot;:&quot;5&quot;,&quot;gap&quot;:&quot;5&quot;,&quot;greet&quot;:&quot;Valora este art\u00edculo&quot;,&quot;legend&quot;:&quot;0\\\/5 - (0 votos)&quot;,&quot;size&quot;:&quot;24&quot;,&quot;title&quot;:&quot;Evento Vivienne Sab\u00f3 con Porporaporpita&quot;,&quot;width&quot;:&quot;0&quot;,&quot;_legend&quot;:&quot;{score}\\\/{best} - ({count} {votes})&quot;,&quot;font_factor&quot;:&quot;1.25&quot;}'>\n            \n<div class=\"kksr-stars\">\n    \n<div class=\"kksr-stars-inactive\">\n            <div class=\"kksr-star\" data-star=\"1\" style=\"padding-right: 5px\">\n            \n\n<div class=\"kksr-icon\" style=\"width: 24px; height: 24px;\"><\/div>\n        <\/div>\n            <div class=\"kksr-star\" data-star=\"2\" style=\"padding-right: 5px\">\n            \n\n<div class=\"kksr-icon\" style=\"width: 24px; height: 24px;\"><\/div>\n        <\/div>\n            <div class=\"kksr-star\" data-star=\"3\" style=\"padding-right: 5px\">\n            \n\n<div class=\"kksr-icon\" style=\"width: 24px; height: 24px;\"><\/div>\n        <\/div>\n            <div class=\"kksr-star\" data-star=\"4\" style=\"padding-right: 5px\">\n            \n\n<div class=\"kksr-icon\" style=\"width: 24px; height: 24px;\"><\/div>\n        <\/div>\n            <div class=\"kksr-star\" data-star=\"5\" style=\"padding-right: 5px\">\n            \n\n<div class=\"kksr-icon\" style=\"width: 24px; height: 24px;\"><\/div>\n        <\/div>\n    <\/div>\n    \n<div class=\"kksr-stars-active\" style=\"width: 0px;\">\n            <div class=\"kksr-star\" style=\"padding-right: 5px\">\n            \n\n<div class=\"kksr-icon\" style=\"width: 24px; height: 24px;\"><\/div>\n        <\/div>\n            <div class=\"kksr-star\" style=\"padding-right: 5px\">\n            \n\n<div class=\"kksr-icon\" style=\"width: 24px; height: 24px;\"><\/div>\n        <\/div>\n            <div class=\"kksr-star\" style=\"padding-right: 5px\">\n            \n\n<div class=\"kksr-icon\" style=\"width: 24px; height: 24px;\"><\/div>\n        <\/div>\n            <div class=\"kksr-star\" style=\"padding-right: 5px\">\n            \n\n<div class=\"kksr-icon\" style=\"width: 24px; height: 24px;\"><\/div>\n        <\/div>\n            <div class=\"kksr-star\" style=\"padding-right: 5px\">\n            \n\n<div class=\"kksr-icon\" style=\"width: 24px; height: 24px;\"><\/div>\n        <\/div>\n    <\/div>\n<\/div>\n                \n\n<div class=\"kksr-legend\" style=\"font-size: 19.2px;\">\n            <span class=\"kksr-muted\">Valora este art\u00edculo<\/span>\n    <\/div>\n    <\/div>\n","protected":false},"excerpt":{"rendered":"<p>\u00a1Hola primores! El jueves pasado tuvimos el placer de conocer de primera mano la marca de maquillaje Vivienne Sab\u00f3 con Porporaporpita\u00a0(Mar\u00eda) en la tienda Primor Calle Nueva de M\u00e1laga\u00a0? Y&#8230; Ni la ola de calor ni el solecito impidi\u00f3 que un mont\u00f3n de primores os acercarais a saludar a Mar\u00eda\u00a0?? \u263a\ufe0f y a conocer m\u00e1s [&hellip;]<\/p>\n","protected":false},"author":4,"featured_media":50965,"comment_status":"open","ping_status":"open","sticky":false,"template":"","format":"standard","meta":{"jnews-multi-image_gallery":[],"jnews_single_post":[],"jnews_primary_category":[],"jnews_social_meta":[],"jnews_override_counter":[],"footnotes":""},"categories":[34],"tags":[],"class_list":["post-6002","post","type-post","status-publish","format-standard","has-post-thumbnail","hentry","category-eventos"],"_links":{"self":[{"href":"https:\/\/www.primor.eu\/blog\/wp-json\/wp\/v2\/posts\/6002","targetHints":{"allow":["GET"]}}],"collection":[{"href":"https:\/\/www.primor.eu\/blog\/wp-json\/wp\/v2\/posts"}],"about":[{"href":"https:\/\/www.primor.eu\/blog\/wp-json\/wp\/v2\/types\/post"}],"author":[{"embeddable":true,"href":"https:\/\/www.primor.eu\/blog\/wp-json\/wp\/v2\/users\/4"}],"replies":[{"embeddable":true,"href":"https:\/\/www.primor.eu\/blog\/wp-json\/wp\/v2\/comments?post=6002"}],"version-history":[{"count":2,"href":"https:\/\/www.primor.eu\/blog\/wp-json\/wp\/v2\/posts\/6002\/revisions"}],"predecessor-version":[{"id":81703,"href":"https:\/\/www.primor.eu\/blog\/wp-json\/wp\/v2\/posts\/6002\/revisions\/81703"}],"wp:featuredmedia":[{"embeddable":true,"href":"https:\/\/www.primor.eu\/blog\/wp-json\/wp\/v2\/media\/50965"}],"wp:attachment":[{"href":"https:\/\/www.primor.eu\/blog\/wp-json\/wp\/v2\/media?parent=6002"}],"wp:term":[{"taxonomy":"category","embeddable":true,"href":"https:\/\/www.primor.eu\/blog\/wp-json\/wp\/v2\/categories?post=6002"},{"taxonomy":"post_tag","embeddable":true,"href":"https:\/\/www.primor.eu\/blog\/wp-json\/wp\/v2\/tags?post=6002"}],"curies":[{"name":"wp","href":"https:\/\/api.w.org\/{rel}","templated":true}]}}