{"id":589,"date":"2014-10-16T09:38:37","date_gmt":"2014-10-16T07:38:37","guid":{"rendered":"http:\/\/blog.primor.eu:\/?p=589"},"modified":"2014-10-16T09:38:37","modified_gmt":"2014-10-16T07:38:37","slug":"astor-contra-el-cancer-de-mama","status":"publish","type":"post","link":"https:\/\/www.primor.eu\/blog\/astor-contra-el-cancer-de-mama\/","title":{"rendered":"Astor contra el c\u00e1ncer de mama"},"content":{"rendered":"<p style=\"text-align: justify;\">El<strong> domingo 19 de octubre es el D\u00eda Mundial contra el C\u00e1ncer de Mama<\/strong>. Esta enfermedad supone el 30% de los diagn\u00f3sticos anuales de c\u00e1ncer en Espa\u00f1a\u00a0y es la primera causa de mortalidad por c\u00e1ncer, con 6.000 fallecimientos al a\u00f1o. Estas cifras no hacen m\u00e1s que reforzar la idea de que debemos de aumentar nuestros esfuerzos para luchar contra esta terrible enfermedad que afecta a tantos miles de mujeres.<\/p>\n<p style=\"text-align: justify;\"><img decoding=\"async\" class=\"aligncenter wp-image-596\" src=\"http:\/\/blog.primor.eu\/wp-content\/uploads\/2024\/10\/primor-cancer-mama-1024x330.jpg\" alt=\"primor cancer mama\" width=\"700\" height=\"226\" \/><\/p>\n<p style=\"text-align: justify;\">Es por eso que <strong>muchas marcas de cosm\u00e9tica<\/strong> han querido sumarse a las<strong> iniciativas solidarias<\/strong> para la <strong>recaudaci\u00f3n de fondos<\/strong> para fomentar la investigaci\u00f3n y los tratamientos contra el c\u00e1ncer de mama.<\/p>\n<p style=\"text-align: justify;\">Una de esas empresas es<strong> Astor,<\/strong> que ha lanzando la<strong> campa\u00f1a #BESOSROSAS<\/strong> y\u00a0una <strong>colecci\u00f3n exclusiva\u00a0de productos: <a href=\"http:\/\/www.primor.eu\/astor\/32330-soft-sensation-colorcare.html\">barras de labios Soft Sensation Color&amp;Care<\/a> y\u00a0<a href=\"http:\/\/www.primor.eu\/astor\/32333-perfect-stay-gel-shine-lycra.html\">lacas de u\u00f1as Perfect Stay Gel Shine<\/a><\/strong>, todos ellos con un lazo rosa. De la venta de esta colecci\u00f3n especial Astor donar\u00e1 32.000\u20ac a AECC (asociaci\u00f3n espa\u00f1ola contra el c\u00e1ncer).\u00a0\u00a0Adem\u00e1s, Astor colaborar\u00e1 en los talleres de imagen corporal que la AECC\u00a0organiza durante todo el a\u00f1o.<\/p>\n<p><img decoding=\"async\" class=\"aligncenter wp-image-590\" src=\"http:\/\/blog.primor.eu\/wp-content\/uploads\/2024\/10\/astor-1.jpg\" alt=\"astor contra el cancer de mama\" width=\"700\" height=\"259\" \/><\/p>\n<p style=\"text-align: justify;\">Esta colecci\u00f3n de Astor contra el c\u00e1ncer de mama est\u00e1 compuesta por <strong>cinco tonos de barras de labios Soft Sensation Color&amp;Care y cinco esmaltes de u\u00f1as Perfect Stay Gel Shine<\/strong>.<\/p>\n<p><a href=\"http:\/\/blog.primor.eu\/wp-content\/uploads\/2014\/10\/pack-cancer-de-mama-con-lazo-astor_1870eur.jpg\" target=\"_blank\" rel=\"noopener\"><br \/>\n<\/a> <img decoding=\"async\" class=\"aligncenter wp-image-593\" src=\"http:\/\/blog.primor.eu\/wp-content\/uploads\/2024\/10\/producto-cancer-de-mama-astor.jpg\" alt=\"astor contra el cancer de mama\" width=\"500\" height=\"300\" \/><\/p>\n<p style=\"text-align: justify;\">Aqu\u00ed ten\u00e9is los <strong>swatches de las barras de labios\u00a0Soft Sensation Color&amp;Care<\/strong> de esta edici\u00f3n especial contra el c\u00e1ncer de mama, al sol:<\/p>\n<p><img decoding=\"async\" class=\"aligncenter size-full wp-image-594\" src=\"http:\/\/blog.primor.eu\/wp-content\/uploads\/2024\/10\/Swatches-sol.jpg\" alt=\"astor contra el cancer de mama\" width=\"700\" height=\"354\" \/><\/p>\n<p>A la sombra:<\/p>\n<p><img decoding=\"async\" class=\"aligncenter size-full wp-image-595\" src=\"http:\/\/blog.primor.eu\/wp-content\/uploads\/2024\/10\/Swatches-sombra.jpg\" alt=\"astor contra el c\u00e1ncer de mama\" width=\"700\" height=\"354\" \/><\/p>\n<p style=\"text-align: justify;\">Adem\u00e1s de esta colecci\u00f3n, Astor ha puesto en marcha la <strong>campa\u00f1a #BESOSROSAS<\/strong> para animar a todas mujeres afectadas por esta enfermedad para que sigan luchando y sepan que no est\u00e1n solas. \u00bfC\u00f3mo se puede participar? Compartiendo un <strong>selfie con los labios rosas<\/strong> y usando el<strong> hashtag #BESOSROSAS en tus redes sociales<\/strong>. Si decides participar, menciona tambi\u00e9n nuestro usuario @pprimor para que podamos darte RT.<\/p>\n<p style=\"text-align: justify;\">Por su puesto, en tus tiendas <strong>Primor<\/strong> y en la <strong>web de Primor<\/strong> podr\u00e1s encontrar esta colecci\u00f3n tan especial. Si quieres colaborar contra el c\u00e1ncer de mama , puedes comprar ahora mismo tu <a href=\"http:\/\/www.primor.eu\/astor\/32330-soft-sensation-colorcare.html\"><strong>barra de labios\u00a0Soft Sensation Color&amp;Care<\/strong><\/a> o un <a href=\"http:\/\/www.primor.eu\/astor\/32333-perfect-stay-gel-shine-lycra.html\">esmalte de u\u00f1as <strong>Perfect Stay Gel Shine<\/strong><\/a>.<\/p>\n<h4 style=\"text-align: center;\">\u00a1Entre todos podemos contra el c\u00e1ncer de mama!<\/h4>\n<p>&nbsp;<\/p>\n<p>&nbsp;<\/p>\n\n\n<div class=\"kk-star-ratings kksr-auto kksr-align-center kksr-valign-bottom\"\n    data-payload='{&quot;align&quot;:&quot;center&quot;,&quot;id&quot;:&quot;589&quot;,&quot;slug&quot;:&quot;default&quot;,&quot;valign&quot;:&quot;bottom&quot;,&quot;ignore&quot;:&quot;&quot;,&quot;reference&quot;:&quot;auto&quot;,&quot;class&quot;:&quot;&quot;,&quot;count&quot;:&quot;0&quot;,&quot;legendonly&quot;:&quot;&quot;,&quot;readonly&quot;:&quot;&quot;,&quot;score&quot;:&quot;0&quot;,&quot;starsonly&quot;:&quot;&quot;,&quot;best&quot;:&quot;5&quot;,&quot;gap&quot;:&quot;5&quot;,&quot;greet&quot;:&quot;Valora este art\u00edculo&quot;,&quot;legend&quot;:&quot;0\\\/5 - (0 votos)&quot;,&quot;size&quot;:&quot;24&quot;,&quot;title&quot;:&quot;Astor contra el c\u00e1ncer de mama&quot;,&quot;width&quot;:&quot;0&quot;,&quot;_legend&quot;:&quot;{score}\\\/{best} - ({count} {votes})&quot;,&quot;font_factor&quot;:&quot;1.25&quot;}'>\n            \n<div class=\"kksr-stars\">\n    \n<div class=\"kksr-stars-inactive\">\n            <div class=\"kksr-star\" data-star=\"1\" style=\"padding-right: 5px\">\n            \n\n<div class=\"kksr-icon\" style=\"width: 24px; height: 24px;\"><\/div>\n        <\/div>\n            <div class=\"kksr-star\" data-star=\"2\" style=\"padding-right: 5px\">\n            \n\n<div class=\"kksr-icon\" style=\"width: 24px; height: 24px;\"><\/div>\n        <\/div>\n            <div class=\"kksr-star\" data-star=\"3\" style=\"padding-right: 5px\">\n            \n\n<div class=\"kksr-icon\" style=\"width: 24px; height: 24px;\"><\/div>\n        <\/div>\n            <div class=\"kksr-star\" data-star=\"4\" style=\"padding-right: 5px\">\n            \n\n<div class=\"kksr-icon\" style=\"width: 24px; height: 24px;\"><\/div>\n        <\/div>\n            <div class=\"kksr-star\" data-star=\"5\" style=\"padding-right: 5px\">\n            \n\n<div class=\"kksr-icon\" style=\"width: 24px; height: 24px;\"><\/div>\n        <\/div>\n    <\/div>\n    \n<div class=\"kksr-stars-active\" style=\"width: 0px;\">\n            <div class=\"kksr-star\" style=\"padding-right: 5px\">\n            \n\n<div class=\"kksr-icon\" style=\"width: 24px; height: 24px;\"><\/div>\n        <\/div>\n            <div class=\"kksr-star\" style=\"padding-right: 5px\">\n            \n\n<div class=\"kksr-icon\" style=\"width: 24px; height: 24px;\"><\/div>\n        <\/div>\n            <div class=\"kksr-star\" style=\"padding-right: 5px\">\n            \n\n<div class=\"kksr-icon\" style=\"width: 24px; height: 24px;\"><\/div>\n        <\/div>\n            <div class=\"kksr-star\" style=\"padding-right: 5px\">\n            \n\n<div class=\"kksr-icon\" style=\"width: 24px; height: 24px;\"><\/div>\n        <\/div>\n            <div class=\"kksr-star\" style=\"padding-right: 5px\">\n            \n\n<div class=\"kksr-icon\" style=\"width: 24px; height: 24px;\"><\/div>\n        <\/div>\n    <\/div>\n<\/div>\n                \n\n<div class=\"kksr-legend\" style=\"font-size: 19.2px;\">\n            <span class=\"kksr-muted\">Valora este art\u00edculo<\/span>\n    <\/div>\n    <\/div>\n","protected":false},"excerpt":{"rendered":"<p>El domingo 19 de octubre es el D\u00eda Mundial contra el C\u00e1ncer de Mama. Esta enfermedad supone el 30% de los diagn\u00f3sticos anuales de c\u00e1ncer en Espa\u00f1a\u00a0y es la primera causa de mortalidad por c\u00e1ncer, con 6.000 fallecimientos al a\u00f1o. Estas cifras no hacen m\u00e1s que reforzar la idea de que debemos de aumentar nuestros [&hellip;]<\/p>\n","protected":false},"author":4,"featured_media":58763,"comment_status":"open","ping_status":"open","sticky":false,"template":"","format":"standard","meta":{"jnews-multi-image_gallery":[],"jnews_single_post":{"subtitle":"","format":"standard"},"jnews_primary_category":[],"jnews_social_meta":[],"jnews_override_counter":[],"footnotes":""},"categories":[41],"tags":[],"class_list":["post-589","post","type-post","status-publish","format-standard","has-post-thumbnail","hentry","category-maquillaje"],"_links":{"self":[{"href":"https:\/\/www.primor.eu\/blog\/wp-json\/wp\/v2\/posts\/589","targetHints":{"allow":["GET"]}}],"collection":[{"href":"https:\/\/www.primor.eu\/blog\/wp-json\/wp\/v2\/posts"}],"about":[{"href":"https:\/\/www.primor.eu\/blog\/wp-json\/wp\/v2\/types\/post"}],"author":[{"embeddable":true,"href":"https:\/\/www.primor.eu\/blog\/wp-json\/wp\/v2\/users\/4"}],"replies":[{"embeddable":true,"href":"https:\/\/www.primor.eu\/blog\/wp-json\/wp\/v2\/comments?post=589"}],"version-history":[{"count":0,"href":"https:\/\/www.primor.eu\/blog\/wp-json\/wp\/v2\/posts\/589\/revisions"}],"wp:featuredmedia":[{"embeddable":true,"href":"https:\/\/www.primor.eu\/blog\/wp-json\/wp\/v2\/media\/58763"}],"wp:attachment":[{"href":"https:\/\/www.primor.eu\/blog\/wp-json\/wp\/v2\/media?parent=589"}],"wp:term":[{"taxonomy":"category","embeddable":true,"href":"https:\/\/www.primor.eu\/blog\/wp-json\/wp\/v2\/categories?post=589"},{"taxonomy":"post_tag","embeddable":true,"href":"https:\/\/www.primor.eu\/blog\/wp-json\/wp\/v2\/tags?post=589"}],"curies":[{"name":"wp","href":"https:\/\/api.w.org\/{rel}","templated":true}]}}