{"id":50196,"date":"2023-04-03T12:00:00","date_gmt":"2023-04-03T10:00:00","guid":{"rendered":"https:\/\/blog.primor.eu\/?p=50196"},"modified":"2024-09-19T15:59:03","modified_gmt":"2024-09-19T15:59:03","slug":"rutina-facial-gama-line-smoothing-roc","status":"publish","type":"post","link":"https:\/\/www.primor.eu\/blog\/rutina-facial-gama-line-smoothing-roc\/","title":{"rendered":"Rutina facial para limpieza y eliminar c\u00e9lulas muertas"},"content":{"rendered":"\n<p>Si est\u00e1s buscando una <a href=\"https:\/\/www.primor.eu\/blog\/productos-para-tu-rutina-de-limpieza-facial\/?srsltid=AfmBOopGUvxS22mJA7uEXawicp5M7BR63Y-7ycwV3h7UCGL8m1TFbgL0\" data-type=\"link\" data-id=\"https:\/\/www.primor.eu\/blog\/productos-para-tu-rutina-de-limpieza-facial\/?srsltid=AfmBOopGUvxS22mJA7uEXawicp5M7BR63Y-7ycwV3h7UCGL8m1TFbgL0\">rutina facial<\/a> que te deje la piel suave,<strong> joven y radiante<\/strong> necesitas una rutina que elimine c\u00e9lulas muertas. La luminosidad de la piel se va perdiendo. El rostro va ensuci\u00e1ndose con la poluci\u00f3n, el sudor, los productos de maquillaje y m\u00e1s agentes externos. Por eso, hay que llevar a cabo una rutina de limpieza facial que vaya m\u00e1s all\u00e1 de unas simples pasadas con agua micelar, aunque esta sea nuestra aliada cuando estamos cansadas o de viaje.<\/p>\n\n\n\n<h2 class=\"wp-block-heading\">La rutina facial perfecta para renovar tu piel<\/h2>\n\n\n\n<p>Comienza tu rutina facial con una <strong>crema limpiadora<\/strong> facial o un exfoliante suave. Esta crema suave pero efectiva elimina la suciedad, el maquillaje y las impurezas de la piel sin resecarla. Masajea suavemente la crema sobre tu rostro h\u00famedo y luego enjuaga con agua tibia.<\/p>\n\n\n\n<p>A continuaci\u00f3n, aplica el s\u00e9rum. Este suero ayuda a suavizar la apariencia de las <strong>arrugas y l\u00edneas <\/strong>finas gracias a su f\u00f3rmula rica en retinol. Aplica una peque\u00f1a cantidad del suero sobre la piel limpia y seca, evitando el \u00e1rea de los ojos. Para esta \u00e1rea usa la crema de contorno de ojos, la cual reducir\u00e1 visiblemente las ojeras y las bolsas.<\/p>\n\n\n\n<p>Una vez que el suero se haya absorbido por completo, aplica la <strong>crema hidratante<\/strong>. Esta crema hidrata intensamente la piel, mejorando su textura y luminosidad. Aplica una peque\u00f1a cantidad sobre la piel de tu rostro y cuello, evitando el \u00e1rea de los ojos.<\/p>\n\n\n\n<p>Para tus tratamientos nocturnos no olvides el s\u00e9rum de noche. Percibir\u00e1s resultados notables sobre las l\u00edneas finas en tan solo una noche mientras hidratas tu piel.<\/p>\n\n\n\n<h2 class=\"wp-block-heading\">Los mejores productos para una rutina facial renovadora<\/h2>\n\n\n        <product-table class=\"pr-slider\">\r\n            <product-headers class=\"grid-table-rows\">\r\n                <div>Foto<\/div>\r\n                <div>Producto<\/div>\r\n                <div>Marca<\/div>\r\n                <div>Valoraciones<\/div>\r\n                <div>Precio<\/div>\r\n            <\/product-headers>\r\n\r\n            <product-list>\r\n                                    <a href=\"https:\/\/www.primor.eu\/es_es\/clarins-doux-peeling-exfoliante-suave-14130.html\" class=\"product-item grid-table-rows\" target=\"_blank\">\r\n                        <div>\r\n                            <img decoding=\"async\" class=\"product-img\" width=\"80px\" height=\"80px\" src=\"https:\/\/www.primor.eu\/blog\/wp-content\/uploads\/2024\/06\/0TF06234_1_706e.jpg\" alt=\"Clarins Doux Peeling Exfoliante Suave\">\r\n                        <\/div>\r\n\r\n                        <!-- Contenido de producto  -->\r\n                        <div>\r\n                            <div class=\"product-position\">\r\n                                #1 Top Ventas                            <\/div>\r\n\r\n                            <h2>\r\n                                Clarins Doux Peeling Exfoliante Suave                            <\/h2>\r\n                        <\/div>\r\n\r\n                        <!-- Imagen y\/o nombre de la marca -->\r\n                        <div>\r\n                                                            <img decoding=\"async\" width=\"70\" src=\"https:\/\/www.primor.eu\/blog\/wp-content\/uploads\/2023\/07\/clarins.png\" alt=\"83106\">\r\n                                                    <\/div>\r\n\r\n                        <!-- Puntuaci\u00f3n del producto  -->\r\n                        <div class=\"rating\">\r\n                                                            <div class=\"rate\" style=\"--p:100;\"><\/div>\r\n                                <b>5\/5<\/b>\r\n                                <div class=\"rate-stars\">\r\n                                                                            <div\r\n                                            class=\"rate-star  \">\r\n                                        <\/div>\r\n                                                                            <div\r\n                                            class=\"rate-star  \">\r\n                                        <\/div>\r\n                                                                            <div\r\n                                            class=\"rate-star  \">\r\n                                        <\/div>\r\n                                                                            <div\r\n                                            class=\"rate-star  \">\r\n                                        <\/div>\r\n                                                                            <div\r\n                                            class=\"rate-star  \">\r\n                                        <\/div>\r\n                                                                    <\/div>\r\n                                                    <\/div>\r\n\r\n                        <!-- Bot\u00f3n de producto  -->\r\n                        <div>\r\n                            <span class=\"price-claim\">\r\n                                VER PRECIO                            <\/span>\r\n                        <\/div>\r\n                    <\/a>\r\n                                    <a href=\"https:\/\/www.primor.eu\/es_es\/avene-gel-exfoliante-suave-27703.html\" class=\"product-item grid-table-rows\" target=\"_blank\">\r\n                        <div>\r\n                            <img decoding=\"async\" class=\"product-img\" width=\"80px\" height=\"80px\" src=\"https:\/\/www.primor.eu\/blog\/wp-content\/uploads\/2024\/09\/6XS09122_1_e351.jpg\" alt=\"Avene Gel Exfoliante Suave\">\r\n                        <\/div>\r\n\r\n                        <!-- Contenido de producto  -->\r\n                        <div>\r\n                            <div class=\"product-position\">\r\n                                #2                            <\/div>\r\n\r\n                            <h2>\r\n                                Avene Gel Exfoliante Suave                            <\/h2>\r\n                        <\/div>\r\n\r\n                        <!-- Imagen y\/o nombre de la marca -->\r\n                        <div>\r\n                                                            <img decoding=\"async\" width=\"70\" src=\"https:\/\/www.primor.eu\/blog\/wp-content\/uploads\/2023\/08\/Avene.png\" alt=\"84285\">\r\n                                                    <\/div>\r\n\r\n                        <!-- Puntuaci\u00f3n del producto  -->\r\n                        <div class=\"rating\">\r\n                                                            <div class=\"rate\" style=\"--p:94;\"><\/div>\r\n                                <b>4.7\/5<\/b>\r\n                                <div class=\"rate-stars\">\r\n                                                                            <div\r\n                                            class=\"rate-star  \">\r\n                                        <\/div>\r\n                                                                            <div\r\n                                            class=\"rate-star  \">\r\n                                        <\/div>\r\n                                                                            <div\r\n                                            class=\"rate-star  \">\r\n                                        <\/div>\r\n                                                                            <div\r\n                                            class=\"rate-star  \">\r\n                                        <\/div>\r\n                                                                            <div\r\n                                            class=\"rate-star  \">\r\n                                        <\/div>\r\n                                                                    <\/div>\r\n                                                    <\/div>\r\n\r\n                        <!-- Bot\u00f3n de producto  -->\r\n                        <div>\r\n                            <span class=\"price-claim\">\r\n                                VER PRECIO                            <\/span>\r\n                        <\/div>\r\n                    <\/a>\r\n                                    <a href=\"https:\/\/www.primor.eu\/es_es\/la-roche-posay-retinol-b3-serum-antiarrugas-13548.html\" class=\"product-item grid-table-rows\" target=\"_blank\">\r\n                        <div>\r\n                            <img decoding=\"async\" class=\"product-img\" width=\"80px\" height=\"80px\" src=\"https:\/\/www.primor.eu\/blog\/wp-content\/uploads\/2024\/07\/3337875694469_2034.jpg\" alt=\"La Roche-Posay Retinol B3 - S\u00e9rum Antiarrugas\">\r\n                        <\/div>\r\n\r\n                        <!-- Contenido de producto  -->\r\n                        <div>\r\n                            <div class=\"product-position\">\r\n                                #3                            <\/div>\r\n\r\n                            <h2>\r\n                                La Roche-Posay Retinol B3 - S\u00e9rum Antiarrugas                            <\/h2>\r\n                        <\/div>\r\n\r\n                        <!-- Imagen y\/o nombre de la marca -->\r\n                        <div>\r\n                                                            <img decoding=\"async\" width=\"70\" src=\"https:\/\/www.primor.eu\/blog\/wp-content\/uploads\/2023\/07\/la-roche-posay.png\" alt=\"83041\">\r\n                                                    <\/div>\r\n\r\n                        <!-- Puntuaci\u00f3n del producto  -->\r\n                        <div class=\"rating\">\r\n                                                            <div class=\"rate\" style=\"--p:92;\"><\/div>\r\n                                <b>4.6\/5<\/b>\r\n                                <div class=\"rate-stars\">\r\n                                                                            <div\r\n                                            class=\"rate-star  \">\r\n                                        <\/div>\r\n                                                                            <div\r\n                                            class=\"rate-star  \">\r\n                                        <\/div>\r\n                                                                            <div\r\n                                            class=\"rate-star  \">\r\n                                        <\/div>\r\n                                                                            <div\r\n                                            class=\"rate-star  \">\r\n                                        <\/div>\r\n                                                                            <div\r\n                                            class=\"rate-star  \">\r\n                                        <\/div>\r\n                                                                    <\/div>\r\n                                                    <\/div>\r\n\r\n                        <!-- Bot\u00f3n de producto  -->\r\n                        <div>\r\n                            <span class=\"price-claim\">\r\n                                VER PRECIO                            <\/span>\r\n                        <\/div>\r\n                    <\/a>\r\n                            <\/product-list>\r\n        <\/product-table>\r\n\r\n        \n\n\n\n<h3 class=\"wp-block-heading\">Doux Peeling Exfoliante Suave de Clarins<\/h3>\n\n\n\n<p>El Doux Peeling de Clarins cuenta con una f\u00f3rmula enriquecida con extracto suavizante de pr\u00edmula, dise\u00f1ada para mantener el pH de la piel y asegurar un resultado radiante. Incorpora este exfoliante suave en tu rutina de cuidado facial para disfrutar de una piel renovada y revitalizada.<\/p>\n\n\n    <a class='product' target='_blank' href='https:\/\/www.primor.eu\/es_es\/clarins-doux-peeling-exfoliante-suave-14130.html'>\r\n        <img loading='async' src='https:\/\/cdn2.primor.eu\/media\/catalog\/product\/cache\/8d3aba296f7a18b5251ee30fa5db42b2\/0\/T\/0TF06234_1_706e.jpg' alt='COMPRAR AHORA'>\r\n            <div class=\"claim\">\r\n                COMPRAR AHORA            <\/div>\r\n        <\/a>\r\n    \n\n\n\n<h3 class=\"wp-block-heading\">Gel Exfoliante Suave de Avene<\/h3>\n\n\n\n<p>Beneficios del <strong>Exfoliante Suave Purificante de Av\u00e8ne<\/strong>:<\/p>\n\n\n\n<ul class=\"wp-block-list\">\n<li>Purificante: sus microesferas de polietileno y de cera de jojoba eliminan suavemente las c\u00e9lulas muertas.<\/li>\n\n\n\n<li>Efecto Peeling: el salicilato de sodio completa la exfoliaci\u00f3n mec\u00e1nica de las microesferas; la piel se vuelve visiblemente m\u00e1s luminosa.&nbsp;<\/li>\n\n\n\n<li>Calmante: el Agua termal de Av\u00e8ne, calmante y desensibilizante, proporciona a la piel una sensaci\u00f3n de bienestar inmediato.<\/li>\n<\/ul>\n\n\n    <a class='product' target='_blank' href='https:\/\/www.primor.eu\/es_es\/avene-gel-exfoliante-suave-27703.html'>\r\n        <img loading='async' src='https:\/\/cdn2.primor.eu\/media\/catalog\/product\/cache\/8d3aba296f7a18b5251ee30fa5db42b2\/6\/X\/6XS09122_1_e351.jpg' alt='COMPRAR AHORA'>\r\n            <div class=\"claim\">\r\n                COMPRAR AHORA            <\/div>\r\n        <\/a>\r\n    \n\n\n\n<h3 class=\"wp-block-heading\">Retinol B3 - S\u00e9rum Antiarrugas de La Roche-Posay<\/h3>\n\n\n\n<p>Es un s\u00e9rum antiarrugas que promueve una tez m\u00e1s radiante y refinada gracias a su f\u00f3rmula compuesta por un 0,3% de <strong>Retinol<\/strong> y vitamina B3. Est\u00e1 \u00faltima es la responsable de que este <strong>s\u00e9rum retinol<\/strong> deje tu piel m\u00e1s suave, hidratada y renovada con una luminosidad y un brillo muy natural.<\/p>\n\n\n    <a class='product' target='_blank' href='https:\/\/www.primor.eu\/es_es\/la-roche-posay-retinol-b3-serum-antiarrugas-13548.html'>\r\n        <img loading='async' src='https:\/\/cdn2.primor.eu\/media\/catalog\/product\/cache\/8d3aba296f7a18b5251ee30fa5db42b2\/3\/3\/3337875694469_2034.jpg' alt='COMPRAR AHORA'>\r\n            <div class=\"claim\">\r\n                COMPRAR AHORA            <\/div>\r\n        <\/a>\r\n    \n\n\n\n<h3 class=\"wp-block-heading\">Crema de Noche Revitalizante de Himalaya<\/h3>\n\n\n\n<p>Es una crema que penetra en la piel para mejorar el ciclo de renovaci\u00f3n natural. La crema de noche revitalizante proporciona tres beneficios esenciales que hacen que la piel sea suave, flexible y rejuvenecida.<\/p>\n\n\n    <a class='product' target='_blank' href='https:\/\/www.primor.eu\/es_es\/himalaya-crema-de-noche-revitalizante-14868.html'>\r\n        <img loading='async' src='https:\/\/cdn2.primor.eu\/media\/catalog\/product\/cache\/8d3aba296f7a18b5251ee30fa5db42b2\/0\/T\/0TF13498_1_9960.jpg' alt='COMPRAR AHORA'>\r\n            <div class=\"claim\">\r\n                COMPRAR AHORA            <\/div>\r\n        <\/a>\r\n    \n\n\n<div class=\"kk-star-ratings kksr-auto kksr-align-center kksr-valign-bottom\"\n    data-payload='{&quot;align&quot;:&quot;center&quot;,&quot;id&quot;:&quot;50196&quot;,&quot;slug&quot;:&quot;default&quot;,&quot;valign&quot;:&quot;bottom&quot;,&quot;ignore&quot;:&quot;&quot;,&quot;reference&quot;:&quot;auto&quot;,&quot;class&quot;:&quot;&quot;,&quot;count&quot;:&quot;0&quot;,&quot;legendonly&quot;:&quot;&quot;,&quot;readonly&quot;:&quot;&quot;,&quot;score&quot;:&quot;0&quot;,&quot;starsonly&quot;:&quot;&quot;,&quot;best&quot;:&quot;5&quot;,&quot;gap&quot;:&quot;5&quot;,&quot;greet&quot;:&quot;Valora este art\u00edculo&quot;,&quot;legend&quot;:&quot;0\\\/5 - (0 votos)&quot;,&quot;size&quot;:&quot;24&quot;,&quot;title&quot;:&quot;Rutina facial para limpieza y eliminar c\u00e9lulas muertas&quot;,&quot;width&quot;:&quot;0&quot;,&quot;_legend&quot;:&quot;{score}\\\/{best} - ({count} {votes})&quot;,&quot;font_factor&quot;:&quot;1.25&quot;}'>\n            \n<div class=\"kksr-stars\">\n    \n<div class=\"kksr-stars-inactive\">\n            <div class=\"kksr-star\" data-star=\"1\" style=\"padding-right: 5px\">\n            \n\n<div class=\"kksr-icon\" style=\"width: 24px; height: 24px;\"><\/div>\n        <\/div>\n            <div class=\"kksr-star\" data-star=\"2\" style=\"padding-right: 5px\">\n            \n\n<div class=\"kksr-icon\" style=\"width: 24px; height: 24px;\"><\/div>\n        <\/div>\n            <div class=\"kksr-star\" data-star=\"3\" style=\"padding-right: 5px\">\n            \n\n<div class=\"kksr-icon\" style=\"width: 24px; height: 24px;\"><\/div>\n        <\/div>\n            <div class=\"kksr-star\" data-star=\"4\" style=\"padding-right: 5px\">\n            \n\n<div class=\"kksr-icon\" style=\"width: 24px; height: 24px;\"><\/div>\n        <\/div>\n            <div class=\"kksr-star\" data-star=\"5\" style=\"padding-right: 5px\">\n            \n\n<div class=\"kksr-icon\" style=\"width: 24px; height: 24px;\"><\/div>\n        <\/div>\n    <\/div>\n    \n<div class=\"kksr-stars-active\" style=\"width: 0px;\">\n            <div class=\"kksr-star\" style=\"padding-right: 5px\">\n            \n\n<div class=\"kksr-icon\" style=\"width: 24px; height: 24px;\"><\/div>\n        <\/div>\n            <div class=\"kksr-star\" style=\"padding-right: 5px\">\n            \n\n<div class=\"kksr-icon\" style=\"width: 24px; height: 24px;\"><\/div>\n        <\/div>\n            <div class=\"kksr-star\" style=\"padding-right: 5px\">\n            \n\n<div class=\"kksr-icon\" style=\"width: 24px; height: 24px;\"><\/div>\n        <\/div>\n            <div class=\"kksr-star\" style=\"padding-right: 5px\">\n            \n\n<div class=\"kksr-icon\" style=\"width: 24px; height: 24px;\"><\/div>\n        <\/div>\n            <div class=\"kksr-star\" style=\"padding-right: 5px\">\n            \n\n<div class=\"kksr-icon\" style=\"width: 24px; height: 24px;\"><\/div>\n        <\/div>\n    <\/div>\n<\/div>\n                \n\n<div class=\"kksr-legend\" style=\"font-size: 19.2px;\">\n            <span class=\"kksr-muted\">Valora este art\u00edculo<\/span>\n    <\/div>\n    <\/div>\n","protected":false},"excerpt":{"rendered":"<p>Si est\u00e1s buscando una rutina facial que te deje la piel suave, joven y radiante necesitas una rutina que elimine c\u00e9lulas muertas. La luminosidad de la piel se va perdiendo. El rostro va ensuci\u00e1ndose con la poluci\u00f3n, el sudor, los productos de maquillaje y m\u00e1s agentes externos. Por eso, hay que llevar a cabo una [&hellip;]<\/p>\n","protected":false},"author":4,"featured_media":113686,"comment_status":"open","ping_status":"open","sticky":false,"template":"","format":"standard","meta":{"jnews-multi-image_gallery":[],"jnews_single_post":{"subtitle":"","format":"standard","video":"","gallery":"","source_name":"","source_url":"","via_name":"","via_url":"","override_template":"0","override":[{"template":"1","single_blog_custom":"","parallax":"1","fullscreen":"1","layout":"right-sidebar","sidebar":"home-2","second_sidebar":"default-sidebar","sticky_sidebar":"0","share_position":"float","share_float_style":"share-monocrhome","show_share_counter":"0","show_view_counter":"0","show_featured":"1","show_post_meta":"1","show_post_author":"0","show_post_author_image":"1","show_post_date":"1","post_date_format":"default","post_date_format_custom":"Y\/m\/d","show_post_category":"1","show_post_reading_time":"0","post_reading_time_wpm":"300","show_zoom_button":"0","zoom_button_out_step":"2","zoom_button_in_step":"3","show_post_tag":"0","show_prev_next_post":"0","show_popup_post":"0","number_popup_post":"2","show_author_box":"0","show_post_related":"0","show_inline_post_related":"1"}],"override_image_size":"0","image_override":[{"single_post_thumbnail_size":"no-crop","single_post_gallery_size":"crop-500"}],"trending_post":"0","trending_post_position":"meta","trending_post_label":"Trending","sponsored_post":"0","sponsored_post_label":"Sponsored by","sponsored_post_name":"","sponsored_post_url":"","sponsored_post_logo_enable":"0","sponsored_post_logo":"","sponsored_post_desc":"","disable_ad":"0"},"jnews_primary_category":{"id":"","hide":""},"jnews_social_meta":{"fb_title":"","fb_description":"","fb_image":"","twitter_title":"","twitter_description":"","twitter_image":""},"jnews_override_counter":{"override_view_counter":"0","view_counter_number":"0","override_share_counter":"0","share_counter_number":"0","override_like_counter":"0","like_counter_number":"0","override_dislike_counter":"0","dislike_counter_number":"0"},"footnotes":""},"categories":[29],"tags":[],"class_list":["post-50196","post","type-post","status-publish","format-standard","has-post-thumbnail","hentry","category-cosmetica"],"_links":{"self":[{"href":"https:\/\/www.primor.eu\/blog\/wp-json\/wp\/v2\/posts\/50196","targetHints":{"allow":["GET"]}}],"collection":[{"href":"https:\/\/www.primor.eu\/blog\/wp-json\/wp\/v2\/posts"}],"about":[{"href":"https:\/\/www.primor.eu\/blog\/wp-json\/wp\/v2\/types\/post"}],"author":[{"embeddable":true,"href":"https:\/\/www.primor.eu\/blog\/wp-json\/wp\/v2\/users\/4"}],"replies":[{"embeddable":true,"href":"https:\/\/www.primor.eu\/blog\/wp-json\/wp\/v2\/comments?post=50196"}],"version-history":[{"count":4,"href":"https:\/\/www.primor.eu\/blog\/wp-json\/wp\/v2\/posts\/50196\/revisions"}],"predecessor-version":[{"id":113690,"href":"https:\/\/www.primor.eu\/blog\/wp-json\/wp\/v2\/posts\/50196\/revisions\/113690"}],"wp:featuredmedia":[{"embeddable":true,"href":"https:\/\/www.primor.eu\/blog\/wp-json\/wp\/v2\/media\/113686"}],"wp:attachment":[{"href":"https:\/\/www.primor.eu\/blog\/wp-json\/wp\/v2\/media?parent=50196"}],"wp:term":[{"taxonomy":"category","embeddable":true,"href":"https:\/\/www.primor.eu\/blog\/wp-json\/wp\/v2\/categories?post=50196"},{"taxonomy":"post_tag","embeddable":true,"href":"https:\/\/www.primor.eu\/blog\/wp-json\/wp\/v2\/tags?post=50196"}],"curies":[{"name":"wp","href":"https:\/\/api.w.org\/{rel}","templated":true}]}}