{"id":50066,"date":"2026-01-21T15:53:15","date_gmt":"2026-01-21T15:53:15","guid":{"rendered":"https:\/\/blog.primor.eu\/?p=50066"},"modified":"2026-01-21T15:53:17","modified_gmt":"2026-01-21T15:53:17","slug":"castanos-claros-mejores-tintes","status":"publish","type":"post","link":"https:\/\/www.primor.eu\/blog\/castanos-claros-mejores-tintes\/","title":{"rendered":"Consigue el casta\u00f1o perfecto con los mejores tintes para mechas de 2026"},"content":{"rendered":"\n<p>Aunque parezca que el mundo de los <strong>tintes de pelo<\/strong> empieza y termina en el<a href=\"https:\/\/www.primor.eu\/blog\/rubio-cobrizo\/\"> cabello rubio <\/a>(que si mechas, que si balayage, que si degradado, que si decolorado...), hay vida m\u00e1s all\u00e1. Mucha vida, de hecho. O mejor dicho, <a href=\"https:\/\/www.primor.eu\/es_es\/tintes-de-pelo\">muchos colores<\/a> y matices. Entre ellos y dejando a un lado las pelirrojas y las morenas, hoy hablaremos de los tintes para casta\u00f1os claros una opci\u00f3n id\u00f3nea para las que buscan un color f\u00e1cil de mantener, que aparente ser natural y que no sea demasiado rubio.<\/p>\n\n\n\n<p>Eso s\u00ed, hay que tener en cuenta que el <strong>casta\u00f1o claro<\/strong> no es un color \u00fanico, sino que, como sucede con los rubios, hay much\u00edsimas tonalidades: <em>brunette<\/em>, color miel, <a href=\"https:\/\/www.primor.eu\/blog\/mechas-en-pelo-castano-oscuro\/\">casta\u00f1o oscuro <\/a>con reflejos... Hay tantos casta\u00f1os claros como mujeres pidi\u00e9ndolo en la peluquer\u00eda. Y en Espa\u00f1a es un tinte muy demandado, pues muchas somos morenas pero deseamos tener el pelo m\u00e1s claro.<\/p>\n\n\n\n<h2 class=\"wp-block-heading\">Qu\u00e9 tonos son los mejores tintes para mechas<\/h2>\n\n\n\n<p>Elaboramos una peque\u00f1a gu\u00eda sobre las variantes de casta\u00f1o que m\u00e1s se llevan ahora y <strong>cu\u00e1les son los tintes casta\u00f1os claros ideales para cada tipo de piel.&nbsp;<\/strong><\/p>\n\n\n\n<h3 class=\"wp-block-heading\"><strong>Chocolate brown<\/strong><\/h3>\n\n\n\n<p><strong>Sensual y arrebatador<\/strong>, es perfecto para jugar con degradados y mechas ombr\u00e9. Aunque tambi\u00e9n queda ideal uniforme y s\u00faper brillante. Este color chocolate queda genial a chicas de pieles oscuras o medias y con los ojos oscuros.<\/p>\n\n\n\n<h3 class=\"wp-block-heading\"><strong>Casta\u00f1o cobrizo<\/strong><\/h3>\n\n\n\n<p>El casta\u00f1o que tiende al rojo y con reflejos caoba es natural y tan dulce como explosivo. Los cobre han destacado entre las tendencias capilares del 2022 y seguir\u00e1n triunfando el pr\u00f3ximo a\u00f1o. Este color de base casta\u00f1a con un toque rojizo muy sutil es perfecto para mujeres de pieles claras o doradas.<\/p>\n\n\n\n<h3 class=\"wp-block-heading\"><strong>Color caf\u00e9<\/strong><\/h3>\n\n\n\n<p>El marr\u00f3n m\u00e1s oscuro, que casi roza el negro, es suntuoso, sexy y s\u00faper favorecedor. Para darle m\u00e1s fuerza, dale un toque glossy. Ideal para todo tipo de pieles, aunque favorece m\u00e1s a las aceitunadas que a las que son demasiado claritas.<\/p>\n\n\n\n<h3 class=\"wp-block-heading\"><strong>Casta\u00f1o claro<\/strong><\/h3>\n\n\n\n<p>Este casta\u00f1o tan claro, que tambi\u00e9n puede llamarse rubio oscuro es natural, c\u00e1lido y s\u00faper coqueto, es el rubio de cuando \u00e9ramos ni\u00f1as y es un color s\u00faper femenino. El casta\u00f1o claro es un color bastante vers\u00e1til y que nos sienta bien a todas pero la clave para que quede perfecto y acorde a nuestra tez est\u00e1 en dar con el matiz rubio id\u00f3neo. En el caso de bases de cabello oscuras, pieles m\u00e1s oscuras o bronceadas, los tonos dorados y cobrizos siempre lucir\u00e1n m\u00e1s naturales. Para bases de cabello m\u00e1s claras o ceniza y pieles claras, podremos conseguir un rubio natural manteniendo los tonos ceniza y beige.<\/p>\n\n\n\n<h3 class=\"wp-block-heading\"><strong>Smoky gold<\/strong><\/h3>\n\n\n\n<p>El 'smoky gold' es uno de los tonos que m\u00e1s triunf\u00f3 la pasada temporada, se trata de un tono muy muy c\u00e1lido. Este oto\u00f1o-invierno, claro est\u00e1, sigue en alza, \u00a1y lo que le queda! El tono tiene unos matices dorados y ahumados propios de esta \u00e9poca del a\u00f1o y resulta de lo m\u00e1s apetecible por su calidez. Estos reflejos miel en pelo casta\u00f1o quedan igual de bien en pieles claras, medias y oscuras.<\/p>\n\n\n\n<h3 class=\"wp-block-heading\"><strong>Melting Hazelnut<\/strong><\/h3>\n\n\n\n<p>Se trata de un tono avellana muy coqueto y luminoso, a base de reflejos, ideal para mujeres de pelo casta\u00f1o. Adem\u00e1s es el gran favorito de las morenas que quieren aclararse el pelo. Suele iluminarse con mechas claritas muy naturales y casi imperceptibles. \u00bfPara qui\u00e9n es ideal? Para todo tipo de pieles, aunque queda espectacular con las mujeres de piel de colores m\u00e1s c\u00e1lidos.<\/p>\n\n\n\n<h3 class=\"wp-block-heading\"><strong>Cacao intenso<\/strong><\/h3>\n\n\n\n<p>El color de pelo m\u00e1s oscuro antes del negro entra en el rango de los marrones m\u00e1s sensuales y explosivos. En mujeres de piel muy oscura queda sencillamente arrebatador.<\/p>\n\n\n\n<h3 class=\"wp-block-heading\"><strong>Casta\u00f1o caramelo<\/strong><\/h3>\n\n\n\n<p>Este color lleno de matices c\u00e1lidos es vers\u00e1til y \"goloso\". Luce en verano y en invierno y es el matiz m\u00e1s&nbsp;suave para las casta\u00f1as que no quieren pasarse del todo al rubio. Las mujeres de piel clara o media est\u00e1n muy favorecidas con este color caramelo, que tambi\u00e9n queda muy bonito a modo de mechas o reflejos en melenas m\u00e1s morenas.<\/p>\n\n\n\n<h2 class=\"wp-block-heading\"><strong>\u00bfQu\u00e9 tener en cuenta a la hora de te\u00f1irse de casta\u00f1o claro?<\/strong><\/h2>\n\n\n\n<p>Seg\u00fan algunas p\u00e1ginas especializadas, antes de pasarse a los tintes casta\u00f1os claros hay que tener ciertos aspectos en cuenta.<\/p>\n\n\n\n<ul class=\"wp-block-list\">\n<li><strong>Qu\u00e9 cantidad de cabello tenemos. <\/strong>Seg\u00fan los expertos de L'Or\u00e9al, las chicas con pelo fino o poca cantidad deber\u00edan apostar por las tonalidades m\u00e1s claras de casta\u00f1o.<\/li>\n\n\n\n<li><strong>Qu\u00e9 base tenemos. <\/strong>Es decir, \u00bfc\u00f3mo es nuestro color natural? Si somos muy morenas en la ra\u00edz, la mejor opci\u00f3n ser\u00e1 acudir a la peluquer\u00eda y pedir reflejos. Es decir, mechas para aclarar el color.<\/li>\n\n\n\n<li><strong>Cu\u00e1nto sol nos da. <\/strong>Si es verano o vivimos en una zona donde el contacto con los rayos del sol son constantes, habr\u00e1 que vigilar el tono escogido, pues este tender\u00e1 a aclararse.<\/li>\n\n\n\n<li><strong>Qu\u00e9 matiz queremos.<\/strong> Es decir, si queremos que nuestro casta\u00f1o claro tire al cobrizo, al ceniza, al anaranjado...<\/li>\n\n\n\n<li><strong>Dejarse asesorar.<\/strong> Siempre. Los especialistas en peluquer\u00eda y coloraci\u00f3n est\u00e1n ah\u00ed para preguntarnos, para conocernos y para ayudarnos. Escuch\u00e9mosles porque a veces saben m\u00e1s de nuestro pelo que nosotras mismas.<\/li>\n<\/ul>\n\n\n\n<h2 class=\"wp-block-heading\">Casta\u00f1os claros: los mejores tintes para mechas<\/h2>\n\n\n        <product-table class=\"pr-slider\">\r\n            <product-headers class=\"grid-table-rows\">\r\n                <div>Foto<\/div>\r\n                <div>Producto<\/div>\r\n                <div>Marca<\/div>\r\n                <div>Valoraciones<\/div>\r\n                <div>Precio<\/div>\r\n            <\/product-headers>\r\n\r\n            <product-list>\r\n                                    <a href=\"https:\/\/www.primor.eu\/es_es\/l-oreal-paris-casting-creme-gloss-tintes-113068.html\" class=\"product-item grid-table-rows\" target=\"_blank\">\r\n                        <div>\r\n                            <img decoding=\"async\" class=\"product-img\" width=\"80px\" height=\"80px\" src=\"https:\/\/www.primor.eu\/blog\/wp-content\/uploads\/2024\/03\/M_2CT00296_1_6d74.jpg\" alt=\"L'Or\u00e9al Par\u00eds Casting Creme Gloss Tintes\">\r\n                        <\/div>\r\n\r\n                        <!-- Contenido de producto  -->\r\n                        <div>\r\n                            <div class=\"product-position\">\r\n                                #1 Top Ventas                            <\/div>\r\n\r\n                            <h2>\r\n                                L'Or\u00e9al Par\u00eds Casting Creme Gloss Tintes                            <\/h2>\r\n                        <\/div>\r\n\r\n                        <!-- Imagen y\/o nombre de la marca -->\r\n                        <div>\r\n                                                            <img decoding=\"async\" width=\"70\" src=\"https:\/\/www.primor.eu\/blog\/wp-content\/uploads\/2023\/08\/loreal-paris.png\" alt=\"84251\">\r\n                                                    <\/div>\r\n\r\n                        <!-- Puntuaci\u00f3n del producto  -->\r\n                        <div class=\"rating\">\r\n                                                            <div class=\"rate\" style=\"--p:94;\"><\/div>\r\n                                <b>4.7\/5<\/b>\r\n                                <div class=\"rate-stars\">\r\n                                                                            <div\r\n                                            class=\"rate-star  \">\r\n                                        <\/div>\r\n                                                                            <div\r\n                                            class=\"rate-star  \">\r\n                                        <\/div>\r\n                                                                            <div\r\n                                            class=\"rate-star  \">\r\n                                        <\/div>\r\n                                                                            <div\r\n                                            class=\"rate-star  \">\r\n                                        <\/div>\r\n                                                                            <div\r\n                                            class=\"rate-star  \">\r\n                                        <\/div>\r\n                                                                    <\/div>\r\n                                                    <\/div>\r\n\r\n                        <!-- Bot\u00f3n de producto  -->\r\n                        <div>\r\n                            <span class=\"price-claim\">\r\n                                VER PRECIO                            <\/span>\r\n                        <\/div>\r\n                    <\/a>\r\n                                    <a href=\"https:\/\/www.primor.eu\/es_es\/palette-intensive-creme-color-permanente-113079.html\" class=\"product-item grid-table-rows\" target=\"_blank\">\r\n                        <div>\r\n                            <img decoding=\"async\" class=\"product-img\" width=\"80px\" height=\"80px\" src=\"https:\/\/www.primor.eu\/blog\/wp-content\/uploads\/2024\/03\/M_2CT01202_1_6fcd.jpg\" alt=\"Palette Intensive Creme Color Permanente\">\r\n                        <\/div>\r\n\r\n                        <!-- Contenido de producto  -->\r\n                        <div>\r\n                            <div class=\"product-position\">\r\n                                #2                            <\/div>\r\n\r\n                            <h2>\r\n                                Palette Intensive Creme Color Permanente                            <\/h2>\r\n                        <\/div>\r\n\r\n                        <!-- Imagen y\/o nombre de la marca -->\r\n                        <div>\r\n                                                            <img decoding=\"async\" width=\"70\" src=\"https:\/\/www.primor.eu\/blog\/wp-content\/uploads\/2023\/09\/Palette.jpg\" alt=\"86345\">\r\n                                                    <\/div>\r\n\r\n                        <!-- Puntuaci\u00f3n del producto  -->\r\n                        <div class=\"rating\">\r\n                                                            <div class=\"rate\" style=\"--p:94;\"><\/div>\r\n                                <b>4.7\/5<\/b>\r\n                                <div class=\"rate-stars\">\r\n                                                                            <div\r\n                                            class=\"rate-star  \">\r\n                                        <\/div>\r\n                                                                            <div\r\n                                            class=\"rate-star  \">\r\n                                        <\/div>\r\n                                                                            <div\r\n                                            class=\"rate-star  \">\r\n                                        <\/div>\r\n                                                                            <div\r\n                                            class=\"rate-star  \">\r\n                                        <\/div>\r\n                                                                            <div\r\n                                            class=\"rate-star  \">\r\n                                        <\/div>\r\n                                                                    <\/div>\r\n                                                    <\/div>\r\n\r\n                        <!-- Bot\u00f3n de producto  -->\r\n                        <div>\r\n                            <span class=\"price-claim\">\r\n                                VER PRECIO                            <\/span>\r\n                        <\/div>\r\n                    <\/a>\r\n                                    <a href=\"https:\/\/www.primor.eu\/es_es\/revlon-colorsilk-tinte-sin-amoniaco-113075.html\" class=\"product-item grid-table-rows\" target=\"_blank\">\r\n                        <div>\r\n                            <img decoding=\"async\" class=\"product-img\" width=\"80px\" height=\"80px\" src=\"https:\/\/www.primor.eu\/blog\/wp-content\/uploads\/2024\/05\/M_2CT00725_1_1b41.jpg\" alt=\"Revlon Colorsilk Tinte Sin Amoniaco\">\r\n                        <\/div>\r\n\r\n                        <!-- Contenido de producto  -->\r\n                        <div>\r\n                            <div class=\"product-position\">\r\n                                #3                            <\/div>\r\n\r\n                            <h2>\r\n                                Revlon Colorsilk Tinte Sin Amoniaco                            <\/h2>\r\n                        <\/div>\r\n\r\n                        <!-- Imagen y\/o nombre de la marca -->\r\n                        <div>\r\n                                                            <img decoding=\"async\" width=\"70\" src=\"https:\/\/www.primor.eu\/blog\/wp-content\/uploads\/2023\/09\/403.jpg\" alt=\"85270\">\r\n                                                    <\/div>\r\n\r\n                        <!-- Puntuaci\u00f3n del producto  -->\r\n                        <div class=\"rating\">\r\n                                                            <div class=\"rate\" style=\"--p:94;\"><\/div>\r\n                                <b>4.7\/5<\/b>\r\n                                <div class=\"rate-stars\">\r\n                                                                            <div\r\n                                            class=\"rate-star  \">\r\n                                        <\/div>\r\n                                                                            <div\r\n                                            class=\"rate-star  \">\r\n                                        <\/div>\r\n                                                                            <div\r\n                                            class=\"rate-star  \">\r\n                                        <\/div>\r\n                                                                            <div\r\n                                            class=\"rate-star  \">\r\n                                        <\/div>\r\n                                                                            <div\r\n                                            class=\"rate-star  \">\r\n                                        <\/div>\r\n                                                                    <\/div>\r\n                                                    <\/div>\r\n\r\n                        <!-- Bot\u00f3n de producto  -->\r\n                        <div>\r\n                            <span class=\"price-claim\">\r\n                                VER PRECIO                            <\/span>\r\n                        <\/div>\r\n                    <\/a>\r\n                                    <a href=\"https:\/\/www.primor.eu\/es_es\/llongueras-color-advance-color-repair-coloracion-permanente-113067.html\" class=\"product-item grid-table-rows\" target=\"_blank\">\r\n                        <div>\r\n                            <img decoding=\"async\" class=\"product-img\" width=\"80px\" height=\"80px\" src=\"https:\/\/www.primor.eu\/blog\/wp-content\/uploads\/2024\/03\/M_2CT00260_1_8d96.jpg\" alt=\"Llongueras Color Advance Color & Repair Coloraci\u00f3n Permanente\">\r\n                        <\/div>\r\n\r\n                        <!-- Contenido de producto  -->\r\n                        <div>\r\n                            <div class=\"product-position\">\r\n                                #4                            <\/div>\r\n\r\n                            <h2>\r\n                                Llongueras Color Advance Color & Repair Coloraci\u00f3n Permanente                            <\/h2>\r\n                        <\/div>\r\n\r\n                        <!-- Imagen y\/o nombre de la marca -->\r\n                        <div>\r\n                                                            <img decoding=\"async\" width=\"70\" src=\"https:\/\/www.primor.eu\/blog\/wp-content\/uploads\/2023\/08\/367.jpg\" alt=\"84630\">\r\n                                                    <\/div>\r\n\r\n                        <!-- Puntuaci\u00f3n del producto  -->\r\n                        <div class=\"rating\">\r\n                                                            <div class=\"rate\" style=\"--p:94;\"><\/div>\r\n                                <b>4.7\/5<\/b>\r\n                                <div class=\"rate-stars\">\r\n                                                                            <div\r\n                                            class=\"rate-star  \">\r\n                                        <\/div>\r\n                                                                            <div\r\n                                            class=\"rate-star  \">\r\n                                        <\/div>\r\n                                                                            <div\r\n                                            class=\"rate-star  \">\r\n                                        <\/div>\r\n                                                                            <div\r\n                                            class=\"rate-star  \">\r\n                                        <\/div>\r\n                                                                            <div\r\n                                            class=\"rate-star  \">\r\n                                        <\/div>\r\n                                                                    <\/div>\r\n                                                    <\/div>\r\n\r\n                        <!-- Bot\u00f3n de producto  -->\r\n                        <div>\r\n                            <span class=\"price-claim\">\r\n                                VER PRECIO                            <\/span>\r\n                        <\/div>\r\n                    <\/a>\r\n                                    <a href=\"https:\/\/www.primor.eu\/es_es\/syoss-oleo-intense-tinte-113091.html\" class=\"product-item grid-table-rows\" target=\"_blank\">\r\n                        <div>\r\n                            <img decoding=\"async\" class=\"product-img\" width=\"80px\" height=\"80px\" src=\"https:\/\/www.primor.eu\/blog\/wp-content\/uploads\/2024\/03\/M_2CT02150_1_d185.jpg\" alt=\"Syoss Oleo Intense Tinte\">\r\n                        <\/div>\r\n\r\n                        <!-- Contenido de producto  -->\r\n                        <div>\r\n                            <div class=\"product-position\">\r\n                                #5                            <\/div>\r\n\r\n                            <h2>\r\n                                Syoss Oleo Intense Tinte                            <\/h2>\r\n                        <\/div>\r\n\r\n                        <!-- Imagen y\/o nombre de la marca -->\r\n                        <div>\r\n                                                            <img decoding=\"async\" width=\"70\" src=\"https:\/\/www.primor.eu\/blog\/wp-content\/uploads\/2023\/08\/SYOSS.jpg\" alt=\"84589\">\r\n                                                    <\/div>\r\n\r\n                        <!-- Puntuaci\u00f3n del producto  -->\r\n                        <div class=\"rating\">\r\n                                                            <div class=\"rate\" style=\"--p:94;\"><\/div>\r\n                                <b>4.7\/5<\/b>\r\n                                <div class=\"rate-stars\">\r\n                                                                            <div\r\n                                            class=\"rate-star  \">\r\n                                        <\/div>\r\n                                                                            <div\r\n                                            class=\"rate-star  \">\r\n                                        <\/div>\r\n                                                                            <div\r\n                                            class=\"rate-star  \">\r\n                                        <\/div>\r\n                                                                            <div\r\n                                            class=\"rate-star  \">\r\n                                        <\/div>\r\n                                                                            <div\r\n                                            class=\"rate-star  \">\r\n                                        <\/div>\r\n                                                                    <\/div>\r\n                                                    <\/div>\r\n\r\n                        <!-- Bot\u00f3n de producto  -->\r\n                        <div>\r\n                            <span class=\"price-claim\">\r\n                                VER PRECIO                            <\/span>\r\n                        <\/div>\r\n                    <\/a>\r\n                            <\/product-list>\r\n        <\/product-table>\r\n\r\n        \n\n\n\n<h3 class=\"wp-block-heading has-text-align-left\">Casting Creme Gloss Ba\u00f1o de Color de L\u2019Oreal Paris<\/h3>\n\n\n\n<p>En tono 535 Chocolate es una coloraci\u00f3n cremosa y sin qu\u00edmicos que cubre las canas de forma r\u00e1pida e intensa. Sus f\u00f3rmulas elaboradas con ingredientes naturales ofrecen una cobertura \u00f3ptima mientras aporta un brillo sublime a la melena.<\/p>\n\n\n    <a class='product' target='_blank' href='https:\/\/www.primor.eu\/es_es\/l-oreal-paris-casting-creme-gloss-tintes-113068.html?#755=40031'>\r\n        <img loading='async' src='https:\/\/cdn2.primor.eu\/media\/catalog\/product\/cache\/8d3aba296f7a18b5251ee30fa5db42b2\/2\/C\/2CT00362_1_d53b.jpg' alt='COMPRAR AHORA'>\r\n            <div class=\"claim\">\r\n                COMPRAR AHORA            <\/div>\r\n        <\/a>\r\n    \n\n\n\n<h3 class=\"wp-block-heading has-text-align-left\">Palette Intensive Color Cream Tinte Permanente de Schwarzkopf Palette<\/h3>\n\n\n\n<p>El tinte permanente de Palette Intensive es una crema colorante con pigmentos de color altamente eficaces proporciona un color vivo, radiante y duradero hasta 8 semanas. Un tratamiento de cuidado con aceite natural de marula suaviza la superficie del cabello y proporciona un brillo sensacional.&nbsp;<\/p>\n\n\n    <a class='product' target='_blank' href='https:\/\/www.primor.eu\/es_es\/palette-intensive-creme-color-permanente-113079.html?#755=40065'>\r\n        <img loading='async' src='https:\/\/cdn2.primor.eu\/media\/catalog\/product\/cache\/8d3aba296f7a18b5251ee30fa5db42b2\/8\/4\/8410436248136_6_1_Rubio_Oscuro_Ceniza__CS__Front_0727.jpg' alt='COMPRAR AHORA'>\r\n            <div class=\"claim\">\r\n                COMPRAR AHORA            <\/div>\r\n        <\/a>\r\n    \n\n\n\n<h3 class=\"wp-block-heading has-text-align-left\">Colorsilk Tinte Sin Amoniaco de Revlon&nbsp;<\/h3>\n\n\n\n<p>Revlon Colorsilk te permite lucir un color natural y uniforme desde la ra\u00edz hasta las puntas que se mantiene radiante entre coloraci\u00f3n y coloraci\u00f3n. El tono 43 casta\u00f1o medio dorado es perfecto para los casta\u00f1os claros como tinte dise\u00f1ado para penetrar en cada cabello gracias a su f\u00f3rmula suave, libre de amon\u00edaco y al acondicionador con prote\u00ednas de seda que se aplica luego del te\u00f1ido.<\/p>\n\n\n    <a class='product' target='_blank' href='https:\/\/www.primor.eu\/es_es\/revlon-colorsilk-tinte-sin-amoniaco-113075.html?#755=39951'>\r\n        <img loading='async' src='https:\/\/cdn2.primor.eu\/media\/catalog\/product\/cache\/8d3aba296f7a18b5251ee30fa5db42b2\/2\/C\/2CT00725_1_95c4.jpg' alt='COMPRAR AHORA'>\r\n            <div class=\"claim\">\r\n                COMPRAR AHORA            <\/div>\r\n        <\/a>\r\n    \n\n\n\n<h3 class=\"wp-block-heading has-text-align-left\">Tinte Color Advance de Llongueras&nbsp;<\/h3>\n\n\n\n<p>Una coloraci\u00f3n formulada con beneficios de una mascarilla est\u00e1 enriquecida con Ultra Conditioner Complex y \u00c1cido Hialur\u00f3nico y podr\u00e1s disfrutar de 7 beneficios en 1 s\u00f3lo producto. La nueva f\u00f3rmula de Llongueras Color Advance aporta un cuidado extra a tu cabello, gracias a la innovadora combinaci\u00f3n de 4 ingredientes acondicionadores concentrados.<\/p>\n\n\n    <a class='product' target='_blank' href='https:\/\/www.primor.eu\/es_es\/llongueras-color-advance-color-repair-coloracion-permanente-113067.html?#755=39855'>\r\n        <img loading='async' src='https:\/\/cdn2.primor.eu\/media\/catalog\/product\/cache\/8d3aba296f7a18b5251ee30fa5db42b2\/2\/C\/2CT00260_1_8cf0.jpg' alt='COMPRAR AHORA'>\r\n            <div class=\"claim\">\r\n                COMPRAR AHORA            <\/div>\r\n        <\/a>\r\n    \n\n\n\n<h3 class=\"wp-block-heading has-text-align-left\">Oleo Intense Tinte de Syoss&nbsp;<\/h3>\n\n\n\n<p>Un tinte de coloraci\u00f3n permanente sin amon\u00edaco con resultados de peluquer\u00eda. Su f\u00f3rmula sin amoniaco y con aceites cuida tu cabello a la vez que garantiza una cobertura profesional de canas.<\/p>\n\n\n    <a class='product' target='_blank' href='https:\/\/www.primor.eu\/es_es\/syoss-oleo-intense-tinte-113091.html?#755=40011'>\r\n        <img loading='async' src='https:\/\/cdn2.primor.eu\/media\/catalog\/product\/cache\/8d3aba296f7a18b5251ee30fa5db42b2\/8\/4\/8410436218177_Syoss_Oleo_Intense_5_86_Castano_Caramelo_Front_b495.jpg' alt='COMPRAR AHORA'>\r\n            <div class=\"claim\">\r\n                COMPRAR AHORA            <\/div>\r\n        <\/a>\r\n    \n\n\n\n<h3 class=\"wp-block-heading has-text-align-left\">Tinte Capilar Keratin de Bellefine<\/h3>\n\n\n\n<p>Un tinte de pelo en crema de larga duraci\u00f3n con f\u00f3rmula \u00fanica enriquecida con queratina Nuti Repair Complex que penetra profundamente en la estructura del cabello, nutre, hidrata y restaura la belleza natural y vitalidad del cabello. Proporciona una excelente cobertura de canas y resultados de larga duraci\u00f3n.<\/p>\n\n\n    <a class='product' target='_blank' href='https:\/\/www.primor.eu\/es_es\/bellefine-tinte-capilar-keratin-113086.html?#755=39775'>\r\n        <img loading='async' src='https:\/\/cdn2.primor.eu\/media\/catalog\/product\/cache\/8d3aba296f7a18b5251ee30fa5db42b2\/2\/C\/2CT01936_1_de65.jpg' alt='COMPRAR AHORA'>\r\n            <div class=\"claim\">\r\n                COMPRAR AHORA            <\/div>\r\n        <\/a>\r\n    \n\n\n<div class=\"kk-star-ratings kksr-auto kksr-align-center kksr-valign-bottom\"\n    data-payload='{&quot;align&quot;:&quot;center&quot;,&quot;id&quot;:&quot;50066&quot;,&quot;slug&quot;:&quot;default&quot;,&quot;valign&quot;:&quot;bottom&quot;,&quot;ignore&quot;:&quot;&quot;,&quot;reference&quot;:&quot;auto&quot;,&quot;class&quot;:&quot;&quot;,&quot;count&quot;:&quot;2&quot;,&quot;legendonly&quot;:&quot;&quot;,&quot;readonly&quot;:&quot;&quot;,&quot;score&quot;:&quot;5&quot;,&quot;starsonly&quot;:&quot;&quot;,&quot;best&quot;:&quot;5&quot;,&quot;gap&quot;:&quot;5&quot;,&quot;greet&quot;:&quot;Valora este art\u00edculo&quot;,&quot;legend&quot;:&quot;5\\\/5 - (2 votos)&quot;,&quot;size&quot;:&quot;24&quot;,&quot;title&quot;:&quot;Consigue el casta\u00f1o perfecto con los mejores tintes para mechas de 2026&quot;,&quot;width&quot;:&quot;142.5&quot;,&quot;_legend&quot;:&quot;{score}\\\/{best} - ({count} {votes})&quot;,&quot;font_factor&quot;:&quot;1.25&quot;}'>\n            \n<div class=\"kksr-stars\">\n    \n<div class=\"kksr-stars-inactive\">\n            <div class=\"kksr-star\" data-star=\"1\" style=\"padding-right: 5px\">\n            \n\n<div class=\"kksr-icon\" style=\"width: 24px; height: 24px;\"><\/div>\n        <\/div>\n            <div class=\"kksr-star\" data-star=\"2\" style=\"padding-right: 5px\">\n            \n\n<div class=\"kksr-icon\" style=\"width: 24px; height: 24px;\"><\/div>\n        <\/div>\n            <div class=\"kksr-star\" data-star=\"3\" style=\"padding-right: 5px\">\n            \n\n<div class=\"kksr-icon\" style=\"width: 24px; height: 24px;\"><\/div>\n        <\/div>\n            <div class=\"kksr-star\" data-star=\"4\" style=\"padding-right: 5px\">\n            \n\n<div class=\"kksr-icon\" style=\"width: 24px; height: 24px;\"><\/div>\n        <\/div>\n            <div class=\"kksr-star\" data-star=\"5\" style=\"padding-right: 5px\">\n            \n\n<div class=\"kksr-icon\" style=\"width: 24px; height: 24px;\"><\/div>\n        <\/div>\n    <\/div>\n    \n<div class=\"kksr-stars-active\" style=\"width: 142.5px;\">\n            <div class=\"kksr-star\" style=\"padding-right: 5px\">\n            \n\n<div class=\"kksr-icon\" style=\"width: 24px; height: 24px;\"><\/div>\n        <\/div>\n            <div class=\"kksr-star\" style=\"padding-right: 5px\">\n            \n\n<div class=\"kksr-icon\" style=\"width: 24px; height: 24px;\"><\/div>\n        <\/div>\n            <div class=\"kksr-star\" style=\"padding-right: 5px\">\n            \n\n<div class=\"kksr-icon\" style=\"width: 24px; height: 24px;\"><\/div>\n        <\/div>\n            <div class=\"kksr-star\" style=\"padding-right: 5px\">\n            \n\n<div class=\"kksr-icon\" style=\"width: 24px; height: 24px;\"><\/div>\n        <\/div>\n            <div class=\"kksr-star\" style=\"padding-right: 5px\">\n            \n\n<div class=\"kksr-icon\" style=\"width: 24px; height: 24px;\"><\/div>\n        <\/div>\n    <\/div>\n<\/div>\n                \n\n<div class=\"kksr-legend\" style=\"font-size: 19.2px;\">\n            5\/5 - (2 votos)    <\/div>\n    <\/div>\n","protected":false},"excerpt":{"rendered":"<p>Aunque parezca que el mundo de los tintes de pelo empieza y termina en el cabello rubio (que si mechas, que si balayage, que si degradado, que si decolorado&#8230;), hay vida m\u00e1s all\u00e1. Mucha vida, de hecho. O mejor dicho, muchos colores y matices. Entre ellos y dejando a un lado las pelirrojas y las [&hellip;]<\/p>\n","protected":false},"author":14,"featured_media":113223,"comment_status":"open","ping_status":"open","sticky":false,"template":"","format":"standard","meta":{"jnews-multi-image_gallery":[],"jnews_single_post":{"subtitle":"","format":"standard","video":"","gallery":"","source_name":"","source_url":"","via_name":"","via_url":"","override_template":"0","override":[{"template":"1","single_blog_custom":"","parallax":"1","fullscreen":"1","layout":"right-sidebar","sidebar":"home-2","second_sidebar":"default-sidebar","sticky_sidebar":"0","share_position":"float","share_float_style":"share-monocrhome","show_share_counter":"0","show_view_counter":"0","show_featured":"1","show_post_meta":"1","show_post_author":"0","show_post_author_image":"1","show_post_date":"1","post_date_format":"default","post_date_format_custom":"Y\/m\/d","show_post_category":"1","show_post_reading_time":"0","post_reading_time_wpm":"300","show_zoom_button":"0","zoom_button_out_step":"2","zoom_button_in_step":"3","show_post_tag":"0","show_prev_next_post":"0","show_popup_post":"0","number_popup_post":"2","show_author_box":"0","show_post_related":"0","show_inline_post_related":"1"}],"override_image_size":"0","image_override":[{"single_post_thumbnail_size":"no-crop","single_post_gallery_size":"crop-500"}],"trending_post":"0","trending_post_position":"meta","trending_post_label":"Trending","sponsored_post":"0","sponsored_post_label":"Sponsored by","sponsored_post_name":"","sponsored_post_url":"","sponsored_post_logo_enable":"0","sponsored_post_logo":"","sponsored_post_desc":"","disable_ad":"0"},"jnews_primary_category":{"id":"","hide":""},"jnews_social_meta":{"fb_title":"","fb_description":"","fb_image":"","twitter_title":"","twitter_description":"","twitter_image":""},"jnews_override_counter":{"override_view_counter":"0","view_counter_number":"0","override_share_counter":"0","share_counter_number":"0","override_like_counter":"0","like_counter_number":"0","override_dislike_counter":"0","dislike_counter_number":"0"},"footnotes":""},"categories":[35],"tags":[],"class_list":["post-50066","post","type-post","status-publish","format-standard","has-post-thumbnail","hentry","category-cabello"],"_links":{"self":[{"href":"https:\/\/www.primor.eu\/blog\/wp-json\/wp\/v2\/posts\/50066","targetHints":{"allow":["GET"]}}],"collection":[{"href":"https:\/\/www.primor.eu\/blog\/wp-json\/wp\/v2\/posts"}],"about":[{"href":"https:\/\/www.primor.eu\/blog\/wp-json\/wp\/v2\/types\/post"}],"author":[{"embeddable":true,"href":"https:\/\/www.primor.eu\/blog\/wp-json\/wp\/v2\/users\/14"}],"replies":[{"embeddable":true,"href":"https:\/\/www.primor.eu\/blog\/wp-json\/wp\/v2\/comments?post=50066"}],"version-history":[{"count":10,"href":"https:\/\/www.primor.eu\/blog\/wp-json\/wp\/v2\/posts\/50066\/revisions"}],"predecessor-version":[{"id":137579,"href":"https:\/\/www.primor.eu\/blog\/wp-json\/wp\/v2\/posts\/50066\/revisions\/137579"}],"wp:featuredmedia":[{"embeddable":true,"href":"https:\/\/www.primor.eu\/blog\/wp-json\/wp\/v2\/media\/113223"}],"wp:attachment":[{"href":"https:\/\/www.primor.eu\/blog\/wp-json\/wp\/v2\/media?parent=50066"}],"wp:term":[{"taxonomy":"category","embeddable":true,"href":"https:\/\/www.primor.eu\/blog\/wp-json\/wp\/v2\/categories?post=50066"},{"taxonomy":"post_tag","embeddable":true,"href":"https:\/\/www.primor.eu\/blog\/wp-json\/wp\/v2\/tags?post=50066"}],"curies":[{"name":"wp","href":"https:\/\/api.w.org\/{rel}","templated":true}]}}