{"id":49417,"date":"2026-04-15T07:58:17","date_gmt":"2026-04-15T07:58:17","guid":{"rendered":"https:\/\/blog.primor.eu\/?p=49417"},"modified":"2026-04-15T07:58:19","modified_gmt":"2026-04-15T07:58:19","slug":"dar-volumen-peinado-hombre","status":"publish","type":"post","link":"https:\/\/www.primor.eu\/blog\/dar-volumen-peinado-hombre\/","title":{"rendered":"C\u00f3mo dar m\u00e1s volumen a un peinado de hombre"},"content":{"rendered":"\n<p>Para muchos hombres, tener un <a href=\"https:\/\/www.primor.eu\/blog\/mejores-cortes-peinados-hombres-entradas\/\" data-type=\"link\" data-id=\"https:\/\/www.primor.eu\/blog\/mejores-cortes-peinados-hombres-entradas\/\">cabello con poco volumen<\/a> puede ser un problema. Sin embargo, existen varias maneras de <strong>darle m\u00e1s volumen<\/strong> a un peinado de hombre y lograr una <strong>apariencia m\u00e1s atractiva<\/strong> y elegante. Hoy os vamos a dar unos cuantos consejos que os ayudar\u00e1n para estar listos todos los d\u00edas.<\/p>\n\n\n\n<h2 class=\"wp-block-heading\">Olv\u00eddate del pelo sin volumen<\/h2>\n\n\n\n<p>Una de las formas m\u00e1s sencillas de lograr volumen es <strong>utilizando un secador<\/strong> de pelo. Una vez que se ha lavado y secado el cabello, se debe utilizar el secador para levantar las ra\u00edces y crear un efecto de volumen. Para lograrlo, se recomienda inclinar la cabeza hacia abajo y secar el cabello con movimientos circulares, empezando por la nuca y avanzando hacia la parte superior de la cabeza.<\/p>\n\n\n\n<p>Otra opci\u00f3n es utilizar <strong>productos dise\u00f1ados espec\u00edficamente<\/strong> para dar volumen al cabello, como <strong>polvos texturizantes <\/strong>o sprays. Estos productos pueden aplicarse en el cabello h\u00famedo o seco y ayudar\u00e1n a levantar las ra\u00edces y dar m\u00e1s cuerpo al cabello. Al aplicarlos, es importante frotar el producto entre las manos y distribuirlo uniformemente en todo el cabello para obtener los mejores resultados.<\/p>\n\n\n\n<p>Tambi\u00e9n es importante <strong>elegir el peinado adecuado <\/strong>para lograr m\u00e1s volumen. Un corte de cabello con capas puede ayudar a crear un efecto de movimiento y textura, mientras que un peinado con el cabello hacia arriba o hacia los lados puede crear m\u00e1s volumen en la parte superior de la cabeza. Adem\u00e1s, un peinado con raya a un lado o hacia atr\u00e1s puede ayudar a crear una sensaci\u00f3n de m\u00e1s volumen en el cabello.<\/p>\n\n\n\n<h2 class=\"wp-block-heading\">Productos para darle volumen a tu pelo<\/h2>\n\n\n        <product-table class=\"pr-slider\">\r\n            <product-headers class=\"grid-table-rows\">\r\n                <div>Foto<\/div>\r\n                <div>Producto<\/div>\r\n                <div>Marca<\/div>\r\n                <div>Valoraciones<\/div>\r\n                <div>Precio<\/div>\r\n            <\/product-headers>\r\n\r\n            <product-list>\r\n                                    <a href=\"https:\/\/www.primor.eu\/es_es\/kerastase-volumifique-bain-volume-champu-cabello-fino-9748.html\" class=\"product-item grid-table-rows\" target=\"_blank\">\r\n                        <div>\r\n                            <img decoding=\"async\" class=\"product-img\" width=\"80px\" height=\"80px\" src=\"https:\/\/www.primor.eu\/blog\/wp-content\/uploads\/2023\/12\/2CC02250_1_0ca7.jpg\" alt=\"Kerastase Volumifique Bain Volume Champ\u00fa Cabello Fino\">\r\n                        <\/div>\r\n\r\n                        <!-- Contenido de producto  -->\r\n                        <div>\r\n                            <div class=\"product-position\">\r\n                                #1 Top Ventas                            <\/div>\r\n\r\n                            <h2>\r\n                                Kerastase Volumifique Bain Volume Champ\u00fa Cabello Fino                            <\/h2>\r\n                        <\/div>\r\n\r\n                        <!-- Imagen y\/o nombre de la marca -->\r\n                        <div>\r\n                                                            <img decoding=\"async\" width=\"70\" src=\"https:\/\/www.primor.eu\/blog\/wp-content\/uploads\/2023\/08\/k_rastane.jpg\" alt=\"84705\">\r\n                                                    <\/div>\r\n\r\n                        <!-- Puntuaci\u00f3n del producto  -->\r\n                        <div class=\"rating\">\r\n                                                            <div class=\"rate\" style=\"--p:93.6;\"><\/div>\r\n                                <b>4.68\/5<\/b>\r\n                                <div class=\"rate-stars\">\r\n                                                                            <div\r\n                                            class=\"rate-star  \">\r\n                                        <\/div>\r\n                                                                            <div\r\n                                            class=\"rate-star  \">\r\n                                        <\/div>\r\n                                                                            <div\r\n                                            class=\"rate-star  \">\r\n                                        <\/div>\r\n                                                                            <div\r\n                                            class=\"rate-star  \">\r\n                                        <\/div>\r\n                                                                            <div\r\n                                            class=\"rate-star  \">\r\n                                        <\/div>\r\n                                                                    <\/div>\r\n                                                    <\/div>\r\n\r\n                        <!-- Bot\u00f3n de producto  -->\r\n                        <div>\r\n                            <span class=\"price-claim\">\r\n                                VER PRECIO                            <\/span>\r\n                        <\/div>\r\n                    <\/a>\r\n                                    <a href=\"https:\/\/www.primor.eu\/es_es\/hair-rituel-by-sisley-soin-lavant-fortifiant-densite-96633.html\" class=\"product-item grid-table-rows\" target=\"_blank\">\r\n                        <div>\r\n                            <img decoding=\"async\" class=\"product-img\" width=\"80px\" height=\"80px\" src=\"https:\/\/www.primor.eu\/blog\/wp-content\/uploads\/2024\/06\/3473311694119_01_04de.jpg\" alt=\"Hair Rituel By Sisley Soin Lavant Fortifiant Densit\u00e9\">\r\n                        <\/div>\r\n\r\n                        <!-- Contenido de producto  -->\r\n                        <div>\r\n                            <div class=\"product-position\">\r\n                                #2                            <\/div>\r\n\r\n                            <h2>\r\n                                Hair Rituel By Sisley Soin Lavant Fortifiant Densit\u00e9                            <\/h2>\r\n                        <\/div>\r\n\r\n                        <!-- Imagen y\/o nombre de la marca -->\r\n                        <div>\r\n                                                            <img decoding=\"async\" width=\"70\" src=\"https:\/\/www.primor.eu\/blog\/wp-content\/uploads\/2024\/06\/logo-hair-rituel-noir_2_1.png\" alt=\"107020\">\r\n                                                    <\/div>\r\n\r\n                        <!-- Puntuaci\u00f3n del producto  -->\r\n                        <div class=\"rating\">\r\n                                                            <div class=\"rate\" style=\"--p:100;\"><\/div>\r\n                                <b>5\/5<\/b>\r\n                                <div class=\"rate-stars\">\r\n                                                                            <div\r\n                                            class=\"rate-star  \">\r\n                                        <\/div>\r\n                                                                            <div\r\n                                            class=\"rate-star  \">\r\n                                        <\/div>\r\n                                                                            <div\r\n                                            class=\"rate-star  \">\r\n                                        <\/div>\r\n                                                                            <div\r\n                                            class=\"rate-star  \">\r\n                                        <\/div>\r\n                                                                            <div\r\n                                            class=\"rate-star  \">\r\n                                        <\/div>\r\n                                                                    <\/div>\r\n                                                    <\/div>\r\n\r\n                        <!-- Bot\u00f3n de producto  -->\r\n                        <div>\r\n                            <span class=\"price-claim\">\r\n                                VER PRECIO                            <\/span>\r\n                        <\/div>\r\n                    <\/a>\r\n                            <\/product-list>\r\n        <\/product-table>\r\n\r\n        \n\n\n\n<h3 class=\"wp-block-heading\">Volumifique Bain Volume Champ\u00fa Cabello Fino de Kerastase<\/h3>\n\n\n\n<p>es un champ\u00fa especialmente creado para el cabello fino, que limpia e hidrata proporcionando m\u00e1s volumen y un aspecto m\u00e1s saludable. Tiene un sistema llamado Apliflex que te ayuda a restaurar la fibra capilar a la misma vez que potencia el volumen de tu cabello sin sobrecargarlo.<\/p>\n\n\n    <a class='product' target='_blank' href='https:\/\/www.primor.eu\/es_es\/kerastase-volumifique-bain-volume-champu-cabello-fino-9748.html'>\r\n        <img loading='async' src='https:\/\/cdn2.primor.eu\/media\/catalog\/product\/cache\/8d3aba296f7a18b5251ee30fa5db42b2\/2\/C\/2CC02250_1_0ca7.jpg' alt='COMPRAR AHORA'>\r\n            <div class=\"claim\">\r\n                COMPRAR AHORA            <\/div>\r\n        <\/a>\r\n    \n\n\n\n<h3 class=\"wp-block-heading\">Soin Lavant Fortifiant Densit\u00e9 de Hair Rituel by Sisley<\/h3>\n\n\n\n<p>Es un champ\u00fa densificante que potencia la juventud y la densidad del cabello. Este tratamiento energiza el cuero cabelludo y refuerza la fibra capilar para conseguir un cabello m\u00e1s grueso, m\u00e1s fuerte y m\u00e1s resistente. El complejo densificante, que act\u00faa sobre la fibra capilar para revelar un nuevo cabello m\u00e1s denso, suave y brillante. El resultado es un cabello con m\u00e1s cuerpo y volumen.<\/p>\n\n\n    <a class='product' target='_blank' href='https:\/\/www.primor.eu\/es_es\/hair-rituel-by-sisley-soin-lavant-fortifiant-densite-105774.html?#854=66337'>\r\n        <img loading='async' src='https:\/\/cdn2.primor.eu\/media\/catalog\/product\/cache\/8d3aba296f7a18b5251ee30fa5db42b2\/3\/4\/3473311694102_01_388d.jpg' alt='COMPRAR AHORA'>\r\n            <div class=\"claim\">\r\n                COMPRAR AHORA            <\/div>\r\n        <\/a>\r\n    \n\n\n\n<h3 class=\"wp-block-heading\">Botika Champ\u00fa Engrosador de Grisi<\/h3>\n\n\n\n<p>Ha sido dise\u00f1ada para todo tipo de cabellos, hombres y mujeres. Gracias a sus prote\u00ednas, vitaminas e ingredientes naturales y la patente Erbalia Force; combate la perdida de cabello, prolonga la vida de la fibra capilar, estimula su crecimiento, ayuda a controlar la secreci\u00f3n seb\u00e1cea gracias a la ortiga, tiene propiedades revitalizantes gracias a la jalea real y el ginseng. Antioxidante, refuerza la fibra capilar y mejora la elasticidad. Nutre el cuero cabelludo a la vez que acondiciona el cabello.<\/p>\n\n\n    <a class='product' target='_blank' href='https:\/\/www.primor.eu\/es_es\/grisi-botika-champu-engrosador-93121.html'>\r\n        <img loading='async' src='https:\/\/cdn2.primor.eu\/media\/catalog\/product\/cache\/8d3aba296f7a18b5251ee30fa5db42b2\/1\/_\/1_7a4f.JPG' alt='COMPRAR AHORA'>\r\n            <div class=\"claim\">\r\n                COMPRAR AHORA            <\/div>\r\n        <\/a>\r\n    \n\n\n<div class=\"kk-star-ratings kksr-auto kksr-align-center kksr-valign-bottom\"\n    data-payload='{&quot;align&quot;:&quot;center&quot;,&quot;id&quot;:&quot;49417&quot;,&quot;slug&quot;:&quot;default&quot;,&quot;valign&quot;:&quot;bottom&quot;,&quot;ignore&quot;:&quot;&quot;,&quot;reference&quot;:&quot;auto&quot;,&quot;class&quot;:&quot;&quot;,&quot;count&quot;:&quot;0&quot;,&quot;legendonly&quot;:&quot;&quot;,&quot;readonly&quot;:&quot;&quot;,&quot;score&quot;:&quot;0&quot;,&quot;starsonly&quot;:&quot;&quot;,&quot;best&quot;:&quot;5&quot;,&quot;gap&quot;:&quot;5&quot;,&quot;greet&quot;:&quot;Valora este art\u00edculo&quot;,&quot;legend&quot;:&quot;0\\\/5 - (0 votos)&quot;,&quot;size&quot;:&quot;24&quot;,&quot;title&quot;:&quot;C\u00f3mo dar m\u00e1s volumen a un peinado de hombre&quot;,&quot;width&quot;:&quot;0&quot;,&quot;_legend&quot;:&quot;{score}\\\/{best} - ({count} {votes})&quot;,&quot;font_factor&quot;:&quot;1.25&quot;}'>\n            \n<div class=\"kksr-stars\">\n    \n<div class=\"kksr-stars-inactive\">\n            <div class=\"kksr-star\" data-star=\"1\" style=\"padding-right: 5px\">\n            \n\n<div class=\"kksr-icon\" style=\"width: 24px; height: 24px;\"><\/div>\n        <\/div>\n            <div class=\"kksr-star\" data-star=\"2\" style=\"padding-right: 5px\">\n            \n\n<div class=\"kksr-icon\" style=\"width: 24px; height: 24px;\"><\/div>\n        <\/div>\n            <div class=\"kksr-star\" data-star=\"3\" style=\"padding-right: 5px\">\n            \n\n<div class=\"kksr-icon\" style=\"width: 24px; height: 24px;\"><\/div>\n        <\/div>\n            <div class=\"kksr-star\" data-star=\"4\" style=\"padding-right: 5px\">\n            \n\n<div class=\"kksr-icon\" style=\"width: 24px; height: 24px;\"><\/div>\n        <\/div>\n            <div class=\"kksr-star\" data-star=\"5\" style=\"padding-right: 5px\">\n            \n\n<div class=\"kksr-icon\" style=\"width: 24px; height: 24px;\"><\/div>\n        <\/div>\n    <\/div>\n    \n<div class=\"kksr-stars-active\" style=\"width: 0px;\">\n            <div class=\"kksr-star\" style=\"padding-right: 5px\">\n            \n\n<div class=\"kksr-icon\" style=\"width: 24px; height: 24px;\"><\/div>\n        <\/div>\n            <div class=\"kksr-star\" style=\"padding-right: 5px\">\n            \n\n<div class=\"kksr-icon\" style=\"width: 24px; height: 24px;\"><\/div>\n        <\/div>\n            <div class=\"kksr-star\" style=\"padding-right: 5px\">\n            \n\n<div class=\"kksr-icon\" style=\"width: 24px; height: 24px;\"><\/div>\n        <\/div>\n            <div class=\"kksr-star\" style=\"padding-right: 5px\">\n            \n\n<div class=\"kksr-icon\" style=\"width: 24px; height: 24px;\"><\/div>\n        <\/div>\n            <div class=\"kksr-star\" style=\"padding-right: 5px\">\n            \n\n<div class=\"kksr-icon\" style=\"width: 24px; height: 24px;\"><\/div>\n        <\/div>\n    <\/div>\n<\/div>\n                \n\n<div class=\"kksr-legend\" style=\"font-size: 19.2px;\">\n            <span class=\"kksr-muted\">Valora este art\u00edculo<\/span>\n    <\/div>\n    <\/div>\n","protected":false},"excerpt":{"rendered":"<p>Para muchos hombres, tener un cabello con poco volumen puede ser un problema. Sin embargo, existen varias maneras de darle m\u00e1s volumen a un peinado de hombre y lograr una apariencia m\u00e1s atractiva y elegante. Hoy os vamos a dar unos cuantos consejos que os ayudar\u00e1n para estar listos todos los d\u00edas. Olv\u00eddate del pelo [&hellip;]<\/p>\n","protected":false},"author":4,"featured_media":108013,"comment_status":"open","ping_status":"open","sticky":false,"template":"","format":"standard","meta":{"jnews-multi-image_gallery":[],"jnews_single_post":{"subtitle":"","format":"standard","video":"","gallery":"","source_name":"","source_url":"","via_name":"","via_url":"","override_template":"0","override":[{"template":"1","single_blog_custom":"","parallax":"1","fullscreen":"1","layout":"right-sidebar","sidebar":"home-2","second_sidebar":"default-sidebar","sticky_sidebar":"0","share_position":"float","share_float_style":"share-monocrhome","show_share_counter":"0","show_view_counter":"0","show_featured":"1","show_post_meta":"1","show_post_author":"0","show_post_author_image":"1","show_post_date":"1","post_date_format":"default","post_date_format_custom":"Y\/m\/d","show_post_category":"1","show_post_reading_time":"0","post_reading_time_wpm":"300","show_zoom_button":"0","zoom_button_out_step":"2","zoom_button_in_step":"3","show_post_tag":"0","show_prev_next_post":"0","show_popup_post":"0","number_popup_post":"2","show_author_box":"0","show_post_related":"0","show_inline_post_related":"1"}],"override_image_size":"0","image_override":[{"single_post_thumbnail_size":"no-crop","single_post_gallery_size":"crop-500"}],"trending_post":"0","trending_post_position":"meta","trending_post_label":"Trending","sponsored_post":"0","sponsored_post_label":"Sponsored by","sponsored_post_name":"","sponsored_post_url":"","sponsored_post_logo_enable":"0","sponsored_post_logo":"","sponsored_post_desc":"","disable_ad":"0"},"jnews_primary_category":{"id":"","hide":""},"jnews_social_meta":{"fb_title":"","fb_description":"","fb_image":"","twitter_title":"","twitter_description":"","twitter_image":""},"jnews_override_counter":{"override_view_counter":"0","view_counter_number":"0","override_share_counter":"0","share_counter_number":"0","override_like_counter":"0","like_counter_number":"0","override_dislike_counter":"0","dislike_counter_number":"0"},"footnotes":""},"categories":[35,6311],"tags":[],"class_list":["post-49417","post","type-post","status-publish","format-standard","has-post-thumbnail","hentry","category-cabello","category-hombres"],"_links":{"self":[{"href":"https:\/\/www.primor.eu\/blog\/wp-json\/wp\/v2\/posts\/49417","targetHints":{"allow":["GET"]}}],"collection":[{"href":"https:\/\/www.primor.eu\/blog\/wp-json\/wp\/v2\/posts"}],"about":[{"href":"https:\/\/www.primor.eu\/blog\/wp-json\/wp\/v2\/types\/post"}],"author":[{"embeddable":true,"href":"https:\/\/www.primor.eu\/blog\/wp-json\/wp\/v2\/users\/4"}],"replies":[{"embeddable":true,"href":"https:\/\/www.primor.eu\/blog\/wp-json\/wp\/v2\/comments?post=49417"}],"version-history":[{"count":4,"href":"https:\/\/www.primor.eu\/blog\/wp-json\/wp\/v2\/posts\/49417\/revisions"}],"predecessor-version":[{"id":141289,"href":"https:\/\/www.primor.eu\/blog\/wp-json\/wp\/v2\/posts\/49417\/revisions\/141289"}],"wp:featuredmedia":[{"embeddable":true,"href":"https:\/\/www.primor.eu\/blog\/wp-json\/wp\/v2\/media\/108013"}],"wp:attachment":[{"href":"https:\/\/www.primor.eu\/blog\/wp-json\/wp\/v2\/media?parent=49417"}],"wp:term":[{"taxonomy":"category","embeddable":true,"href":"https:\/\/www.primor.eu\/blog\/wp-json\/wp\/v2\/categories?post=49417"},{"taxonomy":"post_tag","embeddable":true,"href":"https:\/\/www.primor.eu\/blog\/wp-json\/wp\/v2\/tags?post=49417"}],"curies":[{"name":"wp","href":"https:\/\/api.w.org\/{rel}","templated":true}]}}