{"id":48082,"date":"2023-02-27T08:21:27","date_gmt":"2023-02-27T07:21:27","guid":{"rendered":"https:\/\/blog.primor.eu\/?p=48082"},"modified":"2024-09-12T12:44:51","modified_gmt":"2024-09-12T12:44:51","slug":"plancha-de-pelo-profesional","status":"publish","type":"post","link":"https:\/\/www.primor.eu\/blog\/plancha-de-pelo-profesional\/","title":{"rendered":"Los peluqueros profesionales recomiendan usar estos tipos de planchas"},"content":{"rendered":"\n<p>Las <strong>planchas de pelo profesionales<\/strong> son <a href=\"https:\/\/www.primor.eu\/es_es\/planchas-de-pelo-y-accesorios\">herramientas esenciales<\/a> para los <strong>estilistas<\/strong>, <strong>peluqueros <\/strong>y los <strong>usuarios dom\u00e9sticos<\/strong> que buscan ir m\u00e1s all\u00e1 en el cuidado de su <a href=\"https:\/\/www.primor.eu\/es_es\/hair-saloon\">cabello<\/a>. Estas planchas est\u00e1n dise\u00f1adas para ofrecer una <strong>excelente calidad de peinado,<\/strong> al tiempo que <strong>cuidan y protegen<\/strong> el cabello del calor excesivo, manteni\u00e9ndolo en su<strong> estado \u00f3ptimo.<\/strong><\/p>\n\n\n\n<p>Una de las<strong> grandes ventajas<\/strong> de este tipo de herramientas es que las puedes encontrar en una<strong> amplia variedad de estilos, tama\u00f1os y materiales.<\/strong> Por otro lado, algunas planchas tambi\u00e9n vienen con <strong>caracter\u00edsticas adicionales<\/strong>, como temperaturas ajustables, botones de bloqueo y sistemas de calentamiento r\u00e1pido.<\/p>\n\n\n\n<h2 class=\"wp-block-heading\">Estos son los tipos de planchas profesionales que debes tener en cuenta<\/h2>\n\n\n\n<p>Tenlo (muy) en cuenta. A la hora de escoger una plancha de pelo profesional,<strong> considera tu tipo de cabello<\/strong>. Eso te ayudar\u00e1 a conseguir el efecto y peinado deseado. Dicho esto, estas son los tipos de planchas de pelo de peluquer\u00eda m\u00e1s famosas:<\/p>\n\n\n\n<ul class=\"wp-block-list\">\n<li><strong>Planchas de pelo de cer\u00e1mica<\/strong>. Estas planchas de pelo profesionales est\u00e1n hechas de cer\u00e1mica, lo que significa que distribuyen el calor de manera uniforme para evitar el encrespamiento y el da\u00f1o del cabello.<\/li>\n\n\n\n<li><strong>Planchas de pelo de turmalina<\/strong>. Elaboradas con turmalina, un mineral que ayuda a sellar la humedad en el cabello, conseguir\u00e1s un acabado liso y brillante.<\/li>\n\n\n\n<li><strong>Planchas de pelo de titanio<\/strong>. Estas planchas de pelo profesionales est\u00e1n hechas de titanio, lo que significa que son m\u00e1s ligeras y m\u00e1s duraderas que las planchas de cer\u00e1mica.<\/li>\n\n\n\n<li><strong>Planchas de pelo de ione<\/strong>s. Son una de las favoritas (y de las m\u00e1s escogidas por aquellas que buscan un cuidado \u00edntegro del cabello). Estas planchas de pelo profesionales emiten iones negativos que ayudan a sellar la humedad en el cabello para un acabado liso y brillante.<\/li>\n\n\n\n<li><strong>Planchas de pelo de vapor. <\/strong>Su dise\u00f1o y tecnolog\u00eda emite vapor para ayudar a ablandar el cabello y evitar el encrespamiento.<\/li>\n<\/ul>\n\n\n\n<h2 class=\"wp-block-heading\">Planchas profesionales: ventajas<\/h2>\n\n\n\n<p>Usar una plancha de peluquer\u00eda es mejor que usar una convencional. Hasta ah\u00ed todo claro. Pero \u00bfpor qu\u00e9?<\/p>\n\n\n\n<ul class=\"wp-block-list\">\n<li><strong>Mayor durabilidad.<\/strong> Las planchas de pelo profesionales est\u00e1n dise\u00f1adas para soportar el uso diario y durar mucho m\u00e1s tiempo que las planchas dom\u00e9sticas. Esto significa que tendr\u00e1s que reemplazarlas menos a menudo.<\/li>\n\n\n\n<li><strong>Mejor calidad de calor<\/strong>, ya que tienen una temperatura m\u00e1s alta y una distribuci\u00f3n m\u00e1s uniforme del calor, lo que significa que el pelo se alisa mejor y con menos da\u00f1o.<\/li>\n\n\n\n<li><strong>Mayor versatilidad<\/strong>. Las planchas profesionales tienen una variedad de caracter\u00edsticas y accesorios que permiten a los profesionales del cabello crear una variedad de estilos. Esto significa que puedes usar la misma plancha para crear una variedad de looks.<\/li>\n\n\n\n<li><strong>M\u00e1s seguridad<\/strong>. Las planchas profesionales tienen caracter\u00edsticas de seguridad adicionales, como apagado autom\u00e1tico y protecci\u00f3n contra sobrecalentamiento, para evitar lesiones.&nbsp;<\/li>\n<\/ul>\n\n\n\n<h2 class=\"wp-block-heading\">Estas son las mejores planchas que recomiendan los profesionales<\/h2>\n\n\n\n<p>Ahora que ya sabes todo lo que estas herramientas pueden hacer por ti (y por tu pelo) es hora de escoger las mejores para una melena preciosa y con mucho movimiento:<\/p>\n\n\n\n<h3 class=\"wp-block-heading\">Platinum+ Black Styler Plancha de Pelo de GHD<\/h3>\n\n\n\n<p>Gracias a la revolucionaria tecnolog\u00eda predictiva ultra-zone, la plancha para el pelo ghd platinum+ reconoce el tama\u00f1o de la secci\u00f3n de cabello y adapta su potencia para garantizar una temperatura homog\u00e9nea y \u00f3ptima de peinado de 185\u00baC a lo largo de las dos placas. As\u00ed ayuda a lograr un cabello un 70% m\u00e1s fuerte, un 20% m\u00e1s de brillo y el doble de protecci\u00f3n de color.<\/p>\n\n\n    <a class='product' target='_blank' href='https:\/\/www.primor.eu\/es_es\/ghd-platinum-black-styler-plancha-de-pelo-2059.html'>\r\n        <img loading='async' src='https:\/\/cdn2.primor.eu\/media\/catalog\/product\/cache\/8d3aba296f7a18b5251ee30fa5db42b2\/6\/V\/6VA18078_1_2eb6.jpg' alt='COMPRAR AHORA'>\r\n            <div class=\"claim\">\r\n                COMPRAR AHORA            <\/div>\r\n        <\/a>\r\n    \n\n\n\n<h3 class=\"wp-block-heading\">Plancha de Cabello Creativity XL Ion de Bellisima<\/h3>\n\n\n\n<p>Gracias a la tecnolog\u00eda i\u00f3nica y al revestimiento Ceramic Diamond &amp; Keratina, tu cabello queda protegido, hidratado y sin encrespamiento. El exclusivo revestimiento cer\u00e1mico, enriquecido con micropart\u00edculas de diamante y queratina, garantiza un deslizamiento perfecto y un acabado brillante y vital.<\/p>\n\n\n    <a class='product' target='_blank' href='https:\/\/www.primor.eu\/es_es\/bellissima-plancha-de-cabello-creativity-xl-ion-102070.html'>\r\n        <img loading='async' src='https:\/\/cdn2.primor.eu\/media\/catalog\/product\/cache\/8d3aba296f7a18b5251ee30fa5db42b2\/1\/1\/11878_Bellissima_XL_ION_03_2000_ea32.jpg' alt='COMPRAR AHORA'>\r\n            <div class=\"claim\">\r\n                COMPRAR AHORA            <\/div>\r\n        <\/a>\r\n    \n\n\n<div class=\"kk-star-ratings kksr-auto kksr-align-center kksr-valign-bottom\"\n    data-payload='{&quot;align&quot;:&quot;center&quot;,&quot;id&quot;:&quot;48082&quot;,&quot;slug&quot;:&quot;default&quot;,&quot;valign&quot;:&quot;bottom&quot;,&quot;ignore&quot;:&quot;&quot;,&quot;reference&quot;:&quot;auto&quot;,&quot;class&quot;:&quot;&quot;,&quot;count&quot;:&quot;0&quot;,&quot;legendonly&quot;:&quot;&quot;,&quot;readonly&quot;:&quot;&quot;,&quot;score&quot;:&quot;0&quot;,&quot;starsonly&quot;:&quot;&quot;,&quot;best&quot;:&quot;5&quot;,&quot;gap&quot;:&quot;5&quot;,&quot;greet&quot;:&quot;Valora este art\u00edculo&quot;,&quot;legend&quot;:&quot;0\\\/5 - (0 votos)&quot;,&quot;size&quot;:&quot;24&quot;,&quot;title&quot;:&quot;Los peluqueros profesionales recomiendan usar estos tipos de planchas&quot;,&quot;width&quot;:&quot;0&quot;,&quot;_legend&quot;:&quot;{score}\\\/{best} - ({count} {votes})&quot;,&quot;font_factor&quot;:&quot;1.25&quot;}'>\n            \n<div class=\"kksr-stars\">\n    \n<div class=\"kksr-stars-inactive\">\n            <div class=\"kksr-star\" data-star=\"1\" style=\"padding-right: 5px\">\n            \n\n<div class=\"kksr-icon\" style=\"width: 24px; height: 24px;\"><\/div>\n        <\/div>\n            <div class=\"kksr-star\" data-star=\"2\" style=\"padding-right: 5px\">\n            \n\n<div class=\"kksr-icon\" style=\"width: 24px; height: 24px;\"><\/div>\n        <\/div>\n            <div class=\"kksr-star\" data-star=\"3\" style=\"padding-right: 5px\">\n            \n\n<div class=\"kksr-icon\" style=\"width: 24px; height: 24px;\"><\/div>\n        <\/div>\n            <div class=\"kksr-star\" data-star=\"4\" style=\"padding-right: 5px\">\n            \n\n<div class=\"kksr-icon\" style=\"width: 24px; height: 24px;\"><\/div>\n        <\/div>\n            <div class=\"kksr-star\" data-star=\"5\" style=\"padding-right: 5px\">\n            \n\n<div class=\"kksr-icon\" style=\"width: 24px; height: 24px;\"><\/div>\n        <\/div>\n    <\/div>\n    \n<div class=\"kksr-stars-active\" style=\"width: 0px;\">\n            <div class=\"kksr-star\" style=\"padding-right: 5px\">\n            \n\n<div class=\"kksr-icon\" style=\"width: 24px; height: 24px;\"><\/div>\n        <\/div>\n            <div class=\"kksr-star\" style=\"padding-right: 5px\">\n            \n\n<div class=\"kksr-icon\" style=\"width: 24px; height: 24px;\"><\/div>\n        <\/div>\n            <div class=\"kksr-star\" style=\"padding-right: 5px\">\n            \n\n<div class=\"kksr-icon\" style=\"width: 24px; height: 24px;\"><\/div>\n        <\/div>\n            <div class=\"kksr-star\" style=\"padding-right: 5px\">\n            \n\n<div class=\"kksr-icon\" style=\"width: 24px; height: 24px;\"><\/div>\n        <\/div>\n            <div class=\"kksr-star\" style=\"padding-right: 5px\">\n            \n\n<div class=\"kksr-icon\" style=\"width: 24px; height: 24px;\"><\/div>\n        <\/div>\n    <\/div>\n<\/div>\n                \n\n<div class=\"kksr-legend\" style=\"font-size: 19.2px;\">\n            <span class=\"kksr-muted\">Valora este art\u00edculo<\/span>\n    <\/div>\n    <\/div>\n","protected":false},"excerpt":{"rendered":"<p>Las planchas de pelo profesionales son herramientas esenciales para los estilistas, peluqueros y los usuarios dom\u00e9sticos que buscan ir m\u00e1s all\u00e1 en el cuidado de su cabello. Estas planchas est\u00e1n dise\u00f1adas para ofrecer una excelente calidad de peinado, al tiempo que cuidan y protegen el cabello del calor excesivo, manteni\u00e9ndolo en su estado \u00f3ptimo. Una [&hellip;]<\/p>\n","protected":false},"author":4,"featured_media":113264,"comment_status":"open","ping_status":"open","sticky":false,"template":"","format":"standard","meta":{"jnews-multi-image_gallery":[],"jnews_single_post":{"subtitle":"","format":"standard","video":"","gallery":"","source_name":"","source_url":"","via_name":"","via_url":"","override_template":"0","override":[{"template":"1","single_blog_custom":"","parallax":"1","fullscreen":"1","layout":"right-sidebar","sidebar":"home-2","second_sidebar":"default-sidebar","sticky_sidebar":"0","share_position":"float","share_float_style":"share-monocrhome","show_share_counter":"0","show_view_counter":"0","show_featured":"1","show_post_meta":"1","show_post_author":"0","show_post_author_image":"1","show_post_date":"1","post_date_format":"default","post_date_format_custom":"Y\/m\/d","show_post_category":"1","show_post_reading_time":"0","post_reading_time_wpm":"300","show_zoom_button":"0","zoom_button_out_step":"2","zoom_button_in_step":"3","show_post_tag":"0","show_prev_next_post":"0","show_popup_post":"0","number_popup_post":"2","show_author_box":"0","show_post_related":"0","show_inline_post_related":"1"}],"override_image_size":"0","image_override":[{"single_post_thumbnail_size":"no-crop","single_post_gallery_size":"crop-500"}],"trending_post":"0","trending_post_position":"meta","trending_post_label":"Trending","sponsored_post":"0","sponsored_post_label":"Sponsored by","sponsored_post_name":"","sponsored_post_url":"","sponsored_post_logo_enable":"0","sponsored_post_logo":"","sponsored_post_desc":"","disable_ad":"0"},"jnews_primary_category":{"id":"","hide":""},"jnews_social_meta":{"fb_title":"","fb_description":"","fb_image":"","twitter_title":"","twitter_description":"","twitter_image":""},"jnews_override_counter":{"override_view_counter":"0","view_counter_number":"0","override_share_counter":"0","share_counter_number":"0","override_like_counter":"0","like_counter_number":"0","override_dislike_counter":"0","dislike_counter_number":"0"},"footnotes":""},"categories":[35],"tags":[],"class_list":["post-48082","post","type-post","status-publish","format-standard","has-post-thumbnail","hentry","category-cabello"],"_links":{"self":[{"href":"https:\/\/www.primor.eu\/blog\/wp-json\/wp\/v2\/posts\/48082","targetHints":{"allow":["GET"]}}],"collection":[{"href":"https:\/\/www.primor.eu\/blog\/wp-json\/wp\/v2\/posts"}],"about":[{"href":"https:\/\/www.primor.eu\/blog\/wp-json\/wp\/v2\/types\/post"}],"author":[{"embeddable":true,"href":"https:\/\/www.primor.eu\/blog\/wp-json\/wp\/v2\/users\/4"}],"replies":[{"embeddable":true,"href":"https:\/\/www.primor.eu\/blog\/wp-json\/wp\/v2\/comments?post=48082"}],"version-history":[{"count":8,"href":"https:\/\/www.primor.eu\/blog\/wp-json\/wp\/v2\/posts\/48082\/revisions"}],"predecessor-version":[{"id":113271,"href":"https:\/\/www.primor.eu\/blog\/wp-json\/wp\/v2\/posts\/48082\/revisions\/113271"}],"wp:featuredmedia":[{"embeddable":true,"href":"https:\/\/www.primor.eu\/blog\/wp-json\/wp\/v2\/media\/113264"}],"wp:attachment":[{"href":"https:\/\/www.primor.eu\/blog\/wp-json\/wp\/v2\/media?parent=48082"}],"wp:term":[{"taxonomy":"category","embeddable":true,"href":"https:\/\/www.primor.eu\/blog\/wp-json\/wp\/v2\/categories?post=48082"},{"taxonomy":"post_tag","embeddable":true,"href":"https:\/\/www.primor.eu\/blog\/wp-json\/wp\/v2\/tags?post=48082"}],"curies":[{"name":"wp","href":"https:\/\/api.w.org\/{rel}","templated":true}]}}