{"id":47621,"date":"2023-02-16T12:00:00","date_gmt":"2023-02-16T11:00:00","guid":{"rendered":"https:\/\/blog.primor.eu\/?p=47621"},"modified":"2023-11-17T11:28:43","modified_gmt":"2023-11-17T11:28:43","slug":"mascarillas-color-fresh-mask-wella","status":"publish","type":"post","link":"https:\/\/www.primor.eu\/blog\/mascarillas-color-fresh-mask-wella\/","title":{"rendered":"Descubre la gama de mascarillas Color Fresh Mask"},"content":{"rendered":"\n<p>La nueva mascarilla Color Fresh Mask est\u00e1 formulada con pigmentos seleccionados cuidadosamente por <strong>Wella Professionals<\/strong> para obtener<strong> resultados profesionales <\/strong>e ingredientes de cuidado que dejan el cabello con una sensaci\u00f3n sana, \u00a1y todo ello con cero da\u00f1os! Las mascarillas Color Fresh Masks no solo refrescan el servicio de <strong>color profesional<\/strong>, sino que tambi\u00e9n <strong>reducen la rotura<\/strong> del cabello durante el peinado.<\/p>\n\n\n\n<p>La mascarilla <strong><a href=\"https:\/\/www.primor.eu\/es_es\/wella-color-fresh-mask-73472.html\">Color Fresh Mask<\/a><\/strong> est\u00e1 formulada para crear transformaciones de suaves a llamativas. Los resultados del color pueden variar seg\u00fan la mascarilla utilizada, el nivel de base y la porosidad del cabello.\u00a0<\/p>\n\n\n\n<p><strong>Revitaliza y refresca<\/strong> con una suave fragancia de rubios a cobrizos para una actualizaci\u00f3n del color y una mejora del brillo de aspecto natural.<\/p>\n\n\n\n<p>F\u00e1cil aplicaci\u00f3n, resultado de<strong> color visible<\/strong> con un hermoso desvanecimiento al color original. Con una f\u00f3rmula acondicionadora que deja una sensaci\u00f3n capilar m\u00e1s suave e hidratada. Sin ingredientes derivados de origen animal y sin siliconas.<\/p>\n\n\n\n<h2 class=\"wp-block-heading\">Comb\u00ednalas con el champ\u00fa Color Motion<\/h2>\n\n\n\n<p>Para<strong> <\/strong>un cabello coloreado m\u00e1s fuerte y brillante. <strong>Hasta 8 semanas de protecci\u00f3n del color.<\/strong> ColorMotion+ lleva el cuidado del color m\u00e1s all\u00e1 de evitar la p\u00e9rdida de color. El r\u00e9gimen habitual de cuidado de ColorMotion+ mejora la calidad del cabello te\u00f1ido en tres \u00e1reas de especial importancia: <strong>protecci\u00f3n del color, brillo intenso, cabello m\u00e1s fuerte.<\/strong><\/p>\n\n\n    <a class='product' target='_blank' href='https:\/\/www.primor.eu\/es_es\/wella-professionals-premium-color-motion-champu-105746.html?#854=66338'>\r\n        <img loading='async' src='https:\/\/cdn2.primor.eu\/media\/catalog\/product\/cache\/8d3aba296f7a18b5251ee30fa5db42b2\/4\/0\/4064666337562_1_4a8f.jpg' alt='COMPRAR AHORA'>\r\n            <div class=\"claim\">\r\n                COMPRAR AHORA            <\/div>\r\n        <\/a>\r\n    \n\n\n\n<h2 class=\"wp-block-heading\">\u00bfC\u00f3mo usarlas? <\/h2>\n\n\n\n<ol class=\"wp-block-list\">\n<li>Lava el cabello con el champ\u00fa Color Motion y s\u00e9calo con una toalla.<\/li>\n\n\n\n<li>Usa guantes protectores para evitar posibles manchas en tus manos y u\u00f1as.<\/li>\n\n\n\n<li>Aplica generosamente, secci\u00f3n por secci\u00f3n, dej\u00e1ndola actuar hasta 10 minutos.<\/li>\n\n\n\n<li>Aclara bien con agua, peina y listo, \u00a1no necesitas acondicionador!<\/li>\n\n\n\n<li>\u00a1Y listo, ya tienes tu cambio de look!<\/li>\n<\/ol>\n\n\n\n<h3 class=\"wp-block-heading has-text-align-center\">Color Fresh Mask<\/h3>\n\n\n    <a class='product' target='_blank' href='https:\/\/www.primor.eu\/es_es\/wella-professionals-color-fresh-mask-color-temporal-113063.html?#755=40315'>\r\n        <img loading='async' src='https:\/\/cdn2.primor.eu\/media\/catalog\/product\/cache\/8d3aba296f7a18b5251ee30fa5db42b2\/2\/C\/2CA04455_1_188f.jpg' alt='COMPRAR AHORA'>\r\n            <div class=\"claim\">\r\n                COMPRAR AHORA            <\/div>\r\n        <\/a>\r\n    \n\n\n\n<p><a href=\"https:\/\/www.primor.eu\/es_es\/wella-color-fresh-mask-73472.html#pr-reviews\"><\/a><\/p>\n\n\n<div class=\"kk-star-ratings kksr-auto kksr-align-center kksr-valign-bottom\"\n    data-payload='{&quot;align&quot;:&quot;center&quot;,&quot;id&quot;:&quot;47621&quot;,&quot;slug&quot;:&quot;default&quot;,&quot;valign&quot;:&quot;bottom&quot;,&quot;ignore&quot;:&quot;&quot;,&quot;reference&quot;:&quot;auto&quot;,&quot;class&quot;:&quot;&quot;,&quot;count&quot;:&quot;2&quot;,&quot;legendonly&quot;:&quot;&quot;,&quot;readonly&quot;:&quot;&quot;,&quot;score&quot;:&quot;3.5&quot;,&quot;starsonly&quot;:&quot;&quot;,&quot;best&quot;:&quot;5&quot;,&quot;gap&quot;:&quot;5&quot;,&quot;greet&quot;:&quot;Valora este art\u00edculo&quot;,&quot;legend&quot;:&quot;3.5\\\/5 - (2 votos)&quot;,&quot;size&quot;:&quot;24&quot;,&quot;title&quot;:&quot;Descubre la gama de mascarillas Color Fresh Mask&quot;,&quot;width&quot;:&quot;99&quot;,&quot;_legend&quot;:&quot;{score}\\\/{best} - ({count} {votes})&quot;,&quot;font_factor&quot;:&quot;1.25&quot;}'>\n            \n<div class=\"kksr-stars\">\n    \n<div class=\"kksr-stars-inactive\">\n            <div class=\"kksr-star\" data-star=\"1\" style=\"padding-right: 5px\">\n            \n\n<div class=\"kksr-icon\" style=\"width: 24px; height: 24px;\"><\/div>\n        <\/div>\n            <div class=\"kksr-star\" data-star=\"2\" style=\"padding-right: 5px\">\n            \n\n<div class=\"kksr-icon\" style=\"width: 24px; height: 24px;\"><\/div>\n        <\/div>\n            <div class=\"kksr-star\" data-star=\"3\" style=\"padding-right: 5px\">\n            \n\n<div class=\"kksr-icon\" style=\"width: 24px; height: 24px;\"><\/div>\n        <\/div>\n            <div class=\"kksr-star\" data-star=\"4\" style=\"padding-right: 5px\">\n            \n\n<div class=\"kksr-icon\" style=\"width: 24px; height: 24px;\"><\/div>\n        <\/div>\n            <div class=\"kksr-star\" data-star=\"5\" style=\"padding-right: 5px\">\n            \n\n<div class=\"kksr-icon\" style=\"width: 24px; height: 24px;\"><\/div>\n        <\/div>\n    <\/div>\n    \n<div class=\"kksr-stars-active\" style=\"width: 99px;\">\n            <div class=\"kksr-star\" style=\"padding-right: 5px\">\n            \n\n<div class=\"kksr-icon\" style=\"width: 24px; height: 24px;\"><\/div>\n        <\/div>\n            <div class=\"kksr-star\" style=\"padding-right: 5px\">\n            \n\n<div class=\"kksr-icon\" style=\"width: 24px; height: 24px;\"><\/div>\n        <\/div>\n            <div class=\"kksr-star\" style=\"padding-right: 5px\">\n            \n\n<div class=\"kksr-icon\" style=\"width: 24px; height: 24px;\"><\/div>\n        <\/div>\n            <div class=\"kksr-star\" style=\"padding-right: 5px\">\n            \n\n<div class=\"kksr-icon\" style=\"width: 24px; height: 24px;\"><\/div>\n        <\/div>\n            <div class=\"kksr-star\" style=\"padding-right: 5px\">\n            \n\n<div class=\"kksr-icon\" style=\"width: 24px; height: 24px;\"><\/div>\n        <\/div>\n    <\/div>\n<\/div>\n                \n\n<div class=\"kksr-legend\" style=\"font-size: 19.2px;\">\n            3.5\/5 - (2 votos)    <\/div>\n    <\/div>\n","protected":false},"excerpt":{"rendered":"<p>La nueva mascarilla Color Fresh Mask est\u00e1 formulada con pigmentos seleccionados cuidadosamente por Wella Professionals para obtener resultados profesionales e ingredientes de cuidado que dejan el cabello con una sensaci\u00f3n sana, \u00a1y todo ello con cero da\u00f1os! Las mascarillas Color Fresh Masks no solo refrescan el servicio de color profesional, sino que tambi\u00e9n reducen la [&hellip;]<\/p>\n","protected":false},"author":4,"featured_media":90628,"comment_status":"open","ping_status":"open","sticky":false,"template":"","format":"standard","meta":{"jnews-multi-image_gallery":[],"jnews_single_post":{"subtitle":"","format":"standard","video":"","gallery":"","source_name":"","source_url":"","via_name":"","via_url":"","override_template":"0","override":[{"template":"1","single_blog_custom":"","parallax":"1","fullscreen":"1","layout":"right-sidebar","sidebar":"home-2","second_sidebar":"default-sidebar","sticky_sidebar":"0","share_position":"float","share_float_style":"share-monocrhome","show_share_counter":"0","show_view_counter":"0","show_featured":"1","show_post_meta":"1","show_post_author":"0","show_post_author_image":"1","show_post_date":"1","post_date_format":"default","post_date_format_custom":"Y\/m\/d","show_post_category":"1","show_post_reading_time":"0","post_reading_time_wpm":"300","show_zoom_button":"0","zoom_button_out_step":"2","zoom_button_in_step":"3","show_post_tag":"0","show_prev_next_post":"0","show_popup_post":"0","number_popup_post":"2","show_author_box":"0","show_post_related":"0","show_inline_post_related":"1"}],"override_image_size":"0","image_override":[{"single_post_thumbnail_size":"no-crop","single_post_gallery_size":"crop-500"}],"trending_post":"0","trending_post_position":"meta","trending_post_label":"Trending","sponsored_post":"0","sponsored_post_label":"Sponsored by","sponsored_post_name":"","sponsored_post_url":"","sponsored_post_logo_enable":"0","sponsored_post_logo":"","sponsored_post_desc":"","disable_ad":"0"},"jnews_primary_category":{"id":"","hide":""},"jnews_social_meta":{"fb_title":"","fb_description":"","fb_image":"","twitter_title":"","twitter_description":"","twitter_image":""},"jnews_override_counter":{"override_view_counter":"0","view_counter_number":"0","override_share_counter":"0","share_counter_number":"0","override_like_counter":"0","like_counter_number":"0","override_dislike_counter":"0","dislike_counter_number":"0"},"footnotes":""},"categories":[35],"tags":[],"class_list":["post-47621","post","type-post","status-publish","format-standard","has-post-thumbnail","hentry","category-cabello"],"_links":{"self":[{"href":"https:\/\/www.primor.eu\/blog\/wp-json\/wp\/v2\/posts\/47621","targetHints":{"allow":["GET"]}}],"collection":[{"href":"https:\/\/www.primor.eu\/blog\/wp-json\/wp\/v2\/posts"}],"about":[{"href":"https:\/\/www.primor.eu\/blog\/wp-json\/wp\/v2\/types\/post"}],"author":[{"embeddable":true,"href":"https:\/\/www.primor.eu\/blog\/wp-json\/wp\/v2\/users\/4"}],"replies":[{"embeddable":true,"href":"https:\/\/www.primor.eu\/blog\/wp-json\/wp\/v2\/comments?post=47621"}],"version-history":[{"count":4,"href":"https:\/\/www.primor.eu\/blog\/wp-json\/wp\/v2\/posts\/47621\/revisions"}],"predecessor-version":[{"id":90633,"href":"https:\/\/www.primor.eu\/blog\/wp-json\/wp\/v2\/posts\/47621\/revisions\/90633"}],"wp:featuredmedia":[{"embeddable":true,"href":"https:\/\/www.primor.eu\/blog\/wp-json\/wp\/v2\/media\/90628"}],"wp:attachment":[{"href":"https:\/\/www.primor.eu\/blog\/wp-json\/wp\/v2\/media?parent=47621"}],"wp:term":[{"taxonomy":"category","embeddable":true,"href":"https:\/\/www.primor.eu\/blog\/wp-json\/wp\/v2\/categories?post=47621"},{"taxonomy":"post_tag","embeddable":true,"href":"https:\/\/www.primor.eu\/blog\/wp-json\/wp\/v2\/tags?post=47621"}],"curies":[{"name":"wp","href":"https:\/\/api.w.org\/{rel}","templated":true}]}}