{"id":47270,"date":"2023-02-14T08:19:00","date_gmt":"2023-02-14T07:19:00","guid":{"rendered":"https:\/\/blog.primor.eu\/?p=47270"},"modified":"2025-09-05T10:39:45","modified_gmt":"2025-09-05T10:39:45","slug":"contorno-de-ojos-antiarrugas","status":"publish","type":"post","link":"https:\/\/www.primor.eu\/blog\/contorno-de-ojos-antiarrugas\/","title":{"rendered":"Los 12 mejores contornos de ojos antiarrugas para todo tipo de piel"},"content":{"rendered":"\n<p>La edad no pasa en balde para nadie. La piel que rodea nuestro contorno de ojos es gasta cinco veces m\u00e1s fina que la del resto del rostro, y al ser una piel m\u00e1s fina, expuesta y sensible, tu mirada se apaga, se vuelve m\u00e1s fl\u00e1cida, menos el\u00e1stica y en ella aparecen los <a href=\"https:\/\/www.primor.eu\/blog\/mejor-contorno-de-ojos-60-anos\/\">primeros signos de la edad<\/a>: <strong>arrugas, patas de gallo, ojeras, bolsas, manchas y l\u00edneas de expresi\u00f3n<\/strong>. Un buen <strong>contorno de ojos antiarrugas<\/strong> te ayudar\u00e1 a combatir cualquiera de esas problem\u00e1ticas.&nbsp;<\/p>\n\n\n\n<p>Adem\u00e1s, debes saber que <a href=\"https:\/\/www.primor.eu\/blog\/mejores-contornos-de-ojos-antiedad\/\">existen varios tipos de contornos de ojos<\/a>. No obstante, los contornos de ojos antiarrugas son el complemento perfecto para eliminar las arrugas m\u00e1s profundas, combatir las patas de gallo y tambi\u00e9n las l\u00edneas de expresi\u00f3n. Este tipo de tratamientos fomenta la producci\u00f3n de col\u00e1geno y elastina de la piel para un resultado impecable.<\/p>\n\n\n\n<p>Sin embargo, no todos son iguales y no todos funcionan de la misma manera, y si no sabes por d\u00f3nde empezar, estos tratamientos pueden ayudarte a conseguir tu mejor versi\u00f3n y tu mejor mirada.&nbsp;<\/p>\n\n\n        <product-table class=\"pr-slider\">\r\n            <product-headers class=\"grid-table-rows\">\r\n                <div>Foto<\/div>\r\n                <div>Producto<\/div>\r\n                <div>Marca<\/div>\r\n                <div>Valoraciones<\/div>\r\n                <div>Precio<\/div>\r\n            <\/product-headers>\r\n\r\n            <product-list>\r\n                                    <a href=\"https:\/\/www.primor.eu\/es_es\/strivectin-advanced-retinol-eye-cream-16745.html\" class=\"product-item grid-table-rows\" target=\"_blank\">\r\n                        <div>\r\n                            <img decoding=\"async\" class=\"product-img\" width=\"80px\" height=\"80px\" src=\"https:\/\/www.primor.eu\/blog\/wp-content\/uploads\/2023\/08\/6XS14017_1_d8d8.jpg\" alt=\"StriVectin Advanced Retinol Eye Cream\">\r\n                        <\/div>\r\n\r\n                        <!-- Contenido de producto  -->\r\n                        <div>\r\n                            <div class=\"product-position\">\r\n                                #1 Top Ventas                            <\/div>\r\n\r\n                            <h2>\r\n                                StriVectin Advanced Retinol Eye Cream                            <\/h2>\r\n                        <\/div>\r\n\r\n                        <!-- Imagen y\/o nombre de la marca -->\r\n                        <div>\r\n                                                            <img decoding=\"async\" width=\"70\" src=\"https:\/\/www.primor.eu\/blog\/wp-content\/uploads\/2023\/08\/strivectin.jpg\" alt=\"84648\">\r\n                                                    <\/div>\r\n\r\n                        <!-- Puntuaci\u00f3n del producto  -->\r\n                        <div class=\"rating\">\r\n                                                            <p>No hay valoraciones disponibles<\/p>\r\n                                                    <\/div>\r\n\r\n                        <!-- Bot\u00f3n de producto  -->\r\n                        <div>\r\n                            <span class=\"price-claim\">\r\n                                VER PRECIO                            <\/span>\r\n                        <\/div>\r\n                    <\/a>\r\n                                    <a href=\"https:\/\/www.primor.eu\/es_es\/sesderma-c-vit-crema-contorno-de-ojos-14418.html\" class=\"product-item grid-table-rows\" target=\"_blank\">\r\n                        <div>\r\n                            <img decoding=\"async\" class=\"product-img\" width=\"80px\" height=\"80px\" src=\"https:\/\/www.primor.eu\/blog\/wp-content\/uploads\/2024\/09\/C_VIT_CONTORNO_CER__MICO_d5fa.jpg\" alt=\"Sesderma C-vit Crema Contorno de Ojos\">\r\n                        <\/div>\r\n\r\n                        <!-- Contenido de producto  -->\r\n                        <div>\r\n                            <div class=\"product-position\">\r\n                                #2                            <\/div>\r\n\r\n                            <h2>\r\n                                Sesderma C-vit Crema Contorno de Ojos                            <\/h2>\r\n                        <\/div>\r\n\r\n                        <!-- Imagen y\/o nombre de la marca -->\r\n                        <div>\r\n                                                            <img decoding=\"async\" width=\"70\" src=\"https:\/\/www.primor.eu\/blog\/wp-content\/uploads\/2023\/08\/sesderma.jpg\" alt=\"84454\">\r\n                                                    <\/div>\r\n\r\n                        <!-- Puntuaci\u00f3n del producto  -->\r\n                        <div class=\"rating\">\r\n                                                            <div class=\"rate\" style=\"--p:92;\"><\/div>\r\n                                <b>4.6\/5<\/b>\r\n                                <div class=\"rate-stars\">\r\n                                                                            <div\r\n                                            class=\"rate-star  \">\r\n                                        <\/div>\r\n                                                                            <div\r\n                                            class=\"rate-star  \">\r\n                                        <\/div>\r\n                                                                            <div\r\n                                            class=\"rate-star  \">\r\n                                        <\/div>\r\n                                                                            <div\r\n                                            class=\"rate-star  \">\r\n                                        <\/div>\r\n                                                                            <div\r\n                                            class=\"rate-star  \">\r\n                                        <\/div>\r\n                                                                    <\/div>\r\n                                                    <\/div>\r\n\r\n                        <!-- Bot\u00f3n de producto  -->\r\n                        <div>\r\n                            <span class=\"price-claim\">\r\n                                VER PRECIO                            <\/span>\r\n                        <\/div>\r\n                    <\/a>\r\n                                    <a href=\"https:\/\/www.primor.eu\/es_es\/elizabeth-arden-contorno-de-ojos-advanced-ceramide-capsulas-14810.html\" class=\"product-item grid-table-rows\" target=\"_blank\">\r\n                        <div>\r\n                            <img decoding=\"async\" class=\"product-img\" width=\"80px\" height=\"80px\" src=\"https:\/\/www.primor.eu\/blog\/wp-content\/uploads\/2023\/10\/0TF13621_1_6f9c.jpg\" alt=\"Elizabeth Arden Contorno de Ojos Advanced Ceramide C\u00e1psulas\">\r\n                        <\/div>\r\n\r\n                        <!-- Contenido de producto  -->\r\n                        <div>\r\n                            <div class=\"product-position\">\r\n                                #3                            <\/div>\r\n\r\n                            <h2>\r\n                                Elizabeth Arden Contorno de Ojos Advanced Ceramide C\u00e1psulas                            <\/h2>\r\n                        <\/div>\r\n\r\n                        <!-- Imagen y\/o nombre de la marca -->\r\n                        <div>\r\n                                                            <img decoding=\"async\" width=\"70\" src=\"https:\/\/www.primor.eu\/blog\/wp-content\/uploads\/2023\/08\/elizabeth-arden.png\" alt=\"84912\">\r\n                                                    <\/div>\r\n\r\n                        <!-- Puntuaci\u00f3n del producto  -->\r\n                        <div class=\"rating\">\r\n                                                            <div class=\"rate\" style=\"--p:92;\"><\/div>\r\n                                <b>4.6\/5<\/b>\r\n                                <div class=\"rate-stars\">\r\n                                                                            <div\r\n                                            class=\"rate-star  \">\r\n                                        <\/div>\r\n                                                                            <div\r\n                                            class=\"rate-star  \">\r\n                                        <\/div>\r\n                                                                            <div\r\n                                            class=\"rate-star  \">\r\n                                        <\/div>\r\n                                                                            <div\r\n                                            class=\"rate-star  \">\r\n                                        <\/div>\r\n                                                                            <div\r\n                                            class=\"rate-star  \">\r\n                                        <\/div>\r\n                                                                    <\/div>\r\n                                                    <\/div>\r\n\r\n                        <!-- Bot\u00f3n de producto  -->\r\n                        <div>\r\n                            <span class=\"price-claim\">\r\n                                VER PRECIO                            <\/span>\r\n                        <\/div>\r\n                    <\/a>\r\n                                    <a href=\"https:\/\/www.primor.eu\/es_es\/olay-contorno-de-ojos-60675.html\" class=\"product-item grid-table-rows\" target=\"_blank\">\r\n                        <div>\r\n                            <img decoding=\"async\" class=\"product-img\" width=\"80px\" height=\"80px\" src=\"https:\/\/www.primor.eu\/blog\/wp-content\/uploads\/2024\/07\/08006540568965_81776509_PRODUCT_IMAGE_IN_PACKAGE_FRONT_CENTER_3000X3000_3_SPANI_ca7f.png\" alt=\"Olay Contorno de Ojos\">\r\n                        <\/div>\r\n\r\n                        <!-- Contenido de producto  -->\r\n                        <div>\r\n                            <div class=\"product-position\">\r\n                                #4                            <\/div>\r\n\r\n                            <h2>\r\n                                Olay Contorno de Ojos                            <\/h2>\r\n                        <\/div>\r\n\r\n                        <!-- Imagen y\/o nombre de la marca -->\r\n                        <div>\r\n                                                            <img decoding=\"async\" width=\"70\" src=\"https:\/\/www.primor.eu\/blog\/wp-content\/uploads\/2023\/08\/1_OLAY_Logotype_OL_BLACK_1.png\" alt=\"84323\">\r\n                                                    <\/div>\r\n\r\n                        <!-- Puntuaci\u00f3n del producto  -->\r\n                        <div class=\"rating\">\r\n                                                            <div class=\"rate\" style=\"--p:86;\"><\/div>\r\n                                <b>4.3\/5<\/b>\r\n                                <div class=\"rate-stars\">\r\n                                                                            <div\r\n                                            class=\"rate-star  \">\r\n                                        <\/div>\r\n                                                                            <div\r\n                                            class=\"rate-star  \">\r\n                                        <\/div>\r\n                                                                            <div\r\n                                            class=\"rate-star  \">\r\n                                        <\/div>\r\n                                                                            <div\r\n                                            class=\"rate-star  \">\r\n                                        <\/div>\r\n                                                                            <div\r\n                                            class=\"rate-star  \">\r\n                                        <\/div>\r\n                                                                    <\/div>\r\n                                                    <\/div>\r\n\r\n                        <!-- Bot\u00f3n de producto  -->\r\n                        <div>\r\n                            <span class=\"price-claim\">\r\n                                VER PRECIO                            <\/span>\r\n                        <\/div>\r\n                    <\/a>\r\n                                    <a href=\"https:\/\/www.primor.eu\/es_es\/estee-lauder-advanced-night-repair-eye-concentrate-matrix-16960.html\" class=\"product-item grid-table-rows\" target=\"_blank\">\r\n                        <div>\r\n                            <img decoding=\"async\" class=\"product-img\" width=\"80px\" height=\"80px\" src=\"https:\/\/www.primor.eu\/blog\/wp-content\/uploads\/2023\/10\/0TF20974_1_fd03.jpg\" alt=\"Est\u00e9e Lauder Contorno de Ojos Advanced Night Repair Eye Concentrate Matrix\">\r\n                        <\/div>\r\n\r\n                        <!-- Contenido de producto  -->\r\n                        <div>\r\n                            <div class=\"product-position\">\r\n                                #5                            <\/div>\r\n\r\n                            <h2>\r\n                                Est\u00e9e Lauder Contorno de Ojos Advanced Night Repair Eye Concentrate Matrix                            <\/h2>\r\n                        <\/div>\r\n\r\n                        <!-- Imagen y\/o nombre de la marca -->\r\n                        <div>\r\n                                                            <img decoding=\"async\" width=\"70\" src=\"https:\/\/www.primor.eu\/blog\/wp-content\/uploads\/2023\/08\/Estee_Lauder.png\" alt=\"84725\">\r\n                                                    <\/div>\r\n\r\n                        <!-- Puntuaci\u00f3n del producto  -->\r\n                        <div class=\"rating\">\r\n                                                            <div class=\"rate\" style=\"--p:98;\"><\/div>\r\n                                <b>4.9\/5<\/b>\r\n                                <div class=\"rate-stars\">\r\n                                                                            <div\r\n                                            class=\"rate-star  \">\r\n                                        <\/div>\r\n                                                                            <div\r\n                                            class=\"rate-star  \">\r\n                                        <\/div>\r\n                                                                            <div\r\n                                            class=\"rate-star  \">\r\n                                        <\/div>\r\n                                                                            <div\r\n                                            class=\"rate-star  \">\r\n                                        <\/div>\r\n                                                                            <div\r\n                                            class=\"rate-star  \">\r\n                                        <\/div>\r\n                                                                    <\/div>\r\n                                                    <\/div>\r\n\r\n                        <!-- Bot\u00f3n de producto  -->\r\n                        <div>\r\n                            <span class=\"price-claim\">\r\n                                VER PRECIO                            <\/span>\r\n                        <\/div>\r\n                    <\/a>\r\n                            <\/product-list>\r\n        <\/product-table>\r\n\r\n        \n\n\n\n<h3 class=\"wp-block-heading\">Advanced Retinol Eye Cream de Strivectin<\/h3>\n\n\n\n<p>Es una crema suave y ligera para el contorno de ojos que minimiza el aspecto de las l\u00edneas de expresi\u00f3n y las patas de gallo al tiempo que reafirma y fortalece la piel alrededor del contorno de ojos gracias a su composici\u00f3n de retinol. Conseguir\u00e1s una mirada hidratada, rejuvenecida y fresca al instante.<\/p>\n\n\n    <a class='product' target='_blank' href='https:\/\/www.primor.eu\/es_es\/strivectin-advanced-retinol-eye-cream-16745.html'>\r\n        <img loading='async' src='https:\/\/cdn2.primor.eu\/media\/catalog\/product\/cache\/8d3aba296f7a18b5251ee30fa5db42b2\/6\/X\/6XS14017_1_d8d8.jpg' alt='COMPRAR AHORA'>\r\n            <div class=\"claim\">\r\n                COMPRAR AHORA            <\/div>\r\n        <\/a>\r\n    \n\n\n\n<h3 class=\"wp-block-heading\">C-vit crema contorno de ojos de Sesderma<\/h3>\n\n\n\n<p>Es un tratamiento que cuida e ilumina la piel delicada del contorno de ojos. Apto para todo tipo de pieles, incluida las m\u00e1s sensibles, favorece la penetraci\u00f3n del resto de activos, al tiempo que aporta Vitamina C, y fomenta la elasticidad para un resultado joven, terso y firme.&nbsp;&nbsp;<\/p>\n\n\n    <a class='product' target='_blank' href='https:\/\/www.primor.eu\/es_es\/sesderma-c-vit-crema-contorno-de-ojos-14418.html'>\r\n        <img loading='async' src='https:\/\/cdn2.primor.eu\/media\/catalog\/product\/cache\/8d3aba296f7a18b5251ee30fa5db42b2\/C\/_\/C_VIT_CONTORNO_CER__MICO_d5fa.jpg' alt='COMPRAR AHORA'>\r\n            <div class=\"claim\">\r\n                COMPRAR AHORA            <\/div>\r\n        <\/a>\r\n    \n\n\n\n<h3 class=\"wp-block-heading\">Contorno de Ojos Advanced Ceramide C\u00e1psulas de Elizabeth Arden<\/h3>\n\n\n\n<p>Apto para todo tipo de pieles, estas c\u00e1psulas monodosis le devolver\u00e1n el brillo, la vida y la firmeza a tu mirada. Formulado con un Complejo CLX, este contorno de ojos de Elizabeth Arden act\u00faa como un reparador, restableciendo las ceramidas y l\u00edpidos esenciales para fortalecer la barrera cut\u00e1nea y protegerla de las agresiones externas que hacen m\u00e1s visibles los signos de la edad. Ceramide Capsules Daily Youth Restoring Eye Serum de Elizabeth Arden es todo un must-have en tu rutina de belleza que har\u00e1 que tu mirada se perciba hasta 10 a\u00f1os m\u00e1s joven.<\/p>\n\n\n    <a class='product' target='_blank' href='https:\/\/www.primor.eu\/es_es\/elizabeth-arden-contorno-de-ojos-advanced-ceramide-capsulas-14810.html'>\r\n        <img loading='async' src='https:\/\/cdn2.primor.eu\/media\/catalog\/product\/cache\/8d3aba296f7a18b5251ee30fa5db42b2\/0\/T\/0TF13621_1_6f9c.jpg' alt='COMPRAR AHORA'>\r\n            <div class=\"claim\">\r\n                COMPRAR AHORA            <\/div>\r\n        <\/a>\r\n    \n\n\n\n<h3 class=\"wp-block-heading\">Contorno de Ojos&nbsp;de Olay<\/h3>\n\n\n\n<p>Lo amar\u00e1s porque contiene Vitamina B3, Vitamina C y P\u00e9ptidos para que tu piel luzca visiblemente m\u00e1s luminosa. Es ligera, no contiene perfume, su composici\u00f3n se funde con la piel al instante. Apta para todo tipo de pieles, es una crema hidratante que regala una hidrataci\u00f3n intensiva a tu mirada durante 24 horas.<\/p>\n\n\n    <a class='product' target='_blank' href='https:\/\/www.primor.eu\/es_es\/olay-contorno-de-ojos-eyes-ultimate-14735.html'>\r\n        <img loading='async' src='https:\/\/cdn2.primor.eu\/media\/catalog\/product\/cache\/8d3aba296f7a18b5251ee30fa5db42b2\/0\/T\/0TF13078_1_a9e5.jpg' alt='COMPRAR AHORA'>\r\n            <div class=\"claim\">\r\n                COMPRAR AHORA            <\/div>\r\n        <\/a>\r\n    \n\n\n\n<h3 class=\"wp-block-heading\">Advanced Night Repair Eye Concentrate Matrix de Este\u00e9 Lauder<\/h3>\n\n\n\n<p>No nos cansamos de recomendarlo. Act\u00faa mientras duermes y potencia la belleza de tus ojos gracias a su f\u00f3rmula ultrahidratante y a su innovadora tecnolog\u00eda Matrix 360\u00ba que aporta a tus ojos un aspecto fresco y despierto.&nbsp; Adem\u00e1s, desde su primera aplicaci\u00f3n, notar\u00e1s como las arrugas, l\u00edneas de expresi\u00f3n y ojeras disminuyen al mismo tiempo que el \u00e1cido hialur\u00f3nico hidrata tus ojos. El resultado es una mirada visiblemente m\u00e1s joven, radiante y saludable.<\/p>\n\n\n    <a class='product' target='_blank' href='https:\/\/www.primor.eu\/es_es\/estee-lauder-advanced-night-repair-eye-concentrate-matrix-16960.html'>\r\n        <img loading='async' src='https:\/\/cdn2.primor.eu\/media\/catalog\/product\/cache\/8d3aba296f7a18b5251ee30fa5db42b2\/0\/T\/0TF20974_1_fd03.jpg' alt='COMPRAR AHORA'>\r\n            <div class=\"claim\">\r\n                COMPRAR AHORA            <\/div>\r\n        <\/a>\r\n    \n\n\n\n<h3 class=\"wp-block-heading\">Smoothing Advanced Retinol Contorno de Ojos de Roc<\/h3>\n\n\n\n<p>Contorno de ojos para evitar los signos del envejecimiento en la piel alrededor de los ojos.<\/p>\n\n\n\n<p>Ataca los 3 signos del envejecimiento de los ojos: hinchaz\u00f3n, ojeras y arrugas, con una crema de acci\u00f3n intensa.<\/p>\n\n\n\n<p>Este tratamiento para los ojos est\u00e1 cl\u00ednicamente probado para rejuvenecer visiblemente la delicada piel alrededor de los ojos.<\/p>\n\n\n    <a class='product' target='_blank' href='https:\/\/www.primor.eu\/es_es\/roc-smoothing-advanced-retinol-contorno-de-ojos-17123.html'>\r\n        <img loading='async' src='https:\/\/cdn2.primor.eu\/media\/catalog\/product\/cache\/8d3aba296f7a18b5251ee30fa5db42b2\/R\/o\/RoC_LSEyeCream_SP_V2_ROC_692_LSEyeCream_Product_c0d0.jpg' alt='COMPRAR AHORA'>\r\n            <div class=\"claim\">\r\n                COMPRAR AHORA            <\/div>\r\n        <\/a>\r\n    \n\n\n\n<h3 class=\"wp-block-heading\">Upgrade Crema Contorno de Ojos de Sensilis<\/h3>\n\n\n\n<p>Se ha convertido en un must-have beauty por su capacidad de adaptarse a todo tipo de piel. Upgrade Crema Contorno de Ojos de Sensilis combate as\u00ed los signos del envejecimiento ayudando a proteger el ADN de la piel. Gracias a su f\u00f3rmula Eyelis que combina Rafermine y polisac\u00e1ridos, notar\u00e1s la zona de tus ojos m\u00e1s reafirmada, sin arrugas y sin l\u00edneas de expresi\u00f3n. Adem\u00e1s, tambi\u00e9n reduce bolsas y ojeras, para una mirada joven, nutrida y a la altura de alguien como t\u00fa.<\/p>\n\n\n    <a class='product' target='_blank' href='https:\/\/www.primor.eu\/es_es\/sensilis-upgrade-eyes-contorno-de-ojos-reafirmante-15891.html'>\r\n        <img loading='async' src='https:\/\/cdn2.primor.eu\/media\/catalog\/product\/cache\/8d3aba296f7a18b5251ee30fa5db42b2\/U\/P\/UPGRADE__EYES____8428749819400___D3001B610__1__2e2b.png' alt='COMPRAR AHORA'>\r\n            <div class=\"claim\">\r\n                COMPRAR AHORA            <\/div>\r\n        <\/a>\r\n    \n\n\n\n<h3 class=\"wp-block-heading\">Isdinceutics K-Ox Eyes Contorno de Ojos de Isdin<\/h3>\n\n\n\n<p>Es uno de los m\u00e1s recomendados para las pieles maduras. Famoso por reducir la apariencia de ojeras, bolsas y arrugas, este contorno de ojos aclara el color morado o pigmentado de las ojeras y restaura la elasticidad de la piel.<\/p>\n\n\n\n<p>Su aplicador cer\u00e1mico aporta un efecto fr\u00edo que permite realizar un masaje para mejorar la microcirculaci\u00f3n, descongestionando y refrescando la mirada. As\u00ed, y en tan solo 28 d\u00edas, tu mirada tomar\u00e1 un aspecto radiante, fresco y joven.<\/p>\n\n\n    <a class='product' target='_blank' href='https:\/\/www.primor.eu\/es_es\/isdin-isdinceutics-k-ox-eyes-contorno-de-ojos-16680.html'>\r\n        <img loading='async' src='https:\/\/cdn2.primor.eu\/media\/catalog\/product\/cache\/8d3aba296f7a18b5251ee30fa5db42b2\/8\/4\/8470001769183_4d33.png' alt='COMPRAR AHORA'>\r\n            <div class=\"claim\">\r\n                COMPRAR AHORA            <\/div>\r\n        <\/a>\r\n    \n\n\n\n<h3 class=\"wp-block-heading\">Contorno Double S\u00e9rum de Clarins<\/h3>\n\n\n\n<p>Un tratamiento completo antiedad para los ojos con una exclusiva doble f\u00f3rmula (h\u00eddrica + hidrolip\u00eddica), 96% de origen natural. Enriquecida con 13 potentes extractos de plantas, entre ellos, la cicutaria silvestre bio y la c\u00farcuma, para una eficacia visible sobre todos los signos de la edad: alisa las arrugas, reduce las bolsas y las ojeras, fortalece la piel del contorno de los ojos e ilumina la mirada.<\/p>\n\n\n    <a class='product' target='_blank' href='https:\/\/www.primor.eu\/es_es\/clarins-contorno-de-ojos-double-serum-16968.html'>\r\n        <img loading='async' src='https:\/\/cdn2.primor.eu\/media\/catalog\/product\/cache\/8d3aba296f7a18b5251ee30fa5db42b2\/0\/T\/0TF20410_1_1ee0.jpg' alt='COMPRAR AHORA'>\r\n            <div class=\"claim\">\r\n                COMPRAR AHORA            <\/div>\r\n        <\/a>\r\n    \n\n\n\n<h3 class=\"wp-block-heading\">Contorno de ojos Caffeine Solution 5% + EGCG de The Ordinary<\/h3>\n\n\n\n<p>Es un s\u00e9rum eficaz a base de agua que combate las ojeras y la hinchaz\u00f3n alrededor de los ojos y fomenta la iluminaci\u00f3n de la zona de debajo de los ojos. Formulado con una concentraci\u00f3n del 5 % de cafe\u00edna y galatilgluc\u00f3sido de epigalocatequina (EGCG), este potente s\u00e9rum ayuda a mejorar el aspecto de los ojos cansados y proporciona un efecto iluminador. La cafe\u00edna act\u00faa para reducir la hinchaz\u00f3n, mientras que el EGCG ayuda a reducir el aspecto de las ojeras.\u00a0<\/p>\n\n\n    <a class='product' target='_blank' href='https:\/\/www.primor.eu\/es_es\/the-ordinary-contorno-de-ojos-caffeine-solution-5-egcg-14770.html'>\r\n        <img loading='async' src='https:\/\/cdn2.primor.eu\/media\/catalog\/product\/cache\/8d3aba296f7a18b5251ee30fa5db42b2\/7\/6\/769915195712_1_acf7.png' alt='COMPRAR AHORA'>\r\n            <div class=\"claim\">\r\n                COMPRAR AHORA            <\/div>\r\n        <\/a>\r\n    \n\n\n\n<h3 class=\"wp-block-heading\">Crema Reparadora Contorno de Ojos de Cerave<\/h3>\n\n\n\n<p>Es una soluci\u00f3n vers\u00e1til para todo tipo de pieles que aborda eficazmente el problema de las ojeras y las bolsas en la delicada \u00e1rea alrededor de los ojos. Esta crema est\u00e1 especialmente formulada para ayudar a reparar la barrera protectora de la piel en esta zona tan sensible. Con una f\u00f3rmula de r\u00e1pida absorci\u00f3n que no deja sensaci\u00f3n grasa, esta crema cuenta con la presencia de tres ceramidas esenciales (ceramidas 1, 3 y 6-II) y \u00e1cido hialur\u00f3nico.<br><\/p>\n\n\n    <a class='product' target='_blank' href='https:\/\/www.primor.eu\/es_es\/cerave-crema-reparadora-contorno-de-ojos-15828.html'>\r\n        <img loading='async' src='https:\/\/cdn2.primor.eu\/media\/catalog\/product\/cache\/8d3aba296f7a18b5251ee30fa5db42b2\/3\/3\/3337875597272_ae79.jpg' alt='COMPRAR AHORA'>\r\n            <div class=\"claim\">\r\n                COMPRAR AHORA            <\/div>\r\n        <\/a>\r\n    \n\n\n\n<h3 class=\"wp-block-heading\">Hyaluron Filler Contorno de Ojos de Eucerin<\/h3>\n\n\n\n<p>Contorno de ojos antiarrugas formulado con \u00e1cido hialur\u00f3nico y FPS.<\/p>\n\n\n\n<p>Contrarresta el proceso del envejecimiento de la piel madura con esta crema para contorno de ojos con f\u00f3rmula triple efecto de&nbsp;<strong>EUCERIN<\/strong>.<\/p>\n\n\n\n<p><strong>Principales caracter\u00edsticas:<\/strong><\/p>\n\n\n\n<ul class=\"wp-block-list\">\n<li>Crema antiedad para el contorno de ojos.<\/li>\n\n\n\n<li>Crema de ojos para reducir las arrugas y las patas de gallo.<\/li>\n\n\n\n<li>Hyaluron Filler de \u00faltima generaci\u00f3n: Crema antienvejecimiento para el contorno de ojos con \u00e1cido hialur\u00f3nico, saponina y enoxolona.<\/li>\n\n\n\n<li>SPF 15 + Protecci\u00f3n UVA, para todo tipo de pieles.<\/li>\n\n\n\n<li>Probado oftalmol\u00f3gicamente, sin fragancia y adecuado para su uso con lentes de contacto.<\/li>\n<\/ul>\n\n\n    <a class='product' target='_blank' href='https:\/\/www.primor.eu\/es_es\/eucerin-hyaluron-filler-contorno-de-ojos-14436.html'>\r\n        <img loading='async' src='https:\/\/cdn2.primor.eu\/media\/catalog\/product\/cache\/8d3aba296f7a18b5251ee30fa5db42b2\/4\/0\/4005800057670_6937.jpg' alt='COMPRAR AHORA'>\r\n            <div class=\"claim\">\r\n                COMPRAR AHORA            <\/div>\r\n        <\/a>\r\n    \n\n\n<div class=\"kk-star-ratings kksr-auto kksr-align-center kksr-valign-bottom\"\n    data-payload='{&quot;align&quot;:&quot;center&quot;,&quot;id&quot;:&quot;47270&quot;,&quot;slug&quot;:&quot;default&quot;,&quot;valign&quot;:&quot;bottom&quot;,&quot;ignore&quot;:&quot;&quot;,&quot;reference&quot;:&quot;auto&quot;,&quot;class&quot;:&quot;&quot;,&quot;count&quot;:&quot;0&quot;,&quot;legendonly&quot;:&quot;&quot;,&quot;readonly&quot;:&quot;&quot;,&quot;score&quot;:&quot;0&quot;,&quot;starsonly&quot;:&quot;&quot;,&quot;best&quot;:&quot;5&quot;,&quot;gap&quot;:&quot;5&quot;,&quot;greet&quot;:&quot;Valora este art\u00edculo&quot;,&quot;legend&quot;:&quot;0\\\/5 - (0 votos)&quot;,&quot;size&quot;:&quot;24&quot;,&quot;title&quot;:&quot;Los 12 mejores contornos de ojos antiarrugas para todo tipo de piel&quot;,&quot;width&quot;:&quot;0&quot;,&quot;_legend&quot;:&quot;{score}\\\/{best} - ({count} {votes})&quot;,&quot;font_factor&quot;:&quot;1.25&quot;}'>\n            \n<div class=\"kksr-stars\">\n    \n<div class=\"kksr-stars-inactive\">\n            <div class=\"kksr-star\" data-star=\"1\" style=\"padding-right: 5px\">\n            \n\n<div class=\"kksr-icon\" style=\"width: 24px; height: 24px;\"><\/div>\n        <\/div>\n            <div class=\"kksr-star\" data-star=\"2\" style=\"padding-right: 5px\">\n            \n\n<div class=\"kksr-icon\" style=\"width: 24px; height: 24px;\"><\/div>\n        <\/div>\n            <div class=\"kksr-star\" data-star=\"3\" style=\"padding-right: 5px\">\n            \n\n<div class=\"kksr-icon\" style=\"width: 24px; height: 24px;\"><\/div>\n        <\/div>\n            <div class=\"kksr-star\" data-star=\"4\" style=\"padding-right: 5px\">\n            \n\n<div class=\"kksr-icon\" style=\"width: 24px; height: 24px;\"><\/div>\n        <\/div>\n            <div class=\"kksr-star\" data-star=\"5\" style=\"padding-right: 5px\">\n            \n\n<div class=\"kksr-icon\" style=\"width: 24px; height: 24px;\"><\/div>\n        <\/div>\n    <\/div>\n    \n<div class=\"kksr-stars-active\" style=\"width: 0px;\">\n            <div class=\"kksr-star\" style=\"padding-right: 5px\">\n            \n\n<div class=\"kksr-icon\" style=\"width: 24px; height: 24px;\"><\/div>\n        <\/div>\n            <div class=\"kksr-star\" style=\"padding-right: 5px\">\n            \n\n<div class=\"kksr-icon\" style=\"width: 24px; height: 24px;\"><\/div>\n        <\/div>\n            <div class=\"kksr-star\" style=\"padding-right: 5px\">\n            \n\n<div class=\"kksr-icon\" style=\"width: 24px; height: 24px;\"><\/div>\n        <\/div>\n            <div class=\"kksr-star\" style=\"padding-right: 5px\">\n            \n\n<div class=\"kksr-icon\" style=\"width: 24px; height: 24px;\"><\/div>\n        <\/div>\n            <div class=\"kksr-star\" style=\"padding-right: 5px\">\n            \n\n<div class=\"kksr-icon\" style=\"width: 24px; height: 24px;\"><\/div>\n        <\/div>\n    <\/div>\n<\/div>\n                \n\n<div class=\"kksr-legend\" style=\"font-size: 19.2px;\">\n            <span class=\"kksr-muted\">Valora este art\u00edculo<\/span>\n    <\/div>\n    <\/div>\n","protected":false},"excerpt":{"rendered":"<p>La edad no pasa en balde para nadie. La piel que rodea nuestro contorno de ojos es gasta cinco veces m\u00e1s fina que la del resto del rostro, y al ser una piel m\u00e1s fina, expuesta y sensible, tu mirada se apaga, se vuelve m\u00e1s fl\u00e1cida, menos el\u00e1stica y en ella aparecen los primeros signos [&hellip;]<\/p>\n","protected":false},"author":4,"featured_media":113664,"comment_status":"open","ping_status":"open","sticky":false,"template":"","format":"standard","meta":{"jnews-multi-image_gallery":[],"jnews_single_post":{"subtitle":"","format":"standard","video":"","gallery":"","source_name":"","source_url":"","via_name":"","via_url":"","override_template":"0","override":[{"template":"1","single_blog_custom":"","parallax":"1","fullscreen":"1","layout":"right-sidebar","sidebar":"home-2","second_sidebar":"default-sidebar","sticky_sidebar":"0","share_position":"float","share_float_style":"share-monocrhome","show_share_counter":"0","show_view_counter":"0","show_featured":"1","show_post_meta":"1","show_post_author":"0","show_post_author_image":"1","show_post_date":"1","post_date_format":"default","post_date_format_custom":"Y\/m\/d","show_post_category":"1","show_post_reading_time":"0","post_reading_time_wpm":"300","show_zoom_button":"0","zoom_button_out_step":"2","zoom_button_in_step":"3","show_post_tag":"0","show_prev_next_post":"0","show_popup_post":"0","number_popup_post":"2","show_author_box":"0","show_post_related":"0","show_inline_post_related":"1"}],"override_image_size":"0","image_override":[{"single_post_thumbnail_size":"no-crop","single_post_gallery_size":"crop-500"}],"trending_post":"0","trending_post_position":"meta","trending_post_label":"Trending","sponsored_post":"0","sponsored_post_label":"Sponsored by","sponsored_post_name":"","sponsored_post_url":"","sponsored_post_logo_enable":"0","sponsored_post_logo":"","sponsored_post_desc":"","disable_ad":"0"},"jnews_primary_category":{"id":"","hide":""},"jnews_social_meta":{"fb_title":"","fb_description":"","fb_image":"","twitter_title":"","twitter_description":"","twitter_image":""},"jnews_override_counter":{"override_view_counter":"0","view_counter_number":"0","override_share_counter":"0","share_counter_number":"0","override_like_counter":"0","like_counter_number":"0","override_dislike_counter":"0","dislike_counter_number":"0"},"footnotes":""},"categories":[29],"tags":[],"class_list":["post-47270","post","type-post","status-publish","format-standard","has-post-thumbnail","hentry","category-cosmetica"],"_links":{"self":[{"href":"https:\/\/www.primor.eu\/blog\/wp-json\/wp\/v2\/posts\/47270","targetHints":{"allow":["GET"]}}],"collection":[{"href":"https:\/\/www.primor.eu\/blog\/wp-json\/wp\/v2\/posts"}],"about":[{"href":"https:\/\/www.primor.eu\/blog\/wp-json\/wp\/v2\/types\/post"}],"author":[{"embeddable":true,"href":"https:\/\/www.primor.eu\/blog\/wp-json\/wp\/v2\/users\/4"}],"replies":[{"embeddable":true,"href":"https:\/\/www.primor.eu\/blog\/wp-json\/wp\/v2\/comments?post=47270"}],"version-history":[{"count":15,"href":"https:\/\/www.primor.eu\/blog\/wp-json\/wp\/v2\/posts\/47270\/revisions"}],"predecessor-version":[{"id":131674,"href":"https:\/\/www.primor.eu\/blog\/wp-json\/wp\/v2\/posts\/47270\/revisions\/131674"}],"wp:featuredmedia":[{"embeddable":true,"href":"https:\/\/www.primor.eu\/blog\/wp-json\/wp\/v2\/media\/113664"}],"wp:attachment":[{"href":"https:\/\/www.primor.eu\/blog\/wp-json\/wp\/v2\/media?parent=47270"}],"wp:term":[{"taxonomy":"category","embeddable":true,"href":"https:\/\/www.primor.eu\/blog\/wp-json\/wp\/v2\/categories?post=47270"},{"taxonomy":"post_tag","embeddable":true,"href":"https:\/\/www.primor.eu\/blog\/wp-json\/wp\/v2\/tags?post=47270"}],"curies":[{"name":"wp","href":"https:\/\/api.w.org\/{rel}","templated":true}]}}