{"id":46957,"date":"2025-06-28T10:10:53","date_gmt":"2025-06-28T10:10:53","guid":{"rendered":"https:\/\/blog.primor.eu\/?p=46957"},"modified":"2025-06-28T10:10:55","modified_gmt":"2025-06-28T10:10:55","slug":"rojeces-cara","status":"publish","type":"post","link":"https:\/\/www.primor.eu\/blog\/rojeces-cara\/","title":{"rendered":"Me han salido rojeces en la cara: \u00bfqu\u00e9 hago? Los mejores tratamientos para combatir el picor y otras molestias"},"content":{"rendered":"\n<p>Lo primero, que no cunda el p\u00e1nico. Si notas que te han aparecido <strong><a href=\"https:\/\/www.primor.eu\/blog\/crema-anti-rojeces\/\" data-type=\"link\" data-id=\"https:\/\/www.primor.eu\/blog\/crema-anti-rojeces\/\">rojeces en la cara<\/a><\/strong>, muy probablemente hayas sufrido una reacci\u00f3n al\u00e9rgica. Sin embargo, como cada piel es un mundo, lo m\u00e1s recomendable es <strong>acudir a un experto <\/strong>que nos explique cu\u00e1l es la mejor v\u00eda para transformar nuestra piel.&nbsp;<\/p>\n\n\n\n<p>Adem\u00e1s, las pieles claras y sensibles pueden responder a la sequedad o los cambios clim\u00e1ticos manifestando <strong>rojeces<\/strong> en el rostro. Una alteraci\u00f3n frecuente que causa picor e hinchaz\u00f3n en nuestro cutis generando molestias y afectando a nuestra confianza<\/p>\n\n\n\n<h2 class=\"wp-block-heading\">Trucos para eliminar las rojeces del rostro<\/h2>\n\n\n\n<p>Si no consideras tu caso grave y prefieres ir viendo c\u00f3mo tu dermis evoluciona, estos pasos podr\u00edan ayudarte:<\/p>\n\n\n\n<ul class=\"wp-block-list\">\n<li><strong>Reduce <\/strong>el riesgo de intolerancia con cosm\u00e9ticos hipoalerg\u00e9nicos y no comedog\u00e9nicos.<\/li>\n\n\n\n<li><strong>Protege, purifica e hidrata<\/strong> con productos de cuidado con m\u00ednimo de ingredientes, sin parabenos, sin alcohol.<\/li>\n\n\n\n<li><strong>Evita <\/strong>la exposici\u00f3n prolongada al sol y usa un fotoprotector.<\/li>\n\n\n\n<li><strong>Calma las irritaciones y las rojeces<\/strong>, restablece el confort cut\u00e1neo y refuerza la funci\u00f3n barrera de la piel<\/li>\n<\/ul>\n\n\n\n<h2 class=\"wp-block-heading\">Ceramidas y centella asi\u00e1tica, dos ingredientes que calman las rojeces<\/h2>\n\n\n\n<p>Hay ingredientes que se convierten en el mejor aliado para calmar la piel, aliviar picores y reducir rojeces, irritaciones y brotes. Es el caso de las <strong>ceramidas <\/strong>y la <strong>centella asi\u00e1tica <\/strong>(tambi\u00e9n conocida como cica).&nbsp;<\/p>\n\n\n\n<ul class=\"wp-block-list\">\n<li>Los <strong><a href=\"https:\/\/www.primor.eu\/blog\/ceramidas\/\" target=\"_blank\" rel=\"noreferrer noopener\">ceramidas <\/a><\/strong>son ingredientes mundialmente conocidos por su poder regenerador que alivia y calma molestias. Tambi\u00e9n hidrata en profundidad y es ideal para mantener la barrera de la piel fuerte y preparada ante cualquier agente externo que pudiera debilitar su apariencia.&nbsp;<\/li>\n\n\n\n<li>La <strong>centella asi\u00e1tica o cica<\/strong> es el activo favorito de la cosm\u00e9tica coreana por su capacidad para aliviar molestias, reparar, hidratar y calmar la piel m\u00e1s reactiva. Adem\u00e1s, es antiinflamatoria.<\/li>\n<\/ul>\n\n\n\n<h2 class=\"wp-block-heading\">Ros\u00e1cea vs envejecimiento<\/h2>\n\n\n\n<p>No es lo mismo presentar <strong>rojeces<\/strong> a causa de tener la piel sensible que padecer <strong>ros\u00e1cea<\/strong>. Las dermis claras y delicadas pueden reaccionar a cambios climatol\u00f3gicos o sequedad manifestando rojeces en algunas zonas del cutis. Este tipo de rubor es com\u00fan y suele manifestar irritaciones, picaz\u00f3n e incluso hinchaz\u00f3n en casos extremos. Si cuidamos adecuadamente nuestra piel, este enrojecimiento deber\u00eda remitir en cuesti\u00f3n de d\u00edas.<\/p>\n\n\n\n<p>La <strong>ros\u00e1cea<\/strong>, sin embargo, es una afecci\u00f3n cut\u00e1nea cr\u00f3nica que se caracteriza por el enrojecimiento y la presencia de vasos sangu\u00edneos visibles en el rostro. Su tratamiento ha de ser cont\u00ednuo y se mantiene en todas las \u00e9pocas del a\u00f1o.&nbsp;<\/p>\n\n\n\n<h2 class=\"wp-block-heading\">Los mejores productos para calmar las pieles con rojeces<\/h2>\n\n\n        <product-table class=\"pr-slider\">\r\n            <product-headers class=\"grid-table-rows\">\r\n                <div>Foto<\/div>\r\n                <div>Producto<\/div>\r\n                <div>Marca<\/div>\r\n                <div>Valoraciones<\/div>\r\n                <div>Precio<\/div>\r\n            <\/product-headers>\r\n\r\n            <product-list>\r\n                                    <a href=\"https:\/\/www.primor.eu\/es_es\/la-roche-posay-rosaliac-uv-rosaliac-uv-ligera-13438.html\" class=\"product-item grid-table-rows\" target=\"_blank\">\r\n                        <div>\r\n                            <img decoding=\"async\" class=\"product-img\" width=\"80px\" height=\"80px\" src=\"https:\/\/www.primor.eu\/blog\/wp-content\/uploads\/2024\/05\/6XS02787_1_2ec3.jpg\" alt=\"La Roche-Posay Rosaliac Uv Rosaliac Uv Ligera\">\r\n                        <\/div>\r\n\r\n                        <!-- Contenido de producto  -->\r\n                        <div>\r\n                            <div class=\"product-position\">\r\n                                #1 Top Ventas                            <\/div>\r\n\r\n                            <h2>\r\n                                La Roche-Posay Rosaliac Uv Rosaliac Uv Ligera                            <\/h2>\r\n                        <\/div>\r\n\r\n                        <!-- Imagen y\/o nombre de la marca -->\r\n                        <div>\r\n                                                            <img decoding=\"async\" width=\"70\" src=\"https:\/\/www.primor.eu\/blog\/wp-content\/uploads\/2023\/07\/la-roche-posay.png\" alt=\"83041\">\r\n                                                    <\/div>\r\n\r\n                        <!-- Puntuaci\u00f3n del producto  -->\r\n                        <div class=\"rating\">\r\n                                                            <div class=\"rate\" style=\"--p:84.4;\"><\/div>\r\n                                <b>4.22\/5<\/b>\r\n                                <div class=\"rate-stars\">\r\n                                                                            <div\r\n                                            class=\"rate-star  \">\r\n                                        <\/div>\r\n                                                                            <div\r\n                                            class=\"rate-star  \">\r\n                                        <\/div>\r\n                                                                            <div\r\n                                            class=\"rate-star  \">\r\n                                        <\/div>\r\n                                                                            <div\r\n                                            class=\"rate-star  \">\r\n                                        <\/div>\r\n                                                                            <div\r\n                                            class=\"rate-star  \">\r\n                                        <\/div>\r\n                                                                    <\/div>\r\n                                                    <\/div>\r\n\r\n                        <!-- Bot\u00f3n de producto  -->\r\n                        <div>\r\n                            <span class=\"price-claim\">\r\n                                VER PRECIO                            <\/span>\r\n                        <\/div>\r\n                    <\/a>\r\n                                    <a href=\"https:\/\/www.primor.eu\/es_es\/leti-leti-sr-crema-anti-rojeces-70318.html\" class=\"product-item grid-table-rows\" target=\"_blank\">\r\n                        <div>\r\n                            <img decoding=\"async\" class=\"product-img\" width=\"80px\" height=\"80px\" src=\"https:\/\/www.primor.eu\/blog\/wp-content\/uploads\/2024\/05\/08431166260021_8bd3.png\" alt=\"Leti LETISR Crema Anti-Rojeces\">\r\n                        <\/div>\r\n\r\n                        <!-- Contenido de producto  -->\r\n                        <div>\r\n                            <div class=\"product-position\">\r\n                                #2                            <\/div>\r\n\r\n                            <h2>\r\n                                Leti LETISR Crema Anti-Rojeces                            <\/h2>\r\n                        <\/div>\r\n\r\n                        <!-- Imagen y\/o nombre de la marca -->\r\n                        <div>\r\n                                                            <img decoding=\"async\" width=\"70\" src=\"https:\/\/www.primor.eu\/blog\/wp-content\/uploads\/2023\/11\/leti_1.jpg\" alt=\"88752\">\r\n                                                    <\/div>\r\n\r\n                        <!-- Puntuaci\u00f3n del producto  -->\r\n                        <div class=\"rating\">\r\n                                                            <div class=\"rate\" style=\"--p:100;\"><\/div>\r\n                                <b>5\/5<\/b>\r\n                                <div class=\"rate-stars\">\r\n                                                                            <div\r\n                                            class=\"rate-star  \">\r\n                                        <\/div>\r\n                                                                            <div\r\n                                            class=\"rate-star  \">\r\n                                        <\/div>\r\n                                                                            <div\r\n                                            class=\"rate-star  \">\r\n                                        <\/div>\r\n                                                                            <div\r\n                                            class=\"rate-star  \">\r\n                                        <\/div>\r\n                                                                            <div\r\n                                            class=\"rate-star  \">\r\n                                        <\/div>\r\n                                                                    <\/div>\r\n                                                    <\/div>\r\n\r\n                        <!-- Bot\u00f3n de producto  -->\r\n                        <div>\r\n                            <span class=\"price-claim\">\r\n                                VER PRECIO                            <\/span>\r\n                        <\/div>\r\n                    <\/a>\r\n                                    <a href=\"https:\/\/www.primor.eu\/es_es\/ducray-kelual-emulsion-15577.html\" class=\"product-item grid-table-rows\" target=\"_blank\">\r\n                        <div>\r\n                            <img decoding=\"async\" class=\"product-img\" width=\"80px\" height=\"80px\" src=\"https:\/\/www.primor.eu\/blog\/wp-content\/uploads\/2024\/05\/6XS02662_1_3de2.jpg\" alt=\"Ducray Kelual Emulsi\u00f3n\">\r\n                        <\/div>\r\n\r\n                        <!-- Contenido de producto  -->\r\n                        <div>\r\n                            <div class=\"product-position\">\r\n                                #3                            <\/div>\r\n\r\n                            <h2>\r\n                                Ducray Kelual Emulsi\u00f3n                            <\/h2>\r\n                        <\/div>\r\n\r\n                        <!-- Imagen y\/o nombre de la marca -->\r\n                        <div>\r\n                                                            <img decoding=\"async\" width=\"70\" src=\"https:\/\/www.primor.eu\/blog\/wp-content\/uploads\/2023\/09\/DUCRAY.jpg\" alt=\"85564\">\r\n                                                    <\/div>\r\n\r\n                        <!-- Puntuaci\u00f3n del producto  -->\r\n                        <div class=\"rating\">\r\n                                                            <div class=\"rate\" style=\"--p:98.2;\"><\/div>\r\n                                <b>4.91\/5<\/b>\r\n                                <div class=\"rate-stars\">\r\n                                                                            <div\r\n                                            class=\"rate-star  \">\r\n                                        <\/div>\r\n                                                                            <div\r\n                                            class=\"rate-star  \">\r\n                                        <\/div>\r\n                                                                            <div\r\n                                            class=\"rate-star  \">\r\n                                        <\/div>\r\n                                                                            <div\r\n                                            class=\"rate-star  \">\r\n                                        <\/div>\r\n                                                                            <div\r\n                                            class=\"rate-star  \">\r\n                                        <\/div>\r\n                                                                    <\/div>\r\n                                                    <\/div>\r\n\r\n                        <!-- Bot\u00f3n de producto  -->\r\n                        <div>\r\n                            <span class=\"price-claim\">\r\n                                VER PRECIO                            <\/span>\r\n                        <\/div>\r\n                    <\/a>\r\n                            <\/product-list>\r\n        <\/product-table>\r\n\r\n        \n\n\n\n<p>Los<strong> tratamientos antirojeces <\/strong>son el mejor aliado para calmar las pieles m\u00e1s reactivas que sufren <strong>inflamaci\u00f3n, alteraciones, picores, molestias o rojeces<\/strong>. Est\u00e1n elaborados a base de activos calmantes y emolientes que alivian estos s\u00edntomas y los ayudan a recuperar el tono uniforme, tales como:<\/p>\n\n\n\n<h3 class=\"wp-block-heading\">Rosaliac UV de La Roche Posay<\/h3>\n\n\n\n<p>La amar\u00e1s. Esta crema hidratante antirojeces con SPF15 contiene Vitamina CG para fortalecer las paredes de los vasos sangu\u00edneos m\u00e1s fr\u00e1giles, Vitamina B3 para proteger la piel de las agresiones externas y sistema de filtraci\u00f3n con Mexoryl XL para proteger de los rayos UV.<\/p>\n\n\n    <a class='product' target='_blank' href='https:\/\/www.primor.eu\/es_es\/la-roche-posay-rosaliac-uv-rosaliac-uv-ligera-13438.html'>\r\n        <img loading='async' src='https:\/\/cdn2.primor.eu\/media\/catalog\/product\/cache\/8d3aba296f7a18b5251ee30fa5db42b2\/3\/3\/3337875806961_5793.jpg' alt='COMPRAR AHORA'>\r\n            <div class=\"claim\">\r\n                COMPRAR AHORA            <\/div>\r\n        <\/a>\r\n    \n\n\n\n<h3 class=\"wp-block-heading\">SR Crema Anti-rojeces de Leti<\/h3>\n\n\n\n<p>Es una de las favoritas. Dise\u00f1ada especialmente para prevenir y tratar las rojeces del rostro, contiene activos que combaten la inflamaci\u00f3n de la piel,&nbsp; protegi\u00e9ndola de la radiaci\u00f3n diaria y evitando el da\u00f1o gracias a su SPF+20.<\/p>\n\n\n    <a class='product' target='_blank' href='https:\/\/www.primor.eu\/es_es\/leti-leti-sr-crema-anti-rojeces-70318.html'>\r\n        <img loading='async' src='https:\/\/cdn2.primor.eu\/media\/catalog\/product\/cache\/8d3aba296f7a18b5251ee30fa5db42b2\/0\/8\/08431166260021_8bd3.png' alt='COMPRAR AHORA'>\r\n            <div class=\"claim\">\r\n                COMPRAR AHORA            <\/div>\r\n        <\/a>\r\n    \n\n\n\n<h3 class=\"wp-block-heading\">Kelual Emulsi\u00f3n de Ducray<\/h3>\n\n\n\n<p>Tan solo necesitar\u00e1s una semana para ver los resultados. Esta emulsi\u00f3n elimina las escamas, alivia la irritaci\u00f3n del rostro y el cuero cabelludo y calma las rojeces del beb\u00e9. Su f\u00f3rmula contiene keluamida, que ayuda a eliminar las escamas de la piel.<\/p>\n\n\n    <a class='product' target='_blank' href='https:\/\/www.primor.eu\/es_es\/ducray-kelual-emulsion-15577.html'>\r\n        <img loading='async' src='https:\/\/cdn2.primor.eu\/media\/catalog\/product\/cache\/8d3aba296f7a18b5251ee30fa5db42b2\/6\/X\/6XS02662_1_3de2.jpg' alt='COMPRAR AHORA'>\r\n            <div class=\"claim\">\r\n                COMPRAR AHORA            <\/div>\r\n        <\/a>\r\n    \n\n\n\n<h3 class=\"wp-block-heading\">Calm Essentiel Gel Anti Rojeces de Clarins<\/h3>\n\n\n\n<p>Corrige el enrojecimiento y unifica el tono gracias a su color verde y a las microperlas de su f\u00f3rmula. Adem\u00e1s, protege la piel de las agresiones externas, incluida la contaminaci\u00f3n gracias al extracto de marrubio blanco.&nbsp;<\/p>\n\n\n    <a class='product' target='_blank' href='https:\/\/www.primor.eu\/es_es\/clarins-calm-essentiel-gel-anti-rojeces-16329.html'>\r\n        <img loading='async' src='https:\/\/cdn2.primor.eu\/media\/catalog\/product\/cache\/8d3aba296f7a18b5251ee30fa5db42b2\/0\/T\/0TF19888_1_3d5b.jpg' alt='COMPRAR AHORA'>\r\n            <div class=\"claim\">\r\n                COMPRAR AHORA            <\/div>\r\n        <\/a>\r\n    \n\n\n<div class=\"kk-star-ratings kksr-auto kksr-align-center kksr-valign-bottom\"\n    data-payload='{&quot;align&quot;:&quot;center&quot;,&quot;id&quot;:&quot;46957&quot;,&quot;slug&quot;:&quot;default&quot;,&quot;valign&quot;:&quot;bottom&quot;,&quot;ignore&quot;:&quot;&quot;,&quot;reference&quot;:&quot;auto&quot;,&quot;class&quot;:&quot;&quot;,&quot;count&quot;:&quot;1&quot;,&quot;legendonly&quot;:&quot;&quot;,&quot;readonly&quot;:&quot;&quot;,&quot;score&quot;:&quot;5&quot;,&quot;starsonly&quot;:&quot;&quot;,&quot;best&quot;:&quot;5&quot;,&quot;gap&quot;:&quot;5&quot;,&quot;greet&quot;:&quot;Valora este art\u00edculo&quot;,&quot;legend&quot;:&quot;5\\\/5 - (1 voto)&quot;,&quot;size&quot;:&quot;24&quot;,&quot;title&quot;:&quot;Me han salido rojeces en la cara: \u00bfqu\u00e9 hago? Los mejores tratamientos para combatir el picor y otras molestias&quot;,&quot;width&quot;:&quot;142.5&quot;,&quot;_legend&quot;:&quot;{score}\\\/{best} - ({count} {votes})&quot;,&quot;font_factor&quot;:&quot;1.25&quot;}'>\n            \n<div class=\"kksr-stars\">\n    \n<div class=\"kksr-stars-inactive\">\n            <div class=\"kksr-star\" data-star=\"1\" style=\"padding-right: 5px\">\n            \n\n<div class=\"kksr-icon\" style=\"width: 24px; height: 24px;\"><\/div>\n        <\/div>\n            <div class=\"kksr-star\" data-star=\"2\" style=\"padding-right: 5px\">\n            \n\n<div class=\"kksr-icon\" style=\"width: 24px; height: 24px;\"><\/div>\n        <\/div>\n            <div class=\"kksr-star\" data-star=\"3\" style=\"padding-right: 5px\">\n            \n\n<div class=\"kksr-icon\" style=\"width: 24px; height: 24px;\"><\/div>\n        <\/div>\n            <div class=\"kksr-star\" data-star=\"4\" style=\"padding-right: 5px\">\n            \n\n<div class=\"kksr-icon\" style=\"width: 24px; height: 24px;\"><\/div>\n        <\/div>\n            <div class=\"kksr-star\" data-star=\"5\" style=\"padding-right: 5px\">\n            \n\n<div class=\"kksr-icon\" style=\"width: 24px; height: 24px;\"><\/div>\n        <\/div>\n    <\/div>\n    \n<div class=\"kksr-stars-active\" style=\"width: 142.5px;\">\n            <div class=\"kksr-star\" style=\"padding-right: 5px\">\n            \n\n<div class=\"kksr-icon\" style=\"width: 24px; height: 24px;\"><\/div>\n        <\/div>\n            <div class=\"kksr-star\" style=\"padding-right: 5px\">\n            \n\n<div class=\"kksr-icon\" style=\"width: 24px; height: 24px;\"><\/div>\n        <\/div>\n            <div class=\"kksr-star\" style=\"padding-right: 5px\">\n            \n\n<div class=\"kksr-icon\" style=\"width: 24px; height: 24px;\"><\/div>\n        <\/div>\n            <div class=\"kksr-star\" style=\"padding-right: 5px\">\n            \n\n<div class=\"kksr-icon\" style=\"width: 24px; height: 24px;\"><\/div>\n        <\/div>\n            <div class=\"kksr-star\" style=\"padding-right: 5px\">\n            \n\n<div class=\"kksr-icon\" style=\"width: 24px; height: 24px;\"><\/div>\n        <\/div>\n    <\/div>\n<\/div>\n                \n\n<div class=\"kksr-legend\" style=\"font-size: 19.2px;\">\n            5\/5 - (1 voto)    <\/div>\n    <\/div>\n","protected":false},"excerpt":{"rendered":"<p>Lo primero, que no cunda el p\u00e1nico. Si notas que te han aparecido rojeces en la cara, muy probablemente hayas sufrido una reacci\u00f3n al\u00e9rgica. Sin embargo, como cada piel es un mundo, lo m\u00e1s recomendable es acudir a un experto que nos explique cu\u00e1l es la mejor v\u00eda para transformar nuestra piel.&nbsp; Adem\u00e1s, las pieles [&hellip;]<\/p>\n","protected":false},"author":14,"featured_media":105776,"comment_status":"open","ping_status":"open","sticky":false,"template":"","format":"standard","meta":{"jnews-multi-image_gallery":[],"jnews_single_post":{"subtitle":"","format":"standard","video":"","gallery":"","source_name":"","source_url":"","via_name":"","via_url":"","override_template":"0","override":[{"template":"1","single_blog_custom":"","parallax":"1","fullscreen":"1","layout":"right-sidebar","sidebar":"home-2","second_sidebar":"default-sidebar","sticky_sidebar":"0","share_position":"float","share_float_style":"share-monocrhome","show_share_counter":"0","show_view_counter":"0","show_featured":"1","show_post_meta":"1","show_post_author":"0","show_post_author_image":"1","show_post_date":"1","post_date_format":"default","post_date_format_custom":"Y\/m\/d","show_post_category":"1","show_post_reading_time":"0","post_reading_time_wpm":"300","show_zoom_button":"0","zoom_button_out_step":"2","zoom_button_in_step":"3","show_post_tag":"0","show_prev_next_post":"0","show_popup_post":"0","number_popup_post":"2","show_author_box":"0","show_post_related":"0","show_inline_post_related":"1"}],"override_image_size":"0","image_override":[{"single_post_thumbnail_size":"no-crop","single_post_gallery_size":"crop-500"}],"trending_post":"0","trending_post_position":"meta","trending_post_label":"Trending","sponsored_post":"0","sponsored_post_label":"Sponsored by","sponsored_post_name":"","sponsored_post_url":"","sponsored_post_logo_enable":"0","sponsored_post_logo":"","sponsored_post_desc":"","disable_ad":"0"},"jnews_primary_category":{"id":"","hide":""},"jnews_social_meta":{"fb_title":"","fb_description":"","fb_image":"","twitter_title":"","twitter_description":"","twitter_image":""},"jnews_override_counter":{"override_view_counter":"0","view_counter_number":"0","override_share_counter":"0","share_counter_number":"0","override_like_counter":"0","like_counter_number":"0","override_dislike_counter":"0","dislike_counter_number":"0"},"footnotes":""},"categories":[29],"tags":[],"class_list":["post-46957","post","type-post","status-publish","format-standard","has-post-thumbnail","hentry","category-cosmetica"],"_links":{"self":[{"href":"https:\/\/www.primor.eu\/blog\/wp-json\/wp\/v2\/posts\/46957","targetHints":{"allow":["GET"]}}],"collection":[{"href":"https:\/\/www.primor.eu\/blog\/wp-json\/wp\/v2\/posts"}],"about":[{"href":"https:\/\/www.primor.eu\/blog\/wp-json\/wp\/v2\/types\/post"}],"author":[{"embeddable":true,"href":"https:\/\/www.primor.eu\/blog\/wp-json\/wp\/v2\/users\/14"}],"replies":[{"embeddable":true,"href":"https:\/\/www.primor.eu\/blog\/wp-json\/wp\/v2\/comments?post=46957"}],"version-history":[{"count":12,"href":"https:\/\/www.primor.eu\/blog\/wp-json\/wp\/v2\/posts\/46957\/revisions"}],"predecessor-version":[{"id":128115,"href":"https:\/\/www.primor.eu\/blog\/wp-json\/wp\/v2\/posts\/46957\/revisions\/128115"}],"wp:featuredmedia":[{"embeddable":true,"href":"https:\/\/www.primor.eu\/blog\/wp-json\/wp\/v2\/media\/105776"}],"wp:attachment":[{"href":"https:\/\/www.primor.eu\/blog\/wp-json\/wp\/v2\/media?parent=46957"}],"wp:term":[{"taxonomy":"category","embeddable":true,"href":"https:\/\/www.primor.eu\/blog\/wp-json\/wp\/v2\/categories?post=46957"},{"taxonomy":"post_tag","embeddable":true,"href":"https:\/\/www.primor.eu\/blog\/wp-json\/wp\/v2\/tags?post=46957"}],"curies":[{"name":"wp","href":"https:\/\/api.w.org\/{rel}","templated":true}]}}