{"id":44723,"date":"2026-02-06T15:15:25","date_gmt":"2026-02-06T15:15:25","guid":{"rendered":"https:\/\/blog.primor.eu\/?p=44723"},"modified":"2026-02-06T15:15:27","modified_gmt":"2026-02-06T15:15:27","slug":"productos-para-la-barba","status":"publish","type":"post","link":"https:\/\/www.primor.eu\/blog\/productos-para-la-barba\/","title":{"rendered":"Todos los productos para la barba que necesitas para cuidar tu piel a diario en 2026"},"content":{"rendered":"\n<p>Tanto si eres de los que odia la <a href=\"https:\/\/www.primor.eu\/es_es\/productos-para-el-afeitado\">barba<\/a> como si de los que la aman, el cuidado de esta es fundamental. M\u00e1s bien el de la piel que tenemos debajo ya que es la que m\u00e1s sufre a diario desde el afeitado con maquinillas hasta <strong>las irritaciones<\/strong> o la <a href=\"https:\/\/www.primor.eu\/blog\/aceite-para-barba\/\">sequedad<\/a> por ser la gran olvidada. Afortunadamente hoy en d\u00eda existe <strong>una gran gama <\/strong>de <strong>productos para la barba <\/strong>con los que lucir\u00e1s una barba digna de envidia d\u00eda tras d\u00eda.<\/p>\n\n\n\n<p>El afeitado es el gran ritual masculino de <strong>skincare<\/strong>, sin embargo, es tan importante los pasos a seguir durante el afeitado como los posteriores ya que son los encargados de prevenir las <a href=\"https:\/\/www.primor.eu\/blog\/cosmeticos-naturales\/\">irritaciones<\/a> e <strong>hidratar profundamente<\/strong> la piel. Los productos utilizados son muy importantes ya que de ellos depende el correcto cuidado tanto de la piel como de la barba. Toma nota porque necesitas incorporar todos estos productos para la barba en tu d\u00eda a d\u00eda.<\/p>\n\n\n\n<h2 class=\"wp-block-heading\">Productos para la barba que necesitas en tu rutina<\/h2>\n\n\n        <product-table class=\"pr-slider\">\r\n            <product-headers class=\"grid-table-rows\">\r\n                <div>Foto<\/div>\r\n                <div>Producto<\/div>\r\n                <div>Marca<\/div>\r\n                <div>Valoraciones<\/div>\r\n                <div>Precio<\/div>\r\n            <\/product-headers>\r\n\r\n            <product-list>\r\n                                    <a href=\"https:\/\/www.primor.eu\/es_es\/nivea-men-sensitive-pro-balsamo-after-shave-26160.html\" class=\"product-item grid-table-rows\" target=\"_blank\">\r\n                        <div>\r\n                            <img decoding=\"async\" class=\"product-img\" width=\"80px\" height=\"80px\" src=\"https:\/\/www.primor.eu\/blog\/wp-content\/uploads\/2024\/04\/1SH00384_1_38e6.jpg\" alt=\"Nivea Men Sensitive Pro B\u00e1lsamo After Shave\">\r\n                        <\/div>\r\n\r\n                        <!-- Contenido de producto  -->\r\n                        <div>\r\n                            <div class=\"product-position\">\r\n                                #1 Top Ventas                            <\/div>\r\n\r\n                            <h2>\r\n                                Nivea Men Sensitive Pro B\u00e1lsamo After Shave                            <\/h2>\r\n                        <\/div>\r\n\r\n                        <!-- Imagen y\/o nombre de la marca -->\r\n                        <div>\r\n                                                            <img decoding=\"async\" width=\"70\" src=\"https:\/\/www.primor.eu\/blog\/wp-content\/uploads\/2023\/09\/nivea.png\" alt=\"85289\">\r\n                                                    <\/div>\r\n\r\n                        <!-- Puntuaci\u00f3n del producto  -->\r\n                        <div class=\"rating\">\r\n                                                            <div class=\"rate\" style=\"--p:93.4;\"><\/div>\r\n                                <b>4.67\/5<\/b>\r\n                                <div class=\"rate-stars\">\r\n                                                                            <div\r\n                                            class=\"rate-star  \">\r\n                                        <\/div>\r\n                                                                            <div\r\n                                            class=\"rate-star  \">\r\n                                        <\/div>\r\n                                                                            <div\r\n                                            class=\"rate-star  \">\r\n                                        <\/div>\r\n                                                                            <div\r\n                                            class=\"rate-star  \">\r\n                                        <\/div>\r\n                                                                            <div\r\n                                            class=\"rate-star  \">\r\n                                        <\/div>\r\n                                                                    <\/div>\r\n                                                    <\/div>\r\n\r\n                        <!-- Bot\u00f3n de producto  -->\r\n                        <div>\r\n                            <span class=\"price-claim\">\r\n                                VER PRECIO                            <\/span>\r\n                        <\/div>\r\n                    <\/a>\r\n                                    <a href=\"https:\/\/www.primor.eu\/es_es\/floid-the-genuine-aftershave-26397.html\" class=\"product-item grid-table-rows\" target=\"_blank\">\r\n                        <div>\r\n                            <img decoding=\"async\" class=\"product-img\" width=\"80px\" height=\"80px\" src=\"https:\/\/www.primor.eu\/blog\/wp-content\/uploads\/2023\/11\/M_1SP00720_1_af15.jpg\" alt=\"Floid The Genuine Aftershave\">\r\n                        <\/div>\r\n\r\n                        <!-- Contenido de producto  -->\r\n                        <div>\r\n                            <div class=\"product-position\">\r\n                                #2                            <\/div>\r\n\r\n                            <h2>\r\n                                Floid The Genuine Aftershave                            <\/h2>\r\n                        <\/div>\r\n\r\n                        <!-- Imagen y\/o nombre de la marca -->\r\n                        <div>\r\n                                                            <img decoding=\"async\" width=\"70\" src=\"https:\/\/www.primor.eu\/blog\/wp-content\/uploads\/2023\/11\/Flo_d.jpg\" alt=\"88372\">\r\n                                                    <\/div>\r\n\r\n                        <!-- Puntuaci\u00f3n del producto  -->\r\n                        <div class=\"rating\">\r\n                                                            <div class=\"rate\" style=\"--p:100;\"><\/div>\r\n                                <b>5\/5<\/b>\r\n                                <div class=\"rate-stars\">\r\n                                                                            <div\r\n                                            class=\"rate-star  \">\r\n                                        <\/div>\r\n                                                                            <div\r\n                                            class=\"rate-star  \">\r\n                                        <\/div>\r\n                                                                            <div\r\n                                            class=\"rate-star  \">\r\n                                        <\/div>\r\n                                                                            <div\r\n                                            class=\"rate-star  \">\r\n                                        <\/div>\r\n                                                                            <div\r\n                                            class=\"rate-star  \">\r\n                                        <\/div>\r\n                                                                    <\/div>\r\n                                                    <\/div>\r\n\r\n                        <!-- Bot\u00f3n de producto  -->\r\n                        <div>\r\n                            <span class=\"price-claim\">\r\n                                VER PRECIO                            <\/span>\r\n                        <\/div>\r\n                    <\/a>\r\n                                    <a href=\"https:\/\/www.primor.eu\/es_es\/l-oreal-paris-barber-club-champu-3-en-1-para-barba-cabello-y-rostro-10113.html\" class=\"product-item grid-table-rows\" target=\"_blank\">\r\n                        <div>\r\n                            <img decoding=\"async\" class=\"product-img\" width=\"80px\" height=\"80px\" src=\"https:\/\/www.primor.eu\/blog\/wp-content\/uploads\/2024\/05\/0TM01116_1_64f5.jpg\" alt=\"L'Or\u00e9al Par\u00eds Barber Club Champ\u00fa 3 en 1 para barba, cabello y rostro\">\r\n                        <\/div>\r\n\r\n                        <!-- Contenido de producto  -->\r\n                        <div>\r\n                            <div class=\"product-position\">\r\n                                #3                            <\/div>\r\n\r\n                            <h2>\r\n                                L'Or\u00e9al Par\u00eds Barber Club Champ\u00fa 3 en 1 para barba, cabello y rostro                            <\/h2>\r\n                        <\/div>\r\n\r\n                        <!-- Imagen y\/o nombre de la marca -->\r\n                        <div>\r\n                                                            <img decoding=\"async\" width=\"70\" src=\"https:\/\/www.primor.eu\/blog\/wp-content\/uploads\/2023\/08\/loreal-paris.png\" alt=\"84251\">\r\n                                                    <\/div>\r\n\r\n                        <!-- Puntuaci\u00f3n del producto  -->\r\n                        <div class=\"rating\">\r\n                                                            <div class=\"rate\" style=\"--p:92.6;\"><\/div>\r\n                                <b>4.63\/5<\/b>\r\n                                <div class=\"rate-stars\">\r\n                                                                            <div\r\n                                            class=\"rate-star  \">\r\n                                        <\/div>\r\n                                                                            <div\r\n                                            class=\"rate-star  \">\r\n                                        <\/div>\r\n                                                                            <div\r\n                                            class=\"rate-star  \">\r\n                                        <\/div>\r\n                                                                            <div\r\n                                            class=\"rate-star  \">\r\n                                        <\/div>\r\n                                                                            <div\r\n                                            class=\"rate-star  \">\r\n                                        <\/div>\r\n                                                                    <\/div>\r\n                                                    <\/div>\r\n\r\n                        <!-- Bot\u00f3n de producto  -->\r\n                        <div>\r\n                            <span class=\"price-claim\">\r\n                                VER PRECIO                            <\/span>\r\n                        <\/div>\r\n                    <\/a>\r\n                            <\/product-list>\r\n        <\/product-table>\r\n\r\n        \n\n\n\n<h3 class=\"wp-block-heading\">Durante el afeitado: geles, cremas y maquinillas<\/h3>\n\n\n\n<p>A la hora de realizar el afeitado es importante aplicar previamente un producto que facilite al pasar la maquinilla. Los productos dise\u00f1ados para esto son los geles, las cremas o las <strong>espumas de afeitado <\/strong>que gracias a su textura se desliza f\u00e1cilmente entre el pelo para facilitar el afeitado. Adem\u00e1s, ayudan a <strong>hidratar la piel <\/strong>y prevenir las posteriores irritaciones. En cuanto a las <strong>maquinillas de afeitar<\/strong> son una de las m\u00e1s demandadas actualmente ya que son una opci\u00f3n <strong>r\u00e1pida y econ\u00f3mica <\/strong>que permite llevarlas donde sea adem\u00e1s de un acabado preciso d\u00eda tras d\u00eda. Puedes optar desde por las desechables para usar y tirar o con recambios para darle una segunda vida.<\/p>\n\n\n\n<h3 class=\"wp-block-heading\">Espuma de Afeitar Pieles Sensibles de Babaria<\/h3>\n\n\n\n<p>Espuma de afeitar de Babaria enriquecida con aloe vera. Especial pieles sensibles. La Glicerina es un producto que retiene la humedad de la piel manteni\u00e9ndola tersa y suave. El Aloe Vera disminuye las irritaciones provocadas por el afeitado, mejorando la hidrataci\u00f3n de la piel.<\/p>\n\n\n    <a class='product' target='_blank' href='https:\/\/www.primor.eu\/es_es\/babaria-espuma-de-afeitar-pieles-sensibles-25064.html'>\r\n        <img loading='async' src='https:\/\/cdn2.primor.eu\/media\/catalog\/product\/cache\/8d3aba296f7a18b5251ee30fa5db42b2\/1\/S\/1SU00079_1_4dd1.jpg' alt='COMPRAR AHORA'>\r\n            <div class=\"claim\">\r\n                COMPRAR AHORA            <\/div>\r\n        <\/a>\r\n    \n\n\n\n<h3 class=\"wp-block-heading\">Aftershave, para despu\u00e9s del afeitado<\/h3>\n\n\n\n<p>El despu\u00e9s del afeitado es tan importante como el antes, de ah\u00ed la importancia del <em><strong>aftershave<\/strong><\/em>. Un producto generalmente en forma de b\u00e1lsamo o loci\u00f3n que su principal funci\u00f3n es regenerar la dermis despu\u00e9s del afeitado. Adem\u00e1s, previenen tanto las rojeces como las irritaciones de la piel por lo que la <strong>calman y la hidratan<\/strong> proporcionando una sensaci\u00f3n de<strong> alivio y frescor. <\/strong>Son un producto tanto apto como recomendado para todo tipo de pieles.<\/p>\n\n\n\n<h3 class=\"wp-block-heading has-text-align-left\">Men Sensitive Pro B\u00e1lsamo After Shave de Nivea<\/h3>\n\n\n\n<p>Este b\u00e1lsamo de Nivea es un producto ultra-calmante que est\u00e1 desarrollado para suavizar e hidratar al instante la piel, actuando a su vez sobre los signos de estr\u00e9s en la piel, como la sequedad y las irritaciones, as\u00ed como las l\u00edneas de expresi\u00f3n. Adem\u00e1s, su f\u00f3rmula est\u00e1 enriquecida con aceite de c\u00e1\u00f1amo 100% org\u00e1nico y vitamina E, para una piel de aspecto m\u00e1s sano.<\/p>\n\n\n    <a class='product' target='_blank' href='https:\/\/www.primor.eu\/es_es\/nivea-men-sensitive-pro-balsamo-after-shave-26160.html'>\r\n        <img loading='async' src='https:\/\/cdn2.primor.eu\/media\/catalog\/product\/cache\/8d3aba296f7a18b5251ee30fa5db42b2\/1\/S\/1SH00384_1_38e6.jpg' alt='COMPRAR AHORA'>\r\n            <div class=\"claim\">\r\n                COMPRAR AHORA            <\/div>\r\n        <\/a>\r\n    \n\n\n\n<h3 class=\"wp-block-heading has-text-align-left\">The Genuine Aftershave de Floid<\/h3>\n\n\n\n<p>Este aftershave contiene nada menos que 5 extractos naturales (Romero, Tomillo, Lavanda, Salvia...) que contribuyen a una excelente composici\u00f3n por sus propiedades calmantes e hidratantes. Un perfume original e inimitable que se identifica con el aroma de las barber\u00edas de todos los tiempos.<\/p>\n\n\n    <a class='product' target='_blank' href='https:\/\/www.primor.eu\/es_es\/floid-the-genuine-aftershave-107474.html?#854=66331'>\r\n        <img loading='async' src='https:\/\/cdn2.primor.eu\/media\/catalog\/product\/cache\/8d3aba296f7a18b5251ee30fa5db42b2\/1\/S\/1SP00720_1_60d5.jpg' alt='COMPRAR AHORA'>\r\n            <div class=\"claim\">\r\n                COMPRAR AHORA            <\/div>\r\n        <\/a>\r\n    \n\n\n\n<h3 class=\"wp-block-heading\">Aqua Velva After Shave Loci\u00f3n de Williams<\/h3>\n\n\n\n<p>Aqua Velva es una loci\u00f3n aftershave con un aroma muy refrescante y con propiedades tonificantes, ideal para la piel del hombre.<\/p>\n\n\n    <a class='product' target='_blank' href='https:\/\/www.primor.eu\/es_es\/williams-aqua-velva-after-shave-locion-107472.html?#854=66333'>\r\n        <img loading='async' src='https:\/\/cdn2.primor.eu\/media\/catalog\/product\/cache\/8d3aba296f7a18b5251ee30fa5db42b2\/1\/S\/1SP00721_1_1ae5.jpg' alt='COMPRAR AHORA'>\r\n            <div class=\"claim\">\r\n                COMPRAR AHORA            <\/div>\r\n        <\/a>\r\n    \n\n\n\n<h3 class=\"wp-block-heading\">El cuidado diario de la barba<\/h3>\n\n\n\n<p>Si eres de los que se ha dejado barba o est\u00e1 pensando en hacerlo, debes conocer la importancia de cuidarla al igual que el cabello o la piel, por ejemplo. De hecho, <strong>la limpieza <\/strong>de esta es fundamental para que luzca impecable con <strong>champ\u00fas y acondicionadores<\/strong> al igual que con aceites y <strong>cremas hidratantes <\/strong>que actuar\u00e1n tanto sobre el vello como sobre la piel de debajo de la barba, que suele ser una de las grandes olvidadas en el cuidado facial diario.<\/p>\n\n\n\n<h3 class=\"wp-block-heading has-text-align-left\">Barber Club Champ\u00fa 3 en 1 para barba, cabello y rostro de L\u2019Or\u00e9al Men Expert<\/h3>\n\n\n\n<p>Este champ\u00fa para barba est\u00e1 enriquecido con con Aceite Esencial de Madera de Cedro, para un cuidado experto de tu barba, cabello y rostro. En la barba act\u00faa eliminando los restos de descamaci\u00f3n, los residuos, as\u00ed como los olores que pueda desprender. Tambi\u00e9n se puede usar para limpiar el cabello o la piel del rostro.<\/p>\n\n\n    <a class='product' target='_blank' href='https:\/\/www.primor.eu\/es_es\/l-oreal-paris-barber-club-champu-3-en-1-para-barba-cabello-y-rostro-10113.html'>\r\n        <img loading='async' src='https:\/\/cdn2.primor.eu\/media\/catalog\/product\/cache\/8d3aba296f7a18b5251ee30fa5db42b2\/0\/T\/0TM01116_1_64f5.jpg' alt='COMPRAR AHORA'>\r\n            <div class=\"claim\">\r\n                COMPRAR AHORA            <\/div>\r\n        <\/a>\r\n    \n\n\n\n<h3 class=\"wp-block-heading has-text-align-left\">For Men Aceite para Barba de Benecos<\/h3>\n\n\n\n<p>Este aceite para barba es uno de esos productos que dejan tanto la barba como la piel del rostro suave y flexible gracias a sus ingredientes altamente hidratantes como son el aceite de arg\u00e1n, de almendra y de girasol. Un aceite que se absorbe r\u00e1pidamente a medida que se extiende por la barba. Adem\u00e1s es un producto apto para veganos.<\/p>\n\n\n    <a class='product' target='_blank' href='https:\/\/www.primor.eu\/es_es\/benecos-for-men-aceite-para-barba-18250.html'>\r\n        <img loading='async' src='https:\/\/cdn2.primor.eu\/media\/catalog\/product\/cache\/8d3aba296f7a18b5251ee30fa5db42b2\/0\/T\/0TM01129_1_bee4.jpg' alt='COMPRAR AHORA'>\r\n            <div class=\"claim\">\r\n                COMPRAR AHORA            <\/div>\r\n        <\/a>\r\n    \n\n\n<div class=\"kk-star-ratings kksr-auto kksr-align-center kksr-valign-bottom\"\n    data-payload='{&quot;align&quot;:&quot;center&quot;,&quot;id&quot;:&quot;44723&quot;,&quot;slug&quot;:&quot;default&quot;,&quot;valign&quot;:&quot;bottom&quot;,&quot;ignore&quot;:&quot;&quot;,&quot;reference&quot;:&quot;auto&quot;,&quot;class&quot;:&quot;&quot;,&quot;count&quot;:&quot;0&quot;,&quot;legendonly&quot;:&quot;&quot;,&quot;readonly&quot;:&quot;&quot;,&quot;score&quot;:&quot;0&quot;,&quot;starsonly&quot;:&quot;&quot;,&quot;best&quot;:&quot;5&quot;,&quot;gap&quot;:&quot;5&quot;,&quot;greet&quot;:&quot;Valora este art\u00edculo&quot;,&quot;legend&quot;:&quot;0\\\/5 - (0 votos)&quot;,&quot;size&quot;:&quot;24&quot;,&quot;title&quot;:&quot;Todos los productos para la barba que necesitas para cuidar tu piel a diario en 2026&quot;,&quot;width&quot;:&quot;0&quot;,&quot;_legend&quot;:&quot;{score}\\\/{best} - ({count} {votes})&quot;,&quot;font_factor&quot;:&quot;1.25&quot;}'>\n            \n<div class=\"kksr-stars\">\n    \n<div class=\"kksr-stars-inactive\">\n            <div class=\"kksr-star\" data-star=\"1\" style=\"padding-right: 5px\">\n            \n\n<div class=\"kksr-icon\" style=\"width: 24px; height: 24px;\"><\/div>\n        <\/div>\n            <div class=\"kksr-star\" data-star=\"2\" style=\"padding-right: 5px\">\n            \n\n<div class=\"kksr-icon\" style=\"width: 24px; height: 24px;\"><\/div>\n        <\/div>\n            <div class=\"kksr-star\" data-star=\"3\" style=\"padding-right: 5px\">\n            \n\n<div class=\"kksr-icon\" style=\"width: 24px; height: 24px;\"><\/div>\n        <\/div>\n            <div class=\"kksr-star\" data-star=\"4\" style=\"padding-right: 5px\">\n            \n\n<div class=\"kksr-icon\" style=\"width: 24px; height: 24px;\"><\/div>\n        <\/div>\n            <div class=\"kksr-star\" data-star=\"5\" style=\"padding-right: 5px\">\n            \n\n<div class=\"kksr-icon\" style=\"width: 24px; height: 24px;\"><\/div>\n        <\/div>\n    <\/div>\n    \n<div class=\"kksr-stars-active\" style=\"width: 0px;\">\n            <div class=\"kksr-star\" style=\"padding-right: 5px\">\n            \n\n<div class=\"kksr-icon\" style=\"width: 24px; height: 24px;\"><\/div>\n        <\/div>\n            <div class=\"kksr-star\" style=\"padding-right: 5px\">\n            \n\n<div class=\"kksr-icon\" style=\"width: 24px; height: 24px;\"><\/div>\n        <\/div>\n            <div class=\"kksr-star\" style=\"padding-right: 5px\">\n            \n\n<div class=\"kksr-icon\" style=\"width: 24px; height: 24px;\"><\/div>\n        <\/div>\n            <div class=\"kksr-star\" style=\"padding-right: 5px\">\n            \n\n<div class=\"kksr-icon\" style=\"width: 24px; height: 24px;\"><\/div>\n        <\/div>\n            <div class=\"kksr-star\" style=\"padding-right: 5px\">\n            \n\n<div class=\"kksr-icon\" style=\"width: 24px; height: 24px;\"><\/div>\n        <\/div>\n    <\/div>\n<\/div>\n                \n\n<div class=\"kksr-legend\" style=\"font-size: 19.2px;\">\n            <span class=\"kksr-muted\">Valora este art\u00edculo<\/span>\n    <\/div>\n    <\/div>\n","protected":false},"excerpt":{"rendered":"<p>Tanto si eres de los que odia la barba como si de los que la aman, el cuidado de esta es fundamental. M\u00e1s bien el de la piel que tenemos debajo ya que es la que m\u00e1s sufre a diario desde el afeitado con maquinillas hasta las irritaciones o la sequedad por ser la gran [&hellip;]<\/p>\n","protected":false},"author":4,"featured_media":109416,"comment_status":"open","ping_status":"open","sticky":false,"template":"","format":"standard","meta":{"jnews-multi-image_gallery":[],"jnews_single_post":{"subtitle":"","format":"standard","video":"","gallery":"","source_name":"","source_url":"","via_name":"","via_url":"","override_template":"0","override":[{"template":"1","single_blog_custom":"","parallax":"1","fullscreen":"1","layout":"right-sidebar","sidebar":"home-2","second_sidebar":"default-sidebar","sticky_sidebar":"0","share_position":"float","share_float_style":"share-monocrhome","show_share_counter":"0","show_view_counter":"0","show_featured":"1","show_post_meta":"1","show_post_author":"0","show_post_author_image":"1","show_post_date":"1","post_date_format":"default","post_date_format_custom":"Y\/m\/d","show_post_category":"1","show_post_reading_time":"0","post_reading_time_wpm":"300","show_zoom_button":"0","zoom_button_out_step":"2","zoom_button_in_step":"3","show_post_tag":"0","show_prev_next_post":"0","show_popup_post":"0","number_popup_post":"2","show_author_box":"0","show_post_related":"0","show_inline_post_related":"1"}],"override_image_size":"0","image_override":[{"single_post_thumbnail_size":"no-crop","single_post_gallery_size":"crop-500"}],"trending_post":"0","trending_post_position":"meta","trending_post_label":"Trending","sponsored_post":"0","sponsored_post_label":"Sponsored by","sponsored_post_name":"","sponsored_post_url":"","sponsored_post_logo_enable":"0","sponsored_post_logo":"","sponsored_post_desc":"","disable_ad":"0"},"jnews_primary_category":{"id":"","hide":""},"jnews_social_meta":{"fb_title":"","fb_description":"","fb_image":"","twitter_title":"","twitter_description":"","twitter_image":""},"jnews_override_counter":{"override_view_counter":"0","view_counter_number":"0","override_share_counter":"0","share_counter_number":"0","override_like_counter":"0","like_counter_number":"0","override_dislike_counter":"0","dislike_counter_number":"0"},"footnotes":""},"categories":[6311],"tags":[],"class_list":["post-44723","post","type-post","status-publish","format-standard","has-post-thumbnail","hentry","category-hombres"],"_links":{"self":[{"href":"https:\/\/www.primor.eu\/blog\/wp-json\/wp\/v2\/posts\/44723","targetHints":{"allow":["GET"]}}],"collection":[{"href":"https:\/\/www.primor.eu\/blog\/wp-json\/wp\/v2\/posts"}],"about":[{"href":"https:\/\/www.primor.eu\/blog\/wp-json\/wp\/v2\/types\/post"}],"author":[{"embeddable":true,"href":"https:\/\/www.primor.eu\/blog\/wp-json\/wp\/v2\/users\/4"}],"replies":[{"embeddable":true,"href":"https:\/\/www.primor.eu\/blog\/wp-json\/wp\/v2\/comments?post=44723"}],"version-history":[{"count":13,"href":"https:\/\/www.primor.eu\/blog\/wp-json\/wp\/v2\/posts\/44723\/revisions"}],"predecessor-version":[{"id":138742,"href":"https:\/\/www.primor.eu\/blog\/wp-json\/wp\/v2\/posts\/44723\/revisions\/138742"}],"wp:featuredmedia":[{"embeddable":true,"href":"https:\/\/www.primor.eu\/blog\/wp-json\/wp\/v2\/media\/109416"}],"wp:attachment":[{"href":"https:\/\/www.primor.eu\/blog\/wp-json\/wp\/v2\/media?parent=44723"}],"wp:term":[{"taxonomy":"category","embeddable":true,"href":"https:\/\/www.primor.eu\/blog\/wp-json\/wp\/v2\/categories?post=44723"},{"taxonomy":"post_tag","embeddable":true,"href":"https:\/\/www.primor.eu\/blog\/wp-json\/wp\/v2\/tags?post=44723"}],"curies":[{"name":"wp","href":"https:\/\/api.w.org\/{rel}","templated":true}]}}