{"id":44583,"date":"2025-02-17T11:50:11","date_gmt":"2025-02-17T11:50:11","guid":{"rendered":"https:\/\/blog.primor.eu\/?p=44583"},"modified":"2025-05-06T08:08:34","modified_gmt":"2025-05-06T08:08:34","slug":"mejor-crema-antiarrugas-hombre","status":"publish","type":"post","link":"https:\/\/www.primor.eu\/blog\/mejor-crema-antiarrugas-hombre\/","title":{"rendered":"Sabemos cu\u00e1l es la mejor crema antiarrugas para hombre (y otras alternativas que te encantar\u00e1n)"},"content":{"rendered":"\n<p>\u00bfSab\u00edas que la piel de los hombres es un 30% m\u00e1s gruesa que la de la mujer? Esto es algo que hace que las arrugas de los <a href=\"https:\/\/www.primor.eu\/blog\/regalos-para-novio-navidad\/\">hombres<\/a> aparezcan m\u00e1s tarde la de las mujeres, sin embargo, tambi\u00e9n hace que evolucionen mucho m\u00e1s r\u00e1pido y de forma mucho m\u00e1s perceptible. Utilizar la <strong>mejor crema antiarrugas de hombre<\/strong> es importante tanto para prevenir como para reducir el aspecto de las <a href=\"https:\/\/www.primor.eu\/es_es\/antiarrugas-y-antiedad-lujo\">arrugas<\/a> y los primeros signos de expresi\u00f3n d\u00eda tras d\u00eda.<\/p>\n\n\n\n<p>Entre los 25 y los 30 a\u00f1os es cuando los <strong>niveles de col\u00e1geno<\/strong> y l\u00edpidos empiezan a bajar por lo que debemos darle un extra a la piel. Es entonces cuando debemos comenzar a usar una buena<strong><a href=\"https:\/\/www.primor.eu\/blog\/mejores-cremas-antiarrugas-recomendadas-por-dermatologos\/\"> crema antiarrugas<\/a><\/strong> ya que son el aliado perfecto para prevenir la aparici\u00f3n de los signos del envejecimiento, as\u00ed como las l\u00edneas de expresi\u00f3n. Las f\u00f3rmulas adaptadas a las necesidades de las dermis masculinas <strong>hidratan en profundidad<\/strong>, algo muy necesario para la piel a esta edad. Sin embargo, debemos tener en cuenta ciertos ingredientes esenciales para nuestro tratamiento funcione para combatir las arrugas. Activos que var\u00edan seg\u00fan la edad ya que la piel no siempre necesita lo mismo. Cuanto m\u00e1s joven es, m\u00e1s <strong>prevenci\u00f3n<\/strong> necesitan para despu\u00e9s centrarse en el <strong>tratamiento<\/strong> que hidrate, rellene y combata poco a poco la flacidez de la piel.<\/p>\n\n\n\n<h2 class=\"wp-block-heading\">Los mejores activos antiedad<\/h2>\n\n\n\n<p>A la hora de comprar una crema antiedad hay que fijarse bien en los activos que lleva ya que cada uno de ellos cubre una necesidad. Uno de los mejores es el \u00e1cido hialur\u00f3nico gracias a su poder hidratante ya que es fundamental para rellenar las arrugas. La<strong> vitamina C<\/strong> es otro de los imprescindibles por su poder antioxidante ya que es el ingrediente esencial para prevenir el <strong>envejecimiento prematuro<\/strong>. El col\u00e1geno es el encargado de aportar firmeza y evitar as\u00ed la flacidez del rostro. Tambi\u00e9n habr\u00e1s o\u00eddo hablar del <strong>retinol<\/strong>, uno de los activos estrella en la cosm\u00e9tica ya que tiene lo mejor de los <strong>activos antioxidiantes <\/strong>y de los antiarrugas, entre todos sus beneficios destacan que puede modificar el funcionamiento y el crecimiento de las c\u00e9lulas de la piel<strong>.<\/strong>&nbsp;Adem\u00e1s, tambi\u00e9n reduce la pigmentaci\u00f3n en la piel y regenera el col\u00e1geno.<\/p>\n\n\n\n<h2 class=\"wp-block-heading\">\u00bfCu\u00e1l es la mejor crema antiarrugas para hombre?<\/h2>\n\n\n        <product-table class=\"pr-slider\">\r\n            <product-headers class=\"grid-table-rows\">\r\n                <div>Foto<\/div>\r\n                <div>Producto<\/div>\r\n                <div>Marca<\/div>\r\n                <div>Valoraciones<\/div>\r\n                <div>Precio<\/div>\r\n            <\/product-headers>\r\n\r\n            <product-list>\r\n                                    <a href=\"https:\/\/www.primor.eu\/es_es\/nivea-for-men-dnage-antiarrugas-14218.html\" class=\"product-item grid-table-rows\" target=\"_blank\">\r\n                        <div>\r\n                            <img decoding=\"async\" class=\"product-img\" width=\"80px\" height=\"80px\" src=\"https:\/\/cdn2.primor.eu\/media\/catalog\/product\/cache\/8d3aba296f7a18b5251ee30fa5db42b2\/4\/0\/4005808207077_aa98.jpg\" alt=\"Men Crema Hyaluron Antiedad FP15\">\r\n                        <\/div>\r\n\r\n                        <!-- Contenido de producto  -->\r\n                        <div>\r\n                            <div class=\"product-position\">\r\n                                #1 Top Ventas                            <\/div>\r\n\r\n                            <h2>\r\n                                Men Crema Hyaluron Antiedad FP15                            <\/h2>\r\n                        <\/div>\r\n\r\n                        <!-- Imagen y\/o nombre de la marca -->\r\n                        <div>\r\n                                                            <img decoding=\"async\" width=\"70\" src=\"https:\/\/www.primor.eu\/media\/catalog\/category\/nivea.png\" alt=\"\">\r\n                                                    <\/div>\r\n\r\n                        <!-- Puntuaci\u00f3n del producto  -->\r\n                        <div class=\"rating\">\r\n                                                            <div class=\"rate\" style=\"--p:96;\"><\/div>\r\n                                <b>4.8\/5<\/b>\r\n                                <div class=\"rate-stars\">\r\n                                                                            <div\r\n                                            class=\"rate-star  \">\r\n                                        <\/div>\r\n                                                                            <div\r\n                                            class=\"rate-star  \">\r\n                                        <\/div>\r\n                                                                            <div\r\n                                            class=\"rate-star  \">\r\n                                        <\/div>\r\n                                                                            <div\r\n                                            class=\"rate-star  \">\r\n                                        <\/div>\r\n                                                                            <div\r\n                                            class=\"rate-star  \">\r\n                                        <\/div>\r\n                                                                    <\/div>\r\n                                                    <\/div>\r\n\r\n                        <!-- Bot\u00f3n de producto  -->\r\n                        <div>\r\n                            <span class=\"price-claim\">\r\n                                VER PRECIO                            <\/span>\r\n                        <\/div>\r\n                    <\/a>\r\n                                    <a href=\"https:\/\/www.primor.eu\/es_es\/shiseido-shiseido-men-total-revitalizer-light-fluid-15517.html\" class=\"product-item grid-table-rows\" target=\"_blank\">\r\n                        <div>\r\n                            <img decoding=\"async\" class=\"product-img\" width=\"80px\" height=\"80px\" src=\"https:\/\/cdn2.primor.eu\/media\/catalog\/product\/cache\/8d3aba296f7a18b5251ee30fa5db42b2\/0\/T\/0TM01245_1_9fb1.jpg\" alt=\"Shiseido Men Total Revitalizer Light Fluid\">\r\n                        <\/div>\r\n\r\n                        <!-- Contenido de producto  -->\r\n                        <div>\r\n                            <div class=\"product-position\">\r\n                                #2                            <\/div>\r\n\r\n                            <h2>\r\n                                Shiseido Men Total Revitalizer Light Fluid                            <\/h2>\r\n                        <\/div>\r\n\r\n                        <!-- Imagen y\/o nombre de la marca -->\r\n                        <div>\r\n                                                            <img decoding=\"async\" width=\"70\" src=\"https:\/\/www.primor.eu\/media\/catalog\/category\/shiseido.png\" alt=\"\">\r\n                                                    <\/div>\r\n\r\n                        <!-- Puntuaci\u00f3n del producto  -->\r\n                        <div class=\"rating\">\r\n                                                            <div class=\"rate\" style=\"--p:92;\"><\/div>\r\n                                <b>4.6\/5<\/b>\r\n                                <div class=\"rate-stars\">\r\n                                                                            <div\r\n                                            class=\"rate-star  \">\r\n                                        <\/div>\r\n                                                                            <div\r\n                                            class=\"rate-star  \">\r\n                                        <\/div>\r\n                                                                            <div\r\n                                            class=\"rate-star  \">\r\n                                        <\/div>\r\n                                                                            <div\r\n                                            class=\"rate-star  \">\r\n                                        <\/div>\r\n                                                                            <div\r\n                                            class=\"rate-star  \">\r\n                                        <\/div>\r\n                                                                    <\/div>\r\n                                                    <\/div>\r\n\r\n                        <!-- Bot\u00f3n de producto  -->\r\n                        <div>\r\n                            <span class=\"price-claim\">\r\n                                VER PRECIO                            <\/span>\r\n                        <\/div>\r\n                    <\/a>\r\n                                    <a href=\"https:\/\/www.primor.eu\/es_es\/bulldog-crema-hidratante-antiedad-13967.html\" class=\"product-item grid-table-rows\" target=\"_blank\">\r\n                        <div>\r\n                            <img decoding=\"async\" class=\"product-img\" width=\"80px\" height=\"80px\" src=\"https:\/\/cdn2.primor.eu\/media\/catalog\/product\/cache\/8d3aba296f7a18b5251ee30fa5db42b2\/0\/T\/0TM01044_1_dfec.jpg\" alt=\"Crema Hidratante Antiedad\">\r\n                        <\/div>\r\n\r\n                        <!-- Contenido de producto  -->\r\n                        <div>\r\n                            <div class=\"product-position\">\r\n                                #3                            <\/div>\r\n\r\n                            <h2>\r\n                                Crema Hidratante Antiedad                            <\/h2>\r\n                        <\/div>\r\n\r\n                        <!-- Imagen y\/o nombre de la marca -->\r\n                        <div>\r\n                                                            <img decoding=\"async\" width=\"70\" src=\"https:\/\/www.primor.eu\/media\/catalog\/category\/Bull_Dog_Personalizado_.jpg\" alt=\"\">\r\n                                                    <\/div>\r\n\r\n                        <!-- Puntuaci\u00f3n del producto  -->\r\n                        <div class=\"rating\">\r\n                                                            <div class=\"rate\" style=\"--p:96;\"><\/div>\r\n                                <b>4.8\/5<\/b>\r\n                                <div class=\"rate-stars\">\r\n                                                                            <div\r\n                                            class=\"rate-star  \">\r\n                                        <\/div>\r\n                                                                            <div\r\n                                            class=\"rate-star  \">\r\n                                        <\/div>\r\n                                                                            <div\r\n                                            class=\"rate-star  \">\r\n                                        <\/div>\r\n                                                                            <div\r\n                                            class=\"rate-star  \">\r\n                                        <\/div>\r\n                                                                            <div\r\n                                            class=\"rate-star  \">\r\n                                        <\/div>\r\n                                                                    <\/div>\r\n                                                    <\/div>\r\n\r\n                        <!-- Bot\u00f3n de producto  -->\r\n                        <div>\r\n                            <span class=\"price-claim\">\r\n                                VER PRECIO                            <\/span>\r\n                        <\/div>\r\n                    <\/a>\r\n                                    <a href=\"https:\/\/www.primor.eu\/es_es\/l-oreal-paris-stop-arrugas-14202.html\" class=\"product-item grid-table-rows\" target=\"_blank\">\r\n                        <div>\r\n                            <img decoding=\"async\" class=\"product-img\" width=\"80px\" height=\"80px\" src=\"https:\/\/cdn2.primor.eu\/media\/catalog\/product\/cache\/8d3aba296f7a18b5251ee30fa5db42b2\/0\/T\/0TM00139_1_39c1.jpg\" alt=\"Stop Arrugas\">\r\n                        <\/div>\r\n\r\n                        <!-- Contenido de producto  -->\r\n                        <div>\r\n                            <div class=\"product-position\">\r\n                                #4                            <\/div>\r\n\r\n                            <h2>\r\n                                Stop Arrugas                            <\/h2>\r\n                        <\/div>\r\n\r\n                        <!-- Imagen y\/o nombre de la marca -->\r\n                        <div>\r\n                                                            <img decoding=\"async\" width=\"70\" src=\"https:\/\/www.primor.eu\/media\/catalog\/category\/loreal-paris.png\" alt=\"\">\r\n                                                    <\/div>\r\n\r\n                        <!-- Puntuaci\u00f3n del producto  -->\r\n                        <div class=\"rating\">\r\n                                                            <div class=\"rate\" style=\"--p:92;\"><\/div>\r\n                                <b>4.6\/5<\/b>\r\n                                <div class=\"rate-stars\">\r\n                                                                            <div\r\n                                            class=\"rate-star  \">\r\n                                        <\/div>\r\n                                                                            <div\r\n                                            class=\"rate-star  \">\r\n                                        <\/div>\r\n                                                                            <div\r\n                                            class=\"rate-star  \">\r\n                                        <\/div>\r\n                                                                            <div\r\n                                            class=\"rate-star  \">\r\n                                        <\/div>\r\n                                                                            <div\r\n                                            class=\"rate-star  \">\r\n                                        <\/div>\r\n                                                                    <\/div>\r\n                                                    <\/div>\r\n\r\n                        <!-- Bot\u00f3n de producto  -->\r\n                        <div>\r\n                            <span class=\"price-claim\">\r\n                                VER PRECIO                            <\/span>\r\n                        <\/div>\r\n                    <\/a>\r\n                                    <a href=\"https:\/\/www.primor.eu\/es_es\/lancome-genifique-crema-de-dia-activadora-de-juventud-14171.html\" class=\"product-item grid-table-rows\" target=\"_blank\">\r\n                        <div>\r\n                            <img decoding=\"async\" class=\"product-img\" width=\"80px\" height=\"80px\" src=\"https:\/\/cdn2.primor.eu\/media\/catalog\/product\/cache\/8d3aba296f7a18b5251ee30fa5db42b2\/0\/T\/0TF05839_1_7929.jpg\" alt=\"G\u00e9nifique Crema de D\u00eda Activadora de Juventud\">\r\n                        <\/div>\r\n\r\n                        <!-- Contenido de producto  -->\r\n                        <div>\r\n                            <div class=\"product-position\">\r\n                                #5                            <\/div>\r\n\r\n                            <h2>\r\n                                G\u00e9nifique Crema de D\u00eda Activadora de Juventud                            <\/h2>\r\n                        <\/div>\r\n\r\n                        <!-- Imagen y\/o nombre de la marca -->\r\n                        <div>\r\n                                                            <img decoding=\"async\" width=\"70\" src=\"https:\/\/www.primor.eu\/media\/catalog\/category\/lancome.png\" alt=\"\">\r\n                                                    <\/div>\r\n\r\n                        <!-- Puntuaci\u00f3n del producto  -->\r\n                        <div class=\"rating\">\r\n                                                            <div class=\"rate\" style=\"--p:98;\"><\/div>\r\n                                <b>4.9\/5<\/b>\r\n                                <div class=\"rate-stars\">\r\n                                                                            <div\r\n                                            class=\"rate-star  \">\r\n                                        <\/div>\r\n                                                                            <div\r\n                                            class=\"rate-star  \">\r\n                                        <\/div>\r\n                                                                            <div\r\n                                            class=\"rate-star  \">\r\n                                        <\/div>\r\n                                                                            <div\r\n                                            class=\"rate-star  \">\r\n                                        <\/div>\r\n                                                                            <div\r\n                                            class=\"rate-star  \">\r\n                                        <\/div>\r\n                                                                    <\/div>\r\n                                                    <\/div>\r\n\r\n                        <!-- Bot\u00f3n de producto  -->\r\n                        <div>\r\n                            <span class=\"price-claim\">\r\n                                VER PRECIO                            <\/span>\r\n                        <\/div>\r\n                    <\/a>\r\n                            <\/product-list>\r\n        <\/product-table>\r\n\r\n        \n\n\n\n<h3 class=\"wp-block-heading has-text-align-left\">For Men Hyaluron Crema Hidratante Antiedad SPF15 de Nivea<\/h3>\n\n\n\n<p>Esta crema de Nivea con \u00e1cido hialur\u00f3nico es un producto de cuidado facial perfecto para lucir una piel m\u00e1s joven y saludable. Un producto que se absorbe r\u00e1pidamente, activa las c\u00e9lulas y reduzca las arrugas profundas reafirmando la piel gracias al \u00e1cido hialur\u00f3nico. Mantiene la piel hidratada durante 24 horas, refuerza la elasticidad y ayuda a prevenir la aparici\u00f3n de arrugas inducidas por la radiaci\u00f3n solar. Se recomienda aplicar a diario sobre la cara y el cuello.<\/p>\n\n\n    <a class='product' target='_blank' href='https:\/\/www.primor.eu\/es_es\/nivea-for-men-dnage-antiarrugas-14218.html'>\r\n        <img loading='async' src='https:\/\/cdn2.primor.eu\/media\/catalog\/product\/cache\/8d3aba296f7a18b5251ee30fa5db42b2\/4\/0\/4005808207077_aa98.jpg' alt='COMPRAR AHORA'>\r\n            <div class=\"claim\">\r\n                COMPRAR AHORA            <\/div>\r\n        <\/a>\r\n    \n\n\n\n<h3 class=\"wp-block-heading has-text-align-left\">Total Revitalizer Light Fluid de Shiseido<\/h3>\n\n\n\n<p>Una emulsi\u00f3n anti-envejecimiento y multi-funcional que se ha desarrollado espec\u00edficamente para la piel del hombre. Act\u00faa combatiendo los primeros signos del envejecimiento como las arrugas, la flacidez y la falta de definici\u00f3n en el contorno facial. De textura ligera, adem\u00e1s de absorberse r\u00e1pidamente, deja la piel suave, mate y elimina as\u00ed los brillos y las imperfecciones.<\/p>\n\n\n    <a class='product' target='_blank' href='https:\/\/www.primor.eu\/es_es\/shiseido-shiseido-men-total-revitalizer-light-fluid-15517.html'>\r\n        <img loading='async' src='https:\/\/cdn2.primor.eu\/media\/catalog\/product\/cache\/8d3aba296f7a18b5251ee30fa5db42b2\/0\/T\/0TM01245_1_9fb1.jpg' alt='COMPRAR AHORA'>\r\n            <div class=\"claim\">\r\n                COMPRAR AHORA            <\/div>\r\n        <\/a>\r\n    \n\n\n\n<h3 class=\"wp-block-heading has-text-align-left\">Crema Hidratante Antiedad de Bulldog<\/h3>\n\n\n\n<p>La crema hidratante de Bulldog es un producto no graso que ayuda a reducir la apariencia de las l\u00edneas de expresi\u00f3n y las arrugas despu\u00e9s de cuatro semanas de uso, dejando la piel brillante y saludable. Se recomienda usar ma\u00f1ana y noche tanto en el rostro como en el cuello siempre despu\u00e9s de la limpieza diaria. Es una crema para las pieles maduras que no deja sensaci\u00f3n ni grasa ni pegajosa.<\/p>\n\n\n    <a class='product' target='_blank' href='https:\/\/www.primor.eu\/es_es\/bulldog-crema-hidratante-antiedad-13967.html'>\r\n        <img loading='async' src='https:\/\/cdn2.primor.eu\/media\/catalog\/product\/cache\/8d3aba296f7a18b5251ee30fa5db42b2\/0\/T\/0TM01044_1_dfec.jpg' alt='COMPRAR AHORA'>\r\n            <div class=\"claim\">\r\n                COMPRAR AHORA            <\/div>\r\n        <\/a>\r\n    \n\n\n\n<h3 class=\"wp-block-heading has-text-align-left\">Stop Arrugas de L\u2019Or\u00e9al Men Expert<\/h3>\n\n\n\n<p>Esta crema hidratante formulada especialmente para ellos relaja la piel para reducir las arrugas. Act\u00faa hidratando la piel a la vez que la relaja para que las arrugas sean menos visibles. Adem\u00e1s, la refuerza y le da un aspecto de piel descansada y rejuvenecida. Aplicar siempre sobre el rostro limpio noche y d\u00eda.<\/p>\n\n\n    <a class='product' target='_blank' href='https:\/\/www.primor.eu\/es_es\/l-oreal-paris-stop-arrugas-14202.html'>\r\n        <img loading='async' src='https:\/\/cdn2.primor.eu\/media\/catalog\/product\/cache\/8d3aba296f7a18b5251ee30fa5db42b2\/0\/T\/0TM00139_1_39c1.jpg' alt='COMPRAR AHORA'>\r\n            <div class=\"claim\">\r\n                COMPRAR AHORA            <\/div>\r\n        <\/a>\r\n    \n\n\n\n<h3 class=\"wp-block-heading has-text-align-left\">G\u00e9nifique Crema de D\u00eda Activadora de Juventud de&nbsp;Lanc\u00f4me<\/h3>\n\n\n\n<p>Esta crema de d\u00eda te har\u00e1 que tengas una piel m\u00e1s joven, se trata de una hidratante para el rostro que, d\u00eda tras d\u00eda, regenera el potencial de juventud de la piel, corrige los primeros signos de la edad y alisa las arrugas. Un producto apto para todo tipo de pieles que har\u00e1 que luzcan iluminadas, radiantes y visiblemente rejuvenecidas. Una f\u00f3rmula aterciopelada que ofrece hidrataci\u00f3n y deja la piel suave y confortable.<\/p>\n\n\n    <a class='product' target='_blank' href='https:\/\/www.primor.eu\/es_es\/lancome-genifique-crema-de-dia-activadora-de-juventud-14171.html'>\r\n        <img loading='async' src='https:\/\/cdn2.primor.eu\/media\/catalog\/product\/cache\/8d3aba296f7a18b5251ee30fa5db42b2\/0\/T\/0TF05839_1_7929.jpg' alt='COMPRAR AHORA'>\r\n            <div class=\"claim\">\r\n                COMPRAR AHORA            <\/div>\r\n        <\/a>\r\n    \n\n\n<div class=\"kk-star-ratings kksr-auto kksr-align-center kksr-valign-bottom\"\n    data-payload='{&quot;align&quot;:&quot;center&quot;,&quot;id&quot;:&quot;44583&quot;,&quot;slug&quot;:&quot;default&quot;,&quot;valign&quot;:&quot;bottom&quot;,&quot;ignore&quot;:&quot;&quot;,&quot;reference&quot;:&quot;auto&quot;,&quot;class&quot;:&quot;&quot;,&quot;count&quot;:&quot;1&quot;,&quot;legendonly&quot;:&quot;&quot;,&quot;readonly&quot;:&quot;&quot;,&quot;score&quot;:&quot;5&quot;,&quot;starsonly&quot;:&quot;&quot;,&quot;best&quot;:&quot;5&quot;,&quot;gap&quot;:&quot;5&quot;,&quot;greet&quot;:&quot;Valora este art\u00edculo&quot;,&quot;legend&quot;:&quot;5\\\/5 - (1 voto)&quot;,&quot;size&quot;:&quot;24&quot;,&quot;title&quot;:&quot;Sabemos cu\u00e1l es la mejor crema antiarrugas para hombre (y otras alternativas que te encantar\u00e1n)&quot;,&quot;width&quot;:&quot;142.5&quot;,&quot;_legend&quot;:&quot;{score}\\\/{best} - ({count} {votes})&quot;,&quot;font_factor&quot;:&quot;1.25&quot;}'>\n            \n<div class=\"kksr-stars\">\n    \n<div class=\"kksr-stars-inactive\">\n            <div class=\"kksr-star\" data-star=\"1\" style=\"padding-right: 5px\">\n            \n\n<div class=\"kksr-icon\" style=\"width: 24px; height: 24px;\"><\/div>\n        <\/div>\n            <div class=\"kksr-star\" data-star=\"2\" style=\"padding-right: 5px\">\n            \n\n<div class=\"kksr-icon\" style=\"width: 24px; height: 24px;\"><\/div>\n        <\/div>\n            <div class=\"kksr-star\" data-star=\"3\" style=\"padding-right: 5px\">\n            \n\n<div class=\"kksr-icon\" style=\"width: 24px; height: 24px;\"><\/div>\n        <\/div>\n            <div class=\"kksr-star\" data-star=\"4\" style=\"padding-right: 5px\">\n            \n\n<div class=\"kksr-icon\" style=\"width: 24px; height: 24px;\"><\/div>\n        <\/div>\n            <div class=\"kksr-star\" data-star=\"5\" style=\"padding-right: 5px\">\n            \n\n<div class=\"kksr-icon\" style=\"width: 24px; height: 24px;\"><\/div>\n        <\/div>\n    <\/div>\n    \n<div class=\"kksr-stars-active\" style=\"width: 142.5px;\">\n            <div class=\"kksr-star\" style=\"padding-right: 5px\">\n            \n\n<div class=\"kksr-icon\" style=\"width: 24px; height: 24px;\"><\/div>\n        <\/div>\n            <div class=\"kksr-star\" style=\"padding-right: 5px\">\n            \n\n<div class=\"kksr-icon\" style=\"width: 24px; height: 24px;\"><\/div>\n        <\/div>\n            <div class=\"kksr-star\" style=\"padding-right: 5px\">\n            \n\n<div class=\"kksr-icon\" style=\"width: 24px; height: 24px;\"><\/div>\n        <\/div>\n            <div class=\"kksr-star\" style=\"padding-right: 5px\">\n            \n\n<div class=\"kksr-icon\" style=\"width: 24px; height: 24px;\"><\/div>\n        <\/div>\n            <div class=\"kksr-star\" style=\"padding-right: 5px\">\n            \n\n<div class=\"kksr-icon\" style=\"width: 24px; height: 24px;\"><\/div>\n        <\/div>\n    <\/div>\n<\/div>\n                \n\n<div class=\"kksr-legend\" style=\"font-size: 19.2px;\">\n            5\/5 - (1 voto)    <\/div>\n    <\/div>\n","protected":false},"excerpt":{"rendered":"<p>\u00bfSab\u00edas que la piel de los hombres es un 30% m\u00e1s gruesa que la de la mujer? Esto es algo que hace que las arrugas de los hombres aparezcan m\u00e1s tarde la de las mujeres, sin embargo, tambi\u00e9n hace que evolucionen mucho m\u00e1s r\u00e1pido y de forma mucho m\u00e1s perceptible. Utilizar la mejor crema antiarrugas [&hellip;]<\/p>\n","protected":false},"author":14,"featured_media":116828,"comment_status":"open","ping_status":"open","sticky":false,"template":"","format":"standard","meta":{"jnews-multi-image_gallery":[],"jnews_single_post":{"subtitle":"","format":"standard"},"jnews_primary_category":[],"jnews_social_meta":[],"jnews_override_counter":[],"footnotes":""},"categories":[29,6311],"tags":[],"class_list":["post-44583","post","type-post","status-publish","format-standard","has-post-thumbnail","hentry","category-cosmetica","category-hombres"],"_links":{"self":[{"href":"https:\/\/www.primor.eu\/blog\/wp-json\/wp\/v2\/posts\/44583","targetHints":{"allow":["GET"]}}],"collection":[{"href":"https:\/\/www.primor.eu\/blog\/wp-json\/wp\/v2\/posts"}],"about":[{"href":"https:\/\/www.primor.eu\/blog\/wp-json\/wp\/v2\/types\/post"}],"author":[{"embeddable":true,"href":"https:\/\/www.primor.eu\/blog\/wp-json\/wp\/v2\/users\/14"}],"replies":[{"embeddable":true,"href":"https:\/\/www.primor.eu\/blog\/wp-json\/wp\/v2\/comments?post=44583"}],"version-history":[{"count":10,"href":"https:\/\/www.primor.eu\/blog\/wp-json\/wp\/v2\/posts\/44583\/revisions"}],"predecessor-version":[{"id":122028,"href":"https:\/\/www.primor.eu\/blog\/wp-json\/wp\/v2\/posts\/44583\/revisions\/122028"}],"wp:featuredmedia":[{"embeddable":true,"href":"https:\/\/www.primor.eu\/blog\/wp-json\/wp\/v2\/media\/116828"}],"wp:attachment":[{"href":"https:\/\/www.primor.eu\/blog\/wp-json\/wp\/v2\/media?parent=44583"}],"wp:term":[{"taxonomy":"category","embeddable":true,"href":"https:\/\/www.primor.eu\/blog\/wp-json\/wp\/v2\/categories?post=44583"},{"taxonomy":"post_tag","embeddable":true,"href":"https:\/\/www.primor.eu\/blog\/wp-json\/wp\/v2\/tags?post=44583"}],"curies":[{"name":"wp","href":"https:\/\/api.w.org\/{rel}","templated":true}]}}