{"id":44246,"date":"2025-12-01T05:40:12","date_gmt":"2025-12-01T05:40:12","guid":{"rendered":"https:\/\/blog.primor.eu\/?p=44246"},"modified":"2026-01-29T08:58:30","modified_gmt":"2026-01-29T08:58:30","slug":"ofertas-cyber-monday","status":"publish","type":"post","link":"https:\/\/www.primor.eu\/blog\/ofertas-cyber-monday\/","title":{"rendered":"Cyber Monday 2026: las mejores ofertas\u00a0"},"content":{"rendered":"\n<p>El lunes menos dif\u00edcil del a\u00f1o se llama <strong>Cyber Monday,<\/strong> una oportunidad \u00fanica para adelantar tus compras navide\u00f1as o darte un capricho (bien) merecido. En Perfumer\u00edas Primor contamos con cientos de descuentos y <strong>ofertas de Cyber Monday <\/strong>donde podr\u00e1s celebrar <strong>los mejores cyber days <\/strong>con tus favoritos en <a href=\"https:\/\/www.primor.eu\/es_es\/perfumes\">perfumes<\/a>, <a href=\"https:\/\/www.primor.eu\/es_es\/maquillaje-de-lujo\">maquillaje<\/a>, tratamientos de <a href=\"https:\/\/www.primor.eu\/es_es\/cosmetica-de-lujo\">cosm\u00e9tica<\/a> y mucho m\u00e1s.&nbsp;<\/p>\n\n\n\n<h2 class=\"wp-block-heading\">\u00bfQu\u00e9 es el Cyber Monday?<\/h2>\n\n\n\n<p>El <strong>Cyber Monday<\/strong> o <strong>Cyber Day<\/strong> es un d\u00eda para celebrar la compra del comercio online con grandes descuentos en todos los sectores. Se celebra cada lunes despu\u00e9s del famoso Viernes Negro, y es un d\u00eda en el que muchos aprovechan para darse un capricho, conseguir uno de sus imprescindibles a mitad de precio o adelantar las compras navide\u00f1as.<\/p>\n\n\n\n<h2 class=\"wp-block-heading\">\u00bfCu\u00e1ndo se celebra el Cyber Monday 2026?<\/h2>\n\n\n\n<p>El <strong>Cyber Monday<\/strong> se celebra desde 2015 cada lunes despu\u00e9s del <strong>D\u00eda de Acci\u00f3n de Gracias,<\/strong> convirti\u00e9ndose en el puente que une el<strong> Black Friday<\/strong> con el inicio de la <strong>campa\u00f1a de Navidad<\/strong>. Este a\u00f1o el Cibermonday tendr\u00e1 lugar el d\u00eda <strong>2 de diciembre de 202<\/strong>4. As\u00ed que m\u00e1rcatelo en rojo en tu calendario para no perderte las <strong>mejores ofertas y descuentos en Perfumer\u00edas Primor<\/strong>. \u00a1Que no te lo cuenten!<\/p>\n\n\n\n<h2 class=\"wp-block-heading\">Cyber Monday: origen e historia<\/h2>\n\n\n\n<p>Gracias al \u00e9xito rotundo del <a href=\"https:\/\/www.primor.eu\/es_es\/black-friday\"><strong>Black Friday<\/strong><\/a> y frente a la desconfianza del comercio digital, en 2005, las empresas de EEUU se reunieron para <strong>acordar un d\u00eda con descuentos irresistibles <\/strong>en sus comercios online. Eso anim\u00f3 a los usuarios a comprar por Internet y abandonar sus miedos ante una posible estafa. La <strong>comunidad \u201cshop.org\u201d<\/strong> fue la encargada de bautizar este d\u00eda con el nombre de <strong>Cyber Monday <\/strong>(o Cyber D\u00eda), y con el paso de los a\u00f1os, la fama de esta fecha ha ido aumentado de forma significativa.<\/p>\n\n\n\n<p>Por otro lado, el Cyber Monday tambi\u00e9n <strong>surge como una alternativa <\/strong>para que las personas que no hubieran podido disfrutar de los descuentos en las tiendas online del Viernes Negro, lo hicieran durante el lunes.<\/p>\n\n\n\n<h2 class=\"wp-block-heading\">El Cyber Monday en Espa\u00f1a<\/h2>\n\n\n\n<p>En Espa\u00f1a, el nacimiento del Cyber Monday fue un poco m\u00e1s tard\u00edo, y aunque su implantaci\u00f3n oficial fue en el a\u00f1o 2010, no fue hasta 2018 cuando este d\u00eda empez\u00f3 a tomar especial relevancia y popularidad. Muchas personas pensaban que era una extensi\u00f3n al Black Friday, algo que cobra mucho mayor sentido en la actualidad, ya que la gran mayor\u00eda de tiendas cuentan con comercio online.&nbsp;<\/p>\n\n\n\n<p>Hoy en d\u00eda el Cyber Monday se ha convertido en un icono, un d\u00eda especial en el que muchos aprovechan para realizar sus compras a precios irresistibles.<\/p>\n\n\n\n<h2 class=\"wp-block-heading\">\u00bfQu\u00e9 diferencia hay entre Black Friday y Cyber Monday?<\/h2>\n\n\n\n<p>La diferencia entre el <strong>Black Friday<\/strong> y el <strong>Cyber Monday<\/strong> se remonta al origen de ambos conceptos. Las <a href=\"https:\/\/www.primor.eu\/es_es\/black-friday\"><strong>ofertas de Black Friday<\/strong><\/a> nacieron de una iniciativa motivada por el deseo de incentivar las compras en los peque\u00f1os comercios mientras que el <strong>Cyber Monday<\/strong> surgi\u00f3 como un d\u00eda orientado a potenciar las compras online.&nbsp;<\/p>\n\n\n\n<p>Sin embargo, en la actualidad, ambas celebraciones se han ido mimetizando hasta el punto de que algunos comercios celebran incluso una <strong>Cyber Week<\/strong>: una semana en la que se unen los descuentos de Black Friday y Cyber Monday.&nbsp;<\/p>\n\n\n\n<h2 class=\"wp-block-heading\">Los mejores productos y marcas de Cyber Monday con descuento<\/h2>\n\n\n\n<p>En Perfumer\u00edas Primor, los descuentos y ofertas de Cyber Monday vienen cargaditos de sorpresas. Podr\u00e1s encontrar grandes marcas como <a href=\"https:\/\/www.primor.eu\/es_es\/guerlain\">C<\/a><a href=\"https:\/\/www.primor.eu\/es_es\/clinique\" data-type=\"link\" data-id=\"https:\/\/www.primor.eu\/es_es\/clinique\">l<\/a><a href=\"https:\/\/www.primor.eu\/es_es\/clinique\">inique<\/a>, <a href=\"https:\/\/www.primor.eu\/es_es\/la-roche-posay\" data-type=\"link\" data-id=\"https:\/\/www.primor.eu\/es_es\/la-roche-posay\">La Roche Posay<\/a>, <a href=\"https:\/\/www.primor.eu\/es_es\/l-oreal-paris\">L\u2019Or\u00e9al Paris<\/a>, <a href=\"https:\/\/www.primor.eu\/es_es\/yves-saint-laurent\" data-type=\"link\" data-id=\"https:\/\/www.primor.eu\/es_es\/yves-saint-laurent\">Yves Saint Laurent<\/a>, <a href=\"https:\/\/www.primor.eu\/es_es\/tous\" data-type=\"link\" data-id=\"https:\/\/www.primor.eu\/es_es\/tous\">Tous<\/a>, <a href=\"https:\/\/www.primor.eu\/es_es\/dolce-gabbana\" data-type=\"link\" data-id=\"https:\/\/www.primor.eu\/es_es\/dolce-gabbana\">Dolce &amp; Gabbana<\/a>, <a href=\"https:\/\/www.primor.eu\/es_es\/paco-rabanne\" data-type=\"link\" data-id=\"https:\/\/www.primor.eu\/es_es\/paco-rabanne\">Paco Rabanne<\/a>, <a href=\"https:\/\/www.primor.eu\/es_es\/hugo-boss\" data-type=\"link\" data-id=\"https:\/\/www.primor.eu\/es_es\/hugo-boss\">Hugo Boss<\/a>, entre otras, y todos tus productos y tratamientos favoritos. Algunos de nuestros top ventas son:<\/p>\n\n\n        <product-table class=\"pr-slider\">\r\n            <product-headers class=\"grid-table-rows\">\r\n                <div>Foto<\/div>\r\n                <div>Producto<\/div>\r\n                <div>Marca<\/div>\r\n                <div>Valoraciones<\/div>\r\n                <div>Precio<\/div>\r\n            <\/product-headers>\r\n\r\n            <product-list>\r\n                                    <a href=\"https:\/\/www.primor.eu\/es_es\/clinique-moisture-surgetm-100h-auto-replenishing-hydrator-crema-hidratante-106294.html?#854=66449\" class=\"product-item grid-table-rows\" target=\"_blank\">\r\n                        <div>\r\n                            <img decoding=\"async\" class=\"product-img\" width=\"80px\" height=\"80px\" src=\"https:\/\/cdn2.primor.eu\/media\/catalog\/product\/cache\/8d3aba296f7a18b5251ee30fa5db42b2\/1\/9\/192333066928_1_73eb.jpg\" alt=\"Moisture Surge\u2122 100h Auto-Replenishing Hydrator Crema Hidratante\">\r\n                        <\/div>\r\n\r\n                        <!-- Contenido de producto  -->\r\n                        <div>\r\n                            <div class=\"product-position\">\r\n                                #1 Top Ventas                            <\/div>\r\n\r\n                            <h2>\r\n                                Moisture Surge\u2122 100h Auto-Replenishing Hydrator Crema Hidratante                            <\/h2>\r\n                        <\/div>\r\n\r\n                        <!-- Imagen y\/o nombre de la marca -->\r\n                        <div>\r\n                                                            <img decoding=\"async\" width=\"70\" src=\"https:\/\/www.primor.eu\/media\/catalog\/category\/clinique.png\" alt=\"Clinique\">\r\n                                                    <\/div>\r\n\r\n                        <!-- Puntuaci\u00f3n del producto  -->\r\n                        <div class=\"rating\">\r\n                                                            <div class=\"rate\" style=\"--p:94;\"><\/div>\r\n                                <b>4.7\/5<\/b>\r\n                                <div class=\"rate-stars\">\r\n                                                                            <div\r\n                                            class=\"rate-star  \">\r\n                                        <\/div>\r\n                                                                            <div\r\n                                            class=\"rate-star  \">\r\n                                        <\/div>\r\n                                                                            <div\r\n                                            class=\"rate-star  \">\r\n                                        <\/div>\r\n                                                                            <div\r\n                                            class=\"rate-star  \">\r\n                                        <\/div>\r\n                                                                            <div\r\n                                            class=\"rate-star  \">\r\n                                        <\/div>\r\n                                                                    <\/div>\r\n                                                    <\/div>\r\n\r\n                        <!-- Bot\u00f3n de producto  -->\r\n                        <div>\r\n                            <span class=\"price-claim\">\r\n                                VER PRECIO                            <\/span>\r\n                        <\/div>\r\n                    <\/a>\r\n                                    <a href=\"https:\/\/www.primor.eu\/es_es\/rabanne-invictus-eau-de-toilette-para-hombre-112315.html?#854=66337\" class=\"product-item grid-table-rows\" target=\"_blank\">\r\n                        <div>\r\n                            <img decoding=\"async\" class=\"product-img\" width=\"80px\" height=\"80px\" src=\"https:\/\/cdn2.primor.eu\/media\/catalog\/product\/cache\/8d3aba296f7a18b5251ee30fa5db42b2\/R\/A\/RABANNE_INVICTUS_EDT_2025_200ml_L4_RVB_d6fa.png\" alt=\"Invictus - Eau de Toilette para hombre\">\r\n                        <\/div>\r\n\r\n                        <!-- Contenido de producto  -->\r\n                        <div>\r\n                            <div class=\"product-position\">\r\n                                #2                            <\/div>\r\n\r\n                            <h2>\r\n                                Invictus - Eau de Toilette para hombre                            <\/h2>\r\n                        <\/div>\r\n\r\n                        <!-- Imagen y\/o nombre de la marca -->\r\n                        <div>\r\n                                                            <img decoding=\"async\" width=\"70\" src=\"https:\/\/www.primor.eu\/media\/catalog\/category\/pr-logo-ok.png\" alt=\"Rabanne\">\r\n                                                    <\/div>\r\n\r\n                        <!-- Puntuaci\u00f3n del producto  -->\r\n                        <div class=\"rating\">\r\n                                                            <div class=\"rate\" style=\"--p:96;\"><\/div>\r\n                                <b>4.8\/5<\/b>\r\n                                <div class=\"rate-stars\">\r\n                                                                            <div\r\n                                            class=\"rate-star  \">\r\n                                        <\/div>\r\n                                                                            <div\r\n                                            class=\"rate-star  \">\r\n                                        <\/div>\r\n                                                                            <div\r\n                                            class=\"rate-star  \">\r\n                                        <\/div>\r\n                                                                            <div\r\n                                            class=\"rate-star  \">\r\n                                        <\/div>\r\n                                                                            <div\r\n                                            class=\"rate-star  \">\r\n                                        <\/div>\r\n                                                                    <\/div>\r\n                                                    <\/div>\r\n\r\n                        <!-- Bot\u00f3n de producto  -->\r\n                        <div>\r\n                            <span class=\"price-claim\">\r\n                                VER PRECIO                            <\/span>\r\n                        <\/div>\r\n                    <\/a>\r\n                                    <a href=\"https:\/\/www.primor.eu\/es_es\/carolina-herrera-good-girl-perfume-de-mujer-111731.html?#854=66334\" class=\"product-item grid-table-rows\" target=\"_blank\">\r\n                        <div>\r\n                            <img decoding=\"async\" class=\"product-img\" width=\"80px\" height=\"80px\" src=\"https:\/\/cdn2.primor.eu\/media\/catalog\/product\/cache\/8d3aba296f7a18b5251ee30fa5db42b2\/4\/A\/4AF04560_1_f34d.jpg\" alt=\"Good Girl Eau de Parfum\">\r\n                        <\/div>\r\n\r\n                        <!-- Contenido de producto  -->\r\n                        <div>\r\n                            <div class=\"product-position\">\r\n                                #3                            <\/div>\r\n\r\n                            <h2>\r\n                                Good Girl Eau de Parfum                            <\/h2>\r\n                        <\/div>\r\n\r\n                        <!-- Imagen y\/o nombre de la marca -->\r\n                        <div>\r\n                                                            <img decoding=\"async\" width=\"70\" src=\"https:\/\/www.primor.eu\/media\/catalog\/category\/carolina-herrera.png\" alt=\"Carolina Herrera\">\r\n                                                    <\/div>\r\n\r\n                        <!-- Puntuaci\u00f3n del producto  -->\r\n                        <div class=\"rating\">\r\n                                                            <div class=\"rate\" style=\"--p:98;\"><\/div>\r\n                                <b>4.9\/5<\/b>\r\n                                <div class=\"rate-stars\">\r\n                                                                            <div\r\n                                            class=\"rate-star  \">\r\n                                        <\/div>\r\n                                                                            <div\r\n                                            class=\"rate-star  \">\r\n                                        <\/div>\r\n                                                                            <div\r\n                                            class=\"rate-star  \">\r\n                                        <\/div>\r\n                                                                            <div\r\n                                            class=\"rate-star  \">\r\n                                        <\/div>\r\n                                                                            <div\r\n                                            class=\"rate-star  \">\r\n                                        <\/div>\r\n                                                                    <\/div>\r\n                                                    <\/div>\r\n\r\n                        <!-- Bot\u00f3n de producto  -->\r\n                        <div>\r\n                            <span class=\"price-claim\">\r\n                                VER PRECIO                            <\/span>\r\n                        <\/div>\r\n                    <\/a>\r\n                                    <a href=\"https:\/\/www.primor.eu\/es_es\/it-cosmetics-cc-base-de-maquillaje-cobertura-total-111111.html?#803=55630\" class=\"product-item grid-table-rows\" target=\"_blank\">\r\n                        <div>\r\n                            <img decoding=\"async\" class=\"product-img\" width=\"80px\" height=\"80px\" src=\"https:\/\/cdn2.primor.eu\/media\/catalog\/product\/cache\/8d3aba296f7a18b5251ee30fa5db42b2\/3\/6\/3605971979149_1_a37f.jpg\" alt=\"CC+ Base De Maquillaje Cobertura Total\">\r\n                        <\/div>\r\n\r\n                        <!-- Contenido de producto  -->\r\n                        <div>\r\n                            <div class=\"product-position\">\r\n                                #4                            <\/div>\r\n\r\n                            <h2>\r\n                                CC+ Base De Maquillaje Cobertura Total                            <\/h2>\r\n                        <\/div>\r\n\r\n                        <!-- Imagen y\/o nombre de la marca -->\r\n                        <div>\r\n                                                            <img decoding=\"async\" width=\"70\" src=\"https:\/\/www.primor.eu\/media\/catalog\/category\/Brand_Signature_Mark_SilverBlack_11__1.png\" alt=\"It Cosmetics\">\r\n                                                    <\/div>\r\n\r\n                        <!-- Puntuaci\u00f3n del producto  -->\r\n                        <div class=\"rating\">\r\n                                                            <div class=\"rate\" style=\"--p:98;\"><\/div>\r\n                                <b>4.9\/5<\/b>\r\n                                <div class=\"rate-stars\">\r\n                                                                            <div\r\n                                            class=\"rate-star  \">\r\n                                        <\/div>\r\n                                                                            <div\r\n                                            class=\"rate-star  \">\r\n                                        <\/div>\r\n                                                                            <div\r\n                                            class=\"rate-star  \">\r\n                                        <\/div>\r\n                                                                            <div\r\n                                            class=\"rate-star  \">\r\n                                        <\/div>\r\n                                                                            <div\r\n                                            class=\"rate-star  \">\r\n                                        <\/div>\r\n                                                                    <\/div>\r\n                                                    <\/div>\r\n\r\n                        <!-- Bot\u00f3n de producto  -->\r\n                        <div>\r\n                            <span class=\"price-claim\">\r\n                                VER PRECIO                            <\/span>\r\n                        <\/div>\r\n                    <\/a>\r\n                                    <a href=\"https:\/\/www.primor.eu\/es_es\/wella-oil-reflections-aceite-iluminante-realzador-del-brillo-8909.html\" class=\"product-item grid-table-rows\" target=\"_blank\">\r\n                        <div>\r\n                            <img decoding=\"async\" class=\"product-img\" width=\"80px\" height=\"80px\" src=\"https:\/\/cdn2.primor.eu\/media\/catalog\/product\/cache\/8d3aba296f7a18b5251ee30fa5db42b2\/2\/C\/2CA02329_1_e4bc.jpg\" alt=\"Oil Reflections Aceite Iluminante Realzador del Brillo\">\r\n                        <\/div>\r\n\r\n                        <!-- Contenido de producto  -->\r\n                        <div>\r\n                            <div class=\"product-position\">\r\n                                #5                            <\/div>\r\n\r\n                            <h2>\r\n                                Oil Reflections Aceite Iluminante Realzador del Brillo                            <\/h2>\r\n                        <\/div>\r\n\r\n                        <!-- Imagen y\/o nombre de la marca -->\r\n                        <div>\r\n                                                            <img decoding=\"async\" width=\"70\" src=\"https:\/\/www.primor.eu\/media\/catalog\/category\/JPG_HighRes-WELLAProfessionals_200Clogo_2023_1.jpg\" alt=\"\">\r\n                                                    <\/div>\r\n\r\n                        <!-- Puntuaci\u00f3n del producto  -->\r\n                        <div class=\"rating\">\r\n                                                            <div class=\"rate\" style=\"--p:96;\"><\/div>\r\n                                <b>4.8\/5<\/b>\r\n                                <div class=\"rate-stars\">\r\n                                                                            <div\r\n                                            class=\"rate-star  \">\r\n                                        <\/div>\r\n                                                                            <div\r\n                                            class=\"rate-star  \">\r\n                                        <\/div>\r\n                                                                            <div\r\n                                            class=\"rate-star  \">\r\n                                        <\/div>\r\n                                                                            <div\r\n                                            class=\"rate-star  \">\r\n                                        <\/div>\r\n                                                                            <div\r\n                                            class=\"rate-star  \">\r\n                                        <\/div>\r\n                                                                    <\/div>\r\n                                                    <\/div>\r\n\r\n                        <!-- Bot\u00f3n de producto  -->\r\n                        <div>\r\n                            <span class=\"price-claim\">\r\n                                VER PRECIO                            <\/span>\r\n                        <\/div>\r\n                    <\/a>\r\n                            <\/product-list>\r\n        <\/product-table>\r\n\r\n        \n\n\n\n<h3 class=\"wp-block-heading has-text-align-left\">Retinol B3 - S\u00e9rum Antiarrugas<\/h3>\n\n\n\n<p>El retinol B3 de La Roche Posay estimula la producci\u00f3n de col\u00e1geno y ayuda a reducir la aparici\u00f3n de las l\u00edneas finas y arrugas.<\/p>\n\n\n    <a class='product' target='_blank' href='https:\/\/www.primor.eu\/es_es\/la-roche-posay-retinol-b3-serum-antiarrugas-13548.html'>\r\n        <img loading='async' src='https:\/\/cdn2.primor.eu\/media\/catalog\/product\/cache\/8d3aba296f7a18b5251ee30fa5db42b2\/3\/3\/3337875694469_2034.jpg' alt='COMPRAR AHORA'>\r\n            <div class=\"claim\">\r\n                COMPRAR AHORA            <\/div>\r\n        <\/a>\r\n    \n\n\n\n<h3 class=\"wp-block-heading has-text-align-left\">Y de Yves Saint Laurent <\/h3>\n\n\n\n<p>Este perfume de hombre de Yves Saint Laurent refleja el esp\u00edritu creativo e innovador de una persona&nbsp; que persigue sus metas sin miedo a la derrota. Una fragancia fresca y arom\u00e1tica, pero al mismo tiempo intensa y masculina que comienza con toques a Manzana y a Jengibre. Poco a poco se funde introduciendo nuevas notas afrutadas como el Geranio, dejando como base un aroma amaderado especiado que nos traslada a Asia Oriental.<\/p>\n\n\n    <a class='product' target='_blank' href='https:\/\/www.primor.eu\/es_es\/yves-saint-laurent-y-eau-de-parfum-hombre-112376.html?#854=66337'>\r\n        <img loading='async' src='https:\/\/cdn2.primor.eu\/media\/catalog\/product\/cache\/8d3aba296f7a18b5251ee30fa5db42b2\/4\/A\/4AM02831_1_580a.jpg' alt='COMPRAR AHORA'>\r\n            <div class=\"claim\">\r\n                COMPRAR AHORA            <\/div>\r\n        <\/a>\r\n    \n\n\n\n<h3 class=\"wp-block-heading has-text-align-left\">Id\u00f4le Eau de parfum EDP de Lanc\u00f4me<\/h3>\n\n\n\n<p>Id\u00f4le Eau de parfum EDP de Lanc\u00f4me es el perfume de mujer favorito de aquellas que se atreven a innovar y que conf\u00edan en el poder de su fuerza pase lo que pase. Es una fragancia femenina que nos regala un caleidoscopio de Rosas y Jazmines que comienza en el coraz\u00f3n con un paseo envolvente que reconforta, limpia e intensifica.<\/p>\n\n\n    <a class='product' target='_blank' href='https:\/\/www.primor.eu\/es_es\/lancome-idole-eau-de-parfum-111830.html?#863=66863'>\r\n        <img loading='async' src='https:\/\/cdn2.primor.eu\/media\/catalog\/product\/cache\/8d3aba296f7a18b5251ee30fa5db42b2\/3\/6\/3614273069175_1_529c.png' alt='COMPRAR AHORA'>\r\n            <div class=\"claim\">\r\n                COMPRAR AHORA            <\/div>\r\n        <\/a>\r\n    \n\n\n\n<h3 class=\"wp-block-heading has-text-align-left\">Advanced Night Repair S\u00e9rum Est\u00e9e Lauder<\/h3>\n\n\n\n<p>Este s\u00e9rum trabaja mientras duermes, fomentando la producci\u00f3n natural de col\u00e1geno y elastina al mismo tiempo que potencia las c\u00e9lulas sanas de la piel para un resultado firme, saludable y sin arrugas. Una f\u00f3rmula enriquecida con \u00e1cido hialur\u00f3nico que retiene la hidrataci\u00f3n de la piel hasta 72 horas para un rostro m\u00e1s radiante y joven en tan solo tres semanas.<\/p>\n\n\n    <a class='product' target='_blank' href='https:\/\/www.primor.eu\/es_es\/estee-lauder-serum-antiedad-advanced-night-repair-serum-106279.html?#854=66330'>\r\n        <img loading='async' src='https:\/\/cdn2.primor.eu\/media\/catalog\/product\/cache\/8d3aba296f7a18b5251ee30fa5db42b2\/0\/T\/0TF18833_1_ca29.jpg' alt='COMPRAR AHORA'>\r\n            <div class=\"claim\">\r\n                COMPRAR AHORA            <\/div>\r\n        <\/a>\r\n    \n\n\n\n<h3 class=\"wp-block-heading has-text-align-left\">Boss Bottled EDT de Hugo Boss<\/h3>\n\n\n\n<p>Es un perfume para hombres vers\u00e1til y lleno de contrastes que se inspira en los esp\u00edritus m\u00e1s ecl\u00e9cticos, misteriosos y masculinos. Un aroma fresco, amaderado, contempor\u00e1neo y relevante que reinterpreta los c\u00f3digos de la masculinidad para representar el lema de su campa\u00f1a, \u201cMan of Today\u201d (Hombre de Hoy). De esta forma, su objetivo es inspirar a todo hombre a mostrar su verdadero yo a trav\u00e9s de sus acciones, valores y a trav\u00e9s de una fragancia que marque la diferencia.<\/p>\n\n\n    <a class='product' target='_blank' href='https:\/\/www.primor.eu\/es_es\/hugo-boss-boss-bottled-edt-112267.html?#854=66330'>\r\n        <img loading='async' src='https:\/\/cdn2.primor.eu\/media\/catalog\/product\/cache\/8d3aba296f7a18b5251ee30fa5db42b2\/M\/A\/MAIN_737052351018_48b7.jpeg' alt='COMPRAR AHORA'>\r\n            <div class=\"claim\">\r\n                COMPRAR AHORA            <\/div>\r\n        <\/a>\r\n    \n\n\n\n<h3 class=\"wp-block-heading has-text-align-left\">Mineral 89 Crema Hidratante 72h de Vichy&nbsp;<\/h3>\n\n\n\n<p>Refuerza la barrera de hidrataci\u00f3n de la piel con activos que penetran en 3 capas de la epidermis para una eficacia hidratante de 3 d\u00edas.<\/p>\n\n\n    <a class='product' target='_blank' href='https:\/\/www.primor.eu\/es_es\/vichy-mineral-89-crema-hidratante-72h-ligera-81755.html'>\r\n        <img loading='async' src='https:\/\/cdn2.primor.eu\/media\/catalog\/product\/cache\/8d3aba296f7a18b5251ee30fa5db42b2\/3\/3\/3337875831888_1bc9.jpg' alt='COMPRAR AHORA'>\r\n            <div class=\"claim\">\r\n                COMPRAR AHORA            <\/div>\r\n        <\/a>\r\n    \n\n\n\n<h3 class=\"wp-block-heading\">Re-Plasty Recovery- Crema Reparadora de Noche Helena Rubinstein<\/h3>\n\n\n\n<p>Una crema reparadora dise\u00f1ada para combatir eficazmente las arrugas e imperfecciones. Este tratamiento combina ingredientes de alta calidad para crear un efecto \u201cvendaje\u201d con el que transformar la dermis mientras duermes actuando sobre los 3 signos del envejecimiento: arrugas, p\u00e9rdida de firmeza y sequedad.<\/p>\n\n\n    <a class='product' target='_blank' href='https:\/\/www.primor.eu\/es_es\/helena-rubinstein-re-plasty-age-recovery-crema-reparadora-de-noche-15332.html'>\r\n        <img loading='async' src='https:\/\/cdn2.primor.eu\/media\/catalog\/product\/cache\/8d3aba296f7a18b5251ee30fa5db42b2\/3\/6\/3605521489654_1_3b1b.jpg' alt='COMPRAR AHORA'>\r\n            <div class=\"claim\">\r\n                COMPRAR AHORA            <\/div>\r\n        <\/a>\r\n    \n\n\n\n<h3 class=\"wp-block-heading\">Colorete en Polvo de Nars<\/h3>\n\n\n\n<p>Es el imprescindible que no puede faltar en cualquier neceser de maquillaje. Podr\u00e1s encontrarlo en una amplia variedad de tonos naturales que sientan bien a todo tipo de pieles, aportando un efecto de buena cara al instante. Adem\u00e1s, gracias a su f\u00f3rmula rica en pigmentos micronizados, este Colorete en Polvo Nars ofrece un color trasl\u00facido y modulable que se integra f\u00e1cilmente con cada pasada.<\/p>\n\n\n    <a class='product' target='_blank' href='https:\/\/www.primor.eu\/es_es\/nars-colorete-en-polvo-111022.html?#803=85195'>\r\n        <img loading='async' src='https:\/\/cdn2.primor.eu\/media\/catalog\/product\/cache\/8d3aba296f7a18b5251ee30fa5db42b2\/1\/9\/194251140506_1_4075.jpg' alt='COMPRAR AHORA'>\r\n            <div class=\"claim\">\r\n                COMPRAR AHORA            <\/div>\r\n        <\/a>\r\n    \n\n\n\n<h3 class=\"wp-block-heading\">Eau de Parfum Signature Chloe<\/h3>\n\n\n\n<p>Una fragancia ligera dise\u00f1ada para aportar un extra de vitalidad y energ\u00eda al momento que t\u00fa elijas. Su aroma floral y fresco comienza con una apertura de lichi para reposar sobre un c\u00e1lido coraz\u00f3n de \u00e1mbar y cedro.&nbsp;<\/p>\n\n\n    <a class='product' target='_blank' href='https:\/\/www.primor.eu\/es_es\/chloe-signature-eau-de-parfum-116152.html?#863=67139'>\r\n        <img loading='async' src='https:\/\/cdn2.primor.eu\/media\/catalog\/product\/cache\/8d3aba296f7a18b5251ee30fa5db42b2\/M\/A\/MAIN_3607346232347_1c5c.jpg' alt='COMPRAR AHORA'>\r\n            <div class=\"claim\">\r\n                COMPRAR AHORA            <\/div>\r\n        <\/a>\r\n    \n\n\n\n<h3 class=\"wp-block-heading\">212 Men EDT Carolina Herrera<\/h3>\n\n\n\n<p>Un perfume masculino que atrapa la vitalidad y el esp\u00edritu juvenil de Manhattan a trav\u00e9s de una combinaci\u00f3n de aromas c\u00edtricos, c\u00e1lidos y amaderados.&nbsp;<\/p>\n\n\n    <a class='product' target='_blank' href='https:\/\/www.primor.eu\/es_es\/carolina-herrera-212-men-edt-112269.html?#854=66337'>\r\n        <img loading='async' src='https:\/\/cdn2.primor.eu\/media\/catalog\/product\/cache\/8d3aba296f7a18b5251ee30fa5db42b2\/4\/A\/4AM01473_1_e15a.jpg' alt='COMPRAR AHORA'>\r\n            <div class=\"claim\">\r\n                COMPRAR AHORA            <\/div>\r\n        <\/a>\r\n    \n\n\n\n<h3 class=\"wp-block-heading\">Revitalessence Skin Glow Foundation SPF 30 PA+++ de Shiseido<\/h3>\n\n\n\n<p>Una base de maquillaje con una cobertura modulable que proporciona un brillo duradero con efecto glow a nuestra piel. Su f\u00f3rmula activa no solo embellece sino que cuida la dermis y la mantiene hidratada durante 24 horas.<\/p>\n\n\n    <a class='product' target='_blank' href='https:\/\/www.primor.eu\/es_es\/shiseido-revitalessence-skin-glow-base-de-maquillaje-spf-30-pa-109054.html?#803=48022'>\r\n        <img loading='async' src='https:\/\/cdn2.primor.eu\/media\/catalog\/product\/cache\/8d3aba296f7a18b5251ee30fa5db42b2\/7\/2\/729238193437_1_6544.jpg' alt='COMPRAR AHORA'>\r\n            <div class=\"claim\">\r\n                COMPRAR AHORA            <\/div>\r\n        <\/a>\r\n    \n\n\n\n<h3 class=\"wp-block-heading has-text-align-left\">Oil Reflections Aceite iluminante Realzador de Brillo<\/h3>\n\n\n\n<p>Apta para todo tipo de pieles con un resultado de larga duraci\u00f3n que permanece impecable hasta 24 horas, es un maquillaje de lujo de cobertura media que, adem\u00e1s de adaptarse a la piel y ser ligero como el aire, regula el sebo de la cara. Tambi\u00e9n protege del sol gracias a su SPF +10, no transfiere y es resistente al agua y a la humedad.<\/p>\n\n\n    <a class='product' target='_blank' href='https:\/\/www.primor.eu\/es_es\/wella-oil-reflections-aceite-iluminante-realzador-del-brillo-8909.html'>\r\n        <img loading='async' src='https:\/\/cdn2.primor.eu\/media\/catalog\/product\/cache\/8d3aba296f7a18b5251ee30fa5db42b2\/2\/C\/2CA02329_1_e4bc.jpg' alt='COMPRAR AHORA'>\r\n            <div class=\"claim\">\r\n                COMPRAR AHORA            <\/div>\r\n        <\/a>\r\n    \n\n\n<div class=\"kk-star-ratings kksr-auto kksr-align-center kksr-valign-bottom\"\n    data-payload='{&quot;align&quot;:&quot;center&quot;,&quot;id&quot;:&quot;44246&quot;,&quot;slug&quot;:&quot;default&quot;,&quot;valign&quot;:&quot;bottom&quot;,&quot;ignore&quot;:&quot;&quot;,&quot;reference&quot;:&quot;auto&quot;,&quot;class&quot;:&quot;&quot;,&quot;count&quot;:&quot;0&quot;,&quot;legendonly&quot;:&quot;&quot;,&quot;readonly&quot;:&quot;&quot;,&quot;score&quot;:&quot;0&quot;,&quot;starsonly&quot;:&quot;&quot;,&quot;best&quot;:&quot;5&quot;,&quot;gap&quot;:&quot;5&quot;,&quot;greet&quot;:&quot;Valora este art\u00edculo&quot;,&quot;legend&quot;:&quot;0\\\/5 - (0 votos)&quot;,&quot;size&quot;:&quot;24&quot;,&quot;title&quot;:&quot;Cyber Monday 2026: las mejores ofertas\u00a0&quot;,&quot;width&quot;:&quot;0&quot;,&quot;_legend&quot;:&quot;{score}\\\/{best} - ({count} {votes})&quot;,&quot;font_factor&quot;:&quot;1.25&quot;}'>\n            \n<div class=\"kksr-stars\">\n    \n<div class=\"kksr-stars-inactive\">\n            <div class=\"kksr-star\" data-star=\"1\" style=\"padding-right: 5px\">\n            \n\n<div class=\"kksr-icon\" style=\"width: 24px; height: 24px;\"><\/div>\n        <\/div>\n            <div class=\"kksr-star\" data-star=\"2\" style=\"padding-right: 5px\">\n            \n\n<div class=\"kksr-icon\" style=\"width: 24px; height: 24px;\"><\/div>\n        <\/div>\n            <div class=\"kksr-star\" data-star=\"3\" style=\"padding-right: 5px\">\n            \n\n<div class=\"kksr-icon\" style=\"width: 24px; height: 24px;\"><\/div>\n        <\/div>\n            <div class=\"kksr-star\" data-star=\"4\" style=\"padding-right: 5px\">\n            \n\n<div class=\"kksr-icon\" style=\"width: 24px; height: 24px;\"><\/div>\n        <\/div>\n            <div class=\"kksr-star\" data-star=\"5\" style=\"padding-right: 5px\">\n            \n\n<div class=\"kksr-icon\" style=\"width: 24px; height: 24px;\"><\/div>\n        <\/div>\n    <\/div>\n    \n<div class=\"kksr-stars-active\" style=\"width: 0px;\">\n            <div class=\"kksr-star\" style=\"padding-right: 5px\">\n            \n\n<div class=\"kksr-icon\" style=\"width: 24px; height: 24px;\"><\/div>\n        <\/div>\n            <div class=\"kksr-star\" style=\"padding-right: 5px\">\n            \n\n<div class=\"kksr-icon\" style=\"width: 24px; height: 24px;\"><\/div>\n        <\/div>\n            <div class=\"kksr-star\" style=\"padding-right: 5px\">\n            \n\n<div class=\"kksr-icon\" style=\"width: 24px; height: 24px;\"><\/div>\n        <\/div>\n            <div class=\"kksr-star\" style=\"padding-right: 5px\">\n            \n\n<div class=\"kksr-icon\" style=\"width: 24px; height: 24px;\"><\/div>\n        <\/div>\n            <div class=\"kksr-star\" style=\"padding-right: 5px\">\n            \n\n<div class=\"kksr-icon\" style=\"width: 24px; height: 24px;\"><\/div>\n        <\/div>\n    <\/div>\n<\/div>\n                \n\n<div class=\"kksr-legend\" style=\"font-size: 19.2px;\">\n            <span class=\"kksr-muted\">Valora este art\u00edculo<\/span>\n    <\/div>\n    <\/div>\n","protected":false},"excerpt":{"rendered":"<p>El lunes menos dif\u00edcil del a\u00f1o se llama Cyber Monday, una oportunidad \u00fanica para adelantar tus compras navide\u00f1as o darte un capricho (bien) merecido. En Perfumer\u00edas Primor contamos con cientos de descuentos y ofertas de Cyber Monday donde podr\u00e1s celebrar los mejores cyber days con tus favoritos en perfumes, maquillaje, tratamientos de cosm\u00e9tica y mucho [&hellip;]<\/p>\n","protected":false},"author":14,"featured_media":117845,"comment_status":"open","ping_status":"open","sticky":false,"template":"","format":"standard","meta":{"jnews-multi-image_gallery":[],"jnews_single_post":{"subtitle":"","format":"standard","video":"","gallery":"","source_name":"","source_url":"","via_name":"","via_url":"","override_template":"0","override":[{"template":"1","single_blog_custom":"","parallax":"1","fullscreen":"1","layout":"right-sidebar","sidebar":"home-2","second_sidebar":"default-sidebar","sticky_sidebar":"0","share_position":"float","share_float_style":"share-monocrhome","show_share_counter":"0","show_view_counter":"0","show_featured":"1","show_post_meta":"1","show_post_author":"0","show_post_author_image":"1","show_post_date":"1","post_date_format":"default","post_date_format_custom":"Y\/m\/d","show_post_category":"1","show_post_reading_time":"0","post_reading_time_wpm":"300","show_zoom_button":"0","zoom_button_out_step":"2","zoom_button_in_step":"3","show_post_tag":"0","show_prev_next_post":"0","show_popup_post":"0","number_popup_post":"2","show_author_box":"0","show_post_related":"0","show_inline_post_related":"1"}],"override_image_size":"0","image_override":[{"single_post_thumbnail_size":"no-crop","single_post_gallery_size":"crop-500"}],"trending_post":"0","trending_post_position":"meta","trending_post_label":"Trending","sponsored_post":"0","sponsored_post_label":"Sponsored by","sponsored_post_name":"","sponsored_post_url":"","sponsored_post_logo_enable":"0","sponsored_post_logo":"","sponsored_post_desc":"","disable_ad":"0"},"jnews_primary_category":{"id":"","hide":""},"jnews_social_meta":{"fb_title":"","fb_description":"","fb_image":"","twitter_title":"","twitter_description":"","twitter_image":""},"jnews_override_counter":{"override_view_counter":"0","view_counter_number":"0","override_share_counter":"0","share_counter_number":"0","override_like_counter":"0","like_counter_number":"0","override_dislike_counter":"0","dislike_counter_number":"0"},"footnotes":""},"categories":[6321,6323,36],"tags":[],"class_list":["post-44246","post","type-post","status-publish","format-standard","has-post-thumbnail","hentry","category-banner-home","category-black-friday","category-consejos-belleza"],"_links":{"self":[{"href":"https:\/\/www.primor.eu\/blog\/wp-json\/wp\/v2\/posts\/44246","targetHints":{"allow":["GET"]}}],"collection":[{"href":"https:\/\/www.primor.eu\/blog\/wp-json\/wp\/v2\/posts"}],"about":[{"href":"https:\/\/www.primor.eu\/blog\/wp-json\/wp\/v2\/types\/post"}],"author":[{"embeddable":true,"href":"https:\/\/www.primor.eu\/blog\/wp-json\/wp\/v2\/users\/14"}],"replies":[{"embeddable":true,"href":"https:\/\/www.primor.eu\/blog\/wp-json\/wp\/v2\/comments?post=44246"}],"version-history":[{"count":37,"href":"https:\/\/www.primor.eu\/blog\/wp-json\/wp\/v2\/posts\/44246\/revisions"}],"predecessor-version":[{"id":138363,"href":"https:\/\/www.primor.eu\/blog\/wp-json\/wp\/v2\/posts\/44246\/revisions\/138363"}],"wp:featuredmedia":[{"embeddable":true,"href":"https:\/\/www.primor.eu\/blog\/wp-json\/wp\/v2\/media\/117845"}],"wp:attachment":[{"href":"https:\/\/www.primor.eu\/blog\/wp-json\/wp\/v2\/media?parent=44246"}],"wp:term":[{"taxonomy":"category","embeddable":true,"href":"https:\/\/www.primor.eu\/blog\/wp-json\/wp\/v2\/categories?post=44246"},{"taxonomy":"post_tag","embeddable":true,"href":"https:\/\/www.primor.eu\/blog\/wp-json\/wp\/v2\/tags?post=44246"}],"curies":[{"name":"wp","href":"https:\/\/api.w.org\/{rel}","templated":true}]}}