{"id":43986,"date":"2026-04-12T13:11:03","date_gmt":"2026-04-12T13:11:03","guid":{"rendered":"https:\/\/blog.primor.eu\/?p=43986"},"modified":"2026-04-12T13:11:05","modified_gmt":"2026-04-12T13:11:05","slug":"cosmeticos-naturales","status":"publish","type":"post","link":"https:\/\/www.primor.eu\/blog\/cosmeticos-naturales\/","title":{"rendered":"Cosm\u00e9ticos naturales: qu\u00e9 son, para qu\u00e9 sirven, beneficios y los mejores tratamientos"},"content":{"rendered":"\n<p>Los <strong>cosm\u00e9ticos naturales<\/strong> y <strong>productos ecol\u00f3gicos <\/strong>son una alternativa elaborada a base de<strong> ingredientes extra\u00eddos de la naturaleza<\/strong> que trabaja para cuidar tu piel, respetando su pH y embelleciendo su aspecto desde el interior.&nbsp;<\/p>\n\n\n\n<p>Son <strong>el gran aliado de las pieles m\u00e1s delicadas, sensibles y vulnerables<\/strong>, ya que su f\u00f3rmula <strong>libre de t\u00f3xicos <\/strong>representan una de las mejores alternativas cut\u00e1neas q<strong>ue no provocan rojeces o irritaciones en la dermis<\/strong>. Adem\u00e1s, la f\u00f3rmula de estos productos suponen el h\u00edbrido perfecto entre innovaci\u00f3n y tecnolog\u00eda, ya que aprovechan el extraordinario poder de la naturaleza para cuidar desde el interior tu rostro, cuerpo y cabello.<\/p>\n\n\n\n<p>Sin embargo, este tipo de productos y tratamientos todav\u00eda cuenta con<strong> miles de tab\u00faes <\/strong>que ponen en duda su eficacia demostrada. Por esa misma raz\u00f3n, hoy desvelamos algunos de los <strong>mayores beneficios<\/strong> de esta clase de cosm\u00e9ticos que se han convertido en toda una revoluci\u00f3n para la piel.&nbsp;<\/p>\n\n\n\n<p>Adem\u00e1s, tambi\u00e9n os desvelaremos los mejores productos y todo lo que estos pueden hacer por el bienestar cut\u00e1neo: desde toda clase de <a href=\"https:\/\/www.primor.eu\/es_es\/natural-y-organico-cosmetica-natural\">tratamientos faciales<\/a> hasta aquellos superestrellas <a href=\"https:\/\/www.primor.eu\/es_es\/corporales\">corporales<\/a>, productos para el <a href=\"https:\/\/www.primor.eu\/es_es\/cabello-natural\">cabello<\/a> y <a href=\"https:\/\/www.primor.eu\/es_es\/maquillaje-natural\">maquillaje<\/a> de todas tus marcas favoritas siempre a precios completamente irresistibles que son toda una declaraci\u00f3n de intenciones.&nbsp;<\/p>\n\n\n\n<h2 class=\"wp-block-heading\">\u00bfQu\u00e9 es Natural y Org\u00e1nico?<\/h2>\n\n\n\n<p><strong>Natural y Org\u00e1nico<\/strong> es un universo dise\u00f1ado para las pieles que buscan una alternativa <strong>m\u00e1s suave, natural y respetuosa <\/strong>con su piel. Dentro de ella podr\u00e1s encontrar miles de tratamientos elaborados a base de <strong>ingredientes extra\u00eddos de la naturaleza<\/strong> que aprovechan su poder y sus capacidades <strong>hidratantes, nutritivas y protectoras<\/strong> para combatir arrugas y embellecer el aspecto de tu piel y de tu cabello.&nbsp;<\/p>\n\n\n\n<p>De esta forma, podr\u00e1s encontrar hasta un sinf\u00edn de <a href=\"https:\/\/www.primor.eu\/es_es\/natural-y-organico-cosmetica-natural\">tratamientos faciales<\/a> que completar\u00e1n tu rutina de belleza diaria hasta <a href=\"https:\/\/www.primor.eu\/es_es\/corporales\">productos para el cuidado de la piel del cuerpo<\/a>, superestrellas que te ayudar\u00e1n a&nbsp; presumir de melen\u00f3n y un amplio abanico de opciones de <a href=\"https:\/\/www.primor.eu\/es_es\/maquillaje-natural\">maquillaje<\/a> para un resultado natural y perfeccionador.&nbsp;<\/p>\n\n\n\n<h2 class=\"wp-block-heading\">Cosm\u00e9tica natural: qu\u00e9 es y para qu\u00e9 sirve&nbsp;<\/h2>\n\n\n\n<p>La <strong>cosm\u00e9tica natural<\/strong> forma parte de un cambio de mentalidad hacia un estilo de vida m\u00e1s sostenible y saludable. Son productos libre de t\u00f3xicos elaborados a base de activos naturales y materiales reciclables que respetan la piel y protegen el medio que nos rodea. Son aptos para todo tipo de pieles, y respetan el pH de las pieles m\u00e1s sensibles, vulnerables, con ros\u00e1cea o dermatitis.<\/p>\n\n\n\n<h2 class=\"wp-block-heading\">10 ventajas de usar cosm\u00e9ticos naturales<\/h2>\n\n\n\n<p>La <strong>cosm\u00e9tica natural<\/strong> proporciona m\u00faltiples beneficios a nuestra piel y a nuestra salud. Desde hidratarla en profundidad hasta embellecer su aspecto desde el interior, algunas de las ventajas m\u00e1s importantes son:<\/p>\n\n\n\n<ul class=\"wp-block-list\">\n<li>La cosm\u00e9tica natural est\u00e1 <strong>comprometida con la protecci\u00f3n del medioambiente<\/strong>.<\/li>\n\n\n\n<li>Sus ingredientes poseen una mayor tolerancia que evita las alergias y las reacciones cut\u00e1neas.<\/li>\n\n\n\n<li>Sus f\u00f3rmulas poseen una <strong>mayor concentraci\u00f3n de principios activos <\/strong>y no a\u00f1aden los llamados \u201cingredientes de relleno\u201d.<\/li>\n\n\n\n<li>Aportan nutrientes de calidad a la piel.<\/li>\n\n\n\n<li>Muestra<strong> resultados eficaces y duraderos <\/strong>desde la primera aplicaci\u00f3n<strong>.<\/strong><\/li>\n\n\n\n<li>Es <strong>apta para todo tipo de pieles<\/strong>, incluso las m\u00e1s sensibles, vulnerables, o con patolog\u00edas como ros\u00e1cea o dermatitis..&nbsp;<\/li>\n\n\n\n<li><strong>No contiene conservantes<\/strong>, aromas sint\u00e9ticos ni perfumes artificiales.<\/li>\n\n\n\n<li>Sus <strong>aromas naturales<\/strong> poseen propiedades calmantes de aromaterapia.&nbsp;<\/li>\n\n\n\n<li>Estos productos poseen una <strong>mayor absorci\u00f3n y oxigenaci\u00f3n.<\/strong>&nbsp;<\/li>\n\n\n\n<li>Es <strong>100% libre de t\u00f3xicos.<\/strong><\/li>\n<\/ul>\n\n\n\n<h2 class=\"wp-block-heading\">Productos cosm\u00e9ticos naturales: el poder de la naturaleza<\/h2>\n\n\n\n<p>Los <strong>productos cosm\u00e9ticos naturales<\/strong> trabajan en cuidar tu piel para mantener su salud y obtener un estado \u00f3ptimo, terso, brillante y visiblemente m\u00e1s joven. Todos ellos beben del poder de la naturaleza y est\u00e1n elaborados a base de <strong>extractos vegetales<\/strong> e<strong> ingredientes activos naturales <\/strong>que nutren, hidratan y acaban con los signos de la edad como <strong>manchas, arrugas, l\u00edneas de expresi\u00f3n<\/strong> o <strong>estr\u00edas<\/strong>.&nbsp;<\/p>\n\n\n\n<p>Dentro de la gama de <a href=\"https:\/\/www.primor.eu\/es_es\/natural-y-organico-cosmetica-natural\">cuidado facial<\/a> podr\u00e1s encontrar toda clase de productos y tratamientos que limpian, humectan y previenen el envejecimiento cut\u00e1neo, revelando un aspecto saludable, luminoso y joven. Desde <a href=\"https:\/\/www.primor.eu\/es_es\/pequeno-piloto\">contornos de ojos naturales<\/a>, hasta <a href=\"https:\/\/www.primor.eu\/es_es\/cremas-antiarrugas-y-antiedad\">cremas faciales antiarrugas<\/a>, <a href=\"https:\/\/www.primor.eu\/es_es\/higiene-y-limpieza-natural\">limpiadores<\/a>, s\u00e9rums, protectores faciales naturales\u2026 E incluso una <a href=\"https:\/\/www.primor.eu\/es_es\/maquillaje-natural\">l\u00ednea de make up<\/a> que supone el h\u00edbrido perfecto entre tratamiento y maquillaje.&nbsp;<\/p>\n\n\n\n<p>Por otro lado, en su colecci\u00f3n de <a href=\"https:\/\/www.primor.eu\/es_es\/corporales\">corporales<\/a>, encontrar\u00e1s desde <strong>espumas limpiadoras<\/strong> hasta <strong>lociones<\/strong>, <strong>mantecas naturales, exfoliantes corporales naturales <\/strong>y mucho m\u00e1s.&nbsp;<\/p>\n\n\n\n<p>Finalmente, su gama de <a href=\"https:\/\/www.primor.eu\/es_es\/cabello-natural\">cabello<\/a> destaca por su gran capacidad para regenerar, reparar y revitalizar el estado de tu pelo para que puedas presumir de una melena sana y brillante con miles de <strong>champ\u00fas<\/strong>, <strong>mascarillas <\/strong>y <strong>acondicionamientos <\/strong>libres de t\u00f3xicos o ingredientes que pudieran debilitar tu cuero cabelludo.&nbsp;<\/p>\n\n\n\n<p>Adem\u00e1s, tambi\u00e9n encontrar\u00e1s un amplio cat\u00e1logo de <a href=\"https:\/\/www.primor.eu\/es_es\/alimentacion-saludable\">suplementos alimenticios<\/a> que mejoran el bienestar de tu salud, as\u00ed como una amplia variedad de <a href=\"https:\/\/www.primor.eu\/es_es\/perfumes-naturales\">perfumes naturales<\/a> que quitan el hipo.<\/p>\n\n\n\n<h2 class=\"wp-block-heading\">\u00bfQu\u00e9 diferencia hay entre cosm\u00e9tica natural, org\u00e1nica y vegana?<\/h2>\n\n\n\n<p>Las <strong>prioridades <\/strong>a la hora de escoger cosm\u00e9ticos han cambiado radicalmente en los \u00faltimos a\u00f1os. Cada vez exigimos una mayor presencia de ingredientes naturales y procesos respetuosos y esto ha provocado que cada vez tengamos m\u00e1s opciones entre las que elegir. \u00bfLas conoces?&nbsp;<\/p>\n\n\n\n<ul class=\"wp-block-list\">\n<li><strong>Cosm\u00e9tica natural.<\/strong> Es aquella elaborada \u00fanicamente con ingredientes de origen natural. Sus f\u00f3rmulas no tienen parabenos, siliconas, conservantes, colorantes artificiales ni \u00f3leos minerales.&nbsp;<\/li>\n\n\n\n<li><strong>Cosm\u00e9tica org\u00e1nica o ecol\u00f3gica<\/strong>. Es aquella que posee el certificado Ecocert. Un distintivo europeo que garantiza que estos productos contienen un 95% o m\u00e1s de ingredientes naturales. Y el 5% restante procede de agricultura ecol\u00f3gica. Este sello tambi\u00e9n garantiza que sus envases son biodegradables.&nbsp;<\/li>\n\n\n\n<li><strong>Cosm\u00e9tica vegana.<\/strong> Es aquella que no contiene ingredientes procedentes de animales ni generados por ellos (leche, miel, etc.). Eso s\u00ed, no implica que sus productos no hayan sido testados en animales. Para asegurarnos de que es un producto libre de crueldad debemos buscar siempre el distintivo cruelty free en el embalaje.&nbsp;<\/li>\n<\/ul>\n\n\n\n<h2 class=\"wp-block-heading\">Los mejores cosm\u00e9ticos naturales y productos ecol\u00f3gicos<\/h2>\n\n\n\n<p>Ahora que ya sabes todo lo que los cosm\u00e9ticos naturales y los productos ecol\u00f3gicos pueden hacer por ti, es hora de llenar tu arsenal de belleza. Estos son algunos de nuestros favoritos:<\/p>\n\n\n        <product-table class=\"pr-slider\">\r\n            <product-headers class=\"grid-table-rows\">\r\n                <div>Foto<\/div>\r\n                <div>Producto<\/div>\r\n                <div>Marca<\/div>\r\n                <div>Valoraciones<\/div>\r\n                <div>Precio<\/div>\r\n            <\/product-headers>\r\n\r\n            <product-list>\r\n                                    <a href=\"https:\/\/www.primor.eu\/es_es\/arganour-aceite-puro-de-rosa-mosqueta-bio-14492.html\" class=\"product-item grid-table-rows\" target=\"_blank\">\r\n                        <div>\r\n                            <img decoding=\"async\" class=\"product-img\" width=\"80px\" height=\"80px\" src=\"https:\/\/cdn2.primor.eu\/media\/catalog\/product\/cache\/8d3aba296f7a18b5251ee30fa5db42b2\/2\/B\/2BL02450_1_c082.jpg\" alt=\"Aceite de semillas de rosa mosqueta\">\r\n                        <\/div>\r\n\r\n                        <!-- Contenido de producto  -->\r\n                        <div>\r\n                            <div class=\"product-position\">\r\n                                #1 Top Ventas                            <\/div>\r\n\r\n                            <h2>\r\n                                Aceite de semillas de rosa mosqueta                            <\/h2>\r\n                        <\/div>\r\n\r\n                        <!-- Imagen y\/o nombre de la marca -->\r\n                        <div>\r\n                                                            <img decoding=\"async\" width=\"70\" src=\"https:\/\/www.primor.eu\/media\/catalog\/category\/arganour.jpg\" alt=\"\">\r\n                                                    <\/div>\r\n\r\n                        <!-- Puntuaci\u00f3n del producto  -->\r\n                        <div class=\"rating\">\r\n                                                            <div class=\"rate\" style=\"--p:94;\"><\/div>\r\n                                <b>4.7\/5<\/b>\r\n                                <div class=\"rate-stars\">\r\n                                                                            <div\r\n                                            class=\"rate-star  \">\r\n                                        <\/div>\r\n                                                                            <div\r\n                                            class=\"rate-star  \">\r\n                                        <\/div>\r\n                                                                            <div\r\n                                            class=\"rate-star  \">\r\n                                        <\/div>\r\n                                                                            <div\r\n                                            class=\"rate-star  \">\r\n                                        <\/div>\r\n                                                                            <div\r\n                                            class=\"rate-star  \">\r\n                                        <\/div>\r\n                                                                    <\/div>\r\n                                                    <\/div>\r\n\r\n                        <!-- Bot\u00f3n de producto  -->\r\n                        <div>\r\n                            <span class=\"price-claim\">\r\n                                VER PRECIO                            <\/span>\r\n                        <\/div>\r\n                    <\/a>\r\n                                    <a href=\"https:\/\/www.primor.eu\/es_es\/weleda-aceite-facial-reafirmante-de-granada-106289.html?#863=67055\" class=\"product-item grid-table-rows\" target=\"_blank\">\r\n                        <div>\r\n                            <img decoding=\"async\" class=\"product-img\" width=\"80px\" height=\"80px\" src=\"https:\/\/cdn2.primor.eu\/media\/catalog\/product\/cache\/8d3aba296f7a18b5251ee30fa5db42b2\/A\/c\/Aceite_Facial_Reafirmante_de_Granada___P__ptidos_de_Maca_7709.png\" alt=\"Aceite Facial Reafirmante de Granada\">\r\n                        <\/div>\r\n\r\n                        <!-- Contenido de producto  -->\r\n                        <div>\r\n                            <div class=\"product-position\">\r\n                                #2                            <\/div>\r\n\r\n                            <h2>\r\n                                Aceite Facial Reafirmante de Granada                            <\/h2>\r\n                        <\/div>\r\n\r\n                        <!-- Imagen y\/o nombre de la marca -->\r\n                        <div>\r\n                                                            <img decoding=\"async\" width=\"70\" src=\"https:\/\/www.primor.eu\/media\/catalog\/category\/Weleda.jpg\" alt=\"Weleda\">\r\n                                                    <\/div>\r\n\r\n                        <!-- Puntuaci\u00f3n del producto  -->\r\n                        <div class=\"rating\">\r\n                                                            <div class=\"rate\" style=\"--p:80;\"><\/div>\r\n                                <b>4\/5<\/b>\r\n                                <div class=\"rate-stars\">\r\n                                                                            <div\r\n                                            class=\"rate-star  \">\r\n                                        <\/div>\r\n                                                                            <div\r\n                                            class=\"rate-star  \">\r\n                                        <\/div>\r\n                                                                            <div\r\n                                            class=\"rate-star  \">\r\n                                        <\/div>\r\n                                                                            <div\r\n                                            class=\"rate-star  \">\r\n                                        <\/div>\r\n                                                                            <div\r\n                                            class=\"rate-star disable \">\r\n                                        <\/div>\r\n                                                                    <\/div>\r\n                                                    <\/div>\r\n\r\n                        <!-- Bot\u00f3n de producto  -->\r\n                        <div>\r\n                            <span class=\"price-claim\">\r\n                                VER PRECIO                            <\/span>\r\n                        <\/div>\r\n                    <\/a>\r\n                                    <a href=\"https:\/\/www.primor.eu\/es_es\/dr-organic-mascarilla-facial-carbon-activado-16123.html\" class=\"product-item grid-table-rows\" target=\"_blank\">\r\n                        <div>\r\n                            <img decoding=\"async\" class=\"product-img\" width=\"80px\" height=\"80px\" src=\"https:\/\/cdn2.primor.eu\/media\/catalog\/product\/cache\/8d3aba296f7a18b5251ee30fa5db42b2\/5\/0\/5060391844190_principal_mascarilla_facial_de_carb__n_531f.jpg\" alt=\"Mascarilla Facial Carb\u00f3n Activado\">\r\n                        <\/div>\r\n\r\n                        <!-- Contenido de producto  -->\r\n                        <div>\r\n                            <div class=\"product-position\">\r\n                                #3                            <\/div>\r\n\r\n                            <h2>\r\n                                Mascarilla Facial Carb\u00f3n Activado                            <\/h2>\r\n                        <\/div>\r\n\r\n                        <!-- Imagen y\/o nombre de la marca -->\r\n                        <div>\r\n                                                            <img decoding=\"async\" width=\"70\" src=\"https:\/\/www.primor.eu\/media\/catalog\/category\/Dr-Organic.jpg\" alt=\"\">\r\n                                                    <\/div>\r\n\r\n                        <!-- Puntuaci\u00f3n del producto  -->\r\n                        <div class=\"rating\">\r\n                                                            <div class=\"rate\" style=\"--p:100;\"><\/div>\r\n                                <b>5\/5<\/b>\r\n                                <div class=\"rate-stars\">\r\n                                                                            <div\r\n                                            class=\"rate-star  \">\r\n                                        <\/div>\r\n                                                                            <div\r\n                                            class=\"rate-star  \">\r\n                                        <\/div>\r\n                                                                            <div\r\n                                            class=\"rate-star  \">\r\n                                        <\/div>\r\n                                                                            <div\r\n                                            class=\"rate-star  \">\r\n                                        <\/div>\r\n                                                                            <div\r\n                                            class=\"rate-star  \">\r\n                                        <\/div>\r\n                                                                    <\/div>\r\n                                                    <\/div>\r\n\r\n                        <!-- Bot\u00f3n de producto  -->\r\n                        <div>\r\n                            <span class=\"price-claim\">\r\n                                VER PRECIO                            <\/span>\r\n                        <\/div>\r\n                    <\/a>\r\n                                    <a href=\"https:\/\/www.primor.eu\/es_es\/natura-siberica-oblepikha-complejo-de-aceites-reparador-de-puntas-9065.html\" class=\"product-item grid-table-rows\" target=\"_blank\">\r\n                        <div>\r\n                            <img decoding=\"async\" class=\"product-img\" width=\"80px\" height=\"80px\" src=\"https:\/\/cdn2.primor.eu\/media\/catalog\/product\/cache\/8d3aba296f7a18b5251ee30fa5db42b2\/2\/C\/2CN00254_1_1c7b.jpg\" alt=\"Oblepikha Complejo de Aceites Reparador de Puntas\">\r\n                        <\/div>\r\n\r\n                        <!-- Contenido de producto  -->\r\n                        <div>\r\n                            <div class=\"product-position\">\r\n                                #4                            <\/div>\r\n\r\n                            <h2>\r\n                                Oblepikha Complejo de Aceites Reparador de Puntas                            <\/h2>\r\n                        <\/div>\r\n\r\n                        <!-- Imagen y\/o nombre de la marca -->\r\n                        <div>\r\n                                                            <img decoding=\"async\" width=\"70\" src=\"https:\/\/www.primor.eu\/media\/catalog\/category\/Natura_Siberica.jpg\" alt=\"\">\r\n                                                    <\/div>\r\n\r\n                        <!-- Puntuaci\u00f3n del producto  -->\r\n                        <div class=\"rating\">\r\n                                                            <div class=\"rate\" style=\"--p:90;\"><\/div>\r\n                                <b>4.5\/5<\/b>\r\n                                <div class=\"rate-stars\">\r\n                                                                            <div\r\n                                            class=\"rate-star  \">\r\n                                        <\/div>\r\n                                                                            <div\r\n                                            class=\"rate-star  \">\r\n                                        <\/div>\r\n                                                                            <div\r\n                                            class=\"rate-star  \">\r\n                                        <\/div>\r\n                                                                            <div\r\n                                            class=\"rate-star  \">\r\n                                        <\/div>\r\n                                                                            <div\r\n                                            class=\"rate-star  middle\">\r\n                                        <\/div>\r\n                                                                    <\/div>\r\n                                                    <\/div>\r\n\r\n                        <!-- Bot\u00f3n de producto  -->\r\n                        <div>\r\n                            <span class=\"price-claim\">\r\n                                VER PRECIO                            <\/span>\r\n                        <\/div>\r\n                    <\/a>\r\n                            <\/product-list>\r\n        <\/product-table>\r\n\r\n        \n\n\n\n<h3 class=\"wp-block-heading\">Aceite Puro de Rosa Mosqueta Bio de Arganour<\/h3>\n\n\n\n<p>El Aceite de Rosa Mosqueta es un aceite vegetal con grandes propiedades para la medicina convencional y est\u00e9tica. \u00c9ste se extrae de las semillas de un arbusto silvestre de la familia de las rosas (Rosa moschata o Rosa Rubiginosa). Su composici\u00f3n con numerosos \u00e1cidos grasos esenciales (\u00e1cido omega 6, omega 3, linoleico), antioxidantes y vitaminas (retinol \u2013vitamina A- , vitamina C, E) lo convierten en un objeto imprescindible en nuestra casa.<\/p>\n\n\n    <a class='product' target='_blank' href='https:\/\/www.primor.eu\/es_es\/arganour-aceite-puro-de-rosa-mosqueta-bio-14492.html'>\r\n        <img loading='async' src='https:\/\/cdn2.primor.eu\/media\/catalog\/product\/cache\/8d3aba296f7a18b5251ee30fa5db42b2\/2\/B\/2BL02450_1_c082.jpg' alt='COMPRAR AHORA'>\r\n            <div class=\"claim\">\r\n                COMPRAR AHORA            <\/div>\r\n        <\/a>\r\n    \n\n\n\n<h3 class=\"wp-block-heading\">Aceite Facial Reafirmante de Granada de Weleda<\/h3>\n\n\n\n<p>Potente concentrado antioxidante de f\u00f3rmula ligera y r\u00e1pida absorci\u00f3n, este aceite facial 100% natural y 90% BIO, a base de 8 aceites vegetales BIO nutre, reafirma, reduce l\u00edneas y arrugas, favorece la renovaci\u00f3n celular y potencia la funci\u00f3n protectora de la piel, protegi\u00e9ndola del estr\u00e9s oxidativo para una piel iluminada y revitalizada.<\/p>\n\n\n    <a class='product' target='_blank' href='https:\/\/www.primor.eu\/es_es\/weleda-aceite-facial-reafirmante-de-granada-106289.html?#863=67055'>\r\n        <img loading='async' src='https:\/\/cdn2.primor.eu\/media\/catalog\/product\/cache\/8d3aba296f7a18b5251ee30fa5db42b2\/A\/c\/Aceite_Facial_Reafirmante_de_Granada___P__ptidos_de_Maca_7709.png' alt='COMPRAR AHORA'>\r\n            <div class=\"claim\">\r\n                COMPRAR AHORA            <\/div>\r\n        <\/a>\r\n    \n\n\n\n<h3 class=\"wp-block-heading\">Mascarilla Facial Carb\u00f3n Activado de Dr. Organic<\/h3>\n\n\n\n<p>El carb\u00f3n activado es un ingrediente natural excepcional que, al combinarse con \u00e1cidos frutales naturales, crea una mascarilla purificante que absorbe impurezas como la suciedad y el aceite. Mascarilla antipoluci\u00f3n que ayuda a eliminar el exceso de grasa y las impurezas, proporcionando una tez clara y dejando la piel totalmente fresca con poros profundamente limpios.<\/p>\n\n\n    <a class='product' target='_blank' href='https:\/\/www.primor.eu\/es_es\/dr-organic-mascarilla-facial-carbon-activado-16123.html'>\r\n        <img loading='async' src='https:\/\/cdn2.primor.eu\/media\/catalog\/product\/cache\/8d3aba296f7a18b5251ee30fa5db42b2\/5\/0\/5060391844190_principal_mascarilla_facial_de_carb__n_531f.jpg' alt='COMPRAR AHORA'>\r\n            <div class=\"claim\">\r\n                COMPRAR AHORA            <\/div>\r\n        <\/a>\r\n    \n\n\n\n<h3 class=\"wp-block-heading\">Oblepikha Complejo de Aceites Reparador de Puntas de Natura Siberica<\/h3>\n\n\n\n<p>El completo de aceites reparador de puntas Oblepikha de Natura Siberica suaviza y repara las puntas abiertas, restaurando visiblemente la estructura del cabello manteni\u00e9ndola el\u00e1stica y reparada.<\/p>\n\n\n    <a class='product' target='_blank' href='https:\/\/www.primor.eu\/es_es\/natura-siberica-oblepikha-complejo-de-aceites-reparador-de-puntas-9065.html'>\r\n        <img loading='async' src='https:\/\/cdn2.primor.eu\/media\/catalog\/product\/cache\/8d3aba296f7a18b5251ee30fa5db42b2\/2\/C\/2CN00254_1_1c7b.jpg' alt='COMPRAR AHORA'>\r\n            <div class=\"claim\">\r\n                COMPRAR AHORA            <\/div>\r\n        <\/a>\r\n    \n\n\n\n<h3 class=\"wp-block-heading\">T\u00f3nico Facial de Doctor Hauschka<\/h3>\n\n\n\n<p>Es el cuidado b\u00e1sico fortalecedor ideal para la piel normal, seca, sensible que necesita regeneraci\u00f3n. Su f\u00f3rmula, con hamamelis y anthyllis, estimula el metabolismo de la piel, aport\u00e1ndole frescura y vitalidad.<\/p>\n\n\n    <a class='product' target='_blank' href='https:\/\/www.primor.eu\/es_es\/doctor-hauschka-tonico-facial-especial-14541.html'>\r\n        <img loading='async' src='https:\/\/cdn2.primor.eu\/media\/catalog\/product\/cache\/8d3aba296f7a18b5251ee30fa5db42b2\/4\/0\/4020829005280_1_25eb.jpg' alt='COMPRAR AHORA'>\r\n            <div class=\"claim\">\r\n                COMPRAR AHORA            <\/div>\r\n        <\/a>\r\n    \n\n\n\n<h3 class=\"wp-block-heading\">Crema Antiimperfecciones de Nacomi<\/h3>\n\n\n\n<p>Su formulaci\u00f3n con principios activos de Elestab\u2122, bisabolol y \u00e1cido glicirret\u00ednico hace que la crema sea antibacteriana y acelera la eliminaci\u00f3n de las lesiones cut\u00e1neas.<\/p>\n\n\n\n<p>Reduce los puntos negros y la decoloraci\u00f3n del acn\u00e9 y previene su reaparici\u00f3n.<\/p>\n\n\n    <a class='product' target='_blank' href='https:\/\/www.primor.eu\/es_es\/nacomi-crema-antiimperfecciones-65560.html'>\r\n        <img loading='async' src='https:\/\/cdn2.primor.eu\/media\/catalog\/product\/cache\/8d3aba296f7a18b5251ee30fa5db42b2\/0\/T\/0TF22961_1_4ce1.jpg' alt='COMPRAR AHORA'>\r\n            <div class=\"claim\">\r\n                COMPRAR AHORA            <\/div>\r\n        <\/a>\r\n    \n\n\n<div class=\"kk-star-ratings kksr-auto kksr-align-center kksr-valign-bottom\"\n    data-payload='{&quot;align&quot;:&quot;center&quot;,&quot;id&quot;:&quot;43986&quot;,&quot;slug&quot;:&quot;default&quot;,&quot;valign&quot;:&quot;bottom&quot;,&quot;ignore&quot;:&quot;&quot;,&quot;reference&quot;:&quot;auto&quot;,&quot;class&quot;:&quot;&quot;,&quot;count&quot;:&quot;0&quot;,&quot;legendonly&quot;:&quot;&quot;,&quot;readonly&quot;:&quot;&quot;,&quot;score&quot;:&quot;0&quot;,&quot;starsonly&quot;:&quot;&quot;,&quot;best&quot;:&quot;5&quot;,&quot;gap&quot;:&quot;5&quot;,&quot;greet&quot;:&quot;Valora este art\u00edculo&quot;,&quot;legend&quot;:&quot;0\\\/5 - (0 votos)&quot;,&quot;size&quot;:&quot;24&quot;,&quot;title&quot;:&quot;Cosm\u00e9ticos naturales: qu\u00e9 son, para qu\u00e9 sirven, beneficios y los mejores tratamientos&quot;,&quot;width&quot;:&quot;0&quot;,&quot;_legend&quot;:&quot;{score}\\\/{best} - ({count} {votes})&quot;,&quot;font_factor&quot;:&quot;1.25&quot;}'>\n            \n<div class=\"kksr-stars\">\n    \n<div class=\"kksr-stars-inactive\">\n            <div class=\"kksr-star\" data-star=\"1\" style=\"padding-right: 5px\">\n            \n\n<div class=\"kksr-icon\" style=\"width: 24px; height: 24px;\"><\/div>\n        <\/div>\n            <div class=\"kksr-star\" data-star=\"2\" style=\"padding-right: 5px\">\n            \n\n<div class=\"kksr-icon\" style=\"width: 24px; height: 24px;\"><\/div>\n        <\/div>\n            <div class=\"kksr-star\" data-star=\"3\" style=\"padding-right: 5px\">\n            \n\n<div class=\"kksr-icon\" style=\"width: 24px; height: 24px;\"><\/div>\n        <\/div>\n            <div class=\"kksr-star\" data-star=\"4\" style=\"padding-right: 5px\">\n            \n\n<div class=\"kksr-icon\" style=\"width: 24px; height: 24px;\"><\/div>\n        <\/div>\n            <div class=\"kksr-star\" data-star=\"5\" style=\"padding-right: 5px\">\n            \n\n<div class=\"kksr-icon\" style=\"width: 24px; height: 24px;\"><\/div>\n        <\/div>\n    <\/div>\n    \n<div class=\"kksr-stars-active\" style=\"width: 0px;\">\n            <div class=\"kksr-star\" style=\"padding-right: 5px\">\n            \n\n<div class=\"kksr-icon\" style=\"width: 24px; height: 24px;\"><\/div>\n        <\/div>\n            <div class=\"kksr-star\" style=\"padding-right: 5px\">\n            \n\n<div class=\"kksr-icon\" style=\"width: 24px; height: 24px;\"><\/div>\n        <\/div>\n            <div class=\"kksr-star\" style=\"padding-right: 5px\">\n            \n\n<div class=\"kksr-icon\" style=\"width: 24px; height: 24px;\"><\/div>\n        <\/div>\n            <div class=\"kksr-star\" style=\"padding-right: 5px\">\n            \n\n<div class=\"kksr-icon\" style=\"width: 24px; height: 24px;\"><\/div>\n        <\/div>\n            <div class=\"kksr-star\" style=\"padding-right: 5px\">\n            \n\n<div class=\"kksr-icon\" style=\"width: 24px; height: 24px;\"><\/div>\n        <\/div>\n    <\/div>\n<\/div>\n                \n\n<div class=\"kksr-legend\" style=\"font-size: 19.2px;\">\n            <span class=\"kksr-muted\">Valora este art\u00edculo<\/span>\n    <\/div>\n    <\/div>\n","protected":false},"excerpt":{"rendered":"<p>Los cosm\u00e9ticos naturales y productos ecol\u00f3gicos son una alternativa elaborada a base de ingredientes extra\u00eddos de la naturaleza que trabaja para cuidar tu piel, respetando su pH y embelleciendo su aspecto desde el interior.&nbsp; Son el gran aliado de las pieles m\u00e1s delicadas, sensibles y vulnerables, ya que su f\u00f3rmula libre de t\u00f3xicos representan una [&hellip;]<\/p>\n","protected":false},"author":4,"featured_media":121142,"comment_status":"open","ping_status":"open","sticky":false,"template":"","format":"standard","meta":{"jnews-multi-image_gallery":[],"jnews_single_post":{"subtitle":"","format":"standard","video":"","gallery":"","source_name":"","source_url":"","via_name":"","via_url":"","override_template":"0","override":[{"template":"1","single_blog_custom":"","parallax":"1","fullscreen":"1","layout":"right-sidebar","sidebar":"home-2","second_sidebar":"default-sidebar","sticky_sidebar":"0","share_position":"float","share_float_style":"share-monocrhome","show_share_counter":"0","show_view_counter":"0","show_featured":"1","show_post_meta":"1","show_post_author":"0","show_post_author_image":"1","show_post_date":"1","post_date_format":"default","post_date_format_custom":"Y\/m\/d","show_post_category":"1","show_post_reading_time":"0","post_reading_time_wpm":"300","show_zoom_button":"0","zoom_button_out_step":"2","zoom_button_in_step":"3","show_post_tag":"0","show_prev_next_post":"0","show_popup_post":"0","number_popup_post":"2","show_author_box":"0","show_post_related":"0","show_inline_post_related":"1"}],"override_image_size":"0","image_override":[{"single_post_thumbnail_size":"no-crop","single_post_gallery_size":"crop-500"}],"trending_post":"0","trending_post_position":"meta","trending_post_label":"Trending","sponsored_post":"0","sponsored_post_label":"Sponsored by","sponsored_post_name":"","sponsored_post_url":"","sponsored_post_logo_enable":"0","sponsored_post_logo":"","sponsored_post_desc":"","disable_ad":"0"},"jnews_primary_category":{"id":"","hide":""},"jnews_social_meta":{"fb_title":"","fb_description":"","fb_image":"","twitter_title":"","twitter_description":"","twitter_image":""},"jnews_override_counter":{"override_view_counter":"0","view_counter_number":"0","override_share_counter":"0","share_counter_number":"0","override_like_counter":"0","like_counter_number":"0","override_dislike_counter":"0","dislike_counter_number":"0"},"footnotes":""},"categories":[37],"tags":[],"class_list":["post-43986","post","type-post","status-publish","format-standard","has-post-thumbnail","hentry","category-cosmetica-natural"],"_links":{"self":[{"href":"https:\/\/www.primor.eu\/blog\/wp-json\/wp\/v2\/posts\/43986","targetHints":{"allow":["GET"]}}],"collection":[{"href":"https:\/\/www.primor.eu\/blog\/wp-json\/wp\/v2\/posts"}],"about":[{"href":"https:\/\/www.primor.eu\/blog\/wp-json\/wp\/v2\/types\/post"}],"author":[{"embeddable":true,"href":"https:\/\/www.primor.eu\/blog\/wp-json\/wp\/v2\/users\/4"}],"replies":[{"embeddable":true,"href":"https:\/\/www.primor.eu\/blog\/wp-json\/wp\/v2\/comments?post=43986"}],"version-history":[{"count":26,"href":"https:\/\/www.primor.eu\/blog\/wp-json\/wp\/v2\/posts\/43986\/revisions"}],"predecessor-version":[{"id":141153,"href":"https:\/\/www.primor.eu\/blog\/wp-json\/wp\/v2\/posts\/43986\/revisions\/141153"}],"wp:featuredmedia":[{"embeddable":true,"href":"https:\/\/www.primor.eu\/blog\/wp-json\/wp\/v2\/media\/121142"}],"wp:attachment":[{"href":"https:\/\/www.primor.eu\/blog\/wp-json\/wp\/v2\/media?parent=43986"}],"wp:term":[{"taxonomy":"category","embeddable":true,"href":"https:\/\/www.primor.eu\/blog\/wp-json\/wp\/v2\/categories?post=43986"},{"taxonomy":"post_tag","embeddable":true,"href":"https:\/\/www.primor.eu\/blog\/wp-json\/wp\/v2\/tags?post=43986"}],"curies":[{"name":"wp","href":"https:\/\/api.w.org\/{rel}","templated":true}]}}