{"id":43881,"date":"2024-10-23T09:17:12","date_gmt":"2024-10-23T09:17:12","guid":{"rendered":"https:\/\/blog.primor.eu\/?p=43881"},"modified":"2026-01-29T08:50:21","modified_gmt":"2026-01-29T08:50:21","slug":"calendarios-de-adviento","status":"publish","type":"post","link":"https:\/\/www.primor.eu\/blog\/calendarios-de-adviento\/","title":{"rendered":"Los 6 calendarios de adviento de belleza que triunfan en Navidad de 2026"},"content":{"rendered":"\n<p>Si la llegada de la <a href=\"https:\/\/www.primor.eu\/es_es\/navidad\">Navidad<\/a> y la idea de hacer un regalo perfecto nos llena de ilusi\u00f3n, es completamente normal que cuando Mariah Carey da el pistoletazo de salida el 1 de noviembre, todos estemos pensando ya en los villancicos, el turr\u00f3n, las pel\u00edculas de Navidad y cualquier otro aliciente que nos haga la llegada un poco m\u00e1s dulce y amena. Una de las opciones m\u00e1s seguidas durante los \u00faltimos a\u00f1os son los <a href=\"https:\/\/www.primor.eu\/es_es\/calendarios-adviento\"><strong>calendarios de Adviento de belleza<\/strong><\/a>. Veamos por qu\u00e9 y d\u00f3nde puedes encontrar los mejores para regalar o regalarte.<\/p>\n\n\n\n<h2 class=\"wp-block-heading\">\u00bfQu\u00e9 son los calendarios de Adviento de belleza?<\/h2>\n\n\n\n<p>Los <strong>calendarios de Adviento de belleza<\/strong> son cofres que contienen productos de <a href=\"https:\/\/www.primor.eu\/es_es\/maquillaje-de-lujo\">maquillaje<\/a>, <a href=\"https:\/\/www.primor.eu\/es_es\/cosmetica-de-lujo\">cosm\u00e9tica<\/a>, <a href=\"https:\/\/www.primor.eu\/es_es\/perfumes\">perfumes<\/a> y productos para el cuidado de la piel y del cabello. Estos sets contienen <strong>24, 12 o 10 <\/strong>tallas de imprescindibles de belleza que hacen m\u00e1s amena la llegada de la Navidad a las beauty adictas. Su tama\u00f1o var\u00eda seg\u00fan el calendario, la marca y el dise\u00f1o. Podr\u00e1s encontrar <a href=\"https:\/\/www.primor.eu\/es_es\/top-ventas\">productos ic\u00f3nicos<\/a> de la marca en cuesti\u00f3n, as\u00ed como algunas de sus <a href=\"https:\/\/www.primor.eu\/es_es\/productos-nuevos\" data-type=\"link\" data-id=\"https:\/\/www.primor.eu\/es_es\/productos-nuevos\">novedades<\/a> m\u00e1s sonadas en formato normal o tama\u00f1o viaje.&nbsp;<\/p>\n\n\n\n<h2 class=\"wp-block-heading\">Calendarios de Adviento de belleza: origen e historia<\/h2>\n\n\n\n<p>Los calendarios de Adviento se inventaron a principios del siglo XX en un entorno protestante. A finales del siglo XIX, las familias religiosas evangelistas<strong> pintaban 24 barras con tiza en las puertas<\/strong> y animaban a los ni\u00f1os a borrar una cada d\u00eda hasta la llegada de la Navidad.&nbsp;<\/p>\n\n\n\n<p>Sin embargo, con el paso de los a\u00f1os, esta costumbre evolucion\u00f3. En <strong>1902<\/strong>, la Librer\u00eda Protestante de Hamburgo lanz\u00f3 al mercado lo que se conoce como e<strong>l primer calendario de Adviento impreso<\/strong>, y un a\u00f1o despu\u00e9s, el editor<strong> Gehard Lang <\/strong>decidi\u00f3 comenzar a vender im\u00e1genes navide\u00f1as coloridas para ser recortadas y pegadas en las veinticuatro casillas del calendario.&nbsp;<\/p>\n\n\n\n<p>Su evoluci\u00f3n continu\u00f3 a\u00f1os m\u00e1s tarde, cuando el editor <strong>introdujo 24 ventanas <\/strong>que se abr\u00edan y conten\u00edan un pastel e im\u00e1genes con paisajes invernales o \u00e1rboles de Navidad. De esta forma naci\u00f3 la tradici\u00f3n de las <strong>24 puertas con las 24 sorpresas<\/strong> que anticipaban la llegada de la Navidad.<\/p>\n\n\n\n<p>Hoy en d\u00eda, los calendarios de Adviento se han vuelto muy populares. Los m\u00e1s comunes son los <strong>calendarios de Adviento con bombones o chocolatinas<\/strong> que vuelven locos a los ni\u00f1os. Aunque en los \u00faltimos a\u00f1os hemos visto c\u00f3mo los <strong>calendarios de Adviento de belleza<\/strong> se han vuelto todo un imprescindible de las mejores marcas.&nbsp;<\/p>\n\n\n\n<h2 class=\"wp-block-heading\">\u00bfSon rentables los calendarios de Adviento de belleza?<\/h2>\n\n\n\n<p>S\u00ed. Los calendarios de Adviento de belleza tienen como objetivo hacer la espera de la llegada del d\u00eda de Navidad m\u00e1s amena, conservando la ilusi\u00f3n diaria con una nueva sorpresa cada d\u00eda.&nbsp;<\/p>\n\n\n\n<p>En ellos encontrar\u00e1s muchos de los <strong>iconos de belleza de tus marcas favoritas<\/strong>, al igual que muchas de sus <a href=\"https:\/\/www.primor.eu\/es_es\/productos-nuevos\"><strong>\u00faltimas novedades<\/strong><\/a>. Por tanto, suponen una oportunidad \u00fanica para disfrutar de aquellos productos que estabas deseando probar. \u00bfLo mejor? <strong>Cada a\u00f1o son diferentes.<\/strong><\/p>\n\n\n\n<h2 class=\"wp-block-heading\">Los 6 mejores calendarios de adviento de belleza est\u00e1n en Primor<\/h2>\n\n\n\n<p>Y de eso que no te quepa duda alguna, porque encontrar\u00e1s todos los calendarios de Adviento de belleza m\u00e1s famosos y populares de tus marcas favoritas a un precio irresistible.&nbsp;<\/p>\n\n\n        <product-table class=\"pr-slider\">\r\n            <product-headers class=\"grid-table-rows\">\r\n                <div>Foto<\/div>\r\n                <div>Producto<\/div>\r\n                <div>Marca<\/div>\r\n                <div>Valoraciones<\/div>\r\n                <div>Precio<\/div>\r\n            <\/product-headers>\r\n\r\n            <product-list>\r\n                                    <a href=\"https:\/\/www.primor.eu\/es_es\/w7-calendario-de-adviento-12-dias-of-beautiful-134972.html\" class=\"product-item grid-table-rows\" target=\"_blank\">\r\n                        <div>\r\n                            <img decoding=\"async\" class=\"product-img\" width=\"80px\" height=\"80px\" src=\"https:\/\/cdn2.primor.eu\/media\/catalog\/product\/cache\/d69b388be340a02ad96409b04f8fba9f\/1\/2\/12_Days_of_Beautiful_9005.jpg\" alt=\"Calendario de Adviento 12 Dias of Beautiful\">\r\n                        <\/div>\r\n\r\n                        <!-- Contenido de producto  -->\r\n                        <div>\r\n                            <div class=\"product-position\">\r\n                                #1 Top Ventas                            <\/div>\r\n\r\n                            <h2>\r\n                                Calendario de Adviento 12 Dias of Beautiful                            <\/h2>\r\n                        <\/div>\r\n\r\n                        <!-- Imagen y\/o nombre de la marca -->\r\n                        <div>\r\n                                                            <img decoding=\"async\" width=\"70\" src=\"https:\/\/www.primor.eu\/media\/catalog\/category\/893_w7_1.png\" alt=\"\">\r\n                                                    <\/div>\r\n\r\n                        <!-- Puntuaci\u00f3n del producto  -->\r\n                        <div class=\"rating\">\r\n                                                            <div class=\"rate\" style=\"--p:74;\"><\/div>\r\n                                <b>3.7\/5<\/b>\r\n                                <div class=\"rate-stars\">\r\n                                                                            <div\r\n                                            class=\"rate-star  \">\r\n                                        <\/div>\r\n                                                                            <div\r\n                                            class=\"rate-star  \">\r\n                                        <\/div>\r\n                                                                            <div\r\n                                            class=\"rate-star  \">\r\n                                        <\/div>\r\n                                                                            <div\r\n                                            class=\"rate-star  \">\r\n                                        <\/div>\r\n                                                                            <div\r\n                                            class=\"rate-star disable \">\r\n                                        <\/div>\r\n                                                                    <\/div>\r\n                                                    <\/div>\r\n\r\n                        <!-- Bot\u00f3n de producto  -->\r\n                        <div>\r\n                            <span class=\"price-claim\">\r\n                                VER PRECIO                            <\/span>\r\n                        <\/div>\r\n                    <\/a>\r\n                                    <a href=\"https:\/\/www.primor.eu\/es_es\/satisfyer-calendario-de-adviento-deluxe-116429.html\" class=\"product-item grid-table-rows\" target=\"_blank\">\r\n                        <div>\r\n                            <img decoding=\"async\" class=\"product-img\" width=\"80px\" height=\"80px\" src=\"https:\/\/cdn2.primor.eu\/media\/catalog\/product\/cache\/8d3aba296f7a18b5251ee30fa5db42b2\/4\/0\/4061504071770_8381.jpg\" alt=\"Calendario de Adviento Deluxe\">\r\n                        <\/div>\r\n\r\n                        <!-- Contenido de producto  -->\r\n                        <div>\r\n                            <div class=\"product-position\">\r\n                                #2                            <\/div>\r\n\r\n                            <h2>\r\n                                Calendario de Adviento Deluxe                            <\/h2>\r\n                        <\/div>\r\n\r\n                        <!-- Imagen y\/o nombre de la marca -->\r\n                        <div>\r\n                                                            <img decoding=\"async\" width=\"70\" src=\"https:\/\/www.primor.eu\/media\/catalog\/category\/Satisfyer.jpg\" alt=\"\">\r\n                                                    <\/div>\r\n\r\n                        <!-- Puntuaci\u00f3n del producto  -->\r\n                        <div class=\"rating\">\r\n                                                            <div class=\"rate\" style=\"--p:60;\"><\/div>\r\n                                <b>3\/5<\/b>\r\n                                <div class=\"rate-stars\">\r\n                                                                            <div\r\n                                            class=\"rate-star  \">\r\n                                        <\/div>\r\n                                                                            <div\r\n                                            class=\"rate-star  \">\r\n                                        <\/div>\r\n                                                                            <div\r\n                                            class=\"rate-star  \">\r\n                                        <\/div>\r\n                                                                            <div\r\n                                            class=\"rate-star disable \">\r\n                                        <\/div>\r\n                                                                            <div\r\n                                            class=\"rate-star disable \">\r\n                                        <\/div>\r\n                                                                    <\/div>\r\n                                                    <\/div>\r\n\r\n                        <!-- Bot\u00f3n de producto  -->\r\n                        <div>\r\n                            <span class=\"price-claim\">\r\n                                VER PRECIO                            <\/span>\r\n                        <\/div>\r\n                    <\/a>\r\n                                    <a href=\"https:\/\/www.primor.eu\/es_es\/nivea-calendario-de-adviento-2025-132787.html\" class=\"product-item grid-table-rows\" target=\"_blank\">\r\n                        <div>\r\n                            <img decoding=\"async\" class=\"product-img\" width=\"80px\" height=\"80px\" src=\"https:\/\/cdn2.primor.eu\/media\/catalog\/product\/cache\/8d3aba296f7a18b5251ee30fa5db42b2\/8\/4\/8412300054515_e04c.jpg\" alt=\"Calendario de Adviento 2025\">\r\n                        <\/div>\r\n\r\n                        <!-- Contenido de producto  -->\r\n                        <div>\r\n                            <div class=\"product-position\">\r\n                                #3                            <\/div>\r\n\r\n                            <h2>\r\n                                Calendario de Adviento 2025                            <\/h2>\r\n                        <\/div>\r\n\r\n                        <!-- Imagen y\/o nombre de la marca -->\r\n                        <div>\r\n                                                            <img decoding=\"async\" width=\"70\" src=\"https:\/\/www.primor.eu\/media\/catalog\/category\/nivea.png\" alt=\"\">\r\n                                                    <\/div>\r\n\r\n                        <!-- Puntuaci\u00f3n del producto  -->\r\n                        <div class=\"rating\">\r\n                                                            <div class=\"rate\" style=\"--p:86;\"><\/div>\r\n                                <b>4.3\/5<\/b>\r\n                                <div class=\"rate-stars\">\r\n                                                                            <div\r\n                                            class=\"rate-star  \">\r\n                                        <\/div>\r\n                                                                            <div\r\n                                            class=\"rate-star  \">\r\n                                        <\/div>\r\n                                                                            <div\r\n                                            class=\"rate-star  \">\r\n                                        <\/div>\r\n                                                                            <div\r\n                                            class=\"rate-star  \">\r\n                                        <\/div>\r\n                                                                            <div\r\n                                            class=\"rate-star  \">\r\n                                        <\/div>\r\n                                                                    <\/div>\r\n                                                    <\/div>\r\n\r\n                        <!-- Bot\u00f3n de producto  -->\r\n                        <div>\r\n                            <span class=\"price-claim\">\r\n                                VER PRECIO                            <\/span>\r\n                        <\/div>\r\n                    <\/a>\r\n                                    <a href=\"https:\/\/www.primor.eu\/es_es\/le-due-make-up-calendario-de-adviento-12-dias-133102.html\" class=\"product-item grid-table-rows\" target=\"_blank\">\r\n                        <div>\r\n                            <img decoding=\"async\" class=\"product-img\" width=\"80px\" height=\"80px\" src=\"https:\/\/cdn2.primor.eu\/media\/catalog\/product\/cache\/8d3aba296f7a18b5251ee30fa5db42b2\/8\/4\/8436593425425_1__6410.png\" alt=\"Calendario de Adviento 12 D\u00edas\">\r\n                        <\/div>\r\n\r\n                        <!-- Contenido de producto  -->\r\n                        <div>\r\n                            <div class=\"product-position\">\r\n                                #4                            <\/div>\r\n\r\n                            <h2>\r\n                                Calendario de Adviento 12 D\u00edas                            <\/h2>\r\n                        <\/div>\r\n\r\n                        <!-- Imagen y\/o nombre de la marca -->\r\n                        <div>\r\n                                                            <img decoding=\"async\" width=\"70\" src=\"https:\/\/www.primor.eu\/media\/catalog\/category\/LE_DUE_MAKE_UP.jpg\" alt=\"\">\r\n                                                    <\/div>\r\n\r\n                        <!-- Puntuaci\u00f3n del producto  -->\r\n                        <div class=\"rating\">\r\n                                                            <div class=\"rate\" style=\"--p:92;\"><\/div>\r\n                                <b>4.6\/5<\/b>\r\n                                <div class=\"rate-stars\">\r\n                                                                            <div\r\n                                            class=\"rate-star  \">\r\n                                        <\/div>\r\n                                                                            <div\r\n                                            class=\"rate-star  \">\r\n                                        <\/div>\r\n                                                                            <div\r\n                                            class=\"rate-star  \">\r\n                                        <\/div>\r\n                                                                            <div\r\n                                            class=\"rate-star  \">\r\n                                        <\/div>\r\n                                                                            <div\r\n                                            class=\"rate-star  \">\r\n                                        <\/div>\r\n                                                                    <\/div>\r\n                                                    <\/div>\r\n\r\n                        <!-- Bot\u00f3n de producto  -->\r\n                        <div>\r\n                            <span class=\"price-claim\">\r\n                                VER PRECIO                            <\/span>\r\n                        <\/div>\r\n                    <\/a>\r\n                                    <a href=\"https:\/\/www.primor.eu\/es_es\/tresky-friends-calendario-de-adviento-para-perros-12-dias-131209.html\" class=\"product-item grid-table-rows\" target=\"_blank\">\r\n                        <div>\r\n                            <img decoding=\"async\" class=\"product-img\" width=\"80px\" height=\"80px\" src=\"https:\/\/cdn2.primor.eu\/media\/catalog\/product\/cache\/8d3aba296f7a18b5251ee30fa5db42b2\/9\/0\/90377_6c7b.jpg\" alt=\"Calendario de Adviento Para Perros 12 Dias\">\r\n                        <\/div>\r\n\r\n                        <!-- Contenido de producto  -->\r\n                        <div>\r\n                            <div class=\"product-position\">\r\n                                #5                            <\/div>\r\n\r\n                            <h2>\r\n                                Calendario de Adviento Para Perros 12 Dias                            <\/h2>\r\n                        <\/div>\r\n\r\n                        <!-- Imagen y\/o nombre de la marca -->\r\n                        <div>\r\n                                                            <img decoding=\"async\" width=\"70\" src=\"https:\/\/www.primor.eu\/media\/catalog\/category\/Captura_tresky.PNG\" alt=\"\">\r\n                                                    <\/div>\r\n\r\n                        <!-- Puntuaci\u00f3n del producto  -->\r\n                        <div class=\"rating\">\r\n                                                            <div class=\"rate\" style=\"--p:60;\"><\/div>\r\n                                <b>3\/5<\/b>\r\n                                <div class=\"rate-stars\">\r\n                                                                            <div\r\n                                            class=\"rate-star  \">\r\n                                        <\/div>\r\n                                                                            <div\r\n                                            class=\"rate-star  \">\r\n                                        <\/div>\r\n                                                                            <div\r\n                                            class=\"rate-star  \">\r\n                                        <\/div>\r\n                                                                            <div\r\n                                            class=\"rate-star disable \">\r\n                                        <\/div>\r\n                                                                            <div\r\n                                            class=\"rate-star disable \">\r\n                                        <\/div>\r\n                                                                    <\/div>\r\n                                                    <\/div>\r\n\r\n                        <!-- Bot\u00f3n de producto  -->\r\n                        <div>\r\n                            <span class=\"price-claim\">\r\n                                VER PRECIO                            <\/span>\r\n                        <\/div>\r\n                    <\/a>\r\n                            <\/product-list>\r\n        <\/product-table>\r\n\r\n        \n\n\n\n<h3 class=\"wp-block-heading\">Calendario de Adviento 12 Days of Beautiful de W7<\/h3>\n\n\n\n<p>La marca W7 ofrece un recorrido por sus productos m\u00e1s populares, brindando una experiencia de descubrimiento diaria desde Navidad hasta Nochevieja, asegurando diversi\u00f3n y creatividad en cada apertura y permitiendo disfrutar de la calidad y versatilidad de W7 durante toda la temporada.<\/p>\n\n\n    <a class='product' target='_blank' href='https:\/\/www.primor.eu\/es_es\/w7-calendario-de-adviento-12-dias-of-beautiful-134972.html'>\r\n        <img loading='async' src='https:\/\/cdn2.primor.eu\/media\/catalog\/product\/cache\/d69b388be340a02ad96409b04f8fba9f\/1\/2\/12_Days_of_Beautiful_9005.jpg' alt='COMPRAR AHORA'>\r\n            <div class=\"claim\">\r\n                COMPRAR AHORA            <\/div>\r\n        <\/a>\r\n    \n\n\n<h3 class=\"wp-block-heading\">Calendario de Adviento Deluxe de Satisfayer<\/h3>\n\n\n\n<ul class=\"wp-block-list\">\n<li><strong>24 sorpresas lujosas: <\/strong>Productos Satisfyer para explorar nuevas sensaciones y experiencias \u00edntimas.<\/li>\n\n\n\n<li><strong>Juguetes de amor y accesorios: <\/strong>Desde vibradores de pulso de aire hasta masturbadores y juguetes anales.<\/li>\n\n\n\n<li><strong>Lencer\u00eda sexy Penthouse: <\/strong>2 piezas para elevar la pasi\u00f3n y realzar tus curvas.<\/li>\n\n\n\n<li><strong>Juego de cartas er\u00f3tico: <\/strong>Ideal para a\u00f1adir diversi\u00f3n y creatividad a tus encuentros.<\/li>\n\n\n\n<li><strong>Colaboraci\u00f3n especial con Fun Factory: <\/strong>Juguetes como The Intense y Wicked Wings ofrecen estimulaci\u00f3n innovadora y personalizada.<\/li>\n<\/ul>\n\n\n    <a class='product' target='_blank' href='https:\/\/www.primor.eu\/es_es\/satisfyer-calendario-de-adviento-deluxe-116429.html'>\r\n        <img loading='async' src='https:\/\/cdn2.primor.eu\/media\/catalog\/product\/cache\/8d3aba296f7a18b5251ee30fa5db42b2\/4\/0\/4061504071770_8381.jpg' alt='COMPRAR AHORA'>\r\n            <div class=\"claim\">\r\n                COMPRAR AHORA            <\/div>\r\n        <\/a>\r\n    \n\n\n<h3 class=\"wp-block-heading\">Calendario de Adviento 2025 de Nivea<\/h3>\n\n\n\n<p>Es posible descubrir los productos m\u00e1s ic\u00f3nicos de la marca en tama\u00f1os mini y completos, permitiendo probar diferentes opciones y mantener la piel hidratada y protegida durante toda la temporada.<\/p>\n\n\n    <a class='product' target='_blank' href='https:\/\/www.primor.eu\/es_es\/nivea-calendario-de-adviento-2025-132787.html'>\r\n        <img loading='async' src='https:\/\/cdn2.primor.eu\/media\/catalog\/product\/cache\/8d3aba296f7a18b5251ee30fa5db42b2\/8\/4\/8412300054515_e04c.jpg' alt='COMPRAR AHORA'>\r\n            <div class=\"claim\">\r\n                COMPRAR AHORA            <\/div>\r\n        <\/a>\r\n    \n\n\n<h3 class=\"wp-block-heading\">Calendario de Adviento 12 D\u00edas de Le Due Make Up<\/h3>\n\n\n\n<p>Cada jornada se convierte en una oportunidad de descubrir un nuevo producto pensado para completar el neceser y ampliar las posibilidades de uso diario. El Calendario de Adviento 12 D\u00edas incluye art\u00edculos dise\u00f1ados para rostro, ojos y labios, brindando una experiencia completa de maquillaje.<\/p>\n\n\n    <a class='product' target='_blank' href='https:\/\/www.primor.eu\/es_es\/le-due-make-up-calendario-de-adviento-12-dias-133102.html'>\r\n        <img loading='async' src='https:\/\/cdn2.primor.eu\/media\/catalog\/product\/cache\/8d3aba296f7a18b5251ee30fa5db42b2\/8\/4\/8436593425425_1__6410.png' alt='COMPRAR AHORA'>\r\n            <div class=\"claim\">\r\n                COMPRAR AHORA            <\/div>\r\n        <\/a>\r\n    \n\n\n<h3 class=\"wp-block-heading\">Calendario de Adviento Para Perros 12 Dias de Tresky &amp; Friends<\/h3>\n\n\n\n<p>Incluye 12 art\u00edculos dise\u00f1ados para combinar cuidado, entretenimiento y bienestar para tu perro. Cada d\u00eda, el Calendario de Adviento Para Perros 12 D\u00edas de TRESKY &amp; FRIENDS revela un producto diferente, pensado para acompa\u00f1ar y alegrar a tu mascota en esta \u00e9poca del a\u00f1o.<\/p>\n\n\n    <a class='product' target='_blank' href='https:\/\/www.primor.eu\/es_es\/tresky-friends-calendario-de-adviento-para-perros-12-dias-131209.html'>\r\n        <img loading='async' src='https:\/\/cdn2.primor.eu\/media\/catalog\/product\/cache\/8d3aba296f7a18b5251ee30fa5db42b2\/9\/0\/90377_6c7b.jpg' alt='COMPRAR AHORA'>\r\n            <div class=\"claim\">\r\n                COMPRAR AHORA            <\/div>\r\n        <\/a>\r\n    \n\n\n<h3 class=\"wp-block-heading\">Calendario de Adviento 2025 Magical Makeup de Revolution<\/h3>\n\n\n\n<p>Proporciona una oportunidad ideal para conocer la variedad de productos de REVOLUTION en un solo set. Con este Calendario de Adviento 2025 Magical Makeup, es posible explorar sombras, labiales, iluminadores y herramientas de aplicaci\u00f3n que permiten crear m\u00faltiples looks de forma pr\u00e1ctica y organizada.<\/p>\n\n\n    <a class='product' target='_blank' href='https:\/\/www.primor.eu\/es_es\/revolution-calendario-de-adviento-star-2025-132999.html'>\r\n        <img loading='async' src='https:\/\/cdn2.primor.eu\/media\/catalog\/product\/cache\/8d3aba296f7a18b5251ee30fa5db42b2\/5\/0\/5057566868655_bc02.jpg' alt='COMPRAR AHORA'>\r\n            <div class=\"claim\">\r\n                COMPRAR AHORA            <\/div>\r\n        <\/a>\r\n    \n\n\n<h3 class=\"wp-block-heading\"><\/h3>\n\n\n<div class=\"kk-star-ratings kksr-auto kksr-align-center kksr-valign-bottom\"\n    data-payload='{&quot;align&quot;:&quot;center&quot;,&quot;id&quot;:&quot;43881&quot;,&quot;slug&quot;:&quot;default&quot;,&quot;valign&quot;:&quot;bottom&quot;,&quot;ignore&quot;:&quot;&quot;,&quot;reference&quot;:&quot;auto&quot;,&quot;class&quot;:&quot;&quot;,&quot;count&quot;:&quot;0&quot;,&quot;legendonly&quot;:&quot;&quot;,&quot;readonly&quot;:&quot;&quot;,&quot;score&quot;:&quot;0&quot;,&quot;starsonly&quot;:&quot;&quot;,&quot;best&quot;:&quot;5&quot;,&quot;gap&quot;:&quot;5&quot;,&quot;greet&quot;:&quot;Valora este art\u00edculo&quot;,&quot;legend&quot;:&quot;0\\\/5 - (0 votos)&quot;,&quot;size&quot;:&quot;24&quot;,&quot;title&quot;:&quot;Los 6 calendarios de adviento de belleza que triunfan en Navidad de 2026&quot;,&quot;width&quot;:&quot;0&quot;,&quot;_legend&quot;:&quot;{score}\\\/{best} - ({count} {votes})&quot;,&quot;font_factor&quot;:&quot;1.25&quot;}'>\n            \n<div class=\"kksr-stars\">\n    \n<div class=\"kksr-stars-inactive\">\n            <div class=\"kksr-star\" data-star=\"1\" style=\"padding-right: 5px\">\n            \n\n<div class=\"kksr-icon\" style=\"width: 24px; height: 24px;\"><\/div>\n        <\/div>\n            <div class=\"kksr-star\" data-star=\"2\" style=\"padding-right: 5px\">\n            \n\n<div class=\"kksr-icon\" style=\"width: 24px; height: 24px;\"><\/div>\n        <\/div>\n            <div class=\"kksr-star\" data-star=\"3\" style=\"padding-right: 5px\">\n            \n\n<div class=\"kksr-icon\" style=\"width: 24px; height: 24px;\"><\/div>\n        <\/div>\n            <div class=\"kksr-star\" data-star=\"4\" style=\"padding-right: 5px\">\n            \n\n<div class=\"kksr-icon\" style=\"width: 24px; height: 24px;\"><\/div>\n        <\/div>\n            <div class=\"kksr-star\" data-star=\"5\" style=\"padding-right: 5px\">\n            \n\n<div class=\"kksr-icon\" style=\"width: 24px; height: 24px;\"><\/div>\n        <\/div>\n    <\/div>\n    \n<div class=\"kksr-stars-active\" style=\"width: 0px;\">\n            <div class=\"kksr-star\" style=\"padding-right: 5px\">\n            \n\n<div class=\"kksr-icon\" style=\"width: 24px; height: 24px;\"><\/div>\n        <\/div>\n            <div class=\"kksr-star\" style=\"padding-right: 5px\">\n            \n\n<div class=\"kksr-icon\" style=\"width: 24px; height: 24px;\"><\/div>\n        <\/div>\n            <div class=\"kksr-star\" style=\"padding-right: 5px\">\n            \n\n<div class=\"kksr-icon\" style=\"width: 24px; height: 24px;\"><\/div>\n        <\/div>\n            <div class=\"kksr-star\" style=\"padding-right: 5px\">\n            \n\n<div class=\"kksr-icon\" style=\"width: 24px; height: 24px;\"><\/div>\n        <\/div>\n            <div class=\"kksr-star\" style=\"padding-right: 5px\">\n            \n\n<div class=\"kksr-icon\" style=\"width: 24px; height: 24px;\"><\/div>\n        <\/div>\n    <\/div>\n<\/div>\n                \n\n<div class=\"kksr-legend\" style=\"font-size: 19.2px;\">\n            <span class=\"kksr-muted\">Valora este art\u00edculo<\/span>\n    <\/div>\n    <\/div>\n","protected":false},"excerpt":{"rendered":"<p>Si la llegada de la Navidad y la idea de hacer un regalo perfecto nos llena de ilusi\u00f3n, es completamente normal que cuando Mariah Carey da el pistoletazo de salida el 1 de noviembre, todos estemos pensando ya en los villancicos, el turr\u00f3n, las pel\u00edculas de Navidad y cualquier otro aliciente que nos haga la [&hellip;]<\/p>\n","protected":false},"author":14,"featured_media":89036,"comment_status":"open","ping_status":"open","sticky":false,"template":"","format":"standard","meta":{"jnews-multi-image_gallery":[],"jnews_single_post":{"subtitle":"","format":"standard","video":"","gallery":"","source_name":"","source_url":"","via_name":"","via_url":"","override_template":"0","override":[{"template":"1","single_blog_custom":"","parallax":"1","fullscreen":"1","layout":"right-sidebar","sidebar":"home-2","second_sidebar":"default-sidebar","sticky_sidebar":"0","share_position":"float","share_float_style":"share-monocrhome","show_share_counter":"0","show_view_counter":"0","show_featured":"1","show_post_meta":"1","show_post_author":"0","show_post_author_image":"1","show_post_date":"1","post_date_format":"default","post_date_format_custom":"Y\/m\/d","show_post_category":"1","show_post_reading_time":"0","post_reading_time_wpm":"300","show_zoom_button":"0","zoom_button_out_step":"2","zoom_button_in_step":"3","show_post_tag":"0","show_prev_next_post":"0","show_popup_post":"0","number_popup_post":"2","show_author_box":"0","show_post_related":"0","show_inline_post_related":"1"}],"override_image_size":"0","image_override":[{"single_post_thumbnail_size":"no-crop","single_post_gallery_size":"crop-500"}],"trending_post":"0","trending_post_position":"meta","trending_post_label":"Trending","sponsored_post":"0","sponsored_post_label":"Sponsored by","sponsored_post_name":"","sponsored_post_url":"","sponsored_post_logo_enable":"0","sponsored_post_logo":"","sponsored_post_desc":"","disable_ad":"0"},"jnews_primary_category":{"id":"","hide":""},"jnews_social_meta":{"fb_title":"","fb_description":"","fb_image":"","twitter_title":"","twitter_description":"","twitter_image":""},"jnews_override_counter":{"override_view_counter":"0","view_counter_number":"0","override_share_counter":"0","share_counter_number":"0","override_like_counter":"0","like_counter_number":"0","override_dislike_counter":"0","dislike_counter_number":"0"},"footnotes":""},"categories":[351],"tags":[],"class_list":["post-43881","post","type-post","status-publish","format-standard","has-post-thumbnail","hentry","category-ideas-de-regalo"],"_links":{"self":[{"href":"https:\/\/www.primor.eu\/blog\/wp-json\/wp\/v2\/posts\/43881","targetHints":{"allow":["GET"]}}],"collection":[{"href":"https:\/\/www.primor.eu\/blog\/wp-json\/wp\/v2\/posts"}],"about":[{"href":"https:\/\/www.primor.eu\/blog\/wp-json\/wp\/v2\/types\/post"}],"author":[{"embeddable":true,"href":"https:\/\/www.primor.eu\/blog\/wp-json\/wp\/v2\/users\/14"}],"replies":[{"embeddable":true,"href":"https:\/\/www.primor.eu\/blog\/wp-json\/wp\/v2\/comments?post=43881"}],"version-history":[{"count":16,"href":"https:\/\/www.primor.eu\/blog\/wp-json\/wp\/v2\/posts\/43881\/revisions"}],"predecessor-version":[{"id":138049,"href":"https:\/\/www.primor.eu\/blog\/wp-json\/wp\/v2\/posts\/43881\/revisions\/138049"}],"wp:featuredmedia":[{"embeddable":true,"href":"https:\/\/www.primor.eu\/blog\/wp-json\/wp\/v2\/media\/89036"}],"wp:attachment":[{"href":"https:\/\/www.primor.eu\/blog\/wp-json\/wp\/v2\/media?parent=43881"}],"wp:term":[{"taxonomy":"category","embeddable":true,"href":"https:\/\/www.primor.eu\/blog\/wp-json\/wp\/v2\/categories?post=43881"},{"taxonomy":"post_tag","embeddable":true,"href":"https:\/\/www.primor.eu\/blog\/wp-json\/wp\/v2\/tags?post=43881"}],"curies":[{"name":"wp","href":"https:\/\/api.w.org\/{rel}","templated":true}]}}