{"id":43542,"date":"2025-12-18T15:52:27","date_gmt":"2025-12-18T15:52:27","guid":{"rendered":"https:\/\/blog.primor.eu\/?p=43542"},"modified":"2025-12-18T15:52:29","modified_gmt":"2025-12-18T15:52:29","slug":"cosmetica-coreana","status":"publish","type":"post","link":"https:\/\/www.primor.eu\/blog\/cosmetica-coreana\/","title":{"rendered":"El secreto de la cosm\u00e9tica coreana: los pasos (y los mejores productos) para una piel saludable"},"content":{"rendered":"\n<p>Las <strong>rutinas de cuidado de la piel<\/strong> con productos de cosm\u00e9tica coreana siempre han sido sin\u00f3nimo de piel perfecta, uniforme y sin imperfecciones. \u00bfC\u00f3mo? Gracias a la calidad de sus productos y tratamientos que a\u00fanan la <strong>innovaci\u00f3n en la ciencia de belleza<\/strong> con los<strong> procesos milenarios de la antig\u00fcedad<\/strong>. Son <a href=\"https:\/\/www.primor.eu\/es_es\/cuidado-facial-rutina-coreana\">tratamientos<\/a> con f\u00f3rmulas sencillas, pero muy eficaces que proporcionan una<strong> piel lisa, radiante y mucho m\u00e1s joven.&nbsp;<\/strong><\/p>\n\n\n\n<p>Adem\u00e1s, sus productos contienen <strong>mayor concentraci\u00f3n de ingredientes activos<\/strong>, debido a que el grosor de su piel es mayor que el de las europeas. Por tanto, sus resultados se perciben mucho antes.<\/p>\n\n\n\n<h2 class=\"wp-block-heading\">\u00bfQu\u00e9 es Korea Republic en Perfumer\u00edas Primor?<\/h2>\n\n\n\n<p><a href=\"https:\/\/www.primor.eu\/es_es\/cosmetica-coreana\"><strong>Korea Republic<\/strong><\/a> es un espacio donde encontrar tu tratamiento coreano favorito. Todo un universo a tu disposici\u00f3n que ofrece los mejores cosm\u00e9ticos de cuidado de la piel coreano para aquellas dermis que busquen una <strong>rutina profunda, sencilla y efectiva<\/strong> que est\u00e9 basada en la prevenci\u00f3n y la hidrataci\u00f3n.<\/p>\n\n\n\n<p>Dentro de su cat\u00e1logo podr\u00e1s encontrar un amplio cat\u00e1logo de productos y tratamientos para el <a href=\"https:\/\/www.primor.eu\/es_es\/cuidado-facial-rutina-coreana\">rostro<\/a>, el <a href=\"https:\/\/www.primor.eu\/es_es\/cuidado-corporal-coreano\">cuerpo<\/a> y el <a href=\"https:\/\/www.primor.eu\/es_es\/cuidado-del-cabello-coreano\">cabello<\/a> con los que conseguir\u00e1s una <strong>piel sana, el\u00e1stica y rejuvenecida <\/strong>en cuesti\u00f3n de semanas.&nbsp;<\/p>\n\n\n\n<h2 class=\"wp-block-heading\">Productos cosm\u00e9ticos coreanos: el cuidado \u00f3ptimo de la piel<\/h2>\n\n\n\n<p>Los productos coreanos son <a href=\"https:\/\/www.primor.eu\/es_es\/cuidado-facial-rutina-coreana\">tratamientos eficaces<\/a> aptos para todo tipo de pieles que embellecen la dermis desde el interior. Sus f\u00f3rmulas basadas en la <strong>prevenci\u00f3n <\/strong>y <strong>optimizaci\u00f3n <\/strong>de la piel a\u00fanan lo mejor de los dos mundos: la<strong> tradici\u00f3n milenaria <\/strong>que se basa en soluciones naturales y respetuosas con el pH de la dermis, y la<strong> innovaci\u00f3n en tecnolog\u00eda de belleza<\/strong> que consigue resultados extraordinarios con acci\u00f3n antiedad, antiarrugas y correctiva.&nbsp;<\/p>\n\n\n\n<p>De este modo, los productos coreanos se convierten en <strong>el mejor aliado<\/strong> de aquellos esp\u00edritus que buscan un <strong>cuidado de la piel \u00f3ptimo, eficaz y profundo<\/strong> que va m\u00e1s all\u00e1 de lo inmediato, alcanzando<strong> resultados profesionales y duraderos <\/strong>en el tiempo. Dentro de su abanico podr\u00e1s encontrar un sinf\u00edn de <a href=\"https:\/\/www.primor.eu\/es_es\/cuidado-facial-rutina-coreana\">productos para el cuidado del rostrol<\/a> que van desde limpiadores hidratantes hasta <a href=\"https:\/\/www.primor.eu\/es_es\/cremas-faciales-coreanas\">cremas faciales<\/a> o sus ic\u00f3nicas <a href=\"https:\/\/www.primor.eu\/es_es\/mascarillas-coreanas\">mascarillas<\/a> que ayudan a preservar la humedad.&nbsp;<\/p>\n\n\n\n<p>Tambi\u00e9n encontrar\u00e1s <a href=\"https:\/\/www.primor.eu\/es_es\/cuidado-corporal-coreano\">productos coreanos para el cuerpo<\/a> que ayudan a mantener la elasticidad y jugosidad de la dermis con tratamientos hidratantes y remodeladores que nutren en profundidad y redefinen contornos; <a href=\"https:\/\/www.primor.eu\/es_es\/cuidado-del-cabello-coreano\">productos para el cabello<\/a> que embellecen su aspecto de la ra\u00edz a las puntas, y un amplio cat\u00e1logo de <a href=\"https:\/\/www.primor.eu\/es_es\/maquillaje-y-color-coreano\">productos de maquillaje<\/a> para cuidar la piel al mismo tiempo que la maquillas, d\u00e1ndole un <strong>aspecto uniforme, aterciopelado y sin imperfecciones<\/strong>.&nbsp;<\/p>\n\n\n\n<h2 class=\"wp-block-heading\">\u00bfC\u00f3mo se hacen las rutinas coreanas?<\/h2>\n\n\n\n<p>A pesar de que cada rutina (y cada tratamiento) es un mundo, todos los cosm\u00e9ticos coreanos tienen un elemento com\u00fan: <strong>se basan en la prevenci\u00f3n y no en la correcci\u00f3n<\/strong>. Es decir, en Oriente buscan evitar, prevenir y retrasar los signos de la edad m\u00e1s all\u00e1 de contrarrestarlos. Otro punto a destacar es la importancia que le dan a los<strong> ingredientes naturales<\/strong>, que son los que priman en este tipo de productos.&nbsp;<\/p>\n\n\n\n<h2 class=\"wp-block-heading\">Ventajas de la cosm\u00e9tica coreana<\/h2>\n\n\n\n<p>La cosm\u00e9tica coreana cuenta con un mont\u00f3n de <strong>beneficios <\/strong>que cuidan y embellecen tu piel desde el interior, tales como:<\/p>\n\n\n\n<ul class=\"wp-block-list\">\n<li>Son productos que<strong> previenen los da\u00f1os y el envejecimiento<\/strong> de la piel.<\/li>\n\n\n\n<li>Sus f\u00f3rmulas <strong>incluyen mayor concentraci\u00f3n<\/strong> de activos y est\u00e1n basados en <strong>ingredientes naturales.<\/strong>.<\/li>\n\n\n\n<li>Son<strong> aptos para todo tipo de pieles<\/strong>, y especialmente cuidadosos con las pieles sensibles.<\/li>\n\n\n\n<li><strong>Purifican y tonifican<\/strong> la piel.<\/li>\n\n\n\n<li><strong>Hidratan y suavizan<\/strong> el rostro en profundidad, d\u00e1ndole un aspecto muy juvenil y saludable que brilla con luz propia.&nbsp;<\/li>\n\n\n\n<li>Son famosas por sus <strong>propiedades antis\u00e9pticas y antiinflamatorias<\/strong>.&nbsp;<\/li>\n\n\n\n<li>Sus <strong>propiedades reparadoras y estimulantes<\/strong> fomentan un aspecto \u00f3ptimo de la piel.<\/li>\n<\/ul>\n\n\n\n<h2 class=\"wp-block-heading\">Pasos (important\u00edsimos) de una rutina coreana bien hecha<\/h2>\n\n\n\n<p><strong>Cada piel es un mundo<\/strong>. Necesita unos cuidados y tratamientos espec\u00edficos que consigan corregir imperfecciones, prevenir da\u00f1os y mantener tu dermis en su estado \u00f3ptimo. Sin embargo, estos son los principales pasos que debes seguir seg\u00fan las rutinas de belleza coreanas:<\/p>\n\n\n\n<ul class=\"wp-block-list\">\n<li><a href=\"https:\/\/www.primor.eu\/es_es\/limpiadores-faciales-coreanos\"><strong>Doble limpieza<\/strong><\/a>. Es el comienzo. Tener una piel bien limpia es el lienzo perfecto para empezar a trabajar en mejorar su estado.<\/li>\n\n\n\n<li><a href=\"https:\/\/www.primor.eu\/es_es\/tonicos-coreanos\"><strong>T\u00f3nicos<\/strong><\/a>. Los t\u00f3nicos ayudan a matizar, reducir y acelerar la eliminaci\u00f3n de las imperfecciones. Adem\u00e1s, tambi\u00e9n son un gran impulso que restablece el pH de la piel y permiten que los siguientes pasos de su rutina se absorban mejor.&nbsp;<\/li>\n\n\n\n<li><a href=\"https:\/\/www.primor.eu\/es_es\/exfoliantes-faciales-coreanos\"><strong>Exfoliantes<\/strong><\/a>. Habr\u00e1s o\u00eddo que los exfoliantes faciales solo deben usarse un par de veces a la semana, pero existen muchos que resultan muy suaves y que son aptos para el d\u00eda a d\u00eda.<\/li>\n\n\n\n<li><a href=\"https:\/\/www.primor.eu\/es_es\/aceites-coreanos\"><strong>Aceites<\/strong><\/a>. Sabemos que el proceso es largo, pero si quieres ir disfrutando del camino y llevar tu piel a un nivel mucho m\u00e1s glow, puedes usar un aceite para que enriquezca tu piel desde sus capas m\u00e1s profundas. \u00dasalo directamente tras la crema hidratante si tienes la piel seca, deshidratada o madura. Si tu cutis es graso o mixto, lo mejor es a\u00f1adir un par de gotitas a tu crema hidratante.&nbsp; As\u00ed podr\u00e1s disfrutar de todos sus beneficios sin preocuparte por los brillos o el exceso de sebo.&nbsp;<\/li>\n\n\n\n<li><a href=\"https:\/\/www.primor.eu\/es_es\/cremas-faciales-coreanas\"><strong>Hidrataci\u00f3n<\/strong><\/a>.\u00a1Es el paso m\u00e1s importante! Recuerda que los pasos son:<a href=\"https:\/\/www.primor.eu\/es_es\/contornos-de-ojos-coreanos\"> contorno de ojos<\/a>, <a href=\"https:\/\/www.primor.eu\/es_es\/serum-coreanos\">s\u00e9rum<\/a> (al ser posible que ilumine) y una <a href=\"https:\/\/www.primor.eu\/es_es\/cremas-faciales-coreanas\">crema hidratante<\/a> que nutra tu piel en profundidad.<\/li>\n\n\n\n<li><a href=\"https:\/\/www.primor.eu\/es_es\/cremas-solares-coreanas\"><strong>Protector solar<\/strong><\/a><strong>. <\/strong>Al cabo del d\u00eda, nuestra piel est\u00e1 expuesta a m\u00faltiples factores externos que la debilitan: el sol, la poluci\u00f3n, los cambios de temperatura, las pantallas de nuestros dispositivos\u2026 \u00a1Prot\u00e9gete del fotoenvejecimiento con una buena crema solar!<\/li>\n<\/ul>\n\n\n\n<h2 class=\"wp-block-heading\">El mayor deseo de la cosm\u00e9tica coreana: la glass skin<\/h2>\n\n\n\n<p>Seg\u00fan los expertos, una <a href=\"https:\/\/www.primor.eu\/blog\/glass-skin\/\"><strong>glass skin<\/strong><\/a><strong> <\/strong>corresponde a un estado de la piel sano y sin imperfecciones, <strong>una piel resplandeciente, luminosa y transl\u00facida.<\/strong> Sin embargo, para conseguir ese resultado, tu dermis tiene que pasar por varias fases, y aunque todo depende de d\u00f3nde partamos en cuanto al estado de tu piel, no suele ser un periodo demasiado corto, ya que hay que pasar por una<strong> transici\u00f3n de higiene y cuidados<\/strong> para que tu rostro vaya subiendo de nivel, reduciendo imperfecciones hasta alcanzar su versi\u00f3n m\u00e1s saludable.&nbsp;<\/p>\n\n\n\n<p>\u00bfCu\u00e1l es el mayor secreto que te permitir\u00e1 lucir una glass skin? <strong>La constancia y la paciencia<\/strong>. Asimismo, los expertos en rutinas coreanas recomiendan reducir las dosis de cafe\u00edna, alcohol, y llevar una dieta saludable que nos permita mantenernos bien hidratados. Por otro lado, usar cosm\u00e9ticos coreanos y seguir (a rajatabla) una <a href=\"https:\/\/www.primor.eu\/blog\/dale-a-tu-rostro-una-rutina-coreana\/\">correcta rutina coreana<\/a> del cuidado de la piel se vuelve todo un imprescindible.<\/p>\n\n\n\n<h2 class=\"wp-block-heading\">Los mejores productos TOP ventas de la cosm\u00e9tica coreana<\/h2>\n\n\n\n<p>Famosos por su capacidad hidratante y preventiva, los <strong>cosm\u00e9ticos coreanos<\/strong> son <strong>tratamientos eficaces aptos para todo tipo de pieles <\/strong>que embellecen la dermis desde el interior. Algunos de los m\u00e1s vendidos son:<\/p>\n\n\n        <product-table class=\"pr-slider\">\r\n            <product-headers class=\"grid-table-rows\">\r\n                <div>Foto<\/div>\r\n                <div>Producto<\/div>\r\n                <div>Marca<\/div>\r\n                <div>Valoraciones<\/div>\r\n                <div>Precio<\/div>\r\n            <\/product-headers>\r\n\r\n            <product-list>\r\n                                    <a href=\"https:\/\/www.primor.eu\/es_es\/the-saem-eco-earth-light-crema-solar-60288.html\" class=\"product-item grid-table-rows\" target=\"_blank\">\r\n                        <div>\r\n                            <img decoding=\"async\" class=\"product-img\" width=\"80px\" height=\"80px\" src=\"https:\/\/cdn2.primor.eu\/media\/catalog\/product\/cache\/8d3aba296f7a18b5251ee30fa5db42b2\/0\/T\/0TF22730_1_0adf.jpg\" alt=\"Eco Earth Light Crema Solar\">\r\n                        <\/div>\r\n\r\n                        <!-- Contenido de producto  -->\r\n                        <div>\r\n                            <div class=\"product-position\">\r\n                                #1 Top Ventas                            <\/div>\r\n\r\n                            <h2>\r\n                                Eco Earth Light Crema Solar                            <\/h2>\r\n                        <\/div>\r\n\r\n                        <!-- Imagen y\/o nombre de la marca -->\r\n                        <div>\r\n                                                            <img decoding=\"async\" width=\"70\" src=\"https:\/\/www.primor.eu\/media\/catalog\/category\/The_Saem.jpg\" alt=\"\">\r\n                                                    <\/div>\r\n\r\n                        <!-- Puntuaci\u00f3n del producto  -->\r\n                        <div class=\"rating\">\r\n                                                            <div class=\"rate\" style=\"--p:60;\"><\/div>\r\n                                <b>3\/5<\/b>\r\n                                <div class=\"rate-stars\">\r\n                                                                            <div\r\n                                            class=\"rate-star  \">\r\n                                        <\/div>\r\n                                                                            <div\r\n                                            class=\"rate-star  \">\r\n                                        <\/div>\r\n                                                                            <div\r\n                                            class=\"rate-star  \">\r\n                                        <\/div>\r\n                                                                            <div\r\n                                            class=\"rate-star disable \">\r\n                                        <\/div>\r\n                                                                            <div\r\n                                            class=\"rate-star disable \">\r\n                                        <\/div>\r\n                                                                    <\/div>\r\n                                                    <\/div>\r\n\r\n                        <!-- Bot\u00f3n de producto  -->\r\n                        <div>\r\n                            <span class=\"price-claim\">\r\n                                VER PRECIO                            <\/span>\r\n                        <\/div>\r\n                    <\/a>\r\n                                    <a href=\"https:\/\/www.primor.eu\/es_es\/strivectin-advanced-retinol-intensive-night-moisturizer-16744.html\" class=\"product-item grid-table-rows\" target=\"_blank\">\r\n                        <div>\r\n                            <img decoding=\"async\" class=\"product-img\" width=\"80px\" height=\"80px\" src=\"https:\/\/cdn2.primor.eu\/media\/catalog\/product\/cache\/8d3aba296f7a18b5251ee30fa5db42b2\/6\/X\/6XS14016_1_2516.jpg\" alt=\"Advanced Retinol Intensive Night Moisturizer\">\r\n                        <\/div>\r\n\r\n                        <!-- Contenido de producto  -->\r\n                        <div>\r\n                            <div class=\"product-position\">\r\n                                #2                            <\/div>\r\n\r\n                            <h2>\r\n                                Advanced Retinol Intensive Night Moisturizer                            <\/h2>\r\n                        <\/div>\r\n\r\n                        <!-- Imagen y\/o nombre de la marca -->\r\n                        <div>\r\n                                                            <img decoding=\"async\" width=\"70\" src=\"https:\/\/www.primor.eu\/media\/catalog\/category\/strivectin.jpg\" alt=\"\">\r\n                                                    <\/div>\r\n\r\n                        <!-- Puntuaci\u00f3n del producto  -->\r\n                        <div class=\"rating\">\r\n                                                            <div class=\"rate\" style=\"--p:100;\"><\/div>\r\n                                <b>5\/5<\/b>\r\n                                <div class=\"rate-stars\">\r\n                                                                            <div\r\n                                            class=\"rate-star  \">\r\n                                        <\/div>\r\n                                                                            <div\r\n                                            class=\"rate-star  \">\r\n                                        <\/div>\r\n                                                                            <div\r\n                                            class=\"rate-star  \">\r\n                                        <\/div>\r\n                                                                            <div\r\n                                            class=\"rate-star  \">\r\n                                        <\/div>\r\n                                                                            <div\r\n                                            class=\"rate-star  \">\r\n                                        <\/div>\r\n                                                                    <\/div>\r\n                                                    <\/div>\r\n\r\n                        <!-- Bot\u00f3n de producto  -->\r\n                        <div>\r\n                            <span class=\"price-claim\">\r\n                                VER PRECIO                            <\/span>\r\n                        <\/div>\r\n                    <\/a>\r\n                                    <a href=\"https:\/\/www.primor.eu\/es_es\/the-potions-serum-ampolla-de-acido-hialuronico-18028.html\" class=\"product-item grid-table-rows\" target=\"_blank\">\r\n                        <div>\r\n                            <img decoding=\"async\" class=\"product-img\" width=\"80px\" height=\"80px\" src=\"https:\/\/cdn2.primor.eu\/media\/catalog\/product\/cache\/8d3aba296f7a18b5251ee30fa5db42b2\/0\/T\/0TF22152_1_976a.jpg\" alt=\"S\u00e9rum Ampolla de \u00c1cido Hialur\u00f3nico\">\r\n                        <\/div>\r\n\r\n                        <!-- Contenido de producto  -->\r\n                        <div>\r\n                            <div class=\"product-position\">\r\n                                #3                            <\/div>\r\n\r\n                            <h2>\r\n                                S\u00e9rum Ampolla de \u00c1cido Hialur\u00f3nico                            <\/h2>\r\n                        <\/div>\r\n\r\n                        <!-- Imagen y\/o nombre de la marca -->\r\n                        <div>\r\n                                                            <img decoding=\"async\" width=\"70\" src=\"https:\/\/www.primor.eu\/media\/catalog\/category\/The_Potions.jpg\" alt=\"\">\r\n                                                    <\/div>\r\n\r\n                        <!-- Puntuaci\u00f3n del producto  -->\r\n                        <div class=\"rating\">\r\n                                                            <div class=\"rate\" style=\"--p:92;\"><\/div>\r\n                                <b>4.6\/5<\/b>\r\n                                <div class=\"rate-stars\">\r\n                                                                            <div\r\n                                            class=\"rate-star  \">\r\n                                        <\/div>\r\n                                                                            <div\r\n                                            class=\"rate-star  \">\r\n                                        <\/div>\r\n                                                                            <div\r\n                                            class=\"rate-star  \">\r\n                                        <\/div>\r\n                                                                            <div\r\n                                            class=\"rate-star  \">\r\n                                        <\/div>\r\n                                                                            <div\r\n                                            class=\"rate-star  \">\r\n                                        <\/div>\r\n                                                                    <\/div>\r\n                                                    <\/div>\r\n\r\n                        <!-- Bot\u00f3n de producto  -->\r\n                        <div>\r\n                            <span class=\"price-claim\">\r\n                                VER PRECIO                            <\/span>\r\n                        <\/div>\r\n                    <\/a>\r\n                                    <a href=\"https:\/\/www.primor.eu\/es_es\/derma-factory-crema-facial-cera-phantenol-8-96015.html\" class=\"product-item grid-table-rows\" target=\"_blank\">\r\n                        <div>\r\n                            <img decoding=\"async\" class=\"product-img\" width=\"80px\" height=\"80px\" src=\"https:\/\/cdn2.primor.eu\/media\/catalog\/product\/cache\/8d3aba296f7a18b5251ee30fa5db42b2\/C\/E\/CERA_PANTHENOL_8__INTENSIVE_CREAM_4e3a.png\" alt=\"Crema Facial Cera-Phantenol 8%\">\r\n                        <\/div>\r\n\r\n                        <!-- Contenido de producto  -->\r\n                        <div>\r\n                            <div class=\"product-position\">\r\n                                #4                            <\/div>\r\n\r\n                            <h2>\r\n                                Crema Facial Cera-Phantenol 8%                            <\/h2>\r\n                        <\/div>\r\n\r\n                        <!-- Imagen y\/o nombre de la marca -->\r\n                        <div>\r\n                                                            <p class=\"brand-name\"><b><\/b><\/p>\r\n                                                    <\/div>\r\n\r\n                        <!-- Puntuaci\u00f3n del producto  -->\r\n                        <div class=\"rating\">\r\n                                                            <div class=\"rate\" style=\"--p:96;\"><\/div>\r\n                                <b>4.8\/5<\/b>\r\n                                <div class=\"rate-stars\">\r\n                                                                            <div\r\n                                            class=\"rate-star  \">\r\n                                        <\/div>\r\n                                                                            <div\r\n                                            class=\"rate-star  \">\r\n                                        <\/div>\r\n                                                                            <div\r\n                                            class=\"rate-star  \">\r\n                                        <\/div>\r\n                                                                            <div\r\n                                            class=\"rate-star  \">\r\n                                        <\/div>\r\n                                                                            <div\r\n                                            class=\"rate-star  \">\r\n                                        <\/div>\r\n                                                                    <\/div>\r\n                                                    <\/div>\r\n\r\n                        <!-- Bot\u00f3n de producto  -->\r\n                        <div>\r\n                            <span class=\"price-claim\">\r\n                                VER PRECIO                            <\/span>\r\n                        <\/div>\r\n                    <\/a>\r\n                            <\/product-list>\r\n        <\/product-table>\r\n\r\n        \n\n\n\n<h3 class=\"wp-block-heading has-text-align-left\">Eco Earth Light Crema Solar de The Saem<\/h3>\n\n\n\n<p>Quien la prueba, repite. Esta crema solar diaria de tacto ligero, proporciona un acabado refrescante, provocando hacer sentir a la piel hidratada sin el odioso efecto m\u00e1scara ni rastro de marcas blancas.<\/p>\n\n\n    <a class='product' target='_blank' href='https:\/\/www.primor.eu\/es_es\/the-saem-eco-earth-light-crema-solar-60288.html'>\r\n        <img loading='async' src='https:\/\/cdn2.primor.eu\/media\/catalog\/product\/cache\/8d3aba296f7a18b5251ee30fa5db42b2\/0\/T\/0TF22730_1_0adf.jpg' alt='COMPRAR AHORA'>\r\n            <div class=\"claim\">\r\n                COMPRAR AHORA            <\/div>\r\n        <\/a>\r\n    \n\n\n<h3 class=\"wp-block-heading has-text-align-left\">Intensive Night Moisturizer de Strivectin<\/h3>\n\n\n\n<p>Esta crema antiedad intensiva de noche con retinol act\u00faa contra los signos del envejecimiento de forma eficaz. Su composici\u00f3n ayuda a restaurar la barrera cut\u00e1nea de la piel para lucir un rostro rejuvenecido, mejora la barrera cut\u00e1nea y proporciona firmeza y elasticidad.<\/p>\n\n\n\n<p>Gracias a los trip\u00e9ptidos de cobre, esta crema facial con retinol es la soluci\u00f3n definitiva para conseguir una piel radiante, revitalizada y de aspecto m\u00e1s joven que nutre e hidrata en profundidad y suaviza la textura para un rostro m\u00e1s luminoso.<\/p>\n\n\n    <a class='product' target='_blank' href='https:\/\/www.primor.eu\/es_es\/strivectin-advanced-retinol-intensive-night-moisturizer-16744.html'>\r\n        <img loading='async' src='https:\/\/cdn2.primor.eu\/media\/catalog\/product\/cache\/8d3aba296f7a18b5251ee30fa5db42b2\/6\/X\/6XS14016_1_2516.jpg' alt='COMPRAR AHORA'>\r\n            <div class=\"claim\">\r\n                COMPRAR AHORA            <\/div>\r\n        <\/a>\r\n    \n\n\n<h3 class=\"wp-block-heading\">S\u00e9rum Ampolla de \u00c1cido Hialur\u00f3nico&nbsp;de The Potions<\/h3>\n\n\n\n<p>Ayuda proporcionar una hidrataci\u00f3n intensa a la piel seca. El \u00e1cido hialur\u00f3nico es un compuesto natural que se encuentra en nuestra piel y que tiene la capacidad de atraer y retener la humedad de 300 a 1000 veces m\u00e1s grande en volumen.<\/p>\n\n\n    <a class='product' target='_blank' href='https:\/\/www.primor.eu\/es_es\/the-potions-serum-ampolla-de-acido-hialuronico-18028.html'>\r\n        <img loading='async' src='https:\/\/cdn2.primor.eu\/media\/catalog\/product\/cache\/8d3aba296f7a18b5251ee30fa5db42b2\/0\/T\/0TF22152_1_976a.jpg' alt='COMPRAR AHORA'>\r\n            <div class=\"claim\">\r\n                COMPRAR AHORA            <\/div>\r\n        <\/a>\r\n    \n\n\n<h3 class=\"wp-block-heading\">Crema Facial Cera-Phantenol 8% de Derma Factory<\/h3>\n\n\n\n<p>Crema con ceramidas y alto contenido en phantenol para hidratar profundamente la piel y proteger la barrera cut\u00e1nea<\/p>\n\n\n    <a class='product' target='_blank' href='https:\/\/www.primor.eu\/es_es\/derma-factory-crema-facial-cera-phantenol-8-96015.html'>\r\n        <img loading='async' src='https:\/\/cdn2.primor.eu\/media\/catalog\/product\/cache\/8d3aba296f7a18b5251ee30fa5db42b2\/C\/E\/CERA_PANTHENOL_8__INTENSIVE_CREAM_4e3a.png' alt='COMPRAR AHORA'>\r\n            <div class=\"claim\">\r\n                COMPRAR AHORA            <\/div>\r\n        <\/a>\r\n    \n\n\n<p><br><\/p>\n\n\n\n<h2 class=\"wp-block-heading\">Descuentos en cosm\u00e9ticos coreanos<\/h2>\n\n\n\n<p>\u00bfTus cosm\u00e9ticos coreanos favoritos con descuento? En Perfumer\u00edas Primor es posible. Cada semana lanzamos<strong> <\/strong><a href=\"https:\/\/www.primor.eu\/es_es\/outlet\"><strong>ofertas y descuentos<\/strong><\/a><strong> <\/strong>en miles de productos de tus marcas favoritas. \u00a1Solo tendr\u00e1s que estar atenta para no perderte nada! Recuerda que hay oportunidades que solo pasan una vez en la vida, y algunas que solo duran 24 horas.&nbsp;<\/p>\n\n\n\n<p><\/p>\n\n\n<div class=\"kk-star-ratings kksr-auto kksr-align-center kksr-valign-bottom\"\n    data-payload='{&quot;align&quot;:&quot;center&quot;,&quot;id&quot;:&quot;43542&quot;,&quot;slug&quot;:&quot;default&quot;,&quot;valign&quot;:&quot;bottom&quot;,&quot;ignore&quot;:&quot;&quot;,&quot;reference&quot;:&quot;auto&quot;,&quot;class&quot;:&quot;&quot;,&quot;count&quot;:&quot;6&quot;,&quot;legendonly&quot;:&quot;&quot;,&quot;readonly&quot;:&quot;&quot;,&quot;score&quot;:&quot;4.8&quot;,&quot;starsonly&quot;:&quot;&quot;,&quot;best&quot;:&quot;5&quot;,&quot;gap&quot;:&quot;5&quot;,&quot;greet&quot;:&quot;Valora este art\u00edculo&quot;,&quot;legend&quot;:&quot;4.8\\\/5 - (6 votos)&quot;,&quot;size&quot;:&quot;24&quot;,&quot;title&quot;:&quot;El secreto de la cosm\u00e9tica coreana: los pasos (y los mejores productos) para una piel saludable&quot;,&quot;width&quot;:&quot;136.7&quot;,&quot;_legend&quot;:&quot;{score}\\\/{best} - ({count} {votes})&quot;,&quot;font_factor&quot;:&quot;1.25&quot;}'>\n            \n<div class=\"kksr-stars\">\n    \n<div class=\"kksr-stars-inactive\">\n            <div class=\"kksr-star\" data-star=\"1\" style=\"padding-right: 5px\">\n            \n\n<div class=\"kksr-icon\" style=\"width: 24px; height: 24px;\"><\/div>\n        <\/div>\n            <div class=\"kksr-star\" data-star=\"2\" style=\"padding-right: 5px\">\n            \n\n<div class=\"kksr-icon\" style=\"width: 24px; height: 24px;\"><\/div>\n        <\/div>\n            <div class=\"kksr-star\" data-star=\"3\" style=\"padding-right: 5px\">\n            \n\n<div class=\"kksr-icon\" style=\"width: 24px; height: 24px;\"><\/div>\n        <\/div>\n            <div class=\"kksr-star\" data-star=\"4\" style=\"padding-right: 5px\">\n            \n\n<div class=\"kksr-icon\" style=\"width: 24px; height: 24px;\"><\/div>\n        <\/div>\n            <div class=\"kksr-star\" data-star=\"5\" style=\"padding-right: 5px\">\n            \n\n<div class=\"kksr-icon\" style=\"width: 24px; height: 24px;\"><\/div>\n        <\/div>\n    <\/div>\n    \n<div class=\"kksr-stars-active\" style=\"width: 136.7px;\">\n            <div class=\"kksr-star\" style=\"padding-right: 5px\">\n            \n\n<div class=\"kksr-icon\" style=\"width: 24px; height: 24px;\"><\/div>\n        <\/div>\n            <div class=\"kksr-star\" style=\"padding-right: 5px\">\n            \n\n<div class=\"kksr-icon\" style=\"width: 24px; height: 24px;\"><\/div>\n        <\/div>\n            <div class=\"kksr-star\" style=\"padding-right: 5px\">\n            \n\n<div class=\"kksr-icon\" style=\"width: 24px; height: 24px;\"><\/div>\n        <\/div>\n            <div class=\"kksr-star\" style=\"padding-right: 5px\">\n            \n\n<div class=\"kksr-icon\" style=\"width: 24px; height: 24px;\"><\/div>\n        <\/div>\n            <div class=\"kksr-star\" style=\"padding-right: 5px\">\n            \n\n<div class=\"kksr-icon\" style=\"width: 24px; height: 24px;\"><\/div>\n        <\/div>\n    <\/div>\n<\/div>\n                \n\n<div class=\"kksr-legend\" style=\"font-size: 19.2px;\">\n            4.8\/5 - (6 votos)    <\/div>\n    <\/div>\n","protected":false},"excerpt":{"rendered":"<p>Las rutinas de cuidado de la piel con productos de cosm\u00e9tica coreana siempre han sido sin\u00f3nimo de piel perfecta, uniforme y sin imperfecciones. \u00bfC\u00f3mo? Gracias a la calidad de sus productos y tratamientos que a\u00fanan la innovaci\u00f3n en la ciencia de belleza con los procesos milenarios de la antig\u00fcedad. Son tratamientos con f\u00f3rmulas sencillas, pero [&hellip;]<\/p>\n","protected":false},"author":14,"featured_media":120296,"comment_status":"open","ping_status":"open","sticky":false,"template":"","format":"standard","meta":{"jnews-multi-image_gallery":[],"jnews_single_post":{"subtitle":"","format":"standard","video":"","gallery":"","source_name":"","source_url":"","via_name":"","via_url":"","override_template":"0","override":[{"template":"1","single_blog_custom":"","parallax":"1","fullscreen":"1","layout":"right-sidebar","sidebar":"home-2","second_sidebar":"default-sidebar","sticky_sidebar":"0","share_position":"float","share_float_style":"share-monocrhome","show_share_counter":"0","show_view_counter":"0","show_featured":"1","show_post_meta":"1","show_post_author":"0","show_post_author_image":"1","show_post_date":"1","post_date_format":"default","post_date_format_custom":"Y\/m\/d","show_post_category":"1","show_post_reading_time":"0","post_reading_time_wpm":"300","show_zoom_button":"0","zoom_button_out_step":"2","zoom_button_in_step":"3","show_post_tag":"0","show_prev_next_post":"0","show_popup_post":"0","number_popup_post":"2","show_author_box":"0","show_post_related":"0","show_inline_post_related":"1"}],"override_image_size":"0","image_override":[{"single_post_thumbnail_size":"no-crop","single_post_gallery_size":"crop-500"}],"trending_post":"0","trending_post_position":"meta","trending_post_label":"Trending","sponsored_post":"0","sponsored_post_label":"Sponsored by","sponsored_post_name":"","sponsored_post_url":"","sponsored_post_logo_enable":"0","sponsored_post_logo":"","sponsored_post_desc":"","disable_ad":"0"},"jnews_primary_category":{"id":"","hide":""},"jnews_social_meta":{"fb_title":"","fb_description":"","fb_image":"","twitter_title":"","twitter_description":"","twitter_image":""},"jnews_override_counter":{"override_view_counter":"0","view_counter_number":"0","override_share_counter":"0","share_counter_number":"0","override_like_counter":"0","like_counter_number":"0","override_dislike_counter":"0","dislike_counter_number":"0"},"footnotes":""},"categories":[29,44],"tags":[],"class_list":["post-43542","post","type-post","status-publish","format-standard","has-post-thumbnail","hentry","category-cosmetica","category-cosmetica-coreana"],"_links":{"self":[{"href":"https:\/\/www.primor.eu\/blog\/wp-json\/wp\/v2\/posts\/43542","targetHints":{"allow":["GET"]}}],"collection":[{"href":"https:\/\/www.primor.eu\/blog\/wp-json\/wp\/v2\/posts"}],"about":[{"href":"https:\/\/www.primor.eu\/blog\/wp-json\/wp\/v2\/types\/post"}],"author":[{"embeddable":true,"href":"https:\/\/www.primor.eu\/blog\/wp-json\/wp\/v2\/users\/14"}],"replies":[{"embeddable":true,"href":"https:\/\/www.primor.eu\/blog\/wp-json\/wp\/v2\/comments?post=43542"}],"version-history":[{"count":35,"href":"https:\/\/www.primor.eu\/blog\/wp-json\/wp\/v2\/posts\/43542\/revisions"}],"predecessor-version":[{"id":136458,"href":"https:\/\/www.primor.eu\/blog\/wp-json\/wp\/v2\/posts\/43542\/revisions\/136458"}],"wp:featuredmedia":[{"embeddable":true,"href":"https:\/\/www.primor.eu\/blog\/wp-json\/wp\/v2\/media\/120296"}],"wp:attachment":[{"href":"https:\/\/www.primor.eu\/blog\/wp-json\/wp\/v2\/media?parent=43542"}],"wp:term":[{"taxonomy":"category","embeddable":true,"href":"https:\/\/www.primor.eu\/blog\/wp-json\/wp\/v2\/categories?post=43542"},{"taxonomy":"post_tag","embeddable":true,"href":"https:\/\/www.primor.eu\/blog\/wp-json\/wp\/v2\/tags?post=43542"}],"curies":[{"name":"wp","href":"https:\/\/api.w.org\/{rel}","templated":true}]}}