{"id":43281,"date":"2024-10-07T12:57:55","date_gmt":"2024-10-07T12:57:55","guid":{"rendered":"https:\/\/blog.primor.eu\/?p=43281"},"modified":"2026-01-29T08:49:53","modified_gmt":"2026-01-29T08:49:53","slug":"black-friday-maquillaje","status":"publish","type":"post","link":"https:\/\/www.primor.eu\/blog\/black-friday-maquillaje\/","title":{"rendered":"Black Friday 2026 en Primor: \u00bfqu\u00e9 17 productos de maquillaje tienes que comprar?"},"content":{"rendered":"\n<p>Se acerca el famoso <strong>Viernes Negro<\/strong>, y con \u00e9l, la oportunidad perfecta para hacerte con uno (o varios) de tus <strong><a href=\"https:\/\/www.primor.eu\/es_es\/maquillaje-de-lujo\">productos de maquillaje<\/a> favoritos.<\/strong> Dentro de nuestras <a href=\"https:\/\/www.primor.eu\/es_es\/black-friday\"><strong>ofertas de Black Friday en Primor<\/strong><\/a>, podr\u00e1s encontrar desde bases de maquillaje fluidas hasta las paletas de sombras m\u00e1s pigmentadas; labiales mate, polvos de sol e infinidad de imprescindibles que te ayudar\u00e1n a que tu beauty look se vea profesional, duradero y a la altura de alguien como t\u00fa. Y si no sabes por d\u00f3nde empezar, te dejamos algunos de <strong>nuestros iconos de maquillaje para Black Friday favoritos.<\/strong><\/p>\n\n\n\n<h2 class=\"wp-block-heading\">5 consejos para comprar maquillaje en Black Friday<\/h2>\n\n\n\n<ul class=\"wp-block-list\">\n<li><strong>Elabora un presupuesto. <\/strong>Hey, beauty addict, atenta: que sea el Black Friday no significa que debas entrar en bancarrota como la bolsa de Wall Street. Elabora un presupuesto con un tope y que sea irreversible. Un euro m\u00e1s es un euro m\u00e1s. M\u00e1rcate un l\u00edmite y no lo traspases.<\/li>\n\n\n\n<li><strong>Ten en cuenta qu\u00e9 es lo que quieres y haz una lista de deseos.<\/strong> Puede ser uno de nuestros miles de perfumes con descuento de Black Friday, imprescindibles de maquillaje o cosm\u00e9tica o alg\u00fan tratamiento para el cabello. Adem\u00e1s, hay quien aprovecha estos d\u00edas para hacer alguna compra navide\u00f1a.&nbsp;<\/li>\n\n\n\n<li><strong>Date un capricho.<\/strong> Te lo mereces (y lo sabes), y m\u00e1s con las ofertas de Black Friday que tenemos en Perfumer\u00edas Primor.&nbsp;<\/li>\n\n\n\n<li><strong>Aprovecha para comprar alg\u00fan regalo navide\u00f1o. <\/strong>Recuerda dos cosas: la Navidad est\u00e1 a la vuelta de la esquina y no hay que dejar las cosas para el \u00faltimo momento. Aprovecha. Compra aquel detalle que sepas con seguridad y ahorra un par de euros.<\/li>\n\n\n\n<li><strong>Disfruta. <\/strong>En Perfumer\u00edas Primor tenemos cientos de productos de tus marcas favoritas esper\u00e1ndote con unos precios de esc\u00e1ndalo (y unos descuentos incre\u00edbles).<\/li>\n<\/ul>\n\n\n\n<h2 class=\"wp-block-heading\">17 productos de maquillaje para aprovechar las ofertas de Black Friday<\/h2>\n\n\n        <product-table class=\"pr-slider\">\r\n            <product-headers class=\"grid-table-rows\">\r\n                <div>Foto<\/div>\r\n                <div>Producto<\/div>\r\n                <div>Marca<\/div>\r\n                <div>Valoraciones<\/div>\r\n                <div>Precio<\/div>\r\n            <\/product-headers>\r\n\r\n            <product-list>\r\n                                    <a href=\"https:\/\/www.primor.eu\/es_es\/guerlain-terracotta-light-polvos-bronceadores-efecto-buena-cara-108888.html?#803=43244\" class=\"product-item grid-table-rows\" target=\"_blank\">\r\n                        <div>\r\n                            <img decoding=\"async\" class=\"product-img\" width=\"80px\" height=\"80px\" src=\"https:\/\/cdn2.primor.eu\/media\/catalog\/product\/cache\/8d3aba296f7a18b5251ee30fa5db42b2\/0\/M\/0MR21778_1_7099.jpg\" alt=\"Terracotta Light Polvos Bronceadores Efecto Buena Cara\">\r\n                        <\/div>\r\n\r\n                        <!-- Contenido de producto  -->\r\n                        <div>\r\n                            <div class=\"product-position\">\r\n                                #1 Top Ventas                            <\/div>\r\n\r\n                            <h2>\r\n                                Terracotta Light Polvos Bronceadores Efecto Buena Cara                            <\/h2>\r\n                        <\/div>\r\n\r\n                        <!-- Imagen y\/o nombre de la marca -->\r\n                        <div>\r\n                                                            <img decoding=\"async\" width=\"70\" src=\"https:\/\/www.primor.eu\/media\/catalog\/category\/Guerlain.png\" alt=\"Guerlain\">\r\n                                                    <\/div>\r\n\r\n                        <!-- Puntuaci\u00f3n del producto  -->\r\n                        <div class=\"rating\">\r\n                                                            <div class=\"rate\" style=\"--p:96;\"><\/div>\r\n                                <b>4.8\/5<\/b>\r\n                                <div class=\"rate-stars\">\r\n                                                                            <div\r\n                                            class=\"rate-star  \">\r\n                                        <\/div>\r\n                                                                            <div\r\n                                            class=\"rate-star  \">\r\n                                        <\/div>\r\n                                                                            <div\r\n                                            class=\"rate-star  \">\r\n                                        <\/div>\r\n                                                                            <div\r\n                                            class=\"rate-star  \">\r\n                                        <\/div>\r\n                                                                            <div\r\n                                            class=\"rate-star  \">\r\n                                        <\/div>\r\n                                                                    <\/div>\r\n                                                    <\/div>\r\n\r\n                        <!-- Bot\u00f3n de producto  -->\r\n                        <div>\r\n                            <span class=\"price-claim\">\r\n                                VER PRECIO                            <\/span>\r\n                        <\/div>\r\n                    <\/a>\r\n                                    <a href=\"https:\/\/www.primor.eu\/es_es\/nars-colorete-en-polvo-41061.html\" class=\"product-item grid-table-rows\" target=\"_blank\">\r\n                        <div>\r\n                            <img decoding=\"async\" class=\"product-img\" width=\"80px\" height=\"80px\" src=\"https:\/\/cdn2.primor.eu\/media\/catalog\/product\/cache\/8d3aba296f7a18b5251ee30fa5db42b2\/0\/M\/0MR20340_1_6aad.jpg\" alt=\"Colorete en Polvo\">\r\n                        <\/div>\r\n\r\n                        <!-- Contenido de producto  -->\r\n                        <div>\r\n                            <div class=\"product-position\">\r\n                                #2                            <\/div>\r\n\r\n                            <h2>\r\n                                Colorete en Polvo                            <\/h2>\r\n                        <\/div>\r\n\r\n                        <!-- Imagen y\/o nombre de la marca -->\r\n                        <div>\r\n                                                            <img decoding=\"async\" width=\"70\" src=\"https:\/\/www.primor.eu\/media\/catalog\/category\/Nars.png\" alt=\"\">\r\n                                                    <\/div>\r\n\r\n                        <!-- Puntuaci\u00f3n del producto  -->\r\n                        <div class=\"rating\">\r\n                                                            <p>No hay valoraciones disponibles<\/p>\r\n                                                    <\/div>\r\n\r\n                        <!-- Bot\u00f3n de producto  -->\r\n                        <div>\r\n                            <span class=\"price-claim\">\r\n                                VER PRECIO                            <\/span>\r\n                        <\/div>\r\n                    <\/a>\r\n                                    <a href=\"https:\/\/www.primor.eu\/es_es\/vichy-dermablend-base-de-maquillaje-correctora-109111.html?#803=49576\" class=\"product-item grid-table-rows\" target=\"_blank\">\r\n                        <div>\r\n                            <img decoding=\"async\" class=\"product-img\" width=\"80px\" height=\"80px\" src=\"https:\/\/cdn2.primor.eu\/media\/catalog\/product\/cache\/8d3aba296f7a18b5251ee30fa5db42b2\/3\/3\/3337871316600_6e56.jpg\" alt=\"Dermablend Base de Maquillaje Correctora\">\r\n                        <\/div>\r\n\r\n                        <!-- Contenido de producto  -->\r\n                        <div>\r\n                            <div class=\"product-position\">\r\n                                #3                            <\/div>\r\n\r\n                            <h2>\r\n                                Dermablend Base de Maquillaje Correctora                            <\/h2>\r\n                        <\/div>\r\n\r\n                        <!-- Imagen y\/o nombre de la marca -->\r\n                        <div>\r\n                                                            <img decoding=\"async\" width=\"70\" src=\"https:\/\/www.primor.eu\/media\/catalog\/category\/vichy.png\" alt=\"Vichy\">\r\n                                                    <\/div>\r\n\r\n                        <!-- Puntuaci\u00f3n del producto  -->\r\n                        <div class=\"rating\">\r\n                                                            <div class=\"rate\" style=\"--p:92;\"><\/div>\r\n                                <b>4.6\/5<\/b>\r\n                                <div class=\"rate-stars\">\r\n                                                                            <div\r\n                                            class=\"rate-star  \">\r\n                                        <\/div>\r\n                                                                            <div\r\n                                            class=\"rate-star  \">\r\n                                        <\/div>\r\n                                                                            <div\r\n                                            class=\"rate-star  \">\r\n                                        <\/div>\r\n                                                                            <div\r\n                                            class=\"rate-star  \">\r\n                                        <\/div>\r\n                                                                            <div\r\n                                            class=\"rate-star  \">\r\n                                        <\/div>\r\n                                                                    <\/div>\r\n                                                    <\/div>\r\n\r\n                        <!-- Bot\u00f3n de producto  -->\r\n                        <div>\r\n                            <span class=\"price-claim\">\r\n                                VER PRECIO                            <\/span>\r\n                        <\/div>\r\n                    <\/a>\r\n                                    <a href=\"https:\/\/www.primor.eu\/es_es\/l-oreal-paris-lash-paradise-mascara-de-pestanas-waterproof-36055.html\" class=\"product-item grid-table-rows\" target=\"_blank\">\r\n                        <div>\r\n                            <img decoding=\"async\" class=\"product-img\" width=\"80px\" height=\"80px\" src=\"https:\/\/cdn2.primor.eu\/media\/catalog\/product\/cache\/8d3aba296f7a18b5251ee30fa5db42b2\/0\/M\/0MO17122_1_6eaf.jpg\" alt=\"Lash Paradise M\u00e1scara de Pesta\u00f1as Waterproof\">\r\n                        <\/div>\r\n\r\n                        <!-- Contenido de producto  -->\r\n                        <div>\r\n                            <div class=\"product-position\">\r\n                                #4                            <\/div>\r\n\r\n                            <h2>\r\n                                Lash Paradise M\u00e1scara de Pesta\u00f1as Waterproof                            <\/h2>\r\n                        <\/div>\r\n\r\n                        <!-- Imagen y\/o nombre de la marca -->\r\n                        <div>\r\n                                                            <img decoding=\"async\" width=\"70\" src=\"https:\/\/www.primor.eu\/media\/catalog\/category\/loreal-paris.png\" alt=\"\">\r\n                                                    <\/div>\r\n\r\n                        <!-- Puntuaci\u00f3n del producto  -->\r\n                        <div class=\"rating\">\r\n                                                            <div class=\"rate\" style=\"--p:94;\"><\/div>\r\n                                <b>4.7\/5<\/b>\r\n                                <div class=\"rate-stars\">\r\n                                                                            <div\r\n                                            class=\"rate-star  \">\r\n                                        <\/div>\r\n                                                                            <div\r\n                                            class=\"rate-star  \">\r\n                                        <\/div>\r\n                                                                            <div\r\n                                            class=\"rate-star  \">\r\n                                        <\/div>\r\n                                                                            <div\r\n                                            class=\"rate-star  \">\r\n                                        <\/div>\r\n                                                                            <div\r\n                                            class=\"rate-star  \">\r\n                                        <\/div>\r\n                                                                    <\/div>\r\n                                                    <\/div>\r\n\r\n                        <!-- Bot\u00f3n de producto  -->\r\n                        <div>\r\n                            <span class=\"price-claim\">\r\n                                VER PRECIO                            <\/span>\r\n                        <\/div>\r\n                    <\/a>\r\n                                    <a href=\"https:\/\/www.primor.eu\/es_es\/estee-lauder-double-wear-base-de-maquillaje-de-larga-duracion-spf-10-110639.html?#803=49845\" class=\"product-item grid-table-rows\" target=\"_blank\">\r\n                        <div>\r\n                            <img decoding=\"async\" class=\"product-img\" width=\"80px\" height=\"80px\" src=\"https:\/\/cdn2.primor.eu\/media\/catalog\/product\/cache\/8d3aba296f7a18b5251ee30fa5db42b2\/0\/M\/0MR00330_1_6455.jpg\" alt=\"Double Wear Base de Maquillaje de Larga Duraci\u00f3n SPF 10\">\r\n                        <\/div>\r\n\r\n                        <!-- Contenido de producto  -->\r\n                        <div>\r\n                            <div class=\"product-position\">\r\n                                #5                            <\/div>\r\n\r\n                            <h2>\r\n                                Double Wear Base de Maquillaje de Larga Duraci\u00f3n SPF 10                            <\/h2>\r\n                        <\/div>\r\n\r\n                        <!-- Imagen y\/o nombre de la marca -->\r\n                        <div>\r\n                                                            <img decoding=\"async\" width=\"70\" src=\"https:\/\/www.primor.eu\/media\/catalog\/category\/Estee_Lauder.png\" alt=\"Est\u00e9e Lauder\">\r\n                                                    <\/div>\r\n\r\n                        <!-- Puntuaci\u00f3n del producto  -->\r\n                        <div class=\"rating\">\r\n                                                            <div class=\"rate\" style=\"--p:98;\"><\/div>\r\n                                <b>4.9\/5<\/b>\r\n                                <div class=\"rate-stars\">\r\n                                                                            <div\r\n                                            class=\"rate-star  \">\r\n                                        <\/div>\r\n                                                                            <div\r\n                                            class=\"rate-star  \">\r\n                                        <\/div>\r\n                                                                            <div\r\n                                            class=\"rate-star  \">\r\n                                        <\/div>\r\n                                                                            <div\r\n                                            class=\"rate-star  \">\r\n                                        <\/div>\r\n                                                                            <div\r\n                                            class=\"rate-star  \">\r\n                                        <\/div>\r\n                                                                    <\/div>\r\n                                                    <\/div>\r\n\r\n                        <!-- Bot\u00f3n de producto  -->\r\n                        <div>\r\n                            <span class=\"price-claim\">\r\n                                VER PRECIO                            <\/span>\r\n                        <\/div>\r\n                    <\/a>\r\n                            <\/product-list>\r\n        <\/product-table>\r\n\r\n        \n\n\n\n<h3 class=\"wp-block-heading has-text-align-left\">Terracotta Light Polvos Bronceadores Efecto Buena Cara de Guerlain<\/h3>\n\n\n\n<p>Los polvos Terracotta Light de Guerlain reinventan el efecto de buena cara gracias a sus f\u00f3rmulas naturales que potencian el aspecto saludable de la piel. Estos polvos ligeros poseen una combinaci\u00f3n \u00fanica de dorados que se funden con la piel realzando nuestras facciones. Adem\u00e1s, sus f\u00f3rmulas exclusivas est\u00e1n elaboradas con un 96% de ingredientes de origen natural y enriquecidas con Miel de Flores de Marruecos.<\/p>\n\n\n    <a class='product' target='_blank' href='https:\/\/www.primor.eu\/es_es\/guerlain-terracotta-light-polvos-bronceadores-efecto-buena-cara-108888.html?#803=43244'>\r\n        <img loading='async' src='https:\/\/cdn2.primor.eu\/media\/catalog\/product\/cache\/8d3aba296f7a18b5251ee30fa5db42b2\/0\/M\/0MR21778_1_7099.jpg' alt='COMPRAR AHORA'>\r\n            <div class=\"claim\">\r\n                COMPRAR AHORA            <\/div>\r\n        <\/a>\r\n    \n\n\n\n<h3 class=\"wp-block-heading has-text-align-left\">Colorete en Polvo de Nars<\/h3>\n\n\n\n<p>Descubre este ic\u00f3nico producto, ahora con una f\u00f3rmula mejorada. Nuestro NUEVO Blush propone 20 tonos nuevos y superventas que garantizan hasta 16 horas de duraci\u00f3n y una sensaci\u00f3n c\u00f3moda y ligera.&nbsp;<\/p>\n\n\n\n<p>Pure Pigment Blend, una innovadora combinaci\u00f3n de cuatro tipos de pigmentos, consigue un color perfecto y de alto impacto. Su f\u00f3rmula modulable e irresistiblemente sedosa se desliza con facilidad y de manera homog\u00e9nea mientras difumina las imperfecciones.<\/p>\n\n\n    <a class='product' target='_blank' href='https:\/\/www.primor.eu\/es_es\/nars-colorete-en-polvo-41061.html'>\r\n        <img loading='async' src='https:\/\/cdn2.primor.eu\/media\/catalog\/product\/cache\/8d3aba296f7a18b5251ee30fa5db42b2\/0\/M\/0MR20340_1_6aad.jpg' alt='COMPRAR AHORA'>\r\n            <div class=\"claim\">\r\n                COMPRAR AHORA            <\/div>\r\n        <\/a>\r\n    \n\n\n\n<h3 class=\"wp-block-heading has-text-align-left\">Dermablend Base de Maquillaje Correctora de Vichy<\/h3>\n\n\n\n<p>Es un fondo de maquillaje fluido capaz de cubrir las imperfecciones severas, reducir la apariencia de la piel irregular, minimizar ojeras y rojeces de forma r\u00e1pida y eficaz. Su cobertura modulable se adapta a todo tipo de dermis logrando que la tez se vea homog\u00e9nea hasta 16 horas despu\u00e9s de aplicar el producto. Adem\u00e1s, su textura ligera se difumina con facilidad dejando la piel suave e hidratada.<\/p>\n\n\n    <a class='product' target='_blank' href='https:\/\/www.primor.eu\/es_es\/vichy-dermablend-base-de-maquillaje-correctora-109111.html?#803=49576'>\r\n        <img loading='async' src='https:\/\/cdn2.primor.eu\/media\/catalog\/product\/cache\/8d3aba296f7a18b5251ee30fa5db42b2\/3\/3\/3337871316600_6e56.jpg' alt='COMPRAR AHORA'>\r\n            <div class=\"claim\">\r\n                COMPRAR AHORA            <\/div>\r\n        <\/a>\r\n    \n\n\n\n<h3 class=\"wp-block-heading has-text-align-left\">Lash Paradise de L\u2019Or\u00e9al Par\u00eds<\/h3>\n\n\n\n<p>Es una m\u00e1scara de pesta\u00f1as de <a href=\"https:\/\/www.primor.eu\/es_es\/l-oreal-paris-maquillaje\">L'Or\u00e9al Par\u00eds<\/a>&nbsp; que consigue el volumen y la longitud que deseas. Con su f\u00f3rmula de b\u00e1lsamo cremosa, enriquecida con Aceite de Ricino, cuida las pesta\u00f1as a la vez que les da un look extremo. Su cepillo con fibras rectas y onduladas permite conseguir una mirada impresionante en una sola pasada.<\/p>\n\n\n    <a class='product' target='_blank' href='https:\/\/www.primor.eu\/es_es\/l-oreal-paris-lash-paradise-mascara-de-pestanas-110837.html?#803=57890'>\r\n        <img loading='async' src='https:\/\/cdn2.primor.eu\/media\/catalog\/product\/cache\/8d3aba296f7a18b5251ee30fa5db42b2\/3\/6\/3600523903085_1_5331.jpg' alt='COMPRAR AHORA'>\r\n            <div class=\"claim\">\r\n                COMPRAR AHORA            <\/div>\r\n        <\/a>\r\n    \n\n\n\n<h3 class=\"wp-block-heading has-text-align-left\">Double Wear Base de Maquillaje de Est\u00e9e Lauder <\/h3>\n\n\n\n<p>Apta para todo tipo de pieles con un resultado de larga duraci\u00f3n que permanece impecable hasta 24 horas, es un <a href=\"https:\/\/www.primor.eu\/es_es\/maquillaje-de-lujo\">maquillaje de lujo<\/a> de cobertura media que, adem\u00e1s de adaptarse a la piel y ser ligero como el aire, regula el sebo de la cara. Tambi\u00e9n protege del sol gracias a su SPF +10, no transfiere y es resistente al agua y a la humedad.<\/p>\n\n\n    <a class='product' target='_blank' href='https:\/\/www.primor.eu\/es_es\/estee-lauder-double-wear-base-de-maquillaje-de-larga-duracion-spf-10-110639.html?#803=49845'>\r\n        <img loading='async' src='https:\/\/cdn2.primor.eu\/media\/catalog\/product\/cache\/8d3aba296f7a18b5251ee30fa5db42b2\/0\/M\/0MR00330_1_6455.jpg' alt='COMPRAR AHORA'>\r\n            <div class=\"claim\">\r\n                COMPRAR AHORA            <\/div>\r\n        <\/a>\r\n    \n\n\n\n<h3 class=\"wp-block-heading has-text-align-left\">Base de Maquillaje Flawless Satin de Sensai<\/h3>\n\n\n\n<p>Base de maquillaje de acabado satinado de Sensai. Esta f\u00f3rmula cremosa, enriquecida con polvos difusores de la luz, aporta a la piel una hidrataci\u00f3n refrescante y prolongada para desvelar una luminosidad sutil y natural, aclara el tono de la piel y ofrece una cobertura impecable.<br><\/p>\n\n\n    <a class='product' target='_blank' href='https:\/\/www.primor.eu\/es_es\/sensai-base-de-maquillaje-flawless-satin-110120.html?#803=55881'>\r\n        <img loading='async' src='https:\/\/cdn2.primor.eu\/media\/catalog\/product\/cache\/8d3aba296f7a18b5251ee30fa5db42b2\/4\/9\/4973167840818_1_a558.jpg' alt='COMPRAR AHORA'>\r\n            <div class=\"claim\">\r\n                COMPRAR AHORA            <\/div>\r\n        <\/a>\r\n    \n\n\n\n<h3 class=\"wp-block-heading has-text-align-left\">Le Phyto Rouge Barra de Labios de Sisley<\/h3>\n\n\n\n<p>Esta barra de labios de tratamiento cuenta con una textura ultrasedosa que envuelve los labios, calma, define e hidrata. Gracias a su complejo hidroimpulsor, compuesto por microesferas de \u00c1cido Hialur\u00f3nico y Glucomanana de Konjac, los labios se repulpan al instante, luciendo voluminosos y suaves.<\/p>\n\n\n\n<p>Le Phyto Rouge barra de labios preserva la juventud de los labios, ofreciendo nutrici\u00f3n, elasticidad y confort gracias a su cocktail de aceites. D\u00eda tras d\u00eda, la piel de los labios se vuelve m\u00e1s flexible, suave y el\u00e1stica. Su textura gel de \u00faltima generaci\u00f3n se funde con los labios con fluidez, brindando una sensaci\u00f3n duradera de incomparable confort. La combinaci\u00f3n de pigmentos ultrapuros proporciona un color impactante al instante y un acabado ultraluminoso.<\/p>\n\n\n    <a class='product' target='_blank' href='https:\/\/www.primor.eu\/es_es\/sisley-le-phyto-rouge-barra-de-labios-108162.html?#803=49498'>\r\n        <img loading='async' src='https:\/\/cdn2.primor.eu\/media\/catalog\/product\/cache\/8d3aba296f7a18b5251ee30fa5db42b2\/0\/M\/0ML21243_1_f06d.jpg' alt='COMPRAR AHORA'>\r\n            <div class=\"claim\">\r\n                COMPRAR AHORA            <\/div>\r\n        <\/a>\r\n    \n\n\n\n<h3 class=\"wp-block-heading\">Aceite de Labios Comfort de Clarins<\/h3>\n\n\n\n<p>Un aceite de labios enriquecido con activos ultrahidratantes que protegen, reparan, nutren y dan color a nuestros labios. Contiene un 93% de ingredientes de origen natural y es ideal para aportar un extra de brillo y jugosidad a nuestros labios.&nbsp;<\/p>\n\n\n    <a class='product' target='_blank' href='https:\/\/www.primor.eu\/es_es\/clarins-aceite-de-labios-comfort-108472.html?#803=56335'>\r\n        <img loading='async' src='https:\/\/cdn2.primor.eu\/media\/catalog\/product\/cache\/8d3aba296f7a18b5251ee30fa5db42b2\/M\/_\/M_0ML28904_1_a5e4.jpg' alt='COMPRAR AHORA'>\r\n            <div class=\"claim\">\r\n                COMPRAR AHORA            <\/div>\r\n        <\/a>\r\n    \n\n\n\n<h3 class=\"wp-block-heading\">All Nighter Setting Spray Fijador de maquillaje de Urban Decay<\/h3>\n\n\n\n<p>Un fijador 100% vegano y libre de parabenos que garantiza una fijaci\u00f3n extrema durante 16 horas. Su sistema de control de temperatura mantendr\u00e1 tu maquillaje fresco a 2\u00ba grados por debajo de la temperatura de tu piel para evitar que se derrita.&nbsp;<\/p>\n\n\n    <a class='product' target='_blank' href='https:\/\/www.primor.eu\/es_es\/urban-decay-all-nighter-setting-spray-fijador-de-maquillaje-122463.html?#863=69585'>\r\n        <img loading='async' src='https:\/\/cdn2.primor.eu\/media\/catalog\/product\/cache\/8d3aba296f7a18b5251ee30fa5db42b2\/3\/6\/3605971305887_1_f72f.jpg' alt='COMPRAR AHORA'>\r\n            <div class=\"claim\">\r\n                COMPRAR AHORA            <\/div>\r\n        <\/a>\r\n    \n\n\n\n<h3 class=\"wp-block-heading\">CC+ Base De Maquillaje Cobertura Total de It Cosmetics<\/h3>\n\n\n\n<p>Desarrollada por cirujanos est\u00e9ticos y dermat\u00f3logos, esta base de maquillaje ofrece una cobertura total mientras cuida de nuestro rostro gracias a su acci\u00f3n hidratante y antiedad. Disponible en 12 tonos aptos para todo tipo de pieles.&nbsp;<\/p>\n\n\n    <a class='product' target='_blank' href='https:\/\/www.primor.eu\/es_es\/it-cosmetics-cc-base-de-maquillaje-cobertura-total-111111.html?#803=55630'>\r\n        <img loading='async' src='https:\/\/cdn2.primor.eu\/media\/catalog\/product\/cache\/8d3aba296f7a18b5251ee30fa5db42b2\/3\/6\/3605971979149_1_a37f.jpg' alt='COMPRAR AHORA'>\r\n            <div class=\"claim\">\r\n                COMPRAR AHORA            <\/div>\r\n        <\/a>\r\n    \n\n\n\n<h3 class=\"wp-block-heading\">High Impact High-Fi Full Volume Mascara de pesta\u00f1as Clinique<\/h3>\n\n\n\n<p>Consigue un 230% m\u00e1s de volumen al instante gracias a la nueva m\u00e1scara de pesta\u00f1as de Clinique. Su innovador cepillo atrapa y define f\u00e1cilmente las pesta\u00f1as mientras que su f\u00f3rmula ligera en gel aporta fibras dimensionales que se depositan en las pesta\u00f1as aumentando su volumen.<\/p>\n\n\n    <a class='product' target='_blank' href='https:\/\/www.primor.eu\/es_es\/clinique-high-impact-high-fi-full-volume-mascara-de-pestanas-110632.html?#803=54157'>\r\n        <img loading='async' src='https:\/\/cdn2.primor.eu\/media\/catalog\/product\/cache\/8d3aba296f7a18b5251ee30fa5db42b2\/1\/9\/192333164587_1_77b4.jpg' alt='COMPRAR AHORA'>\r\n            <div class=\"claim\">\r\n                COMPRAR AHORA            <\/div>\r\n        <\/a>\r\n    \n\n\n\n<h3 class=\"wp-block-heading\">Squirt Balm B\u00e1lsamo con color de M.A.C.<\/h3>\n\n\n\n<p>Es el gloss en stick del que todo el mundo habla gracias a su f\u00f3rmula que aporta un toque de volumen y color instant\u00e1neo a los labios. Sus tonos se funden perfectamente con la piel de los labios aportando hidrataci\u00f3n sin dejar residuos pegajosos.&nbsp;<\/p>\n\n\n    <a class='product' target='_blank' href='https:\/\/www.primor.eu\/es_es\/mac-squirt-plumping-gloss-stick-balsamo-con-brillo-y-color-108631.html?#803=80729'>\r\n        <img loading='async' src='https:\/\/cdn2.primor.eu\/media\/catalog\/product\/cache\/8d3aba296f7a18b5251ee30fa5db42b2\/7\/7\/773602692156_1_49d7.jpg' alt='COMPRAR AHORA'>\r\n            <div class=\"claim\">\r\n                COMPRAR AHORA            <\/div>\r\n        <\/a>\r\n    \n\n\n\n<h3 class=\"wp-block-heading\">Revitalessence Skin Glow Foundation SPF 30 PA+++ de Shiseido<\/h3>\n\n\n\n<p>Una base de maquillaje con una cobertura modulable que proporciona un brillo duradero con efecto glow a nuestra piel. Su f\u00f3rmula activa no solo embellece sino que cuida la dermis y la mantiene hidratada durante 24 horas.<\/p>\n\n\n    <a class='product' target='_blank' href='https:\/\/www.primor.eu\/es_es\/shiseido-revitalessence-skin-glow-base-de-maquillaje-spf-30-pa-109054.html?#803=48022'>\r\n        <img loading='async' src='https:\/\/cdn2.primor.eu\/media\/catalog\/product\/cache\/8d3aba296f7a18b5251ee30fa5db42b2\/7\/2\/729238193437_1_6544.jpg' alt='COMPRAR AHORA'>\r\n            <div class=\"claim\">\r\n                COMPRAR AHORA            <\/div>\r\n        <\/a>\r\n    \n\n\n\n<h3 class=\"wp-block-heading\">Rouge Pur Couture The Slim Velvet Radical de Yves Saint Laurent<\/h3>\n\n\n\n<p>Esta ic\u00f3nica barra de labios aporta un velo de color aterciopelado de alta cobertura y ultraintenso a nuestros labios. Adem\u00e1s, su f\u00f3rmula nos asegura el m\u00e1ximo confort gracias a su combinaci\u00f3n de aceites sedosos y polvos esf\u00e9ricos que aportan cremosidad.&nbsp;<\/p>\n\n\n    <a class='product' target='_blank' href='https:\/\/www.primor.eu\/es_es\/yves-saint-laurent-rouge-pur-couture-the-slim-velvet-radical-108407.html?#803=49189'>\r\n        <img loading='async' src='https:\/\/cdn2.primor.eu\/media\/catalog\/product\/cache\/8d3aba296f7a18b5251ee30fa5db42b2\/0\/M\/0ML27728_1_c322.jpg' alt='COMPRAR AHORA'>\r\n            <div class=\"claim\">\r\n                COMPRAR AHORA            <\/div>\r\n        <\/a>\r\n    \n\n\n\n<h3 class=\"wp-block-heading\">Corrector Teint Idole Ultra Wear All Over Concealer de L\u00e2ncome<\/h3>\n\n\n\n<p>Un corrector con cobertura uniforme, de larga duraci\u00f3n, no comedog\u00e9nico y de f\u00e1cil aplicaci\u00f3n. Su f\u00f3rmula con Extracto de Moringa ofrece 24 horas de hidrataci\u00f3n mientras aten\u00faa las arrugas y corrige las imperfecciones.<\/p>\n\n\n    <a class='product' target='_blank' href='https:\/\/www.primor.eu\/es_es\/lancome-corrector-teint-idole-ultra-wear-all-over-concealer-108802.html?#803=43589'>\r\n        <img loading='async' src='https:\/\/cdn2.primor.eu\/media\/catalog\/product\/cache\/8d3aba296f7a18b5251ee30fa5db42b2\/0\/M\/0MR20632_1_ecf4.jpg' alt='COMPRAR AHORA'>\r\n            <div class=\"claim\">\r\n                COMPRAR AHORA            <\/div>\r\n        <\/a>\r\n    \n\n\n\n<h3 class=\"wp-block-heading\">Double Wear Base de Maquillaje de Larga Duraci\u00f3n SPF 10 de Est\u00e9e Lauder<\/h3>\n\n\n\n<p>Reconocida de generaci\u00f3n en generaci\u00f3n, es adecuada para todo tipo de pieles y ofrece un resultado de larga duraci\u00f3n que se mantiene impecable hasta por 24 horas.<\/p>\n\n\n\n<p>Esta base de maquillaje de lujo proporciona una cobertura media, se adapta perfectamente a la piel y se siente ligera como el aire. Adem\u00e1s, regula el exceso de sebo en el rostro, brindando un acabado impecable. Con un factor de protecci\u00f3n solar SPF +10, protege la piel de los da\u00f1os causados por el sol.<\/p>\n\n\n    <a class='product' target='_blank' href='https:\/\/www.primor.eu\/es_es\/estee-lauder-double-wear-base-de-maquillaje-de-larga-duracion-spf-10-110639.html?#803=49845'>\r\n        <img loading='async' src='https:\/\/cdn2.primor.eu\/media\/catalog\/product\/cache\/8d3aba296f7a18b5251ee30fa5db42b2\/0\/M\/0MR00330_1_6455.jpg' alt='COMPRAR AHORA'>\r\n            <div class=\"claim\">\r\n                COMPRAR AHORA            <\/div>\r\n        <\/a>\r\n    \n\n\n\n<h3 class=\"wp-block-heading\">Base de Maquillaje Luminous Silk de Armani<\/h3>\n\n\n\n<p>Base de maquillaje l\u00edquida y sedosa libre de aceites, tiene una\u00a0 cobertura media modulable y un acabado luminoso para un maquillaje natural. Da la sensaci\u00f3n de ligereza. Compuesto por polvos micro esf\u00e9ricos para un acabado luminoso y suave todo el d\u00eda.<br><\/p>\n\n\n    <a class='product' target='_blank' href='https:\/\/www.primor.eu\/es_es\/armani-base-de-maquillaje-luminous-silk-110126.html?#803=49883'>\r\n        <img loading='async' src='https:\/\/cdn2.primor.eu\/media\/catalog\/product\/cache\/8d3aba296f7a18b5251ee30fa5db42b2\/3\/6\/3605521752369_1_c169.jpg' alt='COMPRAR AHORA'>\r\n            <div class=\"claim\">\r\n                COMPRAR AHORA            <\/div>\r\n        <\/a>\r\n    \n\n\n<div class=\"kk-star-ratings kksr-auto kksr-align-center kksr-valign-bottom\"\n    data-payload='{&quot;align&quot;:&quot;center&quot;,&quot;id&quot;:&quot;43281&quot;,&quot;slug&quot;:&quot;default&quot;,&quot;valign&quot;:&quot;bottom&quot;,&quot;ignore&quot;:&quot;&quot;,&quot;reference&quot;:&quot;auto&quot;,&quot;class&quot;:&quot;&quot;,&quot;count&quot;:&quot;1&quot;,&quot;legendonly&quot;:&quot;&quot;,&quot;readonly&quot;:&quot;&quot;,&quot;score&quot;:&quot;5&quot;,&quot;starsonly&quot;:&quot;&quot;,&quot;best&quot;:&quot;5&quot;,&quot;gap&quot;:&quot;5&quot;,&quot;greet&quot;:&quot;Valora este art\u00edculo&quot;,&quot;legend&quot;:&quot;5\\\/5 - (1 voto)&quot;,&quot;size&quot;:&quot;24&quot;,&quot;title&quot;:&quot;Black Friday 2026 en Primor: \u00bfqu\u00e9 17 productos de maquillaje tienes que comprar?&quot;,&quot;width&quot;:&quot;142.5&quot;,&quot;_legend&quot;:&quot;{score}\\\/{best} - ({count} {votes})&quot;,&quot;font_factor&quot;:&quot;1.25&quot;}'>\n            \n<div class=\"kksr-stars\">\n    \n<div class=\"kksr-stars-inactive\">\n            <div class=\"kksr-star\" data-star=\"1\" style=\"padding-right: 5px\">\n            \n\n<div class=\"kksr-icon\" style=\"width: 24px; height: 24px;\"><\/div>\n        <\/div>\n            <div class=\"kksr-star\" data-star=\"2\" style=\"padding-right: 5px\">\n            \n\n<div class=\"kksr-icon\" style=\"width: 24px; height: 24px;\"><\/div>\n        <\/div>\n            <div class=\"kksr-star\" data-star=\"3\" style=\"padding-right: 5px\">\n            \n\n<div class=\"kksr-icon\" style=\"width: 24px; height: 24px;\"><\/div>\n        <\/div>\n            <div class=\"kksr-star\" data-star=\"4\" style=\"padding-right: 5px\">\n            \n\n<div class=\"kksr-icon\" style=\"width: 24px; height: 24px;\"><\/div>\n        <\/div>\n            <div class=\"kksr-star\" data-star=\"5\" style=\"padding-right: 5px\">\n            \n\n<div class=\"kksr-icon\" style=\"width: 24px; height: 24px;\"><\/div>\n        <\/div>\n    <\/div>\n    \n<div class=\"kksr-stars-active\" style=\"width: 142.5px;\">\n            <div class=\"kksr-star\" style=\"padding-right: 5px\">\n            \n\n<div class=\"kksr-icon\" style=\"width: 24px; height: 24px;\"><\/div>\n        <\/div>\n            <div class=\"kksr-star\" style=\"padding-right: 5px\">\n            \n\n<div class=\"kksr-icon\" style=\"width: 24px; height: 24px;\"><\/div>\n        <\/div>\n            <div class=\"kksr-star\" style=\"padding-right: 5px\">\n            \n\n<div class=\"kksr-icon\" style=\"width: 24px; height: 24px;\"><\/div>\n        <\/div>\n            <div class=\"kksr-star\" style=\"padding-right: 5px\">\n            \n\n<div class=\"kksr-icon\" style=\"width: 24px; height: 24px;\"><\/div>\n        <\/div>\n            <div class=\"kksr-star\" style=\"padding-right: 5px\">\n            \n\n<div class=\"kksr-icon\" style=\"width: 24px; height: 24px;\"><\/div>\n        <\/div>\n    <\/div>\n<\/div>\n                \n\n<div class=\"kksr-legend\" style=\"font-size: 19.2px;\">\n            5\/5 - (1 voto)    <\/div>\n    <\/div>\n","protected":false},"excerpt":{"rendered":"<p>Se acerca el famoso Viernes Negro, y con \u00e9l, la oportunidad perfecta para hacerte con uno (o varios) de tus productos de maquillaje favoritos. Dentro de nuestras ofertas de Black Friday en Primor, podr\u00e1s encontrar desde bases de maquillaje fluidas hasta las paletas de sombras m\u00e1s pigmentadas; labiales mate, polvos de sol e infinidad de [&hellip;]<\/p>\n","protected":false},"author":22,"featured_media":114973,"comment_status":"open","ping_status":"open","sticky":false,"template":"","format":"standard","meta":{"jnews-multi-image_gallery":[],"jnews_single_post":{"subtitle":"","format":"standard","video":"","gallery":"","source_name":"","source_url":"","via_name":"","via_url":"","override_template":"0","override":[{"template":"1","single_blog_custom":"","parallax":"1","fullscreen":"1","layout":"right-sidebar","sidebar":"home-2","second_sidebar":"default-sidebar","sticky_sidebar":"0","share_position":"float","share_float_style":"share-monocrhome","show_share_counter":"0","show_view_counter":"0","show_featured":"1","show_post_meta":"1","show_post_author":"0","show_post_author_image":"1","show_post_date":"1","post_date_format":"default","post_date_format_custom":"Y\/m\/d","show_post_category":"1","show_post_reading_time":"0","post_reading_time_wpm":"300","show_zoom_button":"0","zoom_button_out_step":"2","zoom_button_in_step":"3","show_post_tag":"0","show_prev_next_post":"0","show_popup_post":"0","number_popup_post":"2","show_author_box":"0","show_post_related":"0","show_inline_post_related":"1"}],"override_image_size":"0","image_override":[{"single_post_thumbnail_size":"no-crop","single_post_gallery_size":"crop-500"}],"trending_post":"0","trending_post_position":"meta","trending_post_label":"Trending","sponsored_post":"0","sponsored_post_label":"Sponsored by","sponsored_post_name":"","sponsored_post_url":"","sponsored_post_logo_enable":"0","sponsored_post_logo":"","sponsored_post_desc":"","disable_ad":"0"},"jnews_primary_category":{"id":"","hide":""},"jnews_social_meta":{"fb_title":"","fb_description":"","fb_image":"","twitter_title":"","twitter_description":"","twitter_image":""},"jnews_override_counter":{"override_view_counter":"0","view_counter_number":"0","override_share_counter":"0","share_counter_number":"0","override_like_counter":"0","like_counter_number":"0","override_dislike_counter":"0","dislike_counter_number":"0"},"footnotes":""},"categories":[6323],"tags":[],"class_list":["post-43281","post","type-post","status-publish","format-standard","has-post-thumbnail","hentry","category-black-friday"],"_links":{"self":[{"href":"https:\/\/www.primor.eu\/blog\/wp-json\/wp\/v2\/posts\/43281","targetHints":{"allow":["GET"]}}],"collection":[{"href":"https:\/\/www.primor.eu\/blog\/wp-json\/wp\/v2\/posts"}],"about":[{"href":"https:\/\/www.primor.eu\/blog\/wp-json\/wp\/v2\/types\/post"}],"author":[{"embeddable":true,"href":"https:\/\/www.primor.eu\/blog\/wp-json\/wp\/v2\/users\/22"}],"replies":[{"embeddable":true,"href":"https:\/\/www.primor.eu\/blog\/wp-json\/wp\/v2\/comments?post=43281"}],"version-history":[{"count":27,"href":"https:\/\/www.primor.eu\/blog\/wp-json\/wp\/v2\/posts\/43281\/revisions"}],"predecessor-version":[{"id":138025,"href":"https:\/\/www.primor.eu\/blog\/wp-json\/wp\/v2\/posts\/43281\/revisions\/138025"}],"wp:featuredmedia":[{"embeddable":true,"href":"https:\/\/www.primor.eu\/blog\/wp-json\/wp\/v2\/media\/114973"}],"wp:attachment":[{"href":"https:\/\/www.primor.eu\/blog\/wp-json\/wp\/v2\/media?parent=43281"}],"wp:term":[{"taxonomy":"category","embeddable":true,"href":"https:\/\/www.primor.eu\/blog\/wp-json\/wp\/v2\/categories?post=43281"},{"taxonomy":"post_tag","embeddable":true,"href":"https:\/\/www.primor.eu\/blog\/wp-json\/wp\/v2\/tags?post=43281"}],"curies":[{"name":"wp","href":"https:\/\/api.w.org\/{rel}","templated":true}]}}