{"id":43148,"date":"2022-10-28T12:00:00","date_gmt":"2022-10-28T10:00:00","guid":{"rendered":"https:\/\/blog.primor.eu\/?p=43148"},"modified":"2025-12-16T09:17:42","modified_gmt":"2025-12-16T09:17:42","slug":"trucos-escoger-crema-facial","status":"publish","type":"post","link":"https:\/\/www.primor.eu\/blog\/trucos-escoger-crema-facial\/","title":{"rendered":"5 consejos para elegir tu crema facial"},"content":{"rendered":"\n<p>Elegir una crema facial con todas las opciones que hay en el mercado puede ser una tarea dura. A la hora de elegir es importante tener en cuenta una serie de factures. Como en Primor buscamos hacerte las cosas f\u00e1ciles vamos a ayudarte con unos sencillos consejos.<\/p>\n\n\n\n<p><\/p>\n\n\n\n<h3 class=\"wp-block-heading\">Elige sabiamente tu rutina diaria<\/h3>\n\n\n\n<ol class=\"wp-block-list\"><li><strong>Tipo de piel.<\/strong> Es importante elegir una crema concreta adecuada a nuestro tipo de piel. Las pieles grasas suelen necesitar una crema a base de agua al absorberse mejor. Por otro lado, para pieles secas las cremas con retinol y \u00e1cido glic\u00f3lico son m\u00e1s adecuadas. Para las pieles mixtas recomendamos una crema hidratante ligera.<\/li><li><strong>Ten en cuenta que no todas las cremas sirven para lo mismo<\/strong>: Antiarrugas, antiacn\u00e9, combatir las manchas de la piel\u2026 Cada crema es un mundo y tiene una funci\u00f3n determinada.<\/li><li><strong>La textura es importante.<\/strong> La piel normal aceptar\u00e1 mejor una crema hidratante ligera, mientras que una piel seca puede necesitar una textura m\u00e1s cremosa y pesada al hidratar m\u00e1s.\u00a0<\/li><li><strong>Elige cremas con FPS. <\/strong>Aplica cremas con factor de protecci\u00f3n solar y cuida tu piel frente a los da\u00f1os del sol. As\u00ed prevendr\u00e1s la aparici\u00f3n de manchas en la piel cuando salgas a la calle.<\/li><li><strong>Los activos que posea cada crema son importantes. <\/strong>El retinol, por ejemplo, es eficaz contra las arrugas. Inf\u00f3rmate bien sobre los componentes de cada crema y sus efectos antes de decantarte por una en concreto.<\/li><\/ol>\n\n\n\n<p><\/p>\n\n\n\n<h3 class=\"wp-block-heading\">Cuida tu rutina diaria<\/h3>\n\n\n\n<p><\/p>\n\n\n\n<p>En Primor apostamos por tu salud. Por eso encontrar\u00e1s <strong>Pro Excellence Skin Energy SPF15 50ml<\/strong> o <strong>Pro Excellence Crema Facial Hydra 72h 50ml<\/strong> de <strong>Vitesse<\/strong> en la <a href=\"https:\/\/www.primorbox.eu\/\" target=\"_blank\" rel=\"noreferrer noopener\">Primor Box<\/a> de Octubre.<\/p>\n\n\n\n<p><\/p>\n\n\n\n<h2 class=\"has-text-align-center wp-block-heading\">Crema facial Pro Excellence Skin Energy SPF15 de Vitesse<\/h2>\n\n\n<div class=\"wp-block-image\">\n<figure class=\"aligncenter size-full\"><img decoding=\"async\" src=\"\/wp-content\/uploads\/2022\/10\/pro-excellence-skin-energy-spf15-1.jpeg\" alt=\"\" class=\"wp-image-43151\" \/><figcaption>Crema facial Pro Excellence Skin Energy SPF15 de Vitesse<\/figcaption><\/figure>\n<\/div>\n\n\n<p><\/p>\n\n\n\n<p>Por una parte, Pro Excellence Skin Energy SPF15 es una crema facial protecci\u00f3n global antiedad que regenera y protege tu piel. Su textura aterciopelada con efecto perfeccionador combina el efecto lifting del col\u00e1geno y el retinol con la acci\u00f3n rellenadora de las esferas de \u00e1cido hialur\u00f3nico, para un efecto lifting visible.<\/p>\n\n\n\n<p><\/p>\n\n\n\n<h2 class=\"has-text-align-center wp-block-heading\">Crema facial Pro Excellence Hydra 72h de Vitesse<\/h2>\n\n\n<div class=\"wp-block-image\">\n<figure class=\"aligncenter size-full\"><img decoding=\"async\" src=\"\/wp-content\/uploads\/2022\/10\/pro-excellence-crema-facial-hydra-72h.jpeg\" alt=\"\" class=\"wp-image-43153\" \/><figcaption>Crema facial Pro Excellence Hydra 72h de Vitesse<\/figcaption><\/figure>\n<\/div>\n\n\n<p><\/p>\n\n\n\n<p>Por otra parte, Pro Excellence Crema Facial Hydra 72h 50ml es una crema facial hidratante intensa y de larga duraci\u00f3n: Testado tras 72 horas.<\/p>\n\n\n\n<p>La f\u00f3rmula con textura gel ultraligera de Vitesse Pro Excellence Crema Facial Hydra 72h contiene \u00e1cido hialur\u00f3nico con diferentes pesos moleculares: conocido por su propiedad de hidrataci\u00f3n intensiva y acci\u00f3n rellenadora instant\u00e1nea.<\/p>\n\n\n<div class=\"kk-star-ratings kksr-auto kksr-align-center kksr-valign-bottom\"\n    data-payload='{&quot;align&quot;:&quot;center&quot;,&quot;id&quot;:&quot;43148&quot;,&quot;slug&quot;:&quot;default&quot;,&quot;valign&quot;:&quot;bottom&quot;,&quot;ignore&quot;:&quot;&quot;,&quot;reference&quot;:&quot;auto&quot;,&quot;class&quot;:&quot;&quot;,&quot;count&quot;:&quot;0&quot;,&quot;legendonly&quot;:&quot;&quot;,&quot;readonly&quot;:&quot;&quot;,&quot;score&quot;:&quot;0&quot;,&quot;starsonly&quot;:&quot;&quot;,&quot;best&quot;:&quot;5&quot;,&quot;gap&quot;:&quot;5&quot;,&quot;greet&quot;:&quot;Valora este art\u00edculo&quot;,&quot;legend&quot;:&quot;0\\\/5 - (0 votos)&quot;,&quot;size&quot;:&quot;24&quot;,&quot;title&quot;:&quot;5 consejos para elegir tu crema facial&quot;,&quot;width&quot;:&quot;0&quot;,&quot;_legend&quot;:&quot;{score}\\\/{best} - ({count} {votes})&quot;,&quot;font_factor&quot;:&quot;1.25&quot;}'>\n            \n<div class=\"kksr-stars\">\n    \n<div class=\"kksr-stars-inactive\">\n            <div class=\"kksr-star\" data-star=\"1\" style=\"padding-right: 5px\">\n            \n\n<div class=\"kksr-icon\" style=\"width: 24px; height: 24px;\"><\/div>\n        <\/div>\n            <div class=\"kksr-star\" data-star=\"2\" style=\"padding-right: 5px\">\n            \n\n<div class=\"kksr-icon\" style=\"width: 24px; height: 24px;\"><\/div>\n        <\/div>\n            <div class=\"kksr-star\" data-star=\"3\" style=\"padding-right: 5px\">\n            \n\n<div class=\"kksr-icon\" style=\"width: 24px; height: 24px;\"><\/div>\n        <\/div>\n            <div class=\"kksr-star\" data-star=\"4\" style=\"padding-right: 5px\">\n            \n\n<div class=\"kksr-icon\" style=\"width: 24px; height: 24px;\"><\/div>\n        <\/div>\n            <div class=\"kksr-star\" data-star=\"5\" style=\"padding-right: 5px\">\n            \n\n<div class=\"kksr-icon\" style=\"width: 24px; height: 24px;\"><\/div>\n        <\/div>\n    <\/div>\n    \n<div class=\"kksr-stars-active\" style=\"width: 0px;\">\n            <div class=\"kksr-star\" style=\"padding-right: 5px\">\n            \n\n<div class=\"kksr-icon\" style=\"width: 24px; height: 24px;\"><\/div>\n        <\/div>\n            <div class=\"kksr-star\" style=\"padding-right: 5px\">\n            \n\n<div class=\"kksr-icon\" style=\"width: 24px; height: 24px;\"><\/div>\n        <\/div>\n            <div class=\"kksr-star\" style=\"padding-right: 5px\">\n            \n\n<div class=\"kksr-icon\" style=\"width: 24px; height: 24px;\"><\/div>\n        <\/div>\n            <div class=\"kksr-star\" style=\"padding-right: 5px\">\n            \n\n<div class=\"kksr-icon\" style=\"width: 24px; height: 24px;\"><\/div>\n        <\/div>\n            <div class=\"kksr-star\" style=\"padding-right: 5px\">\n            \n\n<div class=\"kksr-icon\" style=\"width: 24px; height: 24px;\"><\/div>\n        <\/div>\n    <\/div>\n<\/div>\n                \n\n<div class=\"kksr-legend\" style=\"font-size: 19.2px;\">\n            <span class=\"kksr-muted\">Valora este art\u00edculo<\/span>\n    <\/div>\n    <\/div>\n","protected":false},"excerpt":{"rendered":"<p>Elegir una crema facial con todas las opciones que hay en el mercado puede ser una tarea dura. A la hora de elegir es importante tener en cuenta una serie de factures. Como en Primor buscamos hacerte las cosas f\u00e1ciles vamos a ayudarte con unos sencillos consejos. Elige sabiamente tu rutina diaria Tipo de piel. [&hellip;]<\/p>\n","protected":false},"author":4,"featured_media":136314,"comment_status":"open","ping_status":"open","sticky":false,"template":"","format":"standard","meta":{"jnews-multi-image_gallery":[],"jnews_single_post":{"format":"standard"},"jnews_primary_category":[],"jnews_social_meta":[],"jnews_override_counter":[],"footnotes":""},"categories":[29],"tags":[],"class_list":["post-43148","post","type-post","status-publish","format-standard","has-post-thumbnail","hentry","category-cosmetica"],"_links":{"self":[{"href":"https:\/\/www.primor.eu\/blog\/wp-json\/wp\/v2\/posts\/43148","targetHints":{"allow":["GET"]}}],"collection":[{"href":"https:\/\/www.primor.eu\/blog\/wp-json\/wp\/v2\/posts"}],"about":[{"href":"https:\/\/www.primor.eu\/blog\/wp-json\/wp\/v2\/types\/post"}],"author":[{"embeddable":true,"href":"https:\/\/www.primor.eu\/blog\/wp-json\/wp\/v2\/users\/4"}],"replies":[{"embeddable":true,"href":"https:\/\/www.primor.eu\/blog\/wp-json\/wp\/v2\/comments?post=43148"}],"version-history":[{"count":1,"href":"https:\/\/www.primor.eu\/blog\/wp-json\/wp\/v2\/posts\/43148\/revisions"}],"predecessor-version":[{"id":128459,"href":"https:\/\/www.primor.eu\/blog\/wp-json\/wp\/v2\/posts\/43148\/revisions\/128459"}],"wp:featuredmedia":[{"embeddable":true,"href":"https:\/\/www.primor.eu\/blog\/wp-json\/wp\/v2\/media\/136314"}],"wp:attachment":[{"href":"https:\/\/www.primor.eu\/blog\/wp-json\/wp\/v2\/media?parent=43148"}],"wp:term":[{"taxonomy":"category","embeddable":true,"href":"https:\/\/www.primor.eu\/blog\/wp-json\/wp\/v2\/categories?post=43148"},{"taxonomy":"post_tag","embeddable":true,"href":"https:\/\/www.primor.eu\/blog\/wp-json\/wp\/v2\/tags?post=43148"}],"curies":[{"name":"wp","href":"https:\/\/api.w.org\/{rel}","templated":true}]}}