{"id":42879,"date":"2022-10-12T12:00:00","date_gmt":"2022-10-12T10:00:00","guid":{"rendered":"https:\/\/blog.primor.eu\/?p=42879"},"modified":"2025-06-30T06:01:25","modified_gmt":"2025-06-30T06:01:25","slug":"piel-radiante-eucerin","status":"publish","type":"post","link":"https:\/\/www.primor.eu\/blog\/piel-radiante-eucerin\/","title":{"rendered":"\u00bfLista para una piel radiante?"},"content":{"rendered":"\n<p>El tono irregular y la apariencia de una piel apagada es un problema cut\u00e1neo habitual.\u00a0Las manchas o \u00e1reas oscuras de la piel aparecen con frecuencia en la cara, las manos y otras partes del cuerpo expuestas normalmente al sol. Las manchas en la piel tambi\u00e9n pueden estar provocadas por cambios hormonales o la toma de algunos medicamentos.\u00a0<\/p>\n\n\n\n<p><\/p>\n\n\n\n<p>La hiperpigmentaci\u00f3n, suele afectar m\u00e1s a personas con la piel oscura, que a aquellos que tienen un tono m\u00e1s claro de piel, ya que la pigmentaci\u00f3n de la piel es m\u00e1s intensa en los fototipos m\u00e1s oscuros. Tener una piel sana, luminosa y con el tono unificado es algo a lo que aspiramos todos, pero una piel perfecta requiere de cuidados. <strong>Estos 5 consejos y las novedades de la gama Eucerin\u00ae Anti-Pigment te ayudar\u00e1n a lucir una piel radiante.<\/strong><\/p>\n\n\n\n<p><\/p>\n\n\n\n<h3 class=\"wp-block-heading\"><strong>Come sano y bebe agua<\/strong><\/h3>\n\n\n\n<p><\/p>\n\n\n\n<p>Seguir una <strong>alimentaci\u00f3n saludable<\/strong> nos ayuda a prevenir enfermedades y lucir una piel sana. Adem\u00e1s, es importante hidratarnos, tanto por dentro como por fuera. Seg\u00fan la Organizaci\u00f3n Mundial de la Salud (OMS) es recomendable es <strong>beber entre 1,5 y 2 litros de agua al d\u00eda.\u00a0<\/strong><\/p>\n\n\n\n<p><\/p>\n\n\n\n<h3 class=\"wp-block-heading\"><strong>Mant\u00e9n una rutina facial<\/strong><\/h3>\n\n\n\n<p><\/p>\n\n\n\n<p>S\u00e9 constante en tu rutina facial diaria. Consigue un tono de piel unificado y mitiga el aspecto apagado de la piel con esta <strong>completa rutina de tratamiento facial<\/strong>:<\/p>\n\n\n\n<p><\/p>\n\n\n\n<p>Paso 1: <strong>Higiene. <\/strong>Prepara tu piel con una buena higiene, elige tus productos favoritos de la gama Eucerin\u00ae DermatoClean. Recuerda que no debemos frotar con fuerza la piel del rostro, es mejor elegir una toalla suave y secar la piel con delicadeza y a toquecitos.<\/p>\n\n\n\n<p><\/p>\n\n\n\n<h2 class=\"has-text-align-center wp-block-heading\"><a href=\"https:\/\/www.primor.eu\/es_es\/eucerin-anti-pigment-skin-refining-serum-18003.html\" target=\"_blank\" rel=\"noreferrer noopener\">S\u00e9rum perfeccionador<\/a><\/h2>\n\n\n<div class=\"wp-block-image\">\n<figure class=\"aligncenter size-full\"><img decoding=\"async\" src=\"\/wp-content\/uploads\/2022\/10\/anti-pigment-skin-refining-serum.jpeg\" alt=\"\" class=\"wp-image-42880\" \/><figcaption><a href=\"https:\/\/www.primor.eu\/es_es\/eucerin-anti-pigment-skin-refining-serum-18003.html\" target=\"_blank\" rel=\"noreferrer noopener\">Eucerin\u00ae Anti-Pigment Skin Perfecting Serum<\/a><\/figcaption><\/figure>\n<\/div>\n\n\n<p>Paso 2: <strong>Tratamiento Eucerin\u00ae Anti-Pigment Skin Perfecting Serum. <\/strong>Su textura ultraligera contiene Thiamidol\u00ae, principio activo patentado en exclusiva por Eucerin\u00ae, que reduce las manchas de hiperpigmentaci\u00f3n y evita su reaparici\u00f3n. Indicado para todo tipo de pieles, se absorbe r\u00e1pidamente y ayuda a la piel a conseguir un aspecto uniforme, liso y con una luminosidad natural. Obtendr\u00e1s hasta un <strong>+<\/strong>73% de uniformidad del tono facial de la piel. <\/p>\n\n\n\n<p><\/p>\n\n\n\n<h2 class=\"has-text-align-center wp-block-heading\"><a href=\"https:\/\/www.primor.eu\/es_es\/eucerin-anti-pigment-crema-de-dia-15632.html\" target=\"_blank\" rel=\"noreferrer noopener\">Crema de d\u00eda<\/a>\u00a0<\/h2>\n\n\n<div class=\"wp-block-image\">\n<figure class=\"aligncenter size-full\"><img decoding=\"async\" src=\"\/wp-content\/uploads\/2022\/10\/anti-pgment-crema-de-dia.jpeg\" alt=\"\" class=\"wp-image-42882\" \/><figcaption><a href=\"https:\/\/www.primor.eu\/es_es\/eucerin-anti-pigment-crema-de-dia-15632.html\" target=\"_blank\" rel=\"noreferrer noopener\">Eucerin\u00ae Anti-Pigment Crema de d\u00eda hidratante FPS30 con color.<\/a><\/figcaption><\/figure>\n<\/div>\n\n\n<p><\/p>\n\n\n\n<p>Paso 3: <strong>Tratamiento y protecci\u00f3n. Eucerin\u00ae Anti-Pigment Crema de d\u00eda hidratante FPS30 con color. <\/strong>Protecci\u00f3n UVA y UVB. El ingrediente activo Thiamidol\u00ae reduce la hiperpigmentaci\u00f3n, mientras que los pigmentos minerales\u00a0de color proporcionan una cobertura natural inmediata, a la vez que protegen de la luz azul de alta energ\u00eda (HEVIS). Esta crema hidratante es adecuada para todo tipo de pieles y aporta un aspecto m\u00e1s unificado. El 96% de las mujeres afirma: mi piel se ve m\u00e1s uniforme de inmediato.\u00a0 Complementar la rutina por la noche con Eucerin Anti-Pigment crema de noche. \u00a0<\/p>\n\n\n\n<p><\/p>\n\n\n\n<p>El mejor tratamiento para evitar la hiperpigmentaci\u00f3n es la prevenci\u00f3n. Recuerda que es necesario proteger nuestra piel de los rayos UVA y UVB, si vas a exponerte directamente al sol sustituye Eucerin\u00ae Anti-Pigment crema de d\u00eda FPS30 con color por <strong>Eucerin\u00ae Sun Protection Pigment-Control <\/strong>tambi\u00e9n con Thiamidol\u00ae. Adem\u00e1s, ahora puedes escoger entre la versi\u00f3n con o sin color.<\/p>\n\n\n\n<p><\/p>\n\n\n\n<h3 class=\"wp-block-heading\"><strong>Evita el estr\u00e9s<\/strong><\/h3>\n\n\n\n<p><\/p>\n\n\n\n<p>El estr\u00e9s provoca cambios en las prote\u00ednas de la piel y reduce su elasticidad, contribuyendo aceleradamente a la formaci\u00f3n de arrugas. En la medida de lo posible evita situaciones de estr\u00e9s. A veces, es inevitable sufrirlo,<strong> intenta equilibrar tus obligaciones con actividades en las que disfrutes.\u00a0<\/strong><\/p>\n\n\n\n<p><\/p>\n\n\n\n<h3 class=\"wp-block-heading\"><strong>Haz deporte<\/strong><\/h3>\n\n\n\n<p><\/p>\n\n\n\n<p>Son de sobras conocidos los beneficios que tiene practicar deporte para nuestra salud y la de nuestra piel. <strong>Cuando hacemos ejercicio eliminamos toxinas a trav\u00e9s del sudor. <\/strong>Adem\u00e1s, el color de nuestra piel mejora debido al aumento de producci\u00f3n de ox\u00edgeno en nuestro organismo.\u00a0<\/p>\n\n\n\n<p><\/p>\n\n\n\n<h3 class=\"wp-block-heading\"><strong>Duerme\u00a0<\/strong><\/h3>\n\n\n\n<p><\/p>\n\n\n\n<p>Mientras dormimos nuestra piel se regenera. Uno de los principales secretos de una piel saludable es la higiene del sue\u00f1o, ya que <strong>dormir de manera profunda durante las horas necesarias contribuye a la vitalidad de la piel. <\/strong>Durante la noche, el organismo se ajusta biol\u00f3gicamente para reparar los da\u00f1os que causan los est\u00edmulos del d\u00eda a d\u00eda.<\/p>\n\n\n\n<p><\/p>\n\n\n\n<p>Si sigues estas recomendaciones, tu cuerpo y tu piel te lo agradecer\u00e1n. No se trata solo de belleza, es cuesti\u00f3n de salud. No olvides que una piel sana es una piel bonita y radiante.\u00a0<\/p>\n\n\n<div class=\"kk-star-ratings kksr-auto kksr-align-center kksr-valign-bottom\"\n    data-payload='{&quot;align&quot;:&quot;center&quot;,&quot;id&quot;:&quot;42879&quot;,&quot;slug&quot;:&quot;default&quot;,&quot;valign&quot;:&quot;bottom&quot;,&quot;ignore&quot;:&quot;&quot;,&quot;reference&quot;:&quot;auto&quot;,&quot;class&quot;:&quot;&quot;,&quot;count&quot;:&quot;0&quot;,&quot;legendonly&quot;:&quot;&quot;,&quot;readonly&quot;:&quot;&quot;,&quot;score&quot;:&quot;0&quot;,&quot;starsonly&quot;:&quot;&quot;,&quot;best&quot;:&quot;5&quot;,&quot;gap&quot;:&quot;5&quot;,&quot;greet&quot;:&quot;Valora este art\u00edculo&quot;,&quot;legend&quot;:&quot;0\\\/5 - (0 votos)&quot;,&quot;size&quot;:&quot;24&quot;,&quot;title&quot;:&quot;\u00bfLista para una piel radiante?&quot;,&quot;width&quot;:&quot;0&quot;,&quot;_legend&quot;:&quot;{score}\\\/{best} - ({count} {votes})&quot;,&quot;font_factor&quot;:&quot;1.25&quot;}'>\n            \n<div class=\"kksr-stars\">\n    \n<div class=\"kksr-stars-inactive\">\n            <div class=\"kksr-star\" data-star=\"1\" style=\"padding-right: 5px\">\n            \n\n<div class=\"kksr-icon\" style=\"width: 24px; height: 24px;\"><\/div>\n        <\/div>\n            <div class=\"kksr-star\" data-star=\"2\" style=\"padding-right: 5px\">\n            \n\n<div class=\"kksr-icon\" style=\"width: 24px; height: 24px;\"><\/div>\n        <\/div>\n            <div class=\"kksr-star\" data-star=\"3\" style=\"padding-right: 5px\">\n            \n\n<div class=\"kksr-icon\" style=\"width: 24px; height: 24px;\"><\/div>\n        <\/div>\n            <div class=\"kksr-star\" data-star=\"4\" style=\"padding-right: 5px\">\n            \n\n<div class=\"kksr-icon\" style=\"width: 24px; height: 24px;\"><\/div>\n        <\/div>\n            <div class=\"kksr-star\" data-star=\"5\" style=\"padding-right: 5px\">\n            \n\n<div class=\"kksr-icon\" style=\"width: 24px; height: 24px;\"><\/div>\n        <\/div>\n    <\/div>\n    \n<div class=\"kksr-stars-active\" style=\"width: 0px;\">\n            <div class=\"kksr-star\" style=\"padding-right: 5px\">\n            \n\n<div class=\"kksr-icon\" style=\"width: 24px; height: 24px;\"><\/div>\n        <\/div>\n            <div class=\"kksr-star\" style=\"padding-right: 5px\">\n            \n\n<div class=\"kksr-icon\" style=\"width: 24px; height: 24px;\"><\/div>\n        <\/div>\n            <div class=\"kksr-star\" style=\"padding-right: 5px\">\n            \n\n<div class=\"kksr-icon\" style=\"width: 24px; height: 24px;\"><\/div>\n        <\/div>\n            <div class=\"kksr-star\" style=\"padding-right: 5px\">\n            \n\n<div class=\"kksr-icon\" style=\"width: 24px; height: 24px;\"><\/div>\n        <\/div>\n            <div class=\"kksr-star\" style=\"padding-right: 5px\">\n            \n\n<div class=\"kksr-icon\" style=\"width: 24px; height: 24px;\"><\/div>\n        <\/div>\n    <\/div>\n<\/div>\n                \n\n<div class=\"kksr-legend\" style=\"font-size: 19.2px;\">\n            <span class=\"kksr-muted\">Valora este art\u00edculo<\/span>\n    <\/div>\n    <\/div>\n","protected":false},"excerpt":{"rendered":"<p>El tono irregular y la apariencia de una piel apagada es un problema cut\u00e1neo habitual.\u00a0Las manchas o \u00e1reas oscuras de la piel aparecen con frecuencia en la cara, las manos y otras partes del cuerpo expuestas normalmente al sol. Las manchas en la piel tambi\u00e9n pueden estar provocadas por cambios hormonales o la toma de [&hellip;]<\/p>\n","protected":false},"author":4,"featured_media":60214,"comment_status":"open","ping_status":"open","sticky":false,"template":"","format":"standard","meta":{"jnews-multi-image_gallery":[],"jnews_single_post":[],"jnews_primary_category":[],"jnews_social_meta":[],"jnews_override_counter":[],"footnotes":""},"categories":[1],"tags":[],"class_list":["post-42879","post","type-post","status-publish","format-standard","has-post-thumbnail","hentry","category-sin-categoria"],"_links":{"self":[{"href":"https:\/\/www.primor.eu\/blog\/wp-json\/wp\/v2\/posts\/42879","targetHints":{"allow":["GET"]}}],"collection":[{"href":"https:\/\/www.primor.eu\/blog\/wp-json\/wp\/v2\/posts"}],"about":[{"href":"https:\/\/www.primor.eu\/blog\/wp-json\/wp\/v2\/types\/post"}],"author":[{"embeddable":true,"href":"https:\/\/www.primor.eu\/blog\/wp-json\/wp\/v2\/users\/4"}],"replies":[{"embeddable":true,"href":"https:\/\/www.primor.eu\/blog\/wp-json\/wp\/v2\/comments?post=42879"}],"version-history":[{"count":2,"href":"https:\/\/www.primor.eu\/blog\/wp-json\/wp\/v2\/posts\/42879\/revisions"}],"predecessor-version":[{"id":74669,"href":"https:\/\/www.primor.eu\/blog\/wp-json\/wp\/v2\/posts\/42879\/revisions\/74669"}],"wp:featuredmedia":[{"embeddable":true,"href":"https:\/\/www.primor.eu\/blog\/wp-json\/wp\/v2\/media\/60214"}],"wp:attachment":[{"href":"https:\/\/www.primor.eu\/blog\/wp-json\/wp\/v2\/media?parent=42879"}],"wp:term":[{"taxonomy":"category","embeddable":true,"href":"https:\/\/www.primor.eu\/blog\/wp-json\/wp\/v2\/categories?post=42879"},{"taxonomy":"post_tag","embeddable":true,"href":"https:\/\/www.primor.eu\/blog\/wp-json\/wp\/v2\/tags?post=42879"}],"curies":[{"name":"wp","href":"https:\/\/api.w.org\/{rel}","templated":true}]}}