{"id":42781,"date":"2022-10-12T12:00:00","date_gmt":"2022-10-12T10:00:00","guid":{"rendered":"https:\/\/blog.primor.eu\/?p=42781"},"modified":"2023-11-17T11:22:31","modified_gmt":"2023-11-17T11:22:31","slug":"comprar-basicos-belleza-primor","status":"publish","type":"post","link":"https:\/\/www.primor.eu\/blog\/comprar-basicos-belleza-primor\/","title":{"rendered":"Consejos para comprar tus b\u00e1sicos en Primor"},"content":{"rendered":"\n<p>Reconozc\u00e1moslo: algunas somos unas adictas a comprar sin control. Nos encanta meternos en internet y llenar la cesta con productos hasta arriba. Pero esto puede ser todo un peligro para nuestra tarjeta de cr\u00e9dito. Por ello es importante<strong> comprar con cabeza. <\/strong>Adivinar cuales son los cosm\u00e9ticos imprescindibles y que m\u00e1s vamos a usar es una tarea fundamental. D\u00e9janos guiarte en esta aventura.<\/p>\n\n\n\n<h2 class=\"wp-block-heading\">B\u00e1sicos que nunca pueden faltarte<\/h2>\n\n\n\n<p>Hay productos que todas necesitamos en nuestra rutina de cuidado diario. Por ejemplo, para maquillarnos, una buena base de maquillaje junto a un corrector de ojos har\u00e1 que tu rostro quede perfecto al natural. Si adem\u00e1s le agregamos una paleta de sombras nude (si buscamos acentuar el efecto natural) o una llena de color (para destacar en la multitud) nuestra mirada lucir\u00e1 mucho m\u00e1s.<\/p>\n\n\n\n<p>Sin embargo, no todo es maquillaje. La base de una belleza natural es cuidar nuestra piel y cabello para lucir perfectas. Es por ello que debemos tener una rutina de cuidado diario con productos de calidad, limpiando y eliminando toxinas que, con los a\u00f1os, pueden acentuar los signos de la edad.<\/p>\n\n\n\n<p>Si sigues sin saber por qu\u00e9 productos decidirte, en Primor vamos a ayudarte. Hemos incluido estos b\u00e1sicos en nuestra <a href=\"https:\/\/www.primorbox.eu\/\" target=\"_blank\" rel=\"noreferrer noopener\">Primor Box<\/a> de Octubre para que no falten en tu d\u00eda a d\u00eda.<strong> \u00a1No te los pierdas!<\/strong><\/p>\n\n\n\n<h3 class=\"wp-block-heading has-text-align-left\">Limpiador en gel de Ducray<\/h3>\n\n\n\n<p>Limpia, purifica con suavidad sin desecar las pieles grasas o con tendencia acneica. Eficacia anti-imperfecciones demostrada.<\/p>\n\n\n    <a class=\"product\" target=\"_blank\" href=\"https:\/\/www.primor.eu\/es_es\/ducray-keracnyl-gel-espumoso-limpiador-106569.html?#854=66337\">\r\n        <img loading='async' src='https:\/\/cdn2.primor.eu\/media\/catalog\/product\/cache\/8d3aba296f7a18b5251ee30fa5db42b2\/6\/X\/6XS02636_1_2ec4.jpg' alt='COMPRAR AHORA'>\r\n            <div class=\"claim\">\r\n                COMPRAR AHORA            <\/div>\r\n        <\/a>\r\n    \n\n\n\n<h3 class=\"wp-block-heading has-text-align-left\">Champ\u00fa en seco de Klorane<\/h3>\n\n\n\n<p>Champ\u00fa Seco con Leche de Avena de Klorane devuelve al cabello su frescura y ligereza entre lavados, gracias a la asociaci\u00f3n \u00fanica de la leche de Avena con propiedades suavizantes y protectoras. Su polvo micronizado tiene un alt\u00edsimo poder absorbente. Ideal para lavar el cabello sin necesidad de mojarlo. Recupera volumen y textura del cabello en unos pocos minutos.<\/p>\n\n\n    <a class=\"product\" target=\"_blank\" href=\"https:\/\/www.primor.eu\/es_es\/klorane-champu-seco-con-leche-de-avena-105888.html?#846=66145\">\r\n        <img loading='async' src='https:\/\/cdn2.primor.eu\/media\/catalog\/product\/cache\/8d3aba296f7a18b5251ee30fa5db42b2\/6\/X\/6XS00608_1_15d3.jpg' alt='COMPRAR AHORA'>\r\n            <div class=\"claim\">\r\n                COMPRAR AHORA            <\/div>\r\n        <\/a>\r\n    \n\n\n\n<h3 class=\"wp-block-heading has-text-align-left\">Mascarilla capilar con queratina de Ren\u00e9 Furterer<\/h3>\n\n\n\n<p>Es una mascarilla concentrada que repara y proporciona una nutrici\u00f3n intensiva. Es ideal para cabellos muy secos gracias a sus activos de origen natural. Est\u00e1 enriquecida con 3 principios activos de origen natural: queratina vegetal, biocimentina y aceite de camelina.<\/p>\n\n\n    <a class=\"product\" target=\"_blank\" href=\"https:\/\/www.primor.eu\/es_es\/rene-furterer-absolue-keratine-mascarilla-nutritiva-reparadora-9629.html\">\r\n        <img loading='async' src='https:\/\/cdn2.primor.eu\/media\/catalog\/product\/cache\/8d3aba296f7a18b5251ee30fa5db42b2\/6\/X\/6XS11167_1_a96a.jpg' alt='COMPRAR AHORA'>\r\n            <div class=\"claim\">\r\n                COMPRAR AHORA            <\/div>\r\n        <\/a>\r\n    \n\n\n<div class=\"kk-star-ratings kksr-auto kksr-align-center kksr-valign-bottom\"\n    data-payload='{&quot;align&quot;:&quot;center&quot;,&quot;id&quot;:&quot;42781&quot;,&quot;slug&quot;:&quot;default&quot;,&quot;valign&quot;:&quot;bottom&quot;,&quot;ignore&quot;:&quot;&quot;,&quot;reference&quot;:&quot;auto&quot;,&quot;class&quot;:&quot;&quot;,&quot;count&quot;:&quot;0&quot;,&quot;legendonly&quot;:&quot;&quot;,&quot;readonly&quot;:&quot;&quot;,&quot;score&quot;:&quot;0&quot;,&quot;starsonly&quot;:&quot;&quot;,&quot;best&quot;:&quot;5&quot;,&quot;gap&quot;:&quot;5&quot;,&quot;greet&quot;:&quot;Valora este art\u00edculo&quot;,&quot;legend&quot;:&quot;0\\\/5 - (0 votos)&quot;,&quot;size&quot;:&quot;24&quot;,&quot;title&quot;:&quot;Consejos para comprar tus b\u00e1sicos en Primor&quot;,&quot;width&quot;:&quot;0&quot;,&quot;_legend&quot;:&quot;{score}\\\/{best} - ({count} {votes})&quot;,&quot;font_factor&quot;:&quot;1.25&quot;}'>\n            \n<div class=\"kksr-stars\">\n    \n<div class=\"kksr-stars-inactive\">\n            <div class=\"kksr-star\" data-star=\"1\" style=\"padding-right: 5px\">\n            \n\n<div class=\"kksr-icon\" style=\"width: 24px; height: 24px;\"><\/div>\n        <\/div>\n            <div class=\"kksr-star\" data-star=\"2\" style=\"padding-right: 5px\">\n            \n\n<div class=\"kksr-icon\" style=\"width: 24px; height: 24px;\"><\/div>\n        <\/div>\n            <div class=\"kksr-star\" data-star=\"3\" style=\"padding-right: 5px\">\n            \n\n<div class=\"kksr-icon\" style=\"width: 24px; height: 24px;\"><\/div>\n        <\/div>\n            <div class=\"kksr-star\" data-star=\"4\" style=\"padding-right: 5px\">\n            \n\n<div class=\"kksr-icon\" style=\"width: 24px; height: 24px;\"><\/div>\n        <\/div>\n            <div class=\"kksr-star\" data-star=\"5\" style=\"padding-right: 5px\">\n            \n\n<div class=\"kksr-icon\" style=\"width: 24px; height: 24px;\"><\/div>\n        <\/div>\n    <\/div>\n    \n<div class=\"kksr-stars-active\" style=\"width: 0px;\">\n            <div class=\"kksr-star\" style=\"padding-right: 5px\">\n            \n\n<div class=\"kksr-icon\" style=\"width: 24px; height: 24px;\"><\/div>\n        <\/div>\n            <div class=\"kksr-star\" style=\"padding-right: 5px\">\n            \n\n<div class=\"kksr-icon\" style=\"width: 24px; height: 24px;\"><\/div>\n        <\/div>\n            <div class=\"kksr-star\" style=\"padding-right: 5px\">\n            \n\n<div class=\"kksr-icon\" style=\"width: 24px; height: 24px;\"><\/div>\n        <\/div>\n            <div class=\"kksr-star\" style=\"padding-right: 5px\">\n            \n\n<div class=\"kksr-icon\" style=\"width: 24px; height: 24px;\"><\/div>\n        <\/div>\n            <div class=\"kksr-star\" style=\"padding-right: 5px\">\n            \n\n<div class=\"kksr-icon\" style=\"width: 24px; height: 24px;\"><\/div>\n        <\/div>\n    <\/div>\n<\/div>\n                \n\n<div class=\"kksr-legend\" style=\"font-size: 19.2px;\">\n            <span class=\"kksr-muted\">Valora este art\u00edculo<\/span>\n    <\/div>\n    <\/div>\n","protected":false},"excerpt":{"rendered":"<p>Reconozc\u00e1moslo: algunas somos unas adictas a comprar sin control. Nos encanta meternos en internet y llenar la cesta con productos hasta arriba. Pero esto puede ser todo un peligro para nuestra tarjeta de cr\u00e9dito. Por ello es importante comprar con cabeza. Adivinar cuales son los cosm\u00e9ticos imprescindibles y que m\u00e1s vamos a usar es una [&hellip;]<\/p>\n","protected":false},"author":4,"featured_media":90622,"comment_status":"open","ping_status":"open","sticky":false,"template":"","format":"standard","meta":{"jnews-multi-image_gallery":[],"jnews_single_post":{"subtitle":"","format":"standard","video":"","gallery":"","source_name":"","source_url":"","via_name":"","via_url":"","override_template":"0","override":[{"template":"1","single_blog_custom":"","parallax":"1","fullscreen":"1","layout":"right-sidebar","sidebar":"home-2","second_sidebar":"default-sidebar","sticky_sidebar":"0","share_position":"float","share_float_style":"share-monocrhome","show_share_counter":"0","show_view_counter":"0","show_featured":"1","show_post_meta":"1","show_post_author":"0","show_post_author_image":"1","show_post_date":"1","post_date_format":"default","post_date_format_custom":"Y\/m\/d","show_post_category":"1","show_post_reading_time":"0","post_reading_time_wpm":"300","show_zoom_button":"0","zoom_button_out_step":"2","zoom_button_in_step":"3","show_post_tag":"0","show_prev_next_post":"0","show_popup_post":"0","number_popup_post":"2","show_author_box":"0","show_post_related":"0","show_inline_post_related":"1"}],"override_image_size":"0","image_override":[{"single_post_thumbnail_size":"no-crop","single_post_gallery_size":"crop-500"}],"trending_post":"0","trending_post_position":"meta","trending_post_label":"Trending","sponsored_post":"0","sponsored_post_label":"Sponsored by","sponsored_post_name":"","sponsored_post_url":"","sponsored_post_logo_enable":"0","sponsored_post_logo":"","sponsored_post_desc":"","disable_ad":"0"},"jnews_primary_category":{"id":"","hide":""},"jnews_social_meta":{"fb_title":"","fb_description":"","fb_image":"","twitter_title":"","twitter_description":"","twitter_image":""},"jnews_override_counter":{"override_view_counter":"0","view_counter_number":"0","override_share_counter":"0","share_counter_number":"0","override_like_counter":"0","like_counter_number":"0","override_dislike_counter":"0","dislike_counter_number":"0"},"footnotes":""},"categories":[1],"tags":[],"class_list":["post-42781","post","type-post","status-publish","format-standard","has-post-thumbnail","hentry","category-sin-categoria"],"_links":{"self":[{"href":"https:\/\/www.primor.eu\/blog\/wp-json\/wp\/v2\/posts\/42781","targetHints":{"allow":["GET"]}}],"collection":[{"href":"https:\/\/www.primor.eu\/blog\/wp-json\/wp\/v2\/posts"}],"about":[{"href":"https:\/\/www.primor.eu\/blog\/wp-json\/wp\/v2\/types\/post"}],"author":[{"embeddable":true,"href":"https:\/\/www.primor.eu\/blog\/wp-json\/wp\/v2\/users\/4"}],"replies":[{"embeddable":true,"href":"https:\/\/www.primor.eu\/blog\/wp-json\/wp\/v2\/comments?post=42781"}],"version-history":[{"count":4,"href":"https:\/\/www.primor.eu\/blog\/wp-json\/wp\/v2\/posts\/42781\/revisions"}],"predecessor-version":[{"id":90627,"href":"https:\/\/www.primor.eu\/blog\/wp-json\/wp\/v2\/posts\/42781\/revisions\/90627"}],"wp:featuredmedia":[{"embeddable":true,"href":"https:\/\/www.primor.eu\/blog\/wp-json\/wp\/v2\/media\/90622"}],"wp:attachment":[{"href":"https:\/\/www.primor.eu\/blog\/wp-json\/wp\/v2\/media?parent=42781"}],"wp:term":[{"taxonomy":"category","embeddable":true,"href":"https:\/\/www.primor.eu\/blog\/wp-json\/wp\/v2\/categories?post=42781"},{"taxonomy":"post_tag","embeddable":true,"href":"https:\/\/www.primor.eu\/blog\/wp-json\/wp\/v2\/tags?post=42781"}],"curies":[{"name":"wp","href":"https:\/\/api.w.org\/{rel}","templated":true}]}}