{"id":4262,"date":"2017-09-19T08:07:01","date_gmt":"2017-09-19T06:07:01","guid":{"rendered":"http:\/\/blog.primor.eu:\/?p=4262"},"modified":"2017-09-19T08:07:01","modified_gmt":"2017-09-19T06:07:01","slug":"primor-presenta-novedades-las-bloggers-malaguenas","status":"publish","type":"post","link":"https:\/\/www.primor.eu\/blog\/primor-presenta-novedades-las-bloggers-malaguenas\/","title":{"rendered":"PRIMOR presenta sus novedades a las Bloggers Malague\u00f1as"},"content":{"rendered":"<p><a href=\"http:\/\/www.primor.eu\/636_boddy-s-pharmacy-skincare_Resurrection-Plant_9677\"><img decoding=\"async\" class=\"alignnone wp-image-4264 size-full\" src=\"http:\/\/blog.primor.eu\/wp-content\/uploads\/2024\/09\/IMG_7517.jpg\" alt=\"\" width=\"6000\" height=\"4000\" \/><\/a><\/p>\n<p>Hola Primores!<\/p>\n<p>Ya sab\u00e9is que Primor no deja de innovar y de traer lo \u00faltimo a sus estanter\u00edas! La temporada Oto\u00f1al ha venido con el lanzamiento de varias marcas nuevas y hemos querido ense\u00f1arlas y presentarlas a las bloggers malague\u00f1as porque sabemos que ellas cuentan con la confianza de muchas amantes de la cosm\u00e9tica.<\/p>\n<p><!--more--><\/p>\n<p><a href=\"http:\/\/blog.primor.eu\/wp-content\/uploads\/2024\/09\/IMG_7565.jpg\" target=\"_blank\" rel=\"noopener\"><img decoding=\"async\" class=\"alignnone wp-image-4271 size-full\" src=\"http:\/\/blog.primor.eu\/wp-content\/uploads\/2024\/09\/IMG_7565.jpg\" alt=\"\" width=\"6000\" height=\"4000\" \/><\/a><\/p>\n<p><a href=\"http:\/\/blog.primor.eu\/wp-content\/uploads\/2024\/09\/IMG_7529.jpg\" target=\"_blank\" rel=\"noopener\"><img decoding=\"async\" class=\"alignnone wp-image-4265 size-full\" src=\"http:\/\/blog.primor.eu\/wp-content\/uploads\/2024\/09\/IMG_7529.jpg\" alt=\"\" width=\"4528\" height=\"3019\" \/><\/a><\/p>\n<p>&nbsp;<\/p>\n<p><a href=\"http:\/\/blog.primor.eu\/wp-content\/uploads\/2024\/09\/IMG_7572.jpg\" target=\"_blank\" rel=\"noopener\"><img decoding=\"async\" class=\"alignnone wp-image-4275 size-full\" src=\"http:\/\/blog.primor.eu\/wp-content\/uploads\/2024\/09\/IMG_7572.jpg\" alt=\"\" width=\"6000\" height=\"4000\" \/><\/a><\/p>\n<p>Las marcas que se presentaron fueron tres:<\/p>\n<p><a href=\"http:\/\/www.primor.eu\/670_spot-s-lab\"><strong>Spot\u00b4s Lab<\/strong><\/a>, firma que cubre todas las necesidades de las pieles propensas a las manchas e irregularidades de la pigmentaci\u00f3n. Ya hicimos un post en el Blog de Primor para que conozc\u00e1is mejor la marca y pod\u00e9is leerlo pinchando <a href=\"http:\/\/blog.primor.eu\/cosmetica-anti-manchas-spots-lab\/\" target=\"_blank\" rel=\"noopener\"><strong>AQU\u00cd.\u00a0<\/strong><\/a><\/p>\n<p><a href=\"http:\/\/www.primor.eu\/680_detox-skinfood\"><strong>Detox Skinfood<\/strong><\/a>, firma vegana y formulada con ingredientes considerados <em>super alimentos . <\/em>No contienen parabenos, ni sulfatos<em>,<\/em>\u00a0no llevan derivados del petr\u00f3leo, son libres de siliconas y no llevan perfumes artificiales.<em>\u00a0<\/em>No dudeis en pasar por el Blog Primor para saber m\u00e1s sobre esta interesante firma (<a href=\"http:\/\/blog.primor.eu\/detox-skinfood\/\" target=\"_blank\" rel=\"noopener\"><strong>AQUI<\/strong><\/a>)<\/p>\n<p><strong><a href=\"http:\/\/www.primor.eu\/636_boddy-s-pharmacy-skincare_Resurrection-Plant_9677\">Resurrection Plant de Boddy\u00b4s Pharmacy Skincare<\/a>. <\/strong>Una nueva l\u00ednea de la marca Boddy\u00b4s Pharmacy Skincare perfecta para regenerar y recuperar la piel.<\/p>\n<p>Se pudieron tocar las texturas y comprobar olores y colores. Os dejamos im\u00e1genes de lo atentas que estuvieron todas!<\/p>\n<p>&nbsp;<\/p>\n<p><a href=\"http:\/\/blog.primor.eu\/wp-content\/uploads\/2024\/09\/IMG_7545.jpg\" target=\"_blank\" rel=\"noopener\"><img decoding=\"async\" class=\"alignnone wp-image-4266 size-full\" src=\"http:\/\/blog.primor.eu\/wp-content\/uploads\/2024\/09\/IMG_7545.jpg\" alt=\"\" width=\"4330\" height=\"2887\" \/><\/a><\/p>\n<p><a href=\"http:\/\/blog.primor.eu\/wp-content\/uploads\/2024\/09\/IMG_7559aa.jpg\" target=\"_blank\" rel=\"noopener\"><img decoding=\"async\" class=\"alignnone wp-image-4269 size-full\" src=\"http:\/\/blog.primor.eu\/wp-content\/uploads\/2024\/09\/IMG_7559aa.jpg\" alt=\"\" width=\"4188\" height=\"2792\" \/><\/a><\/p>\n<p><a href=\"http:\/\/blog.primor.eu\/wp-content\/uploads\/2024\/09\/IMG_7544.jpg\" target=\"_blank\" rel=\"noopener\"><img decoding=\"async\" class=\"alignnone wp-image-4267 size-full\" src=\"http:\/\/blog.primor.eu\/wp-content\/uploads\/2024\/09\/IMG_7544.jpg\" alt=\"\" width=\"6000\" height=\"4000\" \/><\/a><\/p>\n<p><a href=\"http:\/\/blog.primor.eu\/wp-content\/uploads\/2024\/09\/IMG_7548.jpg\" target=\"_blank\" rel=\"noopener\"><img decoding=\"async\" class=\"alignnone wp-image-4268 size-full\" src=\"http:\/\/blog.primor.eu\/wp-content\/uploads\/2024\/09\/IMG_7548.jpg\" alt=\"\" width=\"6000\" height=\"4000\" \/><\/a><\/p>\n<p><a href=\"http:\/\/blog.primor.eu\/wp-content\/uploads\/2024\/09\/IMG_7563.jpg\" target=\"_blank\" rel=\"noopener\"><img decoding=\"async\" class=\"alignnone wp-image-4270 size-full\" src=\"http:\/\/blog.primor.eu\/wp-content\/uploads\/2024\/09\/IMG_7563.jpg\" alt=\"\" width=\"6000\" height=\"4000\" \/><\/a> <a href=\"http:\/\/blog.primor.eu\/wp-content\/uploads\/2024\/09\/IMG_7566aa.jpg\" target=\"_blank\" rel=\"noopener\"><img decoding=\"async\" class=\"alignnone wp-image-4272 size-full\" src=\"http:\/\/blog.primor.eu\/wp-content\/uploads\/2024\/09\/IMG_7566aa.jpg\" alt=\"\" width=\"6000\" height=\"4000\" \/><\/a><\/p>\n<p><a href=\"http:\/\/blog.primor.eu\/wp-content\/uploads\/2024\/09\/IMG_7567.jpg\" target=\"_blank\" rel=\"noopener\"><img decoding=\"async\" class=\"alignnone wp-image-4273 size-full\" src=\"http:\/\/blog.primor.eu\/wp-content\/uploads\/2024\/09\/IMG_7567.jpg\" alt=\"\" width=\"6000\" height=\"4000\" \/><\/a> <a href=\"http:\/\/blog.primor.eu\/wp-content\/uploads\/2024\/09\/IMG_7569.jpg\" target=\"_blank\" rel=\"noopener\">\u00a0<\/a><a href=\"http:\/\/blog.primor.eu\/wp-content\/uploads\/2024\/09\/IMG_7569.jpg\" target=\"_blank\" rel=\"noopener\"><img decoding=\"async\" class=\"alignnone wp-image-4274 size-full\" src=\"http:\/\/blog.primor.eu\/wp-content\/uploads\/2024\/09\/IMG_7569.jpg\" alt=\"\" width=\"6000\" height=\"4000\" \/><\/a><\/p>\n<p><a href=\"http:\/\/blog.primor.eu\/wp-content\/uploads\/2024\/09\/IMG_7582a.jpg\" target=\"_blank\" rel=\"noopener\"><img decoding=\"async\" class=\"alignnone wp-image-4278 size-full\" src=\"http:\/\/blog.primor.eu\/wp-content\/uploads\/2024\/09\/IMG_7582a.jpg\" alt=\"\" width=\"4731\" height=\"3154\" \/><\/a><\/p>\n<p><a href=\"http:\/\/blog.primor.eu\/wp-content\/uploads\/2024\/09\/IMG_7576.jpg\" target=\"_blank\" rel=\"noopener\"><img decoding=\"async\" class=\"alignnone wp-image-4276 size-full\" src=\"http:\/\/blog.primor.eu\/wp-content\/uploads\/2024\/09\/IMG_7576.jpg\" alt=\"\" width=\"6000\" height=\"4000\" \/><\/a><\/p>\n<p><a href=\"http:\/\/blog.primor.eu\/wp-content\/uploads\/2024\/09\/IMG_7579.jpg\" target=\"_blank\" rel=\"noopener\"><img decoding=\"async\" class=\"alignnone wp-image-4277 size-full\" src=\"http:\/\/blog.primor.eu\/wp-content\/uploads\/2024\/09\/IMG_7579.jpg\" alt=\"\" width=\"3684\" height=\"2456\" \/><\/a><\/p>\n<p><a href=\"http:\/\/blog.primor.eu\/wp-content\/uploads\/2024\/09\/IMG_7589.jpg\" target=\"_blank\" rel=\"noopener\"><img decoding=\"async\" class=\"alignnone wp-image-4279 size-full\" src=\"http:\/\/blog.primor.eu\/wp-content\/uploads\/2024\/09\/IMG_7589.jpg\" alt=\"\" width=\"6000\" height=\"4000\" \/><\/a><\/p>\n<p><a href=\"http:\/\/blog.primor.eu\/wp-content\/uploads\/2024\/09\/IMG_7590.jpg\" target=\"_blank\" rel=\"noopener\"><img decoding=\"async\" class=\"alignnone wp-image-4280 size-full\" src=\"http:\/\/blog.primor.eu\/wp-content\/uploads\/2024\/09\/IMG_7590.jpg\" alt=\"\" width=\"6000\" height=\"4000\" \/><\/a><\/p>\n<p>Las asistentes a este encuentro fueron: <a href=\"https:\/\/www.instagram.com\/lookedforyou\/\" target=\"_blank\" rel=\"noopener\">Lookedforyou<\/a>,\u00a0<a href=\"https:\/\/www.instagram.com\/esperanza_as\/\" target=\"_blank\" rel=\"noopener\">Esperanza_as,<\/a>\u00a0<a href=\"https:\/\/www.instagram.com\/liidiacastro\/\" target=\"_blank\" rel=\"noopener\">Lidia Castro<\/a>, <a href=\"https:\/\/www.instagram.com\/palomatrends\/\" target=\"_blank\" rel=\"noopener\">Paloma Trends<\/a>, <a href=\"https:\/\/www.instagram.com\/martiylola\/\" target=\"_blank\" rel=\"noopener\">Martiylola,<\/a>\u00a0<a href=\"https:\/\/www.instagram.com\/caminandosobremistacones\/\" target=\"_blank\" rel=\"noopener\">Caminando sobre mis tacones,\u00a0\u00a0<\/a><a href=\"https:\/\/www.instagram.com\/chioalba\/\" target=\"_blank\" rel=\"noopener\">Chio Alba,\u00a0<\/a>, <a href=\"https:\/\/www.instagram.com\/tinkerbelchiky\/\" target=\"_blank\" rel=\"noopener\">Tinkerbelchiky,<\/a>\u00a0<a href=\"https:\/\/www.instagram.com\/karmenmarquezpromakeup\/\" target=\"_blank\" rel=\"noopener\">Karmenmarquezpromakeup<\/a>, <a href=\"https:\/\/www.instagram.com\/nesamakeup\/\" target=\"_blank\" rel=\"noopener\">Nesamakeup<\/a>, <a href=\"https:\/\/www.instagram.com\/arinucosmetics\/\" target=\"_blank\" rel=\"noopener\">Arinucosmetics,<\/a>\u00a0<a href=\"https:\/\/www.instagram.com\/mispapelicos\/\" target=\"_blank\" rel=\"noopener\">Mispapelicos, \u00a0<\/a><a href=\"https:\/\/www.instagram.com\/anitabtwice\/\" target=\"_blank\" rel=\"noopener\">Anitabtwice, \u00a0y\u00a0<\/a><a href=\"https:\/\/www.instagram.com\/sabrina_glow\/\" target=\"_blank\" rel=\"noopener\">SabrinaGlow.\u00a0<\/a><\/p>\n<p>S\u00edguelas a todas para no perderte ninguna de sus publicaciones!<\/p>\n<p style=\"text-align: center;\"><iframe src=\"https:\/\/www.youtube.com\/embed\/LALMSAWoVnM\" width=\"560\" height=\"315\" frameborder=\"0\" allowfullscreen=\"allowfullscreen\"><\/iframe><\/p>\n<p>Y vosotras? Ya hab\u00e9is probado las novedades que Primor ha incorporado recientemente? Seguro que hay una l\u00ednea perfecta para las necesidades de tu piel. Te esperamos!<\/p>\n<p>Hasta el siguiente post.<\/p>\n<p>&nbsp;<\/p>\n<p>&nbsp;<\/p>\n<p>&nbsp;<\/p>\n\n\n<div class=\"kk-star-ratings kksr-auto kksr-align-center kksr-valign-bottom\"\n    data-payload='{&quot;align&quot;:&quot;center&quot;,&quot;id&quot;:&quot;4262&quot;,&quot;slug&quot;:&quot;default&quot;,&quot;valign&quot;:&quot;bottom&quot;,&quot;ignore&quot;:&quot;&quot;,&quot;reference&quot;:&quot;auto&quot;,&quot;class&quot;:&quot;&quot;,&quot;count&quot;:&quot;0&quot;,&quot;legendonly&quot;:&quot;&quot;,&quot;readonly&quot;:&quot;&quot;,&quot;score&quot;:&quot;0&quot;,&quot;starsonly&quot;:&quot;&quot;,&quot;best&quot;:&quot;5&quot;,&quot;gap&quot;:&quot;5&quot;,&quot;greet&quot;:&quot;Valora este art\u00edculo&quot;,&quot;legend&quot;:&quot;0\\\/5 - (0 votos)&quot;,&quot;size&quot;:&quot;24&quot;,&quot;title&quot;:&quot;PRIMOR presenta sus novedades a las Bloggers Malague\u00f1as&quot;,&quot;width&quot;:&quot;0&quot;,&quot;_legend&quot;:&quot;{score}\\\/{best} - ({count} {votes})&quot;,&quot;font_factor&quot;:&quot;1.25&quot;}'>\n            \n<div class=\"kksr-stars\">\n    \n<div class=\"kksr-stars-inactive\">\n            <div class=\"kksr-star\" data-star=\"1\" style=\"padding-right: 5px\">\n            \n\n<div class=\"kksr-icon\" style=\"width: 24px; height: 24px;\"><\/div>\n        <\/div>\n            <div class=\"kksr-star\" data-star=\"2\" style=\"padding-right: 5px\">\n            \n\n<div class=\"kksr-icon\" style=\"width: 24px; height: 24px;\"><\/div>\n        <\/div>\n            <div class=\"kksr-star\" data-star=\"3\" style=\"padding-right: 5px\">\n            \n\n<div class=\"kksr-icon\" style=\"width: 24px; height: 24px;\"><\/div>\n        <\/div>\n            <div class=\"kksr-star\" data-star=\"4\" style=\"padding-right: 5px\">\n            \n\n<div class=\"kksr-icon\" style=\"width: 24px; height: 24px;\"><\/div>\n        <\/div>\n            <div class=\"kksr-star\" data-star=\"5\" style=\"padding-right: 5px\">\n            \n\n<div class=\"kksr-icon\" style=\"width: 24px; height: 24px;\"><\/div>\n        <\/div>\n    <\/div>\n    \n<div class=\"kksr-stars-active\" style=\"width: 0px;\">\n            <div class=\"kksr-star\" style=\"padding-right: 5px\">\n            \n\n<div class=\"kksr-icon\" style=\"width: 24px; height: 24px;\"><\/div>\n        <\/div>\n            <div class=\"kksr-star\" style=\"padding-right: 5px\">\n            \n\n<div class=\"kksr-icon\" style=\"width: 24px; height: 24px;\"><\/div>\n        <\/div>\n            <div class=\"kksr-star\" style=\"padding-right: 5px\">\n            \n\n<div class=\"kksr-icon\" style=\"width: 24px; height: 24px;\"><\/div>\n        <\/div>\n            <div class=\"kksr-star\" style=\"padding-right: 5px\">\n            \n\n<div class=\"kksr-icon\" style=\"width: 24px; height: 24px;\"><\/div>\n        <\/div>\n            <div class=\"kksr-star\" style=\"padding-right: 5px\">\n            \n\n<div class=\"kksr-icon\" style=\"width: 24px; height: 24px;\"><\/div>\n        <\/div>\n    <\/div>\n<\/div>\n                \n\n<div class=\"kksr-legend\" style=\"font-size: 19.2px;\">\n            <span class=\"kksr-muted\">Valora este art\u00edculo<\/span>\n    <\/div>\n    <\/div>\n","protected":false},"excerpt":{"rendered":"<p>Hola Primores! Ya sab\u00e9is que Primor no deja de innovar y de traer lo \u00faltimo a sus estanter\u00edas! La temporada Oto\u00f1al ha venido con el lanzamiento de varias marcas nuevas y hemos querido ense\u00f1arlas y presentarlas a las bloggers malague\u00f1as porque sabemos que ellas cuentan con la confianza de muchas amantes de la cosm\u00e9tica.<\/p>\n","protected":false},"author":4,"featured_media":4267,"comment_status":"open","ping_status":"open","sticky":false,"template":"","format":"standard","meta":{"jnews-multi-image_gallery":[],"jnews_single_post":[],"jnews_primary_category":[],"jnews_social_meta":[],"jnews_override_counter":[],"footnotes":""},"categories":[37,38],"tags":[],"class_list":["post-4262","post","type-post","status-publish","format-standard","has-post-thumbnail","hentry","category-cosmetica-natural","category-cremas-antiedad"],"_links":{"self":[{"href":"https:\/\/www.primor.eu\/blog\/wp-json\/wp\/v2\/posts\/4262","targetHints":{"allow":["GET"]}}],"collection":[{"href":"https:\/\/www.primor.eu\/blog\/wp-json\/wp\/v2\/posts"}],"about":[{"href":"https:\/\/www.primor.eu\/blog\/wp-json\/wp\/v2\/types\/post"}],"author":[{"embeddable":true,"href":"https:\/\/www.primor.eu\/blog\/wp-json\/wp\/v2\/users\/4"}],"replies":[{"embeddable":true,"href":"https:\/\/www.primor.eu\/blog\/wp-json\/wp\/v2\/comments?post=4262"}],"version-history":[{"count":0,"href":"https:\/\/www.primor.eu\/blog\/wp-json\/wp\/v2\/posts\/4262\/revisions"}],"wp:featuredmedia":[{"embeddable":true,"href":"https:\/\/www.primor.eu\/blog\/wp-json\/"}],"wp:attachment":[{"href":"https:\/\/www.primor.eu\/blog\/wp-json\/wp\/v2\/media?parent=4262"}],"wp:term":[{"taxonomy":"category","embeddable":true,"href":"https:\/\/www.primor.eu\/blog\/wp-json\/wp\/v2\/categories?post=4262"},{"taxonomy":"post_tag","embeddable":true,"href":"https:\/\/www.primor.eu\/blog\/wp-json\/wp\/v2\/tags?post=4262"}],"curies":[{"name":"wp","href":"https:\/\/api.w.org\/{rel}","templated":true}]}}