{"id":42462,"date":"2024-01-18T09:55:10","date_gmt":"2024-01-18T09:55:10","guid":{"rendered":"https:\/\/blog.primor.eu\/?p=42462"},"modified":"2026-01-28T18:19:02","modified_gmt":"2026-01-28T18:19:02","slug":"powder-brows","status":"publish","type":"post","link":"https:\/\/www.primor.eu\/blog\/powder-brows\/","title":{"rendered":"Powder brows, todo lo que necesitas saber"},"content":{"rendered":"\n<p> Las cejas son una parte fundamental del rostro ya que son las encargadas de <strong>enmarcar la mirada<\/strong>. Tras unos a\u00f1os en los que las protagonistas eran unas <strong><a href=\"https:\/\/www.primor.eu\/blog\/tendencias-cejas\/\" data-type=\"link\" data-id=\"https:\/\/www.primor.eu\/blog\/tendencias-cejas\/\">cejas <\/a><\/strong>muy finas, poco a poco hemos ido recuperando el pelo en estas, aunque es todav\u00eda a muchas mujeres las que les falta pelo por crecer debido a tantos a\u00f1os quit\u00e1ndose con <a href=\"https:\/\/www.primor.eu\/blog\/tag\/pinzas-depilar\/\">pinzas<\/a> cada pelo que sal\u00eda fuera de la <a href=\"https:\/\/www.primor.eu\/es_es\/productos-de-maquillaje-para-cejas-y-lapices\">ceja marcada<\/a>. Es por eso por lo que son muchas las mujeres que recurren a t\u00e9cnicas como las <strong>powder brows <\/strong>para recuperarlas.<\/p>\n\n\n\n<p>Las <strong>powder brows <\/strong>son una de esas t\u00e9cnicas encargadas de recuperar visualmente la forma de tus cejas, as\u00ed como conseguir que est\u00e9n pobladas en tan solo una sesi\u00f3n. Se trata de nada m\u00e1s que una t\u00e9cnica de maquillaje que se realiza aport\u00e1ndole una ligera sombra que <strong>rellene las cejas.<\/strong> Aunque no es lo mismo el microblading, s\u00ed se puede realizar <strong>una t\u00e9cnica combinada<\/strong> para conseguir lo mejor de ambas.<\/p>\n\n\n\n<p>Si tus cejas han perdido fuerza en los \u00faltimos a\u00f1os y tu mirada ya no se enmarca c\u00f3mo deber\u00eda, tanto las powder brows como el microblading son t\u00e9cnicas fabulosas que te aportan un <strong>dise\u00f1o de cejas <\/strong>como quieras, siempre asesor\u00e1ndote por tu estilista de confianza, y un buen relleno de esta, haciendo que parezca<strong> m\u00e1s poblada<\/strong>, pero manteniendo el dise\u00f1o que elijas, que no tiene por qu\u00e9 ser una ceja s\u00faper ancha.<\/p>\n\n\n\n<h2 class=\"wp-block-heading\">\u00bfQu\u00e9 son las powder brows?<\/h2>\n\n\n\n<p>Empecemos por el principio ya que antes de hacerte ning\u00fan tratamiento debes tener total conocimiento de qu\u00e9 es, c\u00f3mo se realiza, cu\u00e1nto dura y cu\u00e1les son sus efectos, entre otros. La t\u00e9cnica para realizar powder brows es un maquillaje semi permanente que tiene como objetivo sombrear tu ceja con <strong>un suave degradado<\/strong>, dejando menos color en la parte de la cabeza, y m\u00e1s a la medida que llega al final de esta.<\/p>\n\n\n\n<p>Por tanto, las powder brows consisten en una <strong>t\u00e9cnica de tatuaje<\/strong> semi permanente que, una vez definida la forma de las cejas, le dan color para tupir y rellenar la falta de vello y crear un efecto \u00f3ptico de una ceja definida y una mirada enmarcada en esta. El resultado son unas cejas <strong>como reci\u00e9n maquilladas<\/strong>, pero con una duraci\u00f3n de entre nueve y <strong>doce meses<\/strong> que se retoca al a\u00f1o si se quiere continuar con el tratamiento. Una t\u00e9cnica especialmente recomendada para las pieles grasas o con los poros dilatados al igual que en pacientes que, por su enfermedad o tratamiento han perdido una parte fundamental del rostro a nivel psicol\u00f3gico.<\/p>\n\n\n\n<h2 class=\"wp-block-heading\">\u00bfC\u00f3mo se realizan?<\/h2>\n\n\n\n<p>Antes de hacernos cualquier tratamiento, es importante conocer c\u00f3mo se realiza. En este caso, las powder brows se realizan con una m\u00e1quina que va introduciendo <strong>micropuntos de pigmento<\/strong> en la capa subd\u00e9rmica, de esta forma se consigue ese <strong>efecto sombreado<\/strong>, con mayor o menor intensidad seg\u00fan la zona, que le dar\u00e1 una mayor densidad a la ceja para dejarla definida y rellenada. Aunque depende del tipo de piel, es recomendable retocar el tratamiento aproximadamente un mes despu\u00e9s de haberlo realizado.<\/p>\n\n\n\n<h2 class=\"wp-block-heading\">\u00bfCu\u00e1nto duran?<\/h2>\n\n\n\n<p>Las poder brows son una t\u00e9cnica semipermanente que suele durar <strong>entre 9 y 12 meses<\/strong>, por lo que se recomienda retocarlas una vez al a\u00f1o para conservarlas en perfecto estado.&nbsp;<\/p>\n\n\n\n<h2 class=\"wp-block-heading\">\u00bfSe puede combinar las powder brows con el microblading?<\/h2>\n\n\n\n<p>La respuesta es <strong>s\u00ed<\/strong>. Aunque son dos t\u00e9cnicas con diferente proceso y resultado, es cierto que se pueden combinar para reunir lo mejor de ambas y conseguir unas cejas perfectas, naturales y definidas.<\/p>\n\n\n\n<p>De hecho, estas tienen un nombre, se llaman las <strong>Hybrid Brows<\/strong> y consiste en rellenar la ceja pelo a pelo con el microblading para conseguir ese efecto natural y despu\u00e9s cubrir los posibles huevos que hayan quedado sombreando con las powder brows para darle una mayor densidad a la <a href=\"https:\/\/www.primor.eu\/es_es\/productos-para-cejas-lujo\" data-type=\"link\" data-id=\"https:\/\/www.primor.eu\/es_es\/productos-para-cejas-lujo\">ceja<\/a>. Para realizarlo, suele hacerse siempre el microblading en la cabeza de la ceja que es donde menos poblada debe quedar, para despu\u00e9s ir sombreando con la intensidad en aumento hacia el final de la ceja. Una t\u00e9cnica perfecta si la ceja es muy fina y se le quiere dar un dise\u00f1o m\u00e1s ancho y denso.<\/p>\n\n\n\n<h2 class=\"wp-block-heading\">\u00bfC\u00f3mo cuido mis cejas despu\u00e9s de realizar la t\u00e9cnica powder brows?<\/h2>\n\n\n\n<p>Como cualquier tratamiento o tatuaje, las cejas requieren un cuidado espec\u00edfico con el que se mantengan hidratadas y el resultado a largo plazo sea mucho m\u00e1s duradero y perfecto a simple vista. Para ello, tras haberse hecho las powder brows, debemos seguir siempre las recomendaciones de los expertos entre los que deber\u00e1s cuidar la ceja como si fuese un tatuaje: <strong>mucha hidrataci\u00f3n y aplicar cremas cicatrizantes,<\/strong> esto al menos durante la primera semana. Adem\u00e1s, la protecci\u00f3n solar es muy importante en este caso para evitar que la zona enrojezca o se irrite. Por lo que, si puedes, evita hacerte el tratamiento al comienzo o a mitad del verano, de esta forma la recuperaci\u00f3n ser\u00e1 mucho m\u00e1s r\u00e1pida y el resultado mucho mejor.<\/p>\n\n\n\n<h2 class=\"wp-block-heading\">Dos buenos productos para tus cejas<\/h2>\n\n\n\n<h3 class=\"wp-block-heading\">The Eyebrow M\u00e1scara de Cejas de 3ina<\/h3>\n\n\n\n<p>M\u00e1scara fijadora de cejas que las hidrata y define gracias a su efecto multiplicador de pelo. Cejas rellenas, fijas y de aspecto natural.<br><\/p>\n\n\n    <a class='product' target='_blank' href='https:\/\/www.primor.eu\/es_es\/3ina-the-eyebrow-mascara-de-cejas-110254.html?#803=83240'>\r\n        <img loading='async' src='https:\/\/cdn2.primor.eu\/media\/catalog\/product\/cache\/8d3aba296f7a18b5251ee30fa5db42b2\/0\/M\/0MO20532_1_eb8f.jpg' alt='COMPRAR AHORA'>\r\n            <div class=\"claim\">\r\n                COMPRAR AHORA            <\/div>\r\n        <\/a>\r\n    \n\n\n<h3 class=\"wp-block-heading\">8 Hour Cream Skin Protectant de Elizabeth Arden<\/h3>\n\n\n\n<p>Es el protector de piel legendario y galardonado que hace m\u00e1s que calmar la piel quemada por el sol, rehidratar los labios agrietados y curar los codos y callosidades \u00e1speras. Tambi\u00e9n es el secreto que los maquilladores de todo el mundo utilizan para mantener brillantes las piernas, los labios y los p\u00e1rpados; cejas en su lugar; y cut\u00edculas perfectamente cuidadas. Hay infinitas formas de utilizar esta crema cl\u00e1sica.<\/p>\n\n\n\n<p>Contiene Vitamina E (acetato de tocoferilo): act\u00faa como antioxidante para proteger la piel del da\u00f1o de los radicales libres.<\/p>\n\n\n\n<p>Es r\u00e1pidamente absorbido por la piel y tiene propiedades curativas.&nbsp;<\/p>\n\n\n    <a class='product' target='_blank' href='https:\/\/www.primor.eu\/es_es\/elizabeth-arden-8-hour-cream-skin-protectant-13699.html'>\r\n        <img loading='async' src='https:\/\/cdn2.primor.eu\/media\/catalog\/product\/cache\/8d3aba296f7a18b5251ee30fa5db42b2\/0\/T\/0TF00319_1_289d.jpg' alt='COMPRAR AHORA'>\r\n            <div class=\"claim\">\r\n                COMPRAR AHORA            <\/div>\r\n        <\/a>\r\n    \n\n<div class=\"kk-star-ratings kksr-auto kksr-align-center kksr-valign-bottom\"\n    data-payload='{&quot;align&quot;:&quot;center&quot;,&quot;id&quot;:&quot;42462&quot;,&quot;slug&quot;:&quot;default&quot;,&quot;valign&quot;:&quot;bottom&quot;,&quot;ignore&quot;:&quot;&quot;,&quot;reference&quot;:&quot;auto&quot;,&quot;class&quot;:&quot;&quot;,&quot;count&quot;:&quot;0&quot;,&quot;legendonly&quot;:&quot;&quot;,&quot;readonly&quot;:&quot;&quot;,&quot;score&quot;:&quot;0&quot;,&quot;starsonly&quot;:&quot;&quot;,&quot;best&quot;:&quot;5&quot;,&quot;gap&quot;:&quot;5&quot;,&quot;greet&quot;:&quot;Valora este art\u00edculo&quot;,&quot;legend&quot;:&quot;0\\\/5 - (0 votos)&quot;,&quot;size&quot;:&quot;24&quot;,&quot;title&quot;:&quot;Powder brows, todo lo que necesitas saber&quot;,&quot;width&quot;:&quot;0&quot;,&quot;_legend&quot;:&quot;{score}\\\/{best} - ({count} {votes})&quot;,&quot;font_factor&quot;:&quot;1.25&quot;}'>\n            \n<div class=\"kksr-stars\">\n    \n<div class=\"kksr-stars-inactive\">\n            <div class=\"kksr-star\" data-star=\"1\" style=\"padding-right: 5px\">\n            \n\n<div class=\"kksr-icon\" style=\"width: 24px; height: 24px;\"><\/div>\n        <\/div>\n            <div class=\"kksr-star\" data-star=\"2\" style=\"padding-right: 5px\">\n            \n\n<div class=\"kksr-icon\" style=\"width: 24px; height: 24px;\"><\/div>\n        <\/div>\n            <div class=\"kksr-star\" data-star=\"3\" style=\"padding-right: 5px\">\n            \n\n<div class=\"kksr-icon\" style=\"width: 24px; height: 24px;\"><\/div>\n        <\/div>\n            <div class=\"kksr-star\" data-star=\"4\" style=\"padding-right: 5px\">\n            \n\n<div class=\"kksr-icon\" style=\"width: 24px; height: 24px;\"><\/div>\n        <\/div>\n            <div class=\"kksr-star\" data-star=\"5\" style=\"padding-right: 5px\">\n            \n\n<div class=\"kksr-icon\" style=\"width: 24px; height: 24px;\"><\/div>\n        <\/div>\n    <\/div>\n    \n<div class=\"kksr-stars-active\" style=\"width: 0px;\">\n            <div class=\"kksr-star\" style=\"padding-right: 5px\">\n            \n\n<div class=\"kksr-icon\" style=\"width: 24px; height: 24px;\"><\/div>\n        <\/div>\n            <div class=\"kksr-star\" style=\"padding-right: 5px\">\n            \n\n<div class=\"kksr-icon\" style=\"width: 24px; height: 24px;\"><\/div>\n        <\/div>\n            <div class=\"kksr-star\" style=\"padding-right: 5px\">\n            \n\n<div class=\"kksr-icon\" style=\"width: 24px; height: 24px;\"><\/div>\n        <\/div>\n            <div class=\"kksr-star\" style=\"padding-right: 5px\">\n            \n\n<div class=\"kksr-icon\" style=\"width: 24px; height: 24px;\"><\/div>\n        <\/div>\n            <div class=\"kksr-star\" style=\"padding-right: 5px\">\n            \n\n<div class=\"kksr-icon\" style=\"width: 24px; height: 24px;\"><\/div>\n        <\/div>\n    <\/div>\n<\/div>\n                \n\n<div class=\"kksr-legend\" style=\"font-size: 19.2px;\">\n            <span class=\"kksr-muted\">Valora este art\u00edculo<\/span>\n    <\/div>\n    <\/div>\n","protected":false},"excerpt":{"rendered":"<p>Las cejas son una parte fundamental del rostro ya que son las encargadas de enmarcar la mirada. Tras unos a\u00f1os en los que las protagonistas eran unas cejas muy finas, poco a poco hemos ido recuperando el pelo en estas, aunque es todav\u00eda a muchas mujeres las que les falta pelo por crecer debido a [&hellip;]<\/p>\n","protected":false},"author":4,"featured_media":95546,"comment_status":"open","ping_status":"open","sticky":false,"template":"","format":"standard","meta":{"jnews-multi-image_gallery":[],"jnews_single_post":{"subtitle":"","format":"standard","video":"","gallery":"","source_name":"","source_url":"","via_name":"","via_url":"","override_template":"0","override":[{"template":"1","single_blog_custom":"","parallax":"1","fullscreen":"1","layout":"right-sidebar","sidebar":"home-2","second_sidebar":"default-sidebar","sticky_sidebar":"0","share_position":"float","share_float_style":"share-monocrhome","show_share_counter":"0","show_view_counter":"0","show_featured":"1","show_post_meta":"1","show_post_author":"0","show_post_author_image":"1","show_post_date":"1","post_date_format":"default","post_date_format_custom":"Y\/m\/d","show_post_category":"1","show_post_reading_time":"0","post_reading_time_wpm":"300","show_zoom_button":"0","zoom_button_out_step":"2","zoom_button_in_step":"3","show_post_tag":"0","show_prev_next_post":"0","show_popup_post":"0","number_popup_post":"2","show_author_box":"0","show_post_related":"0","show_inline_post_related":"1"}],"override_image_size":"0","image_override":[{"single_post_thumbnail_size":"no-crop","single_post_gallery_size":"crop-500"}],"trending_post":"0","trending_post_position":"meta","trending_post_label":"Trending","sponsored_post":"0","sponsored_post_label":"Sponsored by","sponsored_post_name":"","sponsored_post_url":"","sponsored_post_logo_enable":"0","sponsored_post_logo":"","sponsored_post_desc":"","disable_ad":"0"},"jnews_primary_category":{"id":"","hide":""},"jnews_social_meta":{"fb_title":"","fb_description":"","fb_image":"","twitter_title":"","twitter_description":"","twitter_image":""},"jnews_override_counter":{"override_view_counter":"0","view_counter_number":"0","override_share_counter":"0","share_counter_number":"0","override_like_counter":"0","like_counter_number":"0","override_dislike_counter":"0","dislike_counter_number":"0"},"footnotes":""},"categories":[41],"tags":[],"class_list":["post-42462","post","type-post","status-publish","format-standard","has-post-thumbnail","hentry","category-maquillaje"],"_links":{"self":[{"href":"https:\/\/www.primor.eu\/blog\/wp-json\/wp\/v2\/posts\/42462","targetHints":{"allow":["GET"]}}],"collection":[{"href":"https:\/\/www.primor.eu\/blog\/wp-json\/wp\/v2\/posts"}],"about":[{"href":"https:\/\/www.primor.eu\/blog\/wp-json\/wp\/v2\/types\/post"}],"author":[{"embeddable":true,"href":"https:\/\/www.primor.eu\/blog\/wp-json\/wp\/v2\/users\/4"}],"replies":[{"embeddable":true,"href":"https:\/\/www.primor.eu\/blog\/wp-json\/wp\/v2\/comments?post=42462"}],"version-history":[{"count":4,"href":"https:\/\/www.primor.eu\/blog\/wp-json\/wp\/v2\/posts\/42462\/revisions"}],"predecessor-version":[{"id":137898,"href":"https:\/\/www.primor.eu\/blog\/wp-json\/wp\/v2\/posts\/42462\/revisions\/137898"}],"wp:featuredmedia":[{"embeddable":true,"href":"https:\/\/www.primor.eu\/blog\/wp-json\/wp\/v2\/media\/95546"}],"wp:attachment":[{"href":"https:\/\/www.primor.eu\/blog\/wp-json\/wp\/v2\/media?parent=42462"}],"wp:term":[{"taxonomy":"category","embeddable":true,"href":"https:\/\/www.primor.eu\/blog\/wp-json\/wp\/v2\/categories?post=42462"},{"taxonomy":"post_tag","embeddable":true,"href":"https:\/\/www.primor.eu\/blog\/wp-json\/wp\/v2\/tags?post=42462"}],"curies":[{"name":"wp","href":"https:\/\/api.w.org\/{rel}","templated":true}]}}