{"id":42159,"date":"2025-10-03T09:18:17","date_gmt":"2025-10-03T09:18:17","guid":{"rendered":"https:\/\/blog.primor.eu\/?p=42159"},"modified":"2025-10-03T09:18:19","modified_gmt":"2025-10-03T09:18:19","slug":"menopausia-piel","status":"publish","type":"post","link":"https:\/\/www.primor.eu\/blog\/menopausia-piel\/","title":{"rendered":"Tengo la menopausia: qu\u00e9 le pasa a mi piel con la edad y las mejores cremas"},"content":{"rendered":"\n<p>Las mujeres con menopausia sufren<strong> cambios en el cuerpo, en la piel y en su figura<\/strong>. Estos cambios, fruto de <strong>alteraciones hormonales<\/strong>, se hacen especialmente visibles en el <a href=\"https:\/\/www.primor.eu\/blog\/cremas-pieles-sensibles\/\">rostro<\/a>. Por tanto, es una de las <strong>principales problem\u00e1ticas <\/strong>que m\u00e1s preocupan a las mujeres con menopausia, el c\u00f3mo esta afecta a su piel.<\/p>\n\n\n\n<h2 class=\"wp-block-heading\">\u00bfC\u00f3mo afecta la menopausia a la piel?<\/h2>\n\n\n\n<p>Durante la menopausia <strong>la piel pierde m\u00e1s firmeza<\/strong> y, adem\u00e1s de arrugas, la dermis experimenta otros signos t\u00edpicos de la edad como<strong> flacidez o descolgamiento<\/strong>, consecuencia de la p\u00e9rdida de la matriz extracelular. Esto provoca que el \u00f3valo facial se desdibuje, siendo m\u00e1s notoria la papada. Tambi\u00e9n es com\u00fan notar que el p\u00f3mulo se cae.&nbsp;<\/p>\n\n\n\n<h2 class=\"wp-block-heading\">Efectos de la menopausia en la piel<\/h2>\n\n\n\n<ul class=\"wp-block-list\">\n<li>Piel <strong>deshidratada. <\/strong>La piel pierde elasticidad por una disminuci\u00f3n paulatina en la producci\u00f3n de col\u00e1geno y estr\u00f3genos. Por tanto, se vuelve seca y de aspecto rugoso.<\/li>\n\n\n\n<li><strong>Arrugas m\u00e1s profundas y numerosas. <\/strong>Como consecuencia de la degradaci\u00f3n de las fibras de elastina y col\u00e1geno de la piel, las arrugas se vuelven m\u00e1s profundas, generando, a su vez,&nbsp; una mayor flacidez.<\/li>\n\n\n\n<li>Mayor <strong>fragilidad.<\/strong> La piel adelgaza y, al perder elasticidad, se lesiona m\u00e1s f\u00e1cilmente. Esto es especialmente preocupante en las pieles m\u00e1s sensibles, ya que deber\u00e1n tener m\u00e1s cuidado usando los productos antiedad adecuados.&nbsp;<\/li>\n<\/ul>\n\n\n\n<ul class=\"wp-block-list\">\n<li>Tono desigual. Al aumentar la transparencia de la piel y volverse m\u00e1s fr\u00e1gil, la piel<strong> tarda m\u00e1s en cicatrizar<\/strong>, pierde <strong>luminosidad<\/strong> y frescura y el tono deja de ser uniforme.<\/li>\n\n\n\n<li>Aparecen con mayor facilidad <strong>manchas oscuras<\/strong> pigmentadas que se acent\u00faan en las zonas expuestas al sol.<\/li>\n<\/ul>\n\n\n\n<h2 class=\"wp-block-heading\">\u00bfC\u00f3mo cuidar la piel a partir de la menopausia?<\/h2>\n\n\n\n<ul class=\"wp-block-list\">\n<li><strong><a href=\"https:\/\/www.primor.eu\/es_es\/hidratantes-y-nutritivas-lujo\">Hidrataci\u00f3n<\/a>. <\/strong>Utiliza cremas tanto para el rostro como para el cuerpo que hidraten y te ayuden a preservar la humedad de la piel. Escoge aquellas que hayan sido dise\u00f1adas para pieles maduras.&nbsp;<\/li>\n\n\n\n<li><strong>El <a href=\"https:\/\/www.primor.eu\/es_es\/proteccion-solar\">protector solar<\/a>. <\/strong>Es el mejor aliado antiedad a cualquier edad o periodo, pero cuando tienes la menopausia, el protector solar es important\u00edsimo para evitar la aparici\u00f3n de manchas en la piel y otros da\u00f1os que los agentes externos pudieran causar en ella.&nbsp;<\/li>\n\n\n\n<li><strong>Los malos h\u00e1bitos y los buenos h\u00e1bitos. <\/strong>Una vida saludable es la clave para una piel sana y sin arrugas. Haz deporte, come sano, descansa tus ocho horas y evita sustancias nocivas que pudieran acelerar el envejecimiento de la piel como el alcohol o el tabaco.&nbsp;<\/li>\n<\/ul>\n\n\n\n<h2 class=\"wp-block-heading\">Los mejores cosm\u00e9ticos para cuidar la piel durante la menopausia<\/h2>\n\n\n        <product-table class=\"pr-slider\">\r\n            <product-headers class=\"grid-table-rows\">\r\n                <div>Foto<\/div>\r\n                <div>Producto<\/div>\r\n                <div>Marca<\/div>\r\n                <div>Valoraciones<\/div>\r\n                <div>Precio<\/div>\r\n            <\/product-headers>\r\n\r\n            <product-list>\r\n                                    <a href=\"https:\/\/www.primor.eu\/es_es\/vichy-neovadiol-peri-menopausia-crema-dia-106650.html?#863=68451\" class=\"product-item grid-table-rows\" target=\"_blank\">\r\n                        <div>\r\n                            <img decoding=\"async\" class=\"product-img\" width=\"80px\" height=\"80px\" src=\"https:\/\/cdn2.primor.eu\/media\/catalog\/product\/cache\/8d3aba296f7a18b5251ee30fa5db42b2\/3\/3\/3337875774123_0b50.jpg\" alt=\"Neovadiol Peri-Menopausia Crema D\u00eda\">\r\n                        <\/div>\r\n\r\n                        <!-- Contenido de producto  -->\r\n                        <div>\r\n                            <div class=\"product-position\">\r\n                                #1 Top Ventas                            <\/div>\r\n\r\n                            <h2>\r\n                                Neovadiol Peri-Menopausia Crema D\u00eda                            <\/h2>\r\n                        <\/div>\r\n\r\n                        <!-- Imagen y\/o nombre de la marca -->\r\n                        <div>\r\n                                                            <img decoding=\"async\" width=\"70\" src=\"https:\/\/www.primor.eu\/media\/catalog\/category\/vichy.png\" alt=\"Vichy\">\r\n                                                    <\/div>\r\n\r\n                        <!-- Puntuaci\u00f3n del producto  -->\r\n                        <div class=\"rating\">\r\n                                                            <div class=\"rate\" style=\"--p:94;\"><\/div>\r\n                                <b>4.7\/5<\/b>\r\n                                <div class=\"rate-stars\">\r\n                                                                            <div\r\n                                            class=\"rate-star  \">\r\n                                        <\/div>\r\n                                                                            <div\r\n                                            class=\"rate-star  \">\r\n                                        <\/div>\r\n                                                                            <div\r\n                                            class=\"rate-star  \">\r\n                                        <\/div>\r\n                                                                            <div\r\n                                            class=\"rate-star  \">\r\n                                        <\/div>\r\n                                                                            <div\r\n                                            class=\"rate-star  \">\r\n                                        <\/div>\r\n                                                                    <\/div>\r\n                                                    <\/div>\r\n\r\n                        <!-- Bot\u00f3n de producto  -->\r\n                        <div>\r\n                            <span class=\"price-claim\">\r\n                                VER PRECIO                            <\/span>\r\n                        <\/div>\r\n                    <\/a>\r\n                                    <a href=\"https:\/\/www.primor.eu\/es_es\/martiderm-platinum-night-renew-serum-17336.html\" class=\"product-item grid-table-rows\" target=\"_blank\">\r\n                        <div>\r\n                            <img decoding=\"async\" class=\"product-img\" width=\"80px\" height=\"80px\" src=\"https:\/\/cdn2.primor.eu\/media\/catalog\/product\/cache\/8d3aba296f7a18b5251ee30fa5db42b2\/6\/X\/6XS14218_1_fd16.jpg\" alt=\"Platinum Night Renew Serum\">\r\n                        <\/div>\r\n\r\n                        <!-- Contenido de producto  -->\r\n                        <div>\r\n                            <div class=\"product-position\">\r\n                                #2                            <\/div>\r\n\r\n                            <h2>\r\n                                Platinum Night Renew Serum                            <\/h2>\r\n                        <\/div>\r\n\r\n                        <!-- Imagen y\/o nombre de la marca -->\r\n                        <div>\r\n                                                            <img decoding=\"async\" width=\"70\" src=\"https:\/\/www.primor.eu\/media\/catalog\/category\/marti-derm.png\" alt=\"\">\r\n                                                    <\/div>\r\n\r\n                        <!-- Puntuaci\u00f3n del producto  -->\r\n                        <div class=\"rating\">\r\n                                                            <p>No hay valoraciones disponibles<\/p>\r\n                                                    <\/div>\r\n\r\n                        <!-- Bot\u00f3n de producto  -->\r\n                        <div>\r\n                            <span class=\"price-claim\">\r\n                                VER PRECIO                            <\/span>\r\n                        <\/div>\r\n                    <\/a>\r\n                                    <a href=\"https:\/\/www.primor.eu\/es_es\/estee-lauder-revitalizing-supreme-crema-antiedad-hidratante-106333.html?#854=66334\" class=\"product-item grid-table-rows\" target=\"_blank\">\r\n                        <div>\r\n                            <img decoding=\"async\" class=\"product-img\" width=\"80px\" height=\"80px\" src=\"https:\/\/cdn2.primor.eu\/media\/catalog\/product\/cache\/8d3aba296f7a18b5251ee30fa5db42b2\/8\/8\/887167539549_1_a80c.jpg\" alt=\"Revitalizing Supreme + Crema Antiedad Hidratante\">\r\n                        <\/div>\r\n\r\n                        <!-- Contenido de producto  -->\r\n                        <div>\r\n                            <div class=\"product-position\">\r\n                                #3                            <\/div>\r\n\r\n                            <h2>\r\n                                Revitalizing Supreme + Crema Antiedad Hidratante                            <\/h2>\r\n                        <\/div>\r\n\r\n                        <!-- Imagen y\/o nombre de la marca -->\r\n                        <div>\r\n                                                            <img decoding=\"async\" width=\"70\" src=\"https:\/\/www.primor.eu\/media\/catalog\/category\/Estee_Lauder.png\" alt=\"Est\u00e9e Lauder\">\r\n                                                    <\/div>\r\n\r\n                        <!-- Puntuaci\u00f3n del producto  -->\r\n                        <div class=\"rating\">\r\n                                                            <div class=\"rate\" style=\"--p:98;\"><\/div>\r\n                                <b>4.9\/5<\/b>\r\n                                <div class=\"rate-stars\">\r\n                                                                            <div\r\n                                            class=\"rate-star  \">\r\n                                        <\/div>\r\n                                                                            <div\r\n                                            class=\"rate-star  \">\r\n                                        <\/div>\r\n                                                                            <div\r\n                                            class=\"rate-star  \">\r\n                                        <\/div>\r\n                                                                            <div\r\n                                            class=\"rate-star  \">\r\n                                        <\/div>\r\n                                                                            <div\r\n                                            class=\"rate-star  \">\r\n                                        <\/div>\r\n                                                                    <\/div>\r\n                                                    <\/div>\r\n\r\n                        <!-- Bot\u00f3n de producto  -->\r\n                        <div>\r\n                            <span class=\"price-claim\">\r\n                                VER PRECIO                            <\/span>\r\n                        <\/div>\r\n                    <\/a>\r\n                                    <a href=\"https:\/\/www.primor.eu\/es_es\/clinique-smart-clinical-repair-serum-corrector-de-arrugas-106305.html?#854=66330\" class=\"product-item grid-table-rows\" target=\"_blank\">\r\n                        <div>\r\n                            <img decoding=\"async\" class=\"product-img\" width=\"80px\" height=\"80px\" src=\"https:\/\/cdn2.primor.eu\/media\/catalog\/product\/cache\/8d3aba296f7a18b5251ee30fa5db42b2\/1\/9\/192333101681_1_c5ea.jpg\" alt=\"Smart Clinical Repair S\u00e9rum Corrector de Arrugas\">\r\n                        <\/div>\r\n\r\n                        <!-- Contenido de producto  -->\r\n                        <div>\r\n                            <div class=\"product-position\">\r\n                                #4                            <\/div>\r\n\r\n                            <h2>\r\n                                Smart Clinical Repair S\u00e9rum Corrector de Arrugas                            <\/h2>\r\n                        <\/div>\r\n\r\n                        <!-- Imagen y\/o nombre de la marca -->\r\n                        <div>\r\n                                                            <img decoding=\"async\" width=\"70\" src=\"https:\/\/www.primor.eu\/media\/catalog\/category\/clinique.png\" alt=\"Clinique\">\r\n                                                    <\/div>\r\n\r\n                        <!-- Puntuaci\u00f3n del producto  -->\r\n                        <div class=\"rating\">\r\n                                                            <div class=\"rate\" style=\"--p:96;\"><\/div>\r\n                                <b>4.8\/5<\/b>\r\n                                <div class=\"rate-stars\">\r\n                                                                            <div\r\n                                            class=\"rate-star  \">\r\n                                        <\/div>\r\n                                                                            <div\r\n                                            class=\"rate-star  \">\r\n                                        <\/div>\r\n                                                                            <div\r\n                                            class=\"rate-star  \">\r\n                                        <\/div>\r\n                                                                            <div\r\n                                            class=\"rate-star  \">\r\n                                        <\/div>\r\n                                                                            <div\r\n                                            class=\"rate-star  \">\r\n                                        <\/div>\r\n                                                                    <\/div>\r\n                                                    <\/div>\r\n\r\n                        <!-- Bot\u00f3n de producto  -->\r\n                        <div>\r\n                            <span class=\"price-claim\">\r\n                                VER PRECIO                            <\/span>\r\n                        <\/div>\r\n                    <\/a>\r\n                                    <a href=\"https:\/\/www.primor.eu\/es_es\/sensilis-eternalist-a-g-e-crema-de-dia-crema-antiglicacion-piel-madura-o-seca-15883.html\" class=\"product-item grid-table-rows\" target=\"_blank\">\r\n                        <div>\r\n                            <img decoding=\"async\" class=\"product-img\" width=\"80px\" height=\"80px\" src=\"https:\/\/cdn2.primor.eu\/media\/catalog\/product\/cache\/8d3aba296f7a18b5251ee30fa5db42b2\/S\/S\/SSS_ETERN_CREMA_DIA_50_ML___8428749849704___D3001D100__1__7c61.png\" alt=\"Eternalist A.G.E. [Crema de D\u00eda] Crema Antiglicaci\u00f3n Piel Madura o Seca\">\r\n                        <\/div>\r\n\r\n                        <!-- Contenido de producto  -->\r\n                        <div>\r\n                            <div class=\"product-position\">\r\n                                #5                            <\/div>\r\n\r\n                            <h2>\r\n                                Eternalist A.G.E. [Crema de D\u00eda] Crema Antiglicaci\u00f3n Piel Madura o Seca                            <\/h2>\r\n                        <\/div>\r\n\r\n                        <!-- Imagen y\/o nombre de la marca -->\r\n                        <div>\r\n                                                            <img decoding=\"async\" width=\"70\" src=\"https:\/\/www.primor.eu\/media\/catalog\/category\/LOGO_OK_SSL_Black.png\" alt=\"\">\r\n                                                    <\/div>\r\n\r\n                        <!-- Puntuaci\u00f3n del producto  -->\r\n                        <div class=\"rating\">\r\n                                                            <div class=\"rate\" style=\"--p:92;\"><\/div>\r\n                                <b>4.6\/5<\/b>\r\n                                <div class=\"rate-stars\">\r\n                                                                            <div\r\n                                            class=\"rate-star  \">\r\n                                        <\/div>\r\n                                                                            <div\r\n                                            class=\"rate-star  \">\r\n                                        <\/div>\r\n                                                                            <div\r\n                                            class=\"rate-star  \">\r\n                                        <\/div>\r\n                                                                            <div\r\n                                            class=\"rate-star  \">\r\n                                        <\/div>\r\n                                                                            <div\r\n                                            class=\"rate-star  \">\r\n                                        <\/div>\r\n                                                                    <\/div>\r\n                                                    <\/div>\r\n\r\n                        <!-- Bot\u00f3n de producto  -->\r\n                        <div>\r\n                            <span class=\"price-claim\">\r\n                                VER PRECIO                            <\/span>\r\n                        <\/div>\r\n                    <\/a>\r\n                            <\/product-list>\r\n        <\/product-table>\r\n\r\n        \n\n\n\n<h3 class=\"wp-block-heading has-text-align-left\">Neovadiol Peri-Menopausia Crema D\u00eda de Vichy<\/h3>\n\n\n\n<p>Es el cuidado diario que rejuvenece el aspecto de la piel de la mujer durante la peri-menopausia. Su uso continuado mejora la piel, transform\u00e1ndola, redensific\u00e1ndola, remodel\u00e1nda y aportando un toque extra de luminosidad. Su f\u00f3rmula con activos dermatol\u00f3gicamente testados incluyen una combinaci\u00f3n \u00fanica del Proxylane con el extracto de Cassia que proporcionan propiedades antiedad. Tambi\u00e9n incluye niacinamida y vitamina E con propiedades antioxidantes; el Agua Volc\u00e1nica Mineralizante de Vichy y \u00e1cido hialur\u00f3nico, con alta capacidad hidratante.<\/p>\n\n\n    <a class='product' target='_blank' href='https:\/\/www.primor.eu\/es_es\/vichy-neovadiol-peri-menopausia-crema-dia-106650.html?#863=68451'>\r\n        <img loading='async' src='https:\/\/cdn2.primor.eu\/media\/catalog\/product\/cache\/8d3aba296f7a18b5251ee30fa5db42b2\/3\/3\/3337875774123_0b50.jpg' alt='COMPRAR AHORA'>\r\n            <div class=\"claim\">\r\n                COMPRAR AHORA            <\/div>\r\n        <\/a>\r\n    \n\n\n\n<h3 class=\"wp-block-heading has-text-align-left\">Platinum Night Renew Serum de Martiderm<\/h3>\n\n\n\n<p>Es un s\u00e9rum regenerador de uso nocturno diario que estimula la renovaci\u00f3n celular y mejora la firmeza, elasticidad e hidrataci\u00f3n de la piel. Gracias a su acci\u00f3n soft-peeling, elimina las imperfecciones de la piel unificando su tonalidad. Es apta para todo tipo de pieles, trabaja mientras duermes y podr\u00e1s combinarla con cualquier crema o tratamiento antiedad para potenciar la penetraci\u00f3n y el efecto de todos los activos de su f\u00f3rmula.<\/p>\n\n\n    <a class='product' target='_blank' href='https:\/\/www.primor.eu\/es_es\/martiderm-platinum-night-renew-serum-17336.html'>\r\n        <img loading='async' src='https:\/\/cdn2.primor.eu\/media\/catalog\/product\/cache\/8d3aba296f7a18b5251ee30fa5db42b2\/6\/X\/6XS14218_1_fd16.jpg' alt='COMPRAR AHORA'>\r\n            <div class=\"claim\">\r\n                COMPRAR AHORA            <\/div>\r\n        <\/a>\r\n    \n\n\n\n<h3 class=\"wp-block-heading has-text-align-left\">Revitalizing Supreme + Crema Antiedad Hidratante de Est\u00e9e Lauder<\/h3>\n\n\n\n<p>La amar\u00e1s por su alta capacidad de aportar firmeza a la piel Ideal para revelar un aspecto m\u00e1s elevado en tres zonas clave del rostro, dejando el contorno facial m\u00e1s esculpido y definido. Con un 99% de Exclusivo Extracto de Flor de Hibisco y exclusivo Extracto de Moringa, har\u00e1 que tu piel revele su potencial de juventud.<\/p>\n\n\n    <a class='product' target='_blank' href='https:\/\/www.primor.eu\/es_es\/estee-lauder-revitalizing-supreme-crema-antiedad-hidratante-106333.html?#854=66334'>\r\n        <img loading='async' src='https:\/\/cdn2.primor.eu\/media\/catalog\/product\/cache\/8d3aba296f7a18b5251ee30fa5db42b2\/8\/8\/887167539549_1_a80c.jpg' alt='COMPRAR AHORA'>\r\n            <div class=\"claim\">\r\n                COMPRAR AHORA            <\/div>\r\n        <\/a>\r\n    \n\n\n\n<h3 class=\"wp-block-heading has-text-align-left\">Smart Clinical Serum&nbsp;de Clinique<\/h3>\n\n\n\n<p>Lo amar\u00e1s, porque su f\u00f3rmula con triple acci\u00f3n repara y potencia el col\u00e1geno natural de la piel gracias a su complejo exclusivo CL1870 Laser Focus Complex \u2122, tambi\u00e9n renueva, alisa y suaviza la piel con poderosos retinoides y rellena las arrugas desde el interior gracias a su alto contenido de \u00e1cido hialur\u00f3nico. El resultado es una piel visiblemente m\u00e1s rejuvenecida, suave y el\u00e1stica al tacto.<\/p>\n\n\n    <a class='product' target='_blank' href='https:\/\/www.primor.eu\/es_es\/clinique-smart-clinical-repair-serum-corrector-de-arrugas-106305.html?#854=66330'>\r\n        <img loading='async' src='https:\/\/cdn2.primor.eu\/media\/catalog\/product\/cache\/8d3aba296f7a18b5251ee30fa5db42b2\/1\/9\/192333101681_1_c5ea.jpg' alt='COMPRAR AHORA'>\r\n            <div class=\"claim\">\r\n                COMPRAR AHORA            <\/div>\r\n        <\/a>\r\n    \n\n\n\n<h3 class=\"wp-block-heading has-text-align-left\">Eternalist A.G.E. [Crema de D\u00eda] Crema Antiglicaci\u00f3n Piel Madura o Seca de Sensilis<\/h3>\n\n\n\n<p>Eternalist A.G.E. Crema de D\u00eda es una crema de f\u00e1cil extensibilidad que redensifica, retexturiza e ilumina, ofreciendo una acci\u00f3n antiglicaci\u00f3n para un tratamiento proaging eficaz en pieles maduras o secas. Formulada y testada con Extracto de Lupinus Albus, que redensifica, Extracto de Malinkara para su poder antiglicaci\u00f3n, y Pentavitin y \u00c1cido Hialur\u00f3nico para aumentar la hidrataci\u00f3n.<\/p>\n\n\n    <a class='product' target='_blank' href='https:\/\/www.primor.eu\/es_es\/sensilis-eternalist-a-g-e-crema-de-dia-crema-antiglicacion-piel-madura-o-seca-15883.html'>\r\n        <img loading='async' src='https:\/\/cdn2.primor.eu\/media\/catalog\/product\/cache\/8d3aba296f7a18b5251ee30fa5db42b2\/S\/S\/SSS_ETERN_CREMA_DIA_50_ML___8428749849704___D3001D100__1__7c61.png' alt='COMPRAR AHORA'>\r\n            <div class=\"claim\">\r\n                COMPRAR AHORA            <\/div>\r\n        <\/a>\r\n    \n\n\n\n<h3 class=\"wp-block-heading\">Serum Regenerador de Doctor Hauschka<\/h3>\n\n\n\n<p>Serum hidratante libre de grasa, para el tratamiento de d\u00eda y noche. Adecuado para pieles exigentes, maduras con arrugas por sequedad, tambi\u00e9n para pieles sensibles, irritadas y secas. El Serum Regenerador Dr. Hauschka aporta una hidrataci\u00f3n profunda a la piel seca y madura, y deja una sensaci\u00f3n fresca y reafirmada. Reduce notablemente las arrugas de sequedad y lineas de expresi\u00f3n, Regula la hidrataci\u00f3n de la piel, suaviza y alisa el cuadro cutaneo notablemente, calma las pieles sensibles e irritadas y refuerza las funciones cut\u00e1neas de auto-regeneraci\u00f3n.<\/p>\n\n\n    <a class='product' target='_blank' href='https:\/\/www.primor.eu\/es_es\/doctor-hauschka-serum-regenerador-14118.html'>\r\n        <img loading='async' src='https:\/\/cdn2.primor.eu\/media\/catalog\/product\/cache\/8d3aba296f7a18b5251ee30fa5db42b2\/4\/0\/4020829007413_1_cb76.jpg' alt='COMPRAR AHORA'>\r\n            <div class=\"claim\">\r\n                COMPRAR AHORA            <\/div>\r\n        <\/a>\r\n    \n\n\n<div class=\"kk-star-ratings kksr-auto kksr-align-center kksr-valign-bottom\"\n    data-payload='{&quot;align&quot;:&quot;center&quot;,&quot;id&quot;:&quot;42159&quot;,&quot;slug&quot;:&quot;default&quot;,&quot;valign&quot;:&quot;bottom&quot;,&quot;ignore&quot;:&quot;&quot;,&quot;reference&quot;:&quot;auto&quot;,&quot;class&quot;:&quot;&quot;,&quot;count&quot;:&quot;1&quot;,&quot;legendonly&quot;:&quot;&quot;,&quot;readonly&quot;:&quot;&quot;,&quot;score&quot;:&quot;5&quot;,&quot;starsonly&quot;:&quot;&quot;,&quot;best&quot;:&quot;5&quot;,&quot;gap&quot;:&quot;5&quot;,&quot;greet&quot;:&quot;Valora este art\u00edculo&quot;,&quot;legend&quot;:&quot;5\\\/5 - (1 voto)&quot;,&quot;size&quot;:&quot;24&quot;,&quot;title&quot;:&quot;Tengo la menopausia: qu\u00e9 le pasa a mi piel con la edad y las mejores cremas&quot;,&quot;width&quot;:&quot;142.5&quot;,&quot;_legend&quot;:&quot;{score}\\\/{best} - ({count} {votes})&quot;,&quot;font_factor&quot;:&quot;1.25&quot;}'>\n            \n<div class=\"kksr-stars\">\n    \n<div class=\"kksr-stars-inactive\">\n            <div class=\"kksr-star\" data-star=\"1\" style=\"padding-right: 5px\">\n            \n\n<div class=\"kksr-icon\" style=\"width: 24px; height: 24px;\"><\/div>\n        <\/div>\n            <div class=\"kksr-star\" data-star=\"2\" style=\"padding-right: 5px\">\n            \n\n<div class=\"kksr-icon\" style=\"width: 24px; height: 24px;\"><\/div>\n        <\/div>\n            <div class=\"kksr-star\" data-star=\"3\" style=\"padding-right: 5px\">\n            \n\n<div class=\"kksr-icon\" style=\"width: 24px; height: 24px;\"><\/div>\n        <\/div>\n            <div class=\"kksr-star\" data-star=\"4\" style=\"padding-right: 5px\">\n            \n\n<div class=\"kksr-icon\" style=\"width: 24px; height: 24px;\"><\/div>\n        <\/div>\n            <div class=\"kksr-star\" data-star=\"5\" style=\"padding-right: 5px\">\n            \n\n<div class=\"kksr-icon\" style=\"width: 24px; height: 24px;\"><\/div>\n        <\/div>\n    <\/div>\n    \n<div class=\"kksr-stars-active\" style=\"width: 142.5px;\">\n            <div class=\"kksr-star\" style=\"padding-right: 5px\">\n            \n\n<div class=\"kksr-icon\" style=\"width: 24px; height: 24px;\"><\/div>\n        <\/div>\n            <div class=\"kksr-star\" style=\"padding-right: 5px\">\n            \n\n<div class=\"kksr-icon\" style=\"width: 24px; height: 24px;\"><\/div>\n        <\/div>\n            <div class=\"kksr-star\" style=\"padding-right: 5px\">\n            \n\n<div class=\"kksr-icon\" style=\"width: 24px; height: 24px;\"><\/div>\n        <\/div>\n            <div class=\"kksr-star\" style=\"padding-right: 5px\">\n            \n\n<div class=\"kksr-icon\" style=\"width: 24px; height: 24px;\"><\/div>\n        <\/div>\n            <div class=\"kksr-star\" style=\"padding-right: 5px\">\n            \n\n<div class=\"kksr-icon\" style=\"width: 24px; height: 24px;\"><\/div>\n        <\/div>\n    <\/div>\n<\/div>\n                \n\n<div class=\"kksr-legend\" style=\"font-size: 19.2px;\">\n            5\/5 - (1 voto)    <\/div>\n    <\/div>\n","protected":false},"excerpt":{"rendered":"<p>Las mujeres con menopausia sufren cambios en el cuerpo, en la piel y en su figura. Estos cambios, fruto de alteraciones hormonales, se hacen especialmente visibles en el rostro. Por tanto, es una de las principales problem\u00e1ticas que m\u00e1s preocupan a las mujeres con menopausia, el c\u00f3mo esta afecta a su piel. \u00bfC\u00f3mo afecta la [&hellip;]<\/p>\n","protected":false},"author":14,"featured_media":109938,"comment_status":"open","ping_status":"open","sticky":false,"template":"","format":"standard","meta":{"jnews-multi-image_gallery":[],"jnews_single_post":{"subtitle":"","format":"standard","video":"","gallery":"","source_name":"","source_url":"","via_name":"","via_url":"","override_template":"0","override":[{"template":"1","single_blog_custom":"","parallax":"1","fullscreen":"1","layout":"right-sidebar","sidebar":"home-2","second_sidebar":"default-sidebar","sticky_sidebar":"0","share_position":"float","share_float_style":"share-monocrhome","show_share_counter":"0","show_view_counter":"0","show_featured":"1","show_post_meta":"1","show_post_author":"0","show_post_author_image":"1","show_post_date":"1","post_date_format":"default","post_date_format_custom":"Y\/m\/d","show_post_category":"1","show_post_reading_time":"0","post_reading_time_wpm":"300","show_zoom_button":"0","zoom_button_out_step":"2","zoom_button_in_step":"3","show_post_tag":"0","show_prev_next_post":"0","show_popup_post":"0","number_popup_post":"2","show_author_box":"0","show_post_related":"0","show_inline_post_related":"1"}],"override_image_size":"0","image_override":[{"single_post_thumbnail_size":"no-crop","single_post_gallery_size":"crop-500"}],"trending_post":"0","trending_post_position":"meta","trending_post_label":"Trending","sponsored_post":"0","sponsored_post_label":"Sponsored by","sponsored_post_name":"","sponsored_post_url":"","sponsored_post_logo_enable":"0","sponsored_post_logo":"","sponsored_post_desc":"","disable_ad":"0"},"jnews_primary_category":{"id":"","hide":""},"jnews_social_meta":{"fb_title":"","fb_description":"","fb_image":"","twitter_title":"","twitter_description":"","twitter_image":""},"jnews_override_counter":{"override_view_counter":"0","view_counter_number":"0","override_share_counter":"0","share_counter_number":"0","override_like_counter":"0","like_counter_number":"0","override_dislike_counter":"0","dislike_counter_number":"0"},"footnotes":""},"categories":[29,38,6320],"tags":[],"class_list":["post-42159","post","type-post","status-publish","format-standard","has-post-thumbnail","hentry","category-cosmetica","category-cremas-antiedad","category-silver"],"_links":{"self":[{"href":"https:\/\/www.primor.eu\/blog\/wp-json\/wp\/v2\/posts\/42159","targetHints":{"allow":["GET"]}}],"collection":[{"href":"https:\/\/www.primor.eu\/blog\/wp-json\/wp\/v2\/posts"}],"about":[{"href":"https:\/\/www.primor.eu\/blog\/wp-json\/wp\/v2\/types\/post"}],"author":[{"embeddable":true,"href":"https:\/\/www.primor.eu\/blog\/wp-json\/wp\/v2\/users\/14"}],"replies":[{"embeddable":true,"href":"https:\/\/www.primor.eu\/blog\/wp-json\/wp\/v2\/comments?post=42159"}],"version-history":[{"count":22,"href":"https:\/\/www.primor.eu\/blog\/wp-json\/wp\/v2\/posts\/42159\/revisions"}],"predecessor-version":[{"id":132927,"href":"https:\/\/www.primor.eu\/blog\/wp-json\/wp\/v2\/posts\/42159\/revisions\/132927"}],"wp:featuredmedia":[{"embeddable":true,"href":"https:\/\/www.primor.eu\/blog\/wp-json\/wp\/v2\/media\/109938"}],"wp:attachment":[{"href":"https:\/\/www.primor.eu\/blog\/wp-json\/wp\/v2\/media?parent=42159"}],"wp:term":[{"taxonomy":"category","embeddable":true,"href":"https:\/\/www.primor.eu\/blog\/wp-json\/wp\/v2\/categories?post=42159"},{"taxonomy":"post_tag","embeddable":true,"href":"https:\/\/www.primor.eu\/blog\/wp-json\/wp\/v2\/tags?post=42159"}],"curies":[{"name":"wp","href":"https:\/\/api.w.org\/{rel}","templated":true}]}}