{"id":41865,"date":"2025-05-30T13:50:04","date_gmt":"2025-05-30T13:50:04","guid":{"rendered":"https:\/\/blog.primor.eu\/?p=41865"},"modified":"2026-01-29T08:53:10","modified_gmt":"2026-01-29T08:53:10","slug":"mejores-contornos-ojos-piel-sensible","status":"publish","type":"post","link":"https:\/\/www.primor.eu\/blog\/mejores-contornos-ojos-piel-sensible\/","title":{"rendered":"Los 10 mejores contornos de ojos para piel sensible de 2026"},"content":{"rendered":"\n<p>La zona que rodea tu mirada es hasta cinco veces m\u00e1s fina que la del resto del rostro, lo que quiere decir que debes cuidarla como se merece. Y si tienes la <a href=\"https:\/\/www.primor.eu\/blog\/piel-sensibles\/\">piel sensible<\/a>, necesitas uno espec\u00edfico para tu tipo de piel. En este art\u00edculo te presentamos los mejores <strong>contornos de ojos para piel sensible.<\/strong><\/p>\n\n\n\n<p>Como ya sabemos, la piel sensible necesita cuidados espec\u00edficos que se adecuen a sus necesidades. Este tipo de piel se tiende a enrojecer con facilidad. Aparecen picores, enrojecimiento, molestias y tirantez, y aunque los motivos son diversos, una de las mejores opciones es apostar por <a href=\"https:\/\/www.primor.eu\/blog\/cremas-hidratantes-con-protector-solar\/\">ingredientes altamente hidratantes<\/a> que refuercen la barrera cut\u00e1nea de la piel y la fortalezcan frente a agresiones externas que pudieran debilitar su aspecto. Algunos de los m\u00e1s famosos son el<a href=\"https:\/\/www.primor.eu\/blog\/contorno-de-ojos-con-acido-hialuronico\/\"> \u00e1cido hialur\u00f3nico<\/a> y las <a href=\"https:\/\/www.primor.eu\/blog\/hidratante-con-ceramidas\/\" data-type=\"link\" data-id=\"https:\/\/www.primor.eu\/blog\/hidratante-con-ceramidas\/\">ceramidas <\/a>por sus propiedades y capacidad de hidrataci\u00f3n, la <a href=\"https:\/\/www.primor.eu\/blog\/cica\/\">cica o centella asi\u00e1tica<\/a> por su poder reconstituyente, as\u00ed como el bakuchiol por su capacidad regeneradora.&nbsp;<\/p>\n\n\n\n<h2 class=\"wp-block-heading\">Los mejores contornos de ojos para piel sensible<\/h2>\n\n\n        <product-table class=\"pr-slider\">\r\n            <product-headers class=\"grid-table-rows\">\r\n                <div>Foto<\/div>\r\n                <div>Producto<\/div>\r\n                <div>Marca<\/div>\r\n                <div>Valoraciones<\/div>\r\n                <div>Precio<\/div>\r\n            <\/product-headers>\r\n\r\n            <product-list>\r\n                                    <a href=\"https:\/\/www.primor.eu\/es_es\/cerave-crema-reparadora-contorno-de-ojos-15828.html\" class=\"product-item grid-table-rows\" target=\"_blank\">\r\n                        <div>\r\n                            <img decoding=\"async\" class=\"product-img\" width=\"80px\" height=\"80px\" src=\"https:\/\/www.primor.eu\/blog\/wp-content\/uploads\/2024\/09\/3337875597272_ae79.jpg\" alt=\"CeraVe Crema Reparadora Contorno de Ojos\">\r\n                        <\/div>\r\n\r\n                        <!-- Contenido de producto  -->\r\n                        <div>\r\n                            <div class=\"product-position\">\r\n                                #1 Top Ventas                            <\/div>\r\n\r\n                            <h2>\r\n                                CeraVe Crema Reparadora Contorno de Ojos                            <\/h2>\r\n                        <\/div>\r\n\r\n                        <!-- Imagen y\/o nombre de la marca -->\r\n                        <div>\r\n                                                            <img decoding=\"async\" width=\"70\" src=\"https:\/\/www.primor.eu\/blog\/wp-content\/uploads\/2023\/09\/Cerave.jpg\" alt=\"85264\">\r\n                                                    <\/div>\r\n\r\n                        <!-- Puntuaci\u00f3n del producto  -->\r\n                        <div class=\"rating\">\r\n                                                            <div class=\"rate\" style=\"--p:92;\"><\/div>\r\n                                <b>4.6\/5<\/b>\r\n                                <div class=\"rate-stars\">\r\n                                                                            <div\r\n                                            class=\"rate-star  \">\r\n                                        <\/div>\r\n                                                                            <div\r\n                                            class=\"rate-star  \">\r\n                                        <\/div>\r\n                                                                            <div\r\n                                            class=\"rate-star  \">\r\n                                        <\/div>\r\n                                                                            <div\r\n                                            class=\"rate-star  \">\r\n                                        <\/div>\r\n                                                                            <div\r\n                                            class=\"rate-star  \">\r\n                                        <\/div>\r\n                                                                    <\/div>\r\n                                                    <\/div>\r\n\r\n                        <!-- Bot\u00f3n de producto  -->\r\n                        <div>\r\n                            <span class=\"price-claim\">\r\n                                VER PRECIO                            <\/span>\r\n                        <\/div>\r\n                    <\/a>\r\n                                    <a href=\"https:\/\/www.primor.eu\/es_es\/vichy-liftactiv-supreme-anti-arrugas-piel-normal-mixta-14380.html\" class=\"product-item grid-table-rows\" target=\"_blank\">\r\n                        <div>\r\n                            <img decoding=\"async\" class=\"product-img\" width=\"80px\" height=\"80px\" src=\"https:\/\/www.primor.eu\/blog\/wp-content\/uploads\/2024\/01\/6XS06047_1_4fa2.jpg\" alt=\"Vichy Liftactiv Supreme Anti Arrugas Piel Normal Mixta\">\r\n                        <\/div>\r\n\r\n                        <!-- Contenido de producto  -->\r\n                        <div>\r\n                            <div class=\"product-position\">\r\n                                #2                            <\/div>\r\n\r\n                            <h2>\r\n                                Vichy Liftactiv Supreme Anti Arrugas Piel Normal Mixta                            <\/h2>\r\n                        <\/div>\r\n\r\n                        <!-- Imagen y\/o nombre de la marca -->\r\n                        <div>\r\n                                                            <img decoding=\"async\" width=\"70\" src=\"https:\/\/www.primor.eu\/blog\/wp-content\/uploads\/2023\/08\/vichy.png\" alt=\"84283\">\r\n                                                    <\/div>\r\n\r\n                        <!-- Puntuaci\u00f3n del producto  -->\r\n                        <div class=\"rating\">\r\n                                                            <div class=\"rate\" style=\"--p:90;\"><\/div>\r\n                                <b>4.5\/5<\/b>\r\n                                <div class=\"rate-stars\">\r\n                                                                            <div\r\n                                            class=\"rate-star  \">\r\n                                        <\/div>\r\n                                                                            <div\r\n                                            class=\"rate-star  \">\r\n                                        <\/div>\r\n                                                                            <div\r\n                                            class=\"rate-star  \">\r\n                                        <\/div>\r\n                                                                            <div\r\n                                            class=\"rate-star  \">\r\n                                        <\/div>\r\n                                                                            <div\r\n                                            class=\"rate-star  middle\">\r\n                                        <\/div>\r\n                                                                    <\/div>\r\n                                                    <\/div>\r\n\r\n                        <!-- Bot\u00f3n de producto  -->\r\n                        <div>\r\n                            <span class=\"price-claim\">\r\n                                VER PRECIO                            <\/span>\r\n                        <\/div>\r\n                    <\/a>\r\n                                    <a href=\"https:\/\/www.primor.eu\/es_es\/collistar-contorno-de-ojos-acido-hialuronico-14690.html\" class=\"product-item grid-table-rows\" target=\"_blank\">\r\n                        <div>\r\n                            <img decoding=\"async\" class=\"product-img\" width=\"80px\" height=\"80px\" src=\"https:\/\/www.primor.eu\/blog\/wp-content\/uploads\/2023\/10\/0TF12718_1_33eb.jpg\" alt=\"Collistar Contorno de Ojos \u00c1cido Hialur\u00f3nico\">\r\n                        <\/div>\r\n\r\n                        <!-- Contenido de producto  -->\r\n                        <div>\r\n                            <div class=\"product-position\">\r\n                                #3                            <\/div>\r\n\r\n                            <h2>\r\n                                Collistar Contorno de Ojos \u00c1cido Hialur\u00f3nico                            <\/h2>\r\n                        <\/div>\r\n\r\n                        <!-- Imagen y\/o nombre de la marca -->\r\n                        <div>\r\n                                                            <img decoding=\"async\" width=\"70\" src=\"https:\/\/www.primor.eu\/blog\/wp-content\/uploads\/2023\/08\/collistar.png\" alt=\"84807\">\r\n                                                    <\/div>\r\n\r\n                        <!-- Puntuaci\u00f3n del producto  -->\r\n                        <div class=\"rating\">\r\n                                                            <div class=\"rate\" style=\"--p:92;\"><\/div>\r\n                                <b>4.6\/5<\/b>\r\n                                <div class=\"rate-stars\">\r\n                                                                            <div\r\n                                            class=\"rate-star  \">\r\n                                        <\/div>\r\n                                                                            <div\r\n                                            class=\"rate-star  \">\r\n                                        <\/div>\r\n                                                                            <div\r\n                                            class=\"rate-star  \">\r\n                                        <\/div>\r\n                                                                            <div\r\n                                            class=\"rate-star  \">\r\n                                        <\/div>\r\n                                                                            <div\r\n                                            class=\"rate-star  \">\r\n                                        <\/div>\r\n                                                                    <\/div>\r\n                                                    <\/div>\r\n\r\n                        <!-- Bot\u00f3n de producto  -->\r\n                        <div>\r\n                            <span class=\"price-claim\">\r\n                                VER PRECIO                            <\/span>\r\n                        <\/div>\r\n                    <\/a>\r\n                                    <a href=\"https:\/\/www.primor.eu\/es_es\/avene-dermabsolu-contorno-de-ojos-rejuvenecedor-15558.html\" class=\"product-item grid-table-rows\" target=\"_blank\">\r\n                        <div>\r\n                            <img decoding=\"async\" class=\"product-img\" width=\"80px\" height=\"80px\" src=\"https:\/\/www.primor.eu\/blog\/wp-content\/uploads\/2024\/09\/6XS10614_1_e02f.jpg\" alt=\"Avene Dermabsolu Contorno de Ojos Rejuvenecedor\">\r\n                        <\/div>\r\n\r\n                        <!-- Contenido de producto  -->\r\n                        <div>\r\n                            <div class=\"product-position\">\r\n                                #4                            <\/div>\r\n\r\n                            <h2>\r\n                                Avene Dermabsolu Contorno de Ojos Rejuvenecedor                            <\/h2>\r\n                        <\/div>\r\n\r\n                        <!-- Imagen y\/o nombre de la marca -->\r\n                        <div>\r\n                                                            <img decoding=\"async\" width=\"70\" src=\"https:\/\/www.primor.eu\/blog\/wp-content\/uploads\/2023\/08\/Avene.png\" alt=\"84285\">\r\n                                                    <\/div>\r\n\r\n                        <!-- Puntuaci\u00f3n del producto  -->\r\n                        <div class=\"rating\">\r\n                                                            <div class=\"rate\" style=\"--p:98;\"><\/div>\r\n                                <b>4.9\/5<\/b>\r\n                                <div class=\"rate-stars\">\r\n                                                                            <div\r\n                                            class=\"rate-star  \">\r\n                                        <\/div>\r\n                                                                            <div\r\n                                            class=\"rate-star  \">\r\n                                        <\/div>\r\n                                                                            <div\r\n                                            class=\"rate-star  \">\r\n                                        <\/div>\r\n                                                                            <div\r\n                                            class=\"rate-star  \">\r\n                                        <\/div>\r\n                                                                            <div\r\n                                            class=\"rate-star  \">\r\n                                        <\/div>\r\n                                                                    <\/div>\r\n                                                    <\/div>\r\n\r\n                        <!-- Bot\u00f3n de producto  -->\r\n                        <div>\r\n                            <span class=\"price-claim\">\r\n                                VER PRECIO                            <\/span>\r\n                        <\/div>\r\n                    <\/a>\r\n                                    <a href=\"https:\/\/www.primor.eu\/es_es\/vichy-mineral-89-contorno-de-ojos-15649.html\" class=\"product-item grid-table-rows\" target=\"_blank\">\r\n                        <div>\r\n                            <img decoding=\"async\" class=\"product-img\" width=\"80px\" height=\"80px\" src=\"https:\/\/www.primor.eu\/blog\/wp-content\/uploads\/2024\/09\/3337875596763_004e.jpg\" alt=\"Vichy Mineral 89 Contorno de Ojos\">\r\n                        <\/div>\r\n\r\n                        <!-- Contenido de producto  -->\r\n                        <div>\r\n                            <div class=\"product-position\">\r\n                                #5                            <\/div>\r\n\r\n                            <h2>\r\n                                Vichy Mineral 89 Contorno de Ojos                            <\/h2>\r\n                        <\/div>\r\n\r\n                        <!-- Imagen y\/o nombre de la marca -->\r\n                        <div>\r\n                                                            <img decoding=\"async\" width=\"70\" src=\"https:\/\/www.primor.eu\/blog\/wp-content\/uploads\/2023\/08\/vichy.png\" alt=\"84283\">\r\n                                                    <\/div>\r\n\r\n                        <!-- Puntuaci\u00f3n del producto  -->\r\n                        <div class=\"rating\">\r\n                                                            <div class=\"rate\" style=\"--p:94;\"><\/div>\r\n                                <b>4.7\/5<\/b>\r\n                                <div class=\"rate-stars\">\r\n                                                                            <div\r\n                                            class=\"rate-star  \">\r\n                                        <\/div>\r\n                                                                            <div\r\n                                            class=\"rate-star  \">\r\n                                        <\/div>\r\n                                                                            <div\r\n                                            class=\"rate-star  \">\r\n                                        <\/div>\r\n                                                                            <div\r\n                                            class=\"rate-star  \">\r\n                                        <\/div>\r\n                                                                            <div\r\n                                            class=\"rate-star  \">\r\n                                        <\/div>\r\n                                                                    <\/div>\r\n                                                    <\/div>\r\n\r\n                        <!-- Bot\u00f3n de producto  -->\r\n                        <div>\r\n                            <span class=\"price-claim\">\r\n                                VER PRECIO                            <\/span>\r\n                        <\/div>\r\n                    <\/a>\r\n                            <\/product-list>\r\n        <\/product-table>\r\n\r\n        \n\n\n\n<h3 class=\"wp-block-heading\">Crema para ojos de Cerave<\/h3>\n\n\n\n<p>Reduce la apariencia de bolsas y arrugas para lograr una piel m\u00e1s luminosa y de aspecto m\u00e1s suave. Est\u00e1 testada al 100% por oftalm\u00f3logos, lo que garantiza su uso cerca de los ojos sin miedo a que se den alergias cut\u00e1neas. Adem\u00e1s, su f\u00f3rmula no contiene perfumes, no es nada grasa ni aceitosa y puede usarse en cualquier tipo de piel, tambi\u00e9n en las m\u00e1s sensibles.<\/p>\n\n\n    <a class='product' target='_blank' href='https:\/\/www.primor.eu\/es_es\/cerave-crema-reparadora-contorno-de-ojos-15828.html'>\r\n        <img loading='async' src='https:\/\/cdn2.primor.eu\/media\/catalog\/product\/cache\/8d3aba296f7a18b5251ee30fa5db42b2\/3\/3\/3337875597272_ae79.jpg' alt='COMPRAR AHORA'>\r\n            <div class=\"claim\">\r\n                COMPRAR AHORA            <\/div>\r\n        <\/a>\r\n    \n\n\n\n<h3 class=\"wp-block-heading\">LiftActiv de Vichy<\/h3>\n\n\n\n<p>Vichy Liftactiv Contorno de Ojos realiza un efecto lifting en la mirada, corrigiendo todos los signos de la edad: arrugas, p\u00e1rpados, bolsas y ojeras. V\u00e1lido incluso para pieles sensibles.<\/p>\n\n\n    <a class='product' target='_blank' href='https:\/\/www.primor.eu\/es_es\/vichy-liftactiv-supreme-anti-arrugas-piel-normal-mixta-14380.html'>\r\n        <img loading='async' src='https:\/\/cdn2.primor.eu\/media\/catalog\/product\/cache\/8d3aba296f7a18b5251ee30fa5db42b2\/3\/3\/3337871328795_1_b445.jpg' alt='COMPRAR AHORA'>\r\n            <div class=\"claim\">\r\n                COMPRAR AHORA            <\/div>\r\n        <\/a>\r\n    \n\n\n\n<h3 class=\"wp-block-heading\">Attivi Puri Contorno de Ojos \u00c1cido Hialur\u00f3nico + P\u00e9ptidos de Collistar&nbsp;<\/h3>\n\n\n\n<p>Trata bolsas, ojeras, arrugas y p\u00e1rpados ca\u00eddos gracias a su formulaci\u00f3n rica en \u00e1cido hialur\u00f3nico, que combate el envejecimiento cut\u00e1neo y la formaci\u00f3n de arrugas, manteniendo la piel compacta, el\u00e1stica y lisa. Se trata de un producto oftalmol\u00f3gicamente probado que respeta el pH lagrimal y es apto para ojos delicados.<\/p>\n\n\n    <a class='product' target='_blank' href='https:\/\/www.primor.eu\/es_es\/collistar-contorno-de-ojos-acido-hialuronico-14690.html'>\r\n        <img loading='async' src='https:\/\/cdn2.primor.eu\/media\/catalog\/product\/cache\/8d3aba296f7a18b5251ee30fa5db42b2\/0\/T\/0TF12718_1_33eb.jpg' alt='COMPRAR AHORA'>\r\n            <div class=\"claim\">\r\n                COMPRAR AHORA            <\/div>\r\n        <\/a>\r\n    \n\n\n\n<h3 class=\"wp-block-heading\">Dermabsolu Rejuvenecedor de Av\u00e8ne<\/h3>\n\n\n\n<p>DermAbsolu de Av\u00e8ne redensifica, redefine y revitaliza la piel, gracias a sus componentes esenciales: polifenoles de vainilla, Sytenol y Glycoleol. La asociaci\u00f3n de estas sustancias estimula la s\u00edntesis de \u00e1cido hialur\u00f3nico y col\u00e1geno, fundamentales para la elasticidad y firmeza de los tejidos, y aporta nutrici\u00f3n y confort a la piel.<\/p>\n\n\n    <a class='product' target='_blank' href='https:\/\/www.primor.eu\/es_es\/avene-dermabsolu-contorno-de-ojos-rejuvenecedor-15558.html'>\r\n        <img loading='async' src='https:\/\/cdn2.primor.eu\/media\/catalog\/product\/cache\/8d3aba296f7a18b5251ee30fa5db42b2\/6\/X\/6XS10614_1_e02f.jpg' alt='COMPRAR AHORA'>\r\n            <div class=\"claim\">\r\n                COMPRAR AHORA            <\/div>\r\n        <\/a>\r\n    \n\n\n\n<h3 class=\"wp-block-heading\">Mineral 89 Contorno de Ojos de Vichy&nbsp;<\/h3>\n\n\n\n<p>Hidrata tu piel, suaviza las l\u00edneas de expresi\u00f3n, reduce las ojeras y fortifica el contorno gracias a su mezcla de agua mineralizante, \u00e1cido hialur\u00f3nico y cafe\u00edna pura. \u00bfEl resultado? Una piel rejuvenecida e hidratada y una mirada llena de luz.<\/p>\n\n\n    <a class='product' target='_blank' href='https:\/\/www.primor.eu\/es_es\/vichy-mineral-89-contorno-de-ojos-15649.html'>\r\n        <img loading='async' src='https:\/\/cdn2.primor.eu\/media\/catalog\/product\/cache\/8d3aba296f7a18b5251ee30fa5db42b2\/3\/3\/3337875596763_004e.jpg' alt='COMPRAR AHORA'>\r\n            <div class=\"claim\">\r\n                COMPRAR AHORA            <\/div>\r\n        <\/a>\r\n    \n\n\n\n<h3 class=\"wp-block-heading\">Hyaluron Filler Contorno de Ojos de Eucerin<\/h3>\n\n\n\n<p>La f\u00f3rmula de Eucerin est\u00e1 dise\u00f1ada especialmente para atacar las arrugas en las conocidas como patas de gallo del contorno de los ojos. Gracias a la combinaci\u00f3n de \u00e1cido hialur\u00f3nico de peso molecular alto y bajo, ataca a las arrugas existentes y tambi\u00e9n a las que est\u00e1n apareciendo. Contiene protecci\u00f3n solar SPF15 para proteger esta delicada zona del rostro.<\/p>\n\n\n    <a class='product' target='_blank' href='https:\/\/www.primor.eu\/es_es\/eucerin-hyaluron-filler-contorno-de-ojos-14436.html'>\r\n        <img loading='async' src='https:\/\/cdn2.primor.eu\/media\/catalog\/product\/cache\/8d3aba296f7a18b5251ee30fa5db42b2\/4\/0\/4005800057670_6937.jpg' alt='COMPRAR AHORA'>\r\n            <div class=\"claim\">\r\n                COMPRAR AHORA            <\/div>\r\n        <\/a>\r\n    \n\n\n\n<h3 class=\"wp-block-heading\">Sensibio Contorno de Ojos&nbsp;de Bioderma<\/h3>\n\n\n\n<p>Lo amar\u00e1s porque calma instant\u00e1neamente las sensaciones de malestar y las irritaciones. En textura gel crema, su f\u00f3rmula con agentes descongestionantes ayudan a reducir las bolsas. Los activos alisan y difuminan las l\u00edneas de expresi\u00f3n, al mismo tiempo que mejoran el bienestar cut\u00e1neo. Formulado con activos rigurosamente seleccionados por su inocuidad, sin perfume y sin conservante, <strong>Sensibio Contorno de Ojos<\/strong> garantiza una tolerancia \u00f3ptima, incluso a nivel ocular.<\/p>\n\n\n    <a class='product' target='_blank' href='https:\/\/www.primor.eu\/es_es\/bioderma-sensibio-contorno-de-ojos-14483.html'>\r\n        <img loading='async' src='https:\/\/cdn2.primor.eu\/media\/catalog\/product\/cache\/8d3aba296f7a18b5251ee30fa5db42b2\/6\/X\/6XS04048_1_afcb.jpg' alt='COMPRAR AHORA'>\r\n            <div class=\"claim\">\r\n                COMPRAR AHORA            <\/div>\r\n        <\/a>\r\n    \n\n\n\n<h3 class=\"wp-block-heading\">Crema Contorno de Ojos Hyaluron Care de Delia<\/h3>\n\n\n\n<p>Con \u00e1cido hialur\u00f3nico- combinado con otros valiosos ingredientes activos: cafe\u00edna, alanto\u00edna, manteca de karit\u00e9, extracto de eufrasia officinalis, col\u00e1geno, oro coloidal y extracto de t\u00e9 verde, hidrata y protege la piel m\u00e1s delicada alrededor de los ojos. Apta para piel seca y sensible.<\/p>\n\n\n    <a class='product' target='_blank' href='https:\/\/www.primor.eu\/es_es\/delia-crema-contorno-de-ojos-hyaluron-care-17024.html'>\r\n        <img loading='async' src='https:\/\/cdn2.primor.eu\/media\/catalog\/product\/cache\/8d3aba296f7a18b5251ee30fa5db42b2\/0\/T\/0TF19573_1_bb92.jpg' alt='COMPRAR AHORA'>\r\n            <div class=\"claim\">\r\n                COMPRAR AHORA            <\/div>\r\n        <\/a>\r\n    \n\n\n\n<h3 class=\"wp-block-heading\">Contorno de Ojos Revitalizador de Salad Code<\/h3>\n\n\n\n<p>Reafirma, ilumina y suaviza la piel del contorno de ojos. Este contorno de ojos contiene ingredientes como el aloe vera, que regenera e hidrata de inmediato y fortalece las fibras de col\u00e1geno y elastina para minimizar las l\u00edneas de expresi\u00f3n. Adem\u00e1s, entre sus ingredientes se encuentran la col rizada y el pepino, que minimizan las bolsas y ojeras alrededor de los ojos; calman e iluminan esta zona extremadamente sensible del rostro.<\/p>\n\n\n    <a class='product' target='_blank' href='https:\/\/www.primor.eu\/es_es\/salad-code-contorno-de-ojos-revitalizador-16487.html'>\r\n        <img loading='async' src='https:\/\/cdn2.primor.eu\/media\/catalog\/product\/cache\/8d3aba296f7a18b5251ee30fa5db42b2\/0\/T\/0TF20167_1_04fc.jpg' alt='COMPRAR AHORA'>\r\n            <div class=\"claim\">\r\n                COMPRAR AHORA            <\/div>\r\n        <\/a>\r\n    \n\n\n\n<h3 class=\"wp-block-heading\">365 Skin Repair Liposomal Cellular Essence Lotion de Lancaster<\/h3>\n\n\n\n<p>Su textura hidratante y no pegajosa se absorbe al instante y repone los niveles de humedad de la piel, prepar\u00e1ndola perfectamente para los siguientes pasos de tu rutina de cuidado de la piel. La piel est\u00e1 menos sensible y preparada para afrontar los retos del d\u00eda.<\/p>\n\n\n    <a class='product' target='_blank' href='https:\/\/www.primor.eu\/es_es\/lancaster-365-skin-repair-liposomal-cellular-essence-lotion-119438.html'>\r\n        <img loading='async' src='https:\/\/cdn2.primor.eu\/media\/catalog\/product\/cache\/8d3aba296f7a18b5251ee30fa5db42b2\/M\/A\/MAIN_3616303470463_5f3d.jpeg' alt='COMPRAR AHORA'>\r\n            <div class=\"claim\">\r\n                COMPRAR AHORA            <\/div>\r\n        <\/a>\r\n    \n\n\n<div class=\"kk-star-ratings kksr-auto kksr-align-center kksr-valign-bottom\"\n    data-payload='{&quot;align&quot;:&quot;center&quot;,&quot;id&quot;:&quot;41865&quot;,&quot;slug&quot;:&quot;default&quot;,&quot;valign&quot;:&quot;bottom&quot;,&quot;ignore&quot;:&quot;&quot;,&quot;reference&quot;:&quot;auto&quot;,&quot;class&quot;:&quot;&quot;,&quot;count&quot;:&quot;4&quot;,&quot;legendonly&quot;:&quot;&quot;,&quot;readonly&quot;:&quot;&quot;,&quot;score&quot;:&quot;4.5&quot;,&quot;starsonly&quot;:&quot;&quot;,&quot;best&quot;:&quot;5&quot;,&quot;gap&quot;:&quot;5&quot;,&quot;greet&quot;:&quot;Valora este art\u00edculo&quot;,&quot;legend&quot;:&quot;4.5\\\/5 - (4 votos)&quot;,&quot;size&quot;:&quot;24&quot;,&quot;title&quot;:&quot;Los 10 mejores contornos de ojos para piel sensible de 2026&quot;,&quot;width&quot;:&quot;128&quot;,&quot;_legend&quot;:&quot;{score}\\\/{best} - ({count} {votes})&quot;,&quot;font_factor&quot;:&quot;1.25&quot;}'>\n            \n<div class=\"kksr-stars\">\n    \n<div class=\"kksr-stars-inactive\">\n            <div class=\"kksr-star\" data-star=\"1\" style=\"padding-right: 5px\">\n            \n\n<div class=\"kksr-icon\" style=\"width: 24px; height: 24px;\"><\/div>\n        <\/div>\n            <div class=\"kksr-star\" data-star=\"2\" style=\"padding-right: 5px\">\n            \n\n<div class=\"kksr-icon\" style=\"width: 24px; height: 24px;\"><\/div>\n        <\/div>\n            <div class=\"kksr-star\" data-star=\"3\" style=\"padding-right: 5px\">\n            \n\n<div class=\"kksr-icon\" style=\"width: 24px; height: 24px;\"><\/div>\n        <\/div>\n            <div class=\"kksr-star\" data-star=\"4\" style=\"padding-right: 5px\">\n            \n\n<div class=\"kksr-icon\" style=\"width: 24px; height: 24px;\"><\/div>\n        <\/div>\n            <div class=\"kksr-star\" data-star=\"5\" style=\"padding-right: 5px\">\n            \n\n<div class=\"kksr-icon\" style=\"width: 24px; height: 24px;\"><\/div>\n        <\/div>\n    <\/div>\n    \n<div class=\"kksr-stars-active\" style=\"width: 128px;\">\n            <div class=\"kksr-star\" style=\"padding-right: 5px\">\n            \n\n<div class=\"kksr-icon\" style=\"width: 24px; height: 24px;\"><\/div>\n        <\/div>\n            <div class=\"kksr-star\" style=\"padding-right: 5px\">\n            \n\n<div class=\"kksr-icon\" style=\"width: 24px; height: 24px;\"><\/div>\n        <\/div>\n            <div class=\"kksr-star\" style=\"padding-right: 5px\">\n            \n\n<div class=\"kksr-icon\" style=\"width: 24px; height: 24px;\"><\/div>\n        <\/div>\n            <div class=\"kksr-star\" style=\"padding-right: 5px\">\n            \n\n<div class=\"kksr-icon\" style=\"width: 24px; height: 24px;\"><\/div>\n        <\/div>\n            <div class=\"kksr-star\" style=\"padding-right: 5px\">\n            \n\n<div class=\"kksr-icon\" style=\"width: 24px; height: 24px;\"><\/div>\n        <\/div>\n    <\/div>\n<\/div>\n                \n\n<div class=\"kksr-legend\" style=\"font-size: 19.2px;\">\n            4.5\/5 - (4 votos)    <\/div>\n    <\/div>\n","protected":false},"excerpt":{"rendered":"<p>La zona que rodea tu mirada es hasta cinco veces m\u00e1s fina que la del resto del rostro, lo que quiere decir que debes cuidarla como se merece. Y si tienes la piel sensible, necesitas uno espec\u00edfico para tu tipo de piel. En este art\u00edculo te presentamos los mejores contornos de ojos para piel sensible. [&hellip;]<\/p>\n","protected":false},"author":14,"featured_media":113332,"comment_status":"open","ping_status":"open","sticky":false,"template":"","format":"standard","meta":{"jnews-multi-image_gallery":[],"jnews_single_post":{"subtitle":"","format":"standard","video":"","gallery":"","source_name":"","source_url":"","via_name":"","via_url":"","override_template":"0","override":[{"template":"1","single_blog_custom":"","parallax":"1","fullscreen":"1","layout":"right-sidebar","sidebar":"home-2","second_sidebar":"default-sidebar","sticky_sidebar":"0","share_position":"float","share_float_style":"share-monocrhome","show_share_counter":"1","show_view_counter":"1","show_featured":"1","show_post_meta":"1","show_post_author":"0","show_post_author_image":"1","show_post_date":"1","post_date_format":"default","post_date_format_custom":"Y\/m\/d","show_post_category":"1","show_post_reading_time":"0","post_reading_time_wpm":"300","show_zoom_button":"0","zoom_button_out_step":"2","zoom_button_in_step":"3","show_post_tag":"0","show_prev_next_post":"1","show_popup_post":"1","number_popup_post":"2","show_author_box":"0","show_post_related":"0","show_inline_post_related":"0"}],"override_image_size":"0","image_override":[{"single_post_thumbnail_size":"crop-500","single_post_gallery_size":"crop-500"}],"trending_post":"0","trending_post_position":"meta","trending_post_label":"Trending","sponsored_post":"0","sponsored_post_label":"Sponsored by","sponsored_post_name":"","sponsored_post_url":"","sponsored_post_logo_enable":"0","sponsored_post_logo":"","sponsored_post_desc":"","disable_ad":"0"},"jnews_primary_category":{"id":"","hide":""},"jnews_social_meta":{"fb_title":"","fb_description":"","fb_image":"","twitter_title":"","twitter_description":"","twitter_image":""},"jnews_override_counter":{"override_view_counter":"0","view_counter_number":"0","override_share_counter":"0","share_counter_number":"0","override_like_counter":"0","like_counter_number":"0","override_dislike_counter":"0","dislike_counter_number":"0"},"footnotes":""},"categories":[29,1791,5098],"tags":[],"class_list":["post-41865","post","type-post","status-publish","format-standard","has-post-thumbnail","hentry","category-cosmetica","category-cosmetica-facial","category-piel-sensible"],"_links":{"self":[{"href":"https:\/\/www.primor.eu\/blog\/wp-json\/wp\/v2\/posts\/41865","targetHints":{"allow":["GET"]}}],"collection":[{"href":"https:\/\/www.primor.eu\/blog\/wp-json\/wp\/v2\/posts"}],"about":[{"href":"https:\/\/www.primor.eu\/blog\/wp-json\/wp\/v2\/types\/post"}],"author":[{"embeddable":true,"href":"https:\/\/www.primor.eu\/blog\/wp-json\/wp\/v2\/users\/14"}],"replies":[{"embeddable":true,"href":"https:\/\/www.primor.eu\/blog\/wp-json\/wp\/v2\/comments?post=41865"}],"version-history":[{"count":20,"href":"https:\/\/www.primor.eu\/blog\/wp-json\/wp\/v2\/posts\/41865\/revisions"}],"predecessor-version":[{"id":138194,"href":"https:\/\/www.primor.eu\/blog\/wp-json\/wp\/v2\/posts\/41865\/revisions\/138194"}],"wp:featuredmedia":[{"embeddable":true,"href":"https:\/\/www.primor.eu\/blog\/wp-json\/wp\/v2\/media\/113332"}],"wp:attachment":[{"href":"https:\/\/www.primor.eu\/blog\/wp-json\/wp\/v2\/media?parent=41865"}],"wp:term":[{"taxonomy":"category","embeddable":true,"href":"https:\/\/www.primor.eu\/blog\/wp-json\/wp\/v2\/categories?post=41865"},{"taxonomy":"post_tag","embeddable":true,"href":"https:\/\/www.primor.eu\/blog\/wp-json\/wp\/v2\/tags?post=41865"}],"curies":[{"name":"wp","href":"https:\/\/api.w.org\/{rel}","templated":true}]}}