{"id":417,"date":"2014-08-28T11:28:59","date_gmt":"2014-08-28T09:28:59","guid":{"rendered":"http:\/\/blog.primor.eu:\/?p=417"},"modified":"2025-12-15T12:24:25","modified_gmt":"2025-12-15T12:24:25","slug":"kueshi-cosmetica-natural","status":"publish","type":"post","link":"https:\/\/www.primor.eu\/blog\/kueshi-cosmetica-natural\/","title":{"rendered":"Kueshi cosm\u00e9tica natural"},"content":{"rendered":"<p style=\"text-align: justify;\">\u00a1Hola primores!<\/p>\n<p style=\"text-align: justify;\">Los que nos segu\u00eds por las redes sociales sab\u00e9is que la semana pasada anunciamos la <strong>incorporaci\u00f3n a Primor<\/strong> de una nueva <strong>marca de cosm\u00e9tica natural: <a href=\"http:\/\/www.primor.eu\/816_kueshi\/104-cosmetica\">Kueshi<\/a><\/strong>.<\/p>\n<p style=\"text-align: justify;\"><img decoding=\"async\" class=\"aligncenter wp-image-418\" src=\"http:\/\/blog.primor.eu\/wp-content\/uploads\/2024\/08\/10628198_10153062766317004_3950659043022762446_n.jpg\" alt=\"kueshi en primor\" width=\"450\" height=\"250\" \/><\/p>\n<p style=\"text-align: justify;\">Si nos dejamos llevar por las primeras impresiones podr\u00edamos pensar que Kueshi es una marca, por ejemplo, coreana. \u00a1Pues no! <strong>Kueshi cosm\u00e9tica natural es una empresa espa\u00f1ola<\/strong> \ud83d\ude42<\/p>\n<p style=\"text-align: justify;\">Kueshi realiza productos de cosm\u00e9tica con <strong>ingredientes naturales<\/strong> que respetan nuestra piel, de <strong>alta calidad<\/strong>, innovadores y muy importante, \u00a1<strong>no testados en animales<\/strong>!<\/p>\n<p style=\"text-align: justify;\">Si bien pod\u00e9is encontrar <strong>diferentes l\u00edneas de <a title=\"Kueshi en Primor\" href=\"http:\/\/www.primor.eu\/816_kueshi\/104-cosmetica\">Kueshi en Primor<\/a><\/strong>, hoy os vamos a hablar de dos l\u00edneas en concreto:<\/p>\n<ul style=\"text-align: justify;\">\n<li>Soft Feel \/ Feel Free<\/li>\n<li>Tratamiento Nutrix Caviar<\/li>\n<\/ul>\n<h3 style=\"text-align: center;\">Soft Feel \/ Feel Free<\/h3>\n<p style=\"text-align: justify;\">La<strong> l\u00ednea Soft Feel \/ Feel Free<\/strong> est\u00e1\u00a0formada por las<strong> cremas hidratantes Soft Feel para pieles sensibles<\/strong> y <strong>Feel Free para pieles grasas<\/strong>.<\/p>\n<p style=\"text-align: justify;\"><img decoding=\"async\" class=\"aligncenter wp-image-419\" src=\"http:\/\/blog.primor.eu\/wp-content\/uploads\/2024\/08\/soft-feel.jpg\" alt=\"soft feel kueshi\" width=\"300\" height=\"300\" \/><\/p>\n<p style=\"text-align: justify;\"><strong><a href=\"http:\/\/www.primor.eu\/kueshi\/31772-soft-feel-crema-hidronutritiva-pieles-sensibles.html\">Soft Feel<\/a><\/strong> es una<strong> crema hidratante\u00a0ideal para las pieles m\u00e1s delicadas<\/strong>. Esta crema hidratante de Kueshi hidrata, calma las irritaciones de la piel, reduce las rojeces, alisa las l\u00edneas causadas por la sequedad, protege y calma la piel.<\/p>\n<p><img decoding=\"async\" class=\"aligncenter wp-image-420\" src=\"http:\/\/blog.primor.eu\/wp-content\/uploads\/2024\/08\/kueshi-delapiel-cosmetics-hidratante-feel-free-1396277617.jpg\" alt=\"feel free kueshi\" width=\"300\" height=\"460\" \/><\/p>\n<p style=\"text-align: justify;\"><a href=\"http:\/\/www.primor.eu\/kueshi\/31771-feel-free-cream-crema-hidratante-pieles-grasas.html\">Feel Free<\/a> es <strong>gel hidratante para pieles grasas<\/strong> sin aceites. Este gel hidratante de Kueshi nutre e hidrata la piel, la mantiene libre de los molestos brillos y ayuda controlar el exceso de sebo.<\/p>\n<p style=\"text-align: justify;\">La textura de Feel Free es ligera y fresca.<\/p>\n<h3 style=\"text-align: center;\">Tratamiento Nutrix Caviar<\/h3>\n<p style=\"text-align: justify;\">La <strong>l\u00ednea\u00a0Nutrix Caviar<\/strong> est\u00e1 compuesta por: s\u00e9rum Nutrix Caviar, Crema Nutrix Caviar, Contorno de Ojos Nutrix Caviar.<\/p>\n<p><img decoding=\"async\" class=\"aligncenter size-full wp-image-421\" src=\"http:\/\/blog.primor.eu\/wp-content\/uploads\/2024\/08\/serum.jpg\" alt=\"serum nutrix caviar\" width=\"300\" height=\"300\" \/><\/p>\n<p style=\"text-align: justify;\">El <strong><a href=\"http:\/\/www.primor.eu\/kueshi\/31831-nutrix-caviar-serum-de-caviar-resveratrol.html\">s\u00e9rum Nutrix Caviar de Kueshi<\/a> <\/strong>deja la <strong>piel suave, lisa, tersa, hidratada y con las imperfecciones atenuadas<\/strong>. \u00bfC\u00f3mo lo hace? Gracias a la acci\u00f3n de sus componentes de caviar, aceite de aguacate, vitamina E, aceite de almendras, resveratrol y aceite de oliva.<\/p>\n<p style=\"text-align: justify;\">El caviar nutre la piel a la vez que el resveratrol ayuda a retrasar el envejecimiento celular y por tanto, la aparici\u00f3n de los primeros signos de edad.<\/p>\n<p><img decoding=\"async\" class=\"aligncenter size-full wp-image-422\" src=\"http:\/\/blog.primor.eu\/wp-content\/uploads\/2024\/08\/crema-nutrix-caviar.jpg\" alt=\"crema nutrix caviar\" width=\"300\" height=\"300\" \/><\/p>\n<p>La <strong><a href=\"http:\/\/www.primor.eu\/kueshi\/31824-nutrix-caviar-crema-nutritiva-de-caviar.html\">crema Nutrix Caviar de Kueshi<\/a> nutre, hidrata, tonifica y ayuda a reducir los signos de edad<\/strong>.<\/p>\n<p style=\"text-align: justify;\">Crema Nutrix Caviar contiene extracto de caviar que estimula producci\u00f3n de col\u00e1geno y elastina para frenar el envejecimiento de la piel, y otros ingredientes como la manteca de Karit\u00e9 o la vitamina E que nutren intensamente la piel.<\/p>\n<p><img decoding=\"async\" class=\"aligncenter size-full wp-image-423\" src=\"http:\/\/blog.primor.eu\/wp-content\/uploads\/2024\/08\/contorno-de-ojos-nutrix-caviar.jpg\" alt=\"contorno de ojos nutrix caviar\" width=\"300\" height=\"300\" \/><\/p>\n<p style=\"text-align: justify;\">Y el \u00faltimo producto que forma parte de la l\u00ednea Nutrix Caviar\u00a0de Kueshi\u00a0es el <strong><a href=\"http:\/\/www.primor.eu\/kueshi\/31769-contorno-de-ojos-nutrix-caviar.html\">Contorno de Ojos Nutrix Caviar<\/a><\/strong>, para cuidar la zona del contorno\u00a0que tanto nos preocupa a todas y todos.<\/p>\n<p style=\"text-align: justify;\">Este contorno de ojos de Kueshi <strong>hidrata<\/strong> la delicada zona del contorno, <strong>tensa la piel<\/strong> para que luzca m\u00e1s joven, <strong>reduce las ojeras y las bolsas<\/strong> y <strong>aten\u00faa las l\u00edneas de expresi\u00f3n<\/strong>.<\/p>\n<p style=\"text-align: justify;\">\u00bfQu\u00e9 os ha parecido Kueshi cosm\u00e9tica natural? \u00a1Estamos seguros de que va a ser todo un \u00e9xito!<\/p>\n<h3 style=\"text-align: justify;\">Para <strong>celebrar el lanzamiento de Kueshi<\/strong> en Primor podr\u00e9is disfrutar de <strong>promoci\u00f3n web 3x2 en sus productos<\/strong> \ud83d\ude42<\/h3>\n<h3 style=\"text-align: center;\">\u00a1No la dejes escapar!<\/h3>\n\n\n<div class=\"kk-star-ratings kksr-auto kksr-align-center kksr-valign-bottom\"\n    data-payload='{&quot;align&quot;:&quot;center&quot;,&quot;id&quot;:&quot;417&quot;,&quot;slug&quot;:&quot;default&quot;,&quot;valign&quot;:&quot;bottom&quot;,&quot;ignore&quot;:&quot;&quot;,&quot;reference&quot;:&quot;auto&quot;,&quot;class&quot;:&quot;&quot;,&quot;count&quot;:&quot;0&quot;,&quot;legendonly&quot;:&quot;&quot;,&quot;readonly&quot;:&quot;&quot;,&quot;score&quot;:&quot;0&quot;,&quot;starsonly&quot;:&quot;&quot;,&quot;best&quot;:&quot;5&quot;,&quot;gap&quot;:&quot;5&quot;,&quot;greet&quot;:&quot;Valora este art\u00edculo&quot;,&quot;legend&quot;:&quot;0\\\/5 - (0 votos)&quot;,&quot;size&quot;:&quot;24&quot;,&quot;title&quot;:&quot;Kueshi cosm\u00e9tica natural&quot;,&quot;width&quot;:&quot;0&quot;,&quot;_legend&quot;:&quot;{score}\\\/{best} - ({count} {votes})&quot;,&quot;font_factor&quot;:&quot;1.25&quot;}'>\n            \n<div class=\"kksr-stars\">\n    \n<div class=\"kksr-stars-inactive\">\n            <div class=\"kksr-star\" data-star=\"1\" style=\"padding-right: 5px\">\n            \n\n<div class=\"kksr-icon\" style=\"width: 24px; height: 24px;\"><\/div>\n        <\/div>\n            <div class=\"kksr-star\" data-star=\"2\" style=\"padding-right: 5px\">\n            \n\n<div class=\"kksr-icon\" style=\"width: 24px; height: 24px;\"><\/div>\n        <\/div>\n            <div class=\"kksr-star\" data-star=\"3\" style=\"padding-right: 5px\">\n            \n\n<div class=\"kksr-icon\" style=\"width: 24px; height: 24px;\"><\/div>\n        <\/div>\n            <div class=\"kksr-star\" data-star=\"4\" style=\"padding-right: 5px\">\n            \n\n<div class=\"kksr-icon\" style=\"width: 24px; height: 24px;\"><\/div>\n        <\/div>\n            <div class=\"kksr-star\" data-star=\"5\" style=\"padding-right: 5px\">\n            \n\n<div class=\"kksr-icon\" style=\"width: 24px; height: 24px;\"><\/div>\n        <\/div>\n    <\/div>\n    \n<div class=\"kksr-stars-active\" style=\"width: 0px;\">\n            <div class=\"kksr-star\" style=\"padding-right: 5px\">\n            \n\n<div class=\"kksr-icon\" style=\"width: 24px; height: 24px;\"><\/div>\n        <\/div>\n            <div class=\"kksr-star\" style=\"padding-right: 5px\">\n            \n\n<div class=\"kksr-icon\" style=\"width: 24px; height: 24px;\"><\/div>\n        <\/div>\n            <div class=\"kksr-star\" style=\"padding-right: 5px\">\n            \n\n<div class=\"kksr-icon\" style=\"width: 24px; height: 24px;\"><\/div>\n        <\/div>\n            <div class=\"kksr-star\" style=\"padding-right: 5px\">\n            \n\n<div class=\"kksr-icon\" style=\"width: 24px; height: 24px;\"><\/div>\n        <\/div>\n            <div class=\"kksr-star\" style=\"padding-right: 5px\">\n            \n\n<div class=\"kksr-icon\" style=\"width: 24px; height: 24px;\"><\/div>\n        <\/div>\n    <\/div>\n<\/div>\n                \n\n<div class=\"kksr-legend\" style=\"font-size: 19.2px;\">\n            <span class=\"kksr-muted\">Valora este art\u00edculo<\/span>\n    <\/div>\n    <\/div>\n","protected":false},"excerpt":{"rendered":"<p>\u00a1Hola primores! Los que nos segu\u00eds por las redes sociales sab\u00e9is que la semana pasada anunciamos la incorporaci\u00f3n a Primor de una nueva marca de cosm\u00e9tica natural: Kueshi. Si nos dejamos llevar por las primeras impresiones podr\u00edamos pensar que Kueshi es una marca, por ejemplo, coreana. \u00a1Pues no! Kueshi cosm\u00e9tica natural es una empresa espa\u00f1ola [&hellip;]<\/p>\n","protected":false},"author":4,"featured_media":136221,"comment_status":"open","ping_status":"open","sticky":false,"template":"","format":"standard","meta":{"jnews-multi-image_gallery":[],"jnews_single_post":{"subtitle":"","format":"standard","video":"","gallery":"","source_name":"","source_url":"","via_name":"","via_url":"","override_template":"0","override":[{"template":"1","single_blog_custom":"","parallax":"1","fullscreen":"1","layout":"right-sidebar","sidebar":"home-2","second_sidebar":"default-sidebar","sticky_sidebar":"0","share_position":"float","share_float_style":"share-monocrhome","show_share_counter":"0","show_view_counter":"0","show_featured":"1","show_post_meta":"1","show_post_author":"0","show_post_author_image":"1","show_post_date":"1","post_date_format":"default","post_date_format_custom":"Y\/m\/d","show_post_category":"1","show_post_reading_time":"0","post_reading_time_wpm":"300","show_zoom_button":"0","zoom_button_out_step":"2","zoom_button_in_step":"3","show_post_tag":"0","show_prev_next_post":"0","show_popup_post":"0","number_popup_post":"2","show_author_box":"0","show_post_related":"0","show_inline_post_related":"1"}],"override_image_size":"0","image_override":[{"single_post_thumbnail_size":"no-crop","single_post_gallery_size":"crop-500"}],"trending_post":"0","trending_post_position":"meta","trending_post_label":"Trending","sponsored_post":"0","sponsored_post_label":"Sponsored by","sponsored_post_name":"","sponsored_post_url":"","sponsored_post_logo_enable":"0","sponsored_post_logo":"","sponsored_post_desc":"","disable_ad":"0"},"jnews_primary_category":{"id":"","hide":""},"jnews_social_meta":{"fb_title":"","fb_description":"","fb_image":"","twitter_title":"","twitter_description":"","twitter_image":""},"jnews_override_counter":{"override_view_counter":"0","view_counter_number":"0","override_share_counter":"0","share_counter_number":"0","override_like_counter":"0","like_counter_number":"0","override_dislike_counter":"0","dislike_counter_number":"0"},"footnotes":""},"categories":[37],"tags":[],"class_list":["post-417","post","type-post","status-publish","format-standard","has-post-thumbnail","hentry","category-cosmetica-natural"],"_links":{"self":[{"href":"https:\/\/www.primor.eu\/blog\/wp-json\/wp\/v2\/posts\/417","targetHints":{"allow":["GET"]}}],"collection":[{"href":"https:\/\/www.primor.eu\/blog\/wp-json\/wp\/v2\/posts"}],"about":[{"href":"https:\/\/www.primor.eu\/blog\/wp-json\/wp\/v2\/types\/post"}],"author":[{"embeddable":true,"href":"https:\/\/www.primor.eu\/blog\/wp-json\/wp\/v2\/users\/4"}],"replies":[{"embeddable":true,"href":"https:\/\/www.primor.eu\/blog\/wp-json\/wp\/v2\/comments?post=417"}],"version-history":[{"count":2,"href":"https:\/\/www.primor.eu\/blog\/wp-json\/wp\/v2\/posts\/417\/revisions"}],"predecessor-version":[{"id":136222,"href":"https:\/\/www.primor.eu\/blog\/wp-json\/wp\/v2\/posts\/417\/revisions\/136222"}],"wp:featuredmedia":[{"embeddable":true,"href":"https:\/\/www.primor.eu\/blog\/wp-json\/wp\/v2\/media\/136221"}],"wp:attachment":[{"href":"https:\/\/www.primor.eu\/blog\/wp-json\/wp\/v2\/media?parent=417"}],"wp:term":[{"taxonomy":"category","embeddable":true,"href":"https:\/\/www.primor.eu\/blog\/wp-json\/wp\/v2\/categories?post=417"},{"taxonomy":"post_tag","embeddable":true,"href":"https:\/\/www.primor.eu\/blog\/wp-json\/wp\/v2\/tags?post=417"}],"curies":[{"name":"wp","href":"https:\/\/api.w.org\/{rel}","templated":true}]}}