{"id":41672,"date":"2025-10-17T17:00:52","date_gmt":"2025-10-17T17:00:52","guid":{"rendered":"https:\/\/blog.primor.eu\/?p=41672"},"modified":"2025-10-17T17:00:54","modified_gmt":"2025-10-17T17:00:54","slug":"mejores-cremas-despigmentantes","status":"publish","type":"post","link":"https:\/\/www.primor.eu\/blog\/mejores-cremas-despigmentantes\/","title":{"rendered":"Las 5 mejores cremas despigmentantes para conseguir una piel uniforme"},"content":{"rendered":"\n<p>Cuidar la piel para mantenerla joven no solo significa seguir la rigurosa rutina coreana con una doble limpieza y <strong>mucha hidrataci\u00f3n<\/strong>. Para una piel sana y luminosa a largo plazo tambi\u00e9n es importante cuidarla de los agentes externos que pueden <strong>producir manchas<\/strong>, <a href=\"https:\/\/www.primor.eu\/es_es\/cremas-antiarrugas-y-antiedad\">arrugas<\/a> y otros efectos secundarios. Si est\u00e1s experimentando la hiperpigmentaci\u00f3n en tu propia piel, estas son las <strong>mejores cremas despigmentantes<\/strong> disponibles en Perfumer\u00edas Primor.&nbsp;<\/p>\n\n\n\n<p>Sin embargo, no solo el sol puede causar manchas. Tambi\u00e9n el envejecimiento en s\u00ed puede causarlas a pesar de llevar un riguroso cuidado de la piel. Es por eso que, en estos casos en los que no se puede evitar (aunque s\u00ed reducir) la aparici\u00f3n de las<strong> manchas en la piel,<\/strong> generalmente en el rostro, es importante conocer y confiar en las cremas despigmentantes para reducir visiblemente el tono de estas y actuar para poder <strong>evitar<\/strong> las futuras apariciones. Para su uso, debemos revisar siempre las indicaciones ya que en ocasiones algunos de sus activos pueden no ser compatibles con otros que nos estemos aplicando en nuestra <a href=\"https:\/\/www.primor.eu\/blog\/balsamo-limpiador-facial\/\">rutina<\/a> de cuidado facial, e incluso con el embarazo, por ejemplo.<\/p>\n\n\n\n<h2 class=\"wp-block-heading\">Las mejores cremas despigmentantes para acabar con las manchas de la piel<\/h2>\n\n\n        <product-table class=\"pr-slider\">\r\n            <product-headers class=\"grid-table-rows\">\r\n                <div>Foto<\/div>\r\n                <div>Producto<\/div>\r\n                <div>Marca<\/div>\r\n                <div>Valoraciones<\/div>\r\n                <div>Precio<\/div>\r\n            <\/product-headers>\r\n\r\n            <product-list>\r\n                                    <a href=\"https:\/\/www.primor.eu\/es_es\/rilastil-d-clar-crema-despigmentante-diaria-17011.html\" class=\"product-item grid-table-rows\" target=\"_blank\">\r\n                        <div>\r\n                            <img decoding=\"async\" class=\"product-img\" width=\"80px\" height=\"80px\" src=\"https:\/\/www.primor.eu\/blog\/wp-content\/uploads\/2024\/07\/6XS13571_1_39a5.jpg\" alt=\"Rilastil D-Clar Crema Despigmentante Diaria\">\r\n                        <\/div>\r\n\r\n                        <!-- Contenido de producto  -->\r\n                        <div>\r\n                            <div class=\"product-position\">\r\n                                #1 Top Ventas                            <\/div>\r\n\r\n                            <h2>\r\n                                Rilastil D-Clar Crema Despigmentante Diaria                            <\/h2>\r\n                        <\/div>\r\n\r\n                        <!-- Imagen y\/o nombre de la marca -->\r\n                        <div>\r\n                                                            <img decoding=\"async\" width=\"70\" src=\"https:\/\/www.primor.eu\/blog\/wp-content\/uploads\/2023\/09\/RILASTIL.jpg\" alt=\"86370\">\r\n                                                    <\/div>\r\n\r\n                        <!-- Puntuaci\u00f3n del producto  -->\r\n                        <div class=\"rating\">\r\n                                                            <div class=\"rate\" style=\"--p:96;\"><\/div>\r\n                                <b>4.8\/5<\/b>\r\n                                <div class=\"rate-stars\">\r\n                                                                            <div\r\n                                            class=\"rate-star  \">\r\n                                        <\/div>\r\n                                                                            <div\r\n                                            class=\"rate-star  \">\r\n                                        <\/div>\r\n                                                                            <div\r\n                                            class=\"rate-star  \">\r\n                                        <\/div>\r\n                                                                            <div\r\n                                            class=\"rate-star  \">\r\n                                        <\/div>\r\n                                                                            <div\r\n                                            class=\"rate-star  \">\r\n                                        <\/div>\r\n                                                                    <\/div>\r\n                                                    <\/div>\r\n\r\n                        <!-- Bot\u00f3n de producto  -->\r\n                        <div>\r\n                            <span class=\"price-claim\">\r\n                                VER PRECIO                            <\/span>\r\n                        <\/div>\r\n                    <\/a>\r\n                                    <a href=\"https:\/\/www.primor.eu\/es_es\/bella-aurora-bio10-forte-tratamiento-despigmentante-intensivo-para-piel-sensible-15371.html\" class=\"product-item grid-table-rows\" target=\"_blank\">\r\n                        <div>\r\n                            <img decoding=\"async\" class=\"product-img\" width=\"80px\" height=\"80px\" src=\"https:\/\/www.primor.eu\/blog\/wp-content\/uploads\/2024\/04\/0TF19059_1_fbd0.jpg\" alt=\"Bella Aurora Bio10 Forte Tratamiento Despigmentante Intensivo para Piel Sensible\">\r\n                        <\/div>\r\n\r\n                        <!-- Contenido de producto  -->\r\n                        <div>\r\n                            <div class=\"product-position\">\r\n                                #2                            <\/div>\r\n\r\n                            <h2>\r\n                                Bella Aurora Bio10 Forte Tratamiento Despigmentante Intensivo para Piel Sensible                            <\/h2>\r\n                        <\/div>\r\n\r\n                        <!-- Imagen y\/o nombre de la marca -->\r\n                        <div>\r\n                                                            <img decoding=\"async\" width=\"70\" src=\"https:\/\/www.primor.eu\/blog\/wp-content\/uploads\/2023\/09\/BELLA_AURORA.jpg\" alt=\"85501\">\r\n                                                    <\/div>\r\n\r\n                        <!-- Puntuaci\u00f3n del producto  -->\r\n                        <div class=\"rating\">\r\n                                                            <div class=\"rate\" style=\"--p:92;\"><\/div>\r\n                                <b>4.6\/5<\/b>\r\n                                <div class=\"rate-stars\">\r\n                                                                            <div\r\n                                            class=\"rate-star  \">\r\n                                        <\/div>\r\n                                                                            <div\r\n                                            class=\"rate-star  \">\r\n                                        <\/div>\r\n                                                                            <div\r\n                                            class=\"rate-star  \">\r\n                                        <\/div>\r\n                                                                            <div\r\n                                            class=\"rate-star  \">\r\n                                        <\/div>\r\n                                                                            <div\r\n                                            class=\"rate-star  \">\r\n                                        <\/div>\r\n                                                                    <\/div>\r\n                                                    <\/div>\r\n\r\n                        <!-- Bot\u00f3n de producto  -->\r\n                        <div>\r\n                            <span class=\"price-claim\">\r\n                                VER PRECIO                            <\/span>\r\n                        <\/div>\r\n                    <\/a>\r\n                                    <a href=\"https:\/\/www.primor.eu\/es_es\/sesderma-crema-gel-despigmentante-106626.html\" class=\"product-item grid-table-rows\" target=\"_blank\">\r\n                        <div>\r\n                            <img decoding=\"async\" class=\"product-img\" width=\"80px\" height=\"80px\" src=\"https:\/\/www.primor.eu\/blog\/wp-content\/uploads\/2023\/11\/M_6XS11772_1_dbc9.jpg\" alt=\"Sesderma Crema Gel Despigmentante\">\r\n                        <\/div>\r\n\r\n                        <!-- Contenido de producto  -->\r\n                        <div>\r\n                            <div class=\"product-position\">\r\n                                #3                            <\/div>\r\n\r\n                            <h2>\r\n                                Sesderma Crema Gel Despigmentante                            <\/h2>\r\n                        <\/div>\r\n\r\n                        <!-- Imagen y\/o nombre de la marca -->\r\n                        <div>\r\n                                                            <img decoding=\"async\" width=\"70\" src=\"https:\/\/www.primor.eu\/blog\/wp-content\/uploads\/2023\/08\/sesderma.jpg\" alt=\"84454\">\r\n                                                    <\/div>\r\n\r\n                        <!-- Puntuaci\u00f3n del producto  -->\r\n                        <div class=\"rating\">\r\n                                                            <div class=\"rate\" style=\"--p:90;\"><\/div>\r\n                                <b>4.5\/5<\/b>\r\n                                <div class=\"rate-stars\">\r\n                                                                            <div\r\n                                            class=\"rate-star  \">\r\n                                        <\/div>\r\n                                                                            <div\r\n                                            class=\"rate-star  \">\r\n                                        <\/div>\r\n                                                                            <div\r\n                                            class=\"rate-star  \">\r\n                                        <\/div>\r\n                                                                            <div\r\n                                            class=\"rate-star  \">\r\n                                        <\/div>\r\n                                                                            <div\r\n                                            class=\"rate-star  middle\">\r\n                                        <\/div>\r\n                                                                    <\/div>\r\n                                                    <\/div>\r\n\r\n                        <!-- Bot\u00f3n de producto  -->\r\n                        <div>\r\n                            <span class=\"price-claim\">\r\n                                VER PRECIO                            <\/span>\r\n                        <\/div>\r\n                    <\/a>\r\n                            <\/product-list>\r\n        <\/product-table>\r\n\r\n        \n\n\n\n<h3 class=\"wp-block-heading has-text-align-left\">D-Clar Crema Despigmentante Diaria de Rilastil<\/h3>\n\n\n\n<p>Una crema apta para todo tipo de pieles que act\u00faa unificando el tono de la piel e ilumin\u00e1ndola gracias a sus activos antipoluci\u00f3n. Para unos buenos resultados se debe aplicar la crema ma\u00f1ana y tarde en la cara, el escote y el dorso de las manos.<\/p>\n\n\n    <a class='product' target='_blank' href='https:\/\/www.primor.eu\/es_es\/rilastil-d-clar-crema-despigmentante-diaria-17011.html'>\r\n        <img loading='async' src='https:\/\/cdn2.primor.eu\/media\/catalog\/product\/cache\/8d3aba296f7a18b5251ee30fa5db42b2\/6\/X\/6XS13571_1_39a5.jpg' alt='COMPRAR AHORA'>\r\n            <div class=\"claim\">\r\n                COMPRAR AHORA            <\/div>\r\n        <\/a>\r\n    \n\n\n\n<h3 class=\"wp-block-heading has-text-align-left\">Bio10 Forte Tratamiento Despigmentante Intensivo para Piel Sensible de Bella Aurora<\/h3>\n\n\n\n<p>El tratamiento intensivo antimanchas de Bella Aurora act\u00faa sobre las c\u00e9lulas productoras de melanina para liberar \u00edntegramente el activo encapsulado y obtener as\u00ed una eficacia despigmentante mucho mayor. Adem\u00e1s, es un cuidado calmante espec\u00edfico para la piel sensible que la hidrata, la calma y la protege.<\/p>\n\n\n    <a class='product' target='_blank' href='https:\/\/www.primor.eu\/es_es\/bella-aurora-bio10-forte-tratamiento-despigmentante-intensivo-para-piel-sensible-15371.html'>\r\n        <img loading='async' src='https:\/\/cdn2.primor.eu\/media\/catalog\/product\/cache\/8d3aba296f7a18b5251ee30fa5db42b2\/0\/T\/0TF19059_1_fbd0.jpg' alt='COMPRAR AHORA'>\r\n            <div class=\"claim\">\r\n                COMPRAR AHORA            <\/div>\r\n        <\/a>\r\n    \n\n\n\n<h3 class=\"wp-block-heading has-text-align-left\">Crema Gel Despigmentante de Sesderma<\/h3>\n\n\n\n<p>Act\u00faa directamente sobre la zona pigmentada, combate los signos del fotoenvejecimiento y las peque\u00f1as arrugas. Con el paso de los d\u00edas se va notando visiblemente la reducci\u00f3n en la coloraci\u00f3n de las manchas. Su textura crema gel es apta para pieles mixtas y grasas.<\/p>\n\n\n    <a class='product' target='_blank' href='https:\/\/www.primor.eu\/es_es\/sesderma-crema-gel-despigmentante-106626.html?#863=67139'>\r\n        <img loading='async' src='https:\/\/cdn2.primor.eu\/media\/catalog\/product\/cache\/8d3aba296f7a18b5251ee30fa5db42b2\/8\/4\/8429979432940_2195.jpg' alt='COMPRAR AHORA'>\r\n            <div class=\"claim\">\r\n                COMPRAR AHORA            <\/div>\r\n        <\/a>\r\n    \n\n\n\n<h3 class=\"wp-block-heading has-text-align-left\">Pigmentbio C-Concentrate S\u00e9rum Despigmentante Concentrado de Bioderma<\/h3>\n\n\n\n<p>S\u00e9rum despigmentante con concentrado de vitamina C. Act\u00faa de forma intensiva sobre las manchas de la piel hiperpigmentada. Reduce la intensidad y el tama\u00f1o de las manchas oscuras existentes.<\/p>\n\n\n    <a class='product' target='_blank' href='https:\/\/www.primor.eu\/es_es\/bioderma-pigmentbio-c-concentrate-serum-despigmentante-concentrado-13724.html'>\r\n        <img loading='async' src='https:\/\/cdn2.primor.eu\/media\/catalog\/product\/cache\/8d3aba296f7a18b5251ee30fa5db42b2\/6\/X\/6XS12081_1_7278.jpg' alt='COMPRAR AHORA'>\r\n            <div class=\"claim\">\r\n                COMPRAR AHORA            <\/div>\r\n        <\/a>\r\n    \n\n\n\n<h3 class=\"wp-block-heading has-text-align-left\">Anti-Pigment Crema de Noche de Eucerin<\/h3>\n\n\n\n<p>La crema de noche de Eucerin contiene Thiamidol, un ingrediente eficaz y patentado que act\u00faa directamente sobre la ra\u00edz de la hiperpigmentaci\u00f3n reduciendo la producci\u00f3n de melanina, reduciendo las manchas oscuras y evitando su reaparici\u00f3n. Una crema de textura no grasa y ligeramente perfumada para acabar el d\u00eda con una buena sensaci\u00f3n.<\/p>\n\n\n    <a class='product' target='_blank' href='https:\/\/www.primor.eu\/es_es\/eucerin-anti-pigment-crema-de-noche-antimanchas-18368.html'>\r\n        <img loading='async' src='https:\/\/cdn2.primor.eu\/media\/catalog\/product\/cache\/8d3aba296f7a18b5251ee30fa5db42b2\/4\/0\/4005800347771_1__16cf.png' alt='COMPRAR AHORA'>\r\n            <div class=\"claim\">\r\n                COMPRAR AHORA            <\/div>\r\n        <\/a>\r\n    \n\n\n<div class=\"kk-star-ratings kksr-auto kksr-align-center kksr-valign-bottom\"\n    data-payload='{&quot;align&quot;:&quot;center&quot;,&quot;id&quot;:&quot;41672&quot;,&quot;slug&quot;:&quot;default&quot;,&quot;valign&quot;:&quot;bottom&quot;,&quot;ignore&quot;:&quot;&quot;,&quot;reference&quot;:&quot;auto&quot;,&quot;class&quot;:&quot;&quot;,&quot;count&quot;:&quot;32&quot;,&quot;legendonly&quot;:&quot;&quot;,&quot;readonly&quot;:&quot;&quot;,&quot;score&quot;:&quot;3.2&quot;,&quot;starsonly&quot;:&quot;&quot;,&quot;best&quot;:&quot;5&quot;,&quot;gap&quot;:&quot;5&quot;,&quot;greet&quot;:&quot;Valora este art\u00edculo&quot;,&quot;legend&quot;:&quot;3.2\\\/5 - (32 votos)&quot;,&quot;size&quot;:&quot;24&quot;,&quot;title&quot;:&quot;Las 5 mejores cremas despigmentantes para conseguir una piel uniforme&quot;,&quot;width&quot;:&quot;90.3&quot;,&quot;_legend&quot;:&quot;{score}\\\/{best} - ({count} {votes})&quot;,&quot;font_factor&quot;:&quot;1.25&quot;}'>\n            \n<div class=\"kksr-stars\">\n    \n<div class=\"kksr-stars-inactive\">\n            <div class=\"kksr-star\" data-star=\"1\" style=\"padding-right: 5px\">\n            \n\n<div class=\"kksr-icon\" style=\"width: 24px; height: 24px;\"><\/div>\n        <\/div>\n            <div class=\"kksr-star\" data-star=\"2\" style=\"padding-right: 5px\">\n            \n\n<div class=\"kksr-icon\" style=\"width: 24px; height: 24px;\"><\/div>\n        <\/div>\n            <div class=\"kksr-star\" data-star=\"3\" style=\"padding-right: 5px\">\n            \n\n<div class=\"kksr-icon\" style=\"width: 24px; height: 24px;\"><\/div>\n        <\/div>\n            <div class=\"kksr-star\" data-star=\"4\" style=\"padding-right: 5px\">\n            \n\n<div class=\"kksr-icon\" style=\"width: 24px; height: 24px;\"><\/div>\n        <\/div>\n            <div class=\"kksr-star\" data-star=\"5\" style=\"padding-right: 5px\">\n            \n\n<div class=\"kksr-icon\" style=\"width: 24px; height: 24px;\"><\/div>\n        <\/div>\n    <\/div>\n    \n<div class=\"kksr-stars-active\" style=\"width: 90.3px;\">\n            <div class=\"kksr-star\" style=\"padding-right: 5px\">\n            \n\n<div class=\"kksr-icon\" style=\"width: 24px; height: 24px;\"><\/div>\n        <\/div>\n            <div class=\"kksr-star\" style=\"padding-right: 5px\">\n            \n\n<div class=\"kksr-icon\" style=\"width: 24px; height: 24px;\"><\/div>\n        <\/div>\n            <div class=\"kksr-star\" style=\"padding-right: 5px\">\n            \n\n<div class=\"kksr-icon\" style=\"width: 24px; height: 24px;\"><\/div>\n        <\/div>\n            <div class=\"kksr-star\" style=\"padding-right: 5px\">\n            \n\n<div class=\"kksr-icon\" style=\"width: 24px; height: 24px;\"><\/div>\n        <\/div>\n            <div class=\"kksr-star\" style=\"padding-right: 5px\">\n            \n\n<div class=\"kksr-icon\" style=\"width: 24px; height: 24px;\"><\/div>\n        <\/div>\n    <\/div>\n<\/div>\n                \n\n<div class=\"kksr-legend\" style=\"font-size: 19.2px;\">\n            3.2\/5 - (32 votos)    <\/div>\n    <\/div>\n","protected":false},"excerpt":{"rendered":"<p>Cuidar la piel para mantenerla joven no solo significa seguir la rigurosa rutina coreana con una doble limpieza y mucha hidrataci\u00f3n. Para una piel sana y luminosa a largo plazo tambi\u00e9n es importante cuidarla de los agentes externos que pueden producir manchas, arrugas y otros efectos secundarios. Si est\u00e1s experimentando la hiperpigmentaci\u00f3n en tu propia [&hellip;]<\/p>\n","protected":false},"author":14,"featured_media":109267,"comment_status":"open","ping_status":"open","sticky":false,"template":"","format":"standard","meta":{"jnews-multi-image_gallery":[],"jnews_single_post":{"subtitle":"","format":"standard","video":"","gallery":"","source_name":"","source_url":"","via_name":"","via_url":"","override_template":"0","override":[{"template":"1","single_blog_custom":"","parallax":"1","fullscreen":"1","layout":"right-sidebar","sidebar":"home-2","second_sidebar":"default-sidebar","sticky_sidebar":"0","share_position":"float","share_float_style":"share-monocrhome","show_share_counter":"0","show_view_counter":"0","show_featured":"1","show_post_meta":"1","show_post_author":"0","show_post_author_image":"1","show_post_date":"1","post_date_format":"default","post_date_format_custom":"Y\/m\/d","show_post_category":"1","show_post_reading_time":"0","post_reading_time_wpm":"300","show_zoom_button":"0","zoom_button_out_step":"2","zoom_button_in_step":"3","show_post_tag":"0","show_prev_next_post":"0","show_popup_post":"0","number_popup_post":"2","show_author_box":"0","show_post_related":"0","show_inline_post_related":"1"}],"override_image_size":"0","image_override":[{"single_post_thumbnail_size":"no-crop","single_post_gallery_size":"crop-500"}],"trending_post":"0","trending_post_position":"meta","trending_post_label":"Trending","sponsored_post":"0","sponsored_post_label":"Sponsored by","sponsored_post_name":"","sponsored_post_url":"","sponsored_post_logo_enable":"0","sponsored_post_logo":"","sponsored_post_desc":"","disable_ad":"0"},"jnews_primary_category":{"id":"","hide":""},"jnews_social_meta":{"fb_title":"","fb_description":"","fb_image":"","twitter_title":"","twitter_description":"","twitter_image":""},"jnews_override_counter":{"override_view_counter":"0","view_counter_number":"0","override_share_counter":"0","share_counter_number":"0","override_like_counter":"0","like_counter_number":"0","override_dislike_counter":"0","dislike_counter_number":"0"},"footnotes":""},"categories":[29,1791],"tags":[],"class_list":["post-41672","post","type-post","status-publish","format-standard","has-post-thumbnail","hentry","category-cosmetica","category-cosmetica-facial"],"_links":{"self":[{"href":"https:\/\/www.primor.eu\/blog\/wp-json\/wp\/v2\/posts\/41672","targetHints":{"allow":["GET"]}}],"collection":[{"href":"https:\/\/www.primor.eu\/blog\/wp-json\/wp\/v2\/posts"}],"about":[{"href":"https:\/\/www.primor.eu\/blog\/wp-json\/wp\/v2\/types\/post"}],"author":[{"embeddable":true,"href":"https:\/\/www.primor.eu\/blog\/wp-json\/wp\/v2\/users\/14"}],"replies":[{"embeddable":true,"href":"https:\/\/www.primor.eu\/blog\/wp-json\/wp\/v2\/comments?post=41672"}],"version-history":[{"count":20,"href":"https:\/\/www.primor.eu\/blog\/wp-json\/wp\/v2\/posts\/41672\/revisions"}],"predecessor-version":[{"id":133479,"href":"https:\/\/www.primor.eu\/blog\/wp-json\/wp\/v2\/posts\/41672\/revisions\/133479"}],"wp:featuredmedia":[{"embeddable":true,"href":"https:\/\/www.primor.eu\/blog\/wp-json\/wp\/v2\/media\/109267"}],"wp:attachment":[{"href":"https:\/\/www.primor.eu\/blog\/wp-json\/wp\/v2\/media?parent=41672"}],"wp:term":[{"taxonomy":"category","embeddable":true,"href":"https:\/\/www.primor.eu\/blog\/wp-json\/wp\/v2\/categories?post=41672"},{"taxonomy":"post_tag","embeddable":true,"href":"https:\/\/www.primor.eu\/blog\/wp-json\/wp\/v2\/tags?post=41672"}],"curies":[{"name":"wp","href":"https:\/\/api.w.org\/{rel}","templated":true}]}}