{"id":41624,"date":"2025-01-20T13:09:43","date_gmt":"2025-01-20T13:09:43","guid":{"rendered":"https:\/\/blog.primor.eu\/?p=41624"},"modified":"2025-06-26T12:26:36","modified_gmt":"2025-06-26T12:26:36","slug":"cremas-faciales-para-la-piel-apagada","status":"publish","type":"post","link":"https:\/\/www.primor.eu\/blog\/cremas-faciales-para-la-piel-apagada\/","title":{"rendered":"Las mejores cremas para piel apagada: adi\u00f3s arrugas, hola luminosidad"},"content":{"rendered":"\n<p>La luminosidad del rostro es uno de los principales problemas de la piel, sobre todo con el paso de los a\u00f1os cuando esta va envejeciendo. Es entonces cuando debemos optar por <strong>cremas faciales para la piel apagada <\/strong>que consigan devolverle la luminosidad y el brillo natural para una <strong><a href=\"https:\/\/www.primor.eu\/blog\/cremas-con-colageno\/\">piel m\u00e1s joven<\/a><\/strong> y radiante.<\/p>\n\n\n\n<p>Las cremas faciales para la piel apagada act\u00faan aport\u00e1ndole un <strong>extra de <a href=\"https:\/\/www.primor.eu\/blog\/hidratacion-para-la-piel\/\">hidrataci\u00f3n<\/a><\/strong> al rostro lo que contribuye en una piel m\u00e1s joven y radiante. Gracias a estas cremas disponibles en Perfumer\u00edas Primor, notar\u00e1s los beneficios en la piel desde el primer d\u00eda de la aplicaci\u00f3n y con un uso continuado la piel se ver\u00e1 llena de luz. Un rostro visiblemente <strong>m\u00e1s joven <\/strong>desde el primer d\u00eda.<\/p>\n\n\n\n<h2 class=\"wp-block-heading\">Las mejores cremas para piel apagada<\/h2>\n\n\n        <product-table class=\"pr-slider\">\r\n            <product-headers class=\"grid-table-rows\">\r\n                <div>Foto<\/div>\r\n                <div>Producto<\/div>\r\n                <div>Marca<\/div>\r\n                <div>Valoraciones<\/div>\r\n                <div>Precio<\/div>\r\n            <\/product-headers>\r\n\r\n            <product-list>\r\n                                    <a href=\"https:\/\/www.primor.eu\/es_es\/natura-siberica-c-berrica-crema-de-dia-iluminadora-spf20-16076.html\" class=\"product-item grid-table-rows\" target=\"_blank\">\r\n                        <div>\r\n                            <img decoding=\"async\" class=\"product-img\" width=\"80px\" height=\"80px\" src=\"https:\/\/cdn2.primor.eu\/media\/catalog\/product\/cache\/8d3aba296f7a18b5251ee30fa5db42b2\/0\/T\/0TF19095_1_45f0.jpg\" alt=\"C-Berrica Crema de D\u00eda Iluminadora SPF20\">\r\n                        <\/div>\r\n\r\n                        <!-- Contenido de producto  -->\r\n                        <div>\r\n                            <div class=\"product-position\">\r\n                                #1 Top Ventas                            <\/div>\r\n\r\n                            <h2>\r\n                                C-Berrica Crema de D\u00eda Iluminadora SPF20                            <\/h2>\r\n                        <\/div>\r\n\r\n                        <!-- Imagen y\/o nombre de la marca -->\r\n                        <div>\r\n                                                            <img decoding=\"async\" width=\"70\" src=\"https:\/\/www.primor.eu\/media\/catalog\/category\/Natura_Siberica.jpg\" alt=\"\">\r\n                                                    <\/div>\r\n\r\n                        <!-- Puntuaci\u00f3n del producto  -->\r\n                        <div class=\"rating\">\r\n                                                            <div class=\"rate\" style=\"--p:100;\"><\/div>\r\n                                <b>5\/5<\/b>\r\n                                <div class=\"rate-stars\">\r\n                                                                            <div\r\n                                            class=\"rate-star  \">\r\n                                        <\/div>\r\n                                                                            <div\r\n                                            class=\"rate-star  \">\r\n                                        <\/div>\r\n                                                                            <div\r\n                                            class=\"rate-star  \">\r\n                                        <\/div>\r\n                                                                            <div\r\n                                            class=\"rate-star  \">\r\n                                        <\/div>\r\n                                                                            <div\r\n                                            class=\"rate-star  \">\r\n                                        <\/div>\r\n                                                                    <\/div>\r\n                                                    <\/div>\r\n\r\n                        <!-- Bot\u00f3n de producto  -->\r\n                        <div>\r\n                            <span class=\"price-claim\">\r\n                                VER PRECIO                            <\/span>\r\n                        <\/div>\r\n                    <\/a>\r\n                                    <a href=\"https:\/\/www.primor.eu\/es_es\/estee-lauder-crema-antiedad-revitalizing-supreme-soft-creme-106334.html?#854=66330\" class=\"product-item grid-table-rows\" target=\"_blank\">\r\n                        <div>\r\n                            <img decoding=\"async\" class=\"product-img\" width=\"80px\" height=\"80px\" src=\"https:\/\/cdn2.primor.eu\/media\/catalog\/product\/cache\/8d3aba296f7a18b5251ee30fa5db42b2\/0\/T\/0TF21785_1_000c.jpg\" alt=\"Crema Antiedad Revitalizing Supreme + Soft Creme\">\r\n                        <\/div>\r\n\r\n                        <!-- Contenido de producto  -->\r\n                        <div>\r\n                            <div class=\"product-position\">\r\n                                #2                            <\/div>\r\n\r\n                            <h2>\r\n                                Crema Antiedad Revitalizing Supreme + Soft Creme                            <\/h2>\r\n                        <\/div>\r\n\r\n                        <!-- Imagen y\/o nombre de la marca -->\r\n                        <div>\r\n                                                            <img decoding=\"async\" width=\"70\" src=\"https:\/\/www.primor.eu\/media\/catalog\/category\/Estee_Lauder.png\" alt=\"Est\u00e9e Lauder\">\r\n                                                    <\/div>\r\n\r\n                        <!-- Puntuaci\u00f3n del producto  -->\r\n                        <div class=\"rating\">\r\n                                                            <div class=\"rate\" style=\"--p:96;\"><\/div>\r\n                                <b>4.8\/5<\/b>\r\n                                <div class=\"rate-stars\">\r\n                                                                            <div\r\n                                            class=\"rate-star  \">\r\n                                        <\/div>\r\n                                                                            <div\r\n                                            class=\"rate-star  \">\r\n                                        <\/div>\r\n                                                                            <div\r\n                                            class=\"rate-star  \">\r\n                                        <\/div>\r\n                                                                            <div\r\n                                            class=\"rate-star  \">\r\n                                        <\/div>\r\n                                                                            <div\r\n                                            class=\"rate-star  \">\r\n                                        <\/div>\r\n                                                                    <\/div>\r\n                                                    <\/div>\r\n\r\n                        <!-- Bot\u00f3n de producto  -->\r\n                        <div>\r\n                            <span class=\"price-claim\">\r\n                                VER PRECIO                            <\/span>\r\n                        <\/div>\r\n                    <\/a>\r\n                                    <a href=\"https:\/\/www.primor.eu\/es_es\/anne-moller-stimulage-glow-firming-rich-crema-de-dia-iluminadora-reafirmante-spf15-17958.html\" class=\"product-item grid-table-rows\" target=\"_blank\">\r\n                        <div>\r\n                            <img decoding=\"async\" class=\"product-img\" width=\"80px\" height=\"80px\" src=\"https:\/\/cdn2.primor.eu\/media\/catalog\/product\/cache\/8d3aba296f7a18b5251ee30fa5db42b2\/0\/T\/0TF21999_1_c713.jpg\" alt=\"Stimul\u00e2ge Glow Firming Rich Crema de d\u00eda Iluminadora Reafirmante SPF15\">\r\n                        <\/div>\r\n\r\n                        <!-- Contenido de producto  -->\r\n                        <div>\r\n                            <div class=\"product-position\">\r\n                                #3                            <\/div>\r\n\r\n                            <h2>\r\n                                Stimul\u00e2ge Glow Firming Rich Crema de d\u00eda Iluminadora Reafirmante SPF15                            <\/h2>\r\n                        <\/div>\r\n\r\n                        <!-- Imagen y\/o nombre de la marca -->\r\n                        <div>\r\n                                                            <img decoding=\"async\" width=\"70\" src=\"https:\/\/www.primor.eu\/media\/catalog\/category\/AnneMoller_1.png\" alt=\"\">\r\n                                                    <\/div>\r\n\r\n                        <!-- Puntuaci\u00f3n del producto  -->\r\n                        <div class=\"rating\">\r\n                                                            <div class=\"rate\" style=\"--p:92;\"><\/div>\r\n                                <b>4.6\/5<\/b>\r\n                                <div class=\"rate-stars\">\r\n                                                                            <div\r\n                                            class=\"rate-star  \">\r\n                                        <\/div>\r\n                                                                            <div\r\n                                            class=\"rate-star  \">\r\n                                        <\/div>\r\n                                                                            <div\r\n                                            class=\"rate-star  \">\r\n                                        <\/div>\r\n                                                                            <div\r\n                                            class=\"rate-star  \">\r\n                                        <\/div>\r\n                                                                            <div\r\n                                            class=\"rate-star  \">\r\n                                        <\/div>\r\n                                                                    <\/div>\r\n                                                    <\/div>\r\n\r\n                        <!-- Bot\u00f3n de producto  -->\r\n                        <div>\r\n                            <span class=\"price-claim\">\r\n                                VER PRECIO                            <\/span>\r\n                        <\/div>\r\n                    <\/a>\r\n                                    <a href=\"https:\/\/www.primor.eu\/es_es\/ziaja-crema-facial-revitalizante-argan-natural-14448.html\" class=\"product-item grid-table-rows\" target=\"_blank\">\r\n                        <div>\r\n                            <img decoding=\"async\" class=\"product-img\" width=\"80px\" height=\"80px\" src=\"https:\/\/cdn2.primor.eu\/media\/catalog\/product\/cache\/8d3aba296f7a18b5251ee30fa5db42b2\/0\/T\/0TF10238_1_bc42.jpg\" alt=\"Crema Facial Revitalizante Argan Natural\">\r\n                        <\/div>\r\n\r\n                        <!-- Contenido de producto  -->\r\n                        <div>\r\n                            <div class=\"product-position\">\r\n                                #4                            <\/div>\r\n\r\n                            <h2>\r\n                                Crema Facial Revitalizante Argan Natural                            <\/h2>\r\n                        <\/div>\r\n\r\n                        <!-- Imagen y\/o nombre de la marca -->\r\n                        <div>\r\n                                                            <img decoding=\"async\" width=\"70\" src=\"https:\/\/www.primor.eu\/media\/catalog\/category\/logo_ZIAJA.png\" alt=\"\">\r\n                                                    <\/div>\r\n\r\n                        <!-- Puntuaci\u00f3n del producto  -->\r\n                        <div class=\"rating\">\r\n                                                            <div class=\"rate\" style=\"--p:92;\"><\/div>\r\n                                <b>4.6\/5<\/b>\r\n                                <div class=\"rate-stars\">\r\n                                                                            <div\r\n                                            class=\"rate-star  \">\r\n                                        <\/div>\r\n                                                                            <div\r\n                                            class=\"rate-star  \">\r\n                                        <\/div>\r\n                                                                            <div\r\n                                            class=\"rate-star  \">\r\n                                        <\/div>\r\n                                                                            <div\r\n                                            class=\"rate-star  \">\r\n                                        <\/div>\r\n                                                                            <div\r\n                                            class=\"rate-star  \">\r\n                                        <\/div>\r\n                                                                    <\/div>\r\n                                                    <\/div>\r\n\r\n                        <!-- Bot\u00f3n de producto  -->\r\n                        <div>\r\n                            <span class=\"price-claim\">\r\n                                VER PRECIO                            <\/span>\r\n                        <\/div>\r\n                    <\/a>\r\n                                    <a href=\"https:\/\/www.primor.eu\/es_es\/germinal-accion-inmediata-radiance-lifting-17534.html\" class=\"product-item grid-table-rows\" target=\"_blank\">\r\n                        <div>\r\n                            <img decoding=\"async\" class=\"product-img\" width=\"80px\" height=\"80px\" src=\"https:\/\/cdn2.primor.eu\/media\/catalog\/product\/cache\/8d3aba296f7a18b5251ee30fa5db42b2\/8\/4\/8430445318736_1_b6fe.jpg\" alt=\"Acci\u00f3n Inmediata Radiance Lifting\">\r\n                        <\/div>\r\n\r\n                        <!-- Contenido de producto  -->\r\n                        <div>\r\n                            <div class=\"product-position\">\r\n                                #5                            <\/div>\r\n\r\n                            <h2>\r\n                                Acci\u00f3n Inmediata Radiance Lifting                            <\/h2>\r\n                        <\/div>\r\n\r\n                        <!-- Imagen y\/o nombre de la marca -->\r\n                        <div>\r\n                                                            <img decoding=\"async\" width=\"70\" src=\"https:\/\/www.primor.eu\/media\/catalog\/category\/Germinal.jpg\" alt=\"\">\r\n                                                    <\/div>\r\n\r\n                        <!-- Puntuaci\u00f3n del producto  -->\r\n                        <div class=\"rating\">\r\n                                                            <div class=\"rate\" style=\"--p:100;\"><\/div>\r\n                                <b>5\/5<\/b>\r\n                                <div class=\"rate-stars\">\r\n                                                                            <div\r\n                                            class=\"rate-star  \">\r\n                                        <\/div>\r\n                                                                            <div\r\n                                            class=\"rate-star  \">\r\n                                        <\/div>\r\n                                                                            <div\r\n                                            class=\"rate-star  \">\r\n                                        <\/div>\r\n                                                                            <div\r\n                                            class=\"rate-star  \">\r\n                                        <\/div>\r\n                                                                            <div\r\n                                            class=\"rate-star  \">\r\n                                        <\/div>\r\n                                                                    <\/div>\r\n                                                    <\/div>\r\n\r\n                        <!-- Bot\u00f3n de producto  -->\r\n                        <div>\r\n                            <span class=\"price-claim\">\r\n                                VER PRECIO                            <\/span>\r\n                        <\/div>\r\n                    <\/a>\r\n                            <\/product-list>\r\n        <\/product-table>\r\n\r\n        \n\n\n\n<h3 class=\"wp-block-heading\">C-Berrica Crema de D\u00eda Iluminadora SPF20 de Natura Siberica<\/h3>\n\n\n\n<p>La crema de Natura Siberica act\u00faa refrescando la piel y dej\u00e1ndola con un brillo natural gracias al aceite de oblepikha de Alt\u00e1i que hidrata en profundidad a la vez que promueve la formaci\u00f3n de col\u00e1geno. Adem\u00e1s, la niacinamida es otro de los ingredientes que calma las rojeces, es antioxidante y contribuye a disminuir las arrugas.<\/p>\n\n\n    <a class='product' target='_blank' href='https:\/\/www.primor.eu\/es_es\/natura-siberica-c-berrica-crema-de-dia-iluminadora-spf20-16076.html'>\r\n        <img loading='async' src='https:\/\/cdn2.primor.eu\/media\/catalog\/product\/cache\/8d3aba296f7a18b5251ee30fa5db42b2\/0\/T\/0TF19095_1_45f0.jpg' alt='COMPRAR AHORA'>\r\n            <div class=\"claim\">\r\n                COMPRAR AHORA            <\/div>\r\n        <\/a>\r\n    \n\n\n\n<h3 class=\"wp-block-heading\">Crema Antiedad Revitalizing Supreme + de Est\u00e9e Lauder<\/h3>\n\n\n\n<p>Un rostro radiante, terso y muy luminoso que potencia la belleza natural de la piel gracias a a su exclusiva tecnolog\u00eda RevitaKey TM, combinado con su famoso extracto de Moringa. Una crema que act\u00faa combatiendo los signos del envejecimiento por lo que est\u00e1 formulada especialmente para las pieles maduras.<\/p>\n\n\n    <a class='product' target='_blank' href='https:\/\/www.primor.eu\/es_es\/estee-lauder-crema-antiedad-revitalizing-supreme-soft-creme-106334.html?#854=66330'>\r\n        <img loading='async' src='https:\/\/cdn2.primor.eu\/media\/catalog\/product\/cache\/8d3aba296f7a18b5251ee30fa5db42b2\/0\/T\/0TF21785_1_000c.jpg' alt='COMPRAR AHORA'>\r\n            <div class=\"claim\">\r\n                COMPRAR AHORA            <\/div>\r\n        <\/a>\r\n    \n\n\n\n<h3 class=\"wp-block-heading\">Stimul\u00e2ge Glow Firming Crema de d\u00eda Iluminadora Reafirmante SPF15 de Anne M\u00f6ller<\/h3>\n\n\n\n<p>Prolonga la juventud de la piel perfeccionando la hidrataci\u00f3n, firmeza y aportando luminosidad. Gracias a ingredientes como el extracto de equin\u00e1cea purp\u00farea y las vitaminas C y E, tiene un gran poder antioxidante y act\u00faa como escudo frente a los agentes externos que aceleran el envejecimiento de la piel. Es apto tanto para pieles normales como mixtas con un aspecto m\u00e1s apagado.<\/p>\n\n\n    <a class='product' target='_blank' href='https:\/\/www.primor.eu\/es_es\/anne-moller-stimulage-glow-firming-rich-crema-de-dia-iluminadora-reafirmante-spf15-17958.html'>\r\n        <img loading='async' src='https:\/\/cdn2.primor.eu\/media\/catalog\/product\/cache\/8d3aba296f7a18b5251ee30fa5db42b2\/0\/T\/0TF21999_1_c713.jpg' alt='COMPRAR AHORA'>\r\n            <div class=\"claim\">\r\n                COMPRAR AHORA            <\/div>\r\n        <\/a>\r\n    \n\n\n\n<h3 class=\"wp-block-heading\">Crema Facial Revitalizante Argan Natural de Ziaja<\/h3>\n\n\n\n<p>La crema revitalizante de Ziaja contiene Arg\u00e1n Natural que ayuda a reforzar los mecanismos naturales de defensa, favorece la hidrataci\u00f3n y deja la piel suave y el\u00e1stica. Se recomienda poner una peque\u00f1a cantidad sobre la piel siempre limpia y masajear la piel para una mejor aplicaci\u00f3n del producto.<\/p>\n\n\n    <a class='product' target='_blank' href='https:\/\/www.primor.eu\/es_es\/ziaja-crema-facial-revitalizante-argan-natural-14448.html'>\r\n        <img loading='async' src='https:\/\/cdn2.primor.eu\/media\/catalog\/product\/cache\/8d3aba296f7a18b5251ee30fa5db42b2\/0\/T\/0TF10238_1_bc42.jpg' alt='COMPRAR AHORA'>\r\n            <div class=\"claim\">\r\n                COMPRAR AHORA            <\/div>\r\n        <\/a>\r\n    \n\n\n\n<h3 class=\"wp-block-heading\">Acci\u00f3n Inmediata Radiance Lifting de Germinal<\/h3>\n\n\n\n<p>M\u00e1s de ocho horas de una piel tersa e iluminada gracias a la acci\u00f3n de activos como las prote\u00ednas de trigo que act\u00faan tensando y nutriendo la piel, el extracto de levadura que nutre y mejora su aspecto, o el extracto de Ginseng que aporta luminosidad a la vez que tonifica la piel y le aporta elastina.<\/p>\n\n\n    <a class='product' target='_blank' href='https:\/\/www.primor.eu\/es_es\/germinal-accion-inmediata-radiance-lifting-17534.html'>\r\n        <img loading='async' src='https:\/\/cdn2.primor.eu\/media\/catalog\/product\/cache\/8d3aba296f7a18b5251ee30fa5db42b2\/8\/4\/8430445318736_1_b6fe.jpg' alt='COMPRAR AHORA'>\r\n            <div class=\"claim\">\r\n                COMPRAR AHORA            <\/div>\r\n        <\/a>\r\n    \n\n\n\n<h3 class=\"wp-block-heading\">Gel Crema De D\u00eda Vitamina C + AHA24 de Olay<\/h3>\n\n\n\n<p>Una piel radiante y un tono de piel uniforme con aroma c\u00edtrico con la crema de d\u00eda de Olay que hidrata intensamente la piel durante 24 horas, aport\u00e1ndole luminosidad en tan solo un d\u00eda y un tono y una textura m\u00e1s uniforme en 14 d\u00edas gracias a ingredientes como como la Vitamina C, el AHA y la Niacinamida.<\/p>\n\n\n    <a class='product' target='_blank' href='https:\/\/www.primor.eu\/es_es\/olay-gel-crema-de-dia-vitamina-c-aha24-17674.html'>\r\n        <img loading='async' src='https:\/\/cdn2.primor.eu\/media\/catalog\/product\/cache\/8d3aba296f7a18b5251ee30fa5db42b2\/0\/8\/08700216223843_80826392_PRODUCT_IMAGE_IN_PACKAGE_TOP_CENTER_2000X2000_1_SPANISH_8604.jpg' alt='COMPRAR AHORA'>\r\n            <div class=\"claim\">\r\n                COMPRAR AHORA            <\/div>\r\n        <\/a>\r\n    \n\n\n\n<h3 class=\"wp-block-heading\">Crema Hidratante Iluminadora Mini Strobe de Mac<\/h3>\n\n\n\n<p>Es una crema hidratante que ilumina la piel apagada con part\u00edculas perladas y con un gran contenido de sustancias bot\u00e1nicas que refrescan e hidratan. Revitaliza el aspecto de la piel apagada o cansada gracias a sus vitaminas y a una megadosis de t\u00e9 verde.<\/p>\n\n\n    <a class='product' target='_blank' href='https:\/\/www.primor.eu\/es_es\/mac-strobe-cream-hydratant-lumineux-crema-hidratante-iluminadora-67616.html'>\r\n        <img loading='async' src='https:\/\/cdn2.primor.eu\/media\/catalog\/product\/cache\/8d3aba296f7a18b5251ee30fa5db42b2\/0\/M\/0MR22506_1_f414.jpg' alt='COMPRAR AHORA'>\r\n            <div class=\"claim\">\r\n                COMPRAR AHORA            <\/div>\r\n        <\/a>\r\n    \n\n\n\n<h3 class=\"wp-block-heading\">Even Better Clinical Crema Hidratante Iluminadora de Clinique<\/h3>\n\n\n\n<p>Ayuda a mejorar visiblemente m\u00faltiples dimensiones de la decoloraci\u00f3n: contraste de manchas oscuras, intensidad de las manchas oscuras, opacidad y enrojecimiento causado por la irritaci\u00f3n.<\/p>\n\n\n    <a class='product' target='_blank' href='https:\/\/www.primor.eu\/es_es\/clinique-even-better-clinical-crema-hidratante-iluminadora-76022.html'>\r\n        <img loading='async' src='https:\/\/cdn2.primor.eu\/media\/catalog\/product\/cache\/8d3aba296f7a18b5251ee30fa5db42b2\/e\/v\/even_better_clinical_crema_hidratante_iluminadora_3d64.jpg' alt='COMPRAR AHORA'>\r\n            <div class=\"claim\">\r\n                COMPRAR AHORA            <\/div>\r\n        <\/a>\r\n    \n\n\n\n<h3 class=\"wp-block-heading\">Crema Iluminadora Vitamina C de Byphasse<\/h3>\n\n\n\n<p>Esta crema facial enriquecida con Vitamina E y Vitamina C con efecto antioxidante revitaliza el rostro y previene el envejecimiento prematuro de la piel. Tras la aplicaci\u00f3n continua conseguir\u00e1s hidratar profundamente tu piel, recuperando la elasticidad y el brillo natural para que tu rostro permanezca luminoso.<\/p>\n\n\n    <a class='product' target='_blank' href='https:\/\/www.primor.eu\/es_es\/byphasse-crema-iluminadora-vitamina-c-77906.html'>\r\n        <img loading='async' src='https:\/\/cdn2.primor.eu\/media\/catalog\/product\/cache\/8d3aba296f7a18b5251ee30fa5db42b2\/c\/r\/crema_iluminadora_vitamina_c_b867.jpg' alt='COMPRAR AHORA'>\r\n            <div class=\"claim\">\r\n                COMPRAR AHORA            <\/div>\r\n        <\/a>\r\n    \n\n\n\n<h3 class=\"wp-block-heading\">Vitamin C &amp; Vitamin E Crema Hidratante e Iluminadora de Dr Botanicals<\/h3>\n\n\n\n<p>Est\u00e1 formulada con ingredientes como la vitamina C, que ayuda a unificar el tono de la piel, mejorando su textura para un cutis m\u00e1s radiante. Adem\u00e1s, la vitamina E act\u00faa como un potente antioxidante, protegiendo la piel de las agresiones externas y reduciendo los signos del envejecimiento prematuro. La combinaci\u00f3n de estos ingredientes junto con el aceite de coco proporciona una hidrataci\u00f3n profunda, dejando la piel suave, flexible y con una sensaci\u00f3n de frescura.<\/p>\n\n\n    <a class='product' target='_blank' href='https:\/\/www.primor.eu\/es_es\/dr-botanicals-vitamin-c-vitamin-e-crema-hidratante-e-iluminadora-118887.html'>\r\n        <img loading='async' src='https:\/\/cdn2.primor.eu\/media\/catalog\/product\/cache\/8d3aba296f7a18b5251ee30fa5db42b2\/R\/D\/RDB522_closed_0b14.jpg' alt='COMPRAR AHORA'>\r\n            <div class=\"claim\">\r\n                COMPRAR AHORA            <\/div>\r\n        <\/a>\r\n    \n\n\n\n<h3 class=\"wp-block-heading\">Hyaluron-filler Vitamin C Booster S\u00e9rum Antiedad de Eucerin<\/h3>\n\n\n\n<p>Experimenta la revoluci\u00f3n del cuidado de la piel con este s\u00e9rum antiedad de Eucerin que presenta un 10% de vitamina C, activada al instante para todo tipo de pieles. Este s\u00e9rum de r\u00e1pida absorci\u00f3n fortalece y suaviza la piel, rellenando las arrugas y proporcionando un aspecto m\u00e1s fresco y luminoso en tan solo siete d\u00edas.<\/p>\n\n\n    <a class='product' target='_blank' href='https:\/\/www.primor.eu\/es_es\/eucerin-hyaluron-filler-vitamin-c-booster-serum-antiedad-106617.html?#846=66145'>\r\n        <img loading='async' src='https:\/\/cdn2.primor.eu\/media\/catalog\/product\/cache\/8d3aba296f7a18b5251ee30fa5db42b2\/4\/0\/4005900598684_4ec7.jpg' alt='COMPRAR AHORA'>\r\n            <div class=\"claim\">\r\n                COMPRAR AHORA            <\/div>\r\n        <\/a>\r\n    \n\n\n\n<h3 class=\"wp-block-heading\">Eau Thermale Dermabsolu Crema de Noche Intensiva Reestructurante de Avene<\/h3>\n\n\n\n<p>Formulada espec\u00edficamente para combatir los signos visibles del envejecimiento. Con el paso del tiempo, la piel puede perder densidad y luminosidad, lo que afecta la firmeza del rostro, un fen\u00f3meno conocido como \"inversi\u00f3n del tri\u00e1ngulo de la juventud\". Esta crema de noche de la marca AV\u00c8NE se enfoca en problemas de flacidez, sequedad y tono desigual, ofreciendo una soluci\u00f3n efectiva. Est\u00e1 enriquecida con un tr\u00edo de activos: Bakuchiol (1%), pro-ceramidas (2.1%) y niacinamida (2%), que trabajan en conjunto para redensificar, reestructurar y nutrir intensamente la piel sensible. Con su uso, notar\u00e1s una mejora en la firmeza y el confort de tu piel.<\/p>\n\n\n    <a class='product' target='_blank' href='https:\/\/www.primor.eu\/es_es\/avene-eau-thermale-dermabsolu-crema-de-noche-intensiva-reestructurante-116514.html'>\r\n        <img loading='async' src='https:\/\/cdn2.primor.eu\/media\/catalog\/product\/cache\/8d3aba296f7a18b5251ee30fa5db42b2\/3\/2\/3282770395990_AVENE_DERMABSOLU_CREMA_DE_NOCHE_INTENSIVA_40ML_f6a9.jpg' alt='COMPRAR AHORA'>\r\n            <div class=\"claim\">\r\n                COMPRAR AHORA            <\/div>\r\n        <\/a>\r\n    \n\n\n<div class=\"kk-star-ratings kksr-auto kksr-align-center kksr-valign-bottom\"\n    data-payload='{&quot;align&quot;:&quot;center&quot;,&quot;id&quot;:&quot;41624&quot;,&quot;slug&quot;:&quot;default&quot;,&quot;valign&quot;:&quot;bottom&quot;,&quot;ignore&quot;:&quot;&quot;,&quot;reference&quot;:&quot;auto&quot;,&quot;class&quot;:&quot;&quot;,&quot;count&quot;:&quot;4&quot;,&quot;legendonly&quot;:&quot;&quot;,&quot;readonly&quot;:&quot;&quot;,&quot;score&quot;:&quot;4.5&quot;,&quot;starsonly&quot;:&quot;&quot;,&quot;best&quot;:&quot;5&quot;,&quot;gap&quot;:&quot;5&quot;,&quot;greet&quot;:&quot;Valora este art\u00edculo&quot;,&quot;legend&quot;:&quot;4.5\\\/5 - (4 votos)&quot;,&quot;size&quot;:&quot;24&quot;,&quot;title&quot;:&quot;Las mejores cremas para piel apagada: adi\u00f3s arrugas, hola luminosidad&quot;,&quot;width&quot;:&quot;128&quot;,&quot;_legend&quot;:&quot;{score}\\\/{best} - ({count} {votes})&quot;,&quot;font_factor&quot;:&quot;1.25&quot;}'>\n            \n<div class=\"kksr-stars\">\n    \n<div class=\"kksr-stars-inactive\">\n            <div class=\"kksr-star\" data-star=\"1\" style=\"padding-right: 5px\">\n            \n\n<div class=\"kksr-icon\" style=\"width: 24px; height: 24px;\"><\/div>\n        <\/div>\n            <div class=\"kksr-star\" data-star=\"2\" style=\"padding-right: 5px\">\n            \n\n<div class=\"kksr-icon\" style=\"width: 24px; height: 24px;\"><\/div>\n        <\/div>\n            <div class=\"kksr-star\" data-star=\"3\" style=\"padding-right: 5px\">\n            \n\n<div class=\"kksr-icon\" style=\"width: 24px; height: 24px;\"><\/div>\n        <\/div>\n            <div class=\"kksr-star\" data-star=\"4\" style=\"padding-right: 5px\">\n            \n\n<div class=\"kksr-icon\" style=\"width: 24px; height: 24px;\"><\/div>\n        <\/div>\n            <div class=\"kksr-star\" data-star=\"5\" style=\"padding-right: 5px\">\n            \n\n<div class=\"kksr-icon\" style=\"width: 24px; height: 24px;\"><\/div>\n        <\/div>\n    <\/div>\n    \n<div class=\"kksr-stars-active\" style=\"width: 128px;\">\n            <div class=\"kksr-star\" style=\"padding-right: 5px\">\n            \n\n<div class=\"kksr-icon\" style=\"width: 24px; height: 24px;\"><\/div>\n        <\/div>\n            <div class=\"kksr-star\" style=\"padding-right: 5px\">\n            \n\n<div class=\"kksr-icon\" style=\"width: 24px; height: 24px;\"><\/div>\n        <\/div>\n            <div class=\"kksr-star\" style=\"padding-right: 5px\">\n            \n\n<div class=\"kksr-icon\" style=\"width: 24px; height: 24px;\"><\/div>\n        <\/div>\n            <div class=\"kksr-star\" style=\"padding-right: 5px\">\n            \n\n<div class=\"kksr-icon\" style=\"width: 24px; height: 24px;\"><\/div>\n        <\/div>\n            <div class=\"kksr-star\" style=\"padding-right: 5px\">\n            \n\n<div class=\"kksr-icon\" style=\"width: 24px; height: 24px;\"><\/div>\n        <\/div>\n    <\/div>\n<\/div>\n                \n\n<div class=\"kksr-legend\" style=\"font-size: 19.2px;\">\n            4.5\/5 - (4 votos)    <\/div>\n    <\/div>\n","protected":false},"excerpt":{"rendered":"<p>La luminosidad del rostro es uno de los principales problemas de la piel, sobre todo con el paso de los a\u00f1os cuando esta va envejeciendo. Es entonces cuando debemos optar por cremas faciales para la piel apagada que consigan devolverle la luminosidad y el brillo natural para una piel m\u00e1s joven y radiante. Las cremas [&hellip;]<\/p>\n","protected":false},"author":14,"featured_media":120598,"comment_status":"open","ping_status":"open","sticky":false,"template":"","format":"standard","meta":{"jnews-multi-image_gallery":[],"jnews_single_post":{"subtitle":"","format":"standard","video":"","gallery":"","source_name":"","source_url":"","via_name":"","via_url":"","override_template":"0","override":[{"template":"1","single_blog_custom":"","parallax":"1","fullscreen":"1","layout":"right-sidebar","sidebar":"home-2","second_sidebar":"default-sidebar","sticky_sidebar":"0","share_position":"float","share_float_style":"share-monocrhome","show_share_counter":"1","show_view_counter":"1","show_featured":"1","show_post_meta":"1","show_post_author":"0","show_post_author_image":"1","show_post_date":"1","post_date_format":"default","post_date_format_custom":"Y\/m\/d","show_post_category":"1","show_post_reading_time":"0","post_reading_time_wpm":"300","show_zoom_button":"0","zoom_button_out_step":"2","zoom_button_in_step":"3","show_post_tag":"0","show_prev_next_post":"1","show_popup_post":"1","number_popup_post":"2","show_author_box":"0","show_post_related":"0","show_inline_post_related":"0"}],"override_image_size":"0","image_override":[{"single_post_thumbnail_size":"crop-500","single_post_gallery_size":"crop-500"}],"trending_post":"0","trending_post_position":"meta","trending_post_label":"Trending","sponsored_post":"0","sponsored_post_label":"Sponsored by","sponsored_post_name":"","sponsored_post_url":"","sponsored_post_logo_enable":"0","sponsored_post_logo":"","sponsored_post_desc":"","disable_ad":"0"},"jnews_primary_category":{"id":"","hide":""},"jnews_social_meta":{"fb_title":"","fb_description":"","fb_image":"","twitter_title":"","twitter_description":"","twitter_image":""},"jnews_override_counter":{"override_view_counter":"0","view_counter_number":"0","override_share_counter":"0","share_counter_number":"0","override_like_counter":"0","like_counter_number":"0","override_dislike_counter":"0","dislike_counter_number":"0"},"footnotes":""},"categories":[29,1791],"tags":[],"class_list":["post-41624","post","type-post","status-publish","format-standard","has-post-thumbnail","hentry","category-cosmetica","category-cosmetica-facial"],"_links":{"self":[{"href":"https:\/\/www.primor.eu\/blog\/wp-json\/wp\/v2\/posts\/41624","targetHints":{"allow":["GET"]}}],"collection":[{"href":"https:\/\/www.primor.eu\/blog\/wp-json\/wp\/v2\/posts"}],"about":[{"href":"https:\/\/www.primor.eu\/blog\/wp-json\/wp\/v2\/types\/post"}],"author":[{"embeddable":true,"href":"https:\/\/www.primor.eu\/blog\/wp-json\/wp\/v2\/users\/14"}],"replies":[{"embeddable":true,"href":"https:\/\/www.primor.eu\/blog\/wp-json\/wp\/v2\/comments?post=41624"}],"version-history":[{"count":5,"href":"https:\/\/www.primor.eu\/blog\/wp-json\/wp\/v2\/posts\/41624\/revisions"}],"predecessor-version":[{"id":128042,"href":"https:\/\/www.primor.eu\/blog\/wp-json\/wp\/v2\/posts\/41624\/revisions\/128042"}],"wp:featuredmedia":[{"embeddable":true,"href":"https:\/\/www.primor.eu\/blog\/wp-json\/wp\/v2\/media\/120598"}],"wp:attachment":[{"href":"https:\/\/www.primor.eu\/blog\/wp-json\/wp\/v2\/media?parent=41624"}],"wp:term":[{"taxonomy":"category","embeddable":true,"href":"https:\/\/www.primor.eu\/blog\/wp-json\/wp\/v2\/categories?post=41624"},{"taxonomy":"post_tag","embeddable":true,"href":"https:\/\/www.primor.eu\/blog\/wp-json\/wp\/v2\/tags?post=41624"}],"curies":[{"name":"wp","href":"https:\/\/api.w.org\/{rel}","templated":true}]}}