{"id":41377,"date":"2025-05-30T13:34:20","date_gmt":"2025-05-30T13:34:20","guid":{"rendered":"https:\/\/blog.primor.eu\/?p=41377"},"modified":"2025-05-30T13:34:45","modified_gmt":"2025-05-30T13:34:45","slug":"la-mejor-crema-para-pies-secos-y-agrietados","status":"publish","type":"post","link":"https:\/\/www.primor.eu\/blog\/la-mejor-crema-para-pies-secos-y-agrietados\/","title":{"rendered":"Esta es la mejor crema para pies secos y agrietados que debes incorporar en tu rutina diaria seg\u00fan los expertos"},"content":{"rendered":"\n<p>A menudo nos olvidamos de cuidar una parte muy importante de nuestro cuerpo, los <a href=\"https:\/\/www.primor.eu\/es_es\/cuidado-de-piernas-y-pies\">pies<\/a>. Al igual que s\u00ed que recordamos hacernos una buena pedicura para que nuestras <a href=\"https:\/\/www.primor.eu\/blog\/tipo-de-lima-de-unas\/\">u\u00f1as<\/a> luzcan bonitas con las sandalias, tambi\u00e9n debemos prestar atenci\u00f3n a<strong> la hidrataci\u00f3n<\/strong> de estos. <strong>Especialmente los talones<\/strong> ya que es una de las partes que m\u00e1s se ven en verano, aunque no nos demos cuenta. Por eso, aqu\u00ed va la mejor <strong>crema para pies secos<\/strong> y agrietados..<\/p>\n\n\n\n<p>Los pies se enfrentan cada d\u00eda a las agresiones que puede producir el calzado, desde las posibles heridas, rozaduras y la condensaci\u00f3n del uso de calcetines o medias que puede desembocar en <strong>infecciones y hongos<\/strong>. Es por eso que el cuidado diario es esencial, desde <strong>una buena higiene <\/strong>y un secado por completo al salir de la ducha, hasta una exfoliaci\u00f3n para terminar el d\u00eda con una crema hidratante aplicada con un buen masaje que se convierta a su vez en un momento de relajaci\u00f3n diario.&nbsp;<\/p>\n\n\n\n<h2 class=\"wp-block-heading\">Las 13 mejores cremas para pies secos y talones agrietados\u00a0<\/h2>\n\n\n        <product-table class=\"pr-slider\">\r\n            <product-headers class=\"grid-table-rows\">\r\n                <div>Foto<\/div>\r\n                <div>Producto<\/div>\r\n                <div>Marca<\/div>\r\n                <div>Valoraciones<\/div>\r\n                <div>Precio<\/div>\r\n            <\/product-headers>\r\n\r\n            <product-list>\r\n                                    <a href=\"https:\/\/www.primor.eu\/es_es\/neutrogena-crema-de-pies-ultra-hidratante-13179.html\" class=\"product-item grid-table-rows\" target=\"_blank\">\r\n                        <div>\r\n                            <img decoding=\"async\" class=\"product-img\" width=\"80px\" height=\"80px\" src=\"https:\/\/www.primor.eu\/blog\/wp-content\/uploads\/2023\/12\/M_6XS01112_1_5a6e.jpg\" alt=\"Crema de Pies Ultra-Hidratante\">\r\n                        <\/div>\r\n\r\n                        <!-- Contenido de producto  -->\r\n                        <div>\r\n                            <div class=\"product-position\">\r\n                                #1 Top Ventas                            <\/div>\r\n\r\n                            <h2>\r\n                                Crema de Pies Ultra-Hidratante                            <\/h2>\r\n                        <\/div>\r\n\r\n                        <!-- Imagen y\/o nombre de la marca -->\r\n                        <div>\r\n                                                            <img decoding=\"async\" width=\"70\" src=\"https:\/\/www.primor.eu\/blog\/wp-content\/uploads\/2023\/11\/Neutrogena.jpg\" alt=\"91327\">\r\n                                                    <\/div>\r\n\r\n                        <!-- Puntuaci\u00f3n del producto  -->\r\n                        <div class=\"rating\">\r\n                                                            <div class=\"rate\" style=\"--p:100;\"><\/div>\r\n                                <b>5\/5<\/b>\r\n                                <div class=\"rate-stars\">\r\n                                                                            <div\r\n                                            class=\"rate-star  \">\r\n                                        <\/div>\r\n                                                                            <div\r\n                                            class=\"rate-star  \">\r\n                                        <\/div>\r\n                                                                            <div\r\n                                            class=\"rate-star  \">\r\n                                        <\/div>\r\n                                                                            <div\r\n                                            class=\"rate-star  \">\r\n                                        <\/div>\r\n                                                                            <div\r\n                                            class=\"rate-star  \">\r\n                                        <\/div>\r\n                                                                    <\/div>\r\n                                                    <\/div>\r\n\r\n                        <!-- Bot\u00f3n de producto  -->\r\n                        <div>\r\n                            <span class=\"price-claim\">\r\n                                VER PRECIO                            <\/span>\r\n                        <\/div>\r\n                    <\/a>\r\n                                    <a href=\"https:\/\/www.primor.eu\/es_es\/o-keeffe-s-healthy-feet-crema-para-pies-muy-secos-13187.html\" class=\"product-item grid-table-rows\" target=\"_blank\">\r\n                        <div>\r\n                            <img decoding=\"async\" class=\"product-img\" width=\"80px\" height=\"80px\" src=\"https:\/\/www.primor.eu\/blog\/wp-content\/uploads\/2023\/12\/M_6XS11748_1_c11b.jpg\" alt=\"Healthy Feet Crema para pies muy secos\">\r\n                        <\/div>\r\n\r\n                        <!-- Contenido de producto  -->\r\n                        <div>\r\n                            <div class=\"product-position\">\r\n                                #2                            <\/div>\r\n\r\n                            <h2>\r\n                                Healthy Feet Crema para pies muy secos                            <\/h2>\r\n                        <\/div>\r\n\r\n                        <!-- Imagen y\/o nombre de la marca -->\r\n                        <div>\r\n                                                            <img decoding=\"async\" width=\"70\" src=\"https:\/\/www.primor.eu\/blog\/wp-content\/uploads\/2023\/12\/O_Keeffe_s.jpg\" alt=\"93216\">\r\n                                                    <\/div>\r\n\r\n                        <!-- Puntuaci\u00f3n del producto  -->\r\n                        <div class=\"rating\">\r\n                                                            <div class=\"rate\" style=\"--p:80;\"><\/div>\r\n                                <b>4\/5<\/b>\r\n                                <div class=\"rate-stars\">\r\n                                                                            <div\r\n                                            class=\"rate-star  \">\r\n                                        <\/div>\r\n                                                                            <div\r\n                                            class=\"rate-star  \">\r\n                                        <\/div>\r\n                                                                            <div\r\n                                            class=\"rate-star  \">\r\n                                        <\/div>\r\n                                                                            <div\r\n                                            class=\"rate-star  \">\r\n                                        <\/div>\r\n                                                                            <div\r\n                                            class=\"rate-star disable \">\r\n                                        <\/div>\r\n                                                                    <\/div>\r\n                                                    <\/div>\r\n\r\n                        <!-- Bot\u00f3n de producto  -->\r\n                        <div>\r\n                            <span class=\"price-claim\">\r\n                                VER PRECIO                            <\/span>\r\n                        <\/div>\r\n                    <\/a>\r\n                                    <a href=\"https:\/\/www.primor.eu\/es_es\/dr-scholl-crema-para-talones-agrietados-12431.html\" class=\"product-item grid-table-rows\" target=\"_blank\">\r\n                        <div>\r\n                            <img decoding=\"async\" class=\"product-img\" width=\"80px\" height=\"80px\" src=\"https:\/\/www.primor.eu\/blog\/wp-content\/uploads\/2023\/12\/6VA06307_1_e145.jpg\" alt=\"Crema para Talones Agrietados\">\r\n                        <\/div>\r\n\r\n                        <!-- Contenido de producto  -->\r\n                        <div>\r\n                            <div class=\"product-position\">\r\n                                #3                            <\/div>\r\n\r\n                            <h2>\r\n                                Crema para Talones Agrietados                            <\/h2>\r\n                        <\/div>\r\n\r\n                        <!-- Imagen y\/o nombre de la marca -->\r\n                        <div>\r\n                                                            <img decoding=\"async\" width=\"70\" src=\"https:\/\/www.primor.eu\/blog\/wp-content\/uploads\/2023\/09\/Scholl_Logo_1.png\" alt=\"85253\">\r\n                                                    <\/div>\r\n\r\n                        <!-- Puntuaci\u00f3n del producto  -->\r\n                        <div class=\"rating\">\r\n                                                            <div class=\"rate\" style=\"--p:100;\"><\/div>\r\n                                <b>5\/5<\/b>\r\n                                <div class=\"rate-stars\">\r\n                                                                            <div\r\n                                            class=\"rate-star  \">\r\n                                        <\/div>\r\n                                                                            <div\r\n                                            class=\"rate-star  \">\r\n                                        <\/div>\r\n                                                                            <div\r\n                                            class=\"rate-star  \">\r\n                                        <\/div>\r\n                                                                            <div\r\n                                            class=\"rate-star  \">\r\n                                        <\/div>\r\n                                                                            <div\r\n                                            class=\"rate-star  \">\r\n                                        <\/div>\r\n                                                                    <\/div>\r\n                                                    <\/div>\r\n\r\n                        <!-- Bot\u00f3n de producto  -->\r\n                        <div>\r\n                            <span class=\"price-claim\">\r\n                                VER PRECIO                            <\/span>\r\n                        <\/div>\r\n                    <\/a>\r\n                                    <a href=\"https:\/\/www.primor.eu\/es_es\/himalaya-crema-para-pies-12141.html\" class=\"product-item grid-table-rows\" target=\"_blank\">\r\n                        <div>\r\n                            <img decoding=\"async\" class=\"product-img\" width=\"80px\" height=\"80px\" src=\"https:\/\/www.primor.eu\/blog\/wp-content\/uploads\/2023\/12\/0TN01059_1_3202.jpg\" alt=\"Crema para Pies\">\r\n                        <\/div>\r\n\r\n                        <!-- Contenido de producto  -->\r\n                        <div>\r\n                            <div class=\"product-position\">\r\n                                #4                            <\/div>\r\n\r\n                            <h2>\r\n                                Crema para Pies                            <\/h2>\r\n                        <\/div>\r\n\r\n                        <!-- Imagen y\/o nombre de la marca -->\r\n                        <div>\r\n                                                            <img decoding=\"async\" width=\"70\" src=\"https:\/\/www.primor.eu\/blog\/wp-content\/uploads\/2023\/11\/Himalaya.jpg\" alt=\"91713\">\r\n                                                    <\/div>\r\n\r\n                        <!-- Puntuaci\u00f3n del producto  -->\r\n                        <div class=\"rating\">\r\n                                                            <div class=\"rate\" style=\"--p:80;\"><\/div>\r\n                                <b>4\/5<\/b>\r\n                                <div class=\"rate-stars\">\r\n                                                                            <div\r\n                                            class=\"rate-star  \">\r\n                                        <\/div>\r\n                                                                            <div\r\n                                            class=\"rate-star  \">\r\n                                        <\/div>\r\n                                                                            <div\r\n                                            class=\"rate-star  \">\r\n                                        <\/div>\r\n                                                                            <div\r\n                                            class=\"rate-star  \">\r\n                                        <\/div>\r\n                                                                            <div\r\n                                            class=\"rate-star disable \">\r\n                                        <\/div>\r\n                                                                    <\/div>\r\n                                                    <\/div>\r\n\r\n                        <!-- Bot\u00f3n de producto  -->\r\n                        <div>\r\n                            <span class=\"price-claim\">\r\n                                VER PRECIO                            <\/span>\r\n                        <\/div>\r\n                    <\/a>\r\n                                    <a href=\"https:\/\/www.primor.eu\/es_es\/eudermin-crema-pies-reparadora-11966.html\" class=\"product-item grid-table-rows\" target=\"_blank\">\r\n                        <div>\r\n                            <img decoding=\"async\" class=\"product-img\" width=\"80px\" height=\"80px\" src=\"https:\/\/www.primor.eu\/blog\/wp-content\/uploads\/2023\/12\/0TF08512_1_f90a.jpg\" alt=\"Crema Pies Reparadora\">\r\n                        <\/div>\r\n\r\n                        <!-- Contenido de producto  -->\r\n                        <div>\r\n                            <div class=\"product-position\">\r\n                                #5                            <\/div>\r\n\r\n                            <h2>\r\n                                Crema Pies Reparadora                            <\/h2>\r\n                        <\/div>\r\n\r\n                        <!-- Imagen y\/o nombre de la marca -->\r\n                        <div>\r\n                                                            <img decoding=\"async\" width=\"70\" src=\"https:\/\/www.primor.eu\/blog\/wp-content\/uploads\/2023\/12\/Eudermin.jpg\" alt=\"93221\">\r\n                                                    <\/div>\r\n\r\n                        <!-- Puntuaci\u00f3n del producto  -->\r\n                        <div class=\"rating\">\r\n                                                            <div class=\"rate\" style=\"--p:80;\"><\/div>\r\n                                <b>4\/5<\/b>\r\n                                <div class=\"rate-stars\">\r\n                                                                            <div\r\n                                            class=\"rate-star  \">\r\n                                        <\/div>\r\n                                                                            <div\r\n                                            class=\"rate-star  \">\r\n                                        <\/div>\r\n                                                                            <div\r\n                                            class=\"rate-star  \">\r\n                                        <\/div>\r\n                                                                            <div\r\n                                            class=\"rate-star  \">\r\n                                        <\/div>\r\n                                                                            <div\r\n                                            class=\"rate-star disable \">\r\n                                        <\/div>\r\n                                                                    <\/div>\r\n                                                    <\/div>\r\n\r\n                        <!-- Bot\u00f3n de producto  -->\r\n                        <div>\r\n                            <span class=\"price-claim\">\r\n                                VER PRECIO                            <\/span>\r\n                        <\/div>\r\n                    <\/a>\r\n                            <\/product-list>\r\n        <\/product-table>\r\n\r\n        \n\n\n\n<h3 class=\"wp-block-heading has-text-align-left\">Crema de Pies Ultra-Hidratante de Neutrogena\u00ae<\/h3>\n\n\n\n<p>Neutrogena tiene la crema de pies que los repara y protege desde el primer d\u00eda gracias a su f\u00f3rmula rica en Glicerina que es altamente hidratante y act\u00faa retrasando la p\u00e9rdida de agua. Adem\u00e1s, contribuye al proceso de regeneraci\u00f3n de la piel y tiene como resultado unos pies suaves y saludables proporcionando una agradable sensaci\u00f3n de alivio de la tirantez.&nbsp;<\/p>\n\n\n    <a class='product' target='_blank' href='https:\/\/www.primor.eu\/es_es\/neutrogena-crema-de-pies-ultra-hidratante-106116.html?#846=66171'>\r\n        <img loading='async' src='https:\/\/cdn2.primor.eu\/media\/catalog\/product\/cache\/8d3aba296f7a18b5251ee30fa5db42b2\/3\/5\/3574661325163_01_9637.png' alt='COMPRAR AHORA'>\r\n            <div class=\"claim\">\r\n                COMPRAR AHORA            <\/div>\r\n        <\/a>\r\n    \n\n\n\n<h3 class=\"wp-block-heading has-text-align-left\">Crema para Pies Secos y Agrietados de Beauty Formulas<\/h3>\n\n\n\n<p>Una crema formulada especialmente para los pies resecos y la piel agrietada ya que, gracias a su composici\u00f3n con menta piperita y mentol, deja una sensaci\u00f3n refrescante inmediata. Su f\u00f3rmula act\u00faa hidratando y suavizando la piel reseca y agrietada con una agradable sensaci\u00f3n de alivio.&nbsp;<\/p>\n\n\n    <a class='product' target='_blank' href='https:\/\/www.primor.eu\/es_es\/beauty-formulas-crema-para-pies-secos-y-agrietados-11737.html'>\r\n        <img loading='async' src='https:\/\/cdn2.primor.eu\/media\/catalog\/product\/cache\/8d3aba296f7a18b5251ee30fa5db42b2\/6\/V\/6VA11895_1_0e66.jpg' alt='COMPRAR AHORA'>\r\n            <div class=\"claim\">\r\n                COMPRAR AHORA            <\/div>\r\n        <\/a>\r\n    \n\n\n\n<h3 class=\"wp-block-heading has-text-align-left\">Healthy Feet Crema para pies muy secos de O\u2019Keeffe\u2019s<\/h3>\n\n\n\n<p>La crema concentrada de O\u2019Keeffe\u2019s no solo alivia, hidrata y repara los pies, tambi\u00e9n est\u00e1 indicada especialmente para quienes padecen diabetes ya que contribuye a la p\u00e9rdida de hidrataci\u00f3n y aumenta instant\u00e1neamente sus niveles formando a su vez una capa protectora. Se recomienda aplicarla tanto antes de acostarse como despu\u00e9s de la ducha.<\/p>\n\n\n    <a class='product' target='_blank' href='https:\/\/www.primor.eu\/es_es\/o-keeffe-s-healthy-feet-crema-para-pies-muy-secos-106146.html?#863=67215'>\r\n        <img loading='async' src='https:\/\/cdn2.primor.eu\/media\/catalog\/product\/cache\/8d3aba296f7a18b5251ee30fa5db42b2\/6\/X\/6XS11748_1_4944.jpg' alt='COMPRAR AHORA'>\r\n            <div class=\"claim\">\r\n                COMPRAR AHORA            <\/div>\r\n        <\/a>\r\n    \n\n\n\n<h3 class=\"wp-block-heading has-text-align-left\">Crema para Talones Agrietados de Dr. Scholl<\/h3>\n\n\n\n<p>Si tienes los talones con un tono descolorido, la crema de Dr. Scholl ayuda a suavizar las grietas y las fisuras consiguiendo resultados en tres d\u00edas y una completa reparaci\u00f3n en una semana. Para un buen resultado se debe aplicar la crema dos veces al d\u00eda sobre la piel limpia y seca pero nunca sobre grietas o heridas abiertas.&nbsp;<\/p>\n\n\n    <a class='product' target='_blank' href='https:\/\/www.primor.eu\/es_es\/dr-scholl-crema-para-talones-agrietados-12431.html'>\r\n        <img loading='async' src='https:\/\/cdn2.primor.eu\/media\/catalog\/product\/cache\/8d3aba296f7a18b5251ee30fa5db42b2\/5\/0\/5038483747391_1_eb88.jpg' alt='COMPRAR AHORA'>\r\n            <div class=\"claim\">\r\n                COMPRAR AHORA            <\/div>\r\n        <\/a>\r\n    \n\n\n\n<h3 class=\"wp-block-heading has-text-align-left\">Crema Renovadora de Pies con \u00c1cido Salic\u00edlico de CeraVe<\/h3>\n\n\n\n<p>La crema de CeraVe est\u00e1 formulada para la piel muy seca, desigual o irregular. Su f\u00f3rmula act\u00faa hidratando y exfoliando la piel lo que calma y mejora su textura. Para ello ha sido enriquecida con ceramidas esenciales y \u00e1cido hialur\u00f3nico que repara y mantiene la barrera protectora de la piel durante 24 horas para unos pies m\u00e1s saludables.<\/p>\n\n\n    <a class='product' target='_blank' href='https:\/\/www.primor.eu\/es_es\/cerave-crema-renovadora-de-pies-con-acido-salicilico-15832.html'>\r\n        <img loading='async' src='https:\/\/cdn2.primor.eu\/media\/catalog\/product\/cache\/8d3aba296f7a18b5251ee30fa5db42b2\/3\/3\/3337875597296_3153.jpg' alt='COMPRAR AHORA'>\r\n            <div class=\"claim\">\r\n                COMPRAR AHORA            <\/div>\r\n        <\/a>\r\n    \n\n\n\n<h3 class=\"wp-block-heading has-text-align-left\">Crema Hidrataci\u00f3n Intensa Pies y U\u00f1as de Podovis<\/h3>\n\n\n\n<p>Nutre e hidrata la piel de forma natural y es apta tambi\u00e9n para el contorno de las u\u00f1as de los pies. Una crema de hidrataci\u00f3n intensa con ingredientes naturales como extractos de aguacate y filoprote\u00ednas del ma\u00edz y la soja.&nbsp;<\/p>\n\n\n    <a class='product' target='_blank' href='https:\/\/www.primor.eu\/es_es\/podovis-crema-hidratacion-intensa-pies-y-unas-12437.html'>\r\n        <img loading='async' src='https:\/\/cdn2.primor.eu\/media\/catalog\/product\/cache\/8d3aba296f7a18b5251ee30fa5db42b2\/0\/T\/0TN01824_1_9ec7.jpg' alt='COMPRAR AHORA'>\r\n            <div class=\"claim\">\r\n                COMPRAR AHORA            <\/div>\r\n        <\/a>\r\n    \n\n\n\n<h3 class=\"wp-block-heading has-text-align-left\">Crema de Pies Nutritiva de Ziaja&nbsp;<\/h3>\n\n\n\n<p>La crema de Ziaja tambi\u00e9n es apta para el uso de las personas que padecen diabetes. Est\u00e1 formulada para piel seca y normal ya que contiene aceite de oliva y de girasol que act\u00faan previniendo las grietas y el endurecimiento de la piel. Para un buen resultado, debe aplicarse entre una y dos veces al d\u00eda.<\/p>\n\n\n    <a class='product' target='_blank' href='https:\/\/www.primor.eu\/es_es\/ziaja-crema-de-pies-nutritiva-12019.html'>\r\n        <img loading='async' src='https:\/\/cdn2.primor.eu\/media\/catalog\/product\/cache\/8d3aba296f7a18b5251ee30fa5db42b2\/0\/T\/0TN00680_1_bf8b.jpg' alt='COMPRAR AHORA'>\r\n            <div class=\"claim\">\r\n                COMPRAR AHORA            <\/div>\r\n        <\/a>\r\n    \n\n\n\n<h3 class=\"wp-block-heading has-text-align-left\">Crema para Pies Nutritiva de Oblepikha<\/h3>\n\n\n\n<p>Su activo principal es el aceite de espino amarillo de Alt\u00e1i org\u00e1nico adem\u00e1s de la manteca de karit\u00e9 que, juntos, nutren e hidratan en profundidad la piel de los pies para recuperar y mantener la suavidad de estos. Se debe aplicar con un suave masaje y as\u00ed disfrutar tambi\u00e9n de un momento de relajaci\u00f3n.&nbsp;<\/p>\n\n\n    <a class='product' target='_blank' href='https:\/\/www.primor.eu\/es_es\/oblepikha-crema-para-pies-nutritiva-12576.html'>\r\n        <img loading='async' src='https:\/\/cdn2.primor.eu\/media\/catalog\/product\/cache\/8d3aba296f7a18b5251ee30fa5db42b2\/0\/T\/0TN02623_1_bd5c.jpg' alt='COMPRAR AHORA'>\r\n            <div class=\"claim\">\r\n                COMPRAR AHORA            <\/div>\r\n        <\/a>\r\n    \n\n\n\n<h3 class=\"wp-block-heading has-text-align-left\">Crema Pies Secos Y Agrietados de Babaria<\/h3>\n\n\n\n<p>Gracias a la combinaci\u00f3n del aloe vera y el aceite de almendras, esto hace que sea una crema muy hidratante y reparadora para pies y talones, incluso los m\u00e1s secos o estropeado. Para ello, la crema de Babaria se debe aplicar ma\u00f1ana y noche con suaves masajes para ayudar a la completa absorci\u00f3n del producto. Adem\u00e1s, es importante esperar siempre a que la crema est\u00e9 totalmente absorbida para calzarse.&nbsp;<\/p>\n\n\n    <a class='product' target='_blank' href='https:\/\/www.primor.eu\/es_es\/babaria-crema-pies-secos-y-agrietados-11959.html'>\r\n        <img loading='async' src='https:\/\/cdn2.primor.eu\/media\/catalog\/product\/cache\/8d3aba296f7a18b5251ee30fa5db42b2\/8\/4\/8410412027083_1_0248.jpg' alt='COMPRAR AHORA'>\r\n            <div class=\"claim\">\r\n                COMPRAR AHORA            <\/div>\r\n        <\/a>\r\n    \n\n\n\n<h3 class=\"wp-block-heading\">Crema para Pies de Himalaya<\/h3>\n\n\n\n<p>Una crema ultrahidratante ideal para proporcionar un alivio eficaz de los talones secos y agrietados. Su f\u00f3rmula suaviza los pies \u00e1speros y proporciona una agradable sensaci\u00f3n de confort.&nbsp;<\/p>\n\n\n    <a class='product' target='_blank' href='https:\/\/www.primor.eu\/es_es\/himalaya-crema-para-pies-12141.html'>\r\n        <img loading='async' src='https:\/\/cdn2.primor.eu\/media\/catalog\/product\/cache\/8d3aba296f7a18b5251ee30fa5db42b2\/0\/T\/0TN01059_1_3202.jpg' alt='COMPRAR AHORA'>\r\n            <div class=\"claim\">\r\n                COMPRAR AHORA            <\/div>\r\n        <\/a>\r\n    \n\n\n\n<h3 class=\"wp-block-heading\">Crema Reparadora de Pies de Body Natur<\/h3>\n\n\n\n<p>Esta crema reparadora de pies y talones secos contiene un 10% de urea y manteca de karit\u00e9 para hidratar en profundidad los pies agrietados. Ofrece resultados visibles desde la primera aplicaci\u00f3n.<\/p>\n\n\n    <a class='product' target='_blank' href='https:\/\/www.primor.eu\/es_es\/body-natur-crema-reparadora-de-pies-74018.html'>\r\n        <img loading='async' src='https:\/\/cdn2.primor.eu\/media\/catalog\/product\/cache\/8d3aba296f7a18b5251ee30fa5db42b2\/8\/4\/8414719400181__1__036d.png' alt='COMPRAR AHORA'>\r\n            <div class=\"claim\">\r\n                COMPRAR AHORA            <\/div>\r\n        <\/a>\r\n    \n\n\n\n<h3 class=\"wp-block-heading\">UreaRepair Crema de Pies 10% Urea de Eucerin&nbsp;<\/h3>\n\n\n\n<p>Una crema hidratante que suaviza y regenera la piel de los pies secos y agrietados. Su f\u00f3rmula enriquecida con urea, ceramidas y activos nutritivos proporciona una hidrataci\u00f3n intensa durante 24 horas.&nbsp;<\/p>\n\n\n    <a class='product' target='_blank' href='https:\/\/www.primor.eu\/es_es\/eucerin-urearepair-crema-de-cuidado-de-pies-10-urea-12078.html'>\r\n        <img loading='async' src='https:\/\/cdn2.primor.eu\/media\/catalog\/product\/cache\/8d3aba296f7a18b5251ee30fa5db42b2\/4\/0\/4005800036101__001_cf21.png' alt='COMPRAR AHORA'>\r\n            <div class=\"claim\">\r\n                COMPRAR AHORA            <\/div>\r\n        <\/a>\r\n    \n\n\n\n<h3 class=\"wp-block-heading\">Crema Pies Reparadora de Eudermin&nbsp;<\/h3>\n\n\n\n<p>Esta crema reparadora para pies protege y nutre intensamente la piel favoreciendo la regeneraci\u00f3n de grietas y talones. Su f\u00f3rmula mejorada hidrata, suaviza y evita la formaci\u00f3n de durezas mientras sus agentes desodorantes evitan los malos olores y favorecen la transpiraci\u00f3n natural de la piel.<\/p>\n\n\n    <a class='product' target='_blank' href='https:\/\/www.primor.eu\/es_es\/eudermin-crema-pies-reparadora-11966.html'>\r\n        <img loading='async' src='https:\/\/cdn2.primor.eu\/media\/catalog\/product\/cache\/8d3aba296f7a18b5251ee30fa5db42b2\/0\/T\/0TF08512_1_3e0c.jpg' alt='COMPRAR AHORA'>\r\n            <div class=\"claim\">\r\n                COMPRAR AHORA            <\/div>\r\n        <\/a>\r\n    \n\n\n<div class=\"kk-star-ratings kksr-auto kksr-align-center kksr-valign-bottom\"\n    data-payload='{&quot;align&quot;:&quot;center&quot;,&quot;id&quot;:&quot;41377&quot;,&quot;slug&quot;:&quot;default&quot;,&quot;valign&quot;:&quot;bottom&quot;,&quot;ignore&quot;:&quot;&quot;,&quot;reference&quot;:&quot;auto&quot;,&quot;class&quot;:&quot;&quot;,&quot;count&quot;:&quot;8&quot;,&quot;legendonly&quot;:&quot;&quot;,&quot;readonly&quot;:&quot;&quot;,&quot;score&quot;:&quot;3.9&quot;,&quot;starsonly&quot;:&quot;&quot;,&quot;best&quot;:&quot;5&quot;,&quot;gap&quot;:&quot;5&quot;,&quot;greet&quot;:&quot;Valora este art\u00edculo&quot;,&quot;legend&quot;:&quot;3.9\\\/5 - (8 votos)&quot;,&quot;size&quot;:&quot;24&quot;,&quot;title&quot;:&quot;Esta es la mejor crema para pies secos y agrietados que debes incorporar en tu rutina diaria seg\u00fan los expertos&quot;,&quot;width&quot;:&quot;110.6&quot;,&quot;_legend&quot;:&quot;{score}\\\/{best} - ({count} {votes})&quot;,&quot;font_factor&quot;:&quot;1.25&quot;}'>\n            \n<div class=\"kksr-stars\">\n    \n<div class=\"kksr-stars-inactive\">\n            <div class=\"kksr-star\" data-star=\"1\" style=\"padding-right: 5px\">\n            \n\n<div class=\"kksr-icon\" style=\"width: 24px; height: 24px;\"><\/div>\n        <\/div>\n            <div class=\"kksr-star\" data-star=\"2\" style=\"padding-right: 5px\">\n            \n\n<div class=\"kksr-icon\" style=\"width: 24px; height: 24px;\"><\/div>\n        <\/div>\n            <div class=\"kksr-star\" data-star=\"3\" style=\"padding-right: 5px\">\n            \n\n<div class=\"kksr-icon\" style=\"width: 24px; height: 24px;\"><\/div>\n        <\/div>\n            <div class=\"kksr-star\" data-star=\"4\" style=\"padding-right: 5px\">\n            \n\n<div class=\"kksr-icon\" style=\"width: 24px; height: 24px;\"><\/div>\n        <\/div>\n            <div class=\"kksr-star\" data-star=\"5\" style=\"padding-right: 5px\">\n            \n\n<div class=\"kksr-icon\" style=\"width: 24px; height: 24px;\"><\/div>\n        <\/div>\n    <\/div>\n    \n<div class=\"kksr-stars-active\" style=\"width: 110.6px;\">\n            <div class=\"kksr-star\" style=\"padding-right: 5px\">\n            \n\n<div class=\"kksr-icon\" style=\"width: 24px; height: 24px;\"><\/div>\n        <\/div>\n            <div class=\"kksr-star\" style=\"padding-right: 5px\">\n            \n\n<div class=\"kksr-icon\" style=\"width: 24px; height: 24px;\"><\/div>\n        <\/div>\n            <div class=\"kksr-star\" style=\"padding-right: 5px\">\n            \n\n<div class=\"kksr-icon\" style=\"width: 24px; height: 24px;\"><\/div>\n        <\/div>\n            <div class=\"kksr-star\" style=\"padding-right: 5px\">\n            \n\n<div class=\"kksr-icon\" style=\"width: 24px; height: 24px;\"><\/div>\n        <\/div>\n            <div class=\"kksr-star\" style=\"padding-right: 5px\">\n            \n\n<div class=\"kksr-icon\" style=\"width: 24px; height: 24px;\"><\/div>\n        <\/div>\n    <\/div>\n<\/div>\n                \n\n<div class=\"kksr-legend\" style=\"font-size: 19.2px;\">\n            3.9\/5 - (8 votos)    <\/div>\n    <\/div>\n","protected":false},"excerpt":{"rendered":"<p>A menudo nos olvidamos de cuidar una parte muy importante de nuestro cuerpo, los pies. Al igual que s\u00ed que recordamos hacernos una buena pedicura para que nuestras u\u00f1as luzcan bonitas con las sandalias, tambi\u00e9n debemos prestar atenci\u00f3n a la hidrataci\u00f3n de estos. Especialmente los talones ya que es una de las partes que m\u00e1s [&hellip;]<\/p>\n","protected":false},"author":14,"featured_media":93179,"comment_status":"open","ping_status":"open","sticky":false,"template":"","format":"standard","meta":{"jnews-multi-image_gallery":[],"jnews_single_post":{"subtitle":"","format":"standard","video":"","gallery":"","source_name":"","source_url":"","via_name":"","via_url":"","override_template":"0","override":[{"template":"1","single_blog_custom":"","parallax":"1","fullscreen":"1","layout":"right-sidebar","sidebar":"home-2","second_sidebar":"default-sidebar","sticky_sidebar":"0","share_position":"float","share_float_style":"share-monocrhome","show_share_counter":"0","show_view_counter":"0","show_featured":"1","show_post_meta":"1","show_post_author":"0","show_post_author_image":"1","show_post_date":"1","post_date_format":"default","post_date_format_custom":"Y\/m\/d","show_post_category":"1","show_post_reading_time":"0","post_reading_time_wpm":"300","show_zoom_button":"0","zoom_button_out_step":"2","zoom_button_in_step":"3","show_post_tag":"0","show_prev_next_post":"0","show_popup_post":"0","number_popup_post":"2","show_author_box":"0","show_post_related":"0","show_inline_post_related":"1"}],"override_image_size":"0","image_override":[{"single_post_thumbnail_size":"no-crop","single_post_gallery_size":"crop-500"}],"trending_post":"0","trending_post_position":"meta","trending_post_label":"Trending","sponsored_post":"0","sponsored_post_label":"Sponsored by","sponsored_post_name":"","sponsored_post_url":"","sponsored_post_logo_enable":"0","sponsored_post_logo":"","sponsored_post_desc":"","disable_ad":"0"},"jnews_primary_category":{"id":"","hide":""},"jnews_social_meta":{"fb_title":"","fb_description":"","fb_image":"","twitter_title":"","twitter_description":"","twitter_image":""},"jnews_override_counter":{"override_view_counter":"0","view_counter_number":"0","override_share_counter":"0","share_counter_number":"0","override_like_counter":"0","like_counter_number":"0","override_dislike_counter":"0","dislike_counter_number":"0"},"footnotes":""},"categories":[151],"tags":[],"class_list":["post-41377","post","type-post","status-publish","format-standard","has-post-thumbnail","hentry","category-corporales"],"_links":{"self":[{"href":"https:\/\/www.primor.eu\/blog\/wp-json\/wp\/v2\/posts\/41377","targetHints":{"allow":["GET"]}}],"collection":[{"href":"https:\/\/www.primor.eu\/blog\/wp-json\/wp\/v2\/posts"}],"about":[{"href":"https:\/\/www.primor.eu\/blog\/wp-json\/wp\/v2\/types\/post"}],"author":[{"embeddable":true,"href":"https:\/\/www.primor.eu\/blog\/wp-json\/wp\/v2\/users\/14"}],"replies":[{"embeddable":true,"href":"https:\/\/www.primor.eu\/blog\/wp-json\/wp\/v2\/comments?post=41377"}],"version-history":[{"count":16,"href":"https:\/\/www.primor.eu\/blog\/wp-json\/wp\/v2\/posts\/41377\/revisions"}],"predecessor-version":[{"id":126857,"href":"https:\/\/www.primor.eu\/blog\/wp-json\/wp\/v2\/posts\/41377\/revisions\/126857"}],"wp:featuredmedia":[{"embeddable":true,"href":"https:\/\/www.primor.eu\/blog\/wp-json\/wp\/v2\/media\/93179"}],"wp:attachment":[{"href":"https:\/\/www.primor.eu\/blog\/wp-json\/wp\/v2\/media?parent=41377"}],"wp:term":[{"taxonomy":"category","embeddable":true,"href":"https:\/\/www.primor.eu\/blog\/wp-json\/wp\/v2\/categories?post=41377"},{"taxonomy":"post_tag","embeddable":true,"href":"https:\/\/www.primor.eu\/blog\/wp-json\/wp\/v2\/tags?post=41377"}],"curies":[{"name":"wp","href":"https:\/\/api.w.org\/{rel}","templated":true}]}}