{"id":41142,"date":"2022-08-30T17:02:19","date_gmt":"2022-08-30T15:02:19","guid":{"rendered":"https:\/\/blog.primor.eu\/?p=41142"},"modified":"2025-12-16T08:46:59","modified_gmt":"2025-12-16T08:46:59","slug":"carboxiterapia-ojeras","status":"publish","type":"post","link":"https:\/\/www.primor.eu\/blog\/carboxiterapia-ojeras\/","title":{"rendered":"As\u00ed es la carboxiterapia para las ojeras, el tratamiento que promete acabar con las m\u00e1s oscurecidas y persistentes"},"content":{"rendered":"\n<p>En nuestra rutina de skincare nos centramos en una piel sana, joven y brillante. Tratamos de eliminar las manchas producidas por el sol o por el envejecimiento, las <a href=\"https:\/\/www.primor.eu\/blog\/tips-arrugas-expresion\/\">arrugas<\/a> y las l\u00edneas de expresi\u00f3n y, como no, el color oscurecido de las ojeras. Siendo esto \u00faltimo una de las <strong>caracter\u00edsticas m\u00e1s resistentes<\/strong> y que m\u00e1s destacan a primera vista. Pero, \u00bfsab\u00edas que la <strong>carboxiterapia para ojeras<\/strong> es un tratamiento que promete acabar con ellas?<\/p>\n\n\n\n<h2 class=\"wp-block-heading\">Te interesa<\/h2>\n\n\n\n<ul class=\"wp-block-list\"><li><a href=\"https:\/\/www.primor.eu\/blog\/aceite-higo-chumbo\/\">\u00bfOjeras? \u00bfBolsas? \u00bfL\u00edneas de expresi\u00f3n? Descubre el aliado de tu contorno de ojos<\/a><\/li><li><a href=\"https:\/\/www.primor.eu\/blog\/serum-para-ojeras\/\">Olv\u00eddate del corrector, lo que necesitas es un s\u00e9rum para ojeras<\/a><\/li><\/ul>\n\n\n\n<p><\/p>\n\n\n\n<p>As\u00ed es, las <strong>ojeras m\u00e1s oscurecidas <\/strong>y persistentes tienen soluci\u00f3n y es la <strong>carboxiterapia<\/strong>. Si no hab\u00edas o\u00eddo hablar de ella, aqu\u00ed te contamos todo lo que necesitas saber antes de someterte a ella: qu\u00e9 es, c\u00f3mo se realiza y c\u00f3mo se debe cuidar la piel. Gracias a este tratamiento no tendr\u00e1s que volver a utilizar el <strong><a href=\"https:\/\/www.primor.eu\/blog\/como-aplicar-corrector-de-ojeras\/\">corrector de ojeras<\/a><\/strong> (al menos para esa zona) por una larga temporada.\u00a0<\/p>\n\n\n\n<p>Se trata de un tratamiento que est\u00e1 triunfando actualmente en el mundo de la belleza por su <strong>rapidez, efectividad<\/strong> y por la transformaci\u00f3n que le da al rostro una<strong> mirada luminosa<\/strong>, despejada y descansada. Algo que cambia por completo si se consigue de forma natural, ya que es perfecto para llevar con la cara lavada y <strong>sin maquillaje<\/strong>. Sencillo y econ\u00f3mico, as\u00ed es el tratamiento que promete acabar con las ojeras de una vez por todas.\u00a0<\/p>\n\n\n\n<h2 class=\"wp-block-heading\">\u00bfQu\u00e9 es la carboxiterapia para las ojeras?<\/h2>\n\n\n\n<p>La carboxiterapia es un <strong>tratamiento no quir\u00fargico<\/strong> en el que se inyecta de forma subcut\u00e1nea CO2. Esto sirve para tratar las ojeras ya que ayuda a oxigenar los tejidos y a mejorar la microcirulaci\u00f3n, por lo que la apariencia de las ojeras mejora significativamente, aport\u00e1ndole al paciente un <strong>efecto buena cara<\/strong> sin ese color rojizo, morado o azulado tan propio de esta delicada zona del rostro.<\/p>\n\n\n\n<h2 class=\"wp-block-heading\">\u00bfC\u00f3mo se realiza la carboxiterapia para las ojeras?<\/h2>\n\n\n\n<p>Es un tratamiento<strong> m\u00ednimamente invasivo<\/strong> ya que se trata de una <strong>inyecci\u00f3n subcut\u00e1nea<\/strong> que no necesita recuperaci\u00f3n alguna como tal ni tampoco una preparaci\u00f3n previa de la piel. Aunque puede resultar un poco molesto, como cualquier otro tratamiento en el momento de la aplicaci\u00f3n, es un tratamiento que no tiene apenas efectos secundarios, excepto alg\u00fan peque\u00f1o hematoma que se va r\u00e1pidamente.<\/p>\n\n\n\n<h2 class=\"wp-block-heading\">\u00bfSe necesitan cuidados especiales tras el tratamiento?<\/h2>\n\n\n\n<p>Despu\u00e9s de haberse sometido a este tratamiento m\u00ednimamente invasivo, el paciente puede retomar su vida diaria as\u00ed como sus actividades cotidianas. Con el paso de los d\u00edas pueden aparecer <strong>peque\u00f1as irritaciones <\/strong>en la zona que desaparecen solos. Sin embargo, aunque no es necesario aplicar ning\u00fan tipo de tratamiento o cuidado especial adem\u00e1s de una <strong>buena hidrataci\u00f3n diaria<\/strong>, s\u00ed se debe proteger especialmente del sol tanto con productos especiales como con gafas de sol u otros accesorios que lo cubran.<\/p>\n\n\n\n<h2 class=\"wp-block-heading\">\u00bfEs la soluci\u00f3n definitiva?<\/h2>\n\n\n\n<p>Lamentablemente no, no es la soluci\u00f3n definitiva a las ojeras pero s\u00ed por un <strong>largo tiempo<\/strong>. Para empezar, cabe destacar que deben realizarse varias sesiones para ver los resultados, entre 4 y 6 sesiones principalmente que se realizan de forma semanal. Adem\u00e1s, pasado cierto tiempo, es recomendable hacer una <strong>sesi\u00f3n de mantenimiento <\/strong>o recordatorio para mantener el efecto de la carboxiterapia para las ojeras.\u00a0<\/p>\n\n\n\n<h2 class=\"wp-block-heading\">\u00bfEs apta para todo el mundo?<\/h2>\n\n\n\n<p>Es cierto que la carboxiterapia no es un tratamiento invasivo y su t\u00e9cnica es algo que aparentemente puede ser apto para todo el mundo. Sin embargo, al igual que en cualquier producto, existen ciertas <strong>contraindicaciones<\/strong> a la hora de aplicarlo. En este caso no debe usarse en personas con hipertensi\u00f3n, con problemas card\u00edacos o de circulaci\u00f3n, mujeres embarazadas o cualquier persona que padezca problemas en la piel.<\/p>\n\n\n\n<h2 class=\"wp-block-heading\">Todos los beneficios de la carboxiterapia para las ojeras<\/h2>\n\n\n\n<p>La carboxiterapia es un tratamiento muy beneficioso no solo est\u00e9ticamente ya que al realizarse, este tratamiento act\u00faa <strong>mejorando la oxigenaci\u00f3n<\/strong> de los tejidos en la zona tratada aumentando as\u00ed la fabricaci\u00f3n de <strong>col\u00e1geno y elastina<\/strong>. Esto a su vez contribuye a drenar las toxinas y resulta en unos tejidos m\u00e1s firmes, algo que se ve r\u00e1pidamente a simple vista una vez pasados unos d\u00edas desde la completa recuperaci\u00f3n de esa zona de la piel.<\/p>\n\n\n\n<h2 class=\"wp-block-heading\">\u00bfExisten posibles desventajas?<\/h2>\n\n\n\n<p>Como en todo tratamiento, en la carboxiterapia para las ojeras tambi\u00e9n existen pros y contras, ventajas y desventajas de someterse a esta inyecci\u00f3n. Sin embargo, dado que es una t\u00e9cnica m\u00ednimamente invasiva, las desventajas en este caso son m\u00ednimas y se reducen a un par de <strong>efectos secundario<\/strong>s. Estos efectos secundarios \u00fanicamente se producen en la zona de la inyecci\u00f3n por lo tanto, en caso de sufrirlos sabemos que van a estar <strong>muy localizados<\/strong>. Estos se centran principalmente en las primeras 24 o 48 horas tras el tratamiento y se limitan a una ligera hinchaz\u00f3n en la zona de las ojeras, <strong>enrojecimiento<\/strong> o picor ya que es lo normal al someter al cuerpo a un cuerpo extra\u00f1o para \u00e9l como es el gas. Sin embargo, es algo que dura apenas unos d\u00edas y desaparece por completo en todo el tiempo que dura el tratamiento.<\/p>\n\n\n\n<h4 class=\"wp-block-heading\">Enlaces relacionados<\/h4>\n\n\n\n<ul class=\"wp-block-list\"><li><a href=\"https:\/\/www.primor.eu\/blog\/glasses-concealer\/\">Glasses Concealer: as\u00ed es el truco que me permiti\u00f3 acabar con las ojeras antes de lo que yo pensaba<\/a><\/li><li><a href=\"https:\/\/www.primor.eu\/blog\/tratamientos-para-la-cara\/\">Estos son los tratamientos para la cara m\u00e1s eficaces seg\u00fan tu tipo de piel y necesidad<\/a><\/li><li><a href=\"https:\/\/www.primor.eu\/blog\/piel-rosacea\/\">Piel ros\u00e1cea: tipos, tratamientos y los mejores cosm\u00e9ticos para tratarla<\/a><\/li><li><a href=\"https:\/\/www.primor.eu\/blog\/mejores-contornos-de-ojos-antiedad\/\">\u00a1Alerta, mirada! Estos son los mejores contornos de ojos antiedad con los que parecer\u00e1s m\u00e1s joven<\/a><\/li><\/ul>\n\n\n<div class=\"kk-star-ratings kksr-auto kksr-align-center kksr-valign-bottom\"\n    data-payload='{&quot;align&quot;:&quot;center&quot;,&quot;id&quot;:&quot;41142&quot;,&quot;slug&quot;:&quot;default&quot;,&quot;valign&quot;:&quot;bottom&quot;,&quot;ignore&quot;:&quot;&quot;,&quot;reference&quot;:&quot;auto&quot;,&quot;class&quot;:&quot;&quot;,&quot;count&quot;:&quot;0&quot;,&quot;legendonly&quot;:&quot;&quot;,&quot;readonly&quot;:&quot;&quot;,&quot;score&quot;:&quot;0&quot;,&quot;starsonly&quot;:&quot;&quot;,&quot;best&quot;:&quot;5&quot;,&quot;gap&quot;:&quot;5&quot;,&quot;greet&quot;:&quot;Valora este art\u00edculo&quot;,&quot;legend&quot;:&quot;0\\\/5 - (0 votos)&quot;,&quot;size&quot;:&quot;24&quot;,&quot;title&quot;:&quot;As\u00ed es la carboxiterapia para las ojeras, el tratamiento que promete acabar con las m\u00e1s oscurecidas y persistentes&quot;,&quot;width&quot;:&quot;0&quot;,&quot;_legend&quot;:&quot;{score}\\\/{best} - ({count} {votes})&quot;,&quot;font_factor&quot;:&quot;1.25&quot;}'>\n            \n<div class=\"kksr-stars\">\n    \n<div class=\"kksr-stars-inactive\">\n            <div class=\"kksr-star\" data-star=\"1\" style=\"padding-right: 5px\">\n            \n\n<div class=\"kksr-icon\" style=\"width: 24px; height: 24px;\"><\/div>\n        <\/div>\n            <div class=\"kksr-star\" data-star=\"2\" style=\"padding-right: 5px\">\n            \n\n<div class=\"kksr-icon\" style=\"width: 24px; height: 24px;\"><\/div>\n        <\/div>\n            <div class=\"kksr-star\" data-star=\"3\" style=\"padding-right: 5px\">\n            \n\n<div class=\"kksr-icon\" style=\"width: 24px; height: 24px;\"><\/div>\n        <\/div>\n            <div class=\"kksr-star\" data-star=\"4\" style=\"padding-right: 5px\">\n            \n\n<div class=\"kksr-icon\" style=\"width: 24px; height: 24px;\"><\/div>\n        <\/div>\n            <div class=\"kksr-star\" data-star=\"5\" style=\"padding-right: 5px\">\n            \n\n<div class=\"kksr-icon\" style=\"width: 24px; height: 24px;\"><\/div>\n        <\/div>\n    <\/div>\n    \n<div class=\"kksr-stars-active\" style=\"width: 0px;\">\n            <div class=\"kksr-star\" style=\"padding-right: 5px\">\n            \n\n<div class=\"kksr-icon\" style=\"width: 24px; height: 24px;\"><\/div>\n        <\/div>\n            <div class=\"kksr-star\" style=\"padding-right: 5px\">\n            \n\n<div class=\"kksr-icon\" style=\"width: 24px; height: 24px;\"><\/div>\n        <\/div>\n            <div class=\"kksr-star\" style=\"padding-right: 5px\">\n            \n\n<div class=\"kksr-icon\" style=\"width: 24px; height: 24px;\"><\/div>\n        <\/div>\n            <div class=\"kksr-star\" style=\"padding-right: 5px\">\n            \n\n<div class=\"kksr-icon\" style=\"width: 24px; height: 24px;\"><\/div>\n        <\/div>\n            <div class=\"kksr-star\" style=\"padding-right: 5px\">\n            \n\n<div class=\"kksr-icon\" style=\"width: 24px; height: 24px;\"><\/div>\n        <\/div>\n    <\/div>\n<\/div>\n                \n\n<div class=\"kksr-legend\" style=\"font-size: 19.2px;\">\n            <span class=\"kksr-muted\">Valora este art\u00edculo<\/span>\n    <\/div>\n    <\/div>\n","protected":false},"excerpt":{"rendered":"<p>En nuestra rutina de skincare nos centramos en una piel sana, joven y brillante. Tratamos de eliminar las manchas producidas por el sol o por el envejecimiento, las arrugas y las l\u00edneas de expresi\u00f3n y, como no, el color oscurecido de las ojeras. Siendo esto \u00faltimo una de las caracter\u00edsticas m\u00e1s resistentes y que m\u00e1s [&hellip;]<\/p>\n","protected":false},"author":4,"featured_media":136303,"comment_status":"open","ping_status":"open","sticky":false,"template":"","format":"standard","meta":{"jnews-multi-image_gallery":[],"jnews_single_post":{"format":"standard"},"jnews_primary_category":[],"jnews_social_meta":[],"jnews_override_counter":[],"footnotes":""},"categories":[1791],"tags":[],"class_list":["post-41142","post","type-post","status-publish","format-standard","has-post-thumbnail","hentry","category-cosmetica-facial"],"_links":{"self":[{"href":"https:\/\/www.primor.eu\/blog\/wp-json\/wp\/v2\/posts\/41142","targetHints":{"allow":["GET"]}}],"collection":[{"href":"https:\/\/www.primor.eu\/blog\/wp-json\/wp\/v2\/posts"}],"about":[{"href":"https:\/\/www.primor.eu\/blog\/wp-json\/wp\/v2\/types\/post"}],"author":[{"embeddable":true,"href":"https:\/\/www.primor.eu\/blog\/wp-json\/wp\/v2\/users\/4"}],"replies":[{"embeddable":true,"href":"https:\/\/www.primor.eu\/blog\/wp-json\/wp\/v2\/comments?post=41142"}],"version-history":[{"count":1,"href":"https:\/\/www.primor.eu\/blog\/wp-json\/wp\/v2\/posts\/41142\/revisions"}],"predecessor-version":[{"id":136304,"href":"https:\/\/www.primor.eu\/blog\/wp-json\/wp\/v2\/posts\/41142\/revisions\/136304"}],"wp:featuredmedia":[{"embeddable":true,"href":"https:\/\/www.primor.eu\/blog\/wp-json\/wp\/v2\/media\/136303"}],"wp:attachment":[{"href":"https:\/\/www.primor.eu\/blog\/wp-json\/wp\/v2\/media?parent=41142"}],"wp:term":[{"taxonomy":"category","embeddable":true,"href":"https:\/\/www.primor.eu\/blog\/wp-json\/wp\/v2\/categories?post=41142"},{"taxonomy":"post_tag","embeddable":true,"href":"https:\/\/www.primor.eu\/blog\/wp-json\/wp\/v2\/tags?post=41142"}],"curies":[{"name":"wp","href":"https:\/\/api.w.org\/{rel}","templated":true}]}}