{"id":40364,"date":"2026-04-12T13:12:01","date_gmt":"2026-04-12T13:12:01","guid":{"rendered":"https:\/\/blog.primor.eu\/?p=40364"},"modified":"2026-04-12T13:12:13","modified_gmt":"2026-04-12T13:12:13","slug":"mascarillas-naturales-para-el-pelo","status":"publish","type":"post","link":"https:\/\/www.primor.eu\/blog\/mascarillas-naturales-para-el-pelo\/","title":{"rendered":"Las 7 mejores mascarillas naturales para el pelo que funcionan en 2026 porque hidratan en profundidad"},"content":{"rendered":"\n<p><span style=\"font-weight: 400;\">Usar <strong>mascarillas<\/strong><\/span><b> naturales para el pelo <\/b><span style=\"font-weight: 400;\">forma parte de un cambio de mentalidad hacia un estilo de vida m\u00e1s sostenible y saludable. Son <strong>productos libre de t\u00f3xicos<\/strong> elaborados a base de<a href=\"https:\/\/www.primor.eu\/blog\/mejores-champus-sin-siliconas\/\"> activos naturales<\/a> y materiales reciclables que respetan el cabello y el cuero cabelludo y protegen el medio que nos rodea. <\/span><\/p>\n\n\n\n<p><span style=\"font-weight: 400;\">Adem\u00e1s, son muy tolerables con todo tipo de dermis, incluido las m\u00e1s <strong>sensibles<\/strong>, <a href=\"https:\/\/www.primor.eu\/blog\/piel-rosacea\/\">pieles con ros\u00e1cea<\/a>, reactivas\u2026 Podr\u00e1s usarlas a diario sin miedo a da\u00f1ar el cuero cabelludo, y sus f\u00f3rmulas son m\u00e1s concentradas. Por tanto, son m\u00e1s <strong>eficaces<\/strong>.<\/span><\/p>\n\n\n\n<h2 class=\"wp-block-heading\">Beneficios de usar mascarillas naturales para el pelo<\/h2>\n\n\n\n<p><span style=\"font-weight: 400;\">Las <strong>mascarillas<\/strong> <\/span><b>naturales<\/b><span style=\"font-weight: 400;\"> proporcionan m\u00faltiples beneficios. Los m\u00e1s importantes son:<\/span><\/p>\n\n\n\n<ul class=\"wp-block-list\">\n<li><span style=\"font-weight: 400;\">Est\u00e1 <\/span><b>comprometida con la protecci\u00f3n del medioambiente<\/b><span style=\"font-weight: 400;\">.<\/span><\/li>\n\n\n\n<li><span style=\"font-weight: 400;\">Son m\u00e1s tolerables, por lo que, los cueros cabelludos sensibles no tienen nada que temer.<\/span><\/li>\n\n\n\n<li>No contienen ingredientes \"relleno\", ni <b>conservantes<\/b><span style=\"font-weight: 400;\">, aromas sint\u00e9ticos ni perfumes artificiales.<\/span><\/li>\n\n\n\n<li><span style=\"font-weight: 400;\">Aportan nutrientes a la piel.<\/span><\/li>\n\n\n\n<li><span style=\"font-weight: 400;\">Muestra<\/span><b> resultados eficaces y duraderos.<\/b><\/li>\n\n\n\n<li><span style=\"font-weight: 400;\">Son <\/span><b>100% libre de t\u00f3xicos.<\/b><span style=\"font-weight: 400;\">&nbsp;<\/span><\/li>\n<\/ul>\n\n\n\n<h2 class=\"wp-block-heading\">Trucos para presumir de un pelo precioso<\/h2>\n\n\n\n<ul class=\"wp-block-list\">\n<li><span style=\"font-weight: 400;\">Realiza lavados m\u00e1s o menos frecuentes para <\/span><b>evitar acumular suciedad.<\/b><\/li>\n\n\n\n<li><span style=\"font-weight: 400;\">Usa<\/span><a href=\"https:\/\/www.primor.eu\/es_es\/hair-saloon\"><b> productos de calidad<\/b><\/a><span style=\"font-weight: 400;\"> que aporten luminosidad y brillo a tu cabello.<\/span><\/li>\n\n\n\n<li><b>Desenreda el cabello<\/b><span style=\"font-weight: 400;\"> una vez aplique el acondicionador, mascarilla o crema de peinado. Eso evitar\u00e1 las roturas.<\/span><\/li>\n\n\n\n<li><b>Ni agua fr\u00eda ni caliente<\/b><span style=\"font-weight: 400;\">, lo que tu pelo realmente necesita es el agua tibia para no dilatar el poro en exceso.<\/span><\/li>\n\n\n\n<li><b>Masajes capilares antes de dormir.<\/b><span style=\"font-weight: 400;\"> Te ayudar\u00e1 a descansar mejor, favorece la circulaci\u00f3n del cabello y elimina la tensi\u00f3n.<\/span><\/li>\n\n\n\n<li><b>Olv\u00eddate de vestir a tu cabello<\/b><span style=\"font-weight: 400;\">. Y por vestir a tu cabello nos referimos al uso de gorras, gorros o tendencias como la balaclava. Tu cabello necesita libertad para respirar y para oxigenarse.<\/span><\/li>\n<\/ul>\n\n\n\n<h2 class=\"wp-block-heading\">\u00bfC\u00f3mo hacer que el pelo me crezca m\u00e1s r\u00e1pido?<\/h2>\n\n\n\n<ul class=\"wp-block-list\">\n<li><b>No laves tu cabello todos los d\u00edas<\/b><span style=\"font-weight: 400;\">, y si lo haces, aseg\u00farate de usar champ\u00fas de uso diario sin sulfatos, siliconas ni parabenos.<\/span><\/li>\n\n\n\n<li><b>Evita el exceso de calor en tu pelo<\/b><span style=\"font-weight: 400;\"> y utiliza protectores t\u00e9rmicos para tener un cabello con mejor aspecto.<\/span><\/li>\n\n\n\n<li><b>Corta las puntas cada 3 meses<\/b><span style=\"font-weight: 400;\"> para mejorar su aspecto y conseguir mejorar las zonas maltratadas y quebradizas de puntas a medias. No hace que el pelo crezca m\u00e1s, pero s\u00ed parece que la melena es m\u00e1s abundante y bonita.<\/span><\/li>\n\n\n\n<li><b>No duermas con el pelo mojado.<\/b><\/li>\n<\/ul>\n\n\n\n<h2 class=\"wp-block-heading\">Las mejores mascarillas naturales est\u00e1n en Perfumer\u00edas Primor<\/h2>\n\n\n        <product-table class=\"pr-slider\">\r\n            <product-headers class=\"grid-table-rows\">\r\n                <div>Foto<\/div>\r\n                <div>Producto<\/div>\r\n                <div>Marca<\/div>\r\n                <div>Valoraciones<\/div>\r\n                <div>Precio<\/div>\r\n            <\/product-headers>\r\n\r\n            <product-list>\r\n                                    <a href=\"https:\/\/www.primor.eu\/es_es\/nacomi-mascarilla-capilar-con-aceite-de-aguacate-y-keratina-9171.html\" class=\"product-item grid-table-rows\" target=\"_blank\">\r\n                        <div>\r\n                            <img decoding=\"async\" class=\"product-img\" width=\"80px\" height=\"80px\" src=\"https:\/\/cdn2.primor.eu\/media\/catalog\/product\/cache\/8d3aba296f7a18b5251ee30fa5db42b2\/2\/C\/2CN00333_1_3e8e.jpg\" alt=\"Mascarilla Capilar con Aceite de Aguacate y Keratina\">\r\n                        <\/div>\r\n\r\n                        <!-- Contenido de producto  -->\r\n                        <div>\r\n                            <div class=\"product-position\">\r\n                                #1 Top Ventas                            <\/div>\r\n\r\n                            <h2>\r\n                                Mascarilla Capilar con Aceite de Aguacate y Keratina                            <\/h2>\r\n                        <\/div>\r\n\r\n                        <!-- Imagen y\/o nombre de la marca -->\r\n                        <div>\r\n                                                            <img decoding=\"async\" width=\"70\" src=\"https:\/\/www.primor.eu\/media\/catalog\/category\/nacomi.jpg\" alt=\"\">\r\n                                                    <\/div>\r\n\r\n                        <!-- Puntuaci\u00f3n del producto  -->\r\n                        <div class=\"rating\">\r\n                                                            <div class=\"rate\" style=\"--p:96;\"><\/div>\r\n                                <b>4.8\/5<\/b>\r\n                                <div class=\"rate-stars\">\r\n                                                                            <div\r\n                                            class=\"rate-star  \">\r\n                                        <\/div>\r\n                                                                            <div\r\n                                            class=\"rate-star  \">\r\n                                        <\/div>\r\n                                                                            <div\r\n                                            class=\"rate-star  \">\r\n                                        <\/div>\r\n                                                                            <div\r\n                                            class=\"rate-star  \">\r\n                                        <\/div>\r\n                                                                            <div\r\n                                            class=\"rate-star  \">\r\n                                        <\/div>\r\n                                                                    <\/div>\r\n                                                    <\/div>\r\n\r\n                        <!-- Bot\u00f3n de producto  -->\r\n                        <div>\r\n                            <span class=\"price-claim\">\r\n                                VER PRECIO                            <\/span>\r\n                        <\/div>\r\n                    <\/a>\r\n                                    <a href=\"https:\/\/www.primor.eu\/es_es\/garnier-fructis-hair-food-mascarilla-cabello-3-en-1-banana-9085.html\" class=\"product-item grid-table-rows\" target=\"_blank\">\r\n                        <div>\r\n                            <img decoding=\"async\" class=\"product-img\" width=\"80px\" height=\"80px\" src=\"https:\/\/cdn2.primor.eu\/media\/catalog\/product\/cache\/8d3aba296f7a18b5251ee30fa5db42b2\/2\/C\/2CA02980_1_809a.jpg\" alt=\"Fructis Hair Food Mascarilla Cabello 3 en 1 Banana\">\r\n                        <\/div>\r\n\r\n                        <!-- Contenido de producto  -->\r\n                        <div>\r\n                            <div class=\"product-position\">\r\n                                #2                            <\/div>\r\n\r\n                            <h2>\r\n                                Fructis Hair Food Mascarilla Cabello 3 en 1 Banana                            <\/h2>\r\n                        <\/div>\r\n\r\n                        <!-- Imagen y\/o nombre de la marca -->\r\n                        <div>\r\n                                                            <img decoding=\"async\" width=\"70\" src=\"https:\/\/www.primor.eu\/media\/catalog\/category\/Garnier.jpg\" alt=\"\">\r\n                                                    <\/div>\r\n\r\n                        <!-- Puntuaci\u00f3n del producto  -->\r\n                        <div class=\"rating\">\r\n                                                            <div class=\"rate\" style=\"--p:92;\"><\/div>\r\n                                <b>4.6\/5<\/b>\r\n                                <div class=\"rate-stars\">\r\n                                                                            <div\r\n                                            class=\"rate-star  \">\r\n                                        <\/div>\r\n                                                                            <div\r\n                                            class=\"rate-star  \">\r\n                                        <\/div>\r\n                                                                            <div\r\n                                            class=\"rate-star  \">\r\n                                        <\/div>\r\n                                                                            <div\r\n                                            class=\"rate-star  \">\r\n                                        <\/div>\r\n                                                                            <div\r\n                                            class=\"rate-star  \">\r\n                                        <\/div>\r\n                                                                    <\/div>\r\n                                                    <\/div>\r\n\r\n                        <!-- Bot\u00f3n de producto  -->\r\n                        <div>\r\n                            <span class=\"price-claim\">\r\n                                VER PRECIO                            <\/span>\r\n                        <\/div>\r\n                    <\/a>\r\n                                    <a href=\"https:\/\/www.primor.eu\/es_es\/be-natural-mascarilla-repair-argan-9249.html\" class=\"product-item grid-table-rows\" target=\"_blank\">\r\n                        <div>\r\n                            <img decoding=\"async\" class=\"product-img\" width=\"80px\" height=\"80px\" src=\"https:\/\/cdn2.primor.eu\/media\/catalog\/product\/cache\/8d3aba296f7a18b5251ee30fa5db42b2\/2\/C\/2CA03352_1_3207.jpg\" alt=\"Mascarilla Repair Argan\">\r\n                        <\/div>\r\n\r\n                        <!-- Contenido de producto  -->\r\n                        <div>\r\n                            <div class=\"product-position\">\r\n                                #3                            <\/div>\r\n\r\n                            <h2>\r\n                                Mascarilla Repair Argan                            <\/h2>\r\n                        <\/div>\r\n\r\n                        <!-- Imagen y\/o nombre de la marca -->\r\n                        <div>\r\n                                                            <img decoding=\"async\" width=\"70\" src=\"https:\/\/www.primor.eu\/media\/catalog\/category\/Be_Natural.png\" alt=\"\">\r\n                                                    <\/div>\r\n\r\n                        <!-- Puntuaci\u00f3n del producto  -->\r\n                        <div class=\"rating\">\r\n                                                            <div class=\"rate\" style=\"--p:98;\"><\/div>\r\n                                <b>4.9\/5<\/b>\r\n                                <div class=\"rate-stars\">\r\n                                                                            <div\r\n                                            class=\"rate-star  \">\r\n                                        <\/div>\r\n                                                                            <div\r\n                                            class=\"rate-star  \">\r\n                                        <\/div>\r\n                                                                            <div\r\n                                            class=\"rate-star  \">\r\n                                        <\/div>\r\n                                                                            <div\r\n                                            class=\"rate-star  \">\r\n                                        <\/div>\r\n                                                                            <div\r\n                                            class=\"rate-star  \">\r\n                                        <\/div>\r\n                                                                    <\/div>\r\n                                                    <\/div>\r\n\r\n                        <!-- Bot\u00f3n de producto  -->\r\n                        <div>\r\n                            <span class=\"price-claim\">\r\n                                VER PRECIO                            <\/span>\r\n                        <\/div>\r\n                    <\/a>\r\n                                    <a href=\"https:\/\/www.primor.eu\/es_es\/herbal-mascarilla-professional-care-total-repair-8616.html\" class=\"product-item grid-table-rows\" target=\"_blank\">\r\n                        <div>\r\n                            <img decoding=\"async\" class=\"product-img\" width=\"80px\" height=\"80px\" src=\"https:\/\/cdn2.primor.eu\/media\/catalog\/product\/cache\/8d3aba296f7a18b5251ee30fa5db42b2\/6\/X\/6XS05708_1_272b.jpg\" alt=\"Mascarilla Professional Care Total Repair\">\r\n                        <\/div>\r\n\r\n                        <!-- Contenido de producto  -->\r\n                        <div>\r\n                            <div class=\"product-position\">\r\n                                #4                            <\/div>\r\n\r\n                            <h2>\r\n                                Mascarilla Professional Care Total Repair                            <\/h2>\r\n                        <\/div>\r\n\r\n                        <!-- Imagen y\/o nombre de la marca -->\r\n                        <div>\r\n                                                            <img decoding=\"async\" width=\"70\" src=\"https:\/\/www.primor.eu\/media\/catalog\/category\/HERBAL.jpg\" alt=\"\">\r\n                                                    <\/div>\r\n\r\n                        <!-- Puntuaci\u00f3n del producto  -->\r\n                        <div class=\"rating\">\r\n                                                            <div class=\"rate\" style=\"--p:88;\"><\/div>\r\n                                <b>4.4\/5<\/b>\r\n                                <div class=\"rate-stars\">\r\n                                                                            <div\r\n                                            class=\"rate-star  \">\r\n                                        <\/div>\r\n                                                                            <div\r\n                                            class=\"rate-star  \">\r\n                                        <\/div>\r\n                                                                            <div\r\n                                            class=\"rate-star  \">\r\n                                        <\/div>\r\n                                                                            <div\r\n                                            class=\"rate-star  \">\r\n                                        <\/div>\r\n                                                                            <div\r\n                                            class=\"rate-star  \">\r\n                                        <\/div>\r\n                                                                    <\/div>\r\n                                                    <\/div>\r\n\r\n                        <!-- Bot\u00f3n de producto  -->\r\n                        <div>\r\n                            <span class=\"price-claim\">\r\n                                VER PRECIO                            <\/span>\r\n                        <\/div>\r\n                    <\/a>\r\n                                    <a href=\"https:\/\/www.primor.eu\/es_es\/kallos-pro-tox-cannabis-mascarilla-capilar-105413.html?#854=66346\" class=\"product-item grid-table-rows\" target=\"_blank\">\r\n                        <div>\r\n                            <img decoding=\"async\" class=\"product-img\" width=\"80px\" height=\"80px\" src=\"https:\/\/cdn2.primor.eu\/media\/catalog\/product\/cache\/8d3aba296f7a18b5251ee30fa5db42b2\/P\/r\/Pro_Tox_Cannabis_Hair_Mask_1000_ml_CAN1740_30ea.jpg\" alt=\"Pro-Tox Cannabis Mascarilla Capilar\">\r\n                        <\/div>\r\n\r\n                        <!-- Contenido de producto  -->\r\n                        <div>\r\n                            <div class=\"product-position\">\r\n                                #5                            <\/div>\r\n\r\n                            <h2>\r\n                                Pro-Tox Cannabis Mascarilla Capilar                            <\/h2>\r\n                        <\/div>\r\n\r\n                        <!-- Imagen y\/o nombre de la marca -->\r\n                        <div>\r\n                                                            <img decoding=\"async\" width=\"70\" src=\"https:\/\/www.primor.eu\/media\/catalog\/category\/kallos_logo_original.png\" alt=\"Kallos\">\r\n                                                    <\/div>\r\n\r\n                        <!-- Puntuaci\u00f3n del producto  -->\r\n                        <div class=\"rating\">\r\n                                                            <div class=\"rate\" style=\"--p:90;\"><\/div>\r\n                                <b>4.5\/5<\/b>\r\n                                <div class=\"rate-stars\">\r\n                                                                            <div\r\n                                            class=\"rate-star  \">\r\n                                        <\/div>\r\n                                                                            <div\r\n                                            class=\"rate-star  \">\r\n                                        <\/div>\r\n                                                                            <div\r\n                                            class=\"rate-star  \">\r\n                                        <\/div>\r\n                                                                            <div\r\n                                            class=\"rate-star  \">\r\n                                        <\/div>\r\n                                                                            <div\r\n                                            class=\"rate-star  middle\">\r\n                                        <\/div>\r\n                                                                    <\/div>\r\n                                                    <\/div>\r\n\r\n                        <!-- Bot\u00f3n de producto  -->\r\n                        <div>\r\n                            <span class=\"price-claim\">\r\n                                VER PRECIO                            <\/span>\r\n                        <\/div>\r\n                    <\/a>\r\n                            <\/product-list>\r\n        <\/product-table>\r\n\r\n        \n\n\n\n<h3 class=\"wp-block-heading\">Mascarilla Capilar con Aceite de Aguacate y Keratina de Nacomi <\/h3>\n\n\n\n<p>Pertenece a la l\u00ednea de mascarillas naturales que aportan una gran hidrataci\u00f3n y protege de los agentes externos a los que exponemos nuestro cabello en el d\u00eda a d\u00eda. \u00bfLo mejor? Est\u00e1 dise\u00f1ada para quienes desean obtener un tratamiento capilar profesional en casa.<\/p>\n\n\n    <a class='product' target='_blank' href='https:\/\/www.primor.eu\/es_es\/nacomi-mascarilla-capilar-con-aceite-de-aguacate-y-keratina-9171.html'>\r\n        <img loading='async' src='https:\/\/cdn2.primor.eu\/media\/catalog\/product\/cache\/8d3aba296f7a18b5251ee30fa5db42b2\/2\/C\/2CN00333_1_3e8e.jpg' alt='COMPRAR AHORA'>\r\n            <div class=\"claim\">\r\n                COMPRAR AHORA            <\/div>\r\n        <\/a>\r\n    \n\n\n\n<h3 class=\"wp-block-heading\">Fructis Hair Food Mascarilla Capilar 3 en 1 Banana Nutritiva de Garnier<\/h3>\n\n\n\n<p>Est\u00e1 enriquecida con extracto de Banana de Costa Rica y proporciona al cabello, un cuidado saludable 3 en 1: ligero como un acondicionador, intensivo como una mascarilla y tan eficaz como un tratamiento. Ideal para las necesidades de los pelos m\u00e1s exigentes, su f\u00f3rmula repleta de nutrientes e hidrataci\u00f3n fomenta como resultado un cabello suave e intensamente nutrido sin efecto graso.<\/p>\n\n\n    <a class='product' target='_blank' href='https:\/\/www.primor.eu\/es_es\/garnier-fructis-hair-food-mascarilla-cabello-3-en-1-banana-9085.html'>\r\n        <img loading='async' src='https:\/\/cdn2.primor.eu\/media\/catalog\/product\/cache\/8d3aba296f7a18b5251ee30fa5db42b2\/2\/C\/2CA02980_1_809a.jpg' alt='COMPRAR AHORA'>\r\n            <div class=\"claim\">\r\n                COMPRAR AHORA            <\/div>\r\n        <\/a>\r\n    \n\n\n\n<h3 class=\"wp-block-heading\">Mascarilla Repair Argan de Be Natural&nbsp;<\/h3>\n\n\n\n<p>Es un tratamiento reparador intensivo a base de aceite de arg\u00e1n, ingrediente de alto contenido en \u00e1cidos grasos y vitamina E, que ayudan a tratar el cabello maltratado. Su uso continuado fortalece las fibras capilares, aportando elasticidad y manejabilidad, reduciendo a su vez el encrespamiento.<\/p>\n\n\n    <a class='product' target='_blank' href='https:\/\/www.primor.eu\/es_es\/be-natural-mascarilla-repair-argan-9249.html'>\r\n        <img loading='async' src='https:\/\/cdn2.primor.eu\/media\/catalog\/product\/cache\/8d3aba296f7a18b5251ee30fa5db42b2\/2\/C\/2CA03352_1_3207.jpg' alt='COMPRAR AHORA'>\r\n            <div class=\"claim\">\r\n                COMPRAR AHORA            <\/div>\r\n        <\/a>\r\n    \n\n\n\n<h3 class=\"wp-block-heading\">Mascarilla Professional Care Total Repair de Herbal Essences<\/h3>\n\n\n\n<p>La Mascarilla S.O.S. Total Repair es una mascarilla para cabello da\u00f1ado con aceite de Jojoba y Fitoceramidas, cuyas propiedades nutritivas y protectoras aportan brillo y flexibilidad al cabello da\u00f1ado. Revitaliza y regenera el profundidad la estructura capilar, previniendo la aparici\u00f3n de nuevos da\u00f1os y puntas abiertas. No contiene colorantes ni parabenos.<\/p>\n\n\n    <a class='product' target='_blank' href='https:\/\/www.primor.eu\/es_es\/herbal-mascarilla-professional-care-total-repair-8616.html'>\r\n        <img loading='async' src='https:\/\/cdn2.primor.eu\/media\/catalog\/product\/cache\/8d3aba296f7a18b5251ee30fa5db42b2\/6\/X\/6XS05708_1_272b.jpg' alt='COMPRAR AHORA'>\r\n            <div class=\"claim\">\r\n                COMPRAR AHORA            <\/div>\r\n        <\/a>\r\n    \n\n\n\n<h3 class=\"wp-block-heading\">Pro-Tox Cannabis Mascarilla Capilar de Kallos<\/h3>\n\n\n\n<p>Combina una f\u00f3rmula especial Pro-tox con aceite de semilla de c\u00e1\u00f1amo, que tiene propiedades \u00fanicas. Mejora la condici\u00f3n del cabello para hacerlo fuerte y saludable. La queratina, contenida en la composici\u00f3n, aumenta la elasticidad del cabello y el complejo vitam\u00ednico suaviza y regenera las hebras.<\/p>\n\n\n    <a class='product' target='_blank' href='https:\/\/www.primor.eu\/es_es\/kallos-pro-tox-cannabis-mascarilla-capilar-105413.html?#854=66346'>\r\n        <img loading='async' src='https:\/\/cdn2.primor.eu\/media\/catalog\/product\/cache\/8d3aba296f7a18b5251ee30fa5db42b2\/P\/r\/Pro_Tox_Cannabis_Hair_Mask_1000_ml_CAN1740_30ea.jpg' alt='COMPRAR AHORA'>\r\n            <div class=\"claim\">\r\n                COMPRAR AHORA            <\/div>\r\n        <\/a>\r\n    \n\n\n\n<h3 class=\"wp-block-heading\">Leche de Cabra Mascarilla de Ziaja<\/h3>\n\n\n\n<p>No apelmaza el cabello, permitiendo que luzca natural y saludable. Adem\u00e1s, regenera intensamente la estructura alterada del cabello, restaurando su suavidad y proporcionando una hidrataci\u00f3n profunda.<\/p>\n\n\n    <a class='product' target='_blank' href='https:\/\/www.primor.eu\/es_es\/ziaja-leche-de-cabra-mascarilla-8792.html'>\r\n        <img loading='async' src='https:\/\/cdn2.primor.eu\/media\/catalog\/product\/cache\/8d3aba296f7a18b5251ee30fa5db42b2\/L\/e\/Leche_de_cabra_Mascarilla_capilar_5901887035435_052b.jpg' alt='COMPRAR AHORA'>\r\n            <div class=\"claim\">\r\n                COMPRAR AHORA            <\/div>\r\n        <\/a>\r\n    \n\n\n\n<h3 class=\"wp-block-heading\">Mascarilla Capilar Nutritiva de Biov\u00e8ne<\/h3>\n\n\n\n<p>Ultra nutritiva es un tratamiento acondicionador intensivo para envolver el cabello con ingredientes estrella Col\u00e1geno y Aloe Vera para proteger el cabello y ayudar a restaurar su hidrataci\u00f3n natural dej\u00e1ndolo suave, brillante y terso.<\/p>\n\n\n    <a class='product' target='_blank' href='https:\/\/www.primor.eu\/es_es\/biovene-mascarilla-capilar-nutritiva-10593.html'>\r\n        <img loading='async' src='https:\/\/cdn2.primor.eu\/media\/catalog\/product\/cache\/8d3aba296f7a18b5251ee30fa5db42b2\/2\/C\/2CA04576_1_f22f.jpg' alt='COMPRAR AHORA'>\r\n            <div class=\"claim\">\r\n                COMPRAR AHORA            <\/div>\r\n        <\/a>\r\n    \n\n\n\n<h3 class=\"wp-block-heading\">Eco Aloe Vera Mascarilla Capilar de Eco U<\/h3>\n\n\n\n<p>Mascarilla para el cuidado del cuerpo, rostro y cabello.<\/p>\n\n\n\n<p>No podr\u00e1s resistirte a su aroma y a los beneficios que te aporta.<\/p>\n\n\n    <a class='product' target='_blank' href='https:\/\/www.primor.eu\/es_es\/eco-u-eco-aloe-vera-mascarilla-capilar-8173.html'>\r\n        <img loading='async' src='https:\/\/cdn2.primor.eu\/media\/catalog\/product\/cache\/8d3aba296f7a18b5251ee30fa5db42b2\/5\/9\/5907747213807_ff03.jpg' alt='COMPRAR AHORA'>\r\n            <div class=\"claim\">\r\n                COMPRAR AHORA            <\/div>\r\n        <\/a>\r\n    \n\n\n\n<h3 class=\"wp-block-heading\">Pro-Tox Cannabis Mascarilla Capilar de Kallos<\/h3>\n\n\n\n<p>Combina una f\u00f3rmula especial Pro-tox con aceite de semilla de c\u00e1\u00f1amo, que tiene propiedades \u00fanicas. Mejora la condici\u00f3n del cabello para hacerlo fuerte y saludable. La queratina, contenida en la composici\u00f3n, aumenta la elasticidad del cabello y el complejo vitam\u00ednico suaviza y regenera las hebras.<\/p>\n\n\n    <a class='product' target='_blank' href='https:\/\/www.primor.eu\/es_es\/kallos-pro-tox-cannabis-mascarilla-capilar-105413.html?#854=66346'>\r\n        <img loading='async' src='https:\/\/cdn2.primor.eu\/media\/catalog\/product\/cache\/8d3aba296f7a18b5251ee30fa5db42b2\/P\/r\/Pro_Tox_Cannabis_Hair_Mask_1000_ml_CAN1740_30ea.jpg' alt='COMPRAR AHORA'>\r\n            <div class=\"claim\">\r\n                COMPRAR AHORA            <\/div>\r\n        <\/a>\r\n    \n\n\n<div class=\"kk-star-ratings kksr-auto kksr-align-center kksr-valign-bottom\"\n    data-payload='{&quot;align&quot;:&quot;center&quot;,&quot;id&quot;:&quot;40364&quot;,&quot;slug&quot;:&quot;default&quot;,&quot;valign&quot;:&quot;bottom&quot;,&quot;ignore&quot;:&quot;&quot;,&quot;reference&quot;:&quot;auto&quot;,&quot;class&quot;:&quot;&quot;,&quot;count&quot;:&quot;7&quot;,&quot;legendonly&quot;:&quot;&quot;,&quot;readonly&quot;:&quot;&quot;,&quot;score&quot;:&quot;3.9&quot;,&quot;starsonly&quot;:&quot;&quot;,&quot;best&quot;:&quot;5&quot;,&quot;gap&quot;:&quot;5&quot;,&quot;greet&quot;:&quot;Valora este art\u00edculo&quot;,&quot;legend&quot;:&quot;3.9\\\/5 - (7 votos)&quot;,&quot;size&quot;:&quot;24&quot;,&quot;title&quot;:&quot;Las 7 mejores mascarillas naturales para el pelo que funcionan en 2026 porque hidratan en profundidad&quot;,&quot;width&quot;:&quot;110.6&quot;,&quot;_legend&quot;:&quot;{score}\\\/{best} - ({count} {votes})&quot;,&quot;font_factor&quot;:&quot;1.25&quot;}'>\n            \n<div class=\"kksr-stars\">\n    \n<div class=\"kksr-stars-inactive\">\n            <div class=\"kksr-star\" data-star=\"1\" style=\"padding-right: 5px\">\n            \n\n<div class=\"kksr-icon\" style=\"width: 24px; height: 24px;\"><\/div>\n        <\/div>\n            <div class=\"kksr-star\" data-star=\"2\" style=\"padding-right: 5px\">\n            \n\n<div class=\"kksr-icon\" style=\"width: 24px; height: 24px;\"><\/div>\n        <\/div>\n            <div class=\"kksr-star\" data-star=\"3\" style=\"padding-right: 5px\">\n            \n\n<div class=\"kksr-icon\" style=\"width: 24px; height: 24px;\"><\/div>\n        <\/div>\n            <div class=\"kksr-star\" data-star=\"4\" style=\"padding-right: 5px\">\n            \n\n<div class=\"kksr-icon\" style=\"width: 24px; height: 24px;\"><\/div>\n        <\/div>\n            <div class=\"kksr-star\" data-star=\"5\" style=\"padding-right: 5px\">\n            \n\n<div class=\"kksr-icon\" style=\"width: 24px; height: 24px;\"><\/div>\n        <\/div>\n    <\/div>\n    \n<div class=\"kksr-stars-active\" style=\"width: 110.6px;\">\n            <div class=\"kksr-star\" style=\"padding-right: 5px\">\n            \n\n<div class=\"kksr-icon\" style=\"width: 24px; height: 24px;\"><\/div>\n        <\/div>\n            <div class=\"kksr-star\" style=\"padding-right: 5px\">\n            \n\n<div class=\"kksr-icon\" style=\"width: 24px; height: 24px;\"><\/div>\n        <\/div>\n            <div class=\"kksr-star\" style=\"padding-right: 5px\">\n            \n\n<div class=\"kksr-icon\" style=\"width: 24px; height: 24px;\"><\/div>\n        <\/div>\n            <div class=\"kksr-star\" style=\"padding-right: 5px\">\n            \n\n<div class=\"kksr-icon\" style=\"width: 24px; height: 24px;\"><\/div>\n        <\/div>\n            <div class=\"kksr-star\" style=\"padding-right: 5px\">\n            \n\n<div class=\"kksr-icon\" style=\"width: 24px; height: 24px;\"><\/div>\n        <\/div>\n    <\/div>\n<\/div>\n                \n\n<div class=\"kksr-legend\" style=\"font-size: 19.2px;\">\n            3.9\/5 - (7 votos)    <\/div>\n    <\/div>\n","protected":false},"excerpt":{"rendered":"<p>Usar mascarillas naturales para el pelo forma parte de un cambio de mentalidad hacia un estilo de vida m\u00e1s sostenible y saludable. Son productos libre de t\u00f3xicos elaborados a base de activos naturales y materiales reciclables que respetan el cabello y el cuero cabelludo y protegen el medio que nos rodea. Adem\u00e1s, son muy tolerables [&hellip;]<\/p>\n","protected":false},"author":14,"featured_media":123314,"comment_status":"open","ping_status":"open","sticky":false,"template":"","format":"standard","meta":{"jnews-multi-image_gallery":[],"jnews_single_post":{"subtitle":"","format":"standard","video":"","gallery":"","source_name":"","source_url":"","via_name":"","via_url":"","override_template":"0","override":[{"template":"1","single_blog_custom":"","parallax":"1","fullscreen":"1","layout":"right-sidebar","sidebar":"home-2","second_sidebar":"default-sidebar","sticky_sidebar":"0","share_position":"float","share_float_style":"share-monocrhome","show_share_counter":"0","show_view_counter":"0","show_featured":"1","show_post_meta":"1","show_post_author":"0","show_post_author_image":"1","show_post_date":"1","post_date_format":"default","post_date_format_custom":"Y\/m\/d","show_post_category":"1","show_post_reading_time":"0","post_reading_time_wpm":"300","show_zoom_button":"0","zoom_button_out_step":"2","zoom_button_in_step":"3","show_post_tag":"0","show_prev_next_post":"0","show_popup_post":"0","number_popup_post":"2","show_author_box":"0","show_post_related":"0","show_inline_post_related":"1"}],"override_image_size":"0","image_override":[{"single_post_thumbnail_size":"no-crop","single_post_gallery_size":"crop-500"}],"trending_post":"0","trending_post_position":"meta","trending_post_label":"Trending","sponsored_post":"0","sponsored_post_label":"Sponsored by","sponsored_post_name":"","sponsored_post_url":"","sponsored_post_logo_enable":"0","sponsored_post_logo":"","sponsored_post_desc":"","disable_ad":"0"},"jnews_primary_category":{"id":"","hide":""},"jnews_social_meta":{"fb_title":"","fb_description":"","fb_image":"","twitter_title":"","twitter_description":"","twitter_image":""},"jnews_override_counter":{"override_view_counter":"0","view_counter_number":"0","override_share_counter":"0","share_counter_number":"0","override_like_counter":"0","like_counter_number":"0","override_dislike_counter":"0","dislike_counter_number":"0"},"footnotes":""},"categories":[37],"tags":[],"class_list":["post-40364","post","type-post","status-publish","format-standard","has-post-thumbnail","hentry","category-cosmetica-natural"],"_links":{"self":[{"href":"https:\/\/www.primor.eu\/blog\/wp-json\/wp\/v2\/posts\/40364","targetHints":{"allow":["GET"]}}],"collection":[{"href":"https:\/\/www.primor.eu\/blog\/wp-json\/wp\/v2\/posts"}],"about":[{"href":"https:\/\/www.primor.eu\/blog\/wp-json\/wp\/v2\/types\/post"}],"author":[{"embeddable":true,"href":"https:\/\/www.primor.eu\/blog\/wp-json\/wp\/v2\/users\/14"}],"replies":[{"embeddable":true,"href":"https:\/\/www.primor.eu\/blog\/wp-json\/wp\/v2\/comments?post=40364"}],"version-history":[{"count":36,"href":"https:\/\/www.primor.eu\/blog\/wp-json\/wp\/v2\/posts\/40364\/revisions"}],"predecessor-version":[{"id":141154,"href":"https:\/\/www.primor.eu\/blog\/wp-json\/wp\/v2\/posts\/40364\/revisions\/141154"}],"wp:featuredmedia":[{"embeddable":true,"href":"https:\/\/www.primor.eu\/blog\/wp-json\/wp\/v2\/media\/123314"}],"wp:attachment":[{"href":"https:\/\/www.primor.eu\/blog\/wp-json\/wp\/v2\/media?parent=40364"}],"wp:term":[{"taxonomy":"category","embeddable":true,"href":"https:\/\/www.primor.eu\/blog\/wp-json\/wp\/v2\/categories?post=40364"},{"taxonomy":"post_tag","embeddable":true,"href":"https:\/\/www.primor.eu\/blog\/wp-json\/wp\/v2\/tags?post=40364"}],"curies":[{"name":"wp","href":"https:\/\/api.w.org\/{rel}","templated":true}]}}