{"id":40096,"date":"2025-10-27T07:12:02","date_gmt":"2025-10-27T07:12:02","guid":{"rendered":"https:\/\/blog.primor.eu\/?p=40096"},"modified":"2025-10-27T07:12:02","modified_gmt":"2025-10-27T07:12:02","slug":"mejores-bb-creams-para-una-piel-grasa","status":"publish","type":"post","link":"https:\/\/www.primor.eu\/blog\/mejores-bb-creams-para-una-piel-grasa\/","title":{"rendered":"Las 12 mejores BB Creams para una piel grasa sin brillos"},"content":{"rendered":"\n<p>uienes buscan una soluci\u00f3n sencilla y sin complicaciones para hidratar y maquillar la piel al mismo tiempo. Para ello, las BB Creams son la mejor ocpi\u00f3n. Una posibilidad a medio camino que evita la p\u00e9rdida de humedad y que proporciona un acabado jugoso y s\u00faperfavorecedor. No obstante, hay rumores (err\u00f3neos) que dicen que las<a href=\"https:\/\/www.primor.eu\/blog\/acido-glicolico\/\"> pieles grasas<\/a> no pueden usar este tipo de productos. Pero se equivocan. Hoy te contamos todo lo que debes saber para encontrar las mejores <strong>BB Creams para una piel grasa.&nbsp;<\/strong><\/p>\n\n\n\n<h2 class=\"wp-block-heading\">\u00bfQu\u00e9 es una BB Cream?<\/h2>\n\n\n\n<p>Las <strong>BB Creams (Blemish Balm)<\/strong> son una especie de todo en uno y en un solo paso que hidratan, corrigen y protegen contra las agresiones externas. Ideales para pieles secas, estos cosm\u00e9ticos proporcionan un confort extremo a la piel, aportando un aspecto jugoso, sano y bonito. Por otro lado, corrigen peque\u00f1as imperfecciones, ya que con ellas, las arrugas y l\u00edneas de expresi\u00f3n se aten\u00faan.<\/p>\n\n\n\n<h2 class=\"wp-block-heading\">\u00bfPuede una piel grasa usar BB Creams?<\/h2>\n\n\n\n<p>S\u00ed. No olvidemos que las <a href=\"https:\/\/www.primor.eu\/blog\/mejores-bases-de-maquillaje-piel-grasa\/\">pieles grasas<\/a> necesitan hidrataci\u00f3n. Como ya hemos visto, las BB Creams son una opci\u00f3n perfecta para hidratar y maquillar el rostro en verano. Lo \u00fanico que tendr\u00e1s que usar es una que se adapte bien a tu tipo de piel. Es decir,<strong> que sea no comedog\u00e9nica y libre de aceites.&nbsp;<\/strong><\/p>\n\n\n\n<h2 class=\"wp-block-heading\">Beneficios de una BB Cream<\/h2>\n\n\n\n<ul class=\"wp-block-list\">\n<li><strong>Mejora el aspecto de la piel<\/strong>, embelleci\u00e9ndola y corrigiendo imperfecciones como tono desigual, granitos, ojeras o <a href=\"https:\/\/www.primor.eu\/blog\/tipo-de-manchas-en-la-cara\/\">manchas<\/a>.<\/li>\n\n\n\n<li><strong>Protecci\u00f3n<\/strong> frente a las radiaciones solares (SPF).<\/li>\n\n\n\n<li><strong>Hidrataci\u00f3n profunda<\/strong> que dura todo el d\u00eda y evita la p\u00e9rdida de humedad.<\/li>\n\n\n\n<li>Piel fresca y ligera sin brillos ni exceso de sebo.<\/li>\n\n\n\n<li><strong>Cobertura ligera<\/strong>, de r\u00e1pida absorci\u00f3n y no grasa.<\/li>\n\n\n\n<li><strong>Poder antoxidante<\/strong> que protege contra los rayos UVA.<\/li>\n<\/ul>\n\n\n\n<h2 class=\"wp-block-heading\">BB Cream vs CC Creams<\/h2>\n\n\n\n<p>Es hora de que lo sepas: no es lo mismo una <a href=\"https:\/\/www.primor.eu\/es_es\/bb-cream-y-cc-cream\">BB Cream que una CC Cream<\/a>. Porque a pesar de que las BB Creams son un imprescindible que a todas nos encanta utilizar para un acabado m\u00e1s natural y ligero (sobre todo en verano), las CC Cream cuentan con otra serie de ventajas:<\/p>\n\n\n\n<ul class=\"wp-block-list\">\n<li><strong>Es ideal para pieles maduras<\/strong>. Mientras que las BB Cream corrigen peque\u00f1as imperfecciones, las CC Cream est\u00e1n destinadas a corregir aquellas pieles que necesitan una cobertura media.<\/li>\n\n\n\n<li><strong>La cobertura<\/strong>. Las BB Cream tienen un acabado mucho m\u00e1s ligero y brillante, de ah\u00ed su denominaci\u00f3n Blemish Balm Cream (B\u00e1lsamo para imperfecciones). Por el contrario, las CC Cream tienen un resultado m\u00e1s mate.<\/li>\n\n\n\n<li><strong>Tipo de piel<\/strong>. Al tener una cobertura m\u00e1s opaca y estar destinada a corregir imperfecciones de manera m\u00e1s directa, las CC Cream son perfectas para pieles grasas, ya que camuflan los brillos.<\/li>\n\n\n\n<li><strong>Dos cosm\u00e9ticos en uno<\/strong>. Mientras que la BB Cream es un cosm\u00e9tico h\u00edbrido entre una hidratante y una <a href=\"https:\/\/www.primor.eu\/es_es\/bases-de-maquillaje\">base de maquillaje<\/a>, las CC Cream combina todos los beneficios del <a href=\"https:\/\/www.primor.eu\/es_es\/correctores-de-maquillaje-para-ojeras-y-antiojeras\">corrector <\/a>y una base maquillaje, ya que se funde a la perfecci\u00f3n con la piel y corrige imperfecciones. Adem\u00e1s, la hidrata y la nutre. \u00a1Lo tiene todo!<\/li>\n<\/ul>\n\n\n\n<h2 class=\"wp-block-heading\">Las mejores BB Creams para una piel grasa<\/h2>\n\n\n        <product-table class=\"pr-slider\">\r\n            <product-headers class=\"grid-table-rows\">\r\n                <div>Foto<\/div>\r\n                <div>Producto<\/div>\r\n                <div>Marca<\/div>\r\n                <div>Valoraciones<\/div>\r\n                <div>Precio<\/div>\r\n            <\/product-headers>\r\n\r\n            <product-list>\r\n                                    <a href=\"https:\/\/www.primor.eu\/es_es\/ziaja-bb-cream-pieles-mixtas-y-grasas-110448.html?#803=58217\" class=\"product-item grid-table-rows\" target=\"_blank\">\r\n                        <div>\r\n                            <img decoding=\"async\" class=\"product-img\" width=\"80px\" height=\"80px\" src=\"https:\/\/cdn2.primor.eu\/media\/catalog\/product\/cache\/8d3aba296f7a18b5251ee30fa5db42b2\/B\/B\/BB_cream_pieles_grasas_y_mixtas_SPF15_Tono_Oscuro___5901887038375_c9ba.jpg\" alt=\"BB cream pieles mixtas y grasas\">\r\n                        <\/div>\r\n\r\n                        <!-- Contenido de producto  -->\r\n                        <div>\r\n                            <div class=\"product-position\">\r\n                                #1 Top Ventas                            <\/div>\r\n\r\n                            <h2>\r\n                                BB cream pieles mixtas y grasas                            <\/h2>\r\n                        <\/div>\r\n\r\n                        <!-- Imagen y\/o nombre de la marca -->\r\n                        <div>\r\n                                                            <img decoding=\"async\" width=\"70\" src=\"https:\/\/www.primor.eu\/media\/catalog\/category\/logo_ZIAJA.png\" alt=\"Ziaja\">\r\n                                                    <\/div>\r\n\r\n                        <!-- Puntuaci\u00f3n del producto  -->\r\n                        <div class=\"rating\">\r\n                                                            <div class=\"rate\" style=\"--p:84;\"><\/div>\r\n                                <b>4.2\/5<\/b>\r\n                                <div class=\"rate-stars\">\r\n                                                                            <div\r\n                                            class=\"rate-star  \">\r\n                                        <\/div>\r\n                                                                            <div\r\n                                            class=\"rate-star  \">\r\n                                        <\/div>\r\n                                                                            <div\r\n                                            class=\"rate-star  \">\r\n                                        <\/div>\r\n                                                                            <div\r\n                                            class=\"rate-star  \">\r\n                                        <\/div>\r\n                                                                            <div\r\n                                            class=\"rate-star  \">\r\n                                        <\/div>\r\n                                                                    <\/div>\r\n                                                    <\/div>\r\n\r\n                        <!-- Bot\u00f3n de producto  -->\r\n                        <div>\r\n                            <span class=\"price-claim\">\r\n                                VER PRECIO                            <\/span>\r\n                        <\/div>\r\n                    <\/a>\r\n                                    <a href=\"https:\/\/www.primor.eu\/es_es\/garnier-skin-active-bb-cream-matificante-para-pieles-mixtas-a-grasas-106307.html?#863=67440\" class=\"product-item grid-table-rows\" target=\"_blank\">\r\n                        <div>\r\n                            <img decoding=\"async\" class=\"product-img\" width=\"80px\" height=\"80px\" src=\"https:\/\/cdn2.primor.eu\/media\/catalog\/product\/cache\/8d3aba296f7a18b5251ee30fa5db42b2\/0\/T\/0TF20983_1_6807.jpg\" alt=\"Skin Active BB Cream Matificante para Pieles Mixtas a Grasas\">\r\n                        <\/div>\r\n\r\n                        <!-- Contenido de producto  -->\r\n                        <div>\r\n                            <div class=\"product-position\">\r\n                                #2                            <\/div>\r\n\r\n                            <h2>\r\n                                Skin Active BB Cream Matificante para Pieles Mixtas a Grasas                            <\/h2>\r\n                        <\/div>\r\n\r\n                        <!-- Imagen y\/o nombre de la marca -->\r\n                        <div>\r\n                                                            <img decoding=\"async\" width=\"70\" src=\"https:\/\/www.primor.eu\/media\/catalog\/category\/Garnier.jpg\" alt=\"Garnier\">\r\n                                                    <\/div>\r\n\r\n                        <!-- Puntuaci\u00f3n del producto  -->\r\n                        <div class=\"rating\">\r\n                                                            <div class=\"rate\" style=\"--p:94;\"><\/div>\r\n                                <b>4.7\/5<\/b>\r\n                                <div class=\"rate-stars\">\r\n                                                                            <div\r\n                                            class=\"rate-star  \">\r\n                                        <\/div>\r\n                                                                            <div\r\n                                            class=\"rate-star  \">\r\n                                        <\/div>\r\n                                                                            <div\r\n                                            class=\"rate-star  \">\r\n                                        <\/div>\r\n                                                                            <div\r\n                                            class=\"rate-star  \">\r\n                                        <\/div>\r\n                                                                            <div\r\n                                            class=\"rate-star  \">\r\n                                        <\/div>\r\n                                                                    <\/div>\r\n                                                    <\/div>\r\n\r\n                        <!-- Bot\u00f3n de producto  -->\r\n                        <div>\r\n                            <span class=\"price-claim\">\r\n                                VER PRECIO                            <\/span>\r\n                        <\/div>\r\n                    <\/a>\r\n                                    <a href=\"https:\/\/www.primor.eu\/es_es\/biotherm-aquasource-bb-cream-110447.html?#803=54055\" class=\"product-item grid-table-rows\" target=\"_blank\">\r\n                        <div>\r\n                            <img decoding=\"async\" class=\"product-img\" width=\"80px\" height=\"80px\" src=\"https:\/\/cdn2.primor.eu\/media\/catalog\/product\/cache\/8d3aba296f7a18b5251ee30fa5db42b2\/0\/T\/0TF08422_1_ac0d.jpg\" alt=\"Aquasource BB Cream\">\r\n                        <\/div>\r\n\r\n                        <!-- Contenido de producto  -->\r\n                        <div>\r\n                            <div class=\"product-position\">\r\n                                #3                            <\/div>\r\n\r\n                            <h2>\r\n                                Aquasource BB Cream                            <\/h2>\r\n                        <\/div>\r\n\r\n                        <!-- Imagen y\/o nombre de la marca -->\r\n                        <div>\r\n                                                            <img decoding=\"async\" width=\"70\" src=\"https:\/\/www.primor.eu\/media\/catalog\/category\/biotherm.png\" alt=\"Biotherm\">\r\n                                                    <\/div>\r\n\r\n                        <!-- Puntuaci\u00f3n del producto  -->\r\n                        <div class=\"rating\">\r\n                                                            <div class=\"rate\" style=\"--p:92;\"><\/div>\r\n                                <b>4.6\/5<\/b>\r\n                                <div class=\"rate-stars\">\r\n                                                                            <div\r\n                                            class=\"rate-star  \">\r\n                                        <\/div>\r\n                                                                            <div\r\n                                            class=\"rate-star  \">\r\n                                        <\/div>\r\n                                                                            <div\r\n                                            class=\"rate-star  \">\r\n                                        <\/div>\r\n                                                                            <div\r\n                                            class=\"rate-star  \">\r\n                                        <\/div>\r\n                                                                            <div\r\n                                            class=\"rate-star  \">\r\n                                        <\/div>\r\n                                                                    <\/div>\r\n                                                    <\/div>\r\n\r\n                        <!-- Bot\u00f3n de producto  -->\r\n                        <div>\r\n                            <span class=\"price-claim\">\r\n                                VER PRECIO                            <\/span>\r\n                        <\/div>\r\n                    <\/a>\r\n                            <\/product-list>\r\n        <\/product-table>\r\n\r\n        \n\n\n\n<h3 class=\"wp-block-heading\">BB Cream para pieles mixtas y grasas de Ziaja<\/h3>\n\n\n\n<p>La l\u00ednea de pieles mixtas a grasas, hidrata, regenera, deja la piel uniforme y alisa a la vez que calma las irritaciones gracias a sus ingredientes activos: el \u00e1cido olean\u00f3lico, la vitamina B3, el \u00e1cido hialur\u00f3nico, la provitamina B5, la vitamina E y C, filtros UVA y UVB y los pigmentos minerales estabilizantes.<\/p>\n\n\n    <a class='product' target='_blank' href='https:\/\/www.primor.eu\/es_es\/ziaja-bb-cream-pieles-mixtas-y-grasas-110448.html?#803=58217'>\r\n        <img loading='async' src='https:\/\/cdn2.primor.eu\/media\/catalog\/product\/cache\/8d3aba296f7a18b5251ee30fa5db42b2\/B\/B\/BB_cream_pieles_grasas_y_mixtas_SPF15_Tono_Oscuro___5901887038375_c9ba.jpg' alt='COMPRAR AHORA'>\r\n            <div class=\"claim\">\r\n                COMPRAR AHORA            <\/div>\r\n        <\/a>\r\n    \n\n\n\n<h3 class=\"wp-block-heading\">SkinActive BB Cream Matificante para Pieles Mixtas a Grasas de Garnier<\/h3>\n\n\n\n<p>Hidrata, unifica, corrige e Ilumina piel. Con cobertura modulable que deja respirar la piel, hidrata, maquilla y protege la piel gracias a su composici\u00f3n con \u00e1cido hialur\u00f3nico y filtro f\u00edsico SPF+25.<\/p>\n\n\n    <a class='product' target='_blank' href='https:\/\/www.primor.eu\/es_es\/garnier-skin-active-bb-cream-matificante-para-pieles-mixtas-a-grasas-106307.html?#863=67440'>\r\n        <img loading='async' src='https:\/\/cdn2.primor.eu\/media\/catalog\/product\/cache\/8d3aba296f7a18b5251ee30fa5db42b2\/0\/T\/0TF20983_1_6807.jpg' alt='COMPRAR AHORA'>\r\n            <div class=\"claim\">\r\n                COMPRAR AHORA            <\/div>\r\n        <\/a>\r\n    \n\n\n\n<h3 class=\"wp-block-heading\">Aquasource BB Cream de Biotherm<\/h3>\n\n\n\n<p>Atenta, porque es la primera BB Cream que aporta una hidrataci\u00f3n profunda y duradera a tu piel, otorgando frescura y perfecci\u00f3n. Aporta a la piel 7 beneficios que unifican, iluminan, hidratan, alisan, corrigen, protegen (SPF15) y perfeccionan. Adem\u00e1s, gracias a sus incre\u00edbles propiedades calmantes, fortificantes y antioxidantes <strong>&nbsp;<\/strong>tu piel estar\u00e1 hidratada, suave, fresca y con un tono natural.<\/p>\n\n\n    <a class='product' target='_blank' href='https:\/\/www.primor.eu\/es_es\/biotherm-aquasource-bb-cream-110447.html?#803=54055'>\r\n        <img loading='async' src='https:\/\/cdn2.primor.eu\/media\/catalog\/product\/cache\/8d3aba296f7a18b5251ee30fa5db42b2\/0\/T\/0TF08422_1_ac0d.jpg' alt='COMPRAR AHORA'>\r\n            <div class=\"claim\">\r\n                COMPRAR AHORA            <\/div>\r\n        <\/a>\r\n    \n\n\n\n<h2 class=\"wp-block-heading\">Otras BB Creams para pieles grasas que te encantar\u00e1n&nbsp;<\/h2>\n\n\n        <product-table class=\"pr-slider\">\r\n            <product-headers class=\"grid-table-rows\">\r\n                <div>Foto<\/div>\r\n                <div>Producto<\/div>\r\n                <div>Marca<\/div>\r\n                <div>Valoraciones<\/div>\r\n                <div>Precio<\/div>\r\n            <\/product-headers>\r\n\r\n            <product-list>\r\n                                    <a href=\"https:\/\/www.primor.eu\/es_es\/shiseido-maquillaje-compacto-sports-bb-compact-spf50-110572.html?#803=56964\" class=\"product-item grid-table-rows\" target=\"_blank\">\r\n                        <div>\r\n                            <img decoding=\"async\" class=\"product-img\" width=\"80px\" height=\"80px\" src=\"https:\/\/cdn2.primor.eu\/media\/catalog\/product\/cache\/8d3aba296f7a18b5251ee30fa5db42b2\/0\/M\/0MR15627_1_81e2.jpg\" alt=\"Maquillaje compacto Sports BB Compact SPF50+\">\r\n                        <\/div>\r\n\r\n                        <!-- Contenido de producto  -->\r\n                        <div>\r\n                            <div class=\"product-position\">\r\n                                #1 Top Ventas                            <\/div>\r\n\r\n                            <h2>\r\n                                Maquillaje compacto Sports BB Compact SPF50+                            <\/h2>\r\n                        <\/div>\r\n\r\n                        <!-- Imagen y\/o nombre de la marca -->\r\n                        <div>\r\n                                                            <img decoding=\"async\" width=\"70\" src=\"https:\/\/www.primor.eu\/media\/catalog\/category\/shiseido.png\" alt=\"Shiseido\">\r\n                                                    <\/div>\r\n\r\n                        <!-- Puntuaci\u00f3n del producto  -->\r\n                        <div class=\"rating\">\r\n                                                            <div class=\"rate\" style=\"--p:94;\"><\/div>\r\n                                <b>4.7\/5<\/b>\r\n                                <div class=\"rate-stars\">\r\n                                                                            <div\r\n                                            class=\"rate-star  \">\r\n                                        <\/div>\r\n                                                                            <div\r\n                                            class=\"rate-star  \">\r\n                                        <\/div>\r\n                                                                            <div\r\n                                            class=\"rate-star  \">\r\n                                        <\/div>\r\n                                                                            <div\r\n                                            class=\"rate-star  \">\r\n                                        <\/div>\r\n                                                                            <div\r\n                                            class=\"rate-star  \">\r\n                                        <\/div>\r\n                                                                    <\/div>\r\n                                                    <\/div>\r\n\r\n                        <!-- Bot\u00f3n de producto  -->\r\n                        <div>\r\n                            <span class=\"price-claim\">\r\n                                VER PRECIO                            <\/span>\r\n                        <\/div>\r\n                    <\/a>\r\n                                    <a href=\"https:\/\/www.primor.eu\/es_es\/sisley-phyto-hydra-teint-hidratante-con-color-embellecedor-109356.html?#803=56964\" class=\"product-item grid-table-rows\" target=\"_blank\">\r\n                        <div>\r\n                            <img decoding=\"async\" class=\"product-img\" width=\"80px\" height=\"80px\" src=\"https:\/\/cdn2.primor.eu\/media\/catalog\/product\/cache\/8d3aba296f7a18b5251ee30fa5db42b2\/0\/M\/0MR18114_1_737c.jpg\" alt=\"Phyto Hydra Teint Hidratante con Color Embellecedor\">\r\n                        <\/div>\r\n\r\n                        <!-- Contenido de producto  -->\r\n                        <div>\r\n                            <div class=\"product-position\">\r\n                                #2                            <\/div>\r\n\r\n                            <h2>\r\n                                Phyto Hydra Teint Hidratante con Color Embellecedor                            <\/h2>\r\n                        <\/div>\r\n\r\n                        <!-- Imagen y\/o nombre de la marca -->\r\n                        <div>\r\n                                                            <img decoding=\"async\" width=\"70\" src=\"https:\/\/www.primor.eu\/media\/catalog\/category\/sisley.png\" alt=\"Sisley\">\r\n                                                    <\/div>\r\n\r\n                        <!-- Puntuaci\u00f3n del producto  -->\r\n                        <div class=\"rating\">\r\n                                                            <div class=\"rate\" style=\"--p:100;\"><\/div>\r\n                                <b>5\/5<\/b>\r\n                                <div class=\"rate-stars\">\r\n                                                                            <div\r\n                                            class=\"rate-star  \">\r\n                                        <\/div>\r\n                                                                            <div\r\n                                            class=\"rate-star  \">\r\n                                        <\/div>\r\n                                                                            <div\r\n                                            class=\"rate-star  \">\r\n                                        <\/div>\r\n                                                                            <div\r\n                                            class=\"rate-star  \">\r\n                                        <\/div>\r\n                                                                            <div\r\n                                            class=\"rate-star  \">\r\n                                        <\/div>\r\n                                                                    <\/div>\r\n                                                    <\/div>\r\n\r\n                        <!-- Bot\u00f3n de producto  -->\r\n                        <div>\r\n                            <span class=\"price-claim\">\r\n                                VER PRECIO                            <\/span>\r\n                        <\/div>\r\n                    <\/a>\r\n                                    <a href=\"https:\/\/www.primor.eu\/es_es\/it-cosmetics-cc-base-de-maquillaje-cobertura-total-111111.html?#803=55630\" class=\"product-item grid-table-rows\" target=\"_blank\">\r\n                        <div>\r\n                            <img decoding=\"async\" class=\"product-img\" width=\"80px\" height=\"80px\" src=\"https:\/\/cdn2.primor.eu\/media\/catalog\/product\/cache\/8d3aba296f7a18b5251ee30fa5db42b2\/3\/6\/3605971979149_1_a37f.jpg\" alt=\"CC+ Base De Maquillaje Cobertura Total\">\r\n                        <\/div>\r\n\r\n                        <!-- Contenido de producto  -->\r\n                        <div>\r\n                            <div class=\"product-position\">\r\n                                #3                            <\/div>\r\n\r\n                            <h2>\r\n                                CC+ Base De Maquillaje Cobertura Total                            <\/h2>\r\n                        <\/div>\r\n\r\n                        <!-- Imagen y\/o nombre de la marca -->\r\n                        <div>\r\n                                                            <img decoding=\"async\" width=\"70\" src=\"https:\/\/www.primor.eu\/media\/catalog\/category\/Brand_Signature_Mark_SilverBlack_11__1.png\" alt=\"It Cosmetics\">\r\n                                                    <\/div>\r\n\r\n                        <!-- Puntuaci\u00f3n del producto  -->\r\n                        <div class=\"rating\">\r\n                                                            <div class=\"rate\" style=\"--p:98;\"><\/div>\r\n                                <b>4.9\/5<\/b>\r\n                                <div class=\"rate-stars\">\r\n                                                                            <div\r\n                                            class=\"rate-star  \">\r\n                                        <\/div>\r\n                                                                            <div\r\n                                            class=\"rate-star  \">\r\n                                        <\/div>\r\n                                                                            <div\r\n                                            class=\"rate-star  \">\r\n                                        <\/div>\r\n                                                                            <div\r\n                                            class=\"rate-star  \">\r\n                                        <\/div>\r\n                                                                            <div\r\n                                            class=\"rate-star  \">\r\n                                        <\/div>\r\n                                                                    <\/div>\r\n                                                    <\/div>\r\n\r\n                        <!-- Bot\u00f3n de producto  -->\r\n                        <div>\r\n                            <span class=\"price-claim\">\r\n                                VER PRECIO                            <\/span>\r\n                        <\/div>\r\n                    <\/a>\r\n                                    <a href=\"https:\/\/www.primor.eu\/es_es\/l-oreal-paris-magic-bb-cream-base-de-maquillaje-5-en-1-109773.html?#803=81786\" class=\"product-item grid-table-rows\" target=\"_blank\">\r\n                        <div>\r\n                            <img decoding=\"async\" class=\"product-img\" width=\"80px\" height=\"80px\" src=\"https:\/\/cdn2.primor.eu\/media\/catalog\/product\/cache\/8d3aba296f7a18b5251ee30fa5db42b2\/3\/6\/3600523723461_1_959a.jpg\" alt=\"Magic BB Cream Base de maquillaje 5 en 1\">\r\n                        <\/div>\r\n\r\n                        <!-- Contenido de producto  -->\r\n                        <div>\r\n                            <div class=\"product-position\">\r\n                                #4                            <\/div>\r\n\r\n                            <h2>\r\n                                Magic BB Cream Base de maquillaje 5 en 1                            <\/h2>\r\n                        <\/div>\r\n\r\n                        <!-- Imagen y\/o nombre de la marca -->\r\n                        <div>\r\n                                                            <img decoding=\"async\" width=\"70\" src=\"https:\/\/www.primor.eu\/media\/catalog\/category\/loreal-paris.png\" alt=\"L Or\u00e9al Par\u00eds\">\r\n                                                    <\/div>\r\n\r\n                        <!-- Puntuaci\u00f3n del producto  -->\r\n                        <div class=\"rating\">\r\n                                                            <div class=\"rate\" style=\"--p:96;\"><\/div>\r\n                                <b>4.8\/5<\/b>\r\n                                <div class=\"rate-stars\">\r\n                                                                            <div\r\n                                            class=\"rate-star  \">\r\n                                        <\/div>\r\n                                                                            <div\r\n                                            class=\"rate-star  \">\r\n                                        <\/div>\r\n                                                                            <div\r\n                                            class=\"rate-star  \">\r\n                                        <\/div>\r\n                                                                            <div\r\n                                            class=\"rate-star  \">\r\n                                        <\/div>\r\n                                                                            <div\r\n                                            class=\"rate-star  \">\r\n                                        <\/div>\r\n                                                                    <\/div>\r\n                                                    <\/div>\r\n\r\n                        <!-- Bot\u00f3n de producto  -->\r\n                        <div>\r\n                            <span class=\"price-claim\">\r\n                                VER PRECIO                            <\/span>\r\n                        <\/div>\r\n                    <\/a>\r\n                                    <a href=\"https:\/\/www.primor.eu\/es_es\/deborah-milano-bb-cream-face-booster-5in1-base-perfeccionadora-109220.html?#803=44329\" class=\"product-item grid-table-rows\" target=\"_blank\">\r\n                        <div>\r\n                            <img decoding=\"async\" class=\"product-img\" width=\"80px\" height=\"80px\" src=\"https:\/\/cdn2.primor.eu\/media\/catalog\/product\/cache\/8d3aba296f7a18b5251ee30fa5db42b2\/8\/0\/8009518425963_DEBORAH_MILANO_BB_CREAM_MDV004123_N_02_6fdb.png\" alt=\"BB Cream Face Booster 5in1 Base Perfeccionadora\">\r\n                        <\/div>\r\n\r\n                        <!-- Contenido de producto  -->\r\n                        <div>\r\n                            <div class=\"product-position\">\r\n                                #5                            <\/div>\r\n\r\n                            <h2>\r\n                                BB Cream Face Booster 5in1 Base Perfeccionadora                            <\/h2>\r\n                        <\/div>\r\n\r\n                        <!-- Imagen y\/o nombre de la marca -->\r\n                        <div>\r\n                                                            <img decoding=\"async\" width=\"70\" src=\"https:\/\/www.primor.eu\/media\/catalog\/category\/DEBORAH_MILANO.jpg\" alt=\"Deborah Milano\">\r\n                                                    <\/div>\r\n\r\n                        <!-- Puntuaci\u00f3n del producto  -->\r\n                        <div class=\"rating\">\r\n                                                            <div class=\"rate\" style=\"--p:100;\"><\/div>\r\n                                <b>5\/5<\/b>\r\n                                <div class=\"rate-stars\">\r\n                                                                            <div\r\n                                            class=\"rate-star  \">\r\n                                        <\/div>\r\n                                                                            <div\r\n                                            class=\"rate-star  \">\r\n                                        <\/div>\r\n                                                                            <div\r\n                                            class=\"rate-star  \">\r\n                                        <\/div>\r\n                                                                            <div\r\n                                            class=\"rate-star  \">\r\n                                        <\/div>\r\n                                                                            <div\r\n                                            class=\"rate-star  \">\r\n                                        <\/div>\r\n                                                                    <\/div>\r\n                                                    <\/div>\r\n\r\n                        <!-- Bot\u00f3n de producto  -->\r\n                        <div>\r\n                            <span class=\"price-claim\">\r\n                                VER PRECIO                            <\/span>\r\n                        <\/div>\r\n                    <\/a>\r\n                            <\/product-list>\r\n        <\/product-table>\r\n\r\n        \n\n\n\n<h3 class=\"wp-block-heading\">Maquillaje compacto Sports BB Compact SPF50+ de Shiseido<\/h3>\n\n\n\n<p>Un protector solar BB en formato compacto, especialmente desarrollado para actividades al aire libre. La exclusiva f\u00f3rmula BB proporciona f\u00e1cilmente una apariencia saludable y natural que se mantiene incluso tras el ejercicio f\u00edsico. Aporta una sensaci\u00f3n refrescante y redensificante tras su aplicaci\u00f3n.<\/p>\n\n\n    <a class='product' target='_blank' href='https:\/\/www.primor.eu\/es_es\/shiseido-maquillaje-compacto-sports-bb-compact-spf50-110572.html?#803=56964'>\r\n        <img loading='async' src='https:\/\/cdn2.primor.eu\/media\/catalog\/product\/cache\/8d3aba296f7a18b5251ee30fa5db42b2\/0\/M\/0MR15627_1_81e2.jpg' alt='COMPRAR AHORA'>\r\n            <div class=\"claim\">\r\n                COMPRAR AHORA            <\/div>\r\n        <\/a>\r\n    \n\n\n\n<h3 class=\"wp-block-heading\">Phyto Hydra Teint de Sisley<\/h3>\n\n\n\n<p>Te encantar\u00e1, porque disimula las imperfecciones y protege de los rayos UVA y UVB, previniendo a la piel del envejecimiento celular y proporcionando un tono saludable al mismo tiempo. Su complejo potenciador de la belleza hidrata, perfecciona el tono, protege de la poluci\u00f3n diaria y del sol con SPF 15.<\/p>\n\n\n    <a class='product' target='_blank' href='https:\/\/www.primor.eu\/es_es\/sisley-phyto-hydra-teint-hidratante-con-color-embellecedor-109356.html?#803=56964'>\r\n        <img loading='async' src='https:\/\/cdn2.primor.eu\/media\/catalog\/product\/cache\/8d3aba296f7a18b5251ee30fa5db42b2\/0\/M\/0MR18114_1_737c.jpg' alt='COMPRAR AHORA'>\r\n            <div class=\"claim\">\r\n                COMPRAR AHORA            <\/div>\r\n        <\/a>\r\n    \n\n\n\n<h3 class=\"wp-block-heading\">CC+ Base De Maquillaje Cobertura Total de It Cosmetics<\/h3>\n\n\n\n<p>Desarrollada con cirujanos est\u00e9ticos y dermat\u00f3logos, CC+ Cream de IT Cosmetics ofrece una cobertura total proporcionando a tu piel un acabado natural, cuida tu piel con un tratamiento antiedad e hidratante y la protege gracias a su filtro solar de amplio espectro con SPF 50+ UVA\/UVB. Para todo tipo de mujeres, sea cual sea tu edad o tipo de piel. Disponible en 12 tonos.<\/p>\n\n\n    <a class='product' target='_blank' href='https:\/\/www.primor.eu\/es_es\/it-cosmetics-cc-base-de-maquillaje-cobertura-total-111111.html?#803=55630'>\r\n        <img loading='async' src='https:\/\/cdn2.primor.eu\/media\/catalog\/product\/cache\/8d3aba296f7a18b5251ee30fa5db42b2\/3\/6\/3605971979149_1_a37f.jpg' alt='COMPRAR AHORA'>\r\n            <div class=\"claim\">\r\n                COMPRAR AHORA            <\/div>\r\n        <\/a>\r\n    \n\n\n\n<h3 class=\"wp-block-heading\">Magic BB Cream Base de maquillaje 5 en 1 de L'Or\u00e9al Paris<\/h3>\n\n\n\n<p>Hidrata, protege e ilumina la piel instant\u00e1neamente. Adem\u00e1s, unifica y suaviza el tono en tan solo dos semanas de uso continuo. Su f\u00f3rmula ligera se transforma en maquillaje al entrar en contacto con la piel, proporcionando una textura nude perfecta.<\/p>\n\n\n    <a class='product' target='_blank' href='https:\/\/www.primor.eu\/es_es\/l-oreal-paris-magic-bb-cream-base-de-maquillaje-5-en-1-109773.html?#803=81786'>\r\n        <img loading='async' src='https:\/\/cdn2.primor.eu\/media\/catalog\/product\/cache\/8d3aba296f7a18b5251ee30fa5db42b2\/3\/6\/3600523723461_1_959a.jpg' alt='COMPRAR AHORA'>\r\n            <div class=\"claim\">\r\n                COMPRAR AHORA            <\/div>\r\n        <\/a>\r\n    \n\n\n\n<h3 class=\"wp-block-heading\">BB Cream Face Booster 5in1 Base Perfeccionadora de Deborah Milano<\/h3>\n\n\n\n<p>Hidrata, ilumina, protege, alisa y uniformiza la piel, proporcionando un resultado impecable. Su textura suave y sedosa, adaptada a todo tipo de pieles, incluso las maduras, brinda un delicado acabado segunda piel, minimizando las peque\u00f1as arrugas.<\/p>\n\n\n    <a class='product' target='_blank' href='https:\/\/www.primor.eu\/es_es\/deborah-milano-bb-cream-face-booster-5in1-base-perfeccionadora-109220.html?#803=44329'>\r\n        <img loading='async' src='https:\/\/cdn2.primor.eu\/media\/catalog\/product\/cache\/8d3aba296f7a18b5251ee30fa5db42b2\/8\/0\/8009518425963_DEBORAH_MILANO_BB_CREAM_MDV004123_N_02_6fdb.png' alt='COMPRAR AHORA'>\r\n            <div class=\"claim\">\r\n                COMPRAR AHORA            <\/div>\r\n        <\/a>\r\n    \n\n\n\n<h3 class=\"wp-block-heading\">Crema Color Anti-Manchas SPF 50+ de Bella Aurora<\/h3>\n\n\n\n<p>Gracias a su formulaci\u00f3n con activos que reparan y protegen el ADN de las c\u00e9lulas da\u00f1adas, aten\u00faa las manchas y previene el envejecimiento. Adem\u00e1s protege nuestra piel de los rayos solares con un factor SPF +50<\/p>\n\n\n\n<p>Es resistente al agua, hipoalerg\u00e9nica y no contiene perfumes, ni parabenos. \u00a1Notar\u00e1s tu rostro m\u00e1s unificado y liso en cuesti\u00f3n de semanas!<\/p>\n\n\n    <a class='product' target='_blank' href='https:\/\/www.primor.eu\/es_es\/bella-aurora-crema-color-anti-manchas-spf-50-109537.html?#803=54854'>\r\n        <img loading='async' src='https:\/\/cdn2.primor.eu\/media\/catalog\/product\/cache\/8d3aba296f7a18b5251ee30fa5db42b2\/0\/T\/0TF13226_1_510c.jpg' alt='COMPRAR AHORA'>\r\n            <div class=\"claim\">\r\n                COMPRAR AHORA            <\/div>\r\n        <\/a>\r\n    \n\n\n\n<h3 class=\"wp-block-heading\">Aloe Vera BB Cream de Babaria<\/h3>\n\n\n\n<p>Enriquecida con Aloe Vera es hidratante y sirve como base de maquillaje. Proporciona un acabado perfecto, sin imperfecciones. Adem\u00e1s, la BB Cream de Aloe Vera de Babaria protege la piel frente a la radiaci\u00f3n solar.<\/p>\n\n\n\n<p>Est\u00e1 indicada para todo tipo de piel.<\/p>\n\n\n    <a class='product' target='_blank' href='https:\/\/www.primor.eu\/es_es\/babaria-aloe-vera-bb-cream-35646.html'>\r\n        <img loading='async' src='https:\/\/cdn2.primor.eu\/media\/catalog\/product\/cache\/8d3aba296f7a18b5251ee30fa5db42b2\/0\/T\/0TF07272_1_f546.jpg' alt='COMPRAR AHORA'>\r\n            <div class=\"claim\">\r\n                COMPRAR AHORA            <\/div>\r\n        <\/a>\r\n    \n\n\n\n<h3 class=\"wp-block-heading\">BB Age Sun Resist Crema Perfeccionadora de Anne Moller<\/h3>\n\n\n\n<p>Protecci\u00f3n solar facial con color que ayuda a prevenir la oxidaci\u00f3n de la piel y el fotoenvejecimiento a la vez que act\u00faa sobre el mecanismo que causa la hiperpigmentaci\u00f3n. Corrige imperfecciones para dar luminosidad y vitalidad a la piel. Contiene altas concentraciones de vitaminas C y E.<\/p>\n\n\n    <a class='product' target='_blank' href='https:\/\/www.primor.eu\/es_es\/anne-moller-bb-age-sun-resist-crema-perfeccionadora-55119.html'>\r\n        <img loading='async' src='https:\/\/cdn2.primor.eu\/media\/catalog\/product\/cache\/8d3aba296f7a18b5251ee30fa5db42b2\/0\/T\/0TS02856_1_1a2f.jpg' alt='COMPRAR AHORA'>\r\n            <div class=\"claim\">\r\n                COMPRAR AHORA            <\/div>\r\n        <\/a>\r\n    \n\n\n\n<h3 class=\"wp-block-heading\">Total Effects 7en1 Anti-Edad Hidratante Medio SPF15 de Olay<\/h3>\n\n\n\n<p>Es un tratamiento todo-en-uno que unifica el cutis al instante. Incorpora los polvos perfeccionadores de la piel de una BB Cream para proporcionarte una cobertura perfecta al instante; la f\u00f3rmula de su complejo VitaNiacin, con vitaminas B3, B5 y E, exfolia para estimular el proceso natural de renovaci\u00f3n de la piel, d\u00e1ndole un aspecto m\u00e1s sano.<\/p>\n\n\n    <a class='product' target='_blank' href='https:\/\/www.primor.eu\/es_es\/olay-total-effects-7en1-anti-edad-hidratante-medio-spf15-35489.html'>\r\n        <img loading='async' src='https:\/\/cdn2.primor.eu\/media\/catalog\/product\/cache\/8d3aba296f7a18b5251ee30fa5db42b2\/0\/8\/08001090441294_81775502_PRODUCT_IMAGE_IN_PACKAGE_FRONT_CENTER_3000X3000_2_SPANI_a16a.jpg' alt='COMPRAR AHORA'>\r\n            <div class=\"claim\">\r\n                COMPRAR AHORA            <\/div>\r\n        <\/a>\r\n    \n\n\n<div class=\"kk-star-ratings kksr-auto kksr-align-center kksr-valign-bottom\"\n    data-payload='{&quot;align&quot;:&quot;center&quot;,&quot;id&quot;:&quot;40096&quot;,&quot;slug&quot;:&quot;default&quot;,&quot;valign&quot;:&quot;bottom&quot;,&quot;ignore&quot;:&quot;&quot;,&quot;reference&quot;:&quot;auto&quot;,&quot;class&quot;:&quot;&quot;,&quot;count&quot;:&quot;7&quot;,&quot;legendonly&quot;:&quot;&quot;,&quot;readonly&quot;:&quot;&quot;,&quot;score&quot;:&quot;2.7&quot;,&quot;starsonly&quot;:&quot;&quot;,&quot;best&quot;:&quot;5&quot;,&quot;gap&quot;:&quot;5&quot;,&quot;greet&quot;:&quot;Valora este art\u00edculo&quot;,&quot;legend&quot;:&quot;2.7\\\/5 - (7 votos)&quot;,&quot;size&quot;:&quot;24&quot;,&quot;title&quot;:&quot;Las 12 mejores BB Creams para una piel grasa sin brillos&quot;,&quot;width&quot;:&quot;75.8&quot;,&quot;_legend&quot;:&quot;{score}\\\/{best} - ({count} {votes})&quot;,&quot;font_factor&quot;:&quot;1.25&quot;}'>\n            \n<div class=\"kksr-stars\">\n    \n<div class=\"kksr-stars-inactive\">\n            <div class=\"kksr-star\" data-star=\"1\" style=\"padding-right: 5px\">\n            \n\n<div class=\"kksr-icon\" style=\"width: 24px; height: 24px;\"><\/div>\n        <\/div>\n            <div class=\"kksr-star\" data-star=\"2\" style=\"padding-right: 5px\">\n            \n\n<div class=\"kksr-icon\" style=\"width: 24px; height: 24px;\"><\/div>\n        <\/div>\n            <div class=\"kksr-star\" data-star=\"3\" style=\"padding-right: 5px\">\n            \n\n<div class=\"kksr-icon\" style=\"width: 24px; height: 24px;\"><\/div>\n        <\/div>\n            <div class=\"kksr-star\" data-star=\"4\" style=\"padding-right: 5px\">\n            \n\n<div class=\"kksr-icon\" style=\"width: 24px; height: 24px;\"><\/div>\n        <\/div>\n            <div class=\"kksr-star\" data-star=\"5\" style=\"padding-right: 5px\">\n            \n\n<div class=\"kksr-icon\" style=\"width: 24px; height: 24px;\"><\/div>\n        <\/div>\n    <\/div>\n    \n<div class=\"kksr-stars-active\" style=\"width: 75.8px;\">\n            <div class=\"kksr-star\" style=\"padding-right: 5px\">\n            \n\n<div class=\"kksr-icon\" style=\"width: 24px; height: 24px;\"><\/div>\n        <\/div>\n            <div class=\"kksr-star\" style=\"padding-right: 5px\">\n            \n\n<div class=\"kksr-icon\" style=\"width: 24px; height: 24px;\"><\/div>\n        <\/div>\n            <div class=\"kksr-star\" style=\"padding-right: 5px\">\n            \n\n<div class=\"kksr-icon\" style=\"width: 24px; height: 24px;\"><\/div>\n        <\/div>\n            <div class=\"kksr-star\" style=\"padding-right: 5px\">\n            \n\n<div class=\"kksr-icon\" style=\"width: 24px; height: 24px;\"><\/div>\n        <\/div>\n            <div class=\"kksr-star\" style=\"padding-right: 5px\">\n            \n\n<div class=\"kksr-icon\" style=\"width: 24px; height: 24px;\"><\/div>\n        <\/div>\n    <\/div>\n<\/div>\n                \n\n<div class=\"kksr-legend\" style=\"font-size: 19.2px;\">\n            2.7\/5 - (7 votos)    <\/div>\n    <\/div>\n","protected":false},"excerpt":{"rendered":"<p>uienes buscan una soluci\u00f3n sencilla y sin complicaciones para hidratar y maquillar la piel al mismo tiempo. Para ello, las BB Creams son la mejor ocpi\u00f3n. Una posibilidad a medio camino que evita la p\u00e9rdida de humedad y que proporciona un acabado jugoso y s\u00faperfavorecedor. No obstante, hay rumores (err\u00f3neos) que dicen que las pieles [&hellip;]<\/p>\n","protected":false},"author":14,"featured_media":84300,"comment_status":"open","ping_status":"open","sticky":false,"template":"","format":"standard","meta":{"jnews-multi-image_gallery":[],"jnews_single_post":{"subtitle":"","format":"standard","video":"","gallery":"","source_name":"","source_url":"","via_name":"","via_url":"","override_template":"0","override":[{"template":"1","single_blog_custom":"","parallax":"1","fullscreen":"1","layout":"right-sidebar","sidebar":"home-2","second_sidebar":"default-sidebar","sticky_sidebar":"0","share_position":"float","share_float_style":"share-monocrhome","show_share_counter":"1","show_view_counter":"1","show_featured":"1","show_post_meta":"1","show_post_author":"0","show_post_author_image":"1","show_post_date":"1","post_date_format":"default","post_date_format_custom":"Y\/m\/d","show_post_category":"1","show_post_reading_time":"0","post_reading_time_wpm":"300","show_zoom_button":"0","zoom_button_out_step":"2","zoom_button_in_step":"3","show_post_tag":"0","show_prev_next_post":"1","show_popup_post":"1","number_popup_post":"2","show_author_box":"0","show_post_related":"0","show_inline_post_related":"0"}],"override_image_size":"0","image_override":[{"single_post_thumbnail_size":"crop-500","single_post_gallery_size":"crop-500"}],"trending_post":"0","trending_post_position":"meta","trending_post_label":"Trending","sponsored_post":"0","sponsored_post_label":"Sponsored by","sponsored_post_name":"","sponsored_post_url":"","sponsored_post_logo_enable":"0","sponsored_post_logo":"","sponsored_post_desc":"","disable_ad":"0"},"jnews_primary_category":{"id":"","hide":""},"jnews_social_meta":{"fb_title":"","fb_description":"","fb_image":"","twitter_title":"","twitter_description":"","twitter_image":""},"jnews_override_counter":{"override_view_counter":"0","view_counter_number":"0","override_share_counter":"0","share_counter_number":"0","override_like_counter":"0","like_counter_number":"0","override_dislike_counter":"0","dislike_counter_number":"0"},"footnotes":""},"categories":[29,41],"tags":[],"class_list":["post-40096","post","type-post","status-publish","format-standard","has-post-thumbnail","hentry","category-cosmetica","category-maquillaje"],"_links":{"self":[{"href":"https:\/\/www.primor.eu\/blog\/wp-json\/wp\/v2\/posts\/40096","targetHints":{"allow":["GET"]}}],"collection":[{"href":"https:\/\/www.primor.eu\/blog\/wp-json\/wp\/v2\/posts"}],"about":[{"href":"https:\/\/www.primor.eu\/blog\/wp-json\/wp\/v2\/types\/post"}],"author":[{"embeddable":true,"href":"https:\/\/www.primor.eu\/blog\/wp-json\/wp\/v2\/users\/14"}],"replies":[{"embeddable":true,"href":"https:\/\/www.primor.eu\/blog\/wp-json\/wp\/v2\/comments?post=40096"}],"version-history":[{"count":26,"href":"https:\/\/www.primor.eu\/blog\/wp-json\/wp\/v2\/posts\/40096\/revisions"}],"predecessor-version":[{"id":133870,"href":"https:\/\/www.primor.eu\/blog\/wp-json\/wp\/v2\/posts\/40096\/revisions\/133870"}],"wp:featuredmedia":[{"embeddable":true,"href":"https:\/\/www.primor.eu\/blog\/wp-json\/wp\/v2\/media\/84300"}],"wp:attachment":[{"href":"https:\/\/www.primor.eu\/blog\/wp-json\/wp\/v2\/media?parent=40096"}],"wp:term":[{"taxonomy":"category","embeddable":true,"href":"https:\/\/www.primor.eu\/blog\/wp-json\/wp\/v2\/categories?post=40096"},{"taxonomy":"post_tag","embeddable":true,"href":"https:\/\/www.primor.eu\/blog\/wp-json\/wp\/v2\/tags?post=40096"}],"curies":[{"name":"wp","href":"https:\/\/api.w.org\/{rel}","templated":true}]}}