{"id":39989,"date":"2022-07-19T15:00:37","date_gmt":"2022-07-19T13:00:37","guid":{"rendered":"https:\/\/blog.primor.eu\/?p=39989"},"modified":"2026-05-01T10:05:43","modified_gmt":"2026-05-01T10:05:43","slug":"productos-antiencrespamiento","status":"publish","type":"post","link":"https:\/\/www.primor.eu\/blog\/productos-antiencrespamiento\/","title":{"rendered":"14 productos antiencrespamiento para un pelo sano, hidratado y brillante"},"content":{"rendered":"\n<p>Lucir un pelo suave y brillante es cuesti\u00f3n de mucho cuidado, adem\u00e1s claro, de una buena gen\u00e9tica. <strong>Champ\u00fas, mascarillas y aceites son necesarios<\/strong> no solo para limpiar el cuero cabelludo para eliminar los agentes externos, la grasa o las c\u00e9lulas muertas, tambi\u00e9n son importantes para mantener el <a href=\"https:\/\/www.primor.eu\/blog\/como-cuidar-el-pelo-rubio-en-verano\/\">pelo brillante<\/a>, suave y sedoso.<\/p>\n\n\n\n<p>Una de las causas del encrespamiento es <strong>la falta de humedad del pelo<\/strong>, por eso los productos a aplicar deben darle la hidrataci\u00f3n que necesita. El cabello deshidratado es, en consecuencia, poroso por lo que absorbe la humedad que le falta del ambiente para dar lugar a un pelo rebelde y apagado, con aspecto descuidado incluso.<\/p>\n\n\n\n<p>Para ello existen numerosos productos y tratamientos antiencrespamiento que aportan al cabello la humedad que necesita para que despu\u00e9s est\u00e9 suave y sin rastro del indeseado efecto frizz. Algunos de ellos son tan sencillos como <strong>usar cepillos de madera, secar el pelo con aire fr\u00edo<\/strong>, no cepillarlo previamente en exceso ni frotarlo con la toalla al secarlo.<\/p>\n\n\n\n<p>Toma nota de estos<strong> 12 productos antiencrespamiento<\/strong> que puedes usar cada vez que <a href=\"https:\/\/www.primor.eu\/blog\/para-pelo-graso-que-hacer\/\">laves el pelo<\/a> para controlarlo y conseguir que est\u00e9 mucho m\u00e1s brillante.<\/p>\n\n\n        <product-table class=\"pr-slider\">\r\n            <product-headers class=\"grid-table-rows\">\r\n                <div>Foto<\/div>\r\n                <div>Producto<\/div>\r\n                <div>Marca<\/div>\r\n                <div>Valoraciones<\/div>\r\n                <div>Precio<\/div>\r\n            <\/product-headers>\r\n\r\n            <product-list>\r\n                                    <a href=\"https:\/\/www.primor.eu\/es_es\/olaplex-crema-capilar-reparadora-antiencrespamiento-n6-bond-smoother-crema-8440.html\" class=\"product-item grid-table-rows\" target=\"_blank\">\r\n                        <div>\r\n                            <img decoding=\"async\" class=\"product-img\" width=\"80px\" height=\"80px\" src=\"https:\/\/cdn2.primor.eu\/media\/catalog\/product\/cache\/8d3aba296f7a18b5251ee30fa5db42b2\/2\/C\/2CN00558_1_bcf1.jpg\" alt=\"Crema Capilar Reparadora Antiencrespamiento N6 Bond Smoother Crema\">\r\n                        <\/div>\r\n\r\n                        <!-- Contenido de producto  -->\r\n                        <div>\r\n                            <div class=\"product-position\">\r\n                                #1 Top Ventas                            <\/div>\r\n\r\n                            <h2>\r\n                                Crema Capilar Reparadora Antiencrespamiento N6 Bond Smoother Crema                            <\/h2>\r\n                        <\/div>\r\n\r\n                        <!-- Imagen y\/o nombre de la marca -->\r\n                        <div>\r\n                                                            <img decoding=\"async\" width=\"70\" src=\"https:\/\/www.primor.eu\/media\/catalog\/category\/Olaplex.jpg\" alt=\"\">\r\n                                                    <\/div>\r\n\r\n                        <!-- Puntuaci\u00f3n del producto  -->\r\n                        <div class=\"rating\">\r\n                                                            <div class=\"rate\" style=\"--p:96;\"><\/div>\r\n                                <b>4.8\/5<\/b>\r\n                                <div class=\"rate-stars\">\r\n                                                                            <div\r\n                                            class=\"rate-star  \">\r\n                                        <\/div>\r\n                                                                            <div\r\n                                            class=\"rate-star  \">\r\n                                        <\/div>\r\n                                                                            <div\r\n                                            class=\"rate-star  \">\r\n                                        <\/div>\r\n                                                                            <div\r\n                                            class=\"rate-star  \">\r\n                                        <\/div>\r\n                                                                            <div\r\n                                            class=\"rate-star  \">\r\n                                        <\/div>\r\n                                                                    <\/div>\r\n                                                    <\/div>\r\n\r\n                        <!-- Bot\u00f3n de producto  -->\r\n                        <div>\r\n                            <span class=\"price-claim\">\r\n                                VER PRECIO                            <\/span>\r\n                        <\/div>\r\n                    <\/a>\r\n                                    <a href=\"https:\/\/www.primor.eu\/es_es\/l-oreal-paris-elvive-dream-long-stop-frizz-serum-anti-encrespamiento-sin-aclarado-8466.html\" class=\"product-item grid-table-rows\" target=\"_blank\">\r\n                        <div>\r\n                            <img decoding=\"async\" class=\"product-img\" width=\"80px\" height=\"80px\" src=\"https:\/\/cdn2.primor.eu\/media\/catalog\/product\/cache\/8d3aba296f7a18b5251ee30fa5db42b2\/2\/C\/2CN00560_1_554f.jpg\" alt=\"ELVIVE Dream Long Stop Frizz S\u00e9rum anti-encrespamiento sin aclarado\">\r\n                        <\/div>\r\n\r\n                        <!-- Contenido de producto  -->\r\n                        <div>\r\n                            <div class=\"product-position\">\r\n                                #2                            <\/div>\r\n\r\n                            <h2>\r\n                                ELVIVE Dream Long Stop Frizz S\u00e9rum anti-encrespamiento sin aclarado                            <\/h2>\r\n                        <\/div>\r\n\r\n                        <!-- Imagen y\/o nombre de la marca -->\r\n                        <div>\r\n                                                            <img decoding=\"async\" width=\"70\" src=\"https:\/\/www.primor.eu\/media\/catalog\/category\/loreal-paris.png\" alt=\"\">\r\n                                                    <\/div>\r\n\r\n                        <!-- Puntuaci\u00f3n del producto  -->\r\n                        <div class=\"rating\">\r\n                                                            <div class=\"rate\" style=\"--p:88;\"><\/div>\r\n                                <b>4.4\/5<\/b>\r\n                                <div class=\"rate-stars\">\r\n                                                                            <div\r\n                                            class=\"rate-star  \">\r\n                                        <\/div>\r\n                                                                            <div\r\n                                            class=\"rate-star  \">\r\n                                        <\/div>\r\n                                                                            <div\r\n                                            class=\"rate-star  \">\r\n                                        <\/div>\r\n                                                                            <div\r\n                                            class=\"rate-star  \">\r\n                                        <\/div>\r\n                                                                            <div\r\n                                            class=\"rate-star  \">\r\n                                        <\/div>\r\n                                                                    <\/div>\r\n                                                    <\/div>\r\n\r\n                        <!-- Bot\u00f3n de producto  -->\r\n                        <div>\r\n                            <span class=\"price-claim\">\r\n                                VER PRECIO                            <\/span>\r\n                        <\/div>\r\n                    <\/a>\r\n                                    <a href=\"https:\/\/www.primor.eu\/es_es\/pantene-pro-v-miracles-adios-frizz-acondicionador-105524.html?#854=66495\" class=\"product-item grid-table-rows\" target=\"_blank\">\r\n                        <div>\r\n                            <img decoding=\"async\" class=\"product-img\" width=\"80px\" height=\"80px\" src=\"https:\/\/cdn2.primor.eu\/media\/catalog\/product\/cache\/8d3aba296f7a18b5251ee30fa5db42b2\/0\/8\/08700216151269_80759733_PRODUCT_IMAGE_IN_PACKAGE_FRONT_CENTER_3000X3000_2_SPANI_508b.PNG\" alt=\"Pro-V Miracles Adi\u00f3s Frizz Acondicionador\">\r\n                        <\/div>\r\n\r\n                        <!-- Contenido de producto  -->\r\n                        <div>\r\n                            <div class=\"product-position\">\r\n                                #3                            <\/div>\r\n\r\n                            <h2>\r\n                                Pro-V Miracles Adi\u00f3s Frizz Acondicionador                            <\/h2>\r\n                        <\/div>\r\n\r\n                        <!-- Imagen y\/o nombre de la marca -->\r\n                        <div>\r\n                                                            <img decoding=\"async\" width=\"70\" src=\"https:\/\/www.primor.eu\/media\/catalog\/category\/Pantene.jpg\" alt=\"Pantene\">\r\n                                                    <\/div>\r\n\r\n                        <!-- Puntuaci\u00f3n del producto  -->\r\n                        <div class=\"rating\">\r\n                                                            <div class=\"rate\" style=\"--p:96;\"><\/div>\r\n                                <b>4.8\/5<\/b>\r\n                                <div class=\"rate-stars\">\r\n                                                                            <div\r\n                                            class=\"rate-star  \">\r\n                                        <\/div>\r\n                                                                            <div\r\n                                            class=\"rate-star  \">\r\n                                        <\/div>\r\n                                                                            <div\r\n                                            class=\"rate-star  \">\r\n                                        <\/div>\r\n                                                                            <div\r\n                                            class=\"rate-star  \">\r\n                                        <\/div>\r\n                                                                            <div\r\n                                            class=\"rate-star  \">\r\n                                        <\/div>\r\n                                                                    <\/div>\r\n                                                    <\/div>\r\n\r\n                        <!-- Bot\u00f3n de producto  -->\r\n                        <div>\r\n                            <span class=\"price-claim\">\r\n                                VER PRECIO                            <\/span>\r\n                        <\/div>\r\n                    <\/a>\r\n                                    <a href=\"https:\/\/www.primor.eu\/es_es\/kativa-xpert-repair-tratamiento-anti-frizz-sin-plancha-9711.html\" class=\"product-item grid-table-rows\" target=\"_blank\">\r\n                        <div>\r\n                            <img decoding=\"async\" class=\"product-img\" width=\"80px\" height=\"80px\" src=\"https:\/\/cdn2.primor.eu\/media\/catalog\/product\/cache\/8d3aba296f7a18b5251ee30fa5db42b2\/7\/7\/7750075052932_7ba0.jpg\" alt=\"Xpert Repair Tratamiento Anti-Frizz sin Plancha\">\r\n                        <\/div>\r\n\r\n                        <!-- Contenido de producto  -->\r\n                        <div>\r\n                            <div class=\"product-position\">\r\n                                #4                            <\/div>\r\n\r\n                            <h2>\r\n                                Xpert Repair Tratamiento Anti-Frizz sin Plancha                            <\/h2>\r\n                        <\/div>\r\n\r\n                        <!-- Imagen y\/o nombre de la marca -->\r\n                        <div>\r\n                                                            <img decoding=\"async\" width=\"70\" src=\"https:\/\/www.primor.eu\/media\/catalog\/category\/logo_kativa_1.jpg\" alt=\"\">\r\n                                                    <\/div>\r\n\r\n                        <!-- Puntuaci\u00f3n del producto  -->\r\n                        <div class=\"rating\">\r\n                                                            <div class=\"rate\" style=\"--p:84;\"><\/div>\r\n                                <b>4.2\/5<\/b>\r\n                                <div class=\"rate-stars\">\r\n                                                                            <div\r\n                                            class=\"rate-star  \">\r\n                                        <\/div>\r\n                                                                            <div\r\n                                            class=\"rate-star  \">\r\n                                        <\/div>\r\n                                                                            <div\r\n                                            class=\"rate-star  \">\r\n                                        <\/div>\r\n                                                                            <div\r\n                                            class=\"rate-star  \">\r\n                                        <\/div>\r\n                                                                            <div\r\n                                            class=\"rate-star  \">\r\n                                        <\/div>\r\n                                                                    <\/div>\r\n                                                    <\/div>\r\n\r\n                        <!-- Bot\u00f3n de producto  -->\r\n                        <div>\r\n                            <span class=\"price-claim\">\r\n                                VER PRECIO                            <\/span>\r\n                        <\/div>\r\n                    <\/a>\r\n                                    <a href=\"https:\/\/www.primor.eu\/es_es\/revlon-pro-you-the-tamer-acondicionador-suavizante-9058.html\" class=\"product-item grid-table-rows\" target=\"_blank\">\r\n                        <div>\r\n                            <img decoding=\"async\" class=\"product-img\" width=\"80px\" height=\"80px\" src=\"https:\/\/cdn2.primor.eu\/media\/catalog\/product\/cache\/8d3aba296f7a18b5251ee30fa5db42b2\/2\/C\/2CC03733_1_2e8a.jpg\" alt=\"Pro You The Tamer Acondicionador Suavizante\">\r\n                        <\/div>\r\n\r\n                        <!-- Contenido de producto  -->\r\n                        <div>\r\n                            <div class=\"product-position\">\r\n                                #5                            <\/div>\r\n\r\n                            <h2>\r\n                                Pro You The Tamer Acondicionador Suavizante                            <\/h2>\r\n                        <\/div>\r\n\r\n                        <!-- Imagen y\/o nombre de la marca -->\r\n                        <div>\r\n                                                            <img decoding=\"async\" width=\"70\" src=\"https:\/\/www.primor.eu\/media\/catalog\/category\/403.jpg\" alt=\"\">\r\n                                                    <\/div>\r\n\r\n                        <!-- Puntuaci\u00f3n del producto  -->\r\n                        <div class=\"rating\">\r\n                                                            <div class=\"rate\" style=\"--p:86;\"><\/div>\r\n                                <b>4.3\/5<\/b>\r\n                                <div class=\"rate-stars\">\r\n                                                                            <div\r\n                                            class=\"rate-star  \">\r\n                                        <\/div>\r\n                                                                            <div\r\n                                            class=\"rate-star  \">\r\n                                        <\/div>\r\n                                                                            <div\r\n                                            class=\"rate-star  \">\r\n                                        <\/div>\r\n                                                                            <div\r\n                                            class=\"rate-star  \">\r\n                                        <\/div>\r\n                                                                            <div\r\n                                            class=\"rate-star  \">\r\n                                        <\/div>\r\n                                                                    <\/div>\r\n                                                    <\/div>\r\n\r\n                        <!-- Bot\u00f3n de producto  -->\r\n                        <div>\r\n                            <span class=\"price-claim\">\r\n                                VER PRECIO                            <\/span>\r\n                        <\/div>\r\n                    <\/a>\r\n                            <\/product-list>\r\n        <\/product-table>\r\n\r\n        \n\n\n\n<h3 class=\"wp-block-heading\">Crema Capilar Reparadora Antiencrespamiento N6 Bond Smoother Crema de Olaplex<\/h3>\n\n\n\n<p>Este producto revolucionario fortalece, repara y elimina el encrespamiento, dejando tu cabello suave y manejable durante 72 horas. No importa si tienes cabello natural, te\u00f1ido o decolorado, este producto es apto para todos los tipos de cabello.<\/p>\n\n\n    <a class='product' target='_blank' href='https:\/\/www.primor.eu\/es_es\/olaplex-crema-capilar-reparadora-antiencrespamiento-n6-bond-smoother-crema-8440.html'>\r\n        <img loading='async' src='https:\/\/cdn2.primor.eu\/media\/catalog\/product\/cache\/8d3aba296f7a18b5251ee30fa5db42b2\/2\/C\/2CN00558_1_bcf1.jpg' alt='COMPRAR AHORA'>\r\n            <div class=\"claim\">\r\n                COMPRAR AHORA            <\/div>\r\n        <\/a>\r\n    \n\n\n<h3 class=\"wp-block-heading\">ELVIVE Dream Long Stop Frizz S\u00e9rum anti-encrespamiento sin aclarado de L'Or\u00e9al Par\u00eds<\/h3>\n\n\n\n<p>Este s\u00e9rum protector sin aclarado defiende tu cabello hasta 230 grados Celsius, ofreciendo una soluci\u00f3n efectiva contra el encrespamiento y la electricidad est\u00e1tica.<\/p>\n\n\n\n<p>Con una f\u00f3rmula enriquecida con Keratina Vegetal y Manteca de Cacao,<\/p>\n\n\n    <a class='product' target='_blank' href='https:\/\/www.primor.eu\/es_es\/l-oreal-paris-elvive-dream-long-stop-frizz-serum-anti-encrespamiento-sin-aclarado-8466.html'>\r\n        <img loading='async' src='https:\/\/cdn2.primor.eu\/media\/catalog\/product\/cache\/8d3aba296f7a18b5251ee30fa5db42b2\/2\/C\/2CN00560_1_554f.jpg' alt='COMPRAR AHORA'>\r\n            <div class=\"claim\">\r\n                COMPRAR AHORA            <\/div>\r\n        <\/a>\r\n    \n\n\n<h3 class=\"wp-block-heading\">Pro-V Miracles Adi\u00f3s Frizz Acondicionador de Pantene<\/h3>\n\n\n\n<p>Desp\u00eddete del encrespamiento y da la bienvenida a un cabello suave y manejable con el acondicionador Pantene Miracles Adi\u00f3s Frizz. Enriquecido con biotina, complejo de keratina y la potente mezcla de nutrientes Pro-V, nuestra f\u00f3rmula experta se sumerge en cada hebra, nutriendo en profundidad el cabello seco y da\u00f1ado. Adem\u00e1s, act\u00faa como un escudo protector contra la humedad, manteniendo a raya el temido encrespamiento a lo largo de todo el d\u00eda.<\/p>\n\n\n    <a class='product' target='_blank' href='https:\/\/www.primor.eu\/es_es\/pantene-pro-v-miracles-adios-frizz-acondicionador-105524.html?#854=66495'>\r\n        <img loading='async' src='https:\/\/cdn2.primor.eu\/media\/catalog\/product\/cache\/8d3aba296f7a18b5251ee30fa5db42b2\/0\/8\/08700216151269_80759733_PRODUCT_IMAGE_IN_PACKAGE_FRONT_CENTER_3000X3000_2_SPANI_508b.PNG' alt='COMPRAR AHORA'>\r\n            <div class=\"claim\">\r\n                COMPRAR AHORA            <\/div>\r\n        <\/a>\r\n    \n\n\n<h3 class=\"wp-block-heading\">Xpert Repair Tratamiento Anti-Frizz sin Plancha de Kativa<\/h3>\n\n\n\n<p>Obt\u00e9n un cabello liso sin necesidad de usar la plancha con el Kit Keratin Anti Frizz Xpert Repair de Kativa. Este tratamiento de alisado no solo suaviza el cabello, sino que tambi\u00e9n repara las puntas abiertas y reduce las ondas y el frizz, proporcionando resultados que perduran hasta por 30 d\u00edas.<\/p>\n\n\n    <a class='product' target='_blank' href='https:\/\/www.primor.eu\/es_es\/kativa-xpert-repair-tratamiento-anti-frizz-sin-plancha-9711.html'>\r\n        <img loading='async' src='https:\/\/cdn2.primor.eu\/media\/catalog\/product\/cache\/8d3aba296f7a18b5251ee30fa5db42b2\/7\/7\/7750075052932_7ba0.jpg' alt='COMPRAR AHORA'>\r\n            <div class=\"claim\">\r\n                COMPRAR AHORA            <\/div>\r\n        <\/a>\r\n    \n\n\n<h3 class=\"wp-block-heading\">Pro You The Tamer Acondicionador Suavizante de Revlon<\/h3>\n\n\n\n<p>La l\u00ednea de productos The Tamer, formulada con la tecnolog\u00eda FRIZZ BLOCK, ha sido especialmente dise\u00f1ada para conseguir un cabello sin encrespamiento, manejable, d\u00f3cil y suave.<\/p>\n\n\n\n<p>The Tamer, acondicionador suavizante permite domar el encrespamiento alisando el cabello y creando un acabado brillante, f\u00e1cil de peinar.<\/p>\n\n\n    <a class='product' target='_blank' href='https:\/\/www.primor.eu\/es_es\/revlon-pro-you-the-tamer-acondicionador-suavizante-9058.html'>\r\n        <img loading='async' src='https:\/\/cdn2.primor.eu\/media\/catalog\/product\/cache\/8d3aba296f7a18b5251ee30fa5db42b2\/2\/C\/2CC03733_1_2e8a.jpg' alt='COMPRAR AHORA'>\r\n            <div class=\"claim\">\r\n                COMPRAR AHORA            <\/div>\r\n        <\/a>\r\n    \n\n\n<h3 class=\"wp-block-heading\">Curl Definer de Living Proof<\/h3>\n\n\n\n<p>Este acondicionador de peinado est\u00e1 especialmente dise\u00f1ado para cabello rizado, ofreciendo definici\u00f3n e hidrataci\u00f3n desde la ra\u00edz hasta las puntas, asegurando rizos el\u00e1sticos, brillantes y libres de frizz.<\/p>\n\n\n\n<p>Principales beneficios:<\/p>\n\n\n\n<ul class=\"wp-block-list\">\n<li>El sistema Curl ofrece hasta un 90% de control del frizz, manteniendo los rizos definidos y manejables.<\/li>\n\n\n\n<li>Fortalece los rizos, haci\u00e9ndolos m\u00e1s resistentes.<\/li>\n\n\n\n<li>Aumenta la definici\u00f3n de cada rizo para un look m\u00e1s marcado.<\/li>\n\n\n\n<li>Transforma la apariencia de los rizos, manteni\u00e9ndolos saludables por m\u00e1s tiempo.<\/li>\n\n\n\n<li>Forma agrupaciones de rizos que se mantienen perfectamente definidos desde las ra\u00edces hasta las puntas.<\/li>\n\n\n\n<li>Ofrece una acci\u00f3n acondicionadora que no sobrecarga el cabello, dej\u00e1ndolo con movimiento natural.<\/li>\n\n\n\n<li>Los rizos no solo lucen definidos, sino tambi\u00e9n sanos y brillantes.<\/li>\n<\/ul>\n\n\n    <a class='product' target='_blank' href='https:\/\/www.primor.eu\/es_es\/living-proof-curl-definer-105849.html?#854=66544'>\r\n        <img loading='async' src='https:\/\/cdn2.primor.eu\/media\/catalog\/product\/cache\/8d3aba296f7a18b5251ee30fa5db42b2\/c\/u\/curl_definer__1484.jpg' alt='COMPRAR AHORA'>\r\n            <div class=\"claim\">\r\n                COMPRAR AHORA            <\/div>\r\n        <\/a>\r\n    \n\n\n<h3 class=\"wp-block-heading\">Acondicionador Frizz Control de Moroccanoil<\/h3>\n\n\n\n<p>Su f\u00f3rmula no solo proporciona protecci\u00f3n diaria contra el encrespamiento, los mechones sueltos y la electricidad est\u00e1tica, sino que tambi\u00e9n nutre profundamente para devolverle el movimiento y el brillo a tu cabello, idependientemente de su estado o textura.<\/p>\n\n\n    <a class='product' target='_blank' href='https:\/\/www.primor.eu\/es_es\/moroccanoil-acondicionador-frizz-control-105537.html?#854=66528'>\r\n        <img loading='async' src='https:\/\/cdn2.primor.eu\/media\/catalog\/product\/cache\/8d3aba296f7a18b5251ee30fa5db42b2\/F\/r\/Frizz_Control_Conditioner_70ml_EO_In_v1_CMYK_No_Reflection_0f53.jpg' alt='COMPRAR AHORA'>\r\n            <div class=\"claim\">\r\n                COMPRAR AHORA            <\/div>\r\n        <\/a>\r\n    \n\n\n<h3 class=\"wp-block-heading\">Nutricurls Mascarilla Tratamiento para Cabellos Rizados de Wella Professionals<\/h3>\n\n\n\n<p>Enriquecida con aceite de jojoba con propiedades nutritivas y pantenol para ayudar a reponer el equilibrio adecuado de humedad. Esta mascarilla capilar tambi\u00e9n contiene extracto de salvado de trigo, rico en vitaminas, minerales, prote\u00ednas y \u00e1cidos grasos esenciales, formulada sin sulfatos para un cuidado suave.<\/p>\n\n\n    <a class='product' target='_blank' href='https:\/\/www.primor.eu\/es_es\/wella-nutricurls-mascarilla-tratamiento-para-cabellos-rizados-9696.html'>\r\n        <img loading='async' src='https:\/\/cdn2.primor.eu\/media\/catalog\/product\/cache\/8d3aba296f7a18b5251ee30fa5db42b2\/2\/C\/2CA03616_1_ec81.jpg' alt='COMPRAR AHORA'>\r\n            <div class=\"claim\">\r\n                COMPRAR AHORA            <\/div>\r\n        <\/a>\r\n    \n\n\n<h3 class=\"wp-block-heading\">Frizz-ease Acondicionador Dream Curls de John Frieda<\/h3>\n\n\n\n<p>Define el rizo natural, nutri\u00e9ndolo y aportando elasticidad al cabello.<\/p>\n\n\n\n<p>Resultado: rizos sueltos, suaves, de aspecto profesional, resistentes al encrespamiento en cualquier clima.<\/p>\n\n\n    <a class='product' target='_blank' href='https:\/\/www.primor.eu\/es_es\/john-frieda-frizz-ease-acondicionador-dream-curls-8680.html'>\r\n        <img loading='async' src='https:\/\/cdn2.primor.eu\/media\/catalog\/product\/cache\/8d3aba296f7a18b5251ee30fa5db42b2\/2\/C\/2CA00303_1_5908.jpg' alt='COMPRAR AHORA'>\r\n            <div class=\"claim\">\r\n                COMPRAR AHORA            <\/div>\r\n        <\/a>\r\n    \n\n\n<h3 class=\"wp-block-heading\">Frizz Dismiss Acondicionador de Redken<\/h3>\n\n\n\n<p>Hidrata y desenreda el cabello de manera efectiva. Aporta una suavidad excepcional, facilitando su manejo y otorgando un brillo notorio. Contribuye a proteger el cabello de la humedad, asegurando un control duradero del encrespamiento. Descubre la soluci\u00f3n definitiva contra el encrespamiento combinando este acondicionador con el champ\u00fa Frizz Dismiss de Redken.<\/p>\n\n\n    <a class='product' target='_blank' href='https:\/\/www.primor.eu\/es_es\/redken-frizz-dismiss-acondicionador-105342.html?#854=66341'>\r\n        <img loading='async' src='https:\/\/cdn2.primor.eu\/media\/catalog\/product\/cache\/8d3aba296f7a18b5251ee30fa5db42b2\/2\/C\/2CA04416_1_8fb9.jpg' alt='COMPRAR AHORA'>\r\n            <div class=\"claim\">\r\n                COMPRAR AHORA            <\/div>\r\n        <\/a>\r\n    \n\n\n<h3 class=\"wp-block-heading\">Gloss Absolu Glaze Drops Aceite Capilar Anti-Frizz de Kerastase<\/h3>\n\n\n\n<p>Ofrece hasta 4 d\u00edas de protecci\u00f3n anti frizz, logrando que tu cabello permanezca suave y brillante. Su f\u00f3rmula ligera y no grasa asegura que el cabello no se apelmaze, mientras que el gotero preciso garantiza la aplicaci\u00f3n perfecta para resultados \u00f3ptimos sin sobrecargar el cabello.<\/p>\n\n\n    <a class='product' target='_blank' href='https:\/\/www.primor.eu\/es_es\/kerastase-gloss-absolu-glaze-drops-122882.html'>\r\n        <img loading='async' src='https:\/\/cdn2.primor.eu\/media\/catalog\/product\/cache\/8d3aba296f7a18b5251ee30fa5db42b2\/3\/4\/3474637285012_1_6642.jpg' alt='COMPRAR AHORA'>\r\n            <div class=\"claim\">\r\n                COMPRAR AHORA            <\/div>\r\n        <\/a>\r\n    \n\n\n<h3 class=\"wp-block-heading\">BioNature Crema de peinado anti frizz de Herbal<\/h3>\n\n\n\n<p>Formulada con VitaS\u00e9rum Complex, un complejo vitam\u00ednico extra\u00eddo de las plantas que concentra 21 extractos vegetales y vitaminas que proporcionan al cabello y cuero cabelludo un excelente aporte de nutrientes y amino\u00e1cidos de r\u00e1pida absorci\u00f3n.<\/p>\n\n\n    <a class='product' target='_blank' href='https:\/\/www.primor.eu\/es_es\/herbal-bionature-crema-de-peinado-anti-frizz-10328.html'>\r\n        <img loading='async' src='https:\/\/cdn2.primor.eu\/media\/catalog\/product\/cache\/8d3aba296f7a18b5251ee30fa5db42b2\/2\/C\/2CF00820_1_d252.jpg' alt='COMPRAR AHORA'>\r\n            <div class=\"claim\">\r\n                COMPRAR AHORA            <\/div>\r\n        <\/a>\r\n    \n\n\n<h3 class=\"wp-block-heading\">Serum Capilar con Aceite de Arg\u00e1n de Arganour<\/h3>\n\n\n\n<p>El serum capilar con aceite de arg\u00e1n de Arganour est\u00e1 elaborado con ingredientes totalmente naturales.<\/p>\n\n\n\n<p>Es el complemento ideal para reparar los cabellos da\u00f1ados, les proporciona brillo y nutrici\u00f3n, repara la puntas abiertas y les aporta una protecci\u00f3n natural.<\/p>\n\n\n\n<p>Es un producto anti-encrespamiento. Es un serum para el pelo indicado para todo tipo de cabellos.<\/p>\n\n\n    <a class='product' target='_blank' href='https:\/\/www.primor.eu\/es_es\/arganour-serum-capilar-con-aceite-de-argan-8677.html'>\r\n        <img loading='async' src='https:\/\/cdn2.primor.eu\/media\/catalog\/product\/cache\/8d3aba296f7a18b5251ee30fa5db42b2\/8\/4\/8435438600454_87dc.png' alt='COMPRAR AHORA'>\r\n            <div class=\"claim\">\r\n                COMPRAR AHORA            <\/div>\r\n        <\/a>\r\n    \n\n\n<h3 class=\"wp-block-heading\">Coconut Miracle Oil Mascarilla Capilar Reparadora Anti-Frizz de OGX<\/h3>\n\n\n\n<p>La mascarilla capilar Coconut Miracle Oil de OGX es una f\u00f3rmula ultra nutritiva dise\u00f1ada especialmente para cabello seco, da\u00f1ado o encrespado. Enriquecida con aceite de coco, extracto de vainilla y esencia de tiar\u00e9, esta mascarilla repara en profundidad, combate el encrespamiento y deja el cabello incre\u00edblemente suave, sedoso y con un brillo saludable.<\/p>\n\n\n\n<p>Su fragancia tropical con notas c\u00e1lidas de coco, leche de coco, vainilla y mandarina transforma tu rutina capilar en una experiencia sensorial \u00fanica. Adem\u00e1s, est\u00e1 formulada sin parabenos ni sulfatos, respetando la belleza natural de tu cabello.<\/p>\n\n\n    <a class='product' target='_blank' href='https:\/\/www.primor.eu\/es_es\/ogx-coconut-miracle-oil-mascarilla-capilar-extra-fuerza-81730.html'>\r\n        <img loading='async' src='https:\/\/cdn2.primor.eu\/media\/catalog\/product\/cache\/8d3aba296f7a18b5251ee30fa5db42b2\/P\/I\/PI_01__0bae.jpg' alt='COMPRAR AHORA'>\r\n            <div class=\"claim\">\r\n                COMPRAR AHORA            <\/div>\r\n        <\/a>\r\n    \n\n<div class=\"kk-star-ratings kksr-auto kksr-align-center kksr-valign-bottom\"\n    data-payload='{&quot;align&quot;:&quot;center&quot;,&quot;id&quot;:&quot;39989&quot;,&quot;slug&quot;:&quot;default&quot;,&quot;valign&quot;:&quot;bottom&quot;,&quot;ignore&quot;:&quot;&quot;,&quot;reference&quot;:&quot;auto&quot;,&quot;class&quot;:&quot;&quot;,&quot;count&quot;:&quot;8&quot;,&quot;legendonly&quot;:&quot;&quot;,&quot;readonly&quot;:&quot;&quot;,&quot;score&quot;:&quot;1.1&quot;,&quot;starsonly&quot;:&quot;&quot;,&quot;best&quot;:&quot;5&quot;,&quot;gap&quot;:&quot;5&quot;,&quot;greet&quot;:&quot;Valora este art\u00edculo&quot;,&quot;legend&quot;:&quot;1.1\\\/5 - (8 votos)&quot;,&quot;size&quot;:&quot;24&quot;,&quot;title&quot;:&quot;14 productos antiencrespamiento para un pelo sano, hidratado y brillante&quot;,&quot;width&quot;:&quot;29.4&quot;,&quot;_legend&quot;:&quot;{score}\\\/{best} - ({count} {votes})&quot;,&quot;font_factor&quot;:&quot;1.25&quot;}'>\n            \n<div class=\"kksr-stars\">\n    \n<div class=\"kksr-stars-inactive\">\n            <div class=\"kksr-star\" data-star=\"1\" style=\"padding-right: 5px\">\n            \n\n<div class=\"kksr-icon\" style=\"width: 24px; height: 24px;\"><\/div>\n        <\/div>\n            <div class=\"kksr-star\" data-star=\"2\" style=\"padding-right: 5px\">\n            \n\n<div class=\"kksr-icon\" style=\"width: 24px; height: 24px;\"><\/div>\n        <\/div>\n            <div class=\"kksr-star\" data-star=\"3\" style=\"padding-right: 5px\">\n            \n\n<div class=\"kksr-icon\" style=\"width: 24px; height: 24px;\"><\/div>\n        <\/div>\n            <div class=\"kksr-star\" data-star=\"4\" style=\"padding-right: 5px\">\n            \n\n<div class=\"kksr-icon\" style=\"width: 24px; height: 24px;\"><\/div>\n        <\/div>\n            <div class=\"kksr-star\" data-star=\"5\" style=\"padding-right: 5px\">\n            \n\n<div class=\"kksr-icon\" style=\"width: 24px; height: 24px;\"><\/div>\n        <\/div>\n    <\/div>\n    \n<div class=\"kksr-stars-active\" style=\"width: 29.4px;\">\n            <div class=\"kksr-star\" style=\"padding-right: 5px\">\n            \n\n<div class=\"kksr-icon\" style=\"width: 24px; height: 24px;\"><\/div>\n        <\/div>\n            <div class=\"kksr-star\" style=\"padding-right: 5px\">\n            \n\n<div class=\"kksr-icon\" style=\"width: 24px; height: 24px;\"><\/div>\n        <\/div>\n            <div class=\"kksr-star\" style=\"padding-right: 5px\">\n            \n\n<div class=\"kksr-icon\" style=\"width: 24px; height: 24px;\"><\/div>\n        <\/div>\n            <div class=\"kksr-star\" style=\"padding-right: 5px\">\n            \n\n<div class=\"kksr-icon\" style=\"width: 24px; height: 24px;\"><\/div>\n        <\/div>\n            <div class=\"kksr-star\" style=\"padding-right: 5px\">\n            \n\n<div class=\"kksr-icon\" style=\"width: 24px; height: 24px;\"><\/div>\n        <\/div>\n    <\/div>\n<\/div>\n                \n\n<div class=\"kksr-legend\" style=\"font-size: 19.2px;\">\n            1.1\/5 - (8 votos)    <\/div>\n    <\/div>\n","protected":false},"excerpt":{"rendered":"<p>Lucir un pelo suave y brillante es cuesti\u00f3n de mucho cuidado, adem\u00e1s claro, de una buena gen\u00e9tica. Champ\u00fas, mascarillas y aceites son necesarios no solo para limpiar el cuero cabelludo para eliminar los agentes externos, la grasa o las c\u00e9lulas muertas, tambi\u00e9n son importantes para mantener el pelo brillante, suave y sedoso. Una de las [&hellip;]<\/p>\n","protected":false},"author":4,"featured_media":62972,"comment_status":"open","ping_status":"open","sticky":false,"template":"","format":"standard","meta":{"jnews-multi-image_gallery":[],"jnews_single_post":{"subtitle":"","format":"standard","video":"","gallery":"","source_name":"","source_url":"","via_name":"","via_url":"","override_template":"0","override":[{"template":"1","single_blog_custom":"","parallax":"1","fullscreen":"1","layout":"right-sidebar","sidebar":"home-2","second_sidebar":"default-sidebar","sticky_sidebar":"0","share_position":"float","share_float_style":"share-monocrhome","show_share_counter":"0","show_view_counter":"0","show_featured":"1","show_post_meta":"1","show_post_author":"0","show_post_author_image":"1","show_post_date":"1","post_date_format":"default","post_date_format_custom":"Y\/m\/d","show_post_category":"1","show_post_reading_time":"0","post_reading_time_wpm":"300","show_zoom_button":"0","zoom_button_out_step":"2","zoom_button_in_step":"3","show_post_tag":"0","show_prev_next_post":"0","show_popup_post":"0","number_popup_post":"2","show_author_box":"0","show_post_related":"0","show_inline_post_related":"1"}],"override_image_size":"0","image_override":[{"single_post_thumbnail_size":"no-crop","single_post_gallery_size":"crop-500"}],"trending_post":"0","trending_post_position":"meta","trending_post_label":"Trending","sponsored_post":"0","sponsored_post_label":"Sponsored by","sponsored_post_name":"","sponsored_post_url":"","sponsored_post_logo_enable":"0","sponsored_post_logo":"","sponsored_post_desc":"","disable_ad":"0"},"jnews_primary_category":{"id":"","hide":""},"jnews_social_meta":{"fb_title":"","fb_description":"","fb_image":"","twitter_title":"","twitter_description":"","twitter_image":""},"jnews_override_counter":{"override_view_counter":"0","view_counter_number":"0","override_share_counter":"0","share_counter_number":"0","override_like_counter":"0","like_counter_number":"0","override_dislike_counter":"0","dislike_counter_number":"0"},"footnotes":""},"categories":[35],"tags":[],"class_list":["post-39989","post","type-post","status-publish","format-standard","has-post-thumbnail","hentry","category-cabello"],"_links":{"self":[{"href":"https:\/\/www.primor.eu\/blog\/wp-json\/wp\/v2\/posts\/39989","targetHints":{"allow":["GET"]}}],"collection":[{"href":"https:\/\/www.primor.eu\/blog\/wp-json\/wp\/v2\/posts"}],"about":[{"href":"https:\/\/www.primor.eu\/blog\/wp-json\/wp\/v2\/types\/post"}],"author":[{"embeddable":true,"href":"https:\/\/www.primor.eu\/blog\/wp-json\/wp\/v2\/users\/4"}],"replies":[{"embeddable":true,"href":"https:\/\/www.primor.eu\/blog\/wp-json\/wp\/v2\/comments?post=39989"}],"version-history":[{"count":11,"href":"https:\/\/www.primor.eu\/blog\/wp-json\/wp\/v2\/posts\/39989\/revisions"}],"predecessor-version":[{"id":142079,"href":"https:\/\/www.primor.eu\/blog\/wp-json\/wp\/v2\/posts\/39989\/revisions\/142079"}],"wp:featuredmedia":[{"embeddable":true,"href":"https:\/\/www.primor.eu\/blog\/wp-json\/wp\/v2\/media\/62972"}],"wp:attachment":[{"href":"https:\/\/www.primor.eu\/blog\/wp-json\/wp\/v2\/media?parent=39989"}],"wp:term":[{"taxonomy":"category","embeddable":true,"href":"https:\/\/www.primor.eu\/blog\/wp-json\/wp\/v2\/categories?post=39989"},{"taxonomy":"post_tag","embeddable":true,"href":"https:\/\/www.primor.eu\/blog\/wp-json\/wp\/v2\/tags?post=39989"}],"curies":[{"name":"wp","href":"https:\/\/api.w.org\/{rel}","templated":true}]}}