{"id":39205,"date":"2022-07-11T09:06:29","date_gmt":"2022-07-11T07:06:29","guid":{"rendered":"https:\/\/blog.primor.eu\/?p=39205"},"modified":"2025-09-05T10:18:44","modified_gmt":"2025-09-05T10:18:44","slug":"tipo-de-lima-de-unas","status":"publish","type":"post","link":"https:\/\/www.primor.eu\/blog\/tipo-de-lima-de-unas\/","title":{"rendered":"Tipo de limas para u\u00f1as: una manicura perfecta (y desde casa)"},"content":{"rendered":"\n<p>Presumir de una <a href=\"https:\/\/www.primor.eu\/blog\/tendencias-unas\/?srsltid=AfmBOorNmnt0ZcNmlBNPx0QVfslDa6m-Tjvo-6iQaXhbvRtrh70l8549\"><strong>manicura<\/strong> <\/a>a medida (y desde casa) no siempre es una tarea f\u00e1cil. No obstante, hoy te ense\u00f1amos todo lo que debes saber para presumir de unas u\u00f1as bonitas, cuidadas y a la altura de un profesional. Para ello, has de tener en cuenta tu estilo, el tipo de lima de u\u00f1as que vayas a usar y el resultado que busques. Adem\u00e1s, recuerda, es igual de importante la lima que utilices que c\u00f3mo la limes o el proceso que sigas.<\/p>\n\n\n\n<h2 class=\"wp-block-heading\">Tipos de limas de u\u00f1as<\/h2>\n\n\n\n<ul class=\"wp-block-list\">\n<li><b>Limas de cart\u00f3n.<\/b><span style=\"font-weight: 400;\"> Son las m\u00e1s comunes y las que podemos llevar siempre en el bolso. Revestidas de papel limado, son perfectas para moldear las u\u00f1as y para eliminar la primera capa de durezas de los laterales.<\/span><\/li>\n\n\n\n<li><b>Limas bloque o pulidoras<\/b><span style=\"font-weight: 400;\">. Suelen tener 4-6 caras con distintos granos. Por tanto, es un modelo muy vers\u00e1til que lima, alisa, pule y da brillo. \u00datiles para eliminar irregularidades, estr\u00edas y uniformidad, dejan la u\u00f1a perfecta para aplicar el esmalte o los posibles tratamientos.&nbsp;<\/span><\/li>\n\n\n\n<li><b>Acolchadas. <\/b><span style=\"font-weight: 400;\">Su principal funci\u00f3n es rematar el limado, quitar los restos posibles de la u\u00f1a y prepararla para conseguir un esmaltado perfecto.&nbsp;<\/span><\/li>\n\n\n\n<li><b>Cristal o vidrio. <\/b><span style=\"font-weight: 400;\">Es delicada, pero puede durar para toda la vida. Adem\u00e1s, su estructura \u00fanica y suave protege a la u\u00f1a de cualquier da\u00f1o. Son de f\u00e1cil esterilizaci\u00f3n y las m\u00e1s usadas por los profesionales. Lo mejor es que no da\u00f1a tanto la u\u00f1a.<\/span><\/li>\n<\/ul>\n\n\n\n<h2 class=\"wp-block-heading\">\u00bfQu\u00e9 tengo que tener en cuenta para escoger una buena lima de u\u00f1as?<\/h2>\n\n\n\n<ul class=\"wp-block-list\">\n<li><b>Gramaje o grosor del grano. <\/b><span style=\"font-weight: 400;\">Cuanto m\u00e1s alto sea, m\u00e1s suave es. Las limas de 80, 100 o 120 son ideales para u\u00f1as acr\u00edlicas, las de 150 para las u\u00f1as de gel y las de 180 para u\u00f1as normales.&nbsp;<\/span><\/li>\n\n\n\n<li><b>El proceso de limado<\/b><span style=\"font-weight: 400;\">. Recu\u00e9rdalo bien. Lo importante ya no es tanto la lima sino c\u00f3mo la limes. Hazlo siempre en la misma direcci\u00f3n para no debilitar la cut\u00edcula.&nbsp;<\/span><\/li>\n<\/ul>\n\n\n\n<h2 class=\"wp-block-heading\">C\u00f3mo preparar tus u\u00f1as para el verano<\/h2>\n\n\n\n<ul class=\"wp-block-list\">\n<li><b>Aceite de cut\u00edculas<\/b><span style=\"font-weight: 400;\">. Con el agua las u\u00f1as sufren, aplica de vez en cuando aceite de cut\u00edculas sobre la u\u00f1a y la propia cut\u00edcula para mantenerlas hidratadas.<\/span><\/li>\n\n\n\n<li><a href=\"https:\/\/www.primor.eu\/es_es\/top-coats-y-base-coats\"><b>Esmalte protector<\/b><\/a><span style=\"font-weight: 400;\">. Si no te haces la manicura semipermanente puedes aplicar un <\/span><i><span style=\"font-weight: 400;\">top coat<\/span><\/i><span style=\"font-weight: 400;\"> de gel para que dure dos semanas intacta. Es una forma para alargar la duraci\u00f3n sin que las u\u00f1as sufran un tratamiento m\u00e1s agresivo.<\/span><\/li>\n\n\n\n<li><b>Retira el protector solar<\/b><span style=\"font-weight: 400;\">. Es importante retirar bien los restos del protector solar que hayas aplicado para que el color se mantenga m\u00e1s tiempo. Intenta siempre lavar o limpiar las u\u00f1as una vez lo hayas aplicado.<\/span><\/li>\n\n\n\n<li><span style=\"font-weight: 400;\">Si a\u00fan est\u00e1s a tiempo, <\/span><b>deja que las u\u00f1as descansen al menos un par de semanas<\/b><span style=\"font-weight: 400;\"> antes de comenzar a pintarlas. Durante esos d\u00edas puedes aplicar productos que ayuden a regenerar la u\u00f1a para que est\u00e9n fuertes, hidratadas y con el largo deseado para una nueva manicura.<\/span><\/li>\n<\/ul>\n\n\n\n<h2 class=\"wp-block-heading\">C\u00f3mo utilizar bien una lima de u\u00f1as<\/h2>\n\n\n\n<p><span style=\"font-weight: 400;\">El modo de limarse y cortarse las u\u00f1as puede<\/span><b> fortalecerlas o debilitarlas. <\/b><span style=\"font-weight: 400;\">Para conseguir unas u\u00f1as sanas y fuertes, se recomienda dejarlas crecer rectas hasta un mil\u00edmetro y medio aproximadamente en los lados, y limarlas d\u00e1ndoles una forma semicuadrada u ovalada&nbsp; que siga el contorno de la punta del dedo. <\/span><b>Te recomendamos limar desde la esquina de los laterales hacia el medio.<\/b><\/p>\n\n\n\n<p><span style=\"font-weight: 400;\">Lo ideal es que empieces a probar estas t\u00e9cnicas de limado poco a poco, primero haciendo un ligero cambio en la forma de tus u\u00f1as, hasta conseguir el dise\u00f1o deseado para que <\/span><b>tus manos luzcan m\u00e1s estilizadas, elegantes y femeninas.<\/b><\/p>\n\n\n\n<h2 class=\"wp-block-heading\">Tipos de forma para tus u\u00f1as<\/h2>\n\n\n\n<ul class=\"wp-block-list\">\n<li><b>U\u00f1as cuadradas.<\/b><span style=\"font-weight: 400;\"> Para lograrlas, simplemente lima recto, todas las veces en la misma direcci\u00f3n, por lo comentado al principio del post. Se mantienen muy bien a medida que van creciendo y quedan mejor si est\u00e1n esmaltadas.<\/span><\/li>\n\n\n\n<li><b>U\u00f1as cuadradas con las esquinas redondeadas.<\/b><span style=\"font-weight: 400;\"> Esta es la forma elegida por quien las quiere llevar un poco largas pero no quiere estar demasiado pendiente de ellas. Es la forma m\u00e1s pr\u00e1ctica para dejarlas crecer.<\/span><\/li>\n\n\n\n<li><b>U\u00f1as redondas.<\/b><span style=\"font-weight: 400;\"> Es el limado estrella por ser la forma m\u00e1s pr\u00e1ctica y con menos riesgo de rotura. Se hacen moviendo la lima hacia los lados, pero siempre en una sola direcci\u00f3n, para no abrir capas.<\/span><\/li>\n\n\n\n<li><b>U\u00f1as ovaladas.<\/b><span style=\"font-weight: 400;\"> Esta forma se consigue cuando, una vez largas, se liman los bordes. Aunque pueda resultar un poco antigua, lo cierto es que favorece mucho a todas las manos.<\/span><\/li>\n\n\n\n<li><b>U\u00f1as almendradas.<\/b><span style=\"font-weight: 400;\"> Son la estrella de esta temporada para quienes quieren llevar algo llamativo sin llegar a ser La Rosal\u00eda. La clave es dejarlas como ovaladas pero afinando un poco la punta.<\/span><\/li>\n\n\n\n<li><b>U\u00f1as ata\u00fad.<\/b><span style=\"font-weight: 400;\"> \u00bfA alguien le gusta esto? Pasapalabra. El caso es que existe\u2026 Y la forma, ya os la pod\u00e9is imaginar.<\/span><\/li>\n\n\n\n<li><b>U\u00f1as en punta:<\/b><span style=\"font-weight: 400;\"> Se conocen como stiletto y son las m\u00e1s trendy, solo aptas para mujeres muy atrevidas. El riesgo de rotura es alto pero, mientras tanto, \u00a1disfruta de tus garras!<\/span><\/li>\n<\/ul>\n\n\n\n<h2 class=\"wp-block-heading\">Las mejores limas de u\u00f1as est\u00e1n en Primor<\/h2>\n\n\n        <product-table class=\"pr-slider\">\r\n            <product-headers class=\"grid-table-rows\">\r\n                <div>Foto<\/div>\r\n                <div>Producto<\/div>\r\n                <div>Marca<\/div>\r\n                <div>Valoraciones<\/div>\r\n                <div>Precio<\/div>\r\n            <\/product-headers>\r\n\r\n            <product-list>\r\n                                    <a href=\"https:\/\/www.primor.eu\/es_es\/beter-lima-fibra-vidrio-20526.html\" class=\"product-item grid-table-rows\" target=\"_blank\">\r\n                        <div>\r\n                            <img decoding=\"async\" class=\"product-img\" width=\"80px\" height=\"80px\" src=\"https:\/\/cdn2.primor.eu\/media\/catalog\/product\/cache\/8d3aba296f7a18b5251ee30fa5db42b2\/6\/V\/6VA00171_1_bcd7.jpg\" alt=\"Lima Fibra Vidrio\">\r\n                        <\/div>\r\n\r\n                        <!-- Contenido de producto  -->\r\n                        <div>\r\n                            <div class=\"product-position\">\r\n                                #1 Top Ventas                            <\/div>\r\n\r\n                            <h2>\r\n                                Lima Fibra Vidrio                            <\/h2>\r\n                        <\/div>\r\n\r\n                        <!-- Imagen y\/o nombre de la marca -->\r\n                        <div>\r\n                                                            <img decoding=\"async\" width=\"70\" src=\"https:\/\/www.primor.eu\/media\/catalog\/category\/BETER.jpg\" alt=\"\">\r\n                                                    <\/div>\r\n\r\n                        <!-- Puntuaci\u00f3n del producto  -->\r\n                        <div class=\"rating\">\r\n                                                            <div class=\"rate\" style=\"--p:94;\"><\/div>\r\n                                <b>4.7\/5<\/b>\r\n                                <div class=\"rate-stars\">\r\n                                                                            <div\r\n                                            class=\"rate-star  \">\r\n                                        <\/div>\r\n                                                                            <div\r\n                                            class=\"rate-star  \">\r\n                                        <\/div>\r\n                                                                            <div\r\n                                            class=\"rate-star  \">\r\n                                        <\/div>\r\n                                                                            <div\r\n                                            class=\"rate-star  \">\r\n                                        <\/div>\r\n                                                                            <div\r\n                                            class=\"rate-star  \">\r\n                                        <\/div>\r\n                                                                    <\/div>\r\n                                                    <\/div>\r\n\r\n                        <!-- Bot\u00f3n de producto  -->\r\n                        <div>\r\n                            <span class=\"price-claim\">\r\n                                VER PRECIO                            <\/span>\r\n                        <\/div>\r\n                    <\/a>\r\n                                    <a href=\"https:\/\/www.primor.eu\/es_es\/lola-lima-negra-unas-fibra-de-vidrio-20002.html\" class=\"product-item grid-table-rows\" target=\"_blank\">\r\n                        <div>\r\n                            <img decoding=\"async\" class=\"product-img\" width=\"80px\" height=\"80px\" src=\"https:\/\/cdn2.primor.eu\/media\/catalog\/product\/cache\/8d3aba296f7a18b5251ee30fa5db42b2\/6\/V\/6VA10332_1_af6d.jpg\" alt=\"Lima Negra U\u00f1as Fibra de Vidrio\">\r\n                        <\/div>\r\n\r\n                        <!-- Contenido de producto  -->\r\n                        <div>\r\n                            <div class=\"product-position\">\r\n                                #2                            <\/div>\r\n\r\n                            <h2>\r\n                                Lima Negra U\u00f1as Fibra de Vidrio                            <\/h2>\r\n                        <\/div>\r\n\r\n                        <!-- Imagen y\/o nombre de la marca -->\r\n                        <div>\r\n                                                            <img decoding=\"async\" width=\"70\" src=\"https:\/\/www.primor.eu\/media\/catalog\/category\/1463.jpg\" alt=\"\">\r\n                                                    <\/div>\r\n\r\n                        <!-- Puntuaci\u00f3n del producto  -->\r\n                        <div class=\"rating\">\r\n                                                            <div class=\"rate\" style=\"--p:94;\"><\/div>\r\n                                <b>4.7\/5<\/b>\r\n                                <div class=\"rate-stars\">\r\n                                                                            <div\r\n                                            class=\"rate-star  \">\r\n                                        <\/div>\r\n                                                                            <div\r\n                                            class=\"rate-star  \">\r\n                                        <\/div>\r\n                                                                            <div\r\n                                            class=\"rate-star  \">\r\n                                        <\/div>\r\n                                                                            <div\r\n                                            class=\"rate-star  \">\r\n                                        <\/div>\r\n                                                                            <div\r\n                                            class=\"rate-star  \">\r\n                                        <\/div>\r\n                                                                    <\/div>\r\n                                                    <\/div>\r\n\r\n                        <!-- Bot\u00f3n de producto  -->\r\n                        <div>\r\n                            <span class=\"price-claim\">\r\n                                VER PRECIO                            <\/span>\r\n                        <\/div>\r\n                    <\/a>\r\n                                    <a href=\"https:\/\/www.primor.eu\/es_es\/fussy-lima-de-unas-profesional-44965.html\" class=\"product-item grid-table-rows\" target=\"_blank\">\r\n                        <div>\r\n                            <img decoding=\"async\" class=\"product-img\" width=\"80px\" height=\"80px\" src=\"https:\/\/cdn2.primor.eu\/media\/catalog\/product\/cache\/8d3aba296f7a18b5251ee30fa5db42b2\/6\/V\/6VA30317_1_d2df.jpg\" alt=\"Lima de U\u00f1as Profesional\">\r\n                        <\/div>\r\n\r\n                        <!-- Contenido de producto  -->\r\n                        <div>\r\n                            <div class=\"product-position\">\r\n                                #3                            <\/div>\r\n\r\n                            <h2>\r\n                                Lima de U\u00f1as Profesional                            <\/h2>\r\n                        <\/div>\r\n\r\n                        <!-- Imagen y\/o nombre de la marca -->\r\n                        <div>\r\n                                                            <img decoding=\"async\" width=\"70\" src=\"https:\/\/www.primor.eu\/media\/catalog\/category\/1761.jpg\" alt=\"\">\r\n                                                    <\/div>\r\n\r\n                        <!-- Puntuaci\u00f3n del producto  -->\r\n                        <div class=\"rating\">\r\n                                                            <div class=\"rate\" style=\"--p:98;\"><\/div>\r\n                                <b>4.9\/5<\/b>\r\n                                <div class=\"rate-stars\">\r\n                                                                            <div\r\n                                            class=\"rate-star  \">\r\n                                        <\/div>\r\n                                                                            <div\r\n                                            class=\"rate-star  \">\r\n                                        <\/div>\r\n                                                                            <div\r\n                                            class=\"rate-star  \">\r\n                                        <\/div>\r\n                                                                            <div\r\n                                            class=\"rate-star  \">\r\n                                        <\/div>\r\n                                                                            <div\r\n                                            class=\"rate-star  \">\r\n                                        <\/div>\r\n                                                                    <\/div>\r\n                                                    <\/div>\r\n\r\n                        <!-- Bot\u00f3n de producto  -->\r\n                        <div>\r\n                            <span class=\"price-claim\">\r\n                                VER PRECIO                            <\/span>\r\n                        <\/div>\r\n                    <\/a>\r\n                                    <a href=\"https:\/\/www.primor.eu\/es_es\/you-are-the-princess-eden-set-2-limas-de-unas-72610.html\" class=\"product-item grid-table-rows\" target=\"_blank\">\r\n                        <div>\r\n                            <img decoding=\"async\" class=\"product-img\" width=\"80px\" height=\"80px\" src=\"https:\/\/cdn2.primor.eu\/media\/catalog\/product\/cache\/8d3aba296f7a18b5251ee30fa5db42b2\/6\/V\/6VA34050_1_1755.jpg\" alt=\"Ed\u00e9n Set 2 Limas de U\u00f1as\">\r\n                        <\/div>\r\n\r\n                        <!-- Contenido de producto  -->\r\n                        <div>\r\n                            <div class=\"product-position\">\r\n                                #4                            <\/div>\r\n\r\n                            <h2>\r\n                                Ed\u00e9n Set 2 Limas de U\u00f1as                            <\/h2>\r\n                        <\/div>\r\n\r\n                        <!-- Imagen y\/o nombre de la marca -->\r\n                        <div>\r\n                                                            <img decoding=\"async\" width=\"70\" src=\"https:\/\/www.primor.eu\/media\/catalog\/category\/you_are_the_princess.jpg\" alt=\"\">\r\n                                                    <\/div>\r\n\r\n                        <!-- Puntuaci\u00f3n del producto  -->\r\n                        <div class=\"rating\">\r\n                                                            <div class=\"rate\" style=\"--p:88;\"><\/div>\r\n                                <b>4.4\/5<\/b>\r\n                                <div class=\"rate-stars\">\r\n                                                                            <div\r\n                                            class=\"rate-star  \">\r\n                                        <\/div>\r\n                                                                            <div\r\n                                            class=\"rate-star  \">\r\n                                        <\/div>\r\n                                                                            <div\r\n                                            class=\"rate-star  \">\r\n                                        <\/div>\r\n                                                                            <div\r\n                                            class=\"rate-star  \">\r\n                                        <\/div>\r\n                                                                            <div\r\n                                            class=\"rate-star  \">\r\n                                        <\/div>\r\n                                                                    <\/div>\r\n                                                    <\/div>\r\n\r\n                        <!-- Bot\u00f3n de producto  -->\r\n                        <div>\r\n                            <span class=\"price-claim\">\r\n                                VER PRECIO                            <\/span>\r\n                        <\/div>\r\n                    <\/a>\r\n                                    <a href=\"https:\/\/www.primor.eu\/es_es\/opi-lima-de-unas-profesional-edge-240-76162.html\" class=\"product-item grid-table-rows\" target=\"_blank\">\r\n                        <div>\r\n                            <img decoding=\"async\" class=\"product-img\" width=\"80px\" height=\"80px\" src=\"https:\/\/cdn2.primor.eu\/media\/catalog\/product\/cache\/8d3aba296f7a18b5251ee30fa5db42b2\/l\/i\/lima_de_unas_profesional_edge_240_490b.jpg\" alt=\"Lima de U\u00f1as Profesional Edge 240\">\r\n                        <\/div>\r\n\r\n                        <!-- Contenido de producto  -->\r\n                        <div>\r\n                            <div class=\"product-position\">\r\n                                #5                            <\/div>\r\n\r\n                            <h2>\r\n                                Lima de U\u00f1as Profesional Edge 240                            <\/h2>\r\n                        <\/div>\r\n\r\n                        <!-- Imagen y\/o nombre de la marca -->\r\n                        <div>\r\n                                                            <img decoding=\"async\" width=\"70\" src=\"https:\/\/www.primor.eu\/media\/catalog\/category\/opi.jpg\" alt=\"\">\r\n                                                    <\/div>\r\n\r\n                        <!-- Puntuaci\u00f3n del producto  -->\r\n                        <div class=\"rating\">\r\n                                                            <div class=\"rate\" style=\"--p:98;\"><\/div>\r\n                                <b>4.9\/5<\/b>\r\n                                <div class=\"rate-stars\">\r\n                                                                            <div\r\n                                            class=\"rate-star  \">\r\n                                        <\/div>\r\n                                                                            <div\r\n                                            class=\"rate-star  \">\r\n                                        <\/div>\r\n                                                                            <div\r\n                                            class=\"rate-star  \">\r\n                                        <\/div>\r\n                                                                            <div\r\n                                            class=\"rate-star  \">\r\n                                        <\/div>\r\n                                                                            <div\r\n                                            class=\"rate-star  \">\r\n                                        <\/div>\r\n                                                                    <\/div>\r\n                                                    <\/div>\r\n\r\n                        <!-- Bot\u00f3n de producto  -->\r\n                        <div>\r\n                            <span class=\"price-claim\">\r\n                                VER PRECIO                            <\/span>\r\n                        <\/div>\r\n                    <\/a>\r\n                            <\/product-list>\r\n        <\/product-table>\r\n\r\n        \n\n\n\n<h3 class=\"wp-block-heading\">Lima Fibra Vidrio de Beter<\/h3>\n\n\n\n<p>Es la herramienta ideal para el cuidado de tus u\u00f1as, ofreciendo un limado preciso y efectivo incluso en u\u00f1as de mayor dureza. Con su doble funci\u00f3n, esta lima te permite acortar, dar forma y pulir tus u\u00f1as de manera f\u00e1cil y c\u00f3moda. Utiliza el lado de grano grueso (240) para acortar y el lado de grano fino (150) para perfilar el contorno, logrando as\u00ed u\u00f1as impecables. Esta lima de fibra de vidrio de la marca BETER es apta tanto para las u\u00f1as de las manos como de los pies, brind\u00e1ndote versatilidad en tu rutina de cuidado. El grano 150\/240 indica que la lima tiene un grano m\u00e1s grueso, siendo ideal para acortar o realizar el limado inicial.<\/p>\n\n\n    <a class='product' target='_blank' href='https:\/\/www.primor.eu\/es_es\/beter-lima-fibra-vidrio-20526.html'>\r\n        <img loading='async' src='https:\/\/cdn2.primor.eu\/media\/catalog\/product\/cache\/8d3aba296f7a18b5251ee30fa5db42b2\/6\/V\/6VA00171_1_bcd7.jpg' alt='COMPRAR AHORA'>\r\n            <div class=\"claim\">\r\n                COMPRAR AHORA            <\/div>\r\n        <\/a>\r\n    \n\n\n\n<h3 class=\"wp-block-heading\">&nbsp;Lima Negra U\u00f1as Fibra de Vidrio de Lola<\/h3>\n\n\n\n<p>Consta de dos caras, cada una de ellas con granos de fibra de vidrio de diferentes grados de intensidad, para obtener un micro-pulido que fortalece la u\u00f1a y la hace m\u00e1s resistente. El lado de grano grueso se usa para limar y acortar la u\u00f1a, mientras que el del grano fino es adecuado para pulir rugosidades y perfilar el contorno. Su uso regular ayuda a prevenir que las u\u00f1as se astillen.<\/p>\n\n\n    <a class='product' target='_blank' href='https:\/\/www.primor.eu\/es_es\/lola-lima-negra-unas-fibra-de-vidrio-20002.html'>\r\n        <img loading='async' src='https:\/\/cdn2.primor.eu\/media\/catalog\/product\/cache\/8d3aba296f7a18b5251ee30fa5db42b2\/6\/V\/6VA10332_1_af6d.jpg' alt='COMPRAR AHORA'>\r\n            <div class=\"claim\">\r\n                COMPRAR AHORA            <\/div>\r\n        <\/a>\r\n    \n\n\n\n<h3 class=\"wp-block-heading\">Lima de U\u00f1as Profesional de Fussy<\/h3>\n\n\n\n<p>Lima de u\u00f1as muy precisa y de gran durabilidad gracias a su gran superficie de limado. Es la m\u00e1s utilizada por los profesionales. Use la cara de grano medio (180) para el limado inicial y luego d\u00e9 forma a la u\u00f1a con la cara de grano fino (220).<\/p>\n\n\n    <a class='product' target='_blank' href='https:\/\/www.primor.eu\/es_es\/fussy-lima-de-unas-profesional-44965.html'>\r\n        <img loading='async' src='https:\/\/cdn2.primor.eu\/media\/catalog\/product\/cache\/8d3aba296f7a18b5251ee30fa5db42b2\/6\/V\/6VA30317_1_d2df.jpg' alt='COMPRAR AHORA'>\r\n            <div class=\"claim\">\r\n                COMPRAR AHORA            <\/div>\r\n        <\/a>\r\n    \n\n\n\n<h3 class=\"wp-block-heading\">Ed\u00e9n Set 2 Limas de U\u00f1as de You Are The Princess<\/h3>\n\n\n\n<p>En el para\u00edso del Ed\u00e9n, encontrar\u00e1s accesorios como este. Set de 2 limas de u\u00f1as rosas con estampado fantas\u00eda. Su textura de grano es perfecta para poder limar, perfilar y pulir.<\/p>\n\n\n    <a class='product' target='_blank' href='https:\/\/www.primor.eu\/es_es\/you-are-the-princess-eden-set-2-limas-de-unas-72610.html'>\r\n        <img loading='async' src='https:\/\/cdn2.primor.eu\/media\/catalog\/product\/cache\/8d3aba296f7a18b5251ee30fa5db42b2\/6\/V\/6VA34050_1_1755.jpg' alt='COMPRAR AHORA'>\r\n            <div class=\"claim\">\r\n                COMPRAR AHORA            <\/div>\r\n        <\/a>\r\n    \n\n\n\n<h3 class=\"wp-block-heading\">Lima de U\u00f1as Profesional Edge 240 de OPI<\/h3>\n\n\n\n<p>Lima de u\u00f1as de grano fino ideal para dar forma a las u\u00f1as de forma suave.<\/p>\n\n\n\n<p>Su forma ovalada es perfecta para llegar a todas partes sin esfuerzo.<\/p>\n\n\n\n<p>El dise\u00f1o edge proporciona un control firme durante el uso de la lima.<\/p>\n\n\n    <a class='product' target='_blank' href='https:\/\/www.primor.eu\/es_es\/opi-lima-de-unas-profesional-edge-240-76162.html'>\r\n        <img loading='async' src='https:\/\/cdn2.primor.eu\/media\/catalog\/product\/cache\/8d3aba296f7a18b5251ee30fa5db42b2\/l\/i\/lima_de_unas_profesional_edge_240_490b.jpg' alt='COMPRAR AHORA'>\r\n            <div class=\"claim\">\r\n                COMPRAR AHORA            <\/div>\r\n        <\/a>\r\n    \n\n\n\n<h3 class=\"wp-block-heading\">Lima para U\u00f1as Acr\u00edlicas de Kiss<\/h3>\n\n\n\n<p>Lima de u\u00f1as de grano grueso a mediano.<\/p>\n\n\n\n<p>Especial para eliminar y alisar las u\u00f1as artificiales y acr\u00edlicas.<\/p>\n\n\n\n<p>Tambi\u00e9n puedes utilizar esta lima para dar a las u\u00f1as naturales la forma deseada.<\/p>\n\n\n    <a class='product' target='_blank' href='https:\/\/www.primor.eu\/es_es\/kiss-lima-para-unas-acrilicas-45392.html'>\r\n        <img loading='async' src='https:\/\/cdn2.primor.eu\/media\/catalog\/product\/cache\/8d3aba296f7a18b5251ee30fa5db42b2\/0\/M\/0MM14082_1_49ae.jpg' alt='COMPRAR AHORA'>\r\n            <div class=\"claim\">\r\n                COMPRAR AHORA            <\/div>\r\n        <\/a>\r\n    \n\n\n<div class=\"kk-star-ratings kksr-auto kksr-align-center kksr-valign-bottom\"\n    data-payload='{&quot;align&quot;:&quot;center&quot;,&quot;id&quot;:&quot;39205&quot;,&quot;slug&quot;:&quot;default&quot;,&quot;valign&quot;:&quot;bottom&quot;,&quot;ignore&quot;:&quot;&quot;,&quot;reference&quot;:&quot;auto&quot;,&quot;class&quot;:&quot;&quot;,&quot;count&quot;:&quot;1&quot;,&quot;legendonly&quot;:&quot;&quot;,&quot;readonly&quot;:&quot;&quot;,&quot;score&quot;:&quot;5&quot;,&quot;starsonly&quot;:&quot;&quot;,&quot;best&quot;:&quot;5&quot;,&quot;gap&quot;:&quot;5&quot;,&quot;greet&quot;:&quot;Valora este art\u00edculo&quot;,&quot;legend&quot;:&quot;5\\\/5 - (1 voto)&quot;,&quot;size&quot;:&quot;24&quot;,&quot;title&quot;:&quot;Tipo de limas para u\u00f1as: una manicura perfecta (y desde casa)&quot;,&quot;width&quot;:&quot;142.5&quot;,&quot;_legend&quot;:&quot;{score}\\\/{best} - ({count} {votes})&quot;,&quot;font_factor&quot;:&quot;1.25&quot;}'>\n            \n<div class=\"kksr-stars\">\n    \n<div class=\"kksr-stars-inactive\">\n            <div class=\"kksr-star\" data-star=\"1\" style=\"padding-right: 5px\">\n            \n\n<div class=\"kksr-icon\" style=\"width: 24px; height: 24px;\"><\/div>\n        <\/div>\n            <div class=\"kksr-star\" data-star=\"2\" style=\"padding-right: 5px\">\n            \n\n<div class=\"kksr-icon\" style=\"width: 24px; height: 24px;\"><\/div>\n        <\/div>\n            <div class=\"kksr-star\" data-star=\"3\" style=\"padding-right: 5px\">\n            \n\n<div class=\"kksr-icon\" style=\"width: 24px; height: 24px;\"><\/div>\n        <\/div>\n            <div class=\"kksr-star\" data-star=\"4\" style=\"padding-right: 5px\">\n            \n\n<div class=\"kksr-icon\" style=\"width: 24px; height: 24px;\"><\/div>\n        <\/div>\n            <div class=\"kksr-star\" data-star=\"5\" style=\"padding-right: 5px\">\n            \n\n<div class=\"kksr-icon\" style=\"width: 24px; height: 24px;\"><\/div>\n        <\/div>\n    <\/div>\n    \n<div class=\"kksr-stars-active\" style=\"width: 142.5px;\">\n            <div class=\"kksr-star\" style=\"padding-right: 5px\">\n            \n\n<div class=\"kksr-icon\" style=\"width: 24px; height: 24px;\"><\/div>\n        <\/div>\n            <div class=\"kksr-star\" style=\"padding-right: 5px\">\n            \n\n<div class=\"kksr-icon\" style=\"width: 24px; height: 24px;\"><\/div>\n        <\/div>\n            <div class=\"kksr-star\" style=\"padding-right: 5px\">\n            \n\n<div class=\"kksr-icon\" style=\"width: 24px; height: 24px;\"><\/div>\n        <\/div>\n            <div class=\"kksr-star\" style=\"padding-right: 5px\">\n            \n\n<div class=\"kksr-icon\" style=\"width: 24px; height: 24px;\"><\/div>\n        <\/div>\n            <div class=\"kksr-star\" style=\"padding-right: 5px\">\n            \n\n<div class=\"kksr-icon\" style=\"width: 24px; height: 24px;\"><\/div>\n        <\/div>\n    <\/div>\n<\/div>\n                \n\n<div class=\"kksr-legend\" style=\"font-size: 19.2px;\">\n            5\/5 - (1 voto)    <\/div>\n    <\/div>\n","protected":false},"excerpt":{"rendered":"<p>Presumir de una manicura a medida (y desde casa) no siempre es una tarea f\u00e1cil. No obstante, hoy te ense\u00f1amos todo lo que debes saber para presumir de unas u\u00f1as bonitas, cuidadas y a la altura de un profesional. Para ello, has de tener en cuenta tu estilo, el tipo de lima de u\u00f1as que [&hellip;]<\/p>\n","protected":false},"author":4,"featured_media":121588,"comment_status":"open","ping_status":"open","sticky":false,"template":"","format":"standard","meta":{"jnews-multi-image_gallery":[],"jnews_single_post":{"format":"standard"},"jnews_primary_category":[],"jnews_social_meta":[],"jnews_override_counter":[],"footnotes":""},"categories":[1831],"tags":[],"class_list":["post-39205","post","type-post","status-publish","format-standard","has-post-thumbnail","hentry","category-manicuras"],"_links":{"self":[{"href":"https:\/\/www.primor.eu\/blog\/wp-json\/wp\/v2\/posts\/39205","targetHints":{"allow":["GET"]}}],"collection":[{"href":"https:\/\/www.primor.eu\/blog\/wp-json\/wp\/v2\/posts"}],"about":[{"href":"https:\/\/www.primor.eu\/blog\/wp-json\/wp\/v2\/types\/post"}],"author":[{"embeddable":true,"href":"https:\/\/www.primor.eu\/blog\/wp-json\/wp\/v2\/users\/4"}],"replies":[{"embeddable":true,"href":"https:\/\/www.primor.eu\/blog\/wp-json\/wp\/v2\/comments?post=39205"}],"version-history":[{"count":6,"href":"https:\/\/www.primor.eu\/blog\/wp-json\/wp\/v2\/posts\/39205\/revisions"}],"predecessor-version":[{"id":131666,"href":"https:\/\/www.primor.eu\/blog\/wp-json\/wp\/v2\/posts\/39205\/revisions\/131666"}],"wp:featuredmedia":[{"embeddable":true,"href":"https:\/\/www.primor.eu\/blog\/wp-json\/wp\/v2\/media\/121588"}],"wp:attachment":[{"href":"https:\/\/www.primor.eu\/blog\/wp-json\/wp\/v2\/media?parent=39205"}],"wp:term":[{"taxonomy":"category","embeddable":true,"href":"https:\/\/www.primor.eu\/blog\/wp-json\/wp\/v2\/categories?post=39205"},{"taxonomy":"post_tag","embeddable":true,"href":"https:\/\/www.primor.eu\/blog\/wp-json\/wp\/v2\/tags?post=39205"}],"curies":[{"name":"wp","href":"https:\/\/api.w.org\/{rel}","templated":true}]}}