{"id":3878,"date":"2017-06-15T17:47:20","date_gmt":"2017-06-15T15:47:20","guid":{"rendered":"http:\/\/blog.primor.eu:\/?p=3878"},"modified":"2017-06-15T17:47:20","modified_gmt":"2017-06-15T15:47:20","slug":"essie-presenta-coleccion-verano-2017-parisian-sweet","status":"publish","type":"post","link":"https:\/\/www.primor.eu\/blog\/essie-presenta-coleccion-verano-2017-parisian-sweet\/","title":{"rendered":"Essie presenta su Colecci\u00f3n de Verano 2017: Parisian Sweet"},"content":{"rendered":"<p><a href=\"http:\/\/www.primor.eu\/essie\/42323-esmaltes-de-unas-parisian-sweets-verano-2017.html\"><img decoding=\"async\" class=\"alignnone wp-image-3886 size-full\" src=\"http:\/\/blog.primor.eu\/wp-content\/uploads\/2024\/06\/IMG_4451.jpg\" alt=\"\" width=\"5634\" height=\"3756\" \/><\/a><\/p>\n<p>Hola Primores!!<\/p>\n<p>El verano ya casi est\u00e1 aqu\u00ed y muchas marcas est\u00e1n lanzando sus preciosas colecciones concebidas para el buen tiempo.<\/p>\n<p>Essie nos ha enamorado con su colecci\u00f3n para el verano de 2017, <a href=\"http:\/\/www.primor.eu\/essie\/42323-esmaltes-de-unas-parisian-sweets-verano-2017.html\"><strong>Parisian Sweet<\/strong><\/a>, inspirada en la vertiente m\u00e1s dulce de la siempre elegante ciudad de Par\u00eds.<\/p>\n<p><!--more--><\/p>\n<p><a href=\"http:\/\/www.primor.eu\/essie\/42323-esmaltes-de-unas-parisian-sweets-verano-2017.html\"><img decoding=\"async\" class=\"alignnone wp-image-3887 size-full\" src=\"http:\/\/blog.primor.eu\/wp-content\/uploads\/2024\/06\/IMG_4453.jpg\" alt=\"\" width=\"6000\" height=\"4000\" \/><\/a><\/p>\n<p>Inspirada en los postres y dulces de los exclusivos caf\u00e9s parisinos, la dise\u00f1adora global de Essie, Rebecca Minkoff, ha creado seis tonos de lo m\u00e1s chic, frescos y elegantes , que nos trasladan a la ciudad del Amor.<\/p>\n<p>Los colores est\u00e1n basados en las frutas de verano, en las flores ex\u00f3ticas, en el brillo del az\u00facar... Os ense\u00f1amos estos preciosos colores:<\/p>\n<h3>Sweet Souflee<\/h3>\n<p>Inspirado en la iridiscencia del az\u00facar glass, con un leve brillo que recuerda a los caramelos de violeta. Elegant\u00edsimo y \u00a0perfecto en cualquier ocasi\u00f3n.<\/p>\n<p><a href=\"http:\/\/www.primor.eu\/essie\/42323-esmaltes-de-unas-parisian-sweets-verano-2017.html\"><img decoding=\"async\" class=\"alignnone wp-image-3885 size-full\" src=\"http:\/\/blog.primor.eu\/wp-content\/uploads\/2024\/06\/IMG_4463.jpg\" alt=\"\" width=\"5670\" height=\"3780\" \/><\/a><\/p>\n<h3>Baguette me not<\/h3>\n<p>Es un divino lila suave y extremadamente dulce que te recordar\u00e1 al precioso tono de los t\u00edpicos macarons. Inolvidable si lo ves una vez...<\/p>\n<p><a href=\"http:\/\/www.primor.eu\/essie\/42323-esmaltes-de-unas-parisian-sweets-verano-2017.html\"><img decoding=\"async\" class=\"alignnone wp-image-3884 size-full\" src=\"http:\/\/blog.primor.eu\/wp-content\/uploads\/2024\/06\/IMG_4464.jpg\" alt=\"\" width=\"5294\" height=\"3529\" \/><\/a><\/p>\n<h3>Blue La La<\/h3>\n<p>Este esmalte no puede dejar a nadie indiferente. Es un precioso azul pastel con destellos blancos. Es como una ma\u00f1ana de verano en la Ciudad de la Luz!<\/p>\n<p><a href=\"http:\/\/www.primor.eu\/essie\/42323-esmaltes-de-unas-parisian-sweets-verano-2017.html\"><img decoding=\"async\" class=\"alignnone wp-image-3881 size-full\" src=\"http:\/\/blog.primor.eu\/wp-content\/uploads\/2024\/06\/IMG_4468.jpg\" alt=\"\" width=\"6000\" height=\"4000\" \/><\/a><\/p>\n<h3>S'il vous Play<\/h3>\n<p>Este esmalte desata todas las miradas. Lo hemos comprobado! Es un tono lavanda con subtono en rosa metalizado absolutamente especial y perfecto.<\/p>\n<p><a href=\"http:\/\/www.primor.eu\/essie\/42323-esmaltes-de-unas-parisian-sweets-verano-2017.html\"><img decoding=\"async\" class=\"alignnone wp-image-3883 size-full\" src=\"http:\/\/blog.primor.eu\/wp-content\/uploads\/2024\/06\/IMG_4465.jpg\" alt=\"\" width=\"5523\" height=\"3682\" \/><\/a><\/p>\n<h3>Eclar my Love<\/h3>\n<p>Una declaraci\u00f3n de amor, hecha esmalte. Un luminoso y vivo tono rojo-fucsia piruleta, pasional y vibrante. Amor a primera vista!<\/p>\n<p><a href=\"http:\/\/blog.primor.eu\/wp-content\/uploads\/2024\/06\/IMG_4467.jpg\" target=\"_blank\" rel=\"noopener\"><img decoding=\"async\" class=\"alignnone wp-image-3882 size-full\" src=\"http:\/\/blog.primor.eu\/wp-content\/uploads\/2024\/06\/IMG_4467.jpg\" alt=\"\" width=\"6000\" height=\"4000\" \/><\/a><\/p>\n<h3>Fondant Of Yoy<\/h3>\n<p>Es un anaranjado tostado \u00a0y azucarado, como si se tratase de un topping de mermelada de albaricoque. Imposible imaginar un tono m\u00e1s veraniego.<\/p>\n<p><a href=\"http:\/\/www.primor.eu\/essie\/42323-esmaltes-de-unas-parisian-sweets-verano-2017.html\"><img decoding=\"async\" class=\"alignnone wp-image-3880 size-full\" src=\"http:\/\/blog.primor.eu\/wp-content\/uploads\/2024\/06\/IMG_4469.jpg\" alt=\"\" width=\"6000\" height=\"4000\" \/><\/a><\/p>\n<p>&nbsp;<\/p>\n<p><a href=\"http:\/\/www.primor.eu\/essie\/42323-esmaltes-de-unas-parisian-sweets-verano-2017.html\"><img decoding=\"async\" class=\"alignnone wp-image-3879 size-full\" src=\"http:\/\/blog.primor.eu\/wp-content\/uploads\/2024\/06\/IMG_4472a.jpg\" alt=\"\" width=\"6000\" height=\"4000\" \/><\/a><\/p>\n<p>Todo un viaje por el Paris m\u00e1s dulce que desatar\u00e1 tu instinto m\u00e1s goloso! Ya te apetece un capricho veraniego? Tienes estas delicias en tiendas Primor y en nuestra Web (<a href=\"http:\/\/www.primor.eu\/essie\/42323-esmaltes-de-unas-parisian-sweets-verano-2017.html\">AQUI<\/a>)<\/p>\n<p>Muchas gracias por leernos! <em>Merci!<\/em><\/p>\n\n\n<div class=\"kk-star-ratings kksr-auto kksr-align-center kksr-valign-bottom\"\n    data-payload='{&quot;align&quot;:&quot;center&quot;,&quot;id&quot;:&quot;3878&quot;,&quot;slug&quot;:&quot;default&quot;,&quot;valign&quot;:&quot;bottom&quot;,&quot;ignore&quot;:&quot;&quot;,&quot;reference&quot;:&quot;auto&quot;,&quot;class&quot;:&quot;&quot;,&quot;count&quot;:&quot;0&quot;,&quot;legendonly&quot;:&quot;&quot;,&quot;readonly&quot;:&quot;&quot;,&quot;score&quot;:&quot;0&quot;,&quot;starsonly&quot;:&quot;&quot;,&quot;best&quot;:&quot;5&quot;,&quot;gap&quot;:&quot;5&quot;,&quot;greet&quot;:&quot;Valora este art\u00edculo&quot;,&quot;legend&quot;:&quot;0\\\/5 - (0 votos)&quot;,&quot;size&quot;:&quot;24&quot;,&quot;title&quot;:&quot;Essie presenta su Colecci\u00f3n de Verano 2017: Parisian Sweet&quot;,&quot;width&quot;:&quot;0&quot;,&quot;_legend&quot;:&quot;{score}\\\/{best} - ({count} {votes})&quot;,&quot;font_factor&quot;:&quot;1.25&quot;}'>\n            \n<div class=\"kksr-stars\">\n    \n<div class=\"kksr-stars-inactive\">\n            <div class=\"kksr-star\" data-star=\"1\" style=\"padding-right: 5px\">\n            \n\n<div class=\"kksr-icon\" style=\"width: 24px; height: 24px;\"><\/div>\n        <\/div>\n            <div class=\"kksr-star\" data-star=\"2\" style=\"padding-right: 5px\">\n            \n\n<div class=\"kksr-icon\" style=\"width: 24px; height: 24px;\"><\/div>\n        <\/div>\n            <div class=\"kksr-star\" data-star=\"3\" style=\"padding-right: 5px\">\n            \n\n<div class=\"kksr-icon\" style=\"width: 24px; height: 24px;\"><\/div>\n        <\/div>\n            <div class=\"kksr-star\" data-star=\"4\" style=\"padding-right: 5px\">\n            \n\n<div class=\"kksr-icon\" style=\"width: 24px; height: 24px;\"><\/div>\n        <\/div>\n            <div class=\"kksr-star\" data-star=\"5\" style=\"padding-right: 5px\">\n            \n\n<div class=\"kksr-icon\" style=\"width: 24px; height: 24px;\"><\/div>\n        <\/div>\n    <\/div>\n    \n<div class=\"kksr-stars-active\" style=\"width: 0px;\">\n            <div class=\"kksr-star\" style=\"padding-right: 5px\">\n            \n\n<div class=\"kksr-icon\" style=\"width: 24px; height: 24px;\"><\/div>\n        <\/div>\n            <div class=\"kksr-star\" style=\"padding-right: 5px\">\n            \n\n<div class=\"kksr-icon\" style=\"width: 24px; height: 24px;\"><\/div>\n        <\/div>\n            <div class=\"kksr-star\" style=\"padding-right: 5px\">\n            \n\n<div class=\"kksr-icon\" style=\"width: 24px; height: 24px;\"><\/div>\n        <\/div>\n            <div class=\"kksr-star\" style=\"padding-right: 5px\">\n            \n\n<div class=\"kksr-icon\" style=\"width: 24px; height: 24px;\"><\/div>\n        <\/div>\n            <div class=\"kksr-star\" style=\"padding-right: 5px\">\n            \n\n<div class=\"kksr-icon\" style=\"width: 24px; height: 24px;\"><\/div>\n        <\/div>\n    <\/div>\n<\/div>\n                \n\n<div class=\"kksr-legend\" style=\"font-size: 19.2px;\">\n            <span class=\"kksr-muted\">Valora este art\u00edculo<\/span>\n    <\/div>\n    <\/div>\n","protected":false},"excerpt":{"rendered":"<p>Hola Primores!! El verano ya casi est\u00e1 aqu\u00ed y muchas marcas est\u00e1n lanzando sus preciosas colecciones concebidas para el buen tiempo. Essie nos ha enamorado con su colecci\u00f3n para el verano de 2017, Parisian Sweet, inspirada en la vertiente m\u00e1s dulce de la siempre elegante ciudad de Par\u00eds.<\/p>\n","protected":false},"author":4,"featured_media":3886,"comment_status":"open","ping_status":"open","sticky":false,"template":"","format":"standard","meta":{"jnews-multi-image_gallery":[],"jnews_single_post":[],"jnews_primary_category":[],"jnews_social_meta":[],"jnews_override_counter":[],"footnotes":""},"categories":[29,34,26],"tags":[],"class_list":["post-3878","post","type-post","status-publish","format-standard","has-post-thumbnail","hentry","category-cosmetica","category-eventos","category-noticias-beauty"],"_links":{"self":[{"href":"https:\/\/www.primor.eu\/blog\/wp-json\/wp\/v2\/posts\/3878","targetHints":{"allow":["GET"]}}],"collection":[{"href":"https:\/\/www.primor.eu\/blog\/wp-json\/wp\/v2\/posts"}],"about":[{"href":"https:\/\/www.primor.eu\/blog\/wp-json\/wp\/v2\/types\/post"}],"author":[{"embeddable":true,"href":"https:\/\/www.primor.eu\/blog\/wp-json\/wp\/v2\/users\/4"}],"replies":[{"embeddable":true,"href":"https:\/\/www.primor.eu\/blog\/wp-json\/wp\/v2\/comments?post=3878"}],"version-history":[{"count":0,"href":"https:\/\/www.primor.eu\/blog\/wp-json\/wp\/v2\/posts\/3878\/revisions"}],"wp:featuredmedia":[{"embeddable":true,"href":"https:\/\/www.primor.eu\/blog\/wp-json\/"}],"wp:attachment":[{"href":"https:\/\/www.primor.eu\/blog\/wp-json\/wp\/v2\/media?parent=3878"}],"wp:term":[{"taxonomy":"category","embeddable":true,"href":"https:\/\/www.primor.eu\/blog\/wp-json\/wp\/v2\/categories?post=3878"},{"taxonomy":"post_tag","embeddable":true,"href":"https:\/\/www.primor.eu\/blog\/wp-json\/wp\/v2\/tags?post=3878"}],"curies":[{"name":"wp","href":"https:\/\/api.w.org\/{rel}","templated":true}]}}