{"id":38633,"date":"2022-06-22T10:00:35","date_gmt":"2022-06-22T08:00:35","guid":{"rendered":"https:\/\/blog.primor.eu\/?p=38633"},"modified":"2025-06-30T06:00:42","modified_gmt":"2025-06-30T06:00:42","slug":"champu-hidrantante-y-reparador","status":"publish","type":"post","link":"https:\/\/www.primor.eu\/blog\/champu-hidrantante-y-reparador\/","title":{"rendered":"Elige un champ\u00fa hidratante y reparador para este verano"},"content":{"rendered":"<p class=\"p1\"><span class=\"s1\">Llega la \u00e9poca de sol, calor y playa y, tambi\u00e9n, una en la que m\u00e1s se resiente el cabello. Algunos agentes externos como los que acabamos de mencionar pueden ser de lo m\u00e1s perjudiciales para nuestro cabello, volvi\u00e9ndolo m\u00e1s quebradizo y perdiendo luminosidad. Es por ello que si elegimos<strong> el champ\u00fa adecuado<\/strong> para cada \u00e9poca del a\u00f1o conseguiremos paliar la mayor\u00eda de estos efectos negativos. Hoy os daremos algunos consejos para que elij\u00e1is sabiamente en vuestra pr\u00f3xima compra.<\/span><\/p>\n<h3 class=\"p1\"><span class=\"s1\"><b>Un champ\u00fa perfecto para cada \u00e9poca del a\u00f1o<\/b><\/span><\/h3>\n<p class=\"p1\"><span class=\"s1\">Es importante que escojamos sabiamente nuestros tratamientos capilares durante el verano, ya que es la \u00e9poca del a\u00f1o en la que m\u00e1s se resiente. Te recomendamos que busques champ\u00fas<strong> libres de parabenos y adecuados para todos los niveles de encrespamiento.<\/strong> Con ellos acertar\u00e1s seguro por muy mal que acabe tu pelo tras una sesi\u00f3n de playa. Aseg\u00farate tambi\u00e9n de que sean seguros para el cabello coloreado o tratado qu\u00edmicamente para que no pierdas ni un tono de color en tus vacaciones. Si adem\u00e1s el champ\u00fa cuenta con una mascarilla protectora en su colecci\u00f3n que cumpla una acci\u00f3n bif\u00e1sica conseguir\u00e1s un cabello sano y sedoso mientras est\u00e1 protegido por m\u00e1s tiempo.<\/span><\/p>\n<h3 class=\"p1\"><span class=\"s1\"><b>Tenemos a tu mejor aliado para el verano<\/b><\/span><\/h3>\n<h2 style=\"text-align: center;\"><a href=\"https:\/\/www.primor.eu\/es_es\/john-frieda-champu-frizz-ease-miraculous-recovery-10967.html\"><span class=\"s1\">Miraculous Recovery Repairing Shampoo de J.FRIEDA<\/span><\/a><\/h2>\n<figure id=\"attachment_38634\" aria-describedby=\"caption-attachment-38634\" style=\"width: 300px\" class=\"wp-caption aligncenter\"><img decoding=\"async\" class=\"wp-image-38634 size-full\" src=\"\/wp-content\/uploads\/2022\/06\/220750403_JF_FE_MR_Shmp_50mL_UK_FR_ENG_37957.png\" alt=\"\" width=\"300\" height=\"300\" \/><figcaption id=\"caption-attachment-38634\" class=\"wp-caption-text\"><a href=\"https:\/\/www.primor.eu\/es_es\/john-frieda-champu-frizz-ease-miraculous-recovery-10967.html\">Miraculous Recovery Repairing Shampoo de J. Frieda<\/a><\/figcaption><\/figure>\n<p class=\"p1\"><span class=\"s1\">En Primor nos gusta que tu melena no pierda nunca ese brillo propio, por ello encontrar\u00e1s el<strong> Miraculous Recovery Repairing Shampoo<\/strong> de <strong>J.FRIEDA<\/strong> en la <a href=\"https:\/\/www.primorbox.eu\/\" target=\"_blank\" rel=\"noopener\">Primor Box de Junio<\/a>. Este Champ\u00fa Fortalecedor repara el aspecto y el tacto del cabello da\u00f1ado para obtener un cabello suave como la seda. <strong>Formulado con tecnolog\u00eda antida\u00f1os, limpia suavemente, restaura y previene la aparici\u00f3n de futuros da\u00f1os.<\/strong> Disfruta de un cabello visiblemente m\u00e1s sano y fortalecido despu\u00e9s de un solo uso. <\/span><\/p>\n\n\n<div class=\"kk-star-ratings kksr-auto kksr-align-center kksr-valign-bottom\"\n    data-payload='{&quot;align&quot;:&quot;center&quot;,&quot;id&quot;:&quot;38633&quot;,&quot;slug&quot;:&quot;default&quot;,&quot;valign&quot;:&quot;bottom&quot;,&quot;ignore&quot;:&quot;&quot;,&quot;reference&quot;:&quot;auto&quot;,&quot;class&quot;:&quot;&quot;,&quot;count&quot;:&quot;0&quot;,&quot;legendonly&quot;:&quot;&quot;,&quot;readonly&quot;:&quot;&quot;,&quot;score&quot;:&quot;0&quot;,&quot;starsonly&quot;:&quot;&quot;,&quot;best&quot;:&quot;5&quot;,&quot;gap&quot;:&quot;5&quot;,&quot;greet&quot;:&quot;Valora este art\u00edculo&quot;,&quot;legend&quot;:&quot;0\\\/5 - (0 votos)&quot;,&quot;size&quot;:&quot;24&quot;,&quot;title&quot;:&quot;Elige un champ\u00fa hidratante y reparador para este verano&quot;,&quot;width&quot;:&quot;0&quot;,&quot;_legend&quot;:&quot;{score}\\\/{best} - ({count} {votes})&quot;,&quot;font_factor&quot;:&quot;1.25&quot;}'>\n            \n<div class=\"kksr-stars\">\n    \n<div class=\"kksr-stars-inactive\">\n            <div class=\"kksr-star\" data-star=\"1\" style=\"padding-right: 5px\">\n            \n\n<div class=\"kksr-icon\" style=\"width: 24px; height: 24px;\"><\/div>\n        <\/div>\n            <div class=\"kksr-star\" data-star=\"2\" style=\"padding-right: 5px\">\n            \n\n<div class=\"kksr-icon\" style=\"width: 24px; height: 24px;\"><\/div>\n        <\/div>\n            <div class=\"kksr-star\" data-star=\"3\" style=\"padding-right: 5px\">\n            \n\n<div class=\"kksr-icon\" style=\"width: 24px; height: 24px;\"><\/div>\n        <\/div>\n            <div class=\"kksr-star\" data-star=\"4\" style=\"padding-right: 5px\">\n            \n\n<div class=\"kksr-icon\" style=\"width: 24px; height: 24px;\"><\/div>\n        <\/div>\n            <div class=\"kksr-star\" data-star=\"5\" style=\"padding-right: 5px\">\n            \n\n<div class=\"kksr-icon\" style=\"width: 24px; height: 24px;\"><\/div>\n        <\/div>\n    <\/div>\n    \n<div class=\"kksr-stars-active\" style=\"width: 0px;\">\n            <div class=\"kksr-star\" style=\"padding-right: 5px\">\n            \n\n<div class=\"kksr-icon\" style=\"width: 24px; height: 24px;\"><\/div>\n        <\/div>\n            <div class=\"kksr-star\" style=\"padding-right: 5px\">\n            \n\n<div class=\"kksr-icon\" style=\"width: 24px; height: 24px;\"><\/div>\n        <\/div>\n            <div class=\"kksr-star\" style=\"padding-right: 5px\">\n            \n\n<div class=\"kksr-icon\" style=\"width: 24px; height: 24px;\"><\/div>\n        <\/div>\n            <div class=\"kksr-star\" style=\"padding-right: 5px\">\n            \n\n<div class=\"kksr-icon\" style=\"width: 24px; height: 24px;\"><\/div>\n        <\/div>\n            <div class=\"kksr-star\" style=\"padding-right: 5px\">\n            \n\n<div class=\"kksr-icon\" style=\"width: 24px; height: 24px;\"><\/div>\n        <\/div>\n    <\/div>\n<\/div>\n                \n\n<div class=\"kksr-legend\" style=\"font-size: 19.2px;\">\n            <span class=\"kksr-muted\">Valora este art\u00edculo<\/span>\n    <\/div>\n    <\/div>\n","protected":false},"excerpt":{"rendered":"<p>Llega la \u00e9poca de sol, calor y playa y, tambi\u00e9n, una en la que m\u00e1s se resiente el cabello. Algunos agentes externos como los que acabamos de mencionar pueden ser de lo m\u00e1s perjudiciales para nuestro cabello, volvi\u00e9ndolo m\u00e1s quebradizo y perdiendo luminosidad. Es por ello que si elegimos el champ\u00fa adecuado para cada \u00e9poca [&hellip;]<\/p>\n","protected":false},"author":4,"featured_media":51597,"comment_status":"open","ping_status":"open","sticky":false,"template":"","format":"standard","meta":{"jnews-multi-image_gallery":[],"jnews_single_post":[],"jnews_primary_category":[],"jnews_social_meta":[],"jnews_override_counter":[],"footnotes":""},"categories":[35],"tags":[],"class_list":["post-38633","post","type-post","status-publish","format-standard","has-post-thumbnail","hentry","category-cabello"],"_links":{"self":[{"href":"https:\/\/www.primor.eu\/blog\/wp-json\/wp\/v2\/posts\/38633","targetHints":{"allow":["GET"]}}],"collection":[{"href":"https:\/\/www.primor.eu\/blog\/wp-json\/wp\/v2\/posts"}],"about":[{"href":"https:\/\/www.primor.eu\/blog\/wp-json\/wp\/v2\/types\/post"}],"author":[{"embeddable":true,"href":"https:\/\/www.primor.eu\/blog\/wp-json\/wp\/v2\/users\/4"}],"replies":[{"embeddable":true,"href":"https:\/\/www.primor.eu\/blog\/wp-json\/wp\/v2\/comments?post=38633"}],"version-history":[{"count":1,"href":"https:\/\/www.primor.eu\/blog\/wp-json\/wp\/v2\/posts\/38633\/revisions"}],"predecessor-version":[{"id":75319,"href":"https:\/\/www.primor.eu\/blog\/wp-json\/wp\/v2\/posts\/38633\/revisions\/75319"}],"wp:featuredmedia":[{"embeddable":true,"href":"https:\/\/www.primor.eu\/blog\/wp-json\/wp\/v2\/media\/51597"}],"wp:attachment":[{"href":"https:\/\/www.primor.eu\/blog\/wp-json\/wp\/v2\/media?parent=38633"}],"wp:term":[{"taxonomy":"category","embeddable":true,"href":"https:\/\/www.primor.eu\/blog\/wp-json\/wp\/v2\/categories?post=38633"},{"taxonomy":"post_tag","embeddable":true,"href":"https:\/\/www.primor.eu\/blog\/wp-json\/wp\/v2\/tags?post=38633"}],"curies":[{"name":"wp","href":"https:\/\/api.w.org\/{rel}","templated":true}]}}