{"id":38152,"date":"2024-09-06T10:54:36","date_gmt":"2024-09-06T10:54:36","guid":{"rendered":"https:\/\/blog.primor.eu\/?p=38152"},"modified":"2026-01-29T08:49:35","modified_gmt":"2026-01-29T08:49:35","slug":"mejores-serums-con-vitamina-c","status":"publish","type":"post","link":"https:\/\/www.primor.eu\/blog\/mejores-serums-con-vitamina-c\/","title":{"rendered":"Los 20 mejores s\u00e9rums con vitamina C del 2026"},"content":{"rendered":"\n<p>Probablemente en m\u00e1s de una ocasi\u00f3n hayas oido hablar de los<a href=\"https:\/\/www.primor.eu\/blog\/serum-para-ojeras\/\"> <\/a><strong><a href=\"https:\/\/www.primor.eu\/blog\/serum-para-ojeras\/\">s\u00e9rums<\/a> con <a href=\"https:\/\/www.primor.eu\/es_es\/?query=vitamina%20C\" data-type=\"link\" data-id=\"https:\/\/www.primor.eu\/es_es\/?query=vitamina%20C\">vitamina C<\/a><\/strong>. Es un producto muy usado en el mundo de la belleza y, sobre todo, muy recomendado por especialistas y quienes lo usan. Y es que no es para menos, es un producto muy f\u00e1cil de usar, c\u00f3modo, y que<strong> tiene una larga lista de beneficios para el <a href=\"https:\/\/www.primor.eu\/es_es\/cremas-antiarrugas-y-antiedad\" data-type=\"link\" data-id=\"https:\/\/www.primor.eu\/es_es\/cremas-antiarrugas-y-antiedad\">rostro<\/a><\/strong>. Sigue leyendo y conoce por qu\u00e9 es el indispensable en belleza.<\/p>\n\n\n\n<h3 class=\"wp-block-heading\">\u00bfQu\u00e9 es un s\u00e9rum?<\/h3>\n\n\n\n<p>El s\u00e9rum o suero es un cosm\u00e9tico muy habitual en el mundo de la belleza que, como su propio nombre indica, hidrata el rostro y lo prepara para la aplicaci\u00f3n del siguiente producto. Este en concreto <em>tiene una alta concentraci\u00f3n de producto<\/em> por eso basta con apenas 4 gotas para que sea eficaz. Adem\u00e1s, su textura l\u00edquida hace que la piel la absorba mucho mejor. Generalmente es un producto indicado para rellenar arrugas, ayudar a tensar la piel y a disminuir las l\u00edneas de expresi\u00f3n.<\/p>\n\n\n\n<h3 class=\"wp-block-heading\">Cu\u00e1ndo debo utilizarlos<\/h3>\n\n\n\n<p>Una rutina rica en Vitamina C es necesaria para un rostro joven e impoluto por lo que su aplicaci\u00f3n deber\u00eda ser ma\u00f1ana y noche. Sin embargo, si solo se aplica una vez, esta debe de ser por la ma\u00f1ana ya que, uno de sus m\u00faltiples beneficios es que <strong>act\u00faa como antioxidante frente a los agentes externos<\/strong>.<\/p>\n\n\n\n<p>Se debe utilizar entre dos pasos fundamentales y que no pueden faltar: la limpieza facial y la hidrataci\u00f3n correspondiente. Masajea bien una vez lo hayas aplicado para que la piel lo absorba. Y <strong>no te olvides de aplicarlo sobre el cuello<\/strong>, es importante ya que es una de las zonas que primero sufre los efectos del envejecimiento.<\/p>\n\n\n\n<p>El \u00faltimo paso siempre debe ser la protecci\u00f3n solar de rostro y cuello, y a diario, no importa si es verano o invierno, llueve o est\u00e1 nublado. Adem\u00e1s, no debemos mantener una exposici\u00f3n al sol prolongada despu\u00e9s de utilizar este producto.<\/p>\n\n\n\n<h3 class=\"wp-block-heading\">Beneficios del s\u00e9rum con Vitamina C<\/h3>\n\n\n\n<ul class=\"wp-block-list\">\n<li><strong>Aumenta la elasticidad<\/strong> de la piel<\/li>\n\n\n\n<li>Aumenta la luminosidad del rostro<\/li>\n\n\n\n<li><strong>Regula la hiperpigmentaci\u00f3n<\/strong> del rostro consiguiendo una piel uniforme<\/li>\n\n\n\n<li>Favorece la producci\u00f3n de col\u00e1geno<\/li>\n\n\n\n<li><strong>Reduce los signos del envejecimiento&nbsp;<\/strong><\/li>\n<\/ul>\n\n\n\n<h2 class=\"wp-block-heading\">Los mejores s\u00e9rums con Vitamina C<\/h2>\n\n\n        <product-table class=\"pr-slider\">\r\n            <product-headers class=\"grid-table-rows\">\r\n                <div>Foto<\/div>\r\n                <div>Producto<\/div>\r\n                <div>Marca<\/div>\r\n                <div>Valoraciones<\/div>\r\n                <div>Precio<\/div>\r\n            <\/product-headers>\r\n\r\n            <product-list>\r\n                                    <a href=\"https:\/\/www.primor.eu\/es_es\/salad-code-serum-iluminador-antimanchas-16493.html\" class=\"product-item grid-table-rows\" target=\"_blank\">\r\n                        <div>\r\n                            <img decoding=\"async\" class=\"product-img\" width=\"80px\" height=\"80px\" src=\"https:\/\/cdn2.primor.eu\/media\/catalog\/product\/cache\/8d3aba296f7a18b5251ee30fa5db42b2\/0\/T\/0TF20176_1_1b5b.jpg\" alt=\"S\u00e9rum Iluminador Antimanchas\">\r\n                        <\/div>\r\n\r\n                        <!-- Contenido de producto  -->\r\n                        <div>\r\n                            <div class=\"product-position\">\r\n                                #1 Top Ventas                            <\/div>\r\n\r\n                            <h2>\r\n                                S\u00e9rum Iluminador Antimanchas                            <\/h2>\r\n                        <\/div>\r\n\r\n                        <!-- Imagen y\/o nombre de la marca -->\r\n                        <div>\r\n                                                            <img decoding=\"async\" width=\"70\" src=\"https:\/\/www.primor.eu\/media\/catalog\/category\/salad-code.jpg\" alt=\"\">\r\n                                                    <\/div>\r\n\r\n                        <!-- Puntuaci\u00f3n del producto  -->\r\n                        <div class=\"rating\">\r\n                                                            <p>No hay valoraciones disponibles<\/p>\r\n                                                    <\/div>\r\n\r\n                        <!-- Bot\u00f3n de producto  -->\r\n                        <div>\r\n                            <span class=\"price-claim\">\r\n                                VER PRECIO                            <\/span>\r\n                        <\/div>\r\n                    <\/a>\r\n                                    <a href=\"https:\/\/www.primor.eu\/es_es\/the-ordinary-solucion-de-ascorbil-glucosido-12-14766.html\" class=\"product-item grid-table-rows\" target=\"_blank\">\r\n                        <div>\r\n                            <img decoding=\"async\" class=\"product-img\" width=\"80px\" height=\"80px\" src=\"https:\/\/cdn2.primor.eu\/media\/catalog\/product\/cache\/8d3aba296f7a18b5251ee30fa5db42b2\/6\/X\/6XS08957_1_8a29.jpg\" alt=\"Soluci\u00f3n de Ascorbil Gluc\u00f3sido 12%\">\r\n                        <\/div>\r\n\r\n                        <!-- Contenido de producto  -->\r\n                        <div>\r\n                            <div class=\"product-position\">\r\n                                #2                            <\/div>\r\n\r\n                            <h2>\r\n                                Soluci\u00f3n de Ascorbil Gluc\u00f3sido 12%                            <\/h2>\r\n                        <\/div>\r\n\r\n                        <!-- Imagen y\/o nombre de la marca -->\r\n                        <div>\r\n                                                            <img decoding=\"async\" width=\"70\" src=\"https:\/\/www.primor.eu\/media\/catalog\/category\/The_Ordinary.png\" alt=\"\">\r\n                                                    <\/div>\r\n\r\n                        <!-- Puntuaci\u00f3n del producto  -->\r\n                        <div class=\"rating\">\r\n                                                            <div class=\"rate\" style=\"--p:92;\"><\/div>\r\n                                <b>4.6\/5<\/b>\r\n                                <div class=\"rate-stars\">\r\n                                                                            <div\r\n                                            class=\"rate-star  \">\r\n                                        <\/div>\r\n                                                                            <div\r\n                                            class=\"rate-star  \">\r\n                                        <\/div>\r\n                                                                            <div\r\n                                            class=\"rate-star  \">\r\n                                        <\/div>\r\n                                                                            <div\r\n                                            class=\"rate-star  \">\r\n                                        <\/div>\r\n                                                                            <div\r\n                                            class=\"rate-star  \">\r\n                                        <\/div>\r\n                                                                    <\/div>\r\n                                                    <\/div>\r\n\r\n                        <!-- Bot\u00f3n de producto  -->\r\n                        <div>\r\n                            <span class=\"price-claim\">\r\n                                VER PRECIO                            <\/span>\r\n                        <\/div>\r\n                    <\/a>\r\n                                    <a href=\"https:\/\/www.primor.eu\/es_es\/strivectin-super-c-retinol-serum-16740.html\" class=\"product-item grid-table-rows\" target=\"_blank\">\r\n                        <div>\r\n                            <img decoding=\"async\" class=\"product-img\" width=\"80px\" height=\"80px\" src=\"https:\/\/cdn2.primor.eu\/media\/catalog\/product\/cache\/8d3aba296f7a18b5251ee30fa5db42b2\/6\/X\/6XS14010_1_ef23.jpg\" alt=\"Super C Retinol S\u00e9rum\">\r\n                        <\/div>\r\n\r\n                        <!-- Contenido de producto  -->\r\n                        <div>\r\n                            <div class=\"product-position\">\r\n                                #3                            <\/div>\r\n\r\n                            <h2>\r\n                                Super C Retinol S\u00e9rum                            <\/h2>\r\n                        <\/div>\r\n\r\n                        <!-- Imagen y\/o nombre de la marca -->\r\n                        <div>\r\n                                                            <img decoding=\"async\" width=\"70\" src=\"https:\/\/www.primor.eu\/media\/catalog\/category\/strivectin.jpg\" alt=\"\">\r\n                                                    <\/div>\r\n\r\n                        <!-- Puntuaci\u00f3n del producto  -->\r\n                        <div class=\"rating\">\r\n                                                            <div class=\"rate\" style=\"--p:100;\"><\/div>\r\n                                <b>5\/5<\/b>\r\n                                <div class=\"rate-stars\">\r\n                                                                            <div\r\n                                            class=\"rate-star  \">\r\n                                        <\/div>\r\n                                                                            <div\r\n                                            class=\"rate-star  \">\r\n                                        <\/div>\r\n                                                                            <div\r\n                                            class=\"rate-star  \">\r\n                                        <\/div>\r\n                                                                            <div\r\n                                            class=\"rate-star  \">\r\n                                        <\/div>\r\n                                                                            <div\r\n                                            class=\"rate-star  \">\r\n                                        <\/div>\r\n                                                                    <\/div>\r\n                                                    <\/div>\r\n\r\n                        <!-- Bot\u00f3n de producto  -->\r\n                        <div>\r\n                            <span class=\"price-claim\">\r\n                                VER PRECIO                            <\/span>\r\n                        <\/div>\r\n                    <\/a>\r\n                                    <a href=\"https:\/\/www.primor.eu\/es_es\/arganour-purity-serum-facial-con-vitamina-c-18181.html\" class=\"product-item grid-table-rows\" target=\"_blank\">\r\n                        <div>\r\n                            <img decoding=\"async\" class=\"product-img\" width=\"80px\" height=\"80px\" src=\"https:\/\/cdn2.primor.eu\/media\/catalog\/product\/cache\/8d3aba296f7a18b5251ee30fa5db42b2\/8\/4\/8435438600799_1_f71d.png\" alt=\"Purity S\u00e9rum Facial con Vitamina C\">\r\n                        <\/div>\r\n\r\n                        <!-- Contenido de producto  -->\r\n                        <div>\r\n                            <div class=\"product-position\">\r\n                                #4                            <\/div>\r\n\r\n                            <h2>\r\n                                Purity S\u00e9rum Facial con Vitamina C                            <\/h2>\r\n                        <\/div>\r\n\r\n                        <!-- Imagen y\/o nombre de la marca -->\r\n                        <div>\r\n                                                            <img decoding=\"async\" width=\"70\" src=\"https:\/\/www.primor.eu\/media\/catalog\/category\/arganour.jpg\" alt=\"\">\r\n                                                    <\/div>\r\n\r\n                        <!-- Puntuaci\u00f3n del producto  -->\r\n                        <div class=\"rating\">\r\n                                                            <div class=\"rate\" style=\"--p:96;\"><\/div>\r\n                                <b>4.8\/5<\/b>\r\n                                <div class=\"rate-stars\">\r\n                                                                            <div\r\n                                            class=\"rate-star  \">\r\n                                        <\/div>\r\n                                                                            <div\r\n                                            class=\"rate-star  \">\r\n                                        <\/div>\r\n                                                                            <div\r\n                                            class=\"rate-star  \">\r\n                                        <\/div>\r\n                                                                            <div\r\n                                            class=\"rate-star  \">\r\n                                        <\/div>\r\n                                                                            <div\r\n                                            class=\"rate-star  \">\r\n                                        <\/div>\r\n                                                                    <\/div>\r\n                                                    <\/div>\r\n\r\n                        <!-- Bot\u00f3n de producto  -->\r\n                        <div>\r\n                            <span class=\"price-claim\">\r\n                                VER PRECIO                            <\/span>\r\n                        <\/div>\r\n                    <\/a>\r\n                                    <a href=\"https:\/\/www.primor.eu\/es_es\/babaria-serum-vitamina-c-15254.html\" class=\"product-item grid-table-rows\" target=\"_blank\">\r\n                        <div>\r\n                            <img decoding=\"async\" class=\"product-img\" width=\"80px\" height=\"80px\" src=\"https:\/\/cdn2.primor.eu\/media\/catalog\/product\/cache\/8d3aba296f7a18b5251ee30fa5db42b2\/8\/4\/8410412100076_frontal_ac82.jpg\" alt=\"Serum Vitamina C\">\r\n                        <\/div>\r\n\r\n                        <!-- Contenido de producto  -->\r\n                        <div>\r\n                            <div class=\"product-position\">\r\n                                #5                            <\/div>\r\n\r\n                            <h2>\r\n                                Serum Vitamina C                            <\/h2>\r\n                        <\/div>\r\n\r\n                        <!-- Imagen y\/o nombre de la marca -->\r\n                        <div>\r\n                                                            <img decoding=\"async\" width=\"70\" src=\"https:\/\/www.primor.eu\/media\/catalog\/category\/Babaria.jpg\" alt=\"\">\r\n                                                    <\/div>\r\n\r\n                        <!-- Puntuaci\u00f3n del producto  -->\r\n                        <div class=\"rating\">\r\n                                                            <div class=\"rate\" style=\"--p:92;\"><\/div>\r\n                                <b>4.6\/5<\/b>\r\n                                <div class=\"rate-stars\">\r\n                                                                            <div\r\n                                            class=\"rate-star  \">\r\n                                        <\/div>\r\n                                                                            <div\r\n                                            class=\"rate-star  \">\r\n                                        <\/div>\r\n                                                                            <div\r\n                                            class=\"rate-star  \">\r\n                                        <\/div>\r\n                                                                            <div\r\n                                            class=\"rate-star  \">\r\n                                        <\/div>\r\n                                                                            <div\r\n                                            class=\"rate-star  \">\r\n                                        <\/div>\r\n                                                                    <\/div>\r\n                                                    <\/div>\r\n\r\n                        <!-- Bot\u00f3n de producto  -->\r\n                        <div>\r\n                            <span class=\"price-claim\">\r\n                                VER PRECIO                            <\/span>\r\n                        <\/div>\r\n                    <\/a>\r\n                            <\/product-list>\r\n        <\/product-table>\r\n\r\n        \n\n\n\n<h3 class=\"wp-block-heading\">S\u00e9rum Iluminador Antimanchas de Salad Code<\/h3>\n\n\n\n<p>Su f\u00f3rmula combina potentes activos concentrados como el arroz integral fermentado y extractos de acerola y grosella india que, combinados con los mejores aceites vegetales como la jojoba, el aceite de oliva, el germen de trigo y la rosa mosqueta, regeneran el tejido cut\u00e1neo e igualan el tono de la piel de la cara \u00a1Y consigue esa piel luminosa y radiante que tanto deseas!<\/p>\n\n\n\n<p>El arroz fermentado es un activo muy importante para los beneficios de este producto porque es precisamente en este proceso de fermentaci\u00f3n donde se liberan amino\u00e1cidos clave y antioxidantes para generar un efecto altamente nutritivo y despigmentante en la piel, adem\u00e1s de mejorar la activaci\u00f3n de las c\u00e9lulas cut\u00e1neas.<\/p>\n\n\n\n<p>La acerola y la grosella india, dos de los principales activos de este s\u00e9rum, destacan por tener un alto contenido en vitamina C.<\/p>\n\n\n    <a class='product' target='_blank' href='https:\/\/www.primor.eu\/es_es\/salad-code-serum-iluminador-antimanchas-16493.html'>\r\n        <img loading='async' src='https:\/\/cdn2.primor.eu\/media\/catalog\/product\/cache\/8d3aba296f7a18b5251ee30fa5db42b2\/0\/T\/0TF20176_1_1b5b.jpg' alt='COMPRAR AHORA'>\r\n            <div class=\"claim\">\r\n                COMPRAR AHORA            <\/div>\r\n        <\/a>\r\n    \n\n\n\n<h3 class=\"wp-block-heading\">Soluci\u00f3n de Ascorbil Gluc\u00f3sido 12% de The Ordinary<\/h3>\n\n\n\n<p>Una f\u00f3rmula mucho m\u00e1s similar al agua que contiene una textura mucho m\u00e1s agradable gracias a un derivado de la vitamina C estabilizado, ya que en su f\u00f3rmula pura es incompatible con esta textura. Eso hace que el uso sea m\u00e1s c\u00f3modo aportando una mayor luminosidad a la piel. Uno de los mejores serums con Vitamina C del mercado.<\/p>\n\n\n    <a class='product' target='_blank' href='https:\/\/www.primor.eu\/es_es\/the-ordinary-solucion-de-ascorbil-glucosido-12-14766.html'>\r\n        <img loading='async' src='https:\/\/cdn2.primor.eu\/media\/catalog\/product\/cache\/8d3aba296f7a18b5251ee30fa5db42b2\/6\/X\/6XS08957_1_8a29.jpg' alt='COMPRAR AHORA'>\r\n            <div class=\"claim\">\r\n                COMPRAR AHORA            <\/div>\r\n        <\/a>\r\n    \n\n\n\n<h3 class=\"wp-block-heading\">Super C Retinol S\u00e9rum de Strivectin<\/h3>\n\n\n\n<p>Contiene dos poderosas formas de Vitamina C estabilizada que aportan luminosidad, firmeza y un aspecto m\u00e1s radiante. El Retinol, potenciado por nuestro NIA-114 TM suaviza las finas l\u00edneas y mejora la textura de la piel para un aspecto visiblemente renovado.<\/p>\n\n\n    <a class='product' target='_blank' href='https:\/\/www.primor.eu\/es_es\/strivectin-super-c-retinol-serum-16740.html'>\r\n        <img loading='async' src='https:\/\/cdn2.primor.eu\/media\/catalog\/product\/cache\/8d3aba296f7a18b5251ee30fa5db42b2\/6\/X\/6XS14010_1_ef23.jpg' alt='COMPRAR AHORA'>\r\n            <div class=\"claim\">\r\n                COMPRAR AHORA            <\/div>\r\n        <\/a>\r\n    \n\n\n\n<h3 class=\"wp-block-heading\">Purity S\u00e9rum Facial con Vitamina C&nbsp;de Arganour<\/h3>\n\n\n\n<p>Es ideal para detoxificar la piel, reducir las manchas y retrasar el envejecimiento actuando como un antioxidante natural. Su f\u00f3rmula est\u00e1 compuesta por \u00e1cido hialur\u00f3nico, 10 % vitamina c y \u00e1cido de granada.<\/p>\n\n\n    <a class='product' target='_blank' href='https:\/\/www.primor.eu\/es_es\/arganour-purity-serum-facial-con-vitamina-c-18181.html'>\r\n        <img loading='async' src='https:\/\/cdn2.primor.eu\/media\/catalog\/product\/cache\/8d3aba296f7a18b5251ee30fa5db42b2\/8\/4\/8435438600799_1_f71d.png' alt='COMPRAR AHORA'>\r\n            <div class=\"claim\">\r\n                COMPRAR AHORA            <\/div>\r\n        <\/a>\r\n    \n\n\n\n<h3 class=\"wp-block-heading\">S\u00e9rum Vitamina C de Babaria&nbsp;<\/h3>\n\n\n\n<p>Es un s\u00e9rum ligero y de r\u00e1pida absorci\u00f3n con un alto contenido en Vitamina C y E, que act\u00faan como antioxidante y aportan luminosidad a la piel.<\/p>\n\n\n    <a class='product' target='_blank' href='https:\/\/www.primor.eu\/es_es\/babaria-serum-vitamina-c-15254.html'>\r\n        <img loading='async' src='https:\/\/cdn2.primor.eu\/media\/catalog\/product\/cache\/8d3aba296f7a18b5251ee30fa5db42b2\/8\/4\/8410412100076_frontal_ac82.jpg' alt='COMPRAR AHORA'>\r\n            <div class=\"claim\">\r\n                COMPRAR AHORA            <\/div>\r\n        <\/a>\r\n    \n\n\n\n<h3 class=\"wp-block-heading\">S\u00e9rum Vitamina C Orange de 3ina<\/h3>\n\n\n\n<p>Es un s\u00e9rum con Vitamina C para uso diario con un 15 % de Vitamina C estabilizada y propiedades antioxidantes que ilumina, suaviza, hidrata y reduce la hiperpigmentaci\u00f3n.<\/p>\n\n\n    <a class='product' target='_blank' href='https:\/\/www.primor.eu\/es_es\/3ina-serum-vitamina-c-orange-60741.html'>\r\n        <img loading='async' src='https:\/\/cdn2.primor.eu\/media\/catalog\/product\/cache\/8d3aba296f7a18b5251ee30fa5db42b2\/0\/T\/0TF22918_1_3759.jpg' alt='COMPRAR AHORA'>\r\n            <div class=\"claim\">\r\n                COMPRAR AHORA            <\/div>\r\n        <\/a>\r\n    \n\n\n\n<h3 class=\"wp-block-heading\">Light it Up S\u00e9rum Vitamina C 15%&nbsp;de Nacomi<\/h3>\n\n\n\n<p>Es una aut\u00e9ntica bomba de activos naturales que ayudan a restaurar la luminosidad de la piel. Reduce la aparici\u00f3n de imperfecciones y aclara las decoloraciones, uniformizando el tono de la piel. Adem\u00e1s, reduce las arrugas, reafirma la piel y restaura su brillo.<\/p>\n\n\n    <a class='product' target='_blank' href='https:\/\/www.primor.eu\/es_es\/nacomi-light-it-up-serum-vitamina-c-15-16355.html'>\r\n        <img loading='async' src='https:\/\/cdn2.primor.eu\/media\/catalog\/product\/cache\/8d3aba296f7a18b5251ee30fa5db42b2\/W\/i\/Witamina_C_15__30_ml_5902539716016_a6c8.png' alt='COMPRAR AHORA'>\r\n            <div class=\"claim\">\r\n                COMPRAR AHORA            <\/div>\r\n        <\/a>\r\n    \n\n\n\n<h3 class=\"wp-block-heading\">Powerful-Strength Line-Reducing Concentrate Serum de Vitamina C&nbsp;Kiehl\u2019s <\/h3>\n\n\n\n<p>Rico en antioxidantes que aumenta instant\u00e1neamente la luminosidad, ayuda a reafirmar la piel y disminuye visiblemente las l\u00edneas finas, las arrugas y los poros para una piel de aspecto m\u00e1s suave.<\/p>\n\n\n    <a class='product' target='_blank' href='https:\/\/www.primor.eu\/es_es\/kiehl-s-powerful-strength-line-reducing-concentrate-serum-de-vitamina-c-106318.html?#854=66332'>\r\n        <img loading='async' src='https:\/\/cdn2.primor.eu\/media\/catalog\/product\/cache\/8d3aba296f7a18b5251ee30fa5db42b2\/0\/T\/0TF21276_1_21aa.jpg' alt='COMPRAR AHORA'>\r\n            <div class=\"claim\">\r\n                COMPRAR AHORA            <\/div>\r\n        <\/a>\r\n    \n\n\n\n<h3 class=\"wp-block-heading\">S\u00e9rum De D\u00eda Vitamina C + AHA24 de Olay<\/h3>\n\n\n\n<p>Te ayudar\u00e1 a conseguir una piel m\u00e1s luminosa en tan solo un d\u00eda y un tono y textura visiblemente m\u00e1s uniformes en 14. Sentir\u00e1s la piel renovada, hidratada y muy luminosa.<\/p>\n\n\n    <a class='product' target='_blank' href='https:\/\/www.primor.eu\/es_es\/olay-serum-de-dia-vitamina-c-aha24-17678.html'>\r\n        <img loading='async' src='https:\/\/cdn2.primor.eu\/media\/catalog\/product\/cache\/8d3aba296f7a18b5251ee30fa5db42b2\/0\/8\/08006540328576_80826403_ECOMMERCE_CONTENT_ECOMMERCE_POWER_IMAGE_FRONT_CENTER_20_5ace.jpg' alt='COMPRAR AHORA'>\r\n            <div class=\"claim\">\r\n                COMPRAR AHORA            <\/div>\r\n        <\/a>\r\n    \n\n\n\n<h3 class=\"wp-block-heading\">S\u00e9rum Facial Vitamina C de IDC Institute<\/h3>\n\n\n\n<p>Serum facial con vitamina C, niacinamida, \u00e1cido hialur\u00f3nico y extractos de plantas. Previene la formaci\u00f3n de manchas y mejora el aspecto de la piel, proporciona hidrataci\u00f3n e ilumina. Formulado sin parabenos, sin sulfatos y sin alcohol. Hipoalerg\u00e9nico, cruelty free.<\/p>\n\n\n    <a class='product' target='_blank' href='https:\/\/www.primor.eu\/es_es\/idc-institute-serum-facial-vitamina-c-17836.html'>\r\n        <img loading='async' src='https:\/\/cdn2.primor.eu\/media\/catalog\/product\/cache\/8d3aba296f7a18b5251ee30fa5db42b2\/0\/T\/0TF21993_1_a595.jpg' alt='COMPRAR AHORA'>\r\n            <div class=\"claim\">\r\n                COMPRAR AHORA            <\/div>\r\n        <\/a>\r\n    \n\n\n\n<h3 class=\"wp-block-heading\">S\u00e9rum Antimanchas Tratamiento Intensivo de Beauty Drops<\/h3>\n\n\n\n<p><strong>S\u00e9rum antimanchas<\/strong> que contiene vitamina C y Melavoid, mejora la textura de la piel, <strong>reduce el tono desigual<\/strong>, <strong>las manchas<\/strong> oscuras y neutraliza las sombras.<\/p>\n\n\n\n<ul class=\"wp-block-list\">\n<li>El <strong>Melavoid<\/strong> es un ingrediente activo natural que <strong>unifica el tono de la piel<\/strong>, reduciendo los puntos problem\u00e1ticos de hiperpigmentaci\u00f3n.<\/li>\n\n\n\n<li>La<strong> Vitamina C <\/strong>revitaliza, ilumina, <strong>reduce el tono desigual de la piel<\/strong>, protege contra los radicales libres y es antioxidante.<\/li>\n<\/ul>\n\n\n    <a class='product' target='_blank' href='https:\/\/www.primor.eu\/es_es\/beauty-drops-serum-antimanchas-tratamiento-intensivo-76048.html'>\r\n        <img loading='async' src='https:\/\/cdn2.primor.eu\/media\/catalog\/product\/cache\/8d3aba296f7a18b5251ee30fa5db42b2\/s\/e\/serum_anti_manchas_tratamiento_intensivo_0218.jpg' alt='COMPRAR AHORA'>\r\n            <div class=\"claim\">\r\n                COMPRAR AHORA            <\/div>\r\n        <\/a>\r\n    \n\n\n\n<h3 class=\"wp-block-heading\">Skin Active Vitamina C Serum Iluminador de Garnier<\/h3>\n\n\n\n<p>La Vitamina C es antioxidante, ilumina la piel y unifica el tono. La Niacinamida, antioxidante, mejora la acci\u00f3n barrera de la piel, regula la producci\u00f3n de sebo y reduce las rojeces y la hiperpigmentaci\u00f3n. El \u00c1cido Salic\u00edlico ilumina la piel, controla la producci\u00f3n de sebo y es exfoliante, antimicrobiano y antiinflamatorio.<\/p>\n\n\n    <a class='product' target='_blank' href='https:\/\/www.primor.eu\/es_es\/garnier-skin-active-vitamina-c-serum-iluminador-17740.html'>\r\n        <img loading='async' src='https:\/\/cdn2.primor.eu\/media\/catalog\/product\/cache\/8d3aba296f7a18b5251ee30fa5db42b2\/3\/6\/3600542453165_G_7303.jpg' alt='COMPRAR AHORA'>\r\n            <div class=\"claim\">\r\n                COMPRAR AHORA            <\/div>\r\n        <\/a>\r\n    \n\n\n\n<h3 class=\"wp-block-heading\">Serum Antiedad 20% Vitamina C de Biov\u00e8ne<\/h3>\n\n\n\n<p>Los antioxidantes, como la vitamina C, ayudan a combatir el da\u00f1o ocasionado por el sol, adem\u00e1s de aportar suavidad, brillo y firmeza. Tambi\u00e9n est\u00e1 enriquecido con otros ingredientes de alta calidad, como \u00e1cido hialur\u00f3nico, pantenol, \u00e1cido fer\u00falico y vitamina E.<\/p>\n\n\n    <a class='product' target='_blank' href='https:\/\/www.primor.eu\/es_es\/biovene-serum-antiedad-20-vitamina-c-15204.html'>\r\n        <img loading='async' src='https:\/\/cdn2.primor.eu\/media\/catalog\/product\/cache\/8d3aba296f7a18b5251ee30fa5db42b2\/8\/4\/8436575090085_1.1.1_VITAMIN_C__20__BV_VIS18_8cd8.jpg' alt='COMPRAR AHORA'>\r\n            <div class=\"claim\">\r\n                COMPRAR AHORA            <\/div>\r\n        <\/a>\r\n    \n\n\n\n<h3 class=\"wp-block-heading\">Skin Glow Serum de Ojos Vitamina C &amp; Ceramidas de Glow<\/h3>\n\n\n\n<p>\u00a1Prep\u00e1rate para brillar con el Suero Glow Skin Glow Eye! Enriquecido con vitamina C y ceramidas, este suero iluminador te har\u00e1 brillar por dentro y por fuera. \u00a1Es hora de expresarte y disfrutar de tu resplandor!<\/p>\n\n\n    <a class='product' target='_blank' href='https:\/\/www.primor.eu\/es_es\/glow-skin-glow-serum-de-ojos-vitamina-c-ceramidas-128823.html'>\r\n        <img loading='async' src='https:\/\/cdn2.primor.eu\/media\/catalog\/product\/cache\/8d3aba296f7a18b5251ee30fa5db42b2\/8\/f\/8f4be52d14daff2d142282d755811ef7cf3c287d.png_9d90.jpeg' alt='COMPRAR AHORA'>\r\n            <div class=\"claim\">\r\n                COMPRAR AHORA            <\/div>\r\n        <\/a>\r\n    \n\n\n\n<h3 class=\"wp-block-heading\">Boost Serum Vitamina C de Dirty Works<\/h3>\n\n\n\n<p>Ha sido formulado con una combinaci\u00f3n de vitamina C y col\u00e1geno que contribuye a mejorar visiblemente el aspecto de la piel. Gracias a su textura ligera, el Boost Serum Vitamina C de DIRTY WORKS se absorbe f\u00e1cilmente y favorece la hidrataci\u00f3n.<\/p>\n\n\n    <a class='product' target='_blank' href='https:\/\/www.primor.eu\/es_es\/dirty-works-boost-serum-vitamina-c-130790.html'>\r\n        <img loading='async' src='https:\/\/cdn2.primor.eu\/media\/catalog\/product\/cache\/8d3aba296f7a18b5251ee30fa5db42b2\/_\/s\/_serum_dirty_8c42.jpg' alt='COMPRAR AHORA'>\r\n            <div class=\"claim\">\r\n                COMPRAR AHORA            <\/div>\r\n        <\/a>\r\n    \n\n\n\n<h3 class=\"wp-block-heading\">Glowing Serum Facial Vitamina C Ascorbyl Tetraisopalmitate 5% de Nacomi<\/h3>\n\n\n\n<p>Contiene una forma estable de vitamina C que act\u00faa como potente antioxidante, combatiendo los efectos del envejecimiento. Estimula la producci\u00f3n de col\u00e1geno y elastina, reduciendo las arrugas y reafirmando la piel. Adem\u00e1s, ilumina la tez, reduce la decoloraci\u00f3n y unifica el tono de la piel para un aspecto m\u00e1s uniforme y luminoso.<\/p>\n\n\n    <a class='product' target='_blank' href='https:\/\/www.primor.eu\/es_es\/nacomi-glowing-serum-facial-vitamina-c-ascorbyl-tetraisopalmitate-5-98941.html'>\r\n        <img loading='async' src='https:\/\/cdn2.primor.eu\/media\/catalog\/product\/cache\/8d3aba296f7a18b5251ee30fa5db42b2\/W\/i\/Witamina_C___Ascorbyl_Tetraisopalmitate_5__30_ml_5902539721645_901d.png' alt='COMPRAR AHORA'>\r\n            <div class=\"claim\">\r\n                COMPRAR AHORA            <\/div>\r\n        <\/a>\r\n    \n\n\n\n<h3 class=\"wp-block-heading\">Cellmazing S\u00e9rum Iluminador con Vitamina C de Torriden<\/h3>\n\n\n\n<p>Est\u00e1 formulado con vitamina C, pantenol y \u00e1cido hialur\u00f3nico, componentes que act\u00faan sobre las manchas, el tono irregular y los poros visibles. La textura ligera del Cellmazing S\u00e9rum Iluminador con Vitamina C de TORRIDEN facilita su absorci\u00f3n, permitiendo una hidrataci\u00f3n eficaz y una mejora en la elasticidad de la piel.<\/p>\n\n\n    <a class='product' target='_blank' href='https:\/\/www.primor.eu\/es_es\/torriden-cellmazing-ampolla-iluminadora-con-vitamina-c-128773.html'>\r\n        <img loading='async' src='https:\/\/cdn2.primor.eu\/media\/catalog\/product\/cache\/8d3aba296f7a18b5251ee30fa5db42b2\/8\/8\/8809784602002_e366.jpg' alt='COMPRAR AHORA'>\r\n            <div class=\"claim\">\r\n                COMPRAR AHORA            <\/div>\r\n        <\/a>\r\n    \n\n\n\n<h3 class=\"wp-block-heading\">C-Vit Liposomal Serum de Sesderma<\/h3>\n\n\n\n<p>S\u00e9rum formulado con vitamina C de m\u00e1xima actividad antioxidante, hidratante, antiarrugas e iluminador que devuelve a tu piel su vitalidad y luz natural. La vitamina C en tu piel se transforma en luz. Este s\u00e9rum combate el fotoenvejecimiento y aporta una inyecci\u00f3n de luz a la piel. Su efecto es el de un potente antioxidante que disminuye las arrugas y aumenta la firmeza.<\/p>\n\n\n    <a class='product' target='_blank' href='https:\/\/www.primor.eu\/es_es\/sesderma-c-vit-liposomal-serum-14421.html'>\r\n        <img loading='async' src='https:\/\/cdn2.primor.eu\/media\/catalog\/product\/cache\/8d3aba296f7a18b5251ee30fa5db42b2\/8\/4\/8429979355355_fa96.png' alt='COMPRAR AHORA'>\r\n            <div class=\"claim\">\r\n                COMPRAR AHORA            <\/div>\r\n        <\/a>\r\n    \n\n\n\n<h3 class=\"wp-block-heading\">S\u00e9rum Facial Vitamina C Plankton de Miraculum<\/h3>\n\n\n\n<p>El s\u00e9rum facial con vitamina C y extracto de plancton es una poderosa concentraci\u00f3n de componentes terap\u00e9uticos puros de origen vegetal y activo. Proporciona una revitalizaci\u00f3n fenomenal de la piel.<\/p>\n\n\n\n<p>\u00bfPor qu\u00e9 funciona?<\/p>\n\n\n\n<p>Vitamina C: es uno de los componentes antienvejecimiento m\u00e1s conocidos que ilumina la tez y unifica el tono de la piel.<\/p>\n\n\n\n<p>ASTAPLANKTON: rico en ASTAXANTINA es el antioxidante natural m\u00e1s fuerte, con potentes propiedades hidratantes, mejora la firmeza y elasticidad de la piel y la protege contra el fotoenvejecimiento.<\/p>\n\n\n\n<p>HIDROLATO DE NARANJA: ayuda a calmar, relajar y suavizar la piel. \u00c1cido hialur\u00f3nico: hidrata en profundidad, suaviza y mejora visiblemente la firmeza y la elasticidad.<\/p>\n\n\n    <a class='product' target='_blank' href='https:\/\/www.primor.eu\/es_es\/miraculum-serum-facial-vitamina-c-plankton-16868.html'>\r\n        <img loading='async' src='https:\/\/cdn2.primor.eu\/media\/catalog\/product\/cache\/8d3aba296f7a18b5251ee30fa5db42b2\/0\/T\/0TF20356_1_502f.jpg' alt='COMPRAR AHORA'>\r\n            <div class=\"claim\">\r\n                COMPRAR AHORA            <\/div>\r\n        <\/a>\r\n    \n\n\n\n<h3 class=\"wp-block-heading\">S\u00e9rum con Vitamina C de Evoluderm<\/h3>\n\n\n\n<p>El extracto de naranja act\u00faa como un tonificante, el \u00e1cido hialur\u00f3nico redensifica la piel y la vitamina C hidrata, unifica y protege la piel en un solo paso.<\/p>\n\n\n\n<p>Su textura aterciopelada con un aroma energizante deja la piel suave y luminosa: \u00a1un brillo saludable garantizado! Con este tratamiento, desde la ma\u00f1ana tus rasgos estar\u00e1n descansados, los signos de fatiga se habr\u00e1n desvanecido y estr\u00e1s listo\/a para afrontar un nuevo d\u00eda con una tez radiante.<\/p>\n\n\n    <a class='product' target='_blank' href='https:\/\/www.primor.eu\/es_es\/evoluderm-serum-con-vitamina-c-86838.html'>\r\n        <img loading='async' src='https:\/\/cdn2.primor.eu\/media\/catalog\/product\/cache\/8d3aba296f7a18b5251ee30fa5db42b2\/S\/E\/SERUM_VITAMINE_C_30ML_FLACON_b365.jpg' alt='COMPRAR AHORA'>\r\n            <div class=\"claim\">\r\n                COMPRAR AHORA            <\/div>\r\n        <\/a>\r\n    \n\n\n<div class=\"kk-star-ratings kksr-auto kksr-align-center kksr-valign-bottom\"\n    data-payload='{&quot;align&quot;:&quot;center&quot;,&quot;id&quot;:&quot;38152&quot;,&quot;slug&quot;:&quot;default&quot;,&quot;valign&quot;:&quot;bottom&quot;,&quot;ignore&quot;:&quot;&quot;,&quot;reference&quot;:&quot;auto&quot;,&quot;class&quot;:&quot;&quot;,&quot;count&quot;:&quot;18&quot;,&quot;legendonly&quot;:&quot;&quot;,&quot;readonly&quot;:&quot;&quot;,&quot;score&quot;:&quot;3.3&quot;,&quot;starsonly&quot;:&quot;&quot;,&quot;best&quot;:&quot;5&quot;,&quot;gap&quot;:&quot;5&quot;,&quot;greet&quot;:&quot;Valora este art\u00edculo&quot;,&quot;legend&quot;:&quot;3.3\\\/5 - (18 votos)&quot;,&quot;size&quot;:&quot;24&quot;,&quot;title&quot;:&quot;Los 20 mejores s\u00e9rums con vitamina C del 2026&quot;,&quot;width&quot;:&quot;93.2&quot;,&quot;_legend&quot;:&quot;{score}\\\/{best} - ({count} {votes})&quot;,&quot;font_factor&quot;:&quot;1.25&quot;}'>\n            \n<div class=\"kksr-stars\">\n    \n<div class=\"kksr-stars-inactive\">\n            <div class=\"kksr-star\" data-star=\"1\" style=\"padding-right: 5px\">\n            \n\n<div class=\"kksr-icon\" style=\"width: 24px; height: 24px;\"><\/div>\n        <\/div>\n            <div class=\"kksr-star\" data-star=\"2\" style=\"padding-right: 5px\">\n            \n\n<div class=\"kksr-icon\" style=\"width: 24px; height: 24px;\"><\/div>\n        <\/div>\n            <div class=\"kksr-star\" data-star=\"3\" style=\"padding-right: 5px\">\n            \n\n<div class=\"kksr-icon\" style=\"width: 24px; height: 24px;\"><\/div>\n        <\/div>\n            <div class=\"kksr-star\" data-star=\"4\" style=\"padding-right: 5px\">\n            \n\n<div class=\"kksr-icon\" style=\"width: 24px; height: 24px;\"><\/div>\n        <\/div>\n            <div class=\"kksr-star\" data-star=\"5\" style=\"padding-right: 5px\">\n            \n\n<div class=\"kksr-icon\" style=\"width: 24px; height: 24px;\"><\/div>\n        <\/div>\n    <\/div>\n    \n<div class=\"kksr-stars-active\" style=\"width: 93.2px;\">\n            <div class=\"kksr-star\" style=\"padding-right: 5px\">\n            \n\n<div class=\"kksr-icon\" style=\"width: 24px; height: 24px;\"><\/div>\n        <\/div>\n            <div class=\"kksr-star\" style=\"padding-right: 5px\">\n            \n\n<div class=\"kksr-icon\" style=\"width: 24px; height: 24px;\"><\/div>\n        <\/div>\n            <div class=\"kksr-star\" style=\"padding-right: 5px\">\n            \n\n<div class=\"kksr-icon\" style=\"width: 24px; height: 24px;\"><\/div>\n        <\/div>\n            <div class=\"kksr-star\" style=\"padding-right: 5px\">\n            \n\n<div class=\"kksr-icon\" style=\"width: 24px; height: 24px;\"><\/div>\n        <\/div>\n            <div class=\"kksr-star\" style=\"padding-right: 5px\">\n            \n\n<div class=\"kksr-icon\" style=\"width: 24px; height: 24px;\"><\/div>\n        <\/div>\n    <\/div>\n<\/div>\n                \n\n<div class=\"kksr-legend\" style=\"font-size: 19.2px;\">\n            3.3\/5 - (18 votos)    <\/div>\n    <\/div>\n","protected":false},"excerpt":{"rendered":"<p>Probablemente en m\u00e1s de una ocasi\u00f3n hayas oido hablar de los s\u00e9rums con vitamina C. Es un producto muy usado en el mundo de la belleza y, sobre todo, muy recomendado por especialistas y quienes lo usan. Y es que no es para menos, es un producto muy f\u00e1cil de usar, c\u00f3modo, y que tiene [&hellip;]<\/p>\n","protected":false},"author":14,"featured_media":112764,"comment_status":"open","ping_status":"open","sticky":false,"template":"","format":"standard","meta":{"jnews-multi-image_gallery":[],"jnews_single_post":{"subtitle":"","format":"standard","video":"","gallery":"","source_name":"","source_url":"","via_name":"","via_url":"","override_template":"0","override":[{"template":"1","single_blog_custom":"","parallax":"1","fullscreen":"1","layout":"right-sidebar","sidebar":"home-2","second_sidebar":"default-sidebar","sticky_sidebar":"0","share_position":"float","share_float_style":"share-monocrhome","show_share_counter":"1","show_view_counter":"1","show_featured":"1","show_post_meta":"1","show_post_author":"0","show_post_author_image":"1","show_post_date":"1","post_date_format":"default","post_date_format_custom":"Y\/m\/d","show_post_category":"1","show_post_reading_time":"0","post_reading_time_wpm":"300","show_zoom_button":"0","zoom_button_out_step":"2","zoom_button_in_step":"3","show_post_tag":"0","show_prev_next_post":"1","show_popup_post":"1","number_popup_post":"2","show_author_box":"0","show_post_related":"0","show_inline_post_related":"0"}],"override_image_size":"0","image_override":[{"single_post_thumbnail_size":"crop-500","single_post_gallery_size":"crop-500"}],"trending_post":"0","trending_post_position":"meta","trending_post_label":"Trending","sponsored_post":"0","sponsored_post_label":"Sponsored by","sponsored_post_name":"","sponsored_post_url":"","sponsored_post_logo_enable":"0","sponsored_post_logo":"","sponsored_post_desc":"","disable_ad":"0"},"jnews_primary_category":{"id":"","hide":""},"jnews_social_meta":{"fb_title":"","fb_description":"","fb_image":"","twitter_title":"","twitter_description":"","twitter_image":""},"jnews_override_counter":{"override_view_counter":"0","view_counter_number":"0","override_share_counter":"0","share_counter_number":"0","override_like_counter":"0","like_counter_number":"0","override_dislike_counter":"0","dislike_counter_number":"0"},"footnotes":""},"categories":[29],"tags":[],"class_list":["post-38152","post","type-post","status-publish","format-standard","has-post-thumbnail","hentry","category-cosmetica"],"_links":{"self":[{"href":"https:\/\/www.primor.eu\/blog\/wp-json\/wp\/v2\/posts\/38152","targetHints":{"allow":["GET"]}}],"collection":[{"href":"https:\/\/www.primor.eu\/blog\/wp-json\/wp\/v2\/posts"}],"about":[{"href":"https:\/\/www.primor.eu\/blog\/wp-json\/wp\/v2\/types\/post"}],"author":[{"embeddable":true,"href":"https:\/\/www.primor.eu\/blog\/wp-json\/wp\/v2\/users\/14"}],"replies":[{"embeddable":true,"href":"https:\/\/www.primor.eu\/blog\/wp-json\/wp\/v2\/comments?post=38152"}],"version-history":[{"count":22,"href":"https:\/\/www.primor.eu\/blog\/wp-json\/wp\/v2\/posts\/38152\/revisions"}],"predecessor-version":[{"id":138010,"href":"https:\/\/www.primor.eu\/blog\/wp-json\/wp\/v2\/posts\/38152\/revisions\/138010"}],"wp:featuredmedia":[{"embeddable":true,"href":"https:\/\/www.primor.eu\/blog\/wp-json\/wp\/v2\/media\/112764"}],"wp:attachment":[{"href":"https:\/\/www.primor.eu\/blog\/wp-json\/wp\/v2\/media?parent=38152"}],"wp:term":[{"taxonomy":"category","embeddable":true,"href":"https:\/\/www.primor.eu\/blog\/wp-json\/wp\/v2\/categories?post=38152"},{"taxonomy":"post_tag","embeddable":true,"href":"https:\/\/www.primor.eu\/blog\/wp-json\/wp\/v2\/tags?post=38152"}],"curies":[{"name":"wp","href":"https:\/\/api.w.org\/{rel}","templated":true}]}}