{"id":38024,"date":"2025-05-17T15:55:08","date_gmt":"2025-05-17T15:55:08","guid":{"rendered":"https:\/\/blog.primor.eu\/?p=38024"},"modified":"2026-01-29T08:52:57","modified_gmt":"2026-01-29T08:52:57","slug":"mejores-champus-hidratantes","status":"publish","type":"post","link":"https:\/\/www.primor.eu\/blog\/mejores-champus-hidratantes\/","title":{"rendered":"Los 11 mejores champ\u00fas hidratantes en 2026 para un pelo bonito"},"content":{"rendered":"\n<p>Conseguir un pelo fuerte, sano y brillante es cuesti\u00f3n de constancia y esfuerzo. Las fuentes de calor son uno de los principales agentes da\u00f1inos del cabello ya que lo queman, hacen que se rompa f\u00e1cilmente resec\u00e1ndolo y a su vez se cae con m\u00e1s facilidad ya que el cuero cabelludo tambi\u00e9n se resiente. Usar un champ\u00fa hidratante al menos una o dos veces por semana es un paso a seguir para <strong>recuperar los cabellos secos y apagados<\/strong> y, por supuesto, recuperar la salud del <a href=\"https:\/\/www.primor.eu\/blog\/champu-para-cuero-cabelludo-sensible\/\">cuero cabelludo<\/a>. Hoy te contamos cu\u00e1les son los mejores champ\u00fas hidratantes.<\/p>\n\n\n\n<h2 class=\"wp-block-heading\">\u00bfC\u00f3mo actuar ante un cabello seco y da\u00f1ado?<\/h2>\n\n\n\n<p>Un buen champ\u00fa hidratante no solo nos ayuda a recuperar la hidrataci\u00f3n del cabello, tambi\u00e9n del cuero cabelludo, lo que es muy importante para evitar otros problemas derivados como pueden ser la caspa. Sin embargo, en esta zona tambi\u00e9n es necesario acompa\u00f1ar el proceso <strong>evitando fuentes de calor como el secador, las planchas<\/strong> y, sobre todo, las duchas con agua caliente (o hirviendo, en algunos casos).<\/p>\n\n\n\n<p>En el caso del pelo, debemos <strong>prestar especial atenci\u00f3n durante el lavado a la zona de las ra\u00edces. <\/strong>Aunque el resto del cabello tambi\u00e9n es importante, es mejor dejar las puntas para hidratarlas con la mascarilla o el acondicionador ya que es una de las zonas donde m\u00e1s se nota la sequedad y, adem\u00e1s, simplemente el jab\u00f3n que cae del champ\u00fa es suficiente para limpiarlas.<\/p>\n\n\n\n<p>Es recomendable <strong>acompa\u00f1ar siempre un buen champ\u00fa hidratante con una mascarilla<\/strong> que hidrate intensamente tanto las puntas como el resto del cabello. Aunque pueden usarse indistintamente el champ\u00fa y la mascarilla, al menos una vez a la semana debemos usar ambos para una doble acci\u00f3n y unos resultados m\u00e1s brillantes e hidratados, principalmente en las puntas.<\/p>\n\n\n\n<p>Ahora que llega <strong>el verano es una buena \u00e9poca para recuperar el cabello<\/strong>, antes de enfrentarnos a los agentes nocivos como los rayos del sol o el cloro de las piscinas. Aprovecha a lavarlo con agua tibia o incluso fr\u00eda, d\u00e9jalo secar al aire libre y, por supuesto, utiliza un buen champ\u00fa hidratante.<\/p>\n\n\n\n<h2 class=\"wp-block-heading\">Champ\u00fas hidratantes para un pelo sano<\/h2>\n\n\n\n<p>Sigue leyendo y toma nota de estos<strong> champ\u00fas hidratantes de venta en Perfumer\u00edas Primor<\/strong>.<\/p>\n\n\n        <product-table class=\"pr-slider\">\r\n            <product-headers class=\"grid-table-rows\">\r\n                <div>Foto<\/div>\r\n                <div>Producto<\/div>\r\n                <div>Marca<\/div>\r\n                <div>Valoraciones<\/div>\r\n                <div>Precio<\/div>\r\n            <\/product-headers>\r\n\r\n            <product-list>\r\n                                    <a href=\"https:\/\/www.primor.eu\/es_es\/moroccanoil-champu-hidratante-105571.html?#854=66338\" class=\"product-item grid-table-rows\" target=\"_blank\">\r\n                        <div>\r\n                            <img decoding=\"async\" class=\"product-img\" width=\"80px\" height=\"80px\" src=\"https:\/\/cdn2.primor.eu\/media\/catalog\/product\/cache\/8d3aba296f7a18b5251ee30fa5db42b2\/2\/C\/2CC01106_1_28e2.jpg\" alt=\"Champ\u00fa Hidratante\">\r\n                        <\/div>\r\n\r\n                        <!-- Contenido de producto  -->\r\n                        <div>\r\n                            <div class=\"product-position\">\r\n                                #1 Top Ventas                            <\/div>\r\n\r\n                            <h2>\r\n                                Champ\u00fa Hidratante                            <\/h2>\r\n                        <\/div>\r\n\r\n                        <!-- Imagen y\/o nombre de la marca -->\r\n                        <div>\r\n                                                            <img decoding=\"async\" width=\"70\" src=\"https:\/\/www.primor.eu\/media\/catalog\/category\/Moroccanoil_Personalizado_.jpg\" alt=\"Moroccanoil\">\r\n                                                    <\/div>\r\n\r\n                        <!-- Puntuaci\u00f3n del producto  -->\r\n                        <div class=\"rating\">\r\n                                                            <div class=\"rate\" style=\"--p:98;\"><\/div>\r\n                                <b>4.9\/5<\/b>\r\n                                <div class=\"rate-stars\">\r\n                                                                            <div\r\n                                            class=\"rate-star  \">\r\n                                        <\/div>\r\n                                                                            <div\r\n                                            class=\"rate-star  \">\r\n                                        <\/div>\r\n                                                                            <div\r\n                                            class=\"rate-star  \">\r\n                                        <\/div>\r\n                                                                            <div\r\n                                            class=\"rate-star  \">\r\n                                        <\/div>\r\n                                                                            <div\r\n                                            class=\"rate-star  \">\r\n                                        <\/div>\r\n                                                                    <\/div>\r\n                                                    <\/div>\r\n\r\n                        <!-- Bot\u00f3n de producto  -->\r\n                        <div>\r\n                            <span class=\"price-claim\">\r\n                                VER PRECIO                            <\/span>\r\n                        <\/div>\r\n                    <\/a>\r\n                                    <a href=\"https:\/\/www.primor.eu\/es_es\/lola-cosmetics-champu-hidratante-morte-subita-10947.html\" class=\"product-item grid-table-rows\" target=\"_blank\">\r\n                        <div>\r\n                            <img decoding=\"async\" class=\"product-img\" width=\"80px\" height=\"80px\" src=\"https:\/\/cdn2.primor.eu\/media\/catalog\/product\/cache\/8d3aba296f7a18b5251ee30fa5db42b2\/2\/C\/2CC04543_1_c9cb.jpg\" alt=\"Champ\u00fa Hidratante Morte S\u00fabita\">\r\n                        <\/div>\r\n\r\n                        <!-- Contenido de producto  -->\r\n                        <div>\r\n                            <div class=\"product-position\">\r\n                                #2                            <\/div>\r\n\r\n                            <h2>\r\n                                Champ\u00fa Hidratante Morte S\u00fabita                            <\/h2>\r\n                        <\/div>\r\n\r\n                        <!-- Imagen y\/o nombre de la marca -->\r\n                        <div>\r\n                                                            <img decoding=\"async\" width=\"70\" src=\"https:\/\/www.primor.eu\/media\/catalog\/category\/1925_1.jpg\" alt=\"\">\r\n                                                    <\/div>\r\n\r\n                        <!-- Puntuaci\u00f3n del producto  -->\r\n                        <div class=\"rating\">\r\n                                                            <div class=\"rate\" style=\"--p:94;\"><\/div>\r\n                                <b>4.7\/5<\/b>\r\n                                <div class=\"rate-stars\">\r\n                                                                            <div\r\n                                            class=\"rate-star  \">\r\n                                        <\/div>\r\n                                                                            <div\r\n                                            class=\"rate-star  \">\r\n                                        <\/div>\r\n                                                                            <div\r\n                                            class=\"rate-star  \">\r\n                                        <\/div>\r\n                                                                            <div\r\n                                            class=\"rate-star  \">\r\n                                        <\/div>\r\n                                                                            <div\r\n                                            class=\"rate-star  \">\r\n                                        <\/div>\r\n                                                                    <\/div>\r\n                                                    <\/div>\r\n\r\n                        <!-- Bot\u00f3n de producto  -->\r\n                        <div>\r\n                            <span class=\"price-claim\">\r\n                                VER PRECIO                            <\/span>\r\n                        <\/div>\r\n                    <\/a>\r\n                                    <a href=\"https:\/\/www.primor.eu\/es_es\/franck-provost-champu-neutralizante-tonos-amarillos-73962.html\" class=\"product-item grid-table-rows\" target=\"_blank\">\r\n                        <div>\r\n                            <img decoding=\"async\" class=\"product-img\" width=\"80px\" height=\"80px\" src=\"https:\/\/cdn2.primor.eu\/media\/catalog\/product\/cache\/8d3aba296f7a18b5251ee30fa5db42b2\/c\/h\/champu_neutralizante_tonos_amarillos_e41f.jpg\" alt=\"Champ\u00fa Neutralizante Tonos Amarillos\">\r\n                        <\/div>\r\n\r\n                        <!-- Contenido de producto  -->\r\n                        <div>\r\n                            <div class=\"product-position\">\r\n                                #3                            <\/div>\r\n\r\n                            <h2>\r\n                                Champ\u00fa Neutralizante Tonos Amarillos                            <\/h2>\r\n                        <\/div>\r\n\r\n                        <!-- Imagen y\/o nombre de la marca -->\r\n                        <div>\r\n                                                            <img decoding=\"async\" width=\"70\" src=\"https:\/\/www.primor.eu\/media\/catalog\/category\/FRANCK_PROVOST.jpg\" alt=\"\">\r\n                                                    <\/div>\r\n\r\n                        <!-- Puntuaci\u00f3n del producto  -->\r\n                        <div class=\"rating\">\r\n                                                            <p>No hay valoraciones disponibles<\/p>\r\n                                                    <\/div>\r\n\r\n                        <!-- Bot\u00f3n de producto  -->\r\n                        <div>\r\n                            <span class=\"price-claim\">\r\n                                VER PRECIO                            <\/span>\r\n                        <\/div>\r\n                    <\/a>\r\n                                    <a href=\"https:\/\/www.primor.eu\/es_es\/cantu-avocado-champu-clarificante-hidratante-10793.html\" class=\"product-item grid-table-rows\" target=\"_blank\">\r\n                        <div>\r\n                            <img decoding=\"async\" class=\"product-img\" width=\"80px\" height=\"80px\" src=\"https:\/\/cdn2.primor.eu\/media\/catalog\/product\/cache\/8d3aba296f7a18b5251ee30fa5db42b2\/c\/a\/cantu_natural_hydrating_shampoo_400ml_db48.jpg\" alt=\"Avocado Champ\u00fa Clarificante Hidratante\">\r\n                        <\/div>\r\n\r\n                        <!-- Contenido de producto  -->\r\n                        <div>\r\n                            <div class=\"product-position\">\r\n                                #4                            <\/div>\r\n\r\n                            <h2>\r\n                                Avocado Champ\u00fa Clarificante Hidratante                            <\/h2>\r\n                        <\/div>\r\n\r\n                        <!-- Imagen y\/o nombre de la marca -->\r\n                        <div>\r\n                                                            <img decoding=\"async\" width=\"70\" src=\"https:\/\/www.primor.eu\/media\/catalog\/category\/Cantu.jpg\" alt=\"\">\r\n                                                    <\/div>\r\n\r\n                        <!-- Puntuaci\u00f3n del producto  -->\r\n                        <div class=\"rating\">\r\n                                                            <div class=\"rate\" style=\"--p:96;\"><\/div>\r\n                                <b>4.8\/5<\/b>\r\n                                <div class=\"rate-stars\">\r\n                                                                            <div\r\n                                            class=\"rate-star  \">\r\n                                        <\/div>\r\n                                                                            <div\r\n                                            class=\"rate-star  \">\r\n                                        <\/div>\r\n                                                                            <div\r\n                                            class=\"rate-star  \">\r\n                                        <\/div>\r\n                                                                            <div\r\n                                            class=\"rate-star  \">\r\n                                        <\/div>\r\n                                                                            <div\r\n                                            class=\"rate-star  \">\r\n                                        <\/div>\r\n                                                                    <\/div>\r\n                                                    <\/div>\r\n\r\n                        <!-- Bot\u00f3n de producto  -->\r\n                        <div>\r\n                            <span class=\"price-claim\">\r\n                                VER PRECIO                            <\/span>\r\n                        <\/div>\r\n                    <\/a>\r\n                                    <a href=\"https:\/\/www.primor.eu\/es_es\/bc-schwarzkopf-champu-moisture-kick-hidratante-105703.html?#854=66338\" class=\"product-item grid-table-rows\" target=\"_blank\">\r\n                        <div>\r\n                            <img decoding=\"async\" class=\"product-img\" width=\"80px\" height=\"80px\" src=\"https:\/\/cdn2.primor.eu\/media\/catalog\/product\/cache\/8d3aba296f7a18b5251ee30fa5db42b2\/2\/C\/2CC04524_1_a82e.jpg\" alt=\"Champ\u00fa Moisture Kick Hidratante\">\r\n                        <\/div>\r\n\r\n                        <!-- Contenido de producto  -->\r\n                        <div>\r\n                            <div class=\"product-position\">\r\n                                #5                            <\/div>\r\n\r\n                            <h2>\r\n                                Champ\u00fa Moisture Kick Hidratante                            <\/h2>\r\n                        <\/div>\r\n\r\n                        <!-- Imagen y\/o nombre de la marca -->\r\n                        <div>\r\n                                                            <img decoding=\"async\" width=\"70\" src=\"https:\/\/www.primor.eu\/media\/catalog\/category\/BC_Schwarzkopf.jpg\" alt=\"BC Schwarzkopf\">\r\n                                                    <\/div>\r\n\r\n                        <!-- Puntuaci\u00f3n del producto  -->\r\n                        <div class=\"rating\">\r\n                                                            <div class=\"rate\" style=\"--p:66;\"><\/div>\r\n                                <b>3.3\/5<\/b>\r\n                                <div class=\"rate-stars\">\r\n                                                                            <div\r\n                                            class=\"rate-star  \">\r\n                                        <\/div>\r\n                                                                            <div\r\n                                            class=\"rate-star  \">\r\n                                        <\/div>\r\n                                                                            <div\r\n                                            class=\"rate-star  \">\r\n                                        <\/div>\r\n                                                                            <div\r\n                                            class=\"rate-star  \">\r\n                                        <\/div>\r\n                                                                            <div\r\n                                            class=\"rate-star disable \">\r\n                                        <\/div>\r\n                                                                    <\/div>\r\n                                                    <\/div>\r\n\r\n                        <!-- Bot\u00f3n de producto  -->\r\n                        <div>\r\n                            <span class=\"price-claim\">\r\n                                VER PRECIO                            <\/span>\r\n                        <\/div>\r\n                    <\/a>\r\n                            <\/product-list>\r\n        <\/product-table>\r\n\r\n        \n\n\n\n<h3 class=\"wp-block-heading\">Champ\u00fa Hidratante&nbsp;de Moroccanoil <\/h3>\n\n\n\n<p>Hidrata tu melena desde la ra\u00edz hasta las puntas. Es un producto para el cuidado del cabello rico en antioxidantes, Vitamina A, Vitamina E y Algas Rojas. Su exclusiva f\u00f3rmula con Aceite de Arg\u00e1n le devolver\u00e1 el brillo y los nutrientes que tu pelo necesita para que recupere su brillo natural. Su uso continuado fortalece la melena, protegiendo las puntas y d\u00e1ndole un aspecto saludable y muy suave.<\/p>\n\n\n    <a class='product' target='_blank' href='https:\/\/www.primor.eu\/es_es\/moroccanoil-champu-hidratante-105571.html?#854=66338'>\r\n        <img loading='async' src='https:\/\/cdn2.primor.eu\/media\/catalog\/product\/cache\/8d3aba296f7a18b5251ee30fa5db42b2\/2\/C\/2CC01106_1_28e2.jpg' alt='COMPRAR AHORA'>\r\n            <div class=\"claim\">\r\n                COMPRAR AHORA            <\/div>\r\n        <\/a>\r\n    \n\n\n\n<h3 class=\"wp-block-heading\">Champ\u00fa Hidratante Morte S\u00fabita de Lola Cosmetics<\/h3>\n\n\n\n<p>Para cabello da\u00f1ado o te\u00f1ido, as\u00ed es este champ\u00fa hidratante de Lola Cosmetics con extracto de Aloe Vera, aceite de coco y extracto de t\u00e9 verde para volver a un pelo sano e hidratado. Debe masajearse por completo el cabello, desde la ra\u00edz hasta las puntas y repetir el proceso si fuera necesario.<\/p>\n\n\n    <a class='product' target='_blank' href='https:\/\/www.primor.eu\/es_es\/lola-cosmetics-champu-hidratante-morte-subita-10947.html'>\r\n        <img loading='async' src='https:\/\/cdn2.primor.eu\/media\/catalog\/product\/cache\/8d3aba296f7a18b5251ee30fa5db42b2\/2\/C\/2CC04543_1_c9cb.jpg' alt='COMPRAR AHORA'>\r\n            <div class=\"claim\">\r\n                COMPRAR AHORA            <\/div>\r\n        <\/a>\r\n    \n\n\n\n<h3 class=\"wp-block-heading\">Champ\u00fa Neutralizante Tonos Amarillos de Frank Provost<\/h3>\n\n\n\n<p>La preparaci\u00f3n neutraliza los tonos amarillos, gracias a los cuales el color de los sue\u00f1os permanece m\u00e1s tiempo en las hebras. Hidrata y revitaliza el cabello. Les da el brillo adecuado , lo que las hace lucir mejor, suaves y luminosas . Protege contra factores externos nocivos , la contaminaci\u00f3n y la radiaci\u00f3n UV .<\/p>\n\n\n\n<p>La f\u00f3rmula contiene \u00e1cido hialur\u00f3nico , que hace que los hilos se vuelvan sedosos y brillantes. El t\u00e9 blanco tiene un efecto antioxidante y fortalece la ra\u00edz del cabello.<\/p>\n\n\n    <a class='product' target='_blank' href='https:\/\/www.primor.eu\/es_es\/franck-provost-champu-neutralizante-tonos-amarillos-73962.html'>\r\n        <img loading='async' src='https:\/\/cdn2.primor.eu\/media\/catalog\/product\/cache\/8d3aba296f7a18b5251ee30fa5db42b2\/c\/h\/champu_neutralizante_tonos_amarillos_e41f.jpg' alt='COMPRAR AHORA'>\r\n            <div class=\"claim\">\r\n                COMPRAR AHORA            <\/div>\r\n        <\/a>\r\n    \n\n\n\n<h3 class=\"wp-block-heading\">Champ\u00fa Clarificante Hidratante de Cantu Avocado <\/h3>\n\n\n\n<p>Elimina la acumulaci\u00f3n de productos en el cabello dej\u00e1ndolo limpio, suelto y brillante. Formulado con aceite de aguacate protege el cabello de las roturas y disminuye el encrespamiento.<\/p>\n\n\n    <a class='product' target='_blank' href='https:\/\/www.primor.eu\/es_es\/cantu-avocado-champu-clarificante-hidratante-10793.html'>\r\n        <img loading='async' src='https:\/\/cdn2.primor.eu\/media\/catalog\/product\/cache\/8d3aba296f7a18b5251ee30fa5db42b2\/c\/a\/cantu_natural_hydrating_shampoo_400ml_db48.jpg' alt='COMPRAR AHORA'>\r\n            <div class=\"claim\">\r\n                COMPRAR AHORA            <\/div>\r\n        <\/a>\r\n    \n\n\n\n<h3 class=\"wp-block-heading\">Clean Champ\u00fa Moisture Kick Hidratante de Schwarzkopf BC <\/h3>\n\n\n\n<p>Es un champ\u00fa hidratante indicado para cabello normal a seco, quebradizo o rizado. Ayuda a mantener el nivel \u00f3ptimo de hidrataci\u00f3n.<\/p>\n\n\n    <a class='product' target='_blank' href='https:\/\/www.primor.eu\/es_es\/bc-schwarzkopf-champu-moisture-kick-hidratante-105703.html?#854=66338'>\r\n        <img loading='async' src='https:\/\/cdn2.primor.eu\/media\/catalog\/product\/cache\/8d3aba296f7a18b5251ee30fa5db42b2\/2\/C\/2CC04524_1_a82e.jpg' alt='COMPRAR AHORA'>\r\n            <div class=\"claim\">\r\n                COMPRAR AHORA            <\/div>\r\n        <\/a>\r\n    \n\n\n\n<h3 class=\"wp-block-heading\">Dermaxpro Champ\u00fa Hidratante de H&amp;S <\/h3>\n\n\n\n<p>Ayuda a reforzar la barrera natural de la piel y restaura el equilibrio natural del cuero cabelludo, tu pelo se ver\u00e1 hidratado y sin caspa. Su f\u00f3rmula es rica en leche de coco, vitamina E y piroctona olamina.<\/p>\n\n\n    <a class='product' target='_blank' href='https:\/\/www.primor.eu\/es_es\/h-s-dermaxpro-champu-hidratante-57108.html'>\r\n        <img loading='async' src='https:\/\/cdn2.primor.eu\/media\/catalog\/product\/cache\/8d3aba296f7a18b5251ee30fa5db42b2\/0\/8\/08700216613453_80810172_ECOMMERCE_CONTENT_ECOMMERCE_POWER_IMAGE_FRONT_CENTER_30_034f.jpg' alt='COMPRAR AHORA'>\r\n            <div class=\"claim\">\r\n                COMPRAR AHORA            <\/div>\r\n        <\/a>\r\n    \n\n\n\n<h3 class=\"wp-block-heading\">Mono\u00ef \u00e0 la Folie Champ\u00fa Hidratante de Evoluderm<\/h3>\n\n\n\n<p>Champ\u00fa hidratante para cabellos normales a secos Mono\u00ef \u00e0 la Folie de Evoluderm. Enriquecido con Monoi de Tahit\u00ed de Denominaci\u00f3n de Origen y sin silicona. Un verdadero secreto de belleza polinesio, Tahitian Monoi protege el cabello y le devuelve su flexibilidad y brillo. Desde el primer lavado, el cabello se hidrata y realza desde el largo hasta las puntas, y se envuelve delicadamente en una fragancia celestial.<\/p>\n\n\n    <a class='product' target='_blank' href='https:\/\/www.primor.eu\/es_es\/evoluderm-monoi-a-la-folie-champu-hidratante-68863.html'>\r\n        <img loading='async' src='https:\/\/cdn2.primor.eu\/media\/catalog\/product\/cache\/8d3aba296f7a18b5251ee30fa5db42b2\/2\/C\/2CC04682_1_eaa2.jpg' alt='COMPRAR AHORA'>\r\n            <div class=\"claim\">\r\n                COMPRAR AHORA            <\/div>\r\n        <\/a>\r\n    \n\n\n\n<h3 class=\"wp-block-heading\">Champ\u00fa Hidratante con \u00c1cido Hialur\u00f3nico de Ronney<\/h3>\n\n\n\n<p>Champ\u00fa que hidrata fuertemente el cabello. Gracias a su contenido en \u00e1cido hialur\u00f3nico, tu cabello queda mucho m\u00e1s liso y nutrido. Es ideal para cabellos secos y da\u00f1ados.<\/p>\n\n\n    <a class='product' target='_blank' href='https:\/\/www.primor.eu\/es_es\/ronney-champu-hidratante-con-acido-hialuronico-9539.html'>\r\n        <img loading='async' src='https:\/\/cdn2.primor.eu\/media\/catalog\/product\/cache\/8d3aba296f7a18b5251ee30fa5db42b2\/2\/C\/2CC03393_1_1bed.jpg' alt='COMPRAR AHORA'>\r\n            <div class=\"claim\">\r\n                COMPRAR AHORA            <\/div>\r\n        <\/a>\r\n    \n\n\n\n<h3 class=\"wp-block-heading\">Fusion Champ\u00fa Reparaci\u00f3n Intensa de Wella Professionals<\/h3>\n\n\n\n<p>Es un tratamiento hidratante para el cabello seco y da\u00f1ado. Este champ\u00fa reparador est\u00e1 dise\u00f1ado para proteger y desenredar el cabello maltratado. Su f\u00f3rmula compuesta por la Tecnolog\u00eda Silksteel Fusion, combina amino\u00e1cidos de seda y l\u00edpidos micronizados que protegen el cabello de la rotura y aportan suavidad al instante. Disfruta de un cabello m\u00e1s manejable y un acabado sedoso, sin esfuerzo.<\/p>\n\n\n    <a class='product' target='_blank' href='https:\/\/www.primor.eu\/es_es\/wella-fusion-champu-reparacion-intensa-10369.html'>\r\n        <img loading='async' src='https:\/\/cdn2.primor.eu\/media\/catalog\/product\/cache\/8d3aba296f7a18b5251ee30fa5db42b2\/2\/C\/2CC03567_1_5b97.jpg' alt='COMPRAR AHORA'>\r\n            <div class=\"claim\">\r\n                COMPRAR AHORA            <\/div>\r\n        <\/a>\r\n    \n\n\n\n<h3 class=\"wp-block-heading\">Hidrataci\u00f3n Intensa Champ\u00fa de Tresemm\u00e9<\/h3>\n\n\n\n<p>Devuelve la suavidad y vitalidad a tu cabello con TRESemm\u00e9 Hidrataci\u00f3n Intensa. Este champ\u00fa, dise\u00f1ado especialmente para cabellos secos y da\u00f1ados, restablece la hidrataci\u00f3n de manera inmediata, dejando tu melena suave, limpia y perfectamente nutrida. Su f\u00f3rmula con vitamina E act\u00faa profundamente para reparar el cabello desde adentro, proporcionando un brillo saludable y un aspecto impecable, como reci\u00e9n salido de la peluquer\u00eda.<br><\/p>\n\n\n    <a class='product' target='_blank' href='https:\/\/www.primor.eu\/es_es\/tresemme-hidratacion-intensa-champu-105771.html?#863=66863'>\r\n        <img loading='async' src='https:\/\/cdn2.primor.eu\/media\/catalog\/product\/cache\/8d3aba296f7a18b5251ee30fa5db42b2\/5\/0\/50297627_1_6967.jpg' alt='COMPRAR AHORA'>\r\n            <div class=\"claim\">\r\n                COMPRAR AHORA            <\/div>\r\n        <\/a>\r\n    \n\n\n\n<h3 class=\"wp-block-heading\">Champ\u00fa Hidratante Bio y Vegan de Araganour<\/h3>\n\n\n\n<p>Formulado para limpiar suavemente el cuero cabelludo y proporcionar una hidrataci\u00f3n extra gracias a la acci\u00f3n de sus potentes activos hidratantes. Champ\u00fa sin sulfatos ni siliconas.<\/p>\n\n\n\n<p>Principales activos:<\/p>\n\n\n\n<p><strong>Complejo natural de az\u00facares:&nbsp;<\/strong>este activo hidratante de triple acci\u00f3n fortalece la barrera cut\u00e1nea al estimular la s\u00edntesis de ceramidas, rehidrata aumentando la s\u00edntesis de \u00e1cido hialur\u00f3nico en la dermis y epidermis, y previene la degradaci\u00f3n del factor natural de hidrataci\u00f3n (NMF). Adem\u00e1s, homogeniza la hidrataci\u00f3n al favorecer la s\u00edntesis de acuaporinas.<\/p>\n\n\n\n<p><strong>\u00c1cido hialur\u00f3nico:&nbsp;<\/strong>uno de los ingredientes estrella en cosm\u00e9tica, conocido por su alto poder hidratante. Mejora la suavidad, elasticidad y volumen del cabello, facilita el peinado y reduce el encrespamiento al evitar la p\u00e9rdida de humedad.<\/p>\n\n\n    <a class='product' target='_blank' href='https:\/\/www.primor.eu\/es_es\/arganour-champu-hidratante-bio-y-vegan-72255.html'>\r\n        <img loading='async' src='https:\/\/cdn2.primor.eu\/media\/catalog\/product\/cache\/8d3aba296f7a18b5251ee30fa5db42b2\/8\/4\/8435438600973_1_adeb.png' alt='COMPRAR AHORA'>\r\n            <div class=\"claim\">\r\n                COMPRAR AHORA            <\/div>\r\n        <\/a>\r\n    \n\n\n<div class=\"kk-star-ratings kksr-auto kksr-align-center kksr-valign-bottom\"\n    data-payload='{&quot;align&quot;:&quot;center&quot;,&quot;id&quot;:&quot;38024&quot;,&quot;slug&quot;:&quot;default&quot;,&quot;valign&quot;:&quot;bottom&quot;,&quot;ignore&quot;:&quot;&quot;,&quot;reference&quot;:&quot;auto&quot;,&quot;class&quot;:&quot;&quot;,&quot;count&quot;:&quot;55&quot;,&quot;legendonly&quot;:&quot;&quot;,&quot;readonly&quot;:&quot;&quot;,&quot;score&quot;:&quot;4&quot;,&quot;starsonly&quot;:&quot;&quot;,&quot;best&quot;:&quot;5&quot;,&quot;gap&quot;:&quot;5&quot;,&quot;greet&quot;:&quot;Valora este art\u00edculo&quot;,&quot;legend&quot;:&quot;4\\\/5 - (55 votos)&quot;,&quot;size&quot;:&quot;24&quot;,&quot;title&quot;:&quot;Los 11 mejores champ\u00fas hidratantes en 2026 para un pelo bonito&quot;,&quot;width&quot;:&quot;113.5&quot;,&quot;_legend&quot;:&quot;{score}\\\/{best} - ({count} {votes})&quot;,&quot;font_factor&quot;:&quot;1.25&quot;}'>\n            \n<div class=\"kksr-stars\">\n    \n<div class=\"kksr-stars-inactive\">\n            <div class=\"kksr-star\" data-star=\"1\" style=\"padding-right: 5px\">\n            \n\n<div class=\"kksr-icon\" style=\"width: 24px; height: 24px;\"><\/div>\n        <\/div>\n            <div class=\"kksr-star\" data-star=\"2\" style=\"padding-right: 5px\">\n            \n\n<div class=\"kksr-icon\" style=\"width: 24px; height: 24px;\"><\/div>\n        <\/div>\n            <div class=\"kksr-star\" data-star=\"3\" style=\"padding-right: 5px\">\n            \n\n<div class=\"kksr-icon\" style=\"width: 24px; height: 24px;\"><\/div>\n        <\/div>\n            <div class=\"kksr-star\" data-star=\"4\" style=\"padding-right: 5px\">\n            \n\n<div class=\"kksr-icon\" style=\"width: 24px; height: 24px;\"><\/div>\n        <\/div>\n            <div class=\"kksr-star\" data-star=\"5\" style=\"padding-right: 5px\">\n            \n\n<div class=\"kksr-icon\" style=\"width: 24px; height: 24px;\"><\/div>\n        <\/div>\n    <\/div>\n    \n<div class=\"kksr-stars-active\" style=\"width: 113.5px;\">\n            <div class=\"kksr-star\" style=\"padding-right: 5px\">\n            \n\n<div class=\"kksr-icon\" style=\"width: 24px; height: 24px;\"><\/div>\n        <\/div>\n            <div class=\"kksr-star\" style=\"padding-right: 5px\">\n            \n\n<div class=\"kksr-icon\" style=\"width: 24px; height: 24px;\"><\/div>\n        <\/div>\n            <div class=\"kksr-star\" style=\"padding-right: 5px\">\n            \n\n<div class=\"kksr-icon\" style=\"width: 24px; height: 24px;\"><\/div>\n        <\/div>\n            <div class=\"kksr-star\" style=\"padding-right: 5px\">\n            \n\n<div class=\"kksr-icon\" style=\"width: 24px; height: 24px;\"><\/div>\n        <\/div>\n            <div class=\"kksr-star\" style=\"padding-right: 5px\">\n            \n\n<div class=\"kksr-icon\" style=\"width: 24px; height: 24px;\"><\/div>\n        <\/div>\n    <\/div>\n<\/div>\n                \n\n<div class=\"kksr-legend\" style=\"font-size: 19.2px;\">\n            4\/5 - (55 votos)    <\/div>\n    <\/div>\n","protected":false},"excerpt":{"rendered":"<p>Conseguir un pelo fuerte, sano y brillante es cuesti\u00f3n de constancia y esfuerzo. Las fuentes de calor son uno de los principales agentes da\u00f1inos del cabello ya que lo queman, hacen que se rompa f\u00e1cilmente resec\u00e1ndolo y a su vez se cae con m\u00e1s facilidad ya que el cuero cabelludo tambi\u00e9n se resiente. Usar un [&hellip;]<\/p>\n","protected":false},"author":14,"featured_media":111913,"comment_status":"open","ping_status":"open","sticky":false,"template":"","format":"standard","meta":{"jnews-multi-image_gallery":[],"jnews_single_post":{"subtitle":"","format":"standard","video":"","gallery":"","source_name":"","source_url":"","via_name":"","via_url":"","override_template":"0","override":[{"template":"1","single_blog_custom":"","parallax":"1","fullscreen":"1","layout":"right-sidebar","sidebar":"home-2","second_sidebar":"default-sidebar","sticky_sidebar":"0","share_position":"float","share_float_style":"share-monocrhome","show_share_counter":"1","show_view_counter":"1","show_featured":"1","show_post_meta":"1","show_post_author":"0","show_post_author_image":"1","show_post_date":"1","post_date_format":"default","post_date_format_custom":"Y\/m\/d","show_post_category":"1","show_post_reading_time":"0","post_reading_time_wpm":"300","show_zoom_button":"0","zoom_button_out_step":"2","zoom_button_in_step":"3","show_post_tag":"0","show_prev_next_post":"1","show_popup_post":"1","number_popup_post":"2","show_author_box":"0","show_post_related":"0","show_inline_post_related":"0"}],"override_image_size":"0","image_override":[{"single_post_thumbnail_size":"crop-500","single_post_gallery_size":"crop-500"}],"trending_post":"0","trending_post_position":"meta","trending_post_label":"Trending","sponsored_post":"0","sponsored_post_label":"Sponsored by","sponsored_post_name":"","sponsored_post_url":"","sponsored_post_logo_enable":"0","sponsored_post_logo":"","sponsored_post_desc":"","disable_ad":"0"},"jnews_primary_category":{"id":"","hide":""},"jnews_social_meta":{"fb_title":"","fb_description":"","fb_image":"","twitter_title":"","twitter_description":"","twitter_image":""},"jnews_override_counter":{"override_view_counter":"0","view_counter_number":"0","override_share_counter":"0","share_counter_number":"0","override_like_counter":"0","like_counter_number":"0","override_dislike_counter":"0","dislike_counter_number":"0"},"footnotes":""},"categories":[35],"tags":[],"class_list":["post-38024","post","type-post","status-publish","format-standard","has-post-thumbnail","hentry","category-cabello"],"_links":{"self":[{"href":"https:\/\/www.primor.eu\/blog\/wp-json\/wp\/v2\/posts\/38024","targetHints":{"allow":["GET"]}}],"collection":[{"href":"https:\/\/www.primor.eu\/blog\/wp-json\/wp\/v2\/posts"}],"about":[{"href":"https:\/\/www.primor.eu\/blog\/wp-json\/wp\/v2\/types\/post"}],"author":[{"embeddable":true,"href":"https:\/\/www.primor.eu\/blog\/wp-json\/wp\/v2\/users\/14"}],"replies":[{"embeddable":true,"href":"https:\/\/www.primor.eu\/blog\/wp-json\/wp\/v2\/comments?post=38024"}],"version-history":[{"count":25,"href":"https:\/\/www.primor.eu\/blog\/wp-json\/wp\/v2\/posts\/38024\/revisions"}],"predecessor-version":[{"id":138184,"href":"https:\/\/www.primor.eu\/blog\/wp-json\/wp\/v2\/posts\/38024\/revisions\/138184"}],"wp:featuredmedia":[{"embeddable":true,"href":"https:\/\/www.primor.eu\/blog\/wp-json\/wp\/v2\/media\/111913"}],"wp:attachment":[{"href":"https:\/\/www.primor.eu\/blog\/wp-json\/wp\/v2\/media?parent=38024"}],"wp:term":[{"taxonomy":"category","embeddable":true,"href":"https:\/\/www.primor.eu\/blog\/wp-json\/wp\/v2\/categories?post=38024"},{"taxonomy":"post_tag","embeddable":true,"href":"https:\/\/www.primor.eu\/blog\/wp-json\/wp\/v2\/tags?post=38024"}],"curies":[{"name":"wp","href":"https:\/\/api.w.org\/{rel}","templated":true}]}}