{"id":37572,"date":"2022-06-07T12:00:20","date_gmt":"2022-06-07T12:00:20","guid":{"rendered":"https:\/\/blog.primor.eu\/?p=37572"},"modified":"2025-06-30T06:00:42","modified_gmt":"2025-06-30T06:00:42","slug":"propiedades-aceite-de-canamo","status":"publish","type":"post","link":"https:\/\/www.primor.eu\/blog\/propiedades-aceite-de-canamo\/","title":{"rendered":"\u00bfNo conoces las propiedades del aceite de c\u00e1\u00f1amo? Es todo lo que tu piel necesita a diario"},"content":{"rendered":"<p>No podemos negar que nos encantan los productos de cosm\u00e9tica natural y es que est\u00e1 m\u00e1s que comprobado que algunos son tan buenos o m\u00e1s que los qu\u00edmicos. En los \u00faltimos a\u00f1os ha surgido un <strong>boom en la <a href=\"https:\/\/www.primor.eu\/blog\/cremas-con-colageno\/\">cosm\u00e9tica natural<\/a><\/strong> y el uso de ingredientes naturales a petici\u00f3n de <strong>los consumidores que buscan productos m\u00e1s org\u00e1nicos<\/strong> en los que puedan conocer de d\u00f3nde vienen, qu\u00e9 propiedades tienen y en qu\u00e9 nos pueden ayudar en nuestro d\u00eda a d\u00eda.\u00a0El aceite de c\u00e1\u00f1amo es uno de esos ingredientes que se ha puesto de moda en los \u00faltimos a\u00f1os.<\/p>\n<p>\u00bfTodav\u00eda no conoces las <strong>propiedades del aceite de c\u00e1\u00f1amo<\/strong>? Sigue leyendo porque esto te interesa.<\/p>\n<h3>Qu\u00e9 es y d\u00e9 donde viene el aceite de c\u00e1\u00f1amo<\/h3>\n<p>El aceite de c\u00e1\u00f1amo es un producto natural ya que <strong>se extrae de la planta del cannabis<\/strong>, conocida mundialmente por sus propiedades en la medicina como calmante, relajante y con fines terap\u00e9uticos.<\/p>\n<p>Existen numerosos m\u00e9todos para su extracci\u00f3n, como por ejemplo el vapor de agua o el uso de otro tipo de aceites. A su vez, tambi\u00e9n se obtienen diferentes tipos de aceite: el aceite de CBD, el aceite de THC, y por \u00faltimo, el aceite de c\u00e1\u00f1amo, el \u00fanico de los tres que se extrae de las semillas y no de los cogollos de la planta. Esto hace que no tenga fines terap\u00e9uticos pero s\u00ed <strong>es un gran ingrediente en el mundo de la cosm\u00e9tica<\/strong> ya que contiene prote\u00ednas, nutrientes y \u00e1cidos grasos muy beneficiosos para nuestra salud.<\/p>\n<p>Entre sus propiedades destacan su respuesta ante los eccemas, las inflamaciones, la hidrataci\u00f3n y el envejecimiento.<\/p>\n<h3>Propiedades del aceite de c\u00e1\u00f1amo en cosm\u00e9tica<\/h3>\n<ul>\n<li><strong>Hidrata<\/strong> la piel y evita la sequedad de esta<\/li>\n<li>Reduce las rojeces<\/li>\n<li><strong>Calma la piel<\/strong> irritada<\/li>\n<li>Devuelve el brillo natural a la piel<\/li>\n<li>Protege la piel de agentes externos<\/li>\n<li>Previene la aparici\u00f3n de los signos del envejecimiento<\/li>\n<\/ul>\n<p>Toma nota de estos <strong>productos que ya incluyen el aceite de c\u00e1\u00f1am<\/strong>o entre sus ingredientes.<\/p>\n<h4 style=\"text-align: center;\"><a href=\"https:\/\/www.primor.eu\/es_es\/phytorelax-aceite-multiuso-de-ca-amo-18115.html\">Aceite multiuso de C\u00e1\u00f1amo de <strong>PHYTORELAX<\/strong><\/a><\/h4>\n<p>Este aceite multiusos de venta en Perfumer\u00edas Primor contiene propiedades hidratantes y antioxidantes. Se puede aplicar indistintamente para mejorar el cabello, el rostro o la piel del cuerpo siempre masajeando el producto hasta su total absorci\u00f3n.<\/p>\n<p><img decoding=\"async\" class=\"alignnone size-full wp-image-37575 aligncenter\" src=\"\/wp-content\/uploads\/2022\/05\/propiedades-aceite-de-canamo.jpeg\" alt=\"propiedades aceite de can\u0303amo\" width=\"300\" height=\"300\" \/><\/p>\n<p style=\"text-align: center;\"><a href=\"https:\/\/www.primor.eu\/es_es\/phytorelax-aceite-multiuso-de-ca-amo-18115.html\">Aceite multiuso de C\u00e1\u00f1amo de <strong>PHYTORELAX (6,99 \u20ac)<\/strong><\/a><\/p>\n<h4 class=\"product-manufacturer product-manufacturer-head h-sm-down\" style=\"text-align: center;\"><a href=\"https:\/\/www.primor.eu\/es_es\/cameleo-champu-con-aceite-de-ca-amo-10337.html\"><span class=\"product-manufacturer-product-name\">Champ\u00fa con Aceite de C\u00e1\u00f1amo de Cameleo<\/span><\/a><\/h4>\n<p>Un champ\u00fa apto para veganos hidratante, suavizante y que ayuda a desenredar el pelo f\u00e1cilmente. Adem\u00e1s proporciona una gran limpieza dejando una sensaci\u00f3n de frescura instant\u00e1nea. Su ingrediente principal el aceite de c\u00e1\u00f1amo es\u00a0rico en \u00e1cidos grasos Omega 3, 6 y 9, vitaminas y muchos minerales, gracias a estos el cabello recupera un aspecto saludable, con brillo y lleno de vitalidad.<\/p>\n<p><img decoding=\"async\" class=\"alignnone size-full wp-image-37577 aligncenter\" src=\"\/wp-content\/uploads\/2022\/05\/champu-con-aceite-de-canamo.jpeg\" alt=\"propiedades aceite de ca\u00f1amo\" width=\"300\" height=\"300\" \/><\/p>\n<p class=\"product-manufacturer product-manufacturer-head h-sm-down\" style=\"text-align: center;\"><a href=\"https:\/\/www.primor.eu\/es_es\/cameleo-champu-con-aceite-de-ca-amo-10337.html\"><span class=\"product-manufacturer-product-name\">Champ\u00fa con Aceite de C\u00e1\u00f1amo de Cameleo (2,59 \u20ac)<\/span><\/a><\/p>\n<h4 class=\"product-manufacturer product-manufacturer-head h-sm-down\" style=\"text-align: center;\"><a href=\"https:\/\/www.primor.eu\/es_es\/garnier-ca-amo-crema-en-gel-multi-reparadora-13667.html\"><span class=\"product-manufacturer-product-name\">Crema en Gel Multi-Reparadora con Aceite de Semillas de Cannabis Sativa Ecol\u00f3gico y Vitamina E de GARNIER<\/span><\/a><\/h4>\n<p>Esta crema est\u00e1 indicada especialmente para pieles sensibles e irritadas ya que ayuda a repararla calm\u00e1ndola, hidrat\u00e1ndola y rellenando las l\u00edneas de expresi\u00f3n. Contiene nada menos que un 98% de ingredientes naturales en un envase m\u00e1s sostenible. Un producto con certificado ecol\u00f3gico: COSMOS ORGANIC certificado por ECOCERT GREENLIFE seg\u00fan el <em>standard<\/em> COSMOS.<\/p>\n<p style=\"text-align: center;\"><img decoding=\"async\" class=\"alignnone size-full wp-image-37579\" src=\"\/wp-content\/uploads\/2022\/05\/canamo-crema-en-gel-multi-reparadora.jpeg\" alt=\"\" width=\"300\" height=\"300\" \/><\/p>\n<p class=\"product-manufacturer product-manufacturer-head h-sm-down\" style=\"text-align: center;\"><a href=\"https:\/\/www.primor.eu\/es_es\/garnier-ca-amo-crema-en-gel-multi-reparadora-13667.html\"><span class=\"product-manufacturer-product-name\">Crema en Gel Multi-Reparadora con Aceite de Semillas de Cannabis Sativa Ecol\u00f3gico y Vitamina E de GARNIER (7,65 \u20ac)<\/span><\/a><\/p>\n<h4 class=\"product-manufacturer product-manufacturer-head h-sm-down\" style=\"text-align: center;\"><span class=\"product-manufacturer-product-name\">Herbs Aceite de C\u00e1\u00f1amo para Rostro y Cuerpo de <a href=\"https:\/\/www.primor.eu\/es_es\/farmona\">Farmona<\/a><\/span><\/h4>\n<p>Un aceite que nutre e hidrata la piel eliminando sequedades y tiranteces. Adem\u00e1s proporciona protecci\u00f3n contra factores externos como los radicales libres o la contaminaci\u00f3n, a la vez que deja una textura suave ya que tambi\u00e9n contiene manteca de karit\u00e9. Est\u00e1 pensado especialmente en zonas m\u00e1s secas como la cara, manos, rodilla, codos y pies.<\/p>\n<p><img decoding=\"async\" class=\"alignnone size-full wp-image-37581 aligncenter\" src=\"\/wp-content\/uploads\/2022\/05\/herbs-aceite-de-canamo-para-rostro-y-cuerpo.jpeg\" alt=\"\" width=\"300\" height=\"300\" \/><\/p>\n<p class=\"product-manufacturer product-manufacturer-head h-sm-down\" style=\"text-align: center;\"><span class=\"product-manufacturer-product-name\">Herbs Aceite de C\u00e1\u00f1amo para Rostro y Cuerpo de Farmona (2,99 \u20ac)<\/span><\/p>\n<h4 class=\"product-manufacturer product-manufacturer-head h-sm-down\" style=\"text-align: center;\"><a href=\"https:\/\/www.primor.eu\/es_es\/revuele-cbd-hemp-oil-serum-facial-13903.html\"><span class=\"product-manufacturer-product-name\">CBD &amp; Hemp Oil Serum facial de Revuele<\/span><\/a><\/h4>\n<p>Un s\u00e9rum que ayuda a regenerar la piel gracias a ingredientes como el aceite de C\u00e1\u00f1amo y la Vitamina E que son ingredientes humectantes naturales que dejan la piel suave y tersa, evitando que se deshidrate. Se recomienda aplicar entre 3 a 5 gotas sobre la piel limpia y masajear hasta que se absorba.<\/p>\n<p style=\"text-align: center;\"><img decoding=\"async\" class=\"alignnone size-full wp-image-37583\" src=\"\/wp-content\/uploads\/2022\/05\/cbd-hemp-oil-serum-facial.jpeg\" alt=\"\" width=\"300\" height=\"300\" \/><\/p>\n<p class=\"product-manufacturer product-manufacturer-head h-sm-down\" style=\"text-align: center;\"><a href=\"https:\/\/www.primor.eu\/es_es\/revuele-cbd-hemp-oil-serum-facial-13903.html\"><span class=\"product-manufacturer-product-name\">CBD &amp; Hemp Oil Serum facial de Revuele (2,99 \u20ac)<\/span><\/a><\/p>\n<h4 class=\"product-manufacturer product-manufacturer-head h-sm-down\" style=\"text-align: center;\"><a href=\"https:\/\/www.primor.eu\/es_es\/liposan-balsamo-labial-con-aceite-de-semilla-de-ca-amo-y-manteca-de-karite-18110.html\"><span class=\"product-manufacturer-product-name\">B\u00e1lsamo Labial con Aceite de Semilla de C\u00e1\u00f1amo y Manteca de Karit\u00e9 de LIPOSAN<\/span><\/a><\/h4>\n<p>El cl\u00e1sico b\u00e1lsamo labial de Liposan ahora mucho m\u00e1s hidratante gracias a dos grandes ingredientes: el aceite de c\u00e1\u00f1amo y la manteca de karit\u00e9. Naturally Vegan proporciona a los labios 24 horas de hidrataci\u00f3n y suavidad, y cuenta con certificado EcoCert.<\/p>\n<p><img decoding=\"async\" class=\"alignnone size-full wp-image-37586 aligncenter\" src=\"\/wp-content\/uploads\/2022\/05\/balsamo-labial-con-aceite-de-semilla-de-canamo-y-manteca-de-karite.jpeg\" alt=\"\" width=\"300\" height=\"300\" \/><\/p>\n<p class=\"product-manufacturer product-manufacturer-head h-sm-down\" style=\"text-align: center;\"><a href=\"https:\/\/www.primor.eu\/es_es\/liposan-balsamo-labial-con-aceite-de-semilla-de-ca-amo-y-manteca-de-karite-18110.html\"><span class=\"product-manufacturer-product-name\">B\u00e1lsamo Labial con Aceite de Semilla de C\u00e1\u00f1amo y Manteca de Karit\u00e9 de LIPOSAN (3,99 \u20ac)<\/span><\/a><\/p>\n<h4 class=\"product-manufacturer product-manufacturer-head h-sm-down\" style=\"text-align: center;\"><span class=\"product-manufacturer-product-name\">Mascarilla Facial con C\u00e1\u00f1amo y Miel de Abeja Negra de <a href=\"https:\/\/www.primor.eu\/es_es\/farm-to-fresh\">Farm to fresh<\/a>\u00a0<\/span><\/h4>\n<p>La f\u00f3rmula de esta mascarilla facial est\u00e1 inspirada en un antiguo remedio ancestral a base de c\u00e1\u00f1amo que ayuda a hidratar y suavizar la piel, eliminando el estr\u00e9s acumulado a lo largo del d\u00eda. Se debe aplicar una fina capa sobre la piel limpia y seca y dejar entre 10 y 15 minutos. Repetir el proceso entre dos y tres veces a la semana.<\/p>\n<p><img decoding=\"async\" class=\"aligncenter wp-image-37588 size-full\" src=\"\/wp-content\/uploads\/2022\/05\/mascarilla-facial-con-canamo-y-miel-de-abeja-negra.jpeg\" alt=\"propiedades aceite de c\u00e1\u00f1amo\" width=\"300\" height=\"300\" \/><\/p>\n<p class=\"product-manufacturer product-manufacturer-head h-sm-down\" style=\"text-align: center;\"><span class=\"product-manufacturer-product-name\">Mascarilla Facial con C\u00e1\u00f1amo y Miel de Abeja Negra de Farm to fresh (5,95 \u20ac)<\/span><\/p>\n\n\n<div class=\"kk-star-ratings kksr-auto kksr-align-center kksr-valign-bottom\"\n    data-payload='{&quot;align&quot;:&quot;center&quot;,&quot;id&quot;:&quot;37572&quot;,&quot;slug&quot;:&quot;default&quot;,&quot;valign&quot;:&quot;bottom&quot;,&quot;ignore&quot;:&quot;&quot;,&quot;reference&quot;:&quot;auto&quot;,&quot;class&quot;:&quot;&quot;,&quot;count&quot;:&quot;9&quot;,&quot;legendonly&quot;:&quot;&quot;,&quot;readonly&quot;:&quot;&quot;,&quot;score&quot;:&quot;3.2&quot;,&quot;starsonly&quot;:&quot;&quot;,&quot;best&quot;:&quot;5&quot;,&quot;gap&quot;:&quot;5&quot;,&quot;greet&quot;:&quot;Valora este art\u00edculo&quot;,&quot;legend&quot;:&quot;3.2\\\/5 - (9 votos)&quot;,&quot;size&quot;:&quot;24&quot;,&quot;title&quot;:&quot;\u00bfNo conoces las propiedades del aceite de c\u00e1\u00f1amo? Es todo lo que tu piel necesita a diario&quot;,&quot;width&quot;:&quot;90.3&quot;,&quot;_legend&quot;:&quot;{score}\\\/{best} - ({count} {votes})&quot;,&quot;font_factor&quot;:&quot;1.25&quot;}'>\n            \n<div class=\"kksr-stars\">\n    \n<div class=\"kksr-stars-inactive\">\n            <div class=\"kksr-star\" data-star=\"1\" style=\"padding-right: 5px\">\n            \n\n<div class=\"kksr-icon\" style=\"width: 24px; height: 24px;\"><\/div>\n        <\/div>\n            <div class=\"kksr-star\" data-star=\"2\" style=\"padding-right: 5px\">\n            \n\n<div class=\"kksr-icon\" style=\"width: 24px; height: 24px;\"><\/div>\n        <\/div>\n            <div class=\"kksr-star\" data-star=\"3\" style=\"padding-right: 5px\">\n            \n\n<div class=\"kksr-icon\" style=\"width: 24px; height: 24px;\"><\/div>\n        <\/div>\n            <div class=\"kksr-star\" data-star=\"4\" style=\"padding-right: 5px\">\n            \n\n<div class=\"kksr-icon\" style=\"width: 24px; height: 24px;\"><\/div>\n        <\/div>\n            <div class=\"kksr-star\" data-star=\"5\" style=\"padding-right: 5px\">\n            \n\n<div class=\"kksr-icon\" style=\"width: 24px; height: 24px;\"><\/div>\n        <\/div>\n    <\/div>\n    \n<div class=\"kksr-stars-active\" style=\"width: 90.3px;\">\n            <div class=\"kksr-star\" style=\"padding-right: 5px\">\n            \n\n<div class=\"kksr-icon\" style=\"width: 24px; height: 24px;\"><\/div>\n        <\/div>\n            <div class=\"kksr-star\" style=\"padding-right: 5px\">\n            \n\n<div class=\"kksr-icon\" style=\"width: 24px; height: 24px;\"><\/div>\n        <\/div>\n            <div class=\"kksr-star\" style=\"padding-right: 5px\">\n            \n\n<div class=\"kksr-icon\" style=\"width: 24px; height: 24px;\"><\/div>\n        <\/div>\n            <div class=\"kksr-star\" style=\"padding-right: 5px\">\n            \n\n<div class=\"kksr-icon\" style=\"width: 24px; height: 24px;\"><\/div>\n        <\/div>\n            <div class=\"kksr-star\" style=\"padding-right: 5px\">\n            \n\n<div class=\"kksr-icon\" style=\"width: 24px; height: 24px;\"><\/div>\n        <\/div>\n    <\/div>\n<\/div>\n                \n\n<div class=\"kksr-legend\" style=\"font-size: 19.2px;\">\n            3.2\/5 - (9 votos)    <\/div>\n    <\/div>\n","protected":false},"excerpt":{"rendered":"<p>No podemos negar que nos encantan los productos de cosm\u00e9tica natural y es que est\u00e1 m\u00e1s que comprobado que algunos son tan buenos o m\u00e1s que los qu\u00edmicos. En los \u00faltimos a\u00f1os ha surgido un boom en la cosm\u00e9tica natural y el uso de ingredientes naturales a petici\u00f3n de los consumidores que buscan productos m\u00e1s [&hellip;]<\/p>\n","protected":false},"author":4,"featured_media":57609,"comment_status":"open","ping_status":"open","sticky":false,"template":"","format":"standard","meta":{"jnews-multi-image_gallery":[],"jnews_single_post":{"subtitle":"","format":"standard","video":"","gallery":"","source_name":"","source_url":"","via_name":"","via_url":"","override_template":"0","override":[{"template":"1","single_blog_custom":"","parallax":"1","fullscreen":"1","layout":"right-sidebar","sidebar":"home-2","second_sidebar":"default-sidebar","sticky_sidebar":"0","share_position":"float","share_float_style":"share-monocrhome","show_share_counter":"0","show_view_counter":"0","show_featured":"1","show_post_meta":"1","show_post_author":"0","show_post_author_image":"1","show_post_date":"1","post_date_format":"default","post_date_format_custom":"Y\/m\/d","show_post_category":"1","show_post_reading_time":"0","post_reading_time_wpm":"300","show_zoom_button":"0","zoom_button_out_step":"2","zoom_button_in_step":"3","show_post_tag":"0","show_prev_next_post":"0","show_popup_post":"0","number_popup_post":"2","show_author_box":"0","show_post_related":"0","show_inline_post_related":"1"}],"override_image_size":"0","image_override":[{"single_post_thumbnail_size":"no-crop","single_post_gallery_size":"crop-500"}],"trending_post":"0","trending_post_position":"meta","trending_post_label":"Trending","sponsored_post":"0","sponsored_post_label":"Sponsored by","sponsored_post_name":"","sponsored_post_url":"","sponsored_post_logo_enable":"0","sponsored_post_logo":"","sponsored_post_desc":"","disable_ad":"0"},"jnews_primary_category":{"id":"","hide":""},"jnews_social_meta":{"fb_title":"","fb_description":"","fb_image":"","twitter_title":"","twitter_description":"","twitter_image":""},"jnews_override_counter":{"override_view_counter":"0","view_counter_number":"0","override_share_counter":"0","share_counter_number":"0","override_like_counter":"0","like_counter_number":"0","override_dislike_counter":"0","dislike_counter_number":"0"},"footnotes":""},"categories":[4769,151],"tags":[],"class_list":["post-37572","post","type-post","status-publish","format-standard","has-post-thumbnail","hentry","category-aceites","category-corporales"],"_links":{"self":[{"href":"https:\/\/www.primor.eu\/blog\/wp-json\/wp\/v2\/posts\/37572","targetHints":{"allow":["GET"]}}],"collection":[{"href":"https:\/\/www.primor.eu\/blog\/wp-json\/wp\/v2\/posts"}],"about":[{"href":"https:\/\/www.primor.eu\/blog\/wp-json\/wp\/v2\/types\/post"}],"author":[{"embeddable":true,"href":"https:\/\/www.primor.eu\/blog\/wp-json\/wp\/v2\/users\/4"}],"replies":[{"embeddable":true,"href":"https:\/\/www.primor.eu\/blog\/wp-json\/wp\/v2\/comments?post=37572"}],"version-history":[{"count":9,"href":"https:\/\/www.primor.eu\/blog\/wp-json\/wp\/v2\/posts\/37572\/revisions"}],"predecessor-version":[{"id":105521,"href":"https:\/\/www.primor.eu\/blog\/wp-json\/wp\/v2\/posts\/37572\/revisions\/105521"}],"wp:featuredmedia":[{"embeddable":true,"href":"https:\/\/www.primor.eu\/blog\/wp-json\/wp\/v2\/media\/57609"}],"wp:attachment":[{"href":"https:\/\/www.primor.eu\/blog\/wp-json\/wp\/v2\/media?parent=37572"}],"wp:term":[{"taxonomy":"category","embeddable":true,"href":"https:\/\/www.primor.eu\/blog\/wp-json\/wp\/v2\/categories?post=37572"},{"taxonomy":"post_tag","embeddable":true,"href":"https:\/\/www.primor.eu\/blog\/wp-json\/wp\/v2\/tags?post=37572"}],"curies":[{"name":"wp","href":"https:\/\/api.w.org\/{rel}","templated":true}]}}