{"id":37075,"date":"2022-05-12T12:00:56","date_gmt":"2022-05-12T10:00:56","guid":{"rendered":"https:\/\/blog.primor.eu\/?p=37075"},"modified":"2025-05-09T11:20:51","modified_gmt":"2025-05-09T11:20:51","slug":"para-pelo-graso-que-hacer","status":"publish","type":"post","link":"https:\/\/www.primor.eu\/blog\/para-pelo-graso-que-hacer\/","title":{"rendered":"Beauty tips para pelo graso: qu\u00e9 hacer cuando no te aguanta el pelo limpio"},"content":{"rendered":"\n<p>Lavar, secar y planchar el pelo para tener que volver a repetir el mismo proceso al d\u00eda siguiente. Amiga, sabemos perfectamente lo que se siente y no nos gusta nada. Tener el <a href=\"https:\/\/www.primor.eu\/blog\/pelo-graso\/\">pelo graso<\/a> es una de las cosas que menos nos gusta por el efecto visual y la sensaci\u00f3n que nos produce.<\/p>\n\n\n\n<p>Las opiniones siguen siendo <strong>contradictorias respecto al tiempo que debe pasar entre un lavado y otro<\/strong>. Mientras unos dicen que no hay ning\u00fan problema en lavarlo cada d\u00eda, otros expertos aseguran que lo mejor es aguantar lo m\u00e1ximo posible y lavarlo cada 3-4 d\u00edas. Sin embargo, no todas hemos nacido con ese don.<\/p>\n\n\n\n<h2 class=\"wp-block-heading\">Tengo el pelo graso, \u00bfy ahora qu\u00e9 hago?<\/h2>\n\n\n\n<p>Que no cunda el p\u00e1nico, todo tiene soluci\u00f3n por ahora. Cuando el cabello est\u00e1 m\u00e1s graso es porque las gl\u00e1ndulas seb\u00e1ceas de esa persona est\u00e1n m\u00e1s activas, produciendo m\u00e1s grasa de lo normal. Toma nota de estos consejos para lidiar con el cabello graso.<\/p>\n\n\n\n<ul class=\"wp-block-list\">\n<li><strong>Champ\u00fa regulador<\/strong>: lo ideal es aplicar un champ\u00fa que nos ayude a fortalecer la ra\u00edz y mejoren la salud del pelo d\u00e1ndole fuerza y volumen.<\/li>\n\n\n\n<li><strong>Agua tibia<\/strong>: tanto para el cuerpo como para el cabello, el agua caliente no es nada bueno ya que irrita la piel. Lo mismo pasa con el cuero cabelludo, el agua tibia no abre la cut\u00edcula en cantidad, evitando que se da\u00f1e por completo.<\/li>\n\n\n\n<li><strong>Evita los sulfatos<\/strong>: hoy en d\u00eda existen ya muchas opciones de champ\u00fas sin sulfatos ya que estos lo que hacen es limpiarlo en exceso por lo que las gl\u00e1ndulas van a generar de nuevo m\u00e1s sebo para volver a su estado original.<\/li>\n\n\n\n<li><strong>Ingredientes naturales<\/strong>: hay ciertos ingredientes naturales como el jengibre, la cal\u00e9ndula, el tomillo, el lim\u00f3n o el \u00e1rbol de t\u00e9, entre otros, que ayudan a regular la producci\u00f3n de sebo.<\/li>\n<\/ul>\n\n\n\n<h2 class=\"wp-block-heading\">Consejos para el cuidado diario del pelo graso<\/h2>\n\n\n\n<p>Los cabellos grasos necesitan <strong>lavados suaves, sin frotar en exceso<\/strong> para evitar una limpieza agresiva de los aceites naturales de la piel y produciendo as\u00ed m\u00e1s grasa. Tambi\u00e9n es importante <strong>evitar tocarte mucho el cabello a lo largo del d\u00eda<\/strong> ya que eso solo har\u00e1 que se engrase m\u00e1s r\u00e1pido.<\/p>\n\n\n\n<p>Como todo lo que tiene que ver con la piel, <strong>una dieta rica en frutas y verduras es esencial<\/strong> para que nuestro cuerpo est\u00e9 equilibrado, evitando el consumo de tabaco y alcohol. Ficha estos productos que puedes encontrar en Perfumer\u00edas Primor y que son todo lo que necesitas para el pelo graso.<\/p>\n\n\n\n<h2 class=\"wp-block-heading\">Los mejores productos para pelo graso<\/h2>\n\n\n        <product-table class=\"pr-slider\">\r\n            <product-headers class=\"grid-table-rows\">\r\n                <div>Foto<\/div>\r\n                <div>Producto<\/div>\r\n                <div>Marca<\/div>\r\n                <div>Valoraciones<\/div>\r\n                <div>Precio<\/div>\r\n            <\/product-headers>\r\n\r\n            <product-list>\r\n                                    <a href=\"https:\/\/www.primor.eu\/es_es\/ziaja-champu-lavanda-cabello-graso-8638.html\" class=\"product-item grid-table-rows\" target=\"_blank\">\r\n                        <div>\r\n                            <img decoding=\"async\" class=\"product-img\" width=\"80px\" height=\"80px\" src=\"https:\/\/cdn2.primor.eu\/media\/catalog\/product\/cache\/8d3aba296f7a18b5251ee30fa5db42b2\/2\/C\/2CC01155_1_5081.jpg\" alt=\"Champu Lavanda Cabello Graso\">\r\n                        <\/div>\r\n\r\n                        <!-- Contenido de producto  -->\r\n                        <div>\r\n                            <div class=\"product-position\">\r\n                                #1 Top Ventas                            <\/div>\r\n\r\n                            <h2>\r\n                                Champu Lavanda Cabello Graso                            <\/h2>\r\n                        <\/div>\r\n\r\n                        <!-- Imagen y\/o nombre de la marca -->\r\n                        <div>\r\n                                                            <img decoding=\"async\" width=\"70\" src=\"https:\/\/www.primor.eu\/media\/catalog\/category\/logo_ZIAJA.png\" alt=\"\">\r\n                                                    <\/div>\r\n\r\n                        <!-- Puntuaci\u00f3n del producto  -->\r\n                        <div class=\"rating\">\r\n                                                            <div class=\"rate\" style=\"--p:90;\"><\/div>\r\n                                <b>4.5\/5<\/b>\r\n                                <div class=\"rate-stars\">\r\n                                                                            <div\r\n                                            class=\"rate-star  \">\r\n                                        <\/div>\r\n                                                                            <div\r\n                                            class=\"rate-star  \">\r\n                                        <\/div>\r\n                                                                            <div\r\n                                            class=\"rate-star  \">\r\n                                        <\/div>\r\n                                                                            <div\r\n                                            class=\"rate-star  \">\r\n                                        <\/div>\r\n                                                                            <div\r\n                                            class=\"rate-star  middle\">\r\n                                        <\/div>\r\n                                                                    <\/div>\r\n                                                    <\/div>\r\n\r\n                        <!-- Bot\u00f3n de producto  -->\r\n                        <div>\r\n                            <span class=\"price-claim\">\r\n                                VER PRECIO                            <\/span>\r\n                        <\/div>\r\n                    <\/a>\r\n                                    <a href=\"https:\/\/www.primor.eu\/es_es\/batiste-champu-en-seco-original-105576.html?#854=66337\" class=\"product-item grid-table-rows\" target=\"_blank\">\r\n                        <div>\r\n                            <img decoding=\"async\" class=\"product-img\" width=\"80px\" height=\"80px\" src=\"https:\/\/cdn2.primor.eu\/media\/catalog\/product\/cache\/8d3aba296f7a18b5251ee30fa5db42b2\/5\/0\/5010724527481_front_594b.jpg\" alt=\"Champ\u00fa en Seco Original\">\r\n                        <\/div>\r\n\r\n                        <!-- Contenido de producto  -->\r\n                        <div>\r\n                            <div class=\"product-position\">\r\n                                #2                            <\/div>\r\n\r\n                            <h2>\r\n                                Champ\u00fa en Seco Original                            <\/h2>\r\n                        <\/div>\r\n\r\n                        <!-- Imagen y\/o nombre de la marca -->\r\n                        <div>\r\n                                                            <img decoding=\"async\" width=\"70\" src=\"https:\/\/www.primor.eu\/media\/catalog\/category\/BATISTE.jpg\" alt=\"Batiste\">\r\n                                                    <\/div>\r\n\r\n                        <!-- Puntuaci\u00f3n del producto  -->\r\n                        <div class=\"rating\">\r\n                                                            <div class=\"rate\" style=\"--p:94;\"><\/div>\r\n                                <b>4.7\/5<\/b>\r\n                                <div class=\"rate-stars\">\r\n                                                                            <div\r\n                                            class=\"rate-star  \">\r\n                                        <\/div>\r\n                                                                            <div\r\n                                            class=\"rate-star  \">\r\n                                        <\/div>\r\n                                                                            <div\r\n                                            class=\"rate-star  \">\r\n                                        <\/div>\r\n                                                                            <div\r\n                                            class=\"rate-star  \">\r\n                                        <\/div>\r\n                                                                            <div\r\n                                            class=\"rate-star  \">\r\n                                        <\/div>\r\n                                                                    <\/div>\r\n                                                    <\/div>\r\n\r\n                        <!-- Bot\u00f3n de producto  -->\r\n                        <div>\r\n                            <span class=\"price-claim\">\r\n                                VER PRECIO                            <\/span>\r\n                        <\/div>\r\n                    <\/a>\r\n                                    <a href=\"https:\/\/www.primor.eu\/es_es\/agrado-champu-en-seco-105664.html?#748=36593\" class=\"product-item grid-table-rows\" target=\"_blank\">\r\n                        <div>\r\n                            <img decoding=\"async\" class=\"product-img\" width=\"80px\" height=\"80px\" src=\"https:\/\/cdn2.primor.eu\/media\/catalog\/product\/cache\/8d3aba296f7a18b5251ee30fa5db42b2\/2\/C\/2CC03820_1_a3c2.jpg\" alt=\"Champ\u00fa en Seco\">\r\n                        <\/div>\r\n\r\n                        <!-- Contenido de producto  -->\r\n                        <div>\r\n                            <div class=\"product-position\">\r\n                                #3                            <\/div>\r\n\r\n                            <h2>\r\n                                Champ\u00fa en Seco                            <\/h2>\r\n                        <\/div>\r\n\r\n                        <!-- Imagen y\/o nombre de la marca -->\r\n                        <div>\r\n                                                            <img decoding=\"async\" width=\"70\" src=\"https:\/\/www.primor.eu\/media\/catalog\/category\/AGRAD.jpg\" alt=\"Agrado\">\r\n                                                    <\/div>\r\n\r\n                        <!-- Puntuaci\u00f3n del producto  -->\r\n                        <div class=\"rating\">\r\n                                                            <div class=\"rate\" style=\"--p:84;\"><\/div>\r\n                                <b>4.2\/5<\/b>\r\n                                <div class=\"rate-stars\">\r\n                                                                            <div\r\n                                            class=\"rate-star  \">\r\n                                        <\/div>\r\n                                                                            <div\r\n                                            class=\"rate-star  \">\r\n                                        <\/div>\r\n                                                                            <div\r\n                                            class=\"rate-star  \">\r\n                                        <\/div>\r\n                                                                            <div\r\n                                            class=\"rate-star  \">\r\n                                        <\/div>\r\n                                                                            <div\r\n                                            class=\"rate-star  \">\r\n                                        <\/div>\r\n                                                                    <\/div>\r\n                                                    <\/div>\r\n\r\n                        <!-- Bot\u00f3n de producto  -->\r\n                        <div>\r\n                            <span class=\"price-claim\">\r\n                                VER PRECIO                            <\/span>\r\n                        <\/div>\r\n                    <\/a>\r\n                                    <a href=\"https:\/\/www.primor.eu\/es_es\/garnier-original-remedies-arcilla-y-limon-champu-pelo-graso-8675.html\" class=\"product-item grid-table-rows\" target=\"_blank\">\r\n                        <div>\r\n                            <img decoding=\"async\" class=\"product-img\" width=\"80px\" height=\"80px\" src=\"https:\/\/cdn2.primor.eu\/media\/catalog\/product\/cache\/8d3aba296f7a18b5251ee30fa5db42b2\/2\/C\/2CC02908_1_b202.jpg\" alt=\"Original Remedies Arcilla y Lim\u00f3n Champ\u00fa Pelo Graso\">\r\n                        <\/div>\r\n\r\n                        <!-- Contenido de producto  -->\r\n                        <div>\r\n                            <div class=\"product-position\">\r\n                                #4                            <\/div>\r\n\r\n                            <h2>\r\n                                Original Remedies Arcilla y Lim\u00f3n Champ\u00fa Pelo Graso                            <\/h2>\r\n                        <\/div>\r\n\r\n                        <!-- Imagen y\/o nombre de la marca -->\r\n                        <div>\r\n                                                            <img decoding=\"async\" width=\"70\" src=\"https:\/\/www.primor.eu\/media\/catalog\/category\/Garnier.jpg\" alt=\"\">\r\n                                                    <\/div>\r\n\r\n                        <!-- Puntuaci\u00f3n del producto  -->\r\n                        <div class=\"rating\">\r\n                                                            <div class=\"rate\" style=\"--p:94;\"><\/div>\r\n                                <b>4.7\/5<\/b>\r\n                                <div class=\"rate-stars\">\r\n                                                                            <div\r\n                                            class=\"rate-star  \">\r\n                                        <\/div>\r\n                                                                            <div\r\n                                            class=\"rate-star  \">\r\n                                        <\/div>\r\n                                                                            <div\r\n                                            class=\"rate-star  \">\r\n                                        <\/div>\r\n                                                                            <div\r\n                                            class=\"rate-star  \">\r\n                                        <\/div>\r\n                                                                            <div\r\n                                            class=\"rate-star  \">\r\n                                        <\/div>\r\n                                                                    <\/div>\r\n                                                    <\/div>\r\n\r\n                        <!-- Bot\u00f3n de producto  -->\r\n                        <div>\r\n                            <span class=\"price-claim\">\r\n                                VER PRECIO                            <\/span>\r\n                        <\/div>\r\n                    <\/a>\r\n                                    <a href=\"https:\/\/www.primor.eu\/es_es\/green-pharmacy-champu-calendula-para-cabello-normal-y-graso-8162.html\" class=\"product-item grid-table-rows\" target=\"_blank\">\r\n                        <div>\r\n                            <img decoding=\"async\" class=\"product-img\" width=\"80px\" height=\"80px\" src=\"https:\/\/cdn2.primor.eu\/media\/catalog\/product\/cache\/8d3aba296f7a18b5251ee30fa5db42b2\/6\/X\/6XS10582_1_246d.jpg\" alt=\"Champ\u00fa Cal\u00e9ndula para Cabello Normal y Graso\">\r\n                        <\/div>\r\n\r\n                        <!-- Contenido de producto  -->\r\n                        <div>\r\n                            <div class=\"product-position\">\r\n                                #5                            <\/div>\r\n\r\n                            <h2>\r\n                                Champ\u00fa Cal\u00e9ndula para Cabello Normal y Graso                            <\/h2>\r\n                        <\/div>\r\n\r\n                        <!-- Imagen y\/o nombre de la marca -->\r\n                        <div>\r\n                                                            <img decoding=\"async\" width=\"70\" src=\"https:\/\/www.primor.eu\/media\/catalog\/category\/GREEN-PHARMACY.jpg\" alt=\"\">\r\n                                                    <\/div>\r\n\r\n                        <!-- Puntuaci\u00f3n del producto  -->\r\n                        <div class=\"rating\">\r\n                                                            <div class=\"rate\" style=\"--p:98;\"><\/div>\r\n                                <b>4.9\/5<\/b>\r\n                                <div class=\"rate-stars\">\r\n                                                                            <div\r\n                                            class=\"rate-star  \">\r\n                                        <\/div>\r\n                                                                            <div\r\n                                            class=\"rate-star  \">\r\n                                        <\/div>\r\n                                                                            <div\r\n                                            class=\"rate-star  \">\r\n                                        <\/div>\r\n                                                                            <div\r\n                                            class=\"rate-star  \">\r\n                                        <\/div>\r\n                                                                            <div\r\n                                            class=\"rate-star  \">\r\n                                        <\/div>\r\n                                                                    <\/div>\r\n                                                    <\/div>\r\n\r\n                        <!-- Bot\u00f3n de producto  -->\r\n                        <div>\r\n                            <span class=\"price-claim\">\r\n                                VER PRECIO                            <\/span>\r\n                        <\/div>\r\n                    <\/a>\r\n                            <\/product-list>\r\n        <\/product-table>\r\n\r\n        \n\n\n\n<h3 class=\"wp-block-heading\">Champu Lavanda Cabello Graso de Ziaja<\/h3>\n\n\n\n<p>Champu Lavanda Cabello Graso de Ziaja es un champ\u00fa especial para cabellos grasos, enriquecido con extracto de lavanda que limpia el cabello en profundidad.<\/p>\n\n\n    <a class='product' target='_blank' href='https:\/\/www.primor.eu\/es_es\/ziaja-champu-lavanda-cabello-graso-8638.html'>\r\n        <img loading='async' src='https:\/\/cdn2.primor.eu\/media\/catalog\/product\/cache\/8d3aba296f7a18b5251ee30fa5db42b2\/2\/C\/2CC01155_1_5081.jpg' alt='COMPRAR AHORA'>\r\n            <div class=\"claim\">\r\n                COMPRAR AHORA            <\/div>\r\n        <\/a>\r\n    \n\n\n\n<h3 class=\"wp-block-heading\">Champu Seco Tropical de Batiste<\/h3>\n\n\n\n<p>Es un champ\u00fa en seco perfecto para usar entre lavados, proporcion\u00e1ndole al cabello una sensaci\u00f3n de limpieza y frescura. Es ideal para cuando tienes poco tiempo, y para las personas que tienen tendencia a ra\u00edces grasas.<\/p>\n\n\n    <a class='product' target='_blank' href='https:\/\/www.primor.eu\/es_es\/batiste-champu-seco-tropical-8628.html'>\r\n        <img loading='async' src='https:\/\/cdn2.primor.eu\/media\/catalog\/product\/cache\/8d3aba296f7a18b5251ee30fa5db42b2\/5\/0\/5010724527511_front_5700.jpg' alt='COMPRAR AHORA'>\r\n            <div class=\"claim\">\r\n                COMPRAR AHORA            <\/div>\r\n        <\/a>\r\n    \n\n\n\n<h3 class=\"wp-block-heading\">Champ\u00fa en Seco de Agrado<\/h3>\n\n\n\n<p>Le devuelve a tu cabello la limpieza del primer d\u00eda sin necesidad de lavarlo. Ideal para quienes tienen ra\u00edces grasas o para cuando tienes poco tiempo para dedicarle a tu pelo.<\/p>\n\n\n    <a class='product' target='_blank' href='https:\/\/www.primor.eu\/es_es\/agrado-champu-en-seco-105664.html?#748=36593'>\r\n        <img loading='async' src='https:\/\/cdn2.primor.eu\/media\/catalog\/product\/cache\/8d3aba296f7a18b5251ee30fa5db42b2\/2\/C\/2CC03820_1_a3c2.jpg' alt='COMPRAR AHORA'>\r\n            <div class=\"claim\">\r\n                COMPRAR AHORA            <\/div>\r\n        <\/a>\r\n    \n\n\n\n<h3 class=\"wp-block-heading\">Original Remedies Champ\u00fa Purificante Arcilla y Lim\u00f3n Cabello Graso de Garnier<\/h3>\n\n\n\n<p>En tu rutina, es posible mantener una sensaci\u00f3n de frescura por m\u00e1s tiempo, incluso en condiciones de alta humedad o calor. Este champ\u00fa para cabello graso es adecuado para quienes buscan un lavado eficaz sin recurrir a f\u00f3rmulas agresivas.<\/p>\n\n\n    <a class='product' target='_blank' href='https:\/\/www.primor.eu\/es_es\/garnier-original-remedies-arcilla-y-limon-champu-pelo-graso-8675.html'>\r\n        <img loading='async' src='https:\/\/cdn2.primor.eu\/media\/catalog\/product\/cache\/8d3aba296f7a18b5251ee30fa5db42b2\/2\/C\/2CC02908_1_b202.jpg' alt='COMPRAR AHORA'>\r\n            <div class=\"claim\">\r\n                COMPRAR AHORA            <\/div>\r\n        <\/a>\r\n    \n\n\n\n<h3 class=\"wp-block-heading\">Champ\u00fa Cal\u00e9ndula para Cabello Normal y Graso de Green Pharmacy<\/h3>\n\n\n\n<p>Elaborado a partir de extracto de cal\u00e9ndula, es un champ\u00fa para pelo graso que ayuda a prevenir problemas en el cabello y cuero cabelludo. Adem\u00e1s, su f\u00f3rmula neutraliza los radicales libres, fortalece los capilares del cuero cabelludo, previene la caspa y la alopecia, fortifica el cabello, y restaura la salud dej\u00e1ndolo brillante y f\u00e1cil de peinar.<\/p>\n\n\n    <a class='product' target='_blank' href='https:\/\/www.primor.eu\/es_es\/green-pharmacy-champu-calendula-para-cabello-normal-y-graso-8162.html'>\r\n        <img loading='async' src='https:\/\/cdn2.primor.eu\/media\/catalog\/product\/cache\/8d3aba296f7a18b5251ee30fa5db42b2\/6\/X\/6XS10582_1_246d.jpg' alt='COMPRAR AHORA'>\r\n            <div class=\"claim\">\r\n                COMPRAR AHORA            <\/div>\r\n        <\/a>\r\n    \n\n\n\n<h3 class=\"wp-block-heading\">Radical Champ\u00fa Seco Extra Fresco de Farmona<\/h3>\n\n\n\n<p>Limpia y reduce la secreci\u00f3n de sebo sin necesidad de usar agua, convirti\u00e9ndose en la perfecta soluci\u00f3n para el cabello graso. Tambi\u00e9n consigue alargar la frescura del cabello hasta 24 horas. Posee una f\u00f3rmula eficaz enriquecida con Cola de Caballo y extracto de Salvia, con lo que restaura la ligereza del cabello al mismo tiempo que aumenta su volumen.<\/p>\n\n\n    <a class='product' target='_blank' href='https:\/\/www.primor.eu\/es_es\/farmona-radical-champu-seco-extra-fresco-9408.html'>\r\n        <img loading='async' src='https:\/\/cdn2.primor.eu\/media\/catalog\/product\/cache\/8d3aba296f7a18b5251ee30fa5db42b2\/2\/C\/2CC03262_1_6d55.jpg' alt='COMPRAR AHORA'>\r\n            <div class=\"claim\">\r\n                COMPRAR AHORA            <\/div>\r\n        <\/a>\r\n    \n\n\n\n<h3 class=\"wp-block-heading\">Champu Anticaida Grasos de Naturvital<\/h3>\n\n\n\n<p>Es un champ\u00fa de uso frecuente que est\u00e1 indicado para prevenir y detener la ca\u00edda capilar en cabellos grasos. Nutre refuerza el cabello y regula la secreci\u00f3n seb\u00e1cea sin resecar, gracias a su elevado porcentaje de ingredientes naturales, como los extractos de Saw Palmetto, Bardana, Ginseng y Complejo Fitoactivo (obtenido de semillas de Trigo y Soja).<\/p>\n\n\n    <a class='product' target='_blank' href='https:\/\/www.primor.eu\/es_es\/naturvital-champu-anticaida-grasos-8578.html'>\r\n        <img loading='async' src='https:\/\/cdn2.primor.eu\/media\/catalog\/product\/cache\/8d3aba296f7a18b5251ee30fa5db42b2\/8\/4\/8414002079025_16a6.png' alt='COMPRAR AHORA'>\r\n            <div class=\"claim\">\r\n                COMPRAR AHORA            <\/div>\r\n        <\/a>\r\n    \n\n\n<div class=\"kk-star-ratings kksr-auto kksr-align-center kksr-valign-bottom\"\n    data-payload='{&quot;align&quot;:&quot;center&quot;,&quot;id&quot;:&quot;37075&quot;,&quot;slug&quot;:&quot;default&quot;,&quot;valign&quot;:&quot;bottom&quot;,&quot;ignore&quot;:&quot;&quot;,&quot;reference&quot;:&quot;auto&quot;,&quot;class&quot;:&quot;&quot;,&quot;count&quot;:&quot;0&quot;,&quot;legendonly&quot;:&quot;&quot;,&quot;readonly&quot;:&quot;&quot;,&quot;score&quot;:&quot;0&quot;,&quot;starsonly&quot;:&quot;&quot;,&quot;best&quot;:&quot;5&quot;,&quot;gap&quot;:&quot;5&quot;,&quot;greet&quot;:&quot;Valora este art\u00edculo&quot;,&quot;legend&quot;:&quot;0\\\/5 - (0 votos)&quot;,&quot;size&quot;:&quot;24&quot;,&quot;title&quot;:&quot;Beauty tips para pelo graso: qu\u00e9 hacer cuando no te aguanta el pelo limpio&quot;,&quot;width&quot;:&quot;0&quot;,&quot;_legend&quot;:&quot;{score}\\\/{best} - ({count} {votes})&quot;,&quot;font_factor&quot;:&quot;1.25&quot;}'>\n            \n<div class=\"kksr-stars\">\n    \n<div class=\"kksr-stars-inactive\">\n            <div class=\"kksr-star\" data-star=\"1\" style=\"padding-right: 5px\">\n            \n\n<div class=\"kksr-icon\" style=\"width: 24px; height: 24px;\"><\/div>\n        <\/div>\n            <div class=\"kksr-star\" data-star=\"2\" style=\"padding-right: 5px\">\n            \n\n<div class=\"kksr-icon\" style=\"width: 24px; height: 24px;\"><\/div>\n        <\/div>\n            <div class=\"kksr-star\" data-star=\"3\" style=\"padding-right: 5px\">\n            \n\n<div class=\"kksr-icon\" style=\"width: 24px; height: 24px;\"><\/div>\n        <\/div>\n            <div class=\"kksr-star\" data-star=\"4\" style=\"padding-right: 5px\">\n            \n\n<div class=\"kksr-icon\" style=\"width: 24px; height: 24px;\"><\/div>\n        <\/div>\n            <div class=\"kksr-star\" data-star=\"5\" style=\"padding-right: 5px\">\n            \n\n<div class=\"kksr-icon\" style=\"width: 24px; height: 24px;\"><\/div>\n        <\/div>\n    <\/div>\n    \n<div class=\"kksr-stars-active\" style=\"width: 0px;\">\n            <div class=\"kksr-star\" style=\"padding-right: 5px\">\n            \n\n<div class=\"kksr-icon\" style=\"width: 24px; height: 24px;\"><\/div>\n        <\/div>\n            <div class=\"kksr-star\" style=\"padding-right: 5px\">\n            \n\n<div class=\"kksr-icon\" style=\"width: 24px; height: 24px;\"><\/div>\n        <\/div>\n            <div class=\"kksr-star\" style=\"padding-right: 5px\">\n            \n\n<div class=\"kksr-icon\" style=\"width: 24px; height: 24px;\"><\/div>\n        <\/div>\n            <div class=\"kksr-star\" style=\"padding-right: 5px\">\n            \n\n<div class=\"kksr-icon\" style=\"width: 24px; height: 24px;\"><\/div>\n        <\/div>\n            <div class=\"kksr-star\" style=\"padding-right: 5px\">\n            \n\n<div class=\"kksr-icon\" style=\"width: 24px; height: 24px;\"><\/div>\n        <\/div>\n    <\/div>\n<\/div>\n                \n\n<div class=\"kksr-legend\" style=\"font-size: 19.2px;\">\n            <span class=\"kksr-muted\">Valora este art\u00edculo<\/span>\n    <\/div>\n    <\/div>\n","protected":false},"excerpt":{"rendered":"<p>Lavar, secar y planchar el pelo para tener que volver a repetir el mismo proceso al d\u00eda siguiente. Amiga, sabemos perfectamente lo que se siente y no nos gusta nada. Tener el pelo graso es una de las cosas que menos nos gusta por el efecto visual y la sensaci\u00f3n que nos produce. Las opiniones [&hellip;]<\/p>\n","protected":false},"author":4,"featured_media":102264,"comment_status":"open","ping_status":"open","sticky":false,"template":"","format":"standard","meta":{"jnews-multi-image_gallery":[],"jnews_single_post":{"subtitle":"","format":"standard","video":"","gallery":"","source_name":"","source_url":"","via_name":"","via_url":"","override_template":"0","override":[{"template":"1","single_blog_custom":"","parallax":"1","fullscreen":"1","layout":"right-sidebar","sidebar":"home-2","second_sidebar":"default-sidebar","sticky_sidebar":"0","share_position":"float","share_float_style":"share-monocrhome","show_share_counter":"0","show_view_counter":"0","show_featured":"1","show_post_meta":"1","show_post_author":"0","show_post_author_image":"1","show_post_date":"1","post_date_format":"default","post_date_format_custom":"Y\/m\/d","show_post_category":"1","show_post_reading_time":"0","post_reading_time_wpm":"300","show_zoom_button":"0","zoom_button_out_step":"2","zoom_button_in_step":"3","show_post_tag":"0","show_prev_next_post":"0","show_popup_post":"0","number_popup_post":"2","show_author_box":"0","show_post_related":"0","show_inline_post_related":"1"}],"override_image_size":"0","image_override":[{"single_post_thumbnail_size":"no-crop","single_post_gallery_size":"crop-500"}],"trending_post":"0","trending_post_position":"meta","trending_post_label":"Trending","sponsored_post":"0","sponsored_post_label":"Sponsored by","sponsored_post_name":"","sponsored_post_url":"","sponsored_post_logo_enable":"0","sponsored_post_logo":"","sponsored_post_desc":"","disable_ad":"0"},"jnews_primary_category":{"id":"","hide":""},"jnews_social_meta":{"fb_title":"","fb_description":"","fb_image":"","twitter_title":"","twitter_description":"","twitter_image":""},"jnews_override_counter":{"override_view_counter":"0","view_counter_number":"0","override_share_counter":"0","share_counter_number":"0","override_like_counter":"0","like_counter_number":"0","override_dislike_counter":"0","dislike_counter_number":"0"},"footnotes":""},"categories":[35],"tags":[],"class_list":["post-37075","post","type-post","status-publish","format-standard","has-post-thumbnail","hentry","category-cabello"],"_links":{"self":[{"href":"https:\/\/www.primor.eu\/blog\/wp-json\/wp\/v2\/posts\/37075","targetHints":{"allow":["GET"]}}],"collection":[{"href":"https:\/\/www.primor.eu\/blog\/wp-json\/wp\/v2\/posts"}],"about":[{"href":"https:\/\/www.primor.eu\/blog\/wp-json\/wp\/v2\/types\/post"}],"author":[{"embeddable":true,"href":"https:\/\/www.primor.eu\/blog\/wp-json\/wp\/v2\/users\/4"}],"replies":[{"embeddable":true,"href":"https:\/\/www.primor.eu\/blog\/wp-json\/wp\/v2\/comments?post=37075"}],"version-history":[{"count":13,"href":"https:\/\/www.primor.eu\/blog\/wp-json\/wp\/v2\/posts\/37075\/revisions"}],"predecessor-version":[{"id":126045,"href":"https:\/\/www.primor.eu\/blog\/wp-json\/wp\/v2\/posts\/37075\/revisions\/126045"}],"wp:featuredmedia":[{"embeddable":true,"href":"https:\/\/www.primor.eu\/blog\/wp-json\/wp\/v2\/media\/102264"}],"wp:attachment":[{"href":"https:\/\/www.primor.eu\/blog\/wp-json\/wp\/v2\/media?parent=37075"}],"wp:term":[{"taxonomy":"category","embeddable":true,"href":"https:\/\/www.primor.eu\/blog\/wp-json\/wp\/v2\/categories?post=37075"},{"taxonomy":"post_tag","embeddable":true,"href":"https:\/\/www.primor.eu\/blog\/wp-json\/wp\/v2\/tags?post=37075"}],"curies":[{"name":"wp","href":"https:\/\/api.w.org\/{rel}","templated":true}]}}