{"id":36631,"date":"2022-05-11T10:00:44","date_gmt":"2023-06-08T15:31:18","guid":{"rendered":"https:\/\/blog.primor.eu\/?p=36631"},"modified":"2025-09-09T16:41:27","modified_gmt":"2025-09-09T16:41:27","slug":"mejores-contornos-de-ojos-antiedad","status":"publish","type":"post","link":"https:\/\/www.primor.eu\/blog\/mejores-contornos-de-ojos-antiedad\/","title":{"rendered":"\u00a1Alerta, mirada! Estos son los mejores contornos de ojos antiedad con los que parecer\u00e1s m\u00e1s joven"},"content":{"rendered":"\n<p><span style=\"font-weight: 400;\">\u00bfSab\u00edas que la piel que recubre nuestro contorno de ojos es tan fina como la de una mariposa? \u00a1Eso es! La piel que rodea nuestra mirada es hasta cinco veces m\u00e1s fina que la del resto del rostro. <\/span><span style=\"font-weight: 400;\">No contiene gl\u00e1ndulas seb\u00e1ceas ni tejido adiposo, por lo que es m\u00e1s vulnerable a los factores externos y tiene una mayor predisposici\u00f3n a que en ella aparezcan con anterioridad los cambios producidos por la edad, la exposici\u00f3n solar o el estr\u00e9s oxidativo. Por tanto, necesita unos productos y tratamientos espec\u00edficos: <\/span><b>los contornos de ojos antiedad.<\/b><\/p>\n\n\n\n<h2 class=\"wp-block-heading\">\u00bfPor qu\u00e9 debo usar un contorno de ojos antiedad?<\/h2>\n\n\n\n<p><span style=\"font-weight: 400;\">Porque la edad no pasa en balde para nadie. Al ser una piel m\u00e1s fina, expuesta y sensible, tu mirada se apaga, se vuelve m\u00e1s fl\u00e1cida, menos el\u00e1stica y en ella aparecen los primeros signos de la edad:<\/span><b> arrugas, patas de gallo, ojeras, bolsas, manchas y l\u00edneas de expresi\u00f3n.<\/b><span style=\"font-weight: 400;\"> Un contorno de ojos te ayuda a combatir esas problem\u00e1ticas.&nbsp;<\/span><\/p>\n\n\n\n<h2 class=\"wp-block-heading\">Tipos de contornos de ojos antiedad<\/h2>\n\n\n\n<ul class=\"wp-block-list\">\n<li><b>Contorno de ojos antimanchas.<\/b><span style=\"font-weight: 400;\"> Este tipo de contornos de ojos combaten de forma eficaz la hiperpigmentaci\u00f3n de la piel, reduciendo el tama\u00f1o de las manchas solares y aquellas producidas por la edad. Tambi\u00e9n previenen su aparici\u00f3n.<\/span><\/li>\n\n\n\n<li><b>Contorno de ojos antiojeras, antibolsas y antifatiga.<\/b><span style=\"font-weight: 400;\"> \u00bfNo has dormido bien? No te preocupes. Este tipo de contorno de ojos contiene activos estimulantes como la cafe\u00edna que descongestiona la mirada, activando la microcirculaci\u00f3n de la piel, eliminando de forma eficaz bolsas, ojeras y los efectos de la fatiga.<\/span><\/li>\n\n\n\n<li><b>Contorno de ojos antiarrugas<\/b>. Perfecto para eliminar las arrugas m\u00e1s profundas, combatir las patas de gallo y tambi\u00e9n las l\u00edneas de expresi\u00f3n. Este tipo de tratamientos fomenta la producci\u00f3n de col\u00e1geno y elastina de la piel.<\/li>\n<\/ul>\n\n\n\n<h2 class=\"wp-block-heading\">\u00bfQu\u00e9 le pasa a mi mirada con la edad?<\/h2>\n\n\n\n<p>A partir de la menopausia, las pieles dejan de producir col\u00e1geno de forma natural. Por lo que pierden elasticidad, firmeza y tienden a envejecer haciendo los signos de la edad m\u00e1s evidentes: cansancio, retenci\u00f3n de l\u00edquidos y las temibles y odiadas arrugas. La experiencia vivida se refleja as\u00ed en cada l\u00ednea de expresi\u00f3n, surco o pligue de nuestra mirada.<\/p>\n\n\n\n<p>Por eso, no podemos conformarnos con un&nbsp;<a href=\"https:\/\/www.primor.eu\/es_es\/cremas-contorno-de-ojos\">contorno de ojos<\/a>&nbsp;cualquiera. Necesitamos uno que est\u00e9 a la altura, que tenga una f\u00f3rmula m\u00e1s concentrada para recuperar la firmeza y elasticidad, y que contenga un combo hidratante y nutritivo que le devuelva la vida a nuestra mirada.<\/p>\n\n\n\n<ul class=\"wp-block-list\">\n<li><b>Truquito extra:<\/b>&nbsp;Si quieres duplicar el efecto de tu contorno de ojos, m\u00e9telo en la nevera cinco minutos antes de aplicarlo. El efecto fr\u00edo reactivar\u00e1 la microcirculaci\u00f3n de la zona de los ojos, ayudando al producto a penetrar mejor en tu dermis.<\/li>\n<\/ul>\n\n\n\n<h2 class=\"wp-block-heading\">Los mejores contornos de ojos antiedad<\/h2>\n\n\n        <product-table class=\"pr-slider\">\r\n            <product-headers class=\"grid-table-rows\">\r\n                <div>Foto<\/div>\r\n                <div>Producto<\/div>\r\n                <div>Marca<\/div>\r\n                <div>Valoraciones<\/div>\r\n                <div>Precio<\/div>\r\n            <\/product-headers>\r\n\r\n            <product-list>\r\n                                    <a href=\"https:\/\/www.primor.eu\/es_es\/strivectin-advanced-retinol-eye-cream-16745.html\" class=\"product-item grid-table-rows\" target=\"_blank\">\r\n                        <div>\r\n                            <img decoding=\"async\" class=\"product-img\" width=\"80px\" height=\"80px\" src=\"https:\/\/cdn2.primor.eu\/media\/catalog\/product\/cache\/8d3aba296f7a18b5251ee30fa5db42b2\/6\/X\/6XS14017_1_d8d8.jpg\" alt=\"Advanced Retinol Eye Cream\">\r\n                        <\/div>\r\n\r\n                        <!-- Contenido de producto  -->\r\n                        <div>\r\n                            <div class=\"product-position\">\r\n                                #1 Top Ventas                            <\/div>\r\n\r\n                            <h2>\r\n                                Advanced Retinol Eye Cream                            <\/h2>\r\n                        <\/div>\r\n\r\n                        <!-- Imagen y\/o nombre de la marca -->\r\n                        <div>\r\n                                                            <img decoding=\"async\" width=\"70\" src=\"https:\/\/www.primor.eu\/media\/catalog\/category\/strivectin.jpg\" alt=\"\">\r\n                                                    <\/div>\r\n\r\n                        <!-- Puntuaci\u00f3n del producto  -->\r\n                        <div class=\"rating\">\r\n                                                            <p>No hay valoraciones disponibles<\/p>\r\n                                                    <\/div>\r\n\r\n                        <!-- Bot\u00f3n de producto  -->\r\n                        <div>\r\n                            <span class=\"price-claim\">\r\n                                VER PRECIO                            <\/span>\r\n                        <\/div>\r\n                    <\/a>\r\n                                    <a href=\"https:\/\/www.primor.eu\/es_es\/elizabeth-arden-contorno-de-ojos-advanced-ceramide-capsulas-14810.html\" class=\"product-item grid-table-rows\" target=\"_blank\">\r\n                        <div>\r\n                            <img decoding=\"async\" class=\"product-img\" width=\"80px\" height=\"80px\" src=\"https:\/\/cdn2.primor.eu\/media\/catalog\/product\/cache\/8d3aba296f7a18b5251ee30fa5db42b2\/0\/T\/0TF13621_1_6f9c.jpg\" alt=\"Contorno de Ojos Advanced Ceramide C\u00e1psulas\">\r\n                        <\/div>\r\n\r\n                        <!-- Contenido de producto  -->\r\n                        <div>\r\n                            <div class=\"product-position\">\r\n                                #2                            <\/div>\r\n\r\n                            <h2>\r\n                                Contorno de Ojos Advanced Ceramide C\u00e1psulas                            <\/h2>\r\n                        <\/div>\r\n\r\n                        <!-- Imagen y\/o nombre de la marca -->\r\n                        <div>\r\n                                                            <img decoding=\"async\" width=\"70\" src=\"https:\/\/www.primor.eu\/media\/catalog\/category\/elizabeth-arden.png\" alt=\"\">\r\n                                                    <\/div>\r\n\r\n                        <!-- Puntuaci\u00f3n del producto  -->\r\n                        <div class=\"rating\">\r\n                                                            <div class=\"rate\" style=\"--p:92;\"><\/div>\r\n                                <b>4.6\/5<\/b>\r\n                                <div class=\"rate-stars\">\r\n                                                                            <div\r\n                                            class=\"rate-star  \">\r\n                                        <\/div>\r\n                                                                            <div\r\n                                            class=\"rate-star  \">\r\n                                        <\/div>\r\n                                                                            <div\r\n                                            class=\"rate-star  \">\r\n                                        <\/div>\r\n                                                                            <div\r\n                                            class=\"rate-star  \">\r\n                                        <\/div>\r\n                                                                            <div\r\n                                            class=\"rate-star  \">\r\n                                        <\/div>\r\n                                                                    <\/div>\r\n                                                    <\/div>\r\n\r\n                        <!-- Bot\u00f3n de producto  -->\r\n                        <div>\r\n                            <span class=\"price-claim\">\r\n                                VER PRECIO                            <\/span>\r\n                        <\/div>\r\n                    <\/a>\r\n                                    <a href=\"https:\/\/www.primor.eu\/es_es\/estee-lauder-advanced-night-repair-eye-concentrate-matrix-16960.html\" class=\"product-item grid-table-rows\" target=\"_blank\">\r\n                        <div>\r\n                            <img decoding=\"async\" class=\"product-img\" width=\"80px\" height=\"80px\" src=\"https:\/\/cdn2.primor.eu\/media\/catalog\/product\/cache\/8d3aba296f7a18b5251ee30fa5db42b2\/0\/T\/0TF20974_1_fd03.jpg\" alt=\"Contorno de Ojos Advanced Night Repair Eye Concentrate Matrix\">\r\n                        <\/div>\r\n\r\n                        <!-- Contenido de producto  -->\r\n                        <div>\r\n                            <div class=\"product-position\">\r\n                                #3                            <\/div>\r\n\r\n                            <h2>\r\n                                Contorno de Ojos Advanced Night Repair Eye Concentrate Matrix                            <\/h2>\r\n                        <\/div>\r\n\r\n                        <!-- Imagen y\/o nombre de la marca -->\r\n                        <div>\r\n                                                            <img decoding=\"async\" width=\"70\" src=\"https:\/\/www.primor.eu\/media\/catalog\/category\/Estee_Lauder.png\" alt=\"\">\r\n                                                    <\/div>\r\n\r\n                        <!-- Puntuaci\u00f3n del producto  -->\r\n                        <div class=\"rating\">\r\n                                                            <div class=\"rate\" style=\"--p:98;\"><\/div>\r\n                                <b>4.9\/5<\/b>\r\n                                <div class=\"rate-stars\">\r\n                                                                            <div\r\n                                            class=\"rate-star  \">\r\n                                        <\/div>\r\n                                                                            <div\r\n                                            class=\"rate-star  \">\r\n                                        <\/div>\r\n                                                                            <div\r\n                                            class=\"rate-star  \">\r\n                                        <\/div>\r\n                                                                            <div\r\n                                            class=\"rate-star  \">\r\n                                        <\/div>\r\n                                                                            <div\r\n                                            class=\"rate-star  \">\r\n                                        <\/div>\r\n                                                                    <\/div>\r\n                                                    <\/div>\r\n\r\n                        <!-- Bot\u00f3n de producto  -->\r\n                        <div>\r\n                            <span class=\"price-claim\">\r\n                                VER PRECIO                            <\/span>\r\n                        <\/div>\r\n                    <\/a>\r\n                                    <a href=\"https:\/\/www.primor.eu\/es_es\/clarins-contorno-de-ojos-double-serum-16968.html\" class=\"product-item grid-table-rows\" target=\"_blank\">\r\n                        <div>\r\n                            <img decoding=\"async\" class=\"product-img\" width=\"80px\" height=\"80px\" src=\"https:\/\/cdn2.primor.eu\/media\/catalog\/product\/cache\/8d3aba296f7a18b5251ee30fa5db42b2\/0\/T\/0TF20410_1_1ee0.jpg\" alt=\"Contorno de Ojos Double Serum\">\r\n                        <\/div>\r\n\r\n                        <!-- Contenido de producto  -->\r\n                        <div>\r\n                            <div class=\"product-position\">\r\n                                #4                            <\/div>\r\n\r\n                            <h2>\r\n                                Contorno de Ojos Double Serum                            <\/h2>\r\n                        <\/div>\r\n\r\n                        <!-- Imagen y\/o nombre de la marca -->\r\n                        <div>\r\n                                                            <img decoding=\"async\" width=\"70\" src=\"https:\/\/www.primor.eu\/media\/catalog\/category\/clarins.png\" alt=\"\">\r\n                                                    <\/div>\r\n\r\n                        <!-- Puntuaci\u00f3n del producto  -->\r\n                        <div class=\"rating\">\r\n                                                            <div class=\"rate\" style=\"--p:96;\"><\/div>\r\n                                <b>4.8\/5<\/b>\r\n                                <div class=\"rate-stars\">\r\n                                                                            <div\r\n                                            class=\"rate-star  \">\r\n                                        <\/div>\r\n                                                                            <div\r\n                                            class=\"rate-star  \">\r\n                                        <\/div>\r\n                                                                            <div\r\n                                            class=\"rate-star  \">\r\n                                        <\/div>\r\n                                                                            <div\r\n                                            class=\"rate-star  \">\r\n                                        <\/div>\r\n                                                                            <div\r\n                                            class=\"rate-star  \">\r\n                                        <\/div>\r\n                                                                    <\/div>\r\n                                                    <\/div>\r\n\r\n                        <!-- Bot\u00f3n de producto  -->\r\n                        <div>\r\n                            <span class=\"price-claim\">\r\n                                VER PRECIO                            <\/span>\r\n                        <\/div>\r\n                    <\/a>\r\n                                    <a href=\"https:\/\/www.primor.eu\/es_es\/the-ordinary-argireline-solution-10-14765.html\" class=\"product-item grid-table-rows\" target=\"_blank\">\r\n                        <div>\r\n                            <img decoding=\"async\" class=\"product-img\" width=\"80px\" height=\"80px\" src=\"https:\/\/cdn2.primor.eu\/media\/catalog\/product\/cache\/8d3aba296f7a18b5251ee30fa5db42b2\/6\/X\/6XS08965_1_cb66.jpg\" alt=\"Argireline Solution 10%\">\r\n                        <\/div>\r\n\r\n                        <!-- Contenido de producto  -->\r\n                        <div>\r\n                            <div class=\"product-position\">\r\n                                #5                            <\/div>\r\n\r\n                            <h2>\r\n                                Argireline Solution 10%                            <\/h2>\r\n                        <\/div>\r\n\r\n                        <!-- Imagen y\/o nombre de la marca -->\r\n                        <div>\r\n                                                            <img decoding=\"async\" width=\"70\" src=\"https:\/\/www.primor.eu\/media\/catalog\/category\/The_Ordinary.png\" alt=\"\">\r\n                                                    <\/div>\r\n\r\n                        <!-- Puntuaci\u00f3n del producto  -->\r\n                        <div class=\"rating\">\r\n                                                            <div class=\"rate\" style=\"--p:92;\"><\/div>\r\n                                <b>4.6\/5<\/b>\r\n                                <div class=\"rate-stars\">\r\n                                                                            <div\r\n                                            class=\"rate-star  \">\r\n                                        <\/div>\r\n                                                                            <div\r\n                                            class=\"rate-star  \">\r\n                                        <\/div>\r\n                                                                            <div\r\n                                            class=\"rate-star  \">\r\n                                        <\/div>\r\n                                                                            <div\r\n                                            class=\"rate-star  \">\r\n                                        <\/div>\r\n                                                                            <div\r\n                                            class=\"rate-star  \">\r\n                                        <\/div>\r\n                                                                    <\/div>\r\n                                                    <\/div>\r\n\r\n                        <!-- Bot\u00f3n de producto  -->\r\n                        <div>\r\n                            <span class=\"price-claim\">\r\n                                VER PRECIO                            <\/span>\r\n                        <\/div>\r\n                    <\/a>\r\n                            <\/product-list>\r\n        <\/product-table>\r\n\r\n        \n\n\n\n<h3 class=\"wp-block-heading\">Advanced Retinol Eye Cream de Strivectin<\/h3>\n\n\n\n<p>Es una crema suave y ligera para el <a href=\"https:\/\/www.primor.eu\/1101-contorno-de-ojos\">contorno de ojos<\/a> que minimiza el aspecto de las l\u00edneas de expresi\u00f3n y las patas de gallo al tiempo que reafirma y fortalece la piel alrededor del contorno de ojos gracias a su f\u00f3rmula innovadora con retinol. Su uso continuado fomenta un aspecto fresco y rejuvenecido.<\/p>\n\n\n    <a class='product' target='_blank' href='https:\/\/www.primor.eu\/es_es\/strivectin-advanced-retinol-eye-cream-16745.html'>\r\n        <img loading='async' src='https:\/\/cdn2.primor.eu\/media\/catalog\/product\/cache\/8d3aba296f7a18b5251ee30fa5db42b2\/6\/X\/6XS14017_1_d8d8.jpg' alt='COMPRAR AHORA'>\r\n            <div class=\"claim\">\r\n                COMPRAR AHORA            <\/div>\r\n        <\/a>\r\n    \n\n\n\n<h3 class=\"wp-block-heading\">&nbsp;Contorno de Ojos Advanced Ceramide C\u00e1psulas de Elizabeth Arden<\/h3>\n\n\n\n<p>Con ceramidas aut\u00e9nticas, creadas a semejanza de las de la propia piel, que potencian la primera l\u00ednea de defensa de la piel en contra de las agresiones externas y el paso del tiempo.<\/p>\n\n\n    <a class='product' target='_blank' href='https:\/\/www.primor.eu\/es_es\/elizabeth-arden-contorno-de-ojos-advanced-ceramide-capsulas-14810.html'>\r\n        <img loading='async' src='https:\/\/cdn2.primor.eu\/media\/catalog\/product\/cache\/8d3aba296f7a18b5251ee30fa5db42b2\/0\/T\/0TF13621_1_6f9c.jpg' alt='COMPRAR AHORA'>\r\n            <div class=\"claim\">\r\n                COMPRAR AHORA            <\/div>\r\n        <\/a>\r\n    \n\n\n\n<h3 class=\"wp-block-heading\">Contorno de Ojos Advanced Night Repair Eye Concentrate Matrix de Est\u00e8e Lauder<\/h3>\n\n\n\n<p>Requiere solo tres semanas para mostrar resultados sorprendentes. A partir de la tercera semana, las l\u00edneas de expresi\u00f3n disminuyen, la piel se siente m\u00e1s firme y las ojeras desaparecen, todo gracias a la avanzada tecnolog\u00eda Chronolux\u2122 Power Signal. Esta tecnolog\u00eda potencia la capacidad de tu piel para repararse, estimula la regeneraci\u00f3n celular y aumenta la producci\u00f3n de col\u00e1geno, dejando tu cutis radiante y rejuvenecido.<\/p>\n\n\n    <a class='product' target='_blank' href='https:\/\/www.primor.eu\/es_es\/estee-lauder-advanced-night-repair-eye-concentrate-matrix-16960.html'>\r\n        <img loading='async' src='https:\/\/cdn2.primor.eu\/media\/catalog\/product\/cache\/8d3aba296f7a18b5251ee30fa5db42b2\/0\/T\/0TF20974_1_fd03.jpg' alt='COMPRAR AHORA'>\r\n            <div class=\"claim\">\r\n                COMPRAR AHORA            <\/div>\r\n        <\/a>\r\n    \n\n\n\n<h3 class=\"wp-block-heading\">Contorno de Ojos Double Serum de Clarins<\/h3>\n\n\n\n<p>Contorno de Ojos de doble eficacia antiedad que Clarins tiene para ti. Esta innovadora f\u00f3rmula dual (h\u00eddrica + hidrolip\u00eddica) est\u00e1 compuesta en un 96% de ingredientes de origen natural, lo que la convierte en una elecci\u00f3n excepcional para el cuidado de tu contorno de ojos.<\/p>\n\n\n    <a class='product' target='_blank' href='https:\/\/www.primor.eu\/es_es\/clarins-contorno-de-ojos-double-serum-16968.html'>\r\n        <img loading='async' src='https:\/\/cdn2.primor.eu\/media\/catalog\/product\/cache\/8d3aba296f7a18b5251ee30fa5db42b2\/0\/T\/0TF20410_1_1ee0.jpg' alt='COMPRAR AHORA'>\r\n            <div class=\"claim\">\r\n                COMPRAR AHORA            <\/div>\r\n        <\/a>\r\n    \n\n\n\n<h3 class=\"wp-block-heading\">Argireline Solution 10% de The Ordinary<\/h3>\n\n\n\n<p>Los estudios controlados han revelado que Argireline\u00ae es altamente efectivo para mejorar la apariencia de las \u00e1reas propensas a desarrollar pliegues din\u00e1micos, como las zonas alrededor de los ojos y la frente. Este producto est\u00e1 dise\u00f1ado para ayudar a reducir la aparici\u00f3n de l\u00edneas finas y arrugas, proporcionando a tu piel un aspecto m\u00e1s suave y joven.<\/p>\n\n\n    <a class='product' target='_blank' href='https:\/\/www.primor.eu\/es_es\/the-ordinary-argireline-solution-10-14765.html'>\r\n        <img loading='async' src='https:\/\/cdn2.primor.eu\/media\/catalog\/product\/cache\/8d3aba296f7a18b5251ee30fa5db42b2\/6\/X\/6XS08965_1_cb66.jpg' alt='COMPRAR AHORA'>\r\n            <div class=\"claim\">\r\n                COMPRAR AHORA            <\/div>\r\n        <\/a>\r\n    \n\n\n\n<h3 class=\"wp-block-heading\">Contorno de Ojos de Olay<\/h3>\n\n\n\n<p>Contiene Vitamina B3, Vitamina C y P\u00e9ptidos para que tu piel luzca visiblemente m\u00e1s luminosa. Es ligera, no contiene perfume, su composici\u00f3n se funde con la piel y no obstruye los poros. Te regala una hidrataci\u00f3n intensiva durante 24 horas.<\/p>\n\n\n    <a class='product' target='_blank' href='https:\/\/www.primor.eu\/es_es\/olay-contorno-de-ojos-eyes-ultimate-14735.html'>\r\n        <img loading='async' src='https:\/\/cdn2.primor.eu\/media\/catalog\/product\/cache\/8d3aba296f7a18b5251ee30fa5db42b2\/0\/T\/0TF13078_1_a9e5.jpg' alt='COMPRAR AHORA'>\r\n            <div class=\"claim\">\r\n                COMPRAR AHORA            <\/div>\r\n        <\/a>\r\n    \n\n\n\n<h3 class=\"wp-block-heading\">Cellular Expert Filler Contorno de Ojos y Labios de Nivea<\/h3>\n\n\n\n<p>El \u00c1cido F\u00f3lico infunde nueva vitalidad a las c\u00e9lulas de la piel, participando activamente en la reparaci\u00f3n de sus fibras, promoviendo as\u00ed una piel m\u00e1s firme y rellena. La combinaci\u00f3n experta de Micro y Macro \u00c1cido Hialur\u00f3nico, reconocidos por su capacidad antiedad, trabaja de manera eficaz para rellenar las arrugas, alisar la piel e hidratar intensamente.<\/p>\n\n\n    <a class='product' target='_blank' href='https:\/\/www.primor.eu\/es_es\/nivea-cellular-expert-filler-contorno-de-ojos-y-labios-60752.html'>\r\n        <img loading='async' src='https:\/\/cdn2.primor.eu\/media\/catalog\/product\/cache\/8d3aba296f7a18b5251ee30fa5db42b2\/4\/0\/4005900966322_6221.jpg' alt='COMPRAR AHORA'>\r\n            <div class=\"claim\">\r\n                COMPRAR AHORA            <\/div>\r\n        <\/a>\r\n    \n\n\n<div class=\"kk-star-ratings kksr-auto kksr-align-center kksr-valign-bottom\"\n    data-payload='{&quot;align&quot;:&quot;center&quot;,&quot;id&quot;:&quot;36631&quot;,&quot;slug&quot;:&quot;default&quot;,&quot;valign&quot;:&quot;bottom&quot;,&quot;ignore&quot;:&quot;&quot;,&quot;reference&quot;:&quot;auto&quot;,&quot;class&quot;:&quot;&quot;,&quot;count&quot;:&quot;0&quot;,&quot;legendonly&quot;:&quot;&quot;,&quot;readonly&quot;:&quot;&quot;,&quot;score&quot;:&quot;0&quot;,&quot;starsonly&quot;:&quot;&quot;,&quot;best&quot;:&quot;5&quot;,&quot;gap&quot;:&quot;5&quot;,&quot;greet&quot;:&quot;Valora este art\u00edculo&quot;,&quot;legend&quot;:&quot;0\\\/5 - (0 votos)&quot;,&quot;size&quot;:&quot;24&quot;,&quot;title&quot;:&quot;\u00a1Alerta, mirada! Estos son los mejores contornos de ojos antiedad con los que parecer\u00e1s m\u00e1s joven&quot;,&quot;width&quot;:&quot;0&quot;,&quot;_legend&quot;:&quot;{score}\\\/{best} - ({count} {votes})&quot;,&quot;font_factor&quot;:&quot;1.25&quot;}'>\n            \n<div class=\"kksr-stars\">\n    \n<div class=\"kksr-stars-inactive\">\n            <div class=\"kksr-star\" data-star=\"1\" style=\"padding-right: 5px\">\n            \n\n<div class=\"kksr-icon\" style=\"width: 24px; height: 24px;\"><\/div>\n        <\/div>\n            <div class=\"kksr-star\" data-star=\"2\" style=\"padding-right: 5px\">\n            \n\n<div class=\"kksr-icon\" style=\"width: 24px; height: 24px;\"><\/div>\n        <\/div>\n            <div class=\"kksr-star\" data-star=\"3\" style=\"padding-right: 5px\">\n            \n\n<div class=\"kksr-icon\" style=\"width: 24px; height: 24px;\"><\/div>\n        <\/div>\n            <div class=\"kksr-star\" data-star=\"4\" style=\"padding-right: 5px\">\n            \n\n<div class=\"kksr-icon\" style=\"width: 24px; height: 24px;\"><\/div>\n        <\/div>\n            <div class=\"kksr-star\" data-star=\"5\" style=\"padding-right: 5px\">\n            \n\n<div class=\"kksr-icon\" style=\"width: 24px; height: 24px;\"><\/div>\n        <\/div>\n    <\/div>\n    \n<div class=\"kksr-stars-active\" style=\"width: 0px;\">\n            <div class=\"kksr-star\" style=\"padding-right: 5px\">\n            \n\n<div class=\"kksr-icon\" style=\"width: 24px; height: 24px;\"><\/div>\n        <\/div>\n            <div class=\"kksr-star\" style=\"padding-right: 5px\">\n            \n\n<div class=\"kksr-icon\" style=\"width: 24px; height: 24px;\"><\/div>\n        <\/div>\n            <div class=\"kksr-star\" style=\"padding-right: 5px\">\n            \n\n<div class=\"kksr-icon\" style=\"width: 24px; height: 24px;\"><\/div>\n        <\/div>\n            <div class=\"kksr-star\" style=\"padding-right: 5px\">\n            \n\n<div class=\"kksr-icon\" style=\"width: 24px; height: 24px;\"><\/div>\n        <\/div>\n            <div class=\"kksr-star\" style=\"padding-right: 5px\">\n            \n\n<div class=\"kksr-icon\" style=\"width: 24px; height: 24px;\"><\/div>\n        <\/div>\n    <\/div>\n<\/div>\n                \n\n<div class=\"kksr-legend\" style=\"font-size: 19.2px;\">\n            <span class=\"kksr-muted\">Valora este art\u00edculo<\/span>\n    <\/div>\n    <\/div>\n","protected":false},"excerpt":{"rendered":"<p>\u00bfSab\u00edas que la piel que recubre nuestro contorno de ojos es tan fina como la de una mariposa? \u00a1Eso es! La piel que rodea nuestra mirada es hasta cinco veces m\u00e1s fina que la del resto del rostro. No contiene gl\u00e1ndulas seb\u00e1ceas ni tejido adiposo, por lo que es m\u00e1s vulnerable a los factores externos [&hellip;]<\/p>\n","protected":false},"author":4,"featured_media":116777,"comment_status":"open","ping_status":"open","sticky":false,"template":"","format":"standard","meta":{"jnews-multi-image_gallery":[],"jnews_single_post":{"format":"standard"},"jnews_primary_category":[],"jnews_social_meta":[],"jnews_override_counter":[],"footnotes":""},"categories":[29,38],"tags":[],"class_list":["post-36631","post","type-post","status-publish","format-standard","has-post-thumbnail","hentry","category-cosmetica","category-cremas-antiedad"],"_links":{"self":[{"href":"https:\/\/www.primor.eu\/blog\/wp-json\/wp\/v2\/posts\/36631","targetHints":{"allow":["GET"]}}],"collection":[{"href":"https:\/\/www.primor.eu\/blog\/wp-json\/wp\/v2\/posts"}],"about":[{"href":"https:\/\/www.primor.eu\/blog\/wp-json\/wp\/v2\/types\/post"}],"author":[{"embeddable":true,"href":"https:\/\/www.primor.eu\/blog\/wp-json\/wp\/v2\/users\/4"}],"replies":[{"embeddable":true,"href":"https:\/\/www.primor.eu\/blog\/wp-json\/wp\/v2\/comments?post=36631"}],"version-history":[{"count":10,"href":"https:\/\/www.primor.eu\/blog\/wp-json\/wp\/v2\/posts\/36631\/revisions"}],"predecessor-version":[{"id":131778,"href":"https:\/\/www.primor.eu\/blog\/wp-json\/wp\/v2\/posts\/36631\/revisions\/131778"}],"wp:featuredmedia":[{"embeddable":true,"href":"https:\/\/www.primor.eu\/blog\/wp-json\/wp\/v2\/media\/116777"}],"wp:attachment":[{"href":"https:\/\/www.primor.eu\/blog\/wp-json\/wp\/v2\/media?parent=36631"}],"wp:term":[{"taxonomy":"category","embeddable":true,"href":"https:\/\/www.primor.eu\/blog\/wp-json\/wp\/v2\/categories?post=36631"},{"taxonomy":"post_tag","embeddable":true,"href":"https:\/\/www.primor.eu\/blog\/wp-json\/wp\/v2\/tags?post=36631"}],"curies":[{"name":"wp","href":"https:\/\/api.w.org\/{rel}","templated":true}]}}