{"id":36614,"date":"2022-05-03T12:15:52","date_gmt":"2022-05-03T10:15:52","guid":{"rendered":"https:\/\/blog.primor.eu\/?p=36614"},"modified":"2025-12-15T11:42:11","modified_gmt":"2025-12-15T11:42:11","slug":"parpado-caido-maquillaje","status":"publish","type":"post","link":"https:\/\/www.primor.eu\/blog\/parpado-caido-maquillaje\/","title":{"rendered":"Cut crease, la t\u00e9cnica de maquillaje que levanta el p\u00e1rpado ca\u00eddo"},"content":{"rendered":"<p class=\"voc-paragraph\">El\u00a0<strong>p\u00e1rpado ca\u00eddo es\u00a0<\/strong>uno de los problemas m\u00e1s comunes entre las mujeres debido a que es, junto a las patas de gallo o las bolsas, una de las consecuencias m\u00e1s visibles del paso del tiempo en nuestro rostro. La p\u00e9rdida de firmeza en esta zona de la cara provoca que\u00a0<strong>nuestra mirada parezca mucho m\u00e1s triste y apagada<\/strong>, sin embargo, <a href=\"https:\/\/www.primor.eu\/blog\/maquillaje-antiaging\/\">existen un sinf\u00edn de trucos<\/a> con los que corregir (o al menos disimular) esta afecci\u00f3n.<\/p>\n<p class=\"voc-paragraph\">Los ojos con\u00a0<strong>p\u00e1rpados ca\u00eddos, encapotados o encapuchados<\/strong> son aquellos que tienen un exceso de piel en el p\u00e1rpado superior que a veces oculta el p\u00e1rpado m\u00f3vil. Y tener este tipo de ojos puede limitar ciertos maquillajes, sin embargo, siempre que sepamos elegir qu\u00e9 es lo que nos queda bien y lo que m\u00e1s nos favorece, no es incompatible con lucir looks que realcen nuestra mirada. Y eso se consigue con la t\u00e9cnica<strong> cut crease.<\/strong><\/p>\n<p>Hay muchos trucos de maquillaje\u00a0que funcionan a la hora de conseguir que unos ojos ca\u00eddos se transformen. No solo\u00a0<strong>influyen los p\u00e1rpados<\/strong> a la hora de hacer el efecto de \"levantarlos\", tambi\u00e9n tus pesta\u00f1as para abrir m\u00e1s la mirada, dar luz en la zona del lagrimal para conseguir esos\u00a0<strong>ojos m\u00e1s despiertos<\/strong>\u00a0con un golpe de efecto...<\/p>\n<h2>Tendencia: maquillaje de ojos cut crease<\/h2>\n<p class=\"voc-paragraph\">Se trata de un tipo de maquillaje que, como indica su nombre, tiene el objetivo de cortar el p\u00e1rpado para\u00a0<strong>conseguir el efecto \u00f3ptico de un p\u00e1rpado falso<\/strong>. Para conseguirlo, lo que hay que hacer es\u00a0<strong>marcar con un tono oscuro<\/strong>\u00a0el pliegue o la arruga que divide esta zona del ojo. Se trata de una franja que recorrer\u00e1 el ojo de un lado a otro y que habr\u00e1 que\u00a0<strong>difuminar con un pincel<\/strong>. La zona central del p\u00e1rpado seguir\u00e1 quedando libre para aplicar una sombra m\u00e1s clara y conseguir ese efecto favorecedor del que hablamos.<\/p>\n<p>Adem\u00e1s, en este tipo de maquillaje, es importante tener en cuenta la iluminaci\u00f3n que hay debajo de la ceja, ya que, el contraste obtenido con el tono oscuro dar\u00e1 sentido al corte del pliegue que hemos simulado con una sombra oscura. Escoge una sombra oscura con un tono como el\u00a0<strong>marr\u00f3n, el gris o el negro<\/strong>, aplica una sombra debajo m\u00e1s clara y no te olvides de marcar el delineado con\u00a0<strong>un buen eyeliner y una potente m\u00e1scara de pesta\u00f1as.<\/strong><\/p>\n<p>Te contamos <strong>c\u00f3mo maquillarlos<\/strong>\u00a0con los mejores\u00a0trucos para hacerlo bien.<\/p>\n<h3 style=\"text-align: center;\">Paleta de sombras de Magic Studio<\/h3>\n<figure id=\"attachment_36615\" aria-describedby=\"caption-attachment-36615\" style=\"width: 300px\" class=\"wp-caption aligncenter\"><img decoding=\"async\" class=\"wp-image-36615 size-full\" src=\"\/wp-content\/uploads\/2022\/05\/Paleta-1.jpg\" alt=\"\" width=\"300\" height=\"300\" \/><figcaption id=\"caption-attachment-36615\" class=\"wp-caption-text\"><a href=\"https:\/\/www.primor.eu\/es_es\/idc-paleta-de-sombras-de-ojos-y-bronceadores-35906.html\">Paleta de Sombras de Ojos y Bronceadores de Magic Studio (2,99\u20ac)<\/a><\/figcaption><\/figure>\n<p class=\"p1\"><span class=\"s1\">En este maquillaje las sombras son clave. <\/span><span class=\"s2\">El color de sombra m\u00e1s luminoso lo aplicamos siempre en el p\u00e1rpado m\u00f3vil y luego creamos una falsa cuenca en un tono m\u00e1s mate para que quede natural y aporte dimensi\u00f3n al p\u00e1rpado. Difuminan las sombras oscuras y mates\u00a0desde la mitad del ojo hacia afuera y de forma ascendente. Esta paleta de sombras de <strong>Magic Studio<\/strong> cuenta con bronceador, colorete, iluminador y sombra de ojos, todo en uno.<\/span><\/p>\n<h3 style=\"text-align: center;\">Paleta de bronceadores de Essence<\/h3>\n<figure id=\"attachment_36618\" aria-describedby=\"caption-attachment-36618\" style=\"width: 300px\" class=\"wp-caption aligncenter\"><img decoding=\"async\" class=\"wp-image-36618 size-full\" src=\"\/wp-content\/uploads\/2022\/05\/Paleta-2.jpg\" alt=\"\" width=\"300\" height=\"300\" \/><figcaption id=\"caption-attachment-36618\" class=\"wp-caption-text\"><a href=\"https:\/\/www.primor.eu\/es_es\/essence-bronze-your-way-paleta-bronceadora-41858.html\">Bronze Your Way Paleta Bronceadora de Essence (6,24\u20ac)<\/a><\/figcaption><\/figure>\n<p class=\"p1\"><span class=\"s1\">Los tonos de esta\u00a0paleta bronceadora de <strong>Essence<\/strong>\u00a0definen el rostro proporcion\u00e1ndole un brillo c\u00e1lido. Los tonos de los bronceadores se pueden mezclar y combinar con los tonos del iluminador para crear un look \u00fanico.<\/span><\/p>\n<h3 style=\"text-align: center;\">Kit de iluminadores y bronceadores de Revolution<\/h3>\n<figure id=\"attachment_36620\" aria-describedby=\"caption-attachment-36620\" style=\"width: 300px\" class=\"wp-caption aligncenter\"><img decoding=\"async\" class=\"wp-image-36620 size-full\" src=\"\/wp-content\/uploads\/2022\/05\/Paleta-3.jpg\" alt=\"\" width=\"300\" height=\"300\" \/><figcaption id=\"caption-attachment-36620\" class=\"wp-caption-text\"><a href=\"https:\/\/www.primor.eu\/es_es\/revolution-paleta-cheek-kit-de-iluminadores-y-bronceadores-46346.html\">Paleta Cheek Kit de Iluminadores y Bronceadores de Revolution (2,99\u20ac)<\/a><\/figcaption><\/figure>\n<p class=\"p1\"><span class=\"s1\">Los tonos de esta paleta de iluminadores y bronceadores de <strong>Revolution<\/strong> son muy pigmentados. Podr\u00e1s usarlos individualmente para definir, resaltar y delinear los p\u00f3mulos, o tambi\u00e9n como iluminador, para darle m\u00e1s luz a tu rostro. Igualmente se pueden aplicar como sombra de ojos.<\/span><\/p>\n<h3 style=\"text-align: center;\">Eyeliner waterproof de NYX<\/h3>\n<figure id=\"attachment_36622\" aria-describedby=\"caption-attachment-36622\" style=\"width: 300px\" class=\"wp-caption aligncenter\"><img decoding=\"async\" class=\"wp-image-36622 size-full\" src=\"\/wp-content\/uploads\/2022\/05\/Eyeliner-1.jpg\" alt=\"\" width=\"300\" height=\"300\" \/><figcaption id=\"caption-attachment-36622\" class=\"wp-caption-text\"><a href=\"https:\/\/www.primor.eu\/es_es\/flormar-dipliner-eyeliner-vinyl-waterproof-37318.html\">NYX Professional Makeup Eyeliner Waterproof Epic Ink Liner (7,90\u20ac)<\/a><\/figcaption><\/figure>\n<p class=\"p1\"><span class=\"s1\">Uno de los secretos de maquillaje que mejor funciona para levantar unos ojos ca\u00eddos es sin duda, el\u00a0<span class=\"s2\">eyeliner<\/span>. Pero no trazado de cualquier forma. Debes dibujar\u00a0el eyeliner\u00a0<\/span><span class=\"s3\">desde la mitad del ojo hacia afuera<\/span><span class=\"s1\"> e ir engrosando poco a poco el trazo hasta el final de este y el rabillo debe ser corto y bien inclinado hacia arriba. Te recomendamos el <\/span><span class=\"s1\">Epic Ink Liner de <strong>NYX<\/strong>, <\/span><span class=\"s1\">un eyeliner de ojos ultrapigmentado y resistente al agua que te ayuda a conseguir un\u00a0delineado perfecto\u00a0sin esfuerzo.<\/span><\/p>\n<h3 class=\"p1\" style=\"text-align: center;\"><span class=\"s1\">Eyeliner de Catrice<\/span><\/h3>\n<figure id=\"attachment_36624\" aria-describedby=\"caption-attachment-36624\" style=\"width: 300px\" class=\"wp-caption aligncenter\"><img decoding=\"async\" class=\"wp-image-36624 size-full\" src=\"\/wp-content\/uploads\/2022\/05\/Eyeliner-2.jpg\" alt=\"\" width=\"300\" height=\"300\" \/><figcaption id=\"caption-attachment-36624\" class=\"wp-caption-text\"><a href=\"https:\/\/www.primor.eu\/es_es\/catrice-it-s-easy-delineador-36508.html\">It's Easy Delineador de Catrice (2,34\u20ac)<\/a><\/figcaption><\/figure>\n<p class=\"p1\"><span class=\"s1\">El delineador It\u2019s Easy de <strong>Catrice<\/strong> es realmente preciso. Este eyeliner crea delineados superfinos en un tono negro intenso y de larga duraci\u00f3n.<\/span><\/p>\n<h3 style=\"text-align: center;\">M\u00e1scara de pesta\u00f1as de Maybelline<\/h3>\n<figure id=\"attachment_36626\" aria-describedby=\"caption-attachment-36626\" style=\"width: 300px\" class=\"wp-caption aligncenter\"><img decoding=\"async\" class=\"wp-image-36626 size-full\" src=\"\/wp-content\/uploads\/2022\/05\/Mascara-2.jpg\" alt=\"\" width=\"300\" height=\"300\" \/><figcaption id=\"caption-attachment-36626\" class=\"wp-caption-text\"><a href=\"https:\/\/www.primor.eu\/es_es\/maybelline-new-york-the-falsies-instant-lash-lift-look-mascara-de-pesta-as-28715.html\">M\u00e1scara de Pesta\u00f1as The Falsies Lash Lift de Maybelline (5,88\u20ac)<\/a><\/figcaption><\/figure>\n<p class=\"p1\"><span class=\"s1\">Est\u00e1 claro que sumar m\u00e1scara de pesta\u00f1as a cualquier tipo de ojo\u00a0va a servir para abrir la mirada. Escogemos una m\u00e1scara que nos ayude a definirlas pero sin apelmazar.\u00a0<\/span><span class=\"s1\">La m\u00e1scara The Falsies Lash Lift de <strong>Maybelline<\/strong> tiene un cepillo con doble curvatura que voluminiza y curva la pesta\u00f1as proporcionando un incre\u00edble efecto lifting. Aporta volumen, longitud y curvatura, triple beneficio en una sola pasada.<\/span><\/p>\n\n\n<div class=\"kk-star-ratings kksr-auto kksr-align-center kksr-valign-bottom\"\n    data-payload='{&quot;align&quot;:&quot;center&quot;,&quot;id&quot;:&quot;36614&quot;,&quot;slug&quot;:&quot;default&quot;,&quot;valign&quot;:&quot;bottom&quot;,&quot;ignore&quot;:&quot;&quot;,&quot;reference&quot;:&quot;auto&quot;,&quot;class&quot;:&quot;&quot;,&quot;count&quot;:&quot;0&quot;,&quot;legendonly&quot;:&quot;&quot;,&quot;readonly&quot;:&quot;&quot;,&quot;score&quot;:&quot;0&quot;,&quot;starsonly&quot;:&quot;&quot;,&quot;best&quot;:&quot;5&quot;,&quot;gap&quot;:&quot;5&quot;,&quot;greet&quot;:&quot;Valora este art\u00edculo&quot;,&quot;legend&quot;:&quot;0\\\/5 - (0 votos)&quot;,&quot;size&quot;:&quot;24&quot;,&quot;title&quot;:&quot;Cut crease, la t\u00e9cnica de maquillaje que levanta el p\u00e1rpado ca\u00eddo&quot;,&quot;width&quot;:&quot;0&quot;,&quot;_legend&quot;:&quot;{score}\\\/{best} - ({count} {votes})&quot;,&quot;font_factor&quot;:&quot;1.25&quot;}'>\n            \n<div class=\"kksr-stars\">\n    \n<div class=\"kksr-stars-inactive\">\n            <div class=\"kksr-star\" data-star=\"1\" style=\"padding-right: 5px\">\n            \n\n<div class=\"kksr-icon\" style=\"width: 24px; height: 24px;\"><\/div>\n        <\/div>\n            <div class=\"kksr-star\" data-star=\"2\" style=\"padding-right: 5px\">\n            \n\n<div class=\"kksr-icon\" style=\"width: 24px; height: 24px;\"><\/div>\n        <\/div>\n            <div class=\"kksr-star\" data-star=\"3\" style=\"padding-right: 5px\">\n            \n\n<div class=\"kksr-icon\" style=\"width: 24px; height: 24px;\"><\/div>\n        <\/div>\n            <div class=\"kksr-star\" data-star=\"4\" style=\"padding-right: 5px\">\n            \n\n<div class=\"kksr-icon\" style=\"width: 24px; height: 24px;\"><\/div>\n        <\/div>\n            <div class=\"kksr-star\" data-star=\"5\" style=\"padding-right: 5px\">\n            \n\n<div class=\"kksr-icon\" style=\"width: 24px; height: 24px;\"><\/div>\n        <\/div>\n    <\/div>\n    \n<div class=\"kksr-stars-active\" style=\"width: 0px;\">\n            <div class=\"kksr-star\" style=\"padding-right: 5px\">\n            \n\n<div class=\"kksr-icon\" style=\"width: 24px; height: 24px;\"><\/div>\n        <\/div>\n            <div class=\"kksr-star\" style=\"padding-right: 5px\">\n            \n\n<div class=\"kksr-icon\" style=\"width: 24px; height: 24px;\"><\/div>\n        <\/div>\n            <div class=\"kksr-star\" style=\"padding-right: 5px\">\n            \n\n<div class=\"kksr-icon\" style=\"width: 24px; height: 24px;\"><\/div>\n        <\/div>\n            <div class=\"kksr-star\" style=\"padding-right: 5px\">\n            \n\n<div class=\"kksr-icon\" style=\"width: 24px; height: 24px;\"><\/div>\n        <\/div>\n            <div class=\"kksr-star\" style=\"padding-right: 5px\">\n            \n\n<div class=\"kksr-icon\" style=\"width: 24px; height: 24px;\"><\/div>\n        <\/div>\n    <\/div>\n<\/div>\n                \n\n<div class=\"kksr-legend\" style=\"font-size: 19.2px;\">\n            <span class=\"kksr-muted\">Valora este art\u00edculo<\/span>\n    <\/div>\n    <\/div>\n","protected":false},"excerpt":{"rendered":"<p>El\u00a0p\u00e1rpado ca\u00eddo es\u00a0uno de los problemas m\u00e1s comunes entre las mujeres debido a que es, junto a las patas de gallo o las bolsas, una de las consecuencias m\u00e1s visibles del paso del tiempo en nuestro rostro. La p\u00e9rdida de firmeza en esta zona de la cara provoca que\u00a0nuestra mirada parezca mucho m\u00e1s triste y [&hellip;]<\/p>\n","protected":false},"author":4,"featured_media":136201,"comment_status":"open","ping_status":"open","sticky":false,"template":"","format":"standard","meta":{"jnews-multi-image_gallery":[],"jnews_single_post":{"subtitle":"","format":"standard","video":"","gallery":"","source_name":"","source_url":"","via_name":"","via_url":"","override_template":"0","override":[{"template":"1","single_blog_custom":"","parallax":"1","fullscreen":"1","layout":"right-sidebar","sidebar":"home-2","second_sidebar":"default-sidebar","sticky_sidebar":"0","share_position":"float","share_float_style":"share-monocrhome","show_share_counter":"0","show_view_counter":"0","show_featured":"1","show_post_meta":"1","show_post_author":"0","show_post_author_image":"1","show_post_date":"1","post_date_format":"default","post_date_format_custom":"Y\/m\/d","show_post_category":"1","show_post_reading_time":"0","post_reading_time_wpm":"300","show_zoom_button":"0","zoom_button_out_step":"2","zoom_button_in_step":"3","show_post_tag":"0","show_prev_next_post":"0","show_popup_post":"0","number_popup_post":"2","show_author_box":"0","show_post_related":"0","show_inline_post_related":"1"}],"override_image_size":"0","image_override":[{"single_post_thumbnail_size":"no-crop","single_post_gallery_size":"crop-500"}],"trending_post":"0","trending_post_position":"meta","trending_post_label":"Trending","sponsored_post":"0","sponsored_post_label":"Sponsored by","sponsored_post_name":"","sponsored_post_url":"","sponsored_post_logo_enable":"0","sponsored_post_logo":"","sponsored_post_desc":"","disable_ad":"0"},"jnews_primary_category":{"id":"","hide":""},"jnews_social_meta":{"fb_title":"","fb_description":"","fb_image":"","twitter_title":"","twitter_description":"","twitter_image":""},"jnews_override_counter":{"override_view_counter":"0","view_counter_number":"0","override_share_counter":"0","share_counter_number":"0","override_like_counter":"0","like_counter_number":"0","override_dislike_counter":"0","dislike_counter_number":"0"},"footnotes":""},"categories":[41],"tags":[],"class_list":["post-36614","post","type-post","status-publish","format-standard","has-post-thumbnail","hentry","category-maquillaje"],"_links":{"self":[{"href":"https:\/\/www.primor.eu\/blog\/wp-json\/wp\/v2\/posts\/36614","targetHints":{"allow":["GET"]}}],"collection":[{"href":"https:\/\/www.primor.eu\/blog\/wp-json\/wp\/v2\/posts"}],"about":[{"href":"https:\/\/www.primor.eu\/blog\/wp-json\/wp\/v2\/types\/post"}],"author":[{"embeddable":true,"href":"https:\/\/www.primor.eu\/blog\/wp-json\/wp\/v2\/users\/4"}],"replies":[{"embeddable":true,"href":"https:\/\/www.primor.eu\/blog\/wp-json\/wp\/v2\/comments?post=36614"}],"version-history":[{"count":6,"href":"https:\/\/www.primor.eu\/blog\/wp-json\/wp\/v2\/posts\/36614\/revisions"}],"predecessor-version":[{"id":105248,"href":"https:\/\/www.primor.eu\/blog\/wp-json\/wp\/v2\/posts\/36614\/revisions\/105248"}],"wp:featuredmedia":[{"embeddable":true,"href":"https:\/\/www.primor.eu\/blog\/wp-json\/wp\/v2\/media\/136201"}],"wp:attachment":[{"href":"https:\/\/www.primor.eu\/blog\/wp-json\/wp\/v2\/media?parent=36614"}],"wp:term":[{"taxonomy":"category","embeddable":true,"href":"https:\/\/www.primor.eu\/blog\/wp-json\/wp\/v2\/categories?post=36614"},{"taxonomy":"post_tag","embeddable":true,"href":"https:\/\/www.primor.eu\/blog\/wp-json\/wp\/v2\/tags?post=36614"}],"curies":[{"name":"wp","href":"https:\/\/api.w.org\/{rel}","templated":true}]}}